{"id":73269,"date":"2025-06-28T12:45:06","date_gmt":"2025-06-28T15:45:06","guid":{"rendered":"https:\/\/noticiasribeiraopreto.com.br\/index.php\/2025\/06\/28\/come-fogo-tera-torcida-unica-mais-uma-vez\/"},"modified":"2025-06-28T12:45:06","modified_gmt":"2025-06-28T15:45:06","slug":"come-fogo-tera-torcida-unica-mais-uma-vez","status":"publish","type":"post","link":"https:\/\/noticiasribeiraopreto.com.br\/index.php\/2025\/06\/28\/come-fogo-tera-torcida-unica-mais-uma-vez\/","title":{"rendered":"Come-Fogo ter\u00e1 torcida \u00fanica mais uma vez"},"content":{"rendered":"<div class='code-block code-block-1' style='margin: 8px 0 8px auto; text-align: right; display: block; clear: both;'>\n<p><a href=\"https:\/\/wa.link\/vpicfd\"><img data-recalc-dims=\"1\" class=\"wp-image-4922\" style=\"aspect-ratio: 2.0253164556962027; width: 561px; height: auto;\" src=\"https:\/\/i0.wp.com\/ismaelcolosi.com.br\/wp-content\/uploads\/2023\/11\/grupo-de-empregos-whatsapp-e-facebook-ismael-colosi-vagas.jpg?ssl=1\" alt=\"\" \/><\/a><\/p>\n<!-- \/wp:image -->\n<\/div>\n<p> <br \/>\n<\/p>\n<div id=\"\">\n<p>\n\t\t\t\t\t\t\t\t\t<span class=\"entry-meta-item penci-posted-on\"><i class=\"fa fa-clock-o\"\/><time class=\"entry-date published updated\" datetime=\"2025-06-28T12:44:45-03:00\">28 de junho de 2025 12:44<\/time><\/span><span class=\"entry-meta-item penci-post-countview\"><span class=\"entry-meta-item penci-post-countview penci_post-meta_item\"><i class=\"fa fa-eye\"\/><span class=\"penci-post-countview-number penci-post-countview-p430030\">1<\/span><\/span><\/span>\t\t\t\t\t\t\t\t<\/p>\n<p><!-- .entry-meta --><br \/>\n\t\t\t\t\t\t\t\t<span class=\"penci-social-buttons penci-social-share-footer\"><span class=\"penci-social-share-text\">Compartilhar<\/span><a href=\"#\" class=\"penci-post-like penci_post-meta_item  single-like-button penci-social-item like\" data-post_id=\"430030\" title=\"Like\" data-like=\"Like\" data-unlike=\"Unlike\"><i class=\"fa fa-thumbs-o-up\"\/><span class=\"penci-share-number\">0<\/span><\/a><i class=\"fa fa-facebook\"\/><a class=\"penci-social-item twitter\" target=\"_blank\" rel=\"noopener\" title=\"\" href=\"https:\/\/twitter.com\/intent\/tweet?text=Come-Fogo%20ter\u00e1%20torcida%20\u00fanica%20mais%20uma%20vez%20-%20https:\/\/www.tribunaribeirao.com.br\/come-fogo-tera-torcida-unica-mais-uma-vez\/\"><i class=\"fa fa-twitter\"\/><\/a><i class=\"fa fa-linkedin\"\/><i class=\"fa fa-whatsapp\"\/><i class=\"fa fa-telegram\"\/><i class=\"fa fa-envelope\"\/><\/span>\t\t\t\t\t\t\t<\/div>\n<div>\n<p>O Comercial iniciou a venda de ingressos para o cl\u00e1ssico com o Botafogo, que ser\u00e1 disputado na pr\u00f3xima quarta-feira (2), \u00e0s 19h, no Est\u00e1dio Palma Travassos, pela terceira rodada da Copa Paulista. Assim como tem acontecido nos \u00faltimos anos, o Come-Fogo ter\u00e1 torcida \u00fanica nos dois turnos, um com o mando de cada clube.<\/p>\n<p>As entradas podem ser adquiridas fisicamente na loja Garra do Le\u00e3o, anexa \u00e0 Joia, na Av. Pl\u00ednio de Castro Prado, 1.000, no Jardim Paulista, de segunda a sexta, das 10h \u00e0s 18h, e no s\u00e1bado, das 9h \u00e0s 13h. Pela internet, os bilhetes est\u00e3o dispon\u00edveis no site Total Ticket.<\/p>\n<p>Os pre\u00e7os v\u00e3o de R$ 40 (R$ 20 a meia-entrada) na arquibancada a R$ 60 (R$ 30 a meia) na cativa, apenas para torcedores comercialinos. Os interessados tamb\u00e9m podem adquirir o Passaporte do Le\u00e3o, pacote que d\u00e1 acesso a todos os jogos do Bafo em casa e com valores de R$ 100 a R$ 200.<\/p>\n<p><strong>Torcida \u00fanica<\/strong><\/p>\n<p>Como tem sido o padr\u00e3o nos \u00faltimos encontros entre Le\u00e3o do Norte e Pantera, os duelos desta Copa Paulista ser\u00e3o com torcida \u00fanica. A informa\u00e7\u00e3o foi divulgada pelo Comercial nas redes sociais.<\/p>\n<p>O clube afirmou que a portaria N\u00b080\/24, de 23 de abril de 2024, da Federa\u00e7\u00e3o Paulista de Futebol (FPF), que prev\u00ea torcida \u00fanica no cl\u00e1ssico, foi renovada pelo Minist\u00e9rio P\u00fablico para 2025.<\/p>\n<p>\u201cAssim como em 2023 e no ano passado, tanto os jogos das categorias de base, quanto os profissionais, ser\u00e3o permitidos torcedores apenas do mandante da partida\u201d, publicou o Bafo.<\/p>\n<p>Al\u00e9m do embate da pr\u00f3xima quarta-feira, o Come-Fogo voltar\u00e1 a acontecer ao menos mais uma vez nesta temporada, no segundo turno do Grupo 2 da Copa Paulista, no Est\u00e1dio Santa Cruz\/Arena Nicnet, apenas com botafoguenses presentes.<\/p>\n<p>\u00a0<\/p>\n<p>\u00a0<\/p>\n<p>\u00a0<\/p>\n<\/div>\n<p><script async src=\"\/\/platform.twitter.com\/widgets.js\" charset=\"utf-8\"><\/script><br \/>\n<br \/><br \/>\n<br \/><a href=\"https:\/\/www.tribunaribeirao.com.br\/come-fogo-tera-torcida-unica-mais-uma-vez\/\">Source link <\/a><\/p>\n<!-- CONTENT END 1 -->\n","protected":false},"excerpt":{"rendered":"<p>28 de junho de 2025 12:441 Compartilhar0 O Comercial iniciou a venda de ingressos para o cl\u00e1ssico com o Botafogo, que ser\u00e1 disputado na pr\u00f3xima&#8230;<\/p>\n","protected":false},"author":1,"featured_media":73270,"comment_status":"open","ping_status":"open","sticky":false,"template":"","format":"standard","meta":{"advanced_seo_description":"","jetpack_seo_html_title":"","jetpack_seo_noindex":false,"jetpack_post_was_ever_published":false,"_jetpack_newsletter_access":"","_jetpack_dont_email_post_to_subs":false,"_jetpack_newsletter_tier_id":0,"_jetpack_memberships_contains_paywalled_content":false,"_jetpack_memberships_contains_paid_content":false,"footnotes":"","jetpack_publicize_message":"","jetpack_publicize_feature_enabled":true,"jetpack_social_post_already_shared":true,"jetpack_social_options":{"image_generator_settings":{"template":"highway","default_image_id":0,"font":"","enabled":false},"version":2}},"categories":[11],"tags":[],"class_list":["post-73269","post","type-post","status-publish","format-standard","has-post-thumbnail","hentry","category-noticias-de-ribeirao-preto-sp-e-regiao-ismael-colosi"],"jetpack_publicize_connections":[],"jetpack_featured_media_url":"https:\/\/i0.wp.com\/noticiasribeiraopreto.com.br\/wp-content\/uploads\/2025\/06\/2-Torcida-Comercial-Raul-Ramos.jpg?fit=799%2C533&ssl=1","jetpack-related-posts":[{"id":73203,"url":"https:\/\/noticiasribeiraopreto.com.br\/index.php\/2025\/06\/26\/comercial-confirma-torcida-unica-no-classico-contra-o-botafogo-pela-copa-paulista\/","url_meta":{"origin":73269,"position":0},"title":"Comercial confirma torcida \u00fanica no cl\u00e1ssico contra o Botafogo pela Copa Paulista","author":"noticiasribeiraopreto.com.br","date":"26 de June de 2025","format":false,"excerpt":"O Comercial Futebol Clube anunciou, na tarde desta quinta-feira (26), que realizar\u00e1 o cl\u00e1ssico Come-Fogo com torcida \u00fanica no dia 2 de julho, no est\u00e1dio Palma Travassos, em Ribeir\u00e3o Preto.A partida ter\u00e1 acesso exclusivo aos torcedores do Bafo, mandante do confronto. A medida cumpre a Portaria FPF n\u00ba 80\/24, de\u2026","rel":"","context":"In &quot;Not\u00edcias de Ribeir\u00e3o Preto-SP e Regi\u00e3o&quot;","block_context":{"text":"Not\u00edcias de Ribeir\u00e3o Preto-SP e Regi\u00e3o","link":"https:\/\/noticiasribeiraopreto.com.br\/index.php\/category\/noticias-de-ribeirao-preto-sp-e-regiao-ismael-colosi\/"},"img":{"alt_text":"","src":"https:\/\/i0.wp.com\/noticiasribeiraopreto.com.br\/wp-content\/uploads\/2025\/06\/Copia-de-Copia-de-TAMANHO-EXATO-PARA-FOTOS-NO-SISTEMA-NOVO-61.jpg?fit=1200%2C675&ssl=1&resize=350%2C200","width":350,"height":200,"srcset":"https:\/\/i0.wp.com\/noticiasribeiraopreto.com.br\/wp-content\/uploads\/2025\/06\/Copia-de-Copia-de-TAMANHO-EXATO-PARA-FOTOS-NO-SISTEMA-NOVO-61.jpg?fit=1200%2C675&ssl=1&resize=350%2C200 1x, https:\/\/i0.wp.com\/noticiasribeiraopreto.com.br\/wp-content\/uploads\/2025\/06\/Copia-de-Copia-de-TAMANHO-EXATO-PARA-FOTOS-NO-SISTEMA-NOVO-61.jpg?fit=1200%2C675&ssl=1&resize=525%2C300 1.5x, https:\/\/i0.wp.com\/noticiasribeiraopreto.com.br\/wp-content\/uploads\/2025\/06\/Copia-de-Copia-de-TAMANHO-EXATO-PARA-FOTOS-NO-SISTEMA-NOVO-61.jpg?fit=1200%2C675&ssl=1&resize=700%2C400 2x, https:\/\/i0.wp.com\/noticiasribeiraopreto.com.br\/wp-content\/uploads\/2025\/06\/Copia-de-Copia-de-TAMANHO-EXATO-PARA-FOTOS-NO-SISTEMA-NOVO-61.jpg?fit=1200%2C675&ssl=1&resize=1050%2C600 3x"},"classes":[]},{"id":48043,"url":"https:\/\/noticiasribeiraopreto.com.br\/index.php\/2024\/04\/30\/entenda-por-que-o-classico-come-fogo-sera-disputado-com-torcida-unica\/","url_meta":{"origin":73269,"position":1},"title":"Entenda por que o cl\u00e1ssico Come-Fogo ser\u00e1 disputado com torcida \u00fanica","author":"noticiasribeiraopreto.com.br","date":"30 de April de 2024","format":false,"excerpt":"Os cl\u00e1ssicos Come-Fogo, que voltar\u00e3o a ser realizados em 2024, durante a Copa Paulista, ser\u00e3o disputados com torcida \u00fanica. A medida foi publicada na semana passada pela FPF (Federa\u00e7\u00e3o Paulista de Futebol). A norma j\u00e1 foi v\u00e1lida para o Come-Fogo sub-20, disputado no \u00faltimo s\u00e1bado (27), no est\u00e1dio Palma Travassos,\u2026","rel":"","context":"In &quot;Not\u00edcias de Ribeir\u00e3o Preto-SP e Regi\u00e3o&quot;","block_context":{"text":"Not\u00edcias de Ribeir\u00e3o Preto-SP e Regi\u00e3o","link":"https:\/\/noticiasribeiraopreto.com.br\/index.php\/category\/noticias-de-ribeirao-preto-sp-e-regiao-ismael-colosi\/"},"img":{"alt_text":"","src":"https:\/\/i0.wp.com\/noticiasribeiraopreto.com.br\/wp-content\/uploads\/2024\/04\/come-fogo.webp.webp?fit=979%2C648&ssl=1&resize=350%2C200","width":350,"height":200,"srcset":"https:\/\/i0.wp.com\/noticiasribeiraopreto.com.br\/wp-content\/uploads\/2024\/04\/come-fogo.webp.webp?fit=979%2C648&ssl=1&resize=350%2C200 1x, https:\/\/i0.wp.com\/noticiasribeiraopreto.com.br\/wp-content\/uploads\/2024\/04\/come-fogo.webp.webp?fit=979%2C648&ssl=1&resize=525%2C300 1.5x, https:\/\/i0.wp.com\/noticiasribeiraopreto.com.br\/wp-content\/uploads\/2024\/04\/come-fogo.webp.webp?fit=979%2C648&ssl=1&resize=700%2C400 2x"},"classes":[]},{"id":56214,"url":"https:\/\/noticiasribeiraopreto.com.br\/index.php\/2024\/08\/11\/ingressos-para-o-classico-come-fogo-em-ribeirao-preto-ainda-estao-disponiveis\/","url_meta":{"origin":73269,"position":2},"title":"Ingressos para o cl\u00e1ssico Come-Fogo em Ribeir\u00e3o Preto ainda est\u00e3o dispon\u00edveis","author":"noticiasribeiraopreto.com.br","date":"11 de August de 2024","format":false,"excerpt":"Os torcedores do Comercial ainda podem adquirir os ingressos para o cl\u00e1ssico Come-Fogo, que acontece nesta segunda-feira (12). O jogo pela 9\u00aa rodada da Copa Paulista est\u00e1 marcado para \u00e0s 20h, no est\u00e1dio Palma Travassos, na zona Leste de Ribeir\u00e3o Preto. Por determina\u00e7\u00e3o da Federa\u00e7\u00e3o Paulista de Futebol (FPF), ap\u00f3s\u2026","rel":"","context":"In &quot;Not\u00edcias de Ribeir\u00e3o Preto-SP e Regi\u00e3o&quot;","block_context":{"text":"Not\u00edcias de Ribeir\u00e3o Preto-SP e Regi\u00e3o","link":"https:\/\/noticiasribeiraopreto.com.br\/index.php\/category\/noticias-de-ribeirao-preto-sp-e-regiao-ismael-colosi\/"},"img":{"alt_text":"","src":"https:\/\/i0.wp.com\/noticiasribeiraopreto.com.br\/wp-content\/uploads\/2024\/08\/comefogo_2024-07-09_23-49-06_jpeg_2024-07-09_23-49-06.webp.webp?fit=1200%2C915&ssl=1&resize=350%2C200","width":350,"height":200,"srcset":"https:\/\/i0.wp.com\/noticiasribeiraopreto.com.br\/wp-content\/uploads\/2024\/08\/comefogo_2024-07-09_23-49-06_jpeg_2024-07-09_23-49-06.webp.webp?fit=1200%2C915&ssl=1&resize=350%2C200 1x, https:\/\/i0.wp.com\/noticiasribeiraopreto.com.br\/wp-content\/uploads\/2024\/08\/comefogo_2024-07-09_23-49-06_jpeg_2024-07-09_23-49-06.webp.webp?fit=1200%2C915&ssl=1&resize=525%2C300 1.5x, https:\/\/i0.wp.com\/noticiasribeiraopreto.com.br\/wp-content\/uploads\/2024\/08\/comefogo_2024-07-09_23-49-06_jpeg_2024-07-09_23-49-06.webp.webp?fit=1200%2C915&ssl=1&resize=700%2C400 2x, https:\/\/i0.wp.com\/noticiasribeiraopreto.com.br\/wp-content\/uploads\/2024\/08\/comefogo_2024-07-09_23-49-06_jpeg_2024-07-09_23-49-06.webp.webp?fit=1200%2C915&ssl=1&resize=1050%2C600 3x"},"classes":[]},{"id":67540,"url":"https:\/\/noticiasribeiraopreto.com.br\/index.php\/2025\/04\/15\/copa-paulista-2025-tera-classico-come-fogo-na-1a-fase-veja-os-grupos\/","url_meta":{"origin":73269,"position":3},"title":"Copa Paulista 2025 ter\u00e1 cl\u00e1ssico Come-Fogo na 1\u00aa fase; veja os grupos","author":"noticiasribeiraopreto.com.br","date":"15 de April de 2025","format":false,"excerpt":"Pelo segundo ano consecutivo, Botafogo e Comercial se enfrentam na 1\u00aa fase da Copa Paulista. A confirma\u00e7\u00e3o foi feita pela Federa\u00e7\u00e3o Paulista de Futebol (FPF), durante o conselho t\u00e9cnico realizado nesta ter\u00e7a-feira (15). A edi\u00e7\u00e3o de 2025 contar\u00e1 com 23 times, divididos em quatro grupos. A competi\u00e7\u00e3o come\u00e7a em 15\u2026","rel":"","context":"In &quot;Not\u00edcias de Ribeir\u00e3o Preto-SP e Regi\u00e3o&quot;","block_context":{"text":"Not\u00edcias de Ribeir\u00e3o Preto-SP e Regi\u00e3o","link":"https:\/\/noticiasribeiraopreto.com.br\/index.php\/category\/noticias-de-ribeirao-preto-sp-e-regiao-ismael-colosi\/"},"img":{"alt_text":"","src":"https:\/\/i0.wp.com\/noticiasribeiraopreto.com.br\/wp-content\/uploads\/2025\/04\/Copia-de-Copia-de-Copia-de-TAMANHO-EXATO-PARA-FOTOS-NO-SISTEMA-NOVO-2025-04-15T141442.906_2025-04-15_17-15-41_png_2025-04-15_17-15-41.webp.webp?fit=1200%2C675&ssl=1&resize=350%2C200","width":350,"height":200,"srcset":"https:\/\/i0.wp.com\/noticiasribeiraopreto.com.br\/wp-content\/uploads\/2025\/04\/Copia-de-Copia-de-Copia-de-TAMANHO-EXATO-PARA-FOTOS-NO-SISTEMA-NOVO-2025-04-15T141442.906_2025-04-15_17-15-41_png_2025-04-15_17-15-41.webp.webp?fit=1200%2C675&ssl=1&resize=350%2C200 1x, https:\/\/i0.wp.com\/noticiasribeiraopreto.com.br\/wp-content\/uploads\/2025\/04\/Copia-de-Copia-de-Copia-de-TAMANHO-EXATO-PARA-FOTOS-NO-SISTEMA-NOVO-2025-04-15T141442.906_2025-04-15_17-15-41_png_2025-04-15_17-15-41.webp.webp?fit=1200%2C675&ssl=1&resize=525%2C300 1.5x, https:\/\/i0.wp.com\/noticiasribeiraopreto.com.br\/wp-content\/uploads\/2025\/04\/Copia-de-Copia-de-Copia-de-TAMANHO-EXATO-PARA-FOTOS-NO-SISTEMA-NOVO-2025-04-15T141442.906_2025-04-15_17-15-41_png_2025-04-15_17-15-41.webp.webp?fit=1200%2C675&ssl=1&resize=700%2C400 2x, https:\/\/i0.wp.com\/noticiasribeiraopreto.com.br\/wp-content\/uploads\/2025\/04\/Copia-de-Copia-de-Copia-de-TAMANHO-EXATO-PARA-FOTOS-NO-SISTEMA-NOVO-2025-04-15T141442.906_2025-04-15_17-15-41_png_2025-04-15_17-15-41.webp.webp?fit=1200%2C675&ssl=1&resize=1050%2C600 3x"},"classes":[]},{"id":61961,"url":"https:\/\/noticiasribeiraopreto.com.br\/index.php\/2024\/12\/29\/prainha-na-regiao-de-ribeirao-preto-tera-queima-de-fogos-sem-barulho-por-20-minutos-no-reveillon\/","url_meta":{"origin":73269,"position":4},"title":"Prainha na regi\u00e3o de Ribeir\u00e3o Preto ter\u00e1 queima de fogos sem barulho por 20 minutos no R\u00e9veillon","author":"noticiasribeiraopreto.com.br","date":"29 de December de 2024","format":false,"excerpt":"A Prefeitura de Rifaina, cidade tur\u00edstica a aproximadamente 150 quil\u00f4metros de Ribeir\u00e3o Preto, confirmou a tradicional queima de fogos de artif\u00edcio sem barulho no R\u00e9veillon 2025, na orla da praia da cidade. S\u00e3o esperadas\u00a010 mil pessoas\u00a0nas\u00a0festividades\u00a0de\u00a0fim de ano, no dia 31 dezembro.\u00a0O acesso do p\u00fablico \u00e9 gratuito. A queima de\u2026","rel":"","context":"In &quot;Not\u00edcias de Ribeir\u00e3o Preto-SP e Regi\u00e3o&quot;","block_context":{"text":"Not\u00edcias de Ribeir\u00e3o Preto-SP e Regi\u00e3o","link":"https:\/\/noticiasribeiraopreto.com.br\/index.php\/category\/noticias-de-ribeirao-preto-sp-e-regiao-ismael-colosi\/"},"img":{"alt_text":"","src":"https:\/\/i0.wp.com\/noticiasribeiraopreto.com.br\/wp-content\/uploads\/2024\/12\/1735508402_praia_rifaina_1200x675_22102021190356.jpg?fit=1200%2C675&ssl=1&resize=350%2C200","width":350,"height":200,"srcset":"https:\/\/i0.wp.com\/noticiasribeiraopreto.com.br\/wp-content\/uploads\/2024\/12\/1735508402_praia_rifaina_1200x675_22102021190356.jpg?fit=1200%2C675&ssl=1&resize=350%2C200 1x, https:\/\/i0.wp.com\/noticiasribeiraopreto.com.br\/wp-content\/uploads\/2024\/12\/1735508402_praia_rifaina_1200x675_22102021190356.jpg?fit=1200%2C675&ssl=1&resize=525%2C300 1.5x, https:\/\/i0.wp.com\/noticiasribeiraopreto.com.br\/wp-content\/uploads\/2024\/12\/1735508402_praia_rifaina_1200x675_22102021190356.jpg?fit=1200%2C675&ssl=1&resize=700%2C400 2x, https:\/\/i0.wp.com\/noticiasribeiraopreto.com.br\/wp-content\/uploads\/2024\/12\/1735508402_praia_rifaina_1200x675_22102021190356.jpg?fit=1200%2C675&ssl=1&resize=1050%2C600 3x"},"classes":[]},{"id":61959,"url":"https:\/\/noticiasribeiraopreto.com.br\/index.php\/2024\/12\/29\/prainha-na-regiao-de-ribeirao-preto-tera-queima-fogos-sem-barulho-por-20-minutos-no-reveillon\/","url_meta":{"origin":73269,"position":5},"title":"Prainha na regi\u00e3o de Ribeir\u00e3o Preto ter\u00e1 queima fogos sem barulho por 20 minutos no R\u00e9veillon","author":"noticiasribeiraopreto.com.br","date":"29 de December de 2024","format":false,"excerpt":"A Prefeitura de Rifaina, cidade tur\u00edstica a aproximadamente 150 quil\u00f4metros de Ribeir\u00e3o Preto, confirmou a tradicional queima de fogos de artif\u00edcio sem barulho no R\u00e9veillon 2025, na orla da praia da cidade. S\u00e3o esperadas\u00a010 mil pessoas\u00a0nas\u00a0festividades\u00a0de\u00a0fim de ano, no dia 31 dezembro.\u00a0O acesso do p\u00fablico \u00e9 gratuito. A queima de\u2026","rel":"","context":"In &quot;Not\u00edcias de Ribeir\u00e3o Preto-SP e Regi\u00e3o&quot;","block_context":{"text":"Not\u00edcias de Ribeir\u00e3o Preto-SP e Regi\u00e3o","link":"https:\/\/noticiasribeiraopreto.com.br\/index.php\/category\/noticias-de-ribeirao-preto-sp-e-regiao-ismael-colosi\/"},"img":{"alt_text":"","src":"https:\/\/i0.wp.com\/noticiasribeiraopreto.com.br\/wp-content\/uploads\/2024\/12\/praia_rifaina_1200x675_22102021190356.jpg?fit=1200%2C675&ssl=1&resize=350%2C200","width":350,"height":200,"srcset":"https:\/\/i0.wp.com\/noticiasribeiraopreto.com.br\/wp-content\/uploads\/2024\/12\/praia_rifaina_1200x675_22102021190356.jpg?fit=1200%2C675&ssl=1&resize=350%2C200 1x, https:\/\/i0.wp.com\/noticiasribeiraopreto.com.br\/wp-content\/uploads\/2024\/12\/praia_rifaina_1200x675_22102021190356.jpg?fit=1200%2C675&ssl=1&resize=525%2C300 1.5x, https:\/\/i0.wp.com\/noticiasribeiraopreto.com.br\/wp-content\/uploads\/2024\/12\/praia_rifaina_1200x675_22102021190356.jpg?fit=1200%2C675&ssl=1&resize=700%2C400 2x, https:\/\/i0.wp.com\/noticiasribeiraopreto.com.br\/wp-content\/uploads\/2024\/12\/praia_rifaina_1200x675_22102021190356.jpg?fit=1200%2C675&ssl=1&resize=1050%2C600 3x"},"classes":[]}],"jetpack_sharing_enabled":true,"jetpack_shortlink":"https:\/\/wp.me\/peQAOb-j3L","_links":{"self":[{"href":"https:\/\/noticiasribeiraopreto.com.br\/index.php\/wp-json\/wp\/v2\/posts\/73269","targetHints":{"allow":["GET"]}}],"collection":[{"href":"https:\/\/noticiasribeiraopreto.com.br\/index.php\/wp-json\/wp\/v2\/posts"}],"about":[{"href":"https:\/\/noticiasribeiraopreto.com.br\/index.php\/wp-json\/wp\/v2\/types\/post"}],"author":[{"embeddable":true,"href":"https:\/\/noticiasribeiraopreto.com.br\/index.php\/wp-json\/wp\/v2\/users\/1"}],"replies":[{"embeddable":true,"href":"https:\/\/noticiasribeiraopreto.com.br\/index.php\/wp-json\/wp\/v2\/comments?post=73269"}],"version-history":[{"count":0,"href":"https:\/\/noticiasribeiraopreto.com.br\/index.php\/wp-json\/wp\/v2\/posts\/73269\/revisions"}],"wp:featuredmedia":[{"embeddable":true,"href":"https:\/\/noticiasribeiraopreto.com.br\/index.php\/wp-json\/wp\/v2\/media\/73270"}],"wp:attachment":[{"href":"https:\/\/noticiasribeiraopreto.com.br\/index.php\/wp-json\/wp\/v2\/media?parent=73269"}],"wp:term":[{"taxonomy":"category","embeddable":true,"href":"https:\/\/noticiasribeiraopreto.com.br\/index.php\/wp-json\/wp\/v2\/categories?post=73269"},{"taxonomy":"post_tag","embeddable":true,"href":"https:\/\/noticiasribeiraopreto.com.br\/index.php\/wp-json\/wp\/v2\/tags?post=73269"}],"curies":[{"name":"wp","href":"https:\/\/api.w.org\/{rel}","templated":true}]}}