{"id":73271,"date":"2025-06-28T12:53:53","date_gmt":"2025-06-28T15:53:53","guid":{"rendered":"https:\/\/noticiasribeiraopreto.com.br\/index.php\/2025\/06\/28\/saude-vai-fornecer-sensor-de-glicose\/"},"modified":"2025-06-28T12:53:53","modified_gmt":"2025-06-28T15:53:53","slug":"saude-vai-fornecer-sensor-de-glicose","status":"publish","type":"post","link":"https:\/\/noticiasribeiraopreto.com.br\/index.php\/2025\/06\/28\/saude-vai-fornecer-sensor-de-glicose\/","title":{"rendered":"Sa\u00fade vai fornecer sensor de glicose"},"content":{"rendered":"<div class='code-block code-block-1' style='margin: 8px 0 8px auto; text-align: right; display: block; clear: both;'>\n<p><a href=\"https:\/\/wa.link\/vpicfd\"><img data-recalc-dims=\"1\" class=\"wp-image-4922\" style=\"aspect-ratio: 2.0253164556962027; width: 561px; height: auto;\" src=\"https:\/\/i0.wp.com\/ismaelcolosi.com.br\/wp-content\/uploads\/2023\/11\/grupo-de-empregos-whatsapp-e-facebook-ismael-colosi-vagas.jpg?ssl=1\" alt=\"\" \/><\/a><\/p>\n<!-- \/wp:image -->\n<\/div>\n<p> <br \/>\n<\/p>\n<div>\n<p>A prefeitura de Ribeir\u00e3o Preto deu mais um passo importante no cuidado com a sa\u00fade das crian\u00e7as e adolescentes da rede p\u00fablica: 228 pacientes com diabetes tipo 1, com idades entre 2 e 18 anos incompletos, passam a receber gratuitamente o sensor digital de monitoramento cont\u00ednuo de glicose, por meio da Secretaria Municipal de Sa\u00fade.<\/p>\n<p>O projeto de lei foi oficializado com a assinatura do prefeito Ricardo Silva (PSD) na tarde de quinta-feira, 26 de junho, e representa um avan\u00e7o na forma como o munic\u00edpio cuida dos pacientes com doen\u00e7as cr\u00f4nicas. \u201cEssa \u00e9 uma conquista importante para as nossas crian\u00e7as e adolescentes\u201d, diz o prefeito.<\/p>\n<p>\u201cO sensor vai permitir que eles tenham mais liberdade, conforto e seguran\u00e7a para viver a inf\u00e2ncia e a adolesc\u00eancia com mais qualidade de vida\u201d, emenda Ricardo Silva. O aparelho \u00e9 um glicos\u00edmetro moderno, que mede continuamente os n\u00edveis de glicose sem a necessidade das tradicionais \u201cagulhadas\u201d nos dedos.<\/p>\n<p>\u00c9 aplicado com um pequeno adesivo na parte de tr\u00e1s do bra\u00e7o e fornece medi\u00e7\u00f5es instant\u00e2neas e ilimitadas ao ser escaneado por um leitor ou aplicativo de celular. \u201cA entrega desses sensores representa uma transforma\u00e7\u00e3o no cuidado com a diabetes tipo 1 na inf\u00e2ncia e adolesc\u00eancia\u201d, destaca o secret\u00e1rio da Sa\u00fade, Mauricio Godinho.<\/p>\n<p>\u201c\u00c9 uma tecnologia que evita picos de hipo e hiperglicemia, facilita o controle e, principalmente, devolve \u00e0s fam\u00edlias a tranquilidade de um monitoramento constante e sem dor\u201d, ressalta. A medida faz parte de um conjunto de a\u00e7\u00f5es da pasta para ampliar o cuidado humanizado e personalizado no tratamento de doen\u00e7as cr\u00f4nicas, especialmente entre o p\u00fablico infantojuvenil.<\/p>\n<p>O projeto beneficiar\u00e1 pacientes que j\u00e1 s\u00e3o acompanhados pela rede municipal e que atendem aos crit\u00e9rios cl\u00ednicos definidos pela equipe m\u00e9dica. \u201cEstamos implantando uma pol\u00edtica p\u00fablica que traz tecnologia e acolhimento para dentro das casas dessas fam\u00edlias. A sa\u00fade precisa evoluir junto com o que h\u00e1 de mais moderno em cuidado e monitoramento, e \u00e9 isso que estamos fazendo aqui em Ribeir\u00e3o\u201d, finaliza Ricardo Silva.<\/p>\n<p>Segundo a Secretaria Municipal da Sa\u00fade, a distribui\u00e7\u00e3o dos sensores ser\u00e1 feita conforme o acompanhamento dos pacientes nas unidades de sa\u00fade. As fam\u00edlias contempladas ser\u00e3o orientadas pelas equipes sobre o uso e funcionamento do dispositivo.<\/p>\n<p><strong>Canetas \u2013 <\/strong>Em abril, a Secretaria Municipal da Sa\u00fade deu in\u00edcio \u00e0 distribui\u00e7\u00e3o de canetas de insulina permanentes entregues pelo Minist\u00e9rio da Sa\u00fade para pacientes da rede p\u00fablica. A iniciativa moderniza o cuidado com pessoas com diabetes, oferecendo mais comodidade, durabilidade e efici\u00eancia no tratamento.<\/p>\n<p>A substitui\u00e7\u00e3o das canetas descart\u00e1veis \u2013 cuja produ\u00e7\u00e3o foi encerrada \u2013 est\u00e1 sendo realizada gradualmente nas unidades de sa\u00fade do munic\u00edpio. A Unidade B\u00e1sica Distrital de Sa\u00fade Doutyor Italo Baruffi (UBDS Castelo Branco) \u00e9 uma das primeiras a realizar a entrega do novo dispositivo.<\/p>\n<p>Farmac\u00eauticos capacitados est\u00e3o orientando os usu\u00e1rios sobre o uso correto, armazenamento e cuidados necess\u00e1rios. \u201cEssa mudan\u00e7a \u00e9 seguran\u00e7a e garante a qualidade e continuidade no tratamento, com a vantagem de um dispositivo mais moderno e pr\u00e1tico\u201d, explica Fernanda Ferreira Costa, da equipe t\u00e9cnica do Departamento de Assist\u00eancia \u00e0 Sa\u00fade da Popula\u00e7\u00e3o (Dasp).<\/p>\n<p>Segundo ela, algumas unidades ainda possuem canetas descart\u00e1veis em estoque, que ser\u00e3o utilizadas conforme a demanda at\u00e9 o fim da transi\u00e7\u00e3o. As novas canetas permanentes t\u00eam validade de at\u00e9 tr\u00eas anos. Para retir\u00e1-las, o paciente deve assinar um termo de compromisso, assumindo a responsabilidade pelo uso e conserva\u00e7\u00e3o do equipamento.<\/p>\n<p>Caso ocorra a perda, ser\u00e1 necess\u00e1rio apresentar um boletim de ocorr\u00eancia na delegacia de Pol\u00edcia ou no sistema online da Secretaria da Seguran\u00e7a P\u00fablica do Estado de S\u00e3o Paulo (SSP-SP) para solicitar a substitui\u00e7\u00e3o. Em situa\u00e7\u00f5es de dano ou defeito, a pe\u00e7a ser\u00e1 submetida \u00e0 avalia\u00e7\u00e3o t\u00e9cnica da equipe de sa\u00fade.<\/p>\n<p>Mensalmente, os pacientes seguir\u00e3o retirando apenas os insumos complementares \u2013 agulhas e tubetes \u2013 nas farm\u00e1cias das unidades. \u00a0Todos os profissionais envolvidos no atendimento est\u00e3o sendo capacitados, assegurando um acompanhamento qualificado e humanizado.<\/p>\n<\/div>\n<p><br \/>\n<br \/><a href=\"https:\/\/www.tribunaribeirao.com.br\/saude-vai-fornecer-sensor-de-glicose\/\">Source link <\/a><\/p>\n<!-- CONTENT END 1 -->\n","protected":false},"excerpt":{"rendered":"<p>A prefeitura de Ribeir\u00e3o Preto deu mais um passo importante no cuidado com a sa\u00fade das crian\u00e7as e adolescentes da rede p\u00fablica: 228 pacientes com&#8230;<\/p>\n","protected":false},"author":1,"featured_media":73272,"comment_status":"open","ping_status":"open","sticky":false,"template":"","format":"standard","meta":{"advanced_seo_description":"","jetpack_seo_html_title":"","jetpack_seo_noindex":false,"jetpack_post_was_ever_published":false,"_jetpack_newsletter_access":"","_jetpack_dont_email_post_to_subs":false,"_jetpack_newsletter_tier_id":0,"_jetpack_memberships_contains_paywalled_content":false,"_jetpack_memberships_contains_paid_content":false,"footnotes":"","jetpack_publicize_message":"","jetpack_publicize_feature_enabled":true,"jetpack_social_post_already_shared":true,"jetpack_social_options":{"image_generator_settings":{"template":"highway","default_image_id":0,"font":"","enabled":false},"version":2}},"categories":[11],"tags":[],"class_list":["post-73271","post","type-post","status-publish","format-standard","has-post-thumbnail","hentry","category-noticias-de-ribeirao-preto-sp-e-regiao-ismael-colosi"],"jetpack_publicize_connections":[],"jetpack_featured_media_url":"https:\/\/i0.wp.com\/noticiasribeiraopreto.com.br\/wp-content\/uploads\/2025\/06\/Diabetes-Detalhe-Fernando-Gonzaga.jpg?fit=1620%2C1080&ssl=1","jetpack-related-posts":[{"id":73209,"url":"https:\/\/noticiasribeiraopreto.com.br\/index.php\/2025\/06\/26\/criancas-e-adolescentes-com-diabetes-tipo-1-vao-receber-sensor-digital-de-glicose-em-ribeirao\/","url_meta":{"origin":73271,"position":0},"title":"Crian\u00e7as e adolescentes com diabetes tipo 1 v\u00e3o receber sensor digital de glicose em Ribeir\u00e3o","author":"noticiasribeiraopreto.com.br","date":"26 de June de 2025","format":false,"excerpt":"A Secretaria da Sa\u00fade de Ribeir\u00e3o Preto vai come\u00e7ar a distribuir sensores digitais de glicose para crian\u00e7as e adolescentes com diabetes tipo 1 atendidos pela rede p\u00fablica. A a\u00e7\u00e3o beneficia 228 pacientes com idades entre 2 e 18 anos incompletos. O sensor digital substitui o m\u00e9todo tradicional de medi\u00e7\u00e3o com\u2026","rel":"","context":"In &quot;Not\u00edcias de Ribeir\u00e3o Preto-SP e Regi\u00e3o&quot;","block_context":{"text":"Not\u00edcias de Ribeir\u00e3o Preto-SP e Regi\u00e3o","link":"https:\/\/noticiasribeiraopreto.com.br\/index.php\/category\/noticias-de-ribeirao-preto-sp-e-regiao-ismael-colosi\/"},"img":{"alt_text":"","src":"https:\/\/i0.wp.com\/noticiasribeiraopreto.com.br\/wp-content\/uploads\/2025\/06\/Copia-de-Copia-de-Copia-de-TAMANHO-EXATO-PARA-FOTOS-NO-SISTEMA-NOVO-2025-06-26T200203.625_2025-06-26_23-02-14.webp.webp?fit=1200%2C675&ssl=1&resize=350%2C200","width":350,"height":200,"srcset":"https:\/\/i0.wp.com\/noticiasribeiraopreto.com.br\/wp-content\/uploads\/2025\/06\/Copia-de-Copia-de-Copia-de-TAMANHO-EXATO-PARA-FOTOS-NO-SISTEMA-NOVO-2025-06-26T200203.625_2025-06-26_23-02-14.webp.webp?fit=1200%2C675&ssl=1&resize=350%2C200 1x, https:\/\/i0.wp.com\/noticiasribeiraopreto.com.br\/wp-content\/uploads\/2025\/06\/Copia-de-Copia-de-Copia-de-TAMANHO-EXATO-PARA-FOTOS-NO-SISTEMA-NOVO-2025-06-26T200203.625_2025-06-26_23-02-14.webp.webp?fit=1200%2C675&ssl=1&resize=525%2C300 1.5x, https:\/\/i0.wp.com\/noticiasribeiraopreto.com.br\/wp-content\/uploads\/2025\/06\/Copia-de-Copia-de-Copia-de-TAMANHO-EXATO-PARA-FOTOS-NO-SISTEMA-NOVO-2025-06-26T200203.625_2025-06-26_23-02-14.webp.webp?fit=1200%2C675&ssl=1&resize=700%2C400 2x, https:\/\/i0.wp.com\/noticiasribeiraopreto.com.br\/wp-content\/uploads\/2025\/06\/Copia-de-Copia-de-Copia-de-TAMANHO-EXATO-PARA-FOTOS-NO-SISTEMA-NOVO-2025-06-26T200203.625_2025-06-26_23-02-14.webp.webp?fit=1200%2C675&ssl=1&resize=1050%2C600 3x"},"classes":[]},{"id":59651,"url":"https:\/\/noticiasribeiraopreto.com.br\/index.php\/2024\/10\/27\/ricardo-silva-do-psd-e-eleito-prefeito-de-ribeirao-preto-com-foco-em-mudancas-estruturais\/","url_meta":{"origin":73271,"position":1},"title":"Ricardo Silva, do PSD, \u00e9 Eleito Prefeito de Ribeir\u00e3o Preto com Foco em Mudan\u00e7as Estruturais","author":"noticiasribeiraopreto.com.br","date":"27 de October de 2024","format":false,"excerpt":"Ricardo Silva, candidato pelo Partido Social Democr\u00e1tico (PSD), foi eleito prefeito de Ribeir\u00e3o Preto, consolidando sua lideran\u00e7a com propostas de inova\u00e7\u00e3o e crescimento econ\u00f4mico. Com uma campanha voltada para a moderniza\u00e7\u00e3o das pol\u00edticas p\u00fablicas e o desenvolvimento urbano, Ricardo venceu o pleito com uma ampla margem de votos, recebendo apoio\u2026","rel":"","context":"In &quot;Not\u00edcias de Ribeir\u00e3o Preto-SP e Regi\u00e3o&quot;","block_context":{"text":"Not\u00edcias de Ribeir\u00e3o Preto-SP e Regi\u00e3o","link":"https:\/\/noticiasribeiraopreto.com.br\/index.php\/category\/noticias-de-ribeirao-preto-sp-e-regiao-ismael-colosi\/"},"img":{"alt_text":"","src":"https:\/\/i0.wp.com\/noticiasribeiraopreto.com.br\/wp-content\/uploads\/2024\/10\/ricardo-silva_2024-09-27_14-05-41_jpg_2024-09-27_14-05-41.webp.webp?fit=1200%2C863&ssl=1&resize=350%2C200","width":350,"height":200,"srcset":"https:\/\/i0.wp.com\/noticiasribeiraopreto.com.br\/wp-content\/uploads\/2024\/10\/ricardo-silva_2024-09-27_14-05-41_jpg_2024-09-27_14-05-41.webp.webp?fit=1200%2C863&ssl=1&resize=350%2C200 1x, https:\/\/i0.wp.com\/noticiasribeiraopreto.com.br\/wp-content\/uploads\/2024\/10\/ricardo-silva_2024-09-27_14-05-41_jpg_2024-09-27_14-05-41.webp.webp?fit=1200%2C863&ssl=1&resize=525%2C300 1.5x, https:\/\/i0.wp.com\/noticiasribeiraopreto.com.br\/wp-content\/uploads\/2024\/10\/ricardo-silva_2024-09-27_14-05-41_jpg_2024-09-27_14-05-41.webp.webp?fit=1200%2C863&ssl=1&resize=700%2C400 2x, https:\/\/i0.wp.com\/noticiasribeiraopreto.com.br\/wp-content\/uploads\/2024\/10\/ricardo-silva_2024-09-27_14-05-41_jpg_2024-09-27_14-05-41.webp.webp?fit=1200%2C863&ssl=1&resize=1050%2C600 3x"},"classes":[]},{"id":59745,"url":"https:\/\/noticiasribeiraopreto.com.br\/index.php\/2024\/10\/29\/utm_sourcerssutm_mediumrssutm_campaignricardo-silva-do-psd-e-eleito-prefeito-de-ribeirao-preto-com-foco-em-mudancas-estruturais\/","url_meta":{"origin":73271,"position":2},"title":"Ricardo Silva, do PSD, \u00e9 Eleito Prefeito de Ribeir\u00e3o Preto com Foco em Mudan\u00e7as Estruturais","author":"noticiasribeiraopreto.com.br","date":"29 de October de 2024","format":false,"excerpt":"Ricardo Silva, candidato pelo Partido Social Democr\u00e1tico (PSD), foi eleito prefeito de Ribeir\u00e3o Preto, consolidando sua lideran\u00e7a com propostas de inova\u00e7\u00e3o e crescimento econ\u00f4mico. Com uma campanha voltada para a moderniza\u00e7\u00e3o das pol\u00edticas p\u00fablicas e o desenvolvimento urbano, Ricardo venceu o pleito com uma ampla margem de votos, recebendo apoio\u2026","rel":"","context":"In &quot;Not\u00edcias de Ribeir\u00e3o Preto-SP e Regi\u00e3o&quot;","block_context":{"text":"Not\u00edcias de Ribeir\u00e3o Preto-SP e Regi\u00e3o","link":"https:\/\/noticiasribeiraopreto.com.br\/index.php\/category\/noticias-de-ribeirao-preto-sp-e-regiao-ismael-colosi\/"},"img":{"alt_text":"","src":"https:\/\/i0.wp.com\/noticiasribeiraopreto.com.br\/wp-content\/uploads\/2024\/10\/ricardo-silva_2024-09-27_14-05-41_jpg_2024-09-27_14-05-41.webp.webp?fit=1200%2C863&ssl=1&resize=350%2C200","width":350,"height":200,"srcset":"https:\/\/i0.wp.com\/noticiasribeiraopreto.com.br\/wp-content\/uploads\/2024\/10\/ricardo-silva_2024-09-27_14-05-41_jpg_2024-09-27_14-05-41.webp.webp?fit=1200%2C863&ssl=1&resize=350%2C200 1x, https:\/\/i0.wp.com\/noticiasribeiraopreto.com.br\/wp-content\/uploads\/2024\/10\/ricardo-silva_2024-09-27_14-05-41_jpg_2024-09-27_14-05-41.webp.webp?fit=1200%2C863&ssl=1&resize=525%2C300 1.5x, https:\/\/i0.wp.com\/noticiasribeiraopreto.com.br\/wp-content\/uploads\/2024\/10\/ricardo-silva_2024-09-27_14-05-41_jpg_2024-09-27_14-05-41.webp.webp?fit=1200%2C863&ssl=1&resize=700%2C400 2x, https:\/\/i0.wp.com\/noticiasribeiraopreto.com.br\/wp-content\/uploads\/2024\/10\/ricardo-silva_2024-09-27_14-05-41_jpg_2024-09-27_14-05-41.webp.webp?fit=1200%2C863&ssl=1&resize=1050%2C600 3x"},"classes":[]},{"id":67138,"url":"https:\/\/noticiasribeiraopreto.com.br\/index.php\/2025\/04\/10\/vamos-ter-que-enxugar-a-maquina-afirma-ricardo-silva-no-balanco-dos-100-dias-de-gestao\/","url_meta":{"origin":73271,"position":3},"title":"&#8216;Vamos ter que enxugar a m\u00e1quina&#8217;, afirma Ricardo Silva no balan\u00e7o dos 100 dias de gest\u00e3o","author":"noticiasribeiraopreto.com.br","date":"10 de April de 2025","format":false,"excerpt":"O prefeito de Ribeir\u00e3o Preto, Ricardo Silva (PSD), fez um balan\u00e7o dos seus primeiros 100 dias \u00e0 frente da Administra\u00e7\u00e3o Municipal. Em entrevista, ele destacou os principais desafios enfrentados, especialmente relacionados \u00e0 estrutura da m\u00e1quina p\u00fablica e \u00e0 moderniza\u00e7\u00e3o dos processos internos da prefeitura. Mudan\u00e7as Para Ricardo Silva, Ribeir\u00e3o Preto\u2026","rel":"","context":"In &quot;Not\u00edcias de Ribeir\u00e3o Preto-SP e Regi\u00e3o&quot;","block_context":{"text":"Not\u00edcias de Ribeir\u00e3o Preto-SP e Regi\u00e3o","link":"https:\/\/noticiasribeiraopreto.com.br\/index.php\/category\/noticias-de-ribeirao-preto-sp-e-regiao-ismael-colosi\/"},"img":{"alt_text":"","src":"https:\/\/i0.wp.com\/noticiasribeiraopreto.com.br\/wp-content\/uploads\/2025\/04\/Copia-de-Copia-de-Copia-de-TAMANHO-EXATO-PARA-FOTOS-NO-SISTEMA-NOVO-2025-04-09T215917.952_2025-04-10_00-59-24_png_2025-04-10_00-59-24.webp.webp?fit=1200%2C675&ssl=1&resize=350%2C200","width":350,"height":200,"srcset":"https:\/\/i0.wp.com\/noticiasribeiraopreto.com.br\/wp-content\/uploads\/2025\/04\/Copia-de-Copia-de-Copia-de-TAMANHO-EXATO-PARA-FOTOS-NO-SISTEMA-NOVO-2025-04-09T215917.952_2025-04-10_00-59-24_png_2025-04-10_00-59-24.webp.webp?fit=1200%2C675&ssl=1&resize=350%2C200 1x, https:\/\/i0.wp.com\/noticiasribeiraopreto.com.br\/wp-content\/uploads\/2025\/04\/Copia-de-Copia-de-Copia-de-TAMANHO-EXATO-PARA-FOTOS-NO-SISTEMA-NOVO-2025-04-09T215917.952_2025-04-10_00-59-24_png_2025-04-10_00-59-24.webp.webp?fit=1200%2C675&ssl=1&resize=525%2C300 1.5x, https:\/\/i0.wp.com\/noticiasribeiraopreto.com.br\/wp-content\/uploads\/2025\/04\/Copia-de-Copia-de-Copia-de-TAMANHO-EXATO-PARA-FOTOS-NO-SISTEMA-NOVO-2025-04-09T215917.952_2025-04-10_00-59-24_png_2025-04-10_00-59-24.webp.webp?fit=1200%2C675&ssl=1&resize=700%2C400 2x, https:\/\/i0.wp.com\/noticiasribeiraopreto.com.br\/wp-content\/uploads\/2025\/04\/Copia-de-Copia-de-Copia-de-TAMANHO-EXATO-PARA-FOTOS-NO-SISTEMA-NOVO-2025-04-09T215917.952_2025-04-10_00-59-24_png_2025-04-10_00-59-24.webp.webp?fit=1200%2C675&ssl=1&resize=1050%2C600 3x"},"classes":[]},{"id":59686,"url":"https:\/\/noticiasribeiraopreto.com.br\/index.php\/2024\/10\/28\/ricardo-silva-fala-sobre-volta-do-daerp-e-plano-de-retomada-do-comercio-em-ribeirao-preto\/","url_meta":{"origin":73271,"position":4},"title":"Ricardo Silva fala sobre volta do Daerp e plano de retomada do com\u00e9rcio em Ribeir\u00e3o Preto","author":"noticiasribeiraopreto.com.br","date":"28 de October de 2024","format":false,"excerpt":"O prefeito eleito de Ribeir\u00e3o Preto, Ricardo Silva (PSD), disse nesta segunda-feira (28), ao acidade on Ribeir\u00e3o, que a primeira medida como Chefe do Executivo ser\u00e1 a cria\u00e7\u00e3o de um plano para retomada do com\u00e9rcio. Ele tamb\u00e9m afirmou que vai enviar para C\u00e2mara um projeto de lei para transformar a\u2026","rel":"","context":"In &quot;Not\u00edcias de Ribeir\u00e3o Preto-SP e Regi\u00e3o&quot;","block_context":{"text":"Not\u00edcias de Ribeir\u00e3o Preto-SP e Regi\u00e3o","link":"https:\/\/noticiasribeiraopreto.com.br\/index.php\/category\/noticias-de-ribeirao-preto-sp-e-regiao-ismael-colosi\/"},"img":{"alt_text":"","src":"https:\/\/i0.wp.com\/noticiasribeiraopreto.com.br\/wp-content\/uploads\/2024\/10\/ricardo-silva-psd_2024-10-28_18-34-18_jpg_2024-10-28_18-34-19.webp.webp?fit=1200%2C883&ssl=1&resize=350%2C200","width":350,"height":200,"srcset":"https:\/\/i0.wp.com\/noticiasribeiraopreto.com.br\/wp-content\/uploads\/2024\/10\/ricardo-silva-psd_2024-10-28_18-34-18_jpg_2024-10-28_18-34-19.webp.webp?fit=1200%2C883&ssl=1&resize=350%2C200 1x, https:\/\/i0.wp.com\/noticiasribeiraopreto.com.br\/wp-content\/uploads\/2024\/10\/ricardo-silva-psd_2024-10-28_18-34-18_jpg_2024-10-28_18-34-19.webp.webp?fit=1200%2C883&ssl=1&resize=525%2C300 1.5x, https:\/\/i0.wp.com\/noticiasribeiraopreto.com.br\/wp-content\/uploads\/2024\/10\/ricardo-silva-psd_2024-10-28_18-34-18_jpg_2024-10-28_18-34-19.webp.webp?fit=1200%2C883&ssl=1&resize=700%2C400 2x, https:\/\/i0.wp.com\/noticiasribeiraopreto.com.br\/wp-content\/uploads\/2024\/10\/ricardo-silva-psd_2024-10-28_18-34-18_jpg_2024-10-28_18-34-19.webp.webp?fit=1200%2C883&ssl=1&resize=1050%2C600 3x"},"classes":[]},{"id":71453,"url":"https:\/\/noticiasribeiraopreto.com.br\/index.php\/2025\/06\/06\/prefeitura-entrega-plano-do-saica-ao-mp\/","url_meta":{"origin":73271,"position":5},"title":"Prefeitura entrega plano do Saica ao MP","author":"noticiasribeiraopreto.com.br","date":"6 de June de 2025","format":false,"excerpt":"A prefeitura de Ribeir\u00e3o Preto, por meio da Secretaria Municipal de Assist\u00eancia Social (Semas), enviou ao Minist\u00e9rio P\u00fablico de S\u00e3o Paulo (MPSP) um plano de trabalho e de reestrutura\u00e7\u00e3o em cumprimento \u00e0 decis\u00e3o judicial referente ao Servi\u00e7o de Acolhimento Institucional para Crian\u00e7as e Adolescentes (Saica). Nesta semana, o juiz Paulo\u2026","rel":"","context":"In &quot;Not\u00edcias de Ribeir\u00e3o Preto-SP e Regi\u00e3o&quot;","block_context":{"text":"Not\u00edcias de Ribeir\u00e3o Preto-SP e Regi\u00e3o","link":"https:\/\/noticiasribeiraopreto.com.br\/index.php\/category\/noticias-de-ribeirao-preto-sp-e-regiao-ismael-colosi\/"},"img":{"alt_text":"","src":"https:\/\/i0.wp.com\/noticiasribeiraopreto.com.br\/wp-content\/uploads\/2025\/06\/Saica-Alfredo-Risk-scaled.jpg?fit=800%2C417&ssl=1&resize=350%2C200","width":350,"height":200,"srcset":"https:\/\/i0.wp.com\/noticiasribeiraopreto.com.br\/wp-content\/uploads\/2025\/06\/Saica-Alfredo-Risk-scaled.jpg?fit=800%2C417&ssl=1&resize=350%2C200 1x, https:\/\/i0.wp.com\/noticiasribeiraopreto.com.br\/wp-content\/uploads\/2025\/06\/Saica-Alfredo-Risk-scaled.jpg?fit=800%2C417&ssl=1&resize=525%2C300 1.5x, https:\/\/i0.wp.com\/noticiasribeiraopreto.com.br\/wp-content\/uploads\/2025\/06\/Saica-Alfredo-Risk-scaled.jpg?fit=800%2C417&ssl=1&resize=700%2C400 2x"},"classes":[]}],"jetpack_sharing_enabled":true,"jetpack_shortlink":"https:\/\/wp.me\/peQAOb-j3N","_links":{"self":[{"href":"https:\/\/noticiasribeiraopreto.com.br\/index.php\/wp-json\/wp\/v2\/posts\/73271","targetHints":{"allow":["GET"]}}],"collection":[{"href":"https:\/\/noticiasribeiraopreto.com.br\/index.php\/wp-json\/wp\/v2\/posts"}],"about":[{"href":"https:\/\/noticiasribeiraopreto.com.br\/index.php\/wp-json\/wp\/v2\/types\/post"}],"author":[{"embeddable":true,"href":"https:\/\/noticiasribeiraopreto.com.br\/index.php\/wp-json\/wp\/v2\/users\/1"}],"replies":[{"embeddable":true,"href":"https:\/\/noticiasribeiraopreto.com.br\/index.php\/wp-json\/wp\/v2\/comments?post=73271"}],"version-history":[{"count":0,"href":"https:\/\/noticiasribeiraopreto.com.br\/index.php\/wp-json\/wp\/v2\/posts\/73271\/revisions"}],"wp:featuredmedia":[{"embeddable":true,"href":"https:\/\/noticiasribeiraopreto.com.br\/index.php\/wp-json\/wp\/v2\/media\/73272"}],"wp:attachment":[{"href":"https:\/\/noticiasribeiraopreto.com.br\/index.php\/wp-json\/wp\/v2\/media?parent=73271"}],"wp:term":[{"taxonomy":"category","embeddable":true,"href":"https:\/\/noticiasribeiraopreto.com.br\/index.php\/wp-json\/wp\/v2\/categories?post=73271"},{"taxonomy":"post_tag","embeddable":true,"href":"https:\/\/noticiasribeiraopreto.com.br\/index.php\/wp-json\/wp\/v2\/tags?post=73271"}],"curies":[{"name":"wp","href":"https:\/\/api.w.org\/{rel}","templated":true}]}}