{"id":73273,"date":"2025-06-28T14:15:49","date_gmt":"2025-06-28T17:15:49","guid":{"rendered":"https:\/\/noticiasribeiraopreto.com.br\/index.php\/2025\/06\/28\/festival-repique-confirma-edicao-em-ribeirao-com-pericles-gloria-groove-e-dilsinho\/"},"modified":"2025-06-28T14:15:49","modified_gmt":"2025-06-28T17:15:49","slug":"festival-repique-confirma-edicao-em-ribeirao-com-pericles-gloria-groove-e-dilsinho","status":"publish","type":"post","link":"https:\/\/noticiasribeiraopreto.com.br\/index.php\/2025\/06\/28\/festival-repique-confirma-edicao-em-ribeirao-com-pericles-gloria-groove-e-dilsinho\/","title":{"rendered":"Festival Repique confirma edi\u00e7\u00e3o em Ribeir\u00e3o com P\u00e9ricles, Gloria Groove e Dilsinho"},"content":{"rendered":"<div class='code-block code-block-1' style='margin: 8px 0 8px auto; text-align: right; display: block; clear: both;'>\n<p><a href=\"https:\/\/wa.link\/vpicfd\"><img data-recalc-dims=\"1\" class=\"wp-image-4922\" style=\"aspect-ratio: 2.0253164556962027; width: 561px; height: auto;\" src=\"https:\/\/i0.wp.com\/ismaelcolosi.com.br\/wp-content\/uploads\/2023\/11\/grupo-de-empregos-whatsapp-e-facebook-ismael-colosi-vagas.jpg?ssl=1\" alt=\"\" \/><\/a><\/p>\n<!-- \/wp:image -->\n<\/div>\n<p> <br \/>\n<\/p>\n<div data-td-block-uid=\"tdi_95\">\n<div class=\"tdb-block-inner td-fix-index\">\n<p><strong>Ribeir\u00e3o Preto <\/strong>recebe, pela primeira vez, o <strong>Festival Repique<\/strong>, o maior evento de samba e pagode do interior de <strong>S\u00e3o Paulo<\/strong>. A edi\u00e7\u00e3o acontece no dia <strong>11 de outubro<\/strong>, a partir das <strong>14h<\/strong>, no <strong>Est\u00e1dio Palma Travassos<\/strong> e contar\u00e1 com grandes nomes do samba e pagode. \u2013 veja abaixo. <\/p>\n<p><mark style=\"background-color:#fcb900\" class=\"has-inline-color\">A venda de ingressos inicia a partir do dia 8 de julho<\/mark> atrav\u00e9s do site <strong>Ingresse<\/strong> <strong><a href=\"https:\/\/www.ingresse.com\/\">(clique aqui)<\/a><\/strong>. Informa\u00e7\u00f5es sobre valores e setores <strong>ainda n\u00e3o foram divulgadas<\/strong>.<\/p>\n<h2 class=\"wp-block-heading\"><strong>Atra\u00e7\u00f5es<\/strong><\/h2>\n<p>O evento recebe no <em>line-up<\/em> o cantor <strong>Dilsinho<\/strong>, considerado um dos principais nomes do pagode rom\u00e2ntico contempor\u00e2neo. O grupo nacional <strong>Menos \u00e9 Mais<\/strong> tamb\u00e9m est\u00e1 confirmado no evento.<\/p>\n<p>Al\u00e9m disso, o projeto <strong>Serenata da GG<\/strong>, de <strong>Gloria Groove<\/strong>, traz um espet\u00e1culo onde a cantora vai al\u00e9m do pop e traz samba com releituras e homenagens especiais.<\/p>\n<p>O cantor <strong>P\u00e9ricles<\/strong> tamb\u00e9m se apresenta no <strong>Festival Repique<\/strong>. O grupo ribeir\u00e3o-pretano <strong>Samba 71<\/strong> sobe ao palco do evento representando a nova gera\u00e7\u00e3o do samba.<\/p>\n<hr class=\"wp-block-separator has-alpha-channel-opacity\"\/>\n<p>SAIBA MAIS<br \/>Regi\u00e3o de Ribeir\u00e3o Preto recebe evento gratuito com brincadeiras, m\u00fasica e desfile tem\u00e1tico<\/p>\n<h4 class=\"wp-block-heading\"><strong>FIQUE ON<\/strong><\/h4>\n<p>Quer ficar por dentro de tudo que acontece em Ribeir\u00e3o Preto e regi\u00e3o? Ent\u00e3o siga os perfis do\u202facidade on\u202fno\u202f<a href=\"https:\/\/www.instagram.com\/acidadeonribeirao\" target=\"_blank\" rel=\"noreferrer noopener\">Instagram<\/a>\u202fe no\u202f<a href=\"https:\/\/www.facebook.com\/acidadeonribeirao\/\" target=\"_blank\" rel=\"noreferrer noopener\">Facebook<\/a>.<\/p>\n<p>Al\u00e9m disso, voc\u00ea pode receber as principais not\u00edcias diretamente no WhatsApp. Para isso, basta\u00a0<a href=\"https:\/\/chat.whatsapp.com\/BjKQZ9oJwlz8VVT50NuePq\" target=\"_blank\" rel=\"noreferrer noopener\">entrar no grupo clicando aqui<\/a>.<\/p>\n<p>Por fim, se quiser fazer uma den\u00fancia ou sugerir uma reportagem sobre Ribeir\u00e3o Preto e regi\u00e3o, envie uma mensagem pelo WhatsApp: (16) 99117-7802.<\/p>\n<p>VEJA TAMB\u00c9M<\/p>\n<p>Sabores da Rota: conhe\u00e7a o ganhador da regi\u00e3o da EPTV Central<\/p>\n<p><!-- AI CONTENT END 1 -->\n<\/div>\n<\/div>\n<p><script async src=\"\/\/www.instagram.com\/embed.js\"><\/script><br \/>\n<br \/><br \/>\n<br \/><a href=\"https:\/\/www.acidadeon.com\/ribeiraopreto\/lazer-e-cultura\/festival-repique-confirma-edicao-em-ribeirao-com-pericles-gloria-groove-e-dilsinho\/\">Source link <\/a><\/p>\n<!-- CONTENT END 1 -->\n","protected":false},"excerpt":{"rendered":"<p>Ribeir\u00e3o Preto recebe, pela primeira vez, o Festival Repique, o maior evento de samba e pagode do interior de S\u00e3o Paulo. A edi\u00e7\u00e3o acontece no&#8230;<\/p>\n","protected":false},"author":1,"featured_media":73274,"comment_status":"open","ping_status":"open","sticky":false,"template":"","format":"standard","meta":{"advanced_seo_description":"","jetpack_seo_html_title":"","jetpack_seo_noindex":false,"jetpack_post_was_ever_published":false,"_jetpack_newsletter_access":"","_jetpack_dont_email_post_to_subs":false,"_jetpack_newsletter_tier_id":0,"_jetpack_memberships_contains_paywalled_content":false,"_jetpack_memberships_contains_paid_content":false,"footnotes":"","jetpack_publicize_message":"","jetpack_publicize_feature_enabled":true,"jetpack_social_post_already_shared":true,"jetpack_social_options":{"image_generator_settings":{"template":"highway","default_image_id":0,"font":"","enabled":false},"version":2}},"categories":[11],"tags":[],"class_list":["post-73273","post","type-post","status-publish","format-standard","has-post-thumbnail","hentry","category-noticias-de-ribeirao-preto-sp-e-regiao-ismael-colosi"],"jetpack_publicize_connections":[],"jetpack_featured_media_url":"https:\/\/i0.wp.com\/noticiasribeiraopreto.com.br\/wp-content\/uploads\/2025\/06\/Copia-de-Copia-de-Copia-de-TAMANHO-EXATO-PARA-FOTOS-NO-SISTEMA-NOVO-70_2025-06-28_15-04-50.webp.webp?fit=1200%2C675&ssl=1","jetpack-related-posts":[{"id":74685,"url":"https:\/\/noticiasribeiraopreto.com.br\/index.php\/2025\/07\/27\/festival-repique-traz-samba-e-pagode-para-ribeirao-preto\/","url_meta":{"origin":73273,"position":0},"title":"Festival Repique traz samba e pagode para Ribeir\u00e3o Preto","author":"noticiasribeiraopreto.com.br","date":"27 de July de 2025","format":false,"excerpt":"27 de julho de 2025 12:4627 de julho de 2025 09:4812 Compartilhar0 O Festival Repique promete trazer a Ribeir\u00e3o Preto o melhor do samba e pagode, com grandes artistas e estrutura completa. A festa acontece no dia 11 de outubro, a partir das 14h, no Est\u00e1dio Palma Travassos. Antes de\u2026","rel":"","context":"In &quot;Not\u00edcias de Ribeir\u00e3o Preto-SP e Regi\u00e3o&quot;","block_context":{"text":"Not\u00edcias de Ribeir\u00e3o Preto-SP e Regi\u00e3o","link":"https:\/\/noticiasribeiraopreto.com.br\/index.php\/category\/noticias-de-ribeirao-preto-sp-e-regiao-ismael-colosi\/"},"img":{"alt_text":"","src":"https:\/\/i0.wp.com\/noticiasribeiraopreto.com.br\/wp-content\/uploads\/2025\/07\/festival-repique_site.jpg?fit=1000%2C750&ssl=1&resize=350%2C200","width":350,"height":200,"srcset":"https:\/\/i0.wp.com\/noticiasribeiraopreto.com.br\/wp-content\/uploads\/2025\/07\/festival-repique_site.jpg?fit=1000%2C750&ssl=1&resize=350%2C200 1x, https:\/\/i0.wp.com\/noticiasribeiraopreto.com.br\/wp-content\/uploads\/2025\/07\/festival-repique_site.jpg?fit=1000%2C750&ssl=1&resize=525%2C300 1.5x, https:\/\/i0.wp.com\/noticiasribeiraopreto.com.br\/wp-content\/uploads\/2025\/07\/festival-repique_site.jpg?fit=1000%2C750&ssl=1&resize=700%2C400 2x"},"classes":[]},{"id":46488,"url":"https:\/\/noticiasribeiraopreto.com.br\/index.php\/2024\/04\/11\/capital-do-samba-traz-shows-de-leo-santana-ferrugem-pericles-e-mais-atracoes\/","url_meta":{"origin":73273,"position":1},"title":"Capital do Samba traz shows de L\u00e9o Santana, Ferrugem, P\u00e9ricles e mais atra\u00e7\u00f5es","author":"noticiasribeiraopreto.com.br","date":"11 de April de 2024","format":false,"excerpt":"Capital do Samba traz shows de L\u00e9o Santana, Ferrugem, P\u00e9ricles e mais atra\u00e7\u00f5esTerceira edi\u00e7\u00e3o do festival acontecer\u00e1 na Marina da Gl\u00f3ria, no Rio de Janeiro, nos dias 18 e 19 de maio Grandes nomes do samba e do pagode nacional subir\u00e3o, em maio, ao palco do\u00a0Capital do Samba, festival que\u2026","rel":"","context":"In &quot;Not\u00edcias de Ribeir\u00e3o Preto-SP e Regi\u00e3o&quot;","block_context":{"text":"Not\u00edcias de Ribeir\u00e3o Preto-SP e Regi\u00e3o","link":"https:\/\/noticiasribeiraopreto.com.br\/index.php\/category\/noticias-de-ribeirao-preto-sp-e-regiao-ismael-colosi\/"},"img":{"alt_text":"","src":"https:\/\/i0.wp.com\/noticiasribeiraopreto.com.br\/wp-content\/uploads\/2024\/04\/1027180684.jpg?fit=894%2C1200&ssl=1&resize=350%2C200","width":350,"height":200,"srcset":"https:\/\/i0.wp.com\/noticiasribeiraopreto.com.br\/wp-content\/uploads\/2024\/04\/1027180684.jpg?fit=894%2C1200&ssl=1&resize=350%2C200 1x, https:\/\/i0.wp.com\/noticiasribeiraopreto.com.br\/wp-content\/uploads\/2024\/04\/1027180684.jpg?fit=894%2C1200&ssl=1&resize=525%2C300 1.5x, https:\/\/i0.wp.com\/noticiasribeiraopreto.com.br\/wp-content\/uploads\/2024\/04\/1027180684.jpg?fit=894%2C1200&ssl=1&resize=700%2C400 2x"},"classes":[]},{"id":31207,"url":"https:\/\/noticiasribeiraopreto.com.br\/index.php\/2024\/01\/21\/top-10-pagode-samba-mais-tocadas-em-2024\/","url_meta":{"origin":73273,"position":2},"title":"Top 10 Pagode\/Samba Mais Tocadas em 2024","author":"noticiasribeiraopreto.com.br","date":"21 de January de 2024","format":false,"excerpt":"Confira quais s\u00e3o as m\u00fasicas de pagode e samba mais tocadas. Ou\u00e7a a playlist das melhores m\u00fasicas de pagode e samba mais tocadas nas r\u00e1dios do Brasil. S\u00e3o os maiores sucessos do pagode e samba que os ouvintes mais pedem para tocar. Desse modo, aproveite para ouvir ranking do top\u2026","rel":"","context":"In &quot;Blog&quot;","block_context":{"text":"Blog","link":"https:\/\/noticiasribeiraopreto.com.br\/index.php\/category\/blog\/"},"img":{"alt_text":"","src":"https:\/\/i0.wp.com\/noticiasribeiraopreto.com.br\/wp-content\/uploads\/2024\/01\/Pagode-e-samba-mais-tocadas.jpg?fit=1200%2C750&ssl=1&resize=350%2C200","width":350,"height":200,"srcset":"https:\/\/i0.wp.com\/noticiasribeiraopreto.com.br\/wp-content\/uploads\/2024\/01\/Pagode-e-samba-mais-tocadas.jpg?fit=1200%2C750&ssl=1&resize=350%2C200 1x, https:\/\/i0.wp.com\/noticiasribeiraopreto.com.br\/wp-content\/uploads\/2024\/01\/Pagode-e-samba-mais-tocadas.jpg?fit=1200%2C750&ssl=1&resize=525%2C300 1.5x, https:\/\/i0.wp.com\/noticiasribeiraopreto.com.br\/wp-content\/uploads\/2024\/01\/Pagode-e-samba-mais-tocadas.jpg?fit=1200%2C750&ssl=1&resize=700%2C400 2x, https:\/\/i0.wp.com\/noticiasribeiraopreto.com.br\/wp-content\/uploads\/2024\/01\/Pagode-e-samba-mais-tocadas.jpg?fit=1200%2C750&ssl=1&resize=1050%2C600 3x"},"classes":[]},{"id":82042,"url":"https:\/\/noticiasribeiraopreto.com.br\/index.php\/2026\/02\/02\/sorriso-maroto-confirma-nova-turne-em-ribeirao-preto-veja-quando\/","url_meta":{"origin":73273,"position":3},"title":"Sorriso Maroto confirma nova turn\u00ea em Ribeir\u00e3o Preto; veja quando","author":"noticiasribeiraopreto.com.br","date":"2 de February de 2026","format":false,"excerpt":"O Sorriso Maroto anunciou que trar\u00e1 a Ribeir\u00e3o Preto o seu mais novo projeto, \u201cSorriso Eu Gosto no Pagode\u201d, em formato de roda de samba, no dia 31 de outubro deste ano. Em publica\u00e7\u00e3o feita no Instagram, o grupo confirmou que a turn\u00ea vai passar por oito cidades, al\u00e9m de\u2026","rel":"","context":"In &quot;Not\u00edcias de Ribeir\u00e3o Preto-SP e Regi\u00e3o&quot;","block_context":{"text":"Not\u00edcias de Ribeir\u00e3o Preto-SP e Regi\u00e3o","link":"https:\/\/noticiasribeiraopreto.com.br\/index.php\/category\/noticias-de-ribeirao-preto-sp-e-regiao-ismael-colosi\/"},"img":{"alt_text":"","src":"https:\/\/i0.wp.com\/noticiasribeiraopreto.com.br\/wp-content\/uploads\/2026\/02\/domingo-100_2026-02-01_17-23-40.webp.webp?fit=1200%2C675&ssl=1&resize=350%2C200","width":350,"height":200,"srcset":"https:\/\/i0.wp.com\/noticiasribeiraopreto.com.br\/wp-content\/uploads\/2026\/02\/domingo-100_2026-02-01_17-23-40.webp.webp?fit=1200%2C675&ssl=1&resize=350%2C200 1x, https:\/\/i0.wp.com\/noticiasribeiraopreto.com.br\/wp-content\/uploads\/2026\/02\/domingo-100_2026-02-01_17-23-40.webp.webp?fit=1200%2C675&ssl=1&resize=525%2C300 1.5x, https:\/\/i0.wp.com\/noticiasribeiraopreto.com.br\/wp-content\/uploads\/2026\/02\/domingo-100_2026-02-01_17-23-40.webp.webp?fit=1200%2C675&ssl=1&resize=700%2C400 2x, https:\/\/i0.wp.com\/noticiasribeiraopreto.com.br\/wp-content\/uploads\/2026\/02\/domingo-100_2026-02-01_17-23-40.webp.webp?fit=1200%2C675&ssl=1&resize=1050%2C600 3x"},"classes":[]},{"id":7806,"url":"https:\/\/noticiasribeiraopreto.com.br\/index.php\/2023\/11\/28\/dilsinho-faz-show-gratuito-em-cidade-na-regiao-de-ribeirao-veja-quando\/","url_meta":{"origin":73273,"position":4},"title":"Dilsinho faz show gratuito em cidade na regi\u00e3o de Ribeir\u00e3o; Veja quando","author":"noticiasribeiraopreto.com.br","date":"28 de November de 2023","format":false,"excerpt":"O cantor Dilsinho se apresenta de forma gratuita, nesta sexta-feira (1\u00ba), em Sert\u00e3ozinho, cidade a 21 km de Ribeir\u00e3o Preto. O show acontece no Parque Linear da cidade, a partir das 22h. A apresenta\u00e7\u00e3o faz parte da programa\u00e7\u00e3o do 127\u00ba anivers\u00e1rio de Sert\u00e3ozinho. De acordo com a Prefeitura da cidade,\u2026","rel":"","context":"In &quot;Not\u00edcias de Ribeir\u00e3o Preto-SP e Regi\u00e3o&quot;","block_context":{"text":"Not\u00edcias de Ribeir\u00e3o Preto-SP e Regi\u00e3o","link":"https:\/\/noticiasribeiraopreto.com.br\/index.php\/category\/noticias-de-ribeirao-preto-sp-e-regiao-ismael-colosi\/"},"img":{"alt_text":"","src":"https:\/\/i0.wp.com\/noticiasribeiraopreto.com.br\/wp-content\/uploads\/2023\/11\/405194092_885948156420610_8403092677756061770_n.jpg?fit=1080%2C721&ssl=1&resize=350%2C200","width":350,"height":200,"srcset":"https:\/\/i0.wp.com\/noticiasribeiraopreto.com.br\/wp-content\/uploads\/2023\/11\/405194092_885948156420610_8403092677756061770_n.jpg?fit=1080%2C721&ssl=1&resize=350%2C200 1x, https:\/\/i0.wp.com\/noticiasribeiraopreto.com.br\/wp-content\/uploads\/2023\/11\/405194092_885948156420610_8403092677756061770_n.jpg?fit=1080%2C721&ssl=1&resize=525%2C300 1.5x, https:\/\/i0.wp.com\/noticiasribeiraopreto.com.br\/wp-content\/uploads\/2023\/11\/405194092_885948156420610_8403092677756061770_n.jpg?fit=1080%2C721&ssl=1&resize=700%2C400 2x, https:\/\/i0.wp.com\/noticiasribeiraopreto.com.br\/wp-content\/uploads\/2023\/11\/405194092_885948156420610_8403092677756061770_n.jpg?fit=1080%2C721&ssl=1&resize=1050%2C600 3x"},"classes":[]},{"id":73287,"url":"https:\/\/noticiasribeiraopreto.com.br\/index.php\/2025\/06\/28\/veja-qual-sera-o-trajeto-do-pedala-ribeirao-neste-fim-de-semana\/","url_meta":{"origin":73273,"position":5},"title":"Veja qual ser\u00e1 o trajeto do Pedala Ribeir\u00e3o neste fim de semana","author":"noticiasribeiraopreto.com.br","date":"28 de June de 2025","format":false,"excerpt":"A 12\u00aa edi\u00e7\u00e3o do Pedala Ribeir\u00e3o acontece neste domingo (29), a partir das 9h e ter\u00e1 um percurso de seis quil\u00f4metros, no Parque Doutor Lu\u00eds Carlos Raya, um dos cart\u00f5es postais de\u00a0Ribeir\u00e3o Preto\u00a0\u2013 a chegada acontece no mesmo local. A retirada dos kits de participa\u00e7\u00e3o ser\u00e1 no dia do evento,\u2026","rel":"","context":"In &quot;Not\u00edcias de Ribeir\u00e3o Preto-SP e Regi\u00e3o&quot;","block_context":{"text":"Not\u00edcias de Ribeir\u00e3o Preto-SP e Regi\u00e3o","link":"https:\/\/noticiasribeiraopreto.com.br\/index.php\/category\/noticias-de-ribeirao-preto-sp-e-regiao-ismael-colosi\/"},"img":{"alt_text":"","src":"https:\/\/i0.wp.com\/noticiasribeiraopreto.com.br\/wp-content\/uploads\/2025\/06\/Copia-de-Copia-de-Copia-de-TAMANHO-EXATO-PARA-FOTOS-NO-SISTEMA-NOVO-2025-06-26T173937.111_2025-06-26_20-43-40.webp.webp?fit=1200%2C675&ssl=1&resize=350%2C200","width":350,"height":200,"srcset":"https:\/\/i0.wp.com\/noticiasribeiraopreto.com.br\/wp-content\/uploads\/2025\/06\/Copia-de-Copia-de-Copia-de-TAMANHO-EXATO-PARA-FOTOS-NO-SISTEMA-NOVO-2025-06-26T173937.111_2025-06-26_20-43-40.webp.webp?fit=1200%2C675&ssl=1&resize=350%2C200 1x, https:\/\/i0.wp.com\/noticiasribeiraopreto.com.br\/wp-content\/uploads\/2025\/06\/Copia-de-Copia-de-Copia-de-TAMANHO-EXATO-PARA-FOTOS-NO-SISTEMA-NOVO-2025-06-26T173937.111_2025-06-26_20-43-40.webp.webp?fit=1200%2C675&ssl=1&resize=525%2C300 1.5x, https:\/\/i0.wp.com\/noticiasribeiraopreto.com.br\/wp-content\/uploads\/2025\/06\/Copia-de-Copia-de-Copia-de-TAMANHO-EXATO-PARA-FOTOS-NO-SISTEMA-NOVO-2025-06-26T173937.111_2025-06-26_20-43-40.webp.webp?fit=1200%2C675&ssl=1&resize=700%2C400 2x, https:\/\/i0.wp.com\/noticiasribeiraopreto.com.br\/wp-content\/uploads\/2025\/06\/Copia-de-Copia-de-Copia-de-TAMANHO-EXATO-PARA-FOTOS-NO-SISTEMA-NOVO-2025-06-26T173937.111_2025-06-26_20-43-40.webp.webp?fit=1200%2C675&ssl=1&resize=1050%2C600 3x"},"classes":[]}],"jetpack_sharing_enabled":true,"jetpack_shortlink":"https:\/\/wp.me\/peQAOb-j3P","_links":{"self":[{"href":"https:\/\/noticiasribeiraopreto.com.br\/index.php\/wp-json\/wp\/v2\/posts\/73273","targetHints":{"allow":["GET"]}}],"collection":[{"href":"https:\/\/noticiasribeiraopreto.com.br\/index.php\/wp-json\/wp\/v2\/posts"}],"about":[{"href":"https:\/\/noticiasribeiraopreto.com.br\/index.php\/wp-json\/wp\/v2\/types\/post"}],"author":[{"embeddable":true,"href":"https:\/\/noticiasribeiraopreto.com.br\/index.php\/wp-json\/wp\/v2\/users\/1"}],"replies":[{"embeddable":true,"href":"https:\/\/noticiasribeiraopreto.com.br\/index.php\/wp-json\/wp\/v2\/comments?post=73273"}],"version-history":[{"count":0,"href":"https:\/\/noticiasribeiraopreto.com.br\/index.php\/wp-json\/wp\/v2\/posts\/73273\/revisions"}],"wp:featuredmedia":[{"embeddable":true,"href":"https:\/\/noticiasribeiraopreto.com.br\/index.php\/wp-json\/wp\/v2\/media\/73274"}],"wp:attachment":[{"href":"https:\/\/noticiasribeiraopreto.com.br\/index.php\/wp-json\/wp\/v2\/media?parent=73273"}],"wp:term":[{"taxonomy":"category","embeddable":true,"href":"https:\/\/noticiasribeiraopreto.com.br\/index.php\/wp-json\/wp\/v2\/categories?post=73273"},{"taxonomy":"post_tag","embeddable":true,"href":"https:\/\/noticiasribeiraopreto.com.br\/index.php\/wp-json\/wp\/v2\/tags?post=73273"}],"curies":[{"name":"wp","href":"https:\/\/api.w.org\/{rel}","templated":true}]}}