{"id":73275,"date":"2025-06-28T14:22:55","date_gmt":"2025-06-28T17:22:55","guid":{"rendered":"https:\/\/noticiasribeiraopreto.com.br\/index.php\/2025\/06\/28\/sol-forte-atrapalha-motorista-e-causa-batida-entre-caminhoes-em-franca\/"},"modified":"2025-06-28T14:22:55","modified_gmt":"2025-06-28T17:22:55","slug":"sol-forte-atrapalha-motorista-e-causa-batida-entre-caminhoes-em-franca","status":"publish","type":"post","link":"https:\/\/noticiasribeiraopreto.com.br\/index.php\/2025\/06\/28\/sol-forte-atrapalha-motorista-e-causa-batida-entre-caminhoes-em-franca\/","title":{"rendered":"Sol forte atrapalha motorista e causa batida entre caminh\u00f5es em Franca"},"content":{"rendered":"<div class='code-block code-block-1' style='margin: 8px 0 8px auto; text-align: right; display: block; clear: both;'>\n<p><a href=\"https:\/\/wa.link\/vpicfd\"><img data-recalc-dims=\"1\" class=\"wp-image-4922\" style=\"aspect-ratio: 2.0253164556962027; width: 561px; height: auto;\" src=\"https:\/\/i0.wp.com\/ismaelcolosi.com.br\/wp-content\/uploads\/2023\/11\/grupo-de-empregos-whatsapp-e-facebook-ismael-colosi-vagas.jpg?ssl=1\" alt=\"\" \/><\/a><\/p>\n<!-- \/wp:image -->\n<\/div>\n<p> <br \/>\n<\/p>\n<div data-td-block-uid=\"tdi_95\">\n<div class=\"tdb-block-inner td-fix-index\">\n<p><strong>Dois caminh\u00f5es<\/strong> se envolveram em um <strong>acidente de tr\u00e2nsito <\/strong>na manh\u00e3 deste s\u00e1bado (28), na avenida Em\u00edlio Paludeto, em <strong>Franca<\/strong>, cidade a cerca de 90 quil\u00f4metros de <strong>Ribeir\u00e3o Preto<\/strong>.<\/p>\n<p>Conforme apura\u00e7\u00e3o da <strong>EPTV<\/strong>, um <strong>caminh\u00e3o betoneira<\/strong> trafegava pela via quando colidiu com uma <strong>carreta <\/strong>que <strong>estava estacionada<\/strong>.<\/p>\n<p>De acordo com o relato do motorista \u00e0 <strong>PM (Pol\u00edcia Militar)<\/strong>, <mark style=\"background-color:#fcb900\" class=\"has-inline-color\">o <strong>sol forte teria ofuscado sua vis\u00e3o<\/strong>, o que fez com que ele perdesse o controle da dire\u00e7\u00e3o e atingisse o ve\u00edculo parado.<\/mark><\/p>\n<p>Embora o caminh\u00e3o tenha tido a parte dianteira destru\u00edda com o impacto, o condutor n\u00e3o se feriu. O caminh\u00e3o j\u00e1 foi guinchado e retirado do local.<\/p>\n<h2 class=\"wp-block-heading\"><strong>N\u00e3o \u00e9 a primeira vez<\/strong><\/h2>\n<p>No dia 31 de maio, outro acidente semelhante aconteceu no local. Na \u00e9poca, o motorista de um dos caminh\u00f5es envolvido tamb\u00e9m <strong>disse que bateu na traseira do outro ap\u00f3s ter a vista comprometida devido ao sol<\/strong>.<\/p>\n<p><em>*Com informa\u00e7\u00f5es da EPTV<\/em><\/p>\n<hr class=\"wp-block-separator has-alpha-channel-opacity\"\/>\n<p>SAIBA MAIS<\/p>\n<p>Regi\u00e3o de Ribeir\u00e3o Preto recebe evento gratuito com brincadeiras, m\u00fasica e desfile tem\u00e1tico<\/p>\n<h4 class=\"wp-block-heading\"><strong>FIQUE ON<\/strong><\/h4>\n<p>Quer ficar por dentro de tudo que acontece em Ribeir\u00e3o Preto e regi\u00e3o? Ent\u00e3o siga os perfis do\u202facidade on\u202fno\u202f<a href=\"https:\/\/www.instagram.com\/acidadeonribeirao\" target=\"_blank\" rel=\"noreferrer noopener\">Instagram<\/a>\u202fe no\u202f<a href=\"https:\/\/www.facebook.com\/acidadeonribeirao\/\" target=\"_blank\" rel=\"noreferrer noopener\">Facebook<\/a>.<\/p>\n<p>Al\u00e9m disso, voc\u00ea pode receber as principais not\u00edcias diretamente no WhatsApp. Para isso, basta\u00a0<a href=\"https:\/\/chat.whatsapp.com\/BjKQZ9oJwlz8VVT50NuePq\" target=\"_blank\" rel=\"noreferrer noopener\">entrar no grupo clicando aqui<\/a>.<\/p>\n<p>Por fim, se quiser fazer uma den\u00fancia ou sugerir uma reportagem sobre Ribeir\u00e3o Preto e regi\u00e3o, envie uma mensagem pelo WhatsApp: (16) 99117-7802.<\/p>\n<p>VEJA TAMB\u00c9M<\/p>\n<p>Sabores da Rota: conhe\u00e7a o ganhador da regi\u00e3o da EPTV Central<\/p>\n<p><!-- AI CONTENT END 1 -->\n<\/div>\n<\/div>\n<p><script async src=\"\/\/www.instagram.com\/embed.js\"><\/script><br \/>\n<br \/><br \/>\n<br \/><a href=\"https:\/\/www.acidadeon.com\/ribeiraopreto\/cotidiano\/sol-forte-atrapalha-motorista-e-causa-batida-entre-caminhoes-em-franca\/\">Source link <\/a><\/p>\n<!-- CONTENT END 1 -->\n","protected":false},"excerpt":{"rendered":"<p>Dois caminh\u00f5es se envolveram em um acidente de tr\u00e2nsito na manh\u00e3 deste s\u00e1bado (28), na avenida Em\u00edlio Paludeto, em Franca, cidade a cerca de 90&#8230;<\/p>\n","protected":false},"author":1,"featured_media":73276,"comment_status":"open","ping_status":"open","sticky":false,"template":"","format":"standard","meta":{"advanced_seo_description":"","jetpack_seo_html_title":"","jetpack_seo_noindex":false,"jetpack_post_was_ever_published":false,"_jetpack_newsletter_access":"","_jetpack_dont_email_post_to_subs":false,"_jetpack_newsletter_tier_id":0,"_jetpack_memberships_contains_paywalled_content":false,"_jetpack_memberships_contains_paid_content":false,"footnotes":"","jetpack_publicize_message":"","jetpack_publicize_feature_enabled":true,"jetpack_social_post_already_shared":true,"jetpack_social_options":{"image_generator_settings":{"template":"highway","default_image_id":0,"font":"","enabled":false},"version":2}},"categories":[11],"tags":[],"class_list":["post-73275","post","type-post","status-publish","format-standard","has-post-thumbnail","hentry","category-noticias-de-ribeirao-preto-sp-e-regiao-ismael-colosi"],"jetpack_publicize_connections":[],"jetpack_featured_media_url":"https:\/\/i0.wp.com\/noticiasribeiraopreto.com.br\/wp-content\/uploads\/2025\/06\/Copia-de-Copia-de-Copia-de-TAMANHO-EXATO-PARA-FOTOS-NO-SISTEMA-NOVO-2025-06-28T114508.772_2025-06-28_14-48-16.webp.webp?fit=1200%2C675&ssl=1","jetpack-related-posts":[{"id":70930,"url":"https:\/\/noticiasribeiraopreto.com.br\/index.php\/2025\/05\/31\/nao-vi-nada-sol-forte-ofusca-visao-de-motorista-e-caminhao-tem-cabine-destruida\/","url_meta":{"origin":73275,"position":0},"title":"&#8216;N\u00e3o vi nada&#8217;: sol forte ofusca vis\u00e3o de motorista e caminh\u00e3o tem cabine destru\u00edda","author":"noticiasribeiraopreto.com.br","date":"31 de May de 2025","format":false,"excerpt":"Dois caminh\u00f5es se envolveram em um acidente de tr\u00e2nsito na manh\u00e3 deste s\u00e1bado (31), em Franca cidade acerca de 90 quil\u00f4metros de Ribeir\u00e3o Preto. O caso aconteceu na avenida Em\u00edlio Paludeto, na zona sul do munic\u00edpio. Imagens do local mostram a cabine de um dos ve\u00edculos envolvidos totalmente destru\u00edda \u2013\u2026","rel":"","context":"In &quot;Not\u00edcias de Ribeir\u00e3o Preto-SP e Regi\u00e3o&quot;","block_context":{"text":"Not\u00edcias de Ribeir\u00e3o Preto-SP e Regi\u00e3o","link":"https:\/\/noticiasribeiraopreto.com.br\/index.php\/category\/noticias-de-ribeirao-preto-sp-e-regiao-ismael-colosi\/"},"img":{"alt_text":"","src":"https:\/\/i0.wp.com\/noticiasribeiraopreto.com.br\/wp-content\/uploads\/2025\/05\/Copia-de-Copia-de-Copia-de-TAMANHO-EXATO-PARA-FOTOS-NO-SISTEMA-NOVO-2025-05-31T103919.598_2025-05-31_13-39-40.webp.webp?fit=1200%2C675&ssl=1&resize=350%2C200","width":350,"height":200,"srcset":"https:\/\/i0.wp.com\/noticiasribeiraopreto.com.br\/wp-content\/uploads\/2025\/05\/Copia-de-Copia-de-Copia-de-TAMANHO-EXATO-PARA-FOTOS-NO-SISTEMA-NOVO-2025-05-31T103919.598_2025-05-31_13-39-40.webp.webp?fit=1200%2C675&ssl=1&resize=350%2C200 1x, https:\/\/i0.wp.com\/noticiasribeiraopreto.com.br\/wp-content\/uploads\/2025\/05\/Copia-de-Copia-de-Copia-de-TAMANHO-EXATO-PARA-FOTOS-NO-SISTEMA-NOVO-2025-05-31T103919.598_2025-05-31_13-39-40.webp.webp?fit=1200%2C675&ssl=1&resize=525%2C300 1.5x, https:\/\/i0.wp.com\/noticiasribeiraopreto.com.br\/wp-content\/uploads\/2025\/05\/Copia-de-Copia-de-Copia-de-TAMANHO-EXATO-PARA-FOTOS-NO-SISTEMA-NOVO-2025-05-31T103919.598_2025-05-31_13-39-40.webp.webp?fit=1200%2C675&ssl=1&resize=700%2C400 2x, https:\/\/i0.wp.com\/noticiasribeiraopreto.com.br\/wp-content\/uploads\/2025\/05\/Copia-de-Copia-de-Copia-de-TAMANHO-EXATO-PARA-FOTOS-NO-SISTEMA-NOVO-2025-05-31T103919.598_2025-05-31_13-39-40.webp.webp?fit=1200%2C675&ssl=1&resize=1050%2C600 3x"},"classes":[]},{"id":84515,"url":"https:\/\/noticiasribeiraopreto.com.br\/index.php\/2026\/04\/10\/motorista-morre-apos-colisao-entre-dois-caminhoes-em-rodovia-da-regiao\/","url_meta":{"origin":73275,"position":1},"title":"Motorista morre ap\u00f3s colis\u00e3o entre dois caminh\u00f5es em rodovia da regi\u00e3o","author":"noticiasribeiraopreto.com.br","date":"10 de April de 2026","format":false,"excerpt":"Ler o resumo da not\u00edcia Motorista morreu em colis\u00e3o entre dois caminh\u00f5es na rodovia Laurentino Mascari, em Taquaritinga (SP), na tarde desta sexta-feira (10). Condutor de caminh\u00e3o branco perdeu o controle ap\u00f3s dormir ao volante e atingiu a lateral de um caminh\u00e3o preto no sentido oposto. O passageiro do caminh\u00e3o\u2026","rel":"","context":"In &quot;Not\u00edcias de Ribeir\u00e3o Preto-SP e Regi\u00e3o&quot;","block_context":{"text":"Not\u00edcias de Ribeir\u00e3o Preto-SP e Regi\u00e3o","link":"https:\/\/noticiasribeiraopreto.com.br\/index.php\/category\/noticias-de-ribeirao-preto-sp-e-regiao-ismael-colosi\/"},"img":{"alt_text":"","src":"https:\/\/i0.wp.com\/noticiasribeiraopreto.com.br\/wp-content\/uploads\/2026\/04\/030911d9-d2f5-4c7a-8495-ad2559c94125_2026-04-10_18-59-43.webp.webp?fit=704%2C576&ssl=1&resize=350%2C200","width":350,"height":200,"srcset":"https:\/\/i0.wp.com\/noticiasribeiraopreto.com.br\/wp-content\/uploads\/2026\/04\/030911d9-d2f5-4c7a-8495-ad2559c94125_2026-04-10_18-59-43.webp.webp?fit=704%2C576&ssl=1&resize=350%2C200 1x, https:\/\/i0.wp.com\/noticiasribeiraopreto.com.br\/wp-content\/uploads\/2026\/04\/030911d9-d2f5-4c7a-8495-ad2559c94125_2026-04-10_18-59-43.webp.webp?fit=704%2C576&ssl=1&resize=525%2C300 1.5x, https:\/\/i0.wp.com\/noticiasribeiraopreto.com.br\/wp-content\/uploads\/2026\/04\/030911d9-d2f5-4c7a-8495-ad2559c94125_2026-04-10_18-59-43.webp.webp?fit=704%2C576&ssl=1&resize=700%2C400 2x"},"classes":[]},{"id":3705,"url":"https:\/\/noticiasribeiraopreto.com.br\/index.php\/2023\/11\/19\/acidente-entre-caminhoes-e-carro-deixa-uma-vitima-fatal-na-regiao-de-ribeirao-preto\/","url_meta":{"origin":73275,"position":2},"title":"Acidente entre caminh\u00f5es e carro deixa uma v\u00edtima fatal na regi\u00e3o de Ribeir\u00e3o Preto","author":"noticiasribeiraopreto.com.br","date":"19 de November de 2023","format":false,"excerpt":"Um homem de 41 anos morreu, na tarde deste domingo (19), ap\u00f3s um acidente entre dois caminh\u00f5es e um ve\u00edculo, na estrada vicinal Argeo Marchi\u00f3, no distrito de Cruz das Posses, em Sert\u00e3ozinho. De acordo com a apura\u00e7\u00e3o de uma equipe da EPTV, que esteve no local do ocorrido e\u2026","rel":"","context":"In &quot;Not\u00edcias de Ribeir\u00e3o Preto-SP e Regi\u00e3o&quot;","block_context":{"text":"Not\u00edcias de Ribeir\u00e3o Preto-SP e Regi\u00e3o","link":"https:\/\/noticiasribeiraopreto.com.br\/index.php\/category\/noticias-de-ribeirao-preto-sp-e-regiao-ismael-colosi\/"},"img":{"alt_text":"","src":"https:\/\/i0.wp.com\/noticiasribeiraopreto.com.br\/wp-content\/uploads\/2023\/11\/WhatsApp-Image-2023-11-19-at-19.20.07.jpeg?fit=1200%2C675&ssl=1&resize=350%2C200","width":350,"height":200,"srcset":"https:\/\/i0.wp.com\/noticiasribeiraopreto.com.br\/wp-content\/uploads\/2023\/11\/WhatsApp-Image-2023-11-19-at-19.20.07.jpeg?fit=1200%2C675&ssl=1&resize=350%2C200 1x, https:\/\/i0.wp.com\/noticiasribeiraopreto.com.br\/wp-content\/uploads\/2023\/11\/WhatsApp-Image-2023-11-19-at-19.20.07.jpeg?fit=1200%2C675&ssl=1&resize=525%2C300 1.5x, https:\/\/i0.wp.com\/noticiasribeiraopreto.com.br\/wp-content\/uploads\/2023\/11\/WhatsApp-Image-2023-11-19-at-19.20.07.jpeg?fit=1200%2C675&ssl=1&resize=700%2C400 2x, https:\/\/i0.wp.com\/noticiasribeiraopreto.com.br\/wp-content\/uploads\/2023\/11\/WhatsApp-Image-2023-11-19-at-19.20.07.jpeg?fit=1200%2C675&ssl=1&resize=1050%2C600 3x"},"classes":[]},{"id":70928,"url":"https:\/\/noticiasribeiraopreto.com.br\/index.php\/2025\/05\/31\/acidente-entre-carro-e-caminhao-deixa-um-morto-e-duas-pessoas-em-estado-grave\/","url_meta":{"origin":73275,"position":3},"title":"Acidente entre carro e caminh\u00e3o deixa um morto e duas pessoas em estado grave","author":"noticiasribeiraopreto.com.br","date":"31 de May de 2025","format":false,"excerpt":"Um homem morreu e outras duas mulheres ficaram gravemente feridas ap\u00f3s um acidente envolvendo um carro e um caminh\u00e3o na rodovia vicinal Joaquim Garcia Franco, em Gua\u00edra, cidade na regi\u00e3o de Ribeir\u00e3o Preto, na noite desta sexta-feira (29). Uma crian\u00e7a de dois anos tamb\u00e9m estava no ve\u00edculo, contudo, teve apenas\u2026","rel":"","context":"In &quot;Not\u00edcias de Ribeir\u00e3o Preto-SP e Regi\u00e3o&quot;","block_context":{"text":"Not\u00edcias de Ribeir\u00e3o Preto-SP e Regi\u00e3o","link":"https:\/\/noticiasribeiraopreto.com.br\/index.php\/category\/noticias-de-ribeirao-preto-sp-e-regiao-ismael-colosi\/"},"img":{"alt_text":"","src":"https:\/\/i0.wp.com\/noticiasribeiraopreto.com.br\/wp-content\/uploads\/2025\/05\/Copia-de-Copia-de-Copia-de-TAMANHO-EXATO-PARA-FOTOS-NO-SISTEMA-NOVO-2025-05-31T114635.774_2025-05-31_14-46-41.webp.webp?fit=1200%2C675&ssl=1&resize=350%2C200","width":350,"height":200,"srcset":"https:\/\/i0.wp.com\/noticiasribeiraopreto.com.br\/wp-content\/uploads\/2025\/05\/Copia-de-Copia-de-Copia-de-TAMANHO-EXATO-PARA-FOTOS-NO-SISTEMA-NOVO-2025-05-31T114635.774_2025-05-31_14-46-41.webp.webp?fit=1200%2C675&ssl=1&resize=350%2C200 1x, https:\/\/i0.wp.com\/noticiasribeiraopreto.com.br\/wp-content\/uploads\/2025\/05\/Copia-de-Copia-de-Copia-de-TAMANHO-EXATO-PARA-FOTOS-NO-SISTEMA-NOVO-2025-05-31T114635.774_2025-05-31_14-46-41.webp.webp?fit=1200%2C675&ssl=1&resize=525%2C300 1.5x, https:\/\/i0.wp.com\/noticiasribeiraopreto.com.br\/wp-content\/uploads\/2025\/05\/Copia-de-Copia-de-Copia-de-TAMANHO-EXATO-PARA-FOTOS-NO-SISTEMA-NOVO-2025-05-31T114635.774_2025-05-31_14-46-41.webp.webp?fit=1200%2C675&ssl=1&resize=700%2C400 2x, https:\/\/i0.wp.com\/noticiasribeiraopreto.com.br\/wp-content\/uploads\/2025\/05\/Copia-de-Copia-de-Copia-de-TAMANHO-EXATO-PARA-FOTOS-NO-SISTEMA-NOVO-2025-05-31T114635.774_2025-05-31_14-46-41.webp.webp?fit=1200%2C675&ssl=1&resize=1050%2C600 3x"},"classes":[]},{"id":76463,"url":"https:\/\/noticiasribeiraopreto.com.br\/index.php\/2025\/08\/29\/motorista-de-caminhao-morre-ao-colidir-com-carreta-em-posto-na-anhanguera\/","url_meta":{"origin":73275,"position":4},"title":"Motorista de caminh\u00e3o morre ao colidir com carreta em posto na Anhanguera","author":"noticiasribeiraopreto.com.br","date":"29 de August de 2025","format":false,"excerpt":"O motorista de um caminh\u00e3o morreu na manh\u00e3 desta sexta-feira (29) na rodovia Anhanguera, na altura do quil\u00f4metro 286, em Cravinhos. O acidente aconteceu dentro de um posto de combust\u00edveis, onde dois caminh\u00f5es se chocaram. De acordo com o CCI (Centro de Controle de Informa\u00e7\u00f5es) da Artesp, o ve\u00edculo conduzido\u2026","rel":"","context":"In &quot;Not\u00edcias de Ribeir\u00e3o Preto-SP e Regi\u00e3o&quot;","block_context":{"text":"Not\u00edcias de Ribeir\u00e3o Preto-SP e Regi\u00e3o","link":"https:\/\/noticiasribeiraopreto.com.br\/index.php\/category\/noticias-de-ribeirao-preto-sp-e-regiao-ismael-colosi\/"},"img":{"alt_text":"","src":"https:\/\/i0.wp.com\/noticiasribeiraopreto.com.br\/wp-content\/uploads\/2025\/08\/caminhao-anhanguera_2025-08-29_15-07-50.webp.webp?fit=972%2C741&ssl=1&resize=350%2C200","width":350,"height":200,"srcset":"https:\/\/i0.wp.com\/noticiasribeiraopreto.com.br\/wp-content\/uploads\/2025\/08\/caminhao-anhanguera_2025-08-29_15-07-50.webp.webp?fit=972%2C741&ssl=1&resize=350%2C200 1x, https:\/\/i0.wp.com\/noticiasribeiraopreto.com.br\/wp-content\/uploads\/2025\/08\/caminhao-anhanguera_2025-08-29_15-07-50.webp.webp?fit=972%2C741&ssl=1&resize=525%2C300 1.5x, https:\/\/i0.wp.com\/noticiasribeiraopreto.com.br\/wp-content\/uploads\/2025\/08\/caminhao-anhanguera_2025-08-29_15-07-50.webp.webp?fit=972%2C741&ssl=1&resize=700%2C400 2x"},"classes":[]},{"id":63774,"url":"https:\/\/noticiasribeiraopreto.com.br\/index.php\/2025\/02\/21\/motorista-de-caminhao-envolvido-em-batida-com-onibus-e-preso-12-estudantes-morreram\/","url_meta":{"origin":73275,"position":5},"title":"Motorista de caminh\u00e3o envolvido em batida com \u00f4nibus \u00e9 preso; 12 estudantes morreram","author":"noticiasribeiraopreto.com.br","date":"21 de February de 2025","format":false,"excerpt":"O motorista do caminh\u00e3o envolvido em um acidente com um \u00f4nibus na noite desta quinta-feira (20), na rodovia Waldir Canevari (SP-355\/330), entre os munic\u00edpios de Nuporanga e S\u00e3o Jos\u00e9 da Bela Vista, foi preso. Doze estudantes de S\u00e3o Joaquim da Barra que estavam no \u00f4nibus morreram. Outras 19 pessoas ficaram\u2026","rel":"","context":"In &quot;Not\u00edcias de Ribeir\u00e3o Preto-SP e Regi\u00e3o&quot;","block_context":{"text":"Not\u00edcias de Ribeir\u00e3o Preto-SP e Regi\u00e3o","link":"https:\/\/noticiasribeiraopreto.com.br\/index.php\/category\/noticias-de-ribeirao-preto-sp-e-regiao-ismael-colosi\/"},"img":{"alt_text":"","src":"https:\/\/i0.wp.com\/noticiasribeiraopreto.com.br\/wp-content\/uploads\/2025\/02\/WhatsApp-Image-2025-02-21-at-06.46.11_2025-02-21_10-55-29_jpeg_2025-02-21_10-55-30-scaled.webp.webp?fit=1200%2C675&ssl=1&resize=350%2C200","width":350,"height":200,"srcset":"https:\/\/i0.wp.com\/noticiasribeiraopreto.com.br\/wp-content\/uploads\/2025\/02\/WhatsApp-Image-2025-02-21-at-06.46.11_2025-02-21_10-55-29_jpeg_2025-02-21_10-55-30-scaled.webp.webp?fit=1200%2C675&ssl=1&resize=350%2C200 1x, https:\/\/i0.wp.com\/noticiasribeiraopreto.com.br\/wp-content\/uploads\/2025\/02\/WhatsApp-Image-2025-02-21-at-06.46.11_2025-02-21_10-55-29_jpeg_2025-02-21_10-55-30-scaled.webp.webp?fit=1200%2C675&ssl=1&resize=525%2C300 1.5x, https:\/\/i0.wp.com\/noticiasribeiraopreto.com.br\/wp-content\/uploads\/2025\/02\/WhatsApp-Image-2025-02-21-at-06.46.11_2025-02-21_10-55-29_jpeg_2025-02-21_10-55-30-scaled.webp.webp?fit=1200%2C675&ssl=1&resize=700%2C400 2x, https:\/\/i0.wp.com\/noticiasribeiraopreto.com.br\/wp-content\/uploads\/2025\/02\/WhatsApp-Image-2025-02-21-at-06.46.11_2025-02-21_10-55-29_jpeg_2025-02-21_10-55-30-scaled.webp.webp?fit=1200%2C675&ssl=1&resize=1050%2C600 3x"},"classes":[]}],"jetpack_sharing_enabled":true,"jetpack_shortlink":"https:\/\/wp.me\/peQAOb-j3R","_links":{"self":[{"href":"https:\/\/noticiasribeiraopreto.com.br\/index.php\/wp-json\/wp\/v2\/posts\/73275","targetHints":{"allow":["GET"]}}],"collection":[{"href":"https:\/\/noticiasribeiraopreto.com.br\/index.php\/wp-json\/wp\/v2\/posts"}],"about":[{"href":"https:\/\/noticiasribeiraopreto.com.br\/index.php\/wp-json\/wp\/v2\/types\/post"}],"author":[{"embeddable":true,"href":"https:\/\/noticiasribeiraopreto.com.br\/index.php\/wp-json\/wp\/v2\/users\/1"}],"replies":[{"embeddable":true,"href":"https:\/\/noticiasribeiraopreto.com.br\/index.php\/wp-json\/wp\/v2\/comments?post=73275"}],"version-history":[{"count":0,"href":"https:\/\/noticiasribeiraopreto.com.br\/index.php\/wp-json\/wp\/v2\/posts\/73275\/revisions"}],"wp:featuredmedia":[{"embeddable":true,"href":"https:\/\/noticiasribeiraopreto.com.br\/index.php\/wp-json\/wp\/v2\/media\/73276"}],"wp:attachment":[{"href":"https:\/\/noticiasribeiraopreto.com.br\/index.php\/wp-json\/wp\/v2\/media?parent=73275"}],"wp:term":[{"taxonomy":"category","embeddable":true,"href":"https:\/\/noticiasribeiraopreto.com.br\/index.php\/wp-json\/wp\/v2\/categories?post=73275"},{"taxonomy":"post_tag","embeddable":true,"href":"https:\/\/noticiasribeiraopreto.com.br\/index.php\/wp-json\/wp\/v2\/tags?post=73275"}],"curies":[{"name":"wp","href":"https:\/\/api.w.org\/{rel}","templated":true}]}}