{"id":73277,"date":"2025-06-28T14:30:23","date_gmt":"2025-06-28T17:30:23","guid":{"rendered":"https:\/\/noticiasribeiraopreto.com.br\/index.php\/2025\/06\/28\/regiao-de-ribeirao-preto-recebe-evento-gratuito-com-brincadeiras-musica-e-desfile-tematico\/"},"modified":"2025-06-28T14:30:23","modified_gmt":"2025-06-28T17:30:23","slug":"regiao-de-ribeirao-preto-recebe-evento-gratuito-com-brincadeiras-musica-e-desfile-tematico","status":"publish","type":"post","link":"https:\/\/noticiasribeiraopreto.com.br\/index.php\/2025\/06\/28\/regiao-de-ribeirao-preto-recebe-evento-gratuito-com-brincadeiras-musica-e-desfile-tematico\/","title":{"rendered":"Regi\u00e3o de Ribeir\u00e3o Preto recebe evento gratuito com brincadeiras, m\u00fasica e desfile tem\u00e1tico"},"content":{"rendered":"<div class='code-block code-block-1' style='margin: 8px 0 8px auto; text-align: right; display: block; clear: both;'>\n<p><a href=\"https:\/\/wa.link\/vpicfd\"><img data-recalc-dims=\"1\" class=\"wp-image-4922\" style=\"aspect-ratio: 2.0253164556962027; width: 561px; height: auto;\" src=\"https:\/\/i0.wp.com\/ismaelcolosi.com.br\/wp-content\/uploads\/2023\/11\/grupo-de-empregos-whatsapp-e-facebook-ismael-colosi-vagas.jpg?ssl=1\" alt=\"\" \/><\/a><\/p>\n<!-- \/wp:image -->\n<\/div>\n<p> <br \/>\n<\/p>\n<div data-td-block-uid=\"tdi_95\">\n<div class=\"tdb-block-inner td-fix-index\">\n<p><strong>Pedregulho<\/strong>, cidade na regi\u00e3o de <strong>Ribeir\u00e3o Preto<\/strong> recebe o <strong>Circuito Credicitrus<\/strong> neste <strong>s\u00e1bado (28),<\/strong> das <strong>16h \u00e0s 21h<\/strong>, na <strong>pra\u00e7a Oct\u00e1vio Qu\u00e9rcia<\/strong>. O tema deste ano \u00e9 \u201c<strong>Aventura Safari<\/strong>\u201d e traz uma programa\u00e7\u00e3o especial para toda fam\u00edlia. A entrada \u00e9 <strong>gratuita.<\/strong><\/p>\n<p>A programa\u00e7\u00e3o conta com atividades infantis como <strong>brincadeiras<\/strong>, <strong>pintura facial<\/strong>, <strong>espa\u00e7o de jogos <\/strong>e at\u00e9 um <strong>desfile tem\u00e1tico<\/strong>, no qual personagens fantasiados far\u00e3o intera\u00e7\u00e3o com o p\u00fablico. O encerramento ser\u00e1 marcado por um espet\u00e1culo musical inspirado no universo safari.<\/p>\n<h2 class=\"wp-block-heading\"><strong>Estrutura<\/strong><\/h2>\n<p>A estrutura do evento ser\u00e1 tem\u00e1tica e contar\u00e1 com <strong>espa\u00e7os interativos<\/strong> e <strong>pra\u00e7a de alimenta\u00e7\u00e3o<\/strong>. As barraquinhas de comidas e bebidas espalhadas pelo evento ser\u00e3o coordenadas por institui\u00e7\u00f5es beneficentes da cidade, que ficar\u00e3o com toda a renda arrecadada.<\/p>\n<h2 class=\"wp-block-heading\"><strong>Arrecada\u00e7\u00e3o solid\u00e1ria<\/strong><\/h2>\n<p>O <strong>Circuito Credicitrus<\/strong> tamb\u00e9m realiza a campanha de arrecada\u00e7\u00e3o de produtos de higiene pessoal e limpeza, para ganhar um brinde ao participar da atividade de tiro ao alvo. Todos os produtos arrecadados ser\u00e3o doados a entidades assistenciais do munic\u00edpio.<\/p>\n<h2 class=\"wp-block-heading\"><strong>Servi\u00e7o<\/strong><\/h2>\n<p><strong><em>Circuito Credicitrus<\/em><\/strong><\/p>\n<p><strong>Quando: <\/strong>28 de junho, s\u00e1bado <strong><br \/>Hor\u00e1rio: <\/strong>Das 16h \u00e0s 21h<strong><br \/>Local: <\/strong>Pra\u00e7a Oct\u00e1vio Qu\u00e9rcia \u2013 Pedregulho <strong><br \/>Entrada gratuita<\/strong><\/p>\n<p>SAIBA MAIS<br \/>Ribeir\u00e3o Preto recebe 6\u00aa edi\u00e7\u00e3o de \u2018Festival P\u00e9 na Porta\u2019 neste final de semana<\/p>\n<h4 class=\"wp-block-heading\"><strong>FIQUE ON<\/strong><\/h4>\n<p>Quer ficar por dentro de tudo que acontece em Ribeir\u00e3o Preto e regi\u00e3o? Ent\u00e3o siga os perfis do\u202facidade on\u202fno\u202f<a href=\"https:\/\/www.instagram.com\/acidadeonribeirao\" target=\"_blank\" rel=\"noreferrer noopener\">Instagram<\/a>\u202fe no\u202f<a href=\"https:\/\/www.facebook.com\/acidadeonribeirao\/\" target=\"_blank\" rel=\"noreferrer noopener\">Facebook<\/a>.<\/p>\n<p>Al\u00e9m disso, voc\u00ea pode receber as principais not\u00edcias diretamente no WhatsApp. Para isso, basta\u00a0<a href=\"https:\/\/chat.whatsapp.com\/BjKQZ9oJwlz8VVT50NuePq\" target=\"_blank\" rel=\"noreferrer noopener\">entrar no grupo clicando aqui<\/a>.<\/p>\n<p>Por fim, se quiser fazer uma den\u00fancia ou sugerir uma reportagem sobre Ribeir\u00e3o Preto e regi\u00e3o, envie uma mensagem pelo WhatsApp: (16) 99117-7802.<\/p>\n<p>VEJA TAMB\u00c9M<\/p>\n<p>Quando \u00e9 o show do Kendrick Lamar no Brasil?<\/p>\n<p><!-- AI CONTENT END 1 -->\n<\/div>\n<\/div>\n<p><script async src=\"\/\/www.instagram.com\/embed.js\"><\/script><br \/>\n<br \/><br \/>\n<br \/><a href=\"https:\/\/www.acidadeon.com\/ribeiraopreto\/lazer-e-cultura\/regiao-de-ribeirao-preto-recebe-evento-gratuito-com-brincadeiras-musica-e-desfile-tematico\/\">Source link <\/a><\/p>\n<!-- CONTENT END 1 -->\n","protected":false},"excerpt":{"rendered":"<p>Pedregulho, cidade na regi\u00e3o de Ribeir\u00e3o Preto recebe o Circuito Credicitrus neste s\u00e1bado (28), das 16h \u00e0s 21h, na pra\u00e7a Oct\u00e1vio Qu\u00e9rcia. O tema deste&#8230;<\/p>\n","protected":false},"author":1,"featured_media":73278,"comment_status":"open","ping_status":"open","sticky":false,"template":"","format":"standard","meta":{"advanced_seo_description":"","jetpack_seo_html_title":"","jetpack_seo_noindex":false,"jetpack_post_was_ever_published":false,"_jetpack_newsletter_access":"","_jetpack_dont_email_post_to_subs":false,"_jetpack_newsletter_tier_id":0,"_jetpack_memberships_contains_paywalled_content":false,"_jetpack_memberships_contains_paid_content":false,"footnotes":"","jetpack_publicize_message":"","jetpack_publicize_feature_enabled":true,"jetpack_social_post_already_shared":true,"jetpack_social_options":{"image_generator_settings":{"template":"highway","default_image_id":0,"font":"","enabled":false},"version":2}},"categories":[11],"tags":[],"class_list":["post-73277","post","type-post","status-publish","format-standard","has-post-thumbnail","hentry","category-noticias-de-ribeirao-preto-sp-e-regiao-ismael-colosi"],"jetpack_publicize_connections":[],"jetpack_featured_media_url":"https:\/\/i0.wp.com\/noticiasribeiraopreto.com.br\/wp-content\/uploads\/2025\/06\/Capturar_2025-06-28_13-49-11.webp.webp?fit=735%2C476&ssl=1","jetpack-related-posts":[{"id":77018,"url":"https:\/\/noticiasribeiraopreto.com.br\/index.php\/2025\/09\/10\/bebedouro-recebe-evento-safari-com-musical-e-desfile-tematico-no-fim-de-semana\/","url_meta":{"origin":73277,"position":0},"title":"Bebedouro recebe evento safari com musical e desfile tem\u00e1tico no fim de semana","author":"noticiasribeiraopreto.com.br","date":"10 de September de 2025","format":false,"excerpt":"Bebedouro, cidade a 80 quil\u00f4metros de Ribeir\u00e3o Preto, recebe neste domingo (14), a partir das 16h, a edi\u00e7\u00e3o do Circuito Credicitrus \u201cAventura Safari\u201d, que proporciona m\u00fasica ao vivo, brincadeiras e desfile tem\u00e1tico para aproveitar com toda fam\u00edlia. A entrada \u00e9 gratuita. Evento conta com uma edi\u00e7\u00e3o especial que comemora os\u2026","rel":"","context":"In &quot;Not\u00edcias de Ribeir\u00e3o Preto-SP e Regi\u00e3o&quot;","block_context":{"text":"Not\u00edcias de Ribeir\u00e3o Preto-SP e Regi\u00e3o","link":"https:\/\/noticiasribeiraopreto.com.br\/index.php\/category\/noticias-de-ribeirao-preto-sp-e-regiao-ismael-colosi\/"},"img":{"alt_text":"","src":"https:\/\/i0.wp.com\/noticiasribeiraopreto.com.br\/wp-content\/uploads\/2025\/09\/safaria-1_2025-07-15_17-39-41-1068x711-1.webp.webp?fit=1068%2C711&ssl=1&resize=350%2C200","width":350,"height":200,"srcset":"https:\/\/i0.wp.com\/noticiasribeiraopreto.com.br\/wp-content\/uploads\/2025\/09\/safaria-1_2025-07-15_17-39-41-1068x711-1.webp.webp?fit=1068%2C711&ssl=1&resize=350%2C200 1x, https:\/\/i0.wp.com\/noticiasribeiraopreto.com.br\/wp-content\/uploads\/2025\/09\/safaria-1_2025-07-15_17-39-41-1068x711-1.webp.webp?fit=1068%2C711&ssl=1&resize=525%2C300 1.5x, https:\/\/i0.wp.com\/noticiasribeiraopreto.com.br\/wp-content\/uploads\/2025\/09\/safaria-1_2025-07-15_17-39-41-1068x711-1.webp.webp?fit=1068%2C711&ssl=1&resize=700%2C400 2x, https:\/\/i0.wp.com\/noticiasribeiraopreto.com.br\/wp-content\/uploads\/2025\/09\/safaria-1_2025-07-15_17-39-41-1068x711-1.webp.webp?fit=1068%2C711&ssl=1&resize=1050%2C600 3x"},"classes":[]},{"id":79380,"url":"https:\/\/noticiasribeiraopreto.com.br\/index.php\/2025\/10\/30\/ribeirao-preto-recebe-o-caolloween-com-desfile-tematico-musica-e-adocao-de-pets\/","url_meta":{"origin":73277,"position":1},"title":"Ribeir\u00e3o Preto recebe o &#8216;C\u00e3olloween&#8217; com desfile tem\u00e1tico, m\u00fasica e ado\u00e7\u00e3o de pets","author":"noticiasribeiraopreto.com.br","date":"30 de October de 2025","format":false,"excerpt":"Ribeir\u00e3o Preto se prepara para recebe neste final de semana, o C\u00e3olloween, evento que combina divers\u00e3o, cultura e solidariedade. A programa\u00e7\u00e3o do C\u00e3olloween ser\u00e1 realizada na Pra\u00e7a Sete de Setembro, neste s\u00e1bado (1\u00ba), a partir das 9h, com entrada gratuita para todo o p\u00fablico. O destaque do evento fica por\u2026","rel":"","context":"In &quot;Not\u00edcias de Ribeir\u00e3o Preto-SP e Regi\u00e3o&quot;","block_context":{"text":"Not\u00edcias de Ribeir\u00e3o Preto-SP e Regi\u00e3o","link":"https:\/\/noticiasribeiraopreto.com.br\/index.php\/category\/noticias-de-ribeirao-preto-sp-e-regiao-ismael-colosi\/"},"img":{"alt_text":"","src":"https:\/\/i0.wp.com\/noticiasribeiraopreto.com.br\/wp-content\/uploads\/2025\/10\/terror-11_2025-10-30_19-32-35.webp.webp?fit=1200%2C675&ssl=1&resize=350%2C200","width":350,"height":200,"srcset":"https:\/\/i0.wp.com\/noticiasribeiraopreto.com.br\/wp-content\/uploads\/2025\/10\/terror-11_2025-10-30_19-32-35.webp.webp?fit=1200%2C675&ssl=1&resize=350%2C200 1x, https:\/\/i0.wp.com\/noticiasribeiraopreto.com.br\/wp-content\/uploads\/2025\/10\/terror-11_2025-10-30_19-32-35.webp.webp?fit=1200%2C675&ssl=1&resize=525%2C300 1.5x, https:\/\/i0.wp.com\/noticiasribeiraopreto.com.br\/wp-content\/uploads\/2025\/10\/terror-11_2025-10-30_19-32-35.webp.webp?fit=1200%2C675&ssl=1&resize=700%2C400 2x, https:\/\/i0.wp.com\/noticiasribeiraopreto.com.br\/wp-content\/uploads\/2025\/10\/terror-11_2025-10-30_19-32-35.webp.webp?fit=1200%2C675&ssl=1&resize=1050%2C600 3x"},"classes":[]},{"id":74066,"url":"https:\/\/noticiasribeiraopreto.com.br\/index.php\/2025\/07\/15\/cidade-na-regiao-de-ribeirao-preto-recebe-musical-inspirado-no-universo-do-safari\/","url_meta":{"origin":73277,"position":2},"title":"Cidade na regi\u00e3o de Ribeir\u00e3o Preto recebe musical inspirado no universo do safari","author":"noticiasribeiraopreto.com.br","date":"15 de July de 2025","format":false,"excerpt":"O Circuito Credicitrus chega a Tai\u00fava, cidade a 84 quil\u00f4metros de Ribeir\u00e3o Preto, no pr\u00f3ximo s\u00e1bado (19) das 16h \u00e0s 21h. A a\u00e7\u00e3o acontece na pra\u00e7a Central 9 de julho e tem como tema a \u201cAventura Safari\u201d. A programa\u00e7\u00e3o conta com cenografia tem\u00e1tica, espa\u00e7os interativos, atividades infantis e um desfile\u2026","rel":"","context":"In &quot;Not\u00edcias de Ribeir\u00e3o Preto-SP e Regi\u00e3o&quot;","block_context":{"text":"Not\u00edcias de Ribeir\u00e3o Preto-SP e Regi\u00e3o","link":"https:\/\/noticiasribeiraopreto.com.br\/index.php\/category\/noticias-de-ribeirao-preto-sp-e-regiao-ismael-colosi\/"},"img":{"alt_text":"","src":"https:\/\/i0.wp.com\/noticiasribeiraopreto.com.br\/wp-content\/uploads\/2025\/07\/safaria-1_2025-07-15_17-39-41.webp.webp?fit=1200%2C799&ssl=1&resize=350%2C200","width":350,"height":200,"srcset":"https:\/\/i0.wp.com\/noticiasribeiraopreto.com.br\/wp-content\/uploads\/2025\/07\/safaria-1_2025-07-15_17-39-41.webp.webp?fit=1200%2C799&ssl=1&resize=350%2C200 1x, https:\/\/i0.wp.com\/noticiasribeiraopreto.com.br\/wp-content\/uploads\/2025\/07\/safaria-1_2025-07-15_17-39-41.webp.webp?fit=1200%2C799&ssl=1&resize=525%2C300 1.5x, https:\/\/i0.wp.com\/noticiasribeiraopreto.com.br\/wp-content\/uploads\/2025\/07\/safaria-1_2025-07-15_17-39-41.webp.webp?fit=1200%2C799&ssl=1&resize=700%2C400 2x, https:\/\/i0.wp.com\/noticiasribeiraopreto.com.br\/wp-content\/uploads\/2025\/07\/safaria-1_2025-07-15_17-39-41.webp.webp?fit=1200%2C799&ssl=1&resize=1050%2C600 3x"},"classes":[]},{"id":75208,"url":"https:\/\/noticiasribeiraopreto.com.br\/index.php\/2025\/08\/05\/cidade-na-regiao-de-ribeirao-preto-recebe-musical-inspirado-no-universo-do-safari-2\/","url_meta":{"origin":73277,"position":3},"title":"Cidade na regi\u00e3o de Ribeir\u00e3o Preto recebe musical inspirado no universo do safari","author":"noticiasribeiraopreto.com.br","date":"5 de August de 2025","format":false,"excerpt":"O Circuito Credicitrus chega a Pirangi, no interior de S\u00e3o Paulo, no pr\u00f3ximo s\u00e1bado (9), das 16h \u00e0s 21h. A a\u00e7\u00e3o acontece na Pra\u00e7a Bar\u00e3o do Rio Branco, no Centro, e tem como tema a \u201cAventura Safari\u201d. A entrada \u00e9 gratuita. A programa\u00e7\u00e3o conta com cenografia tem\u00e1tica, espa\u00e7os interativos, atividades\u2026","rel":"","context":"In &quot;Not\u00edcias de Ribeir\u00e3o Preto-SP e Regi\u00e3o&quot;","block_context":{"text":"Not\u00edcias de Ribeir\u00e3o Preto-SP e Regi\u00e3o","link":"https:\/\/noticiasribeiraopreto.com.br\/index.php\/category\/noticias-de-ribeirao-preto-sp-e-regiao-ismael-colosi\/"},"img":{"alt_text":"","src":"https:\/\/i0.wp.com\/noticiasribeiraopreto.com.br\/wp-content\/uploads\/2025\/07\/safaria-1_2025-07-15_17-39-41.webp.webp?fit=1200%2C799&ssl=1&resize=350%2C200","width":350,"height":200,"srcset":"https:\/\/i0.wp.com\/noticiasribeiraopreto.com.br\/wp-content\/uploads\/2025\/07\/safaria-1_2025-07-15_17-39-41.webp.webp?fit=1200%2C799&ssl=1&resize=350%2C200 1x, https:\/\/i0.wp.com\/noticiasribeiraopreto.com.br\/wp-content\/uploads\/2025\/07\/safaria-1_2025-07-15_17-39-41.webp.webp?fit=1200%2C799&ssl=1&resize=525%2C300 1.5x, https:\/\/i0.wp.com\/noticiasribeiraopreto.com.br\/wp-content\/uploads\/2025\/07\/safaria-1_2025-07-15_17-39-41.webp.webp?fit=1200%2C799&ssl=1&resize=700%2C400 2x, https:\/\/i0.wp.com\/noticiasribeiraopreto.com.br\/wp-content\/uploads\/2025\/07\/safaria-1_2025-07-15_17-39-41.webp.webp?fit=1200%2C799&ssl=1&resize=1050%2C600 3x"},"classes":[]},{"id":76478,"url":"https:\/\/noticiasribeiraopreto.com.br\/index.php\/2025\/08\/29\/ribeirao-preto-recebe-festival-de-cultura-japonesa-com-gastronomia-tipica-musica-ao-vivo-e-desfile\/","url_meta":{"origin":73277,"position":4},"title":"Ribeir\u00e3o Preto recebe festival de cultura japonesa com gastronomia t\u00edpica, m\u00fasica ao vivo e desfile","author":"noticiasribeiraopreto.com.br","date":"29 de August de 2025","format":false,"excerpt":"Ribeir\u00e3o Preto recebe neste fim de semana, nos dias 29, 30 e 31 de agosto, o Festival Arigat\u00f4 2025, no espa\u00e7o de eventos da Par\u00f3quia Santa Teresinha Doutora, no bairro Ribeir\u00e2nia. A entrada \u00e9 gratuita e a programa\u00e7\u00e3o re\u00fane gastronomia t\u00edpica oriental, m\u00fasica ao vivo e desfile de cosplays. Gastronomia\u2026","rel":"","context":"In &quot;Not\u00edcias de Ribeir\u00e3o Preto-SP e Regi\u00e3o&quot;","block_context":{"text":"Not\u00edcias de Ribeir\u00e3o Preto-SP e Regi\u00e3o","link":"https:\/\/noticiasribeiraopreto.com.br\/index.php\/category\/noticias-de-ribeirao-preto-sp-e-regiao-ismael-colosi\/"},"img":{"alt_text":"","src":"https:\/\/i0.wp.com\/noticiasribeiraopreto.com.br\/wp-content\/uploads\/2025\/08\/agenda-1_2025-08-29_15-33-05.webp.webp?fit=1200%2C675&ssl=1&resize=350%2C200","width":350,"height":200,"srcset":"https:\/\/i0.wp.com\/noticiasribeiraopreto.com.br\/wp-content\/uploads\/2025\/08\/agenda-1_2025-08-29_15-33-05.webp.webp?fit=1200%2C675&ssl=1&resize=350%2C200 1x, https:\/\/i0.wp.com\/noticiasribeiraopreto.com.br\/wp-content\/uploads\/2025\/08\/agenda-1_2025-08-29_15-33-05.webp.webp?fit=1200%2C675&ssl=1&resize=525%2C300 1.5x, https:\/\/i0.wp.com\/noticiasribeiraopreto.com.br\/wp-content\/uploads\/2025\/08\/agenda-1_2025-08-29_15-33-05.webp.webp?fit=1200%2C675&ssl=1&resize=700%2C400 2x, https:\/\/i0.wp.com\/noticiasribeiraopreto.com.br\/wp-content\/uploads\/2025\/08\/agenda-1_2025-08-29_15-33-05.webp.webp?fit=1200%2C675&ssl=1&resize=1050%2C600 3x"},"classes":[]},{"id":80748,"url":"https:\/\/noticiasribeiraopreto.com.br\/index.php\/2025\/12\/12\/circuito-de-natal-leva-desfile-e-programacao-gratuita-a-cidade-da-regiao-de-ribeirao-preto\/","url_meta":{"origin":73277,"position":5},"title":"Circuito de Natal leva desfile e programa\u00e7\u00e3o gratuita a cidade da regi\u00e3o de Ribeir\u00e3o Preto","author":"noticiasribeiraopreto.com.br","date":"12 de December de 2025","format":false,"excerpt":"A regi\u00e3o de Ribeir\u00e3o Preto se prepara para receber mais uma edi\u00e7\u00e3o do Circuito Credicitrus de Natal, que encerra a temporada 2025 em Barretos, neste s\u00e1bado (13), a partir das 17h, na Pra\u00e7a Francisco Barreto, no Centro. O evento j\u00e1 passou por Pitangueiras, Mogi Mirim, Monte Apraz\u00edvel e Len\u00e7\u00f3is Paulista\u2026","rel":"","context":"In &quot;Not\u00edcias de Ribeir\u00e3o Preto-SP e Regi\u00e3o&quot;","block_context":{"text":"Not\u00edcias de Ribeir\u00e3o Preto-SP e Regi\u00e3o","link":"https:\/\/noticiasribeiraopreto.com.br\/index.php\/category\/noticias-de-ribeirao-preto-sp-e-regiao-ismael-colosi\/"},"img":{"alt_text":"","src":"https:\/\/i0.wp.com\/noticiasribeiraopreto.com.br\/wp-content\/uploads\/2025\/12\/Circuito-Pitangueiras-565_2025-12-12_17-47-10.webp.webp?fit=1200%2C800&ssl=1&resize=350%2C200","width":350,"height":200,"srcset":"https:\/\/i0.wp.com\/noticiasribeiraopreto.com.br\/wp-content\/uploads\/2025\/12\/Circuito-Pitangueiras-565_2025-12-12_17-47-10.webp.webp?fit=1200%2C800&ssl=1&resize=350%2C200 1x, https:\/\/i0.wp.com\/noticiasribeiraopreto.com.br\/wp-content\/uploads\/2025\/12\/Circuito-Pitangueiras-565_2025-12-12_17-47-10.webp.webp?fit=1200%2C800&ssl=1&resize=525%2C300 1.5x, https:\/\/i0.wp.com\/noticiasribeiraopreto.com.br\/wp-content\/uploads\/2025\/12\/Circuito-Pitangueiras-565_2025-12-12_17-47-10.webp.webp?fit=1200%2C800&ssl=1&resize=700%2C400 2x, https:\/\/i0.wp.com\/noticiasribeiraopreto.com.br\/wp-content\/uploads\/2025\/12\/Circuito-Pitangueiras-565_2025-12-12_17-47-10.webp.webp?fit=1200%2C800&ssl=1&resize=1050%2C600 3x"},"classes":[]}],"jetpack_sharing_enabled":true,"jetpack_shortlink":"https:\/\/wp.me\/peQAOb-j3T","_links":{"self":[{"href":"https:\/\/noticiasribeiraopreto.com.br\/index.php\/wp-json\/wp\/v2\/posts\/73277","targetHints":{"allow":["GET"]}}],"collection":[{"href":"https:\/\/noticiasribeiraopreto.com.br\/index.php\/wp-json\/wp\/v2\/posts"}],"about":[{"href":"https:\/\/noticiasribeiraopreto.com.br\/index.php\/wp-json\/wp\/v2\/types\/post"}],"author":[{"embeddable":true,"href":"https:\/\/noticiasribeiraopreto.com.br\/index.php\/wp-json\/wp\/v2\/users\/1"}],"replies":[{"embeddable":true,"href":"https:\/\/noticiasribeiraopreto.com.br\/index.php\/wp-json\/wp\/v2\/comments?post=73277"}],"version-history":[{"count":0,"href":"https:\/\/noticiasribeiraopreto.com.br\/index.php\/wp-json\/wp\/v2\/posts\/73277\/revisions"}],"wp:featuredmedia":[{"embeddable":true,"href":"https:\/\/noticiasribeiraopreto.com.br\/index.php\/wp-json\/wp\/v2\/media\/73278"}],"wp:attachment":[{"href":"https:\/\/noticiasribeiraopreto.com.br\/index.php\/wp-json\/wp\/v2\/media?parent=73277"}],"wp:term":[{"taxonomy":"category","embeddable":true,"href":"https:\/\/noticiasribeiraopreto.com.br\/index.php\/wp-json\/wp\/v2\/categories?post=73277"},{"taxonomy":"post_tag","embeddable":true,"href":"https:\/\/noticiasribeiraopreto.com.br\/index.php\/wp-json\/wp\/v2\/tags?post=73277"}],"curies":[{"name":"wp","href":"https:\/\/api.w.org\/{rel}","templated":true}]}}