{"id":73285,"date":"2025-06-28T17:28:51","date_gmt":"2025-06-28T20:28:51","guid":{"rendered":"https:\/\/noticiasribeiraopreto.com.br\/index.php\/2025\/06\/28\/ventos-intensos-e-nova-onda-de-frio-veja-previsao-do-tempo-para-os-proximos-dias\/"},"modified":"2025-06-28T17:28:51","modified_gmt":"2025-06-28T20:28:51","slug":"ventos-intensos-e-nova-onda-de-frio-veja-previsao-do-tempo-para-os-proximos-dias","status":"publish","type":"post","link":"https:\/\/noticiasribeiraopreto.com.br\/index.php\/2025\/06\/28\/ventos-intensos-e-nova-onda-de-frio-veja-previsao-do-tempo-para-os-proximos-dias\/","title":{"rendered":"Ventos intensos e nova onda de frio: veja previs\u00e3o do tempo para os pr\u00f3ximos dias"},"content":{"rendered":"<div class='code-block code-block-1' style='margin: 8px 0 8px auto; text-align: right; display: block; clear: both;'>\n<p><a href=\"https:\/\/wa.link\/vpicfd\"><img data-recalc-dims=\"1\" class=\"wp-image-4922\" style=\"aspect-ratio: 2.0253164556962027; width: 561px; height: auto;\" src=\"https:\/\/i0.wp.com\/ismaelcolosi.com.br\/wp-content\/uploads\/2023\/11\/grupo-de-empregos-whatsapp-e-facebook-ismael-colosi-vagas.jpg?ssl=1\" alt=\"\" \/><\/a><\/p>\n<!-- \/wp:image -->\n<\/div>\n<p> <br \/>\n<\/p>\n<div>\n<p>A <strong>Defesa Civil do Estado de S\u00e3o Paulo<\/strong> emitiu um <strong>alerta <\/strong>para a <strong>possibilidade de ventos fortes<\/strong> entre domingo (29) e segunda-feira (30), devido \u00e0 <strong>aproxima\u00e7\u00e3o de um novo sistema meteorol\u00f3gico<\/strong>.<\/p>\n<p>De acordo com a <strong><a href=\"https:\/\/www.agenciasp.sp.gov.br\/defesa-civil-do-estado-alerta-para-ventos-fortes-em-toda-faixa-leste-de-sao-paulo\/\" target=\"_blank\" rel=\"noreferrer noopener\">Defesa Civil<\/a><\/strong>, apesar de as previs\u00f5es indicarem acumulados baixos de chuva em algumas regi\u00f5es, o destaque fica por conta das <strong>fortes rajadas de vento<\/strong>.<\/p>\n<figure class=\"wp-block-pullquote\">\n<blockquote>\n<p>[Essas rajadas] Podem provocar diversos transtornos, como destelhamentos, queda de \u00e1rvores e postes, al\u00e9m de comprometer a infraestrutura urbana em algumas localidades<\/p>\n<p><cite>Defesa Civil<\/cite><\/p><\/blockquote>\n<\/figure>\n<p>Segundo o \u00f3rg\u00e3o, a condi\u00e7\u00e3o clim\u00e1tica deve atingir as seguintes regi\u00f5es do <strong>estado de S\u00e3o Paulo<\/strong>:<\/p>\n<ul class=\"wp-block-list\">\n<li>Regi\u00e3o metropolitana da capital; Baixada Santista; Vales do Ribeira e do Para\u00edba; Serra da Mantiqueira; Litoral norte; Mar\u00edlia; Itapeva; S\u00e3o Jos\u00e9 dos Campos; Sorocaba; e Campinas.<\/li>\n<\/ul>\n<h2 class=\"wp-block-heading\"><strong>Nova onda de frio<\/strong><\/h2>\n<p>De acordo com a meteorologista <strong>Jos\u00e9lia Pegorim<\/strong>, <mark style=\"background-color:#fcb900\" class=\"has-inline-color\">a <strong>quarta onda de frio de 2025<\/strong> vai atuar entre os dias 30 de junho e 4 de julho<\/mark>, provocando temperaturas de at\u00e9 <strong>5\u00baC abaixo da m\u00e9dia<\/strong> em algumas regi\u00f5es.<\/p>\n<p>\u201cEsta nova onda de frio tamb\u00e9m ser\u00e1 continental, mas n\u00e3o com a abrang\u00eancia e nem com a intensidade das duas \u00faltimas massas de ar frio que avan\u00e7aram com muita for\u00e7a n\u00e3o apenas sobre o Sul, mas tamb\u00e9m sobre o Sudeste, grande parte do Centro-Oeste e sobre parte da regi\u00e3o Norte do Brasil\u201d, diz a meteorologistas.<\/p>\n<h3 class=\"wp-block-heading\"><strong>Onda de frio vai atingir o Estado de S\u00e3o Paulo?<\/strong><\/h3>\n<p>Conforme explica\u00e7\u00e3o da especialista, <strong>a quarta onda de frio<\/strong> sobre o Brasil deve atingir <strong>apenas o extremo sul do estado de S\u00e3o Paulo<\/strong> \u2013 veja o mapa abaixo.<\/p>\n<p>Portanto, <strong>a maior parte do estado paulista deve ter dias com temperaturas elevadas<\/strong>, embora as madrugadas continuem frias.<\/p>\n<figure class=\"wp-block-image aligncenter size-full is-resized\"><img data-recalc-dims=\"1\" fetchpriority=\"high\" decoding=\"async\" width=\"650\" height=\"650\" src=\"https:\/\/i0.wp.com\/cdn.media-acidadeon.com.br\/ribeiraopreto\/wp-content\/uploads\/sites\/3\/2025\/06\/quarta-onda-de-frio-de-2025-post-3_2025-06-28_19-28-46.webp?resize=650%2C650&#038;ssl=1\" alt=\"\u00c1reas de atua\u00e7\u00e3o da quarta onda de frio de 2025 - Fonte: Climatempo.&#10;\" class=\"wp-image-121131\" style=\"width:522px;height:auto\" srcset=\"https:\/\/cdn.media-acidadeon.com.br\/ribeiraopreto\/wp-content\/uploads\/sites\/3\/2025\/06\/quarta-onda-de-frio-de-2025-post-3_2025-06-28_19-28-46.webp 650w, https:\/\/cdn.media-acidadeon.com.br\/ribeiraopreto\/wp-content\/uploads\/sites\/3\/2025\/06\/quarta-onda-de-frio-de-2025-post-3_2025-06-28_19-28-46-300x300.webp 300w, https:\/\/cdn.media-acidadeon.com.br\/ribeiraopreto\/wp-content\/uploads\/sites\/3\/2025\/06\/quarta-onda-de-frio-de-2025-post-3_2025-06-28_19-28-46-150x150.webp 150w\" sizes=\"(max-width: 650px) 100vw, 650px\"\/><figcaption class=\"wp-element-caption\">\u00c1reas de atua\u00e7\u00e3o da quarta onda de frio de 2025 \u2013 Fonte: Climatempo.<br \/>\n<\/figcaption><\/figure>\n<hr class=\"wp-block-separator has-alpha-channel-opacity\"\/>\n<p>SAIBA MAIS<\/p>\n<p>Veja qual ser\u00e1 o trajeto do Pedala Ribeir\u00e3o neste fim de semana<\/p>\n<h4 class=\"wp-block-heading\"><strong>FIQUE ON<\/strong><\/h4>\n<p>Quer ficar por dentro de tudo que acontece em Ribeir\u00e3o Preto e regi\u00e3o? Ent\u00e3o siga os perfis do\u202facidade on\u202fno\u202f<a href=\"https:\/\/www.instagram.com\/acidadeonribeirao\" target=\"_blank\" rel=\"noreferrer noopener\">Instagram<\/a>\u202fe no\u202f<a href=\"https:\/\/www.facebook.com\/acidadeonribeirao\/\" target=\"_blank\" rel=\"noreferrer noopener\">Facebook<\/a>.<\/p>\n<p>Al\u00e9m disso, voc\u00ea pode receber as principais not\u00edcias diretamente no WhatsApp. Para isso, basta\u00a0<a href=\"https:\/\/chat.whatsapp.com\/BjKQZ9oJwlz8VVT50NuePq\" target=\"_blank\" rel=\"noreferrer noopener\">entrar no grupo clicando aqui<\/a>.<\/p>\n<p>Por fim, se quiser fazer uma den\u00fancia ou sugerir uma reportagem sobre Ribeir\u00e3o Preto e regi\u00e3o, envie uma mensagem pelo WhatsApp: (16) 99117-7802.<\/p>\n<p>VEJA TAMB\u00c9M<\/p>\n<p>Quando \u00e9 o show do Kendrick Lamar no Brasil?<\/p>\n<p><!-- AI CONTENT END 1 -->\n<\/div>\n<p><script async src=\"\/\/www.instagram.com\/embed.js\"><\/script><br \/>\n<br \/><br \/>\n<br \/><a href=\"https:\/\/www.acidadeon.com\/ribeiraopreto\/cotidiano\/ventos-intensos-e-nova-onda-de-frio-veja-previsao-do-tempo-para-os-proximos-dias\/\">Source link <\/a><\/p>\n<!-- CONTENT END 1 -->\n","protected":false},"excerpt":{"rendered":"<p>A Defesa Civil do Estado de S\u00e3o Paulo emitiu um alerta para a possibilidade de ventos fortes entre domingo (29) e segunda-feira (30), devido \u00e0&#8230;<\/p>\n","protected":false},"author":1,"featured_media":73286,"comment_status":"open","ping_status":"open","sticky":false,"template":"","format":"standard","meta":{"advanced_seo_description":"","jetpack_seo_html_title":"","jetpack_seo_noindex":false,"jetpack_post_was_ever_published":false,"_jetpack_newsletter_access":"","_jetpack_dont_email_post_to_subs":false,"_jetpack_newsletter_tier_id":0,"_jetpack_memberships_contains_paywalled_content":false,"_jetpack_memberships_contains_paid_content":false,"footnotes":"","jetpack_publicize_message":"","jetpack_publicize_feature_enabled":true,"jetpack_social_post_already_shared":true,"jetpack_social_options":{"image_generator_settings":{"template":"highway","default_image_id":0,"font":"","enabled":false},"version":2}},"categories":[11],"tags":[],"class_list":["post-73285","post","type-post","status-publish","format-standard","has-post-thumbnail","hentry","category-noticias-de-ribeirao-preto-sp-e-regiao-ismael-colosi"],"jetpack_publicize_connections":[],"jetpack_featured_media_url":"https:\/\/i0.wp.com\/noticiasribeiraopreto.com.br\/wp-content\/uploads\/2025\/06\/NY_1764_2024-08-24_20-32-38_jpg_2024-08-24_20-32-39-1068x712-1_2024-09-13_21-37-09.webp.webp?fit=1068%2C712&ssl=1","jetpack-related-posts":[{"id":75952,"url":"https:\/\/noticiasribeiraopreto.com.br\/index.php\/2025\/08\/19\/defesa-civil-emite-alerta-para-ventos-fortes-no-estado-de-sao-paulo\/","url_meta":{"origin":73285,"position":0},"title":"Defesa Civil emite alerta para ventos fortes no estado de S\u00e3o Paulo","author":"noticiasribeiraopreto.com.br","date":"19 de August de 2025","format":false,"excerpt":"A Defesa Civil do Estado de S\u00e3o Paulo publicou um alerta para ventos fortes em todas as regi\u00f5es paulistas entre esta ter\u00e7a-feira (19) e quarta-feira (20). Ciclone O \u00f3rg\u00e3o explicou que a forma\u00e7\u00e3o de um ciclone extratropical no Sul do Brasil deve intensificar os ventos em todas as regi\u00f5es do\u2026","rel":"","context":"In &quot;Not\u00edcias de Ribeir\u00e3o Preto-SP e Regi\u00e3o&quot;","block_context":{"text":"Not\u00edcias de Ribeir\u00e3o Preto-SP e Regi\u00e3o","link":"https:\/\/noticiasribeiraopreto.com.br\/index.php\/category\/noticias-de-ribeirao-preto-sp-e-regiao-ismael-colosi\/"},"img":{"alt_text":"","src":"https:\/\/i0.wp.com\/noticiasribeiraopreto.com.br\/wp-content\/uploads\/2025\/06\/NY_1764_2024-08-24_20-32-38_jpg_2024-08-24_20-32-39-1068x712-1_2024-09-13_21-37-09.webp.webp?fit=1068%2C712&ssl=1&resize=350%2C200","width":350,"height":200,"srcset":"https:\/\/i0.wp.com\/noticiasribeiraopreto.com.br\/wp-content\/uploads\/2025\/06\/NY_1764_2024-08-24_20-32-38_jpg_2024-08-24_20-32-39-1068x712-1_2024-09-13_21-37-09.webp.webp?fit=1068%2C712&ssl=1&resize=350%2C200 1x, https:\/\/i0.wp.com\/noticiasribeiraopreto.com.br\/wp-content\/uploads\/2025\/06\/NY_1764_2024-08-24_20-32-38_jpg_2024-08-24_20-32-39-1068x712-1_2024-09-13_21-37-09.webp.webp?fit=1068%2C712&ssl=1&resize=525%2C300 1.5x, https:\/\/i0.wp.com\/noticiasribeiraopreto.com.br\/wp-content\/uploads\/2025\/06\/NY_1764_2024-08-24_20-32-38_jpg_2024-08-24_20-32-39-1068x712-1_2024-09-13_21-37-09.webp.webp?fit=1068%2C712&ssl=1&resize=700%2C400 2x, https:\/\/i0.wp.com\/noticiasribeiraopreto.com.br\/wp-content\/uploads\/2025\/06\/NY_1764_2024-08-24_20-32-38_jpg_2024-08-24_20-32-39-1068x712-1_2024-09-13_21-37-09.webp.webp?fit=1068%2C712&ssl=1&resize=1050%2C600 3x"},"classes":[]},{"id":77465,"url":"https:\/\/noticiasribeiraopreto.com.br\/index.php\/2025\/09\/19\/defesa-civil-publica-alerta-para-o-estado-de-sp-veja-regioes-afetadas\/","url_meta":{"origin":73285,"position":1},"title":"Defesa Civil publica alerta para o estado de SP; Veja regi\u00f5es afetadas","author":"noticiasribeiraopreto.com.br","date":"19 de September de 2025","format":false,"excerpt":"A Defesa Civil emitiu alerta para calor, baixa umidade do ar, queimadas e chuvas fortes no estado de S\u00e3o Paulo a partir desta sexta-feira (19). No domingo (21) est\u00e1 prevista a aproxima\u00e7\u00e3o de uma frente fria. Segundo o \u00f3rg\u00e3o, entre esta sexta e domingo a previs\u00e3o \u00e9 de predom\u00ednio de\u2026","rel":"","context":"In &quot;Not\u00edcias de Ribeir\u00e3o Preto-SP e Regi\u00e3o&quot;","block_context":{"text":"Not\u00edcias de Ribeir\u00e3o Preto-SP e Regi\u00e3o","link":"https:\/\/noticiasribeiraopreto.com.br\/index.php\/category\/noticias-de-ribeirao-preto-sp-e-regiao-ismael-colosi\/"},"img":{"alt_text":"","src":"https:\/\/i0.wp.com\/noticiasribeiraopreto.com.br\/wp-content\/uploads\/2025\/07\/WhatsApp-Image-2024-07-13-at-19.42.17_2024-07-13_22-42-51_jpeg_2024-07-13_22-42-51.webp.webp?fit=1200%2C553&ssl=1&resize=350%2C200","width":350,"height":200,"srcset":"https:\/\/i0.wp.com\/noticiasribeiraopreto.com.br\/wp-content\/uploads\/2025\/07\/WhatsApp-Image-2024-07-13-at-19.42.17_2024-07-13_22-42-51_jpeg_2024-07-13_22-42-51.webp.webp?fit=1200%2C553&ssl=1&resize=350%2C200 1x, https:\/\/i0.wp.com\/noticiasribeiraopreto.com.br\/wp-content\/uploads\/2025\/07\/WhatsApp-Image-2024-07-13-at-19.42.17_2024-07-13_22-42-51_jpeg_2024-07-13_22-42-51.webp.webp?fit=1200%2C553&ssl=1&resize=525%2C300 1.5x, https:\/\/i0.wp.com\/noticiasribeiraopreto.com.br\/wp-content\/uploads\/2025\/07\/WhatsApp-Image-2024-07-13-at-19.42.17_2024-07-13_22-42-51_jpeg_2024-07-13_22-42-51.webp.webp?fit=1200%2C553&ssl=1&resize=700%2C400 2x, https:\/\/i0.wp.com\/noticiasribeiraopreto.com.br\/wp-content\/uploads\/2025\/07\/WhatsApp-Image-2024-07-13-at-19.42.17_2024-07-13_22-42-51_jpeg_2024-07-13_22-42-51.webp.webp?fit=1200%2C553&ssl=1&resize=1050%2C600 3x"},"classes":[]},{"id":65930,"url":"https:\/\/noticiasribeiraopreto.com.br\/index.php\/2025\/03\/26\/defesa-civil-emite-alerta-para-tempestades-em-sao-paulo-regioes-leste-e-campinas-sob-maior-risco\/","url_meta":{"origin":73285,"position":2},"title":"Defesa Civil emite alerta para tempestades em S\u00e3o Paulo: regi\u00f5es leste e Campinas sob maior risco","author":"noticiasribeiraopreto.com.br","date":"26 de March de 2025","format":false,"excerpt":"A Defesa Civil do Estado de S\u00e3o Paulo emitiu um alerta nesta quarta-feira (19) sobre a previs\u00e3o de fortes tempestades que devem atingir o territ\u00f3rio paulista entre hoje e amanh\u00e3 (quinta-feira, 20). A atua\u00e7\u00e3o de uma frente fria na Regi\u00e3o Sudeste est\u00e1 criando condi\u00e7\u00f5es prop\u00edcias para chuvas intensas e rajadas\u2026","rel":"","context":"In &quot;Not\u00edcias de Ribeir\u00e3o Preto-SP e Regi\u00e3o&quot;","block_context":{"text":"Not\u00edcias de Ribeir\u00e3o Preto-SP e Regi\u00e3o","link":"https:\/\/noticiasribeiraopreto.com.br\/index.php\/category\/noticias-de-ribeirao-preto-sp-e-regiao-ismael-colosi\/"},"img":{"alt_text":"","src":"https:\/\/i0.wp.com\/noticiasribeiraopreto.com.br\/wp-content\/uploads\/2025\/03\/chuva_mudanca_tempo_01.webp.webp?fit=1170%2C700&ssl=1&resize=350%2C200","width":350,"height":200,"srcset":"https:\/\/i0.wp.com\/noticiasribeiraopreto.com.br\/wp-content\/uploads\/2025\/03\/chuva_mudanca_tempo_01.webp.webp?fit=1170%2C700&ssl=1&resize=350%2C200 1x, https:\/\/i0.wp.com\/noticiasribeiraopreto.com.br\/wp-content\/uploads\/2025\/03\/chuva_mudanca_tempo_01.webp.webp?fit=1170%2C700&ssl=1&resize=525%2C300 1.5x, https:\/\/i0.wp.com\/noticiasribeiraopreto.com.br\/wp-content\/uploads\/2025\/03\/chuva_mudanca_tempo_01.webp.webp?fit=1170%2C700&ssl=1&resize=700%2C400 2x, https:\/\/i0.wp.com\/noticiasribeiraopreto.com.br\/wp-content\/uploads\/2025\/03\/chuva_mudanca_tempo_01.webp.webp?fit=1170%2C700&ssl=1&resize=1050%2C600 3x"},"classes":[]},{"id":57589,"url":"https:\/\/noticiasribeiraopreto.com.br\/index.php\/2024\/09\/04\/interior-de-sp-pode-registrar-ventos-de-ate-50-km-h-veja-quando\/","url_meta":{"origin":73285,"position":3},"title":"Interior de SP pode registrar ventos de at\u00e9 50 km\/h; Veja quando","author":"noticiasribeiraopreto.com.br","date":"4 de September de 2024","format":false,"excerpt":"Uma nova frente fria deve chegar nesta semana e mudar o tempo em algumas cidades do interior de S\u00e3o Paulo, da capital e litoral paulista, de acordo com os meteorologistas. Por conta desse cen\u00e1rio, a Defesa Civil publicou um aviso para ventos fortes em todo o estado de S\u00e3o Paulo.\u2026","rel":"","context":"In &quot;Not\u00edcias de Ribeir\u00e3o Preto-SP e Regi\u00e3o&quot;","block_context":{"text":"Not\u00edcias de Ribeir\u00e3o Preto-SP e Regi\u00e3o","link":"https:\/\/noticiasribeiraopreto.com.br\/index.php\/category\/noticias-de-ribeirao-preto-sp-e-regiao-ismael-colosi\/"},"img":{"alt_text":"","src":"https:\/\/i0.wp.com\/noticiasribeiraopreto.com.br\/wp-content\/uploads\/2024\/06\/WhatsApp-Image-2024-06-05-at-08.22.06_2024-06-05_11-29-47_jpeg_2024-06-05_11-29-48.webp.webp?fit=1200%2C540&ssl=1&resize=350%2C200","width":350,"height":200,"srcset":"https:\/\/i0.wp.com\/noticiasribeiraopreto.com.br\/wp-content\/uploads\/2024\/06\/WhatsApp-Image-2024-06-05-at-08.22.06_2024-06-05_11-29-47_jpeg_2024-06-05_11-29-48.webp.webp?fit=1200%2C540&ssl=1&resize=350%2C200 1x, https:\/\/i0.wp.com\/noticiasribeiraopreto.com.br\/wp-content\/uploads\/2024\/06\/WhatsApp-Image-2024-06-05-at-08.22.06_2024-06-05_11-29-47_jpeg_2024-06-05_11-29-48.webp.webp?fit=1200%2C540&ssl=1&resize=525%2C300 1.5x, https:\/\/i0.wp.com\/noticiasribeiraopreto.com.br\/wp-content\/uploads\/2024\/06\/WhatsApp-Image-2024-06-05-at-08.22.06_2024-06-05_11-29-47_jpeg_2024-06-05_11-29-48.webp.webp?fit=1200%2C540&ssl=1&resize=700%2C400 2x, https:\/\/i0.wp.com\/noticiasribeiraopreto.com.br\/wp-content\/uploads\/2024\/06\/WhatsApp-Image-2024-06-05-at-08.22.06_2024-06-05_11-29-47_jpeg_2024-06-05_11-29-48.webp.webp?fit=1200%2C540&ssl=1&resize=1050%2C600 3x"},"classes":[]},{"id":3118,"url":"https:\/\/noticiasribeiraopreto.com.br\/index.php\/2023\/11\/17\/sp-anuncia-gabinete-de-crise-apos-alerta-de-ventania-e-tempestade-no-estado\/","url_meta":{"origin":73285,"position":4},"title":"SP anuncia gabinete de crise ap\u00f3s alerta de ventania e tempestade no estado","author":"noticiasribeiraopreto.com.br","date":"17 de November de 2023","format":false,"excerpt":"Ap\u00f3s a Defesa Civil de S\u00e3o Paulo emitir um alerta para ventos fortes e tempestade no Estado entre esta sexta-feira (17) e domingo (19), o governo estadual montou um gabinete de crise. Segundo o \u00f3rg\u00e3o, o calor extremo, a umidade e a passagem de uma frente fria v\u00e3o criar condi\u00e7\u00f5es\u2026","rel":"","context":"In &quot;Not\u00edcias de Ribeir\u00e3o Preto-SP e Regi\u00e3o&quot;","block_context":{"text":"Not\u00edcias de Ribeir\u00e3o Preto-SP e Regi\u00e3o","link":"https:\/\/noticiasribeiraopreto.com.br\/index.php\/category\/noticias-de-ribeirao-preto-sp-e-regiao-ismael-colosi\/"},"img":{"alt_text":"","src":"https:\/\/i0.wp.com\/noticiasribeiraopreto.com.br\/wp-content\/uploads\/2023\/11\/alerta-de-tempestade-1024x576.jpeg?fit=1024%2C576&ssl=1&resize=350%2C200","width":350,"height":200,"srcset":"https:\/\/i0.wp.com\/noticiasribeiraopreto.com.br\/wp-content\/uploads\/2023\/11\/alerta-de-tempestade-1024x576.jpeg?fit=1024%2C576&ssl=1&resize=350%2C200 1x, https:\/\/i0.wp.com\/noticiasribeiraopreto.com.br\/wp-content\/uploads\/2023\/11\/alerta-de-tempestade-1024x576.jpeg?fit=1024%2C576&ssl=1&resize=525%2C300 1.5x, https:\/\/i0.wp.com\/noticiasribeiraopreto.com.br\/wp-content\/uploads\/2023\/11\/alerta-de-tempestade-1024x576.jpeg?fit=1024%2C576&ssl=1&resize=700%2C400 2x"},"classes":[]},{"id":2522,"url":"https:\/\/noticiasribeiraopreto.com.br\/index.php\/2023\/11\/15\/defesa-civil-do-estado-de-sp-emite-alerta-para-ventos-e-tempestades\/","url_meta":{"origin":73285,"position":5},"title":"Defesa Civil do Estado de SP emite alerta para ventos e tempestades","author":"noticiasribeiraopreto.com.br","date":"15 de November de 2023","format":false,"excerpt":"A Defesa Civil do Estado de S\u00e3o Paulo emitiu, na tarde desta quinta-feira (15), um alerta para a chegada de uma frente fria que deve provocar tempestades volumosas e ventos fortes. O alerta \u00e9 para o per\u00edodo entre a sexta-feira (17) e domingo (19) e prev\u00ea chuva intensa, que pode\u2026","rel":"","context":"In &quot;Not\u00edcias de Ribeir\u00e3o Preto-SP e Regi\u00e3o&quot;","block_context":{"text":"Not\u00edcias de Ribeir\u00e3o Preto-SP e Regi\u00e3o","link":"https:\/\/noticiasribeiraopreto.com.br\/index.php\/category\/noticias-de-ribeirao-preto-sp-e-regiao-ismael-colosi\/"},"img":{"alt_text":"","src":"https:\/\/i0.wp.com\/noticiasribeiraopreto.com.br\/wp-content\/uploads\/2023\/11\/WhatsApp-Image-2023-11-15-at-18.38.17.jpeg?fit=1200%2C709&ssl=1&resize=350%2C200","width":350,"height":200,"srcset":"https:\/\/i0.wp.com\/noticiasribeiraopreto.com.br\/wp-content\/uploads\/2023\/11\/WhatsApp-Image-2023-11-15-at-18.38.17.jpeg?fit=1200%2C709&ssl=1&resize=350%2C200 1x, https:\/\/i0.wp.com\/noticiasribeiraopreto.com.br\/wp-content\/uploads\/2023\/11\/WhatsApp-Image-2023-11-15-at-18.38.17.jpeg?fit=1200%2C709&ssl=1&resize=525%2C300 1.5x, https:\/\/i0.wp.com\/noticiasribeiraopreto.com.br\/wp-content\/uploads\/2023\/11\/WhatsApp-Image-2023-11-15-at-18.38.17.jpeg?fit=1200%2C709&ssl=1&resize=700%2C400 2x, https:\/\/i0.wp.com\/noticiasribeiraopreto.com.br\/wp-content\/uploads\/2023\/11\/WhatsApp-Image-2023-11-15-at-18.38.17.jpeg?fit=1200%2C709&ssl=1&resize=1050%2C600 3x"},"classes":[]}],"jetpack_sharing_enabled":true,"jetpack_shortlink":"https:\/\/wp.me\/peQAOb-j41","_links":{"self":[{"href":"https:\/\/noticiasribeiraopreto.com.br\/index.php\/wp-json\/wp\/v2\/posts\/73285","targetHints":{"allow":["GET"]}}],"collection":[{"href":"https:\/\/noticiasribeiraopreto.com.br\/index.php\/wp-json\/wp\/v2\/posts"}],"about":[{"href":"https:\/\/noticiasribeiraopreto.com.br\/index.php\/wp-json\/wp\/v2\/types\/post"}],"author":[{"embeddable":true,"href":"https:\/\/noticiasribeiraopreto.com.br\/index.php\/wp-json\/wp\/v2\/users\/1"}],"replies":[{"embeddable":true,"href":"https:\/\/noticiasribeiraopreto.com.br\/index.php\/wp-json\/wp\/v2\/comments?post=73285"}],"version-history":[{"count":0,"href":"https:\/\/noticiasribeiraopreto.com.br\/index.php\/wp-json\/wp\/v2\/posts\/73285\/revisions"}],"wp:featuredmedia":[{"embeddable":true,"href":"https:\/\/noticiasribeiraopreto.com.br\/index.php\/wp-json\/wp\/v2\/media\/73286"}],"wp:attachment":[{"href":"https:\/\/noticiasribeiraopreto.com.br\/index.php\/wp-json\/wp\/v2\/media?parent=73285"}],"wp:term":[{"taxonomy":"category","embeddable":true,"href":"https:\/\/noticiasribeiraopreto.com.br\/index.php\/wp-json\/wp\/v2\/categories?post=73285"},{"taxonomy":"post_tag","embeddable":true,"href":"https:\/\/noticiasribeiraopreto.com.br\/index.php\/wp-json\/wp\/v2\/tags?post=73285"}],"curies":[{"name":"wp","href":"https:\/\/api.w.org\/{rel}","templated":true}]}}