{"id":73290,"date":"2025-06-28T18:02:29","date_gmt":"2025-06-28T21:02:29","guid":{"rendered":"https:\/\/noticiasribeiraopreto.com.br\/index.php\/2025\/06\/28\/moradores-reclamam-de-falta-de-manutencao-na-avenida-nove-de-julho-em-ribeirao-preto\/"},"modified":"2025-06-28T18:02:29","modified_gmt":"2025-06-28T21:02:29","slug":"moradores-reclamam-de-falta-de-manutencao-na-avenida-nove-de-julho-em-ribeirao-preto","status":"publish","type":"post","link":"https:\/\/noticiasribeiraopreto.com.br\/index.php\/2025\/06\/28\/moradores-reclamam-de-falta-de-manutencao-na-avenida-nove-de-julho-em-ribeirao-preto\/","title":{"rendered":"Moradores reclamam de falta de manuten\u00e7\u00e3o na avenida Nove de Julho em Ribeir\u00e3o Preto"},"content":{"rendered":"<div class='code-block code-block-1' style='margin: 8px 0 8px auto; text-align: right; display: block; clear: both;'>\n<p><a href=\"https:\/\/wa.link\/vpicfd\"><img data-recalc-dims=\"1\" class=\"wp-image-4922\" style=\"aspect-ratio: 2.0253164556962027; width: 561px; height: auto;\" src=\"https:\/\/i0.wp.com\/ismaelcolosi.com.br\/wp-content\/uploads\/2023\/11\/grupo-de-empregos-whatsapp-e-facebook-ismael-colosi-vagas.jpg?ssl=1\" alt=\"\" \/><\/a><\/p>\n<!-- \/wp:image -->\n<\/div>\n<p> <br \/>\n<\/p>\n<div>\n<p>Mesmo ap\u00f3s a reabertura da <strong>avenida Nove de Julho<\/strong>, no Centro de Ribeir\u00e3o Preto, moradores e pedestres apontam que a regi\u00e3o <strong>ainda apresenta falhas em sua estrutura<\/strong>.<\/p>\n<p>Entre as reclama\u00e7\u00f5es est\u00e3o \u00e0 <strong>aus\u00eancia de paisagismo<\/strong> no canteiro central do trecho tombado, t<strong>rechos sem cal\u00e7ada<\/strong> e a <strong>falta de ilumina\u00e7\u00e3o adequada<\/strong>.<\/p>\n<p>Quem passa pelo local registrou a falta de manuten\u00e7\u00e3o no <strong>canteiro central da parte tombada da avenida<\/strong> \u2013 que inicia na rua Amador Bueno e segue at\u00e9 o cruzamento com a avenida Independ\u00eancia. <mark style=\"background-color:#fcb900\" class=\"has-inline-color\">Na imagem acima \u00e9 poss\u00edvel ver que o canteiro em quest\u00e3o apresenta mato alto e galhos secos espalhados.<\/mark><\/p>\n<p>Em outros registros, <strong>desta vez na parte n\u00e3o tombada da avenida<\/strong>, o morador flagrou o mato avan\u00e7ando sobre a cal\u00e7ada e dificultando a travessia de pedestres.<\/p>\n<p>O denunciante tamb\u00e9m questiona <strong>quando vai come\u00e7ar a substitui\u00e7\u00e3o por l\u00e2mpadas ilumina\u00e7\u00e3o de LED na avenida<\/strong>. A a\u00e7\u00e3o teve in\u00edcio na avenida Brasil, em abril deste ano, como parte da segunda etapa do cronograma da <strong>Parceria P\u00fablico-Privada (PPP) de Ilumina\u00e7\u00e3o P\u00fablica<\/strong>.<\/p>\n<p>A substitui\u00e7\u00e3o das lumin\u00e1rias convencionais por equipamentos de LED \u00e9 de responsabilidade da <strong>Conecta Ribeir\u00e3o<\/strong>, que mant\u00e9m duas frentes de trabalho: uma dedicada \u00e0 moderniza\u00e7\u00e3o do sistema de ilumina\u00e7\u00e3o e outra focada na manuten\u00e7\u00e3o dos pontos j\u00e1 existentes.<\/p>\n<div class=\"wp-block-image\">\n<figure class=\"aligncenter size-large is-resized\"><img data-recalc-dims=\"1\" fetchpriority=\"high\" decoding=\"async\" width=\"1024\" height=\"576\" src=\"https:\/\/i0.wp.com\/cdn.media-acidadeon.com.br\/ribeiraopreto\/wp-content\/uploads\/sites\/3\/2025\/06\/Copia-de-Copia-de-Copia-de-TAMANHO-EXATO-PARA-FOTOS-NO-SISTEMA-NOVO-2025-06-28T143105.861_2025-06-28_17-31-35-1024x576.webp?resize=1024%2C576&#038;ssl=1\" alt=\"Moradores da regi\u00e3o t\u00eam reclamado da aus\u00eancia de cal\u00e7adas em trechos da avenida Nove de Julho, em Ribeir\u00e3o Preto - Foto: reprodu\u00e7\u00e3o\/ redes sociais.\" class=\"wp-image-121112\" style=\"width:705px;height:auto\" srcset=\"https:\/\/cdn.media-acidadeon.com.br\/ribeiraopreto\/wp-content\/uploads\/sites\/3\/2025\/06\/Copia-de-Copia-de-Copia-de-TAMANHO-EXATO-PARA-FOTOS-NO-SISTEMA-NOVO-2025-06-28T143105.861_2025-06-28_17-31-35-1024x576.webp 1024w, https:\/\/cdn.media-acidadeon.com.br\/ribeiraopreto\/wp-content\/uploads\/sites\/3\/2025\/06\/Copia-de-Copia-de-Copia-de-TAMANHO-EXATO-PARA-FOTOS-NO-SISTEMA-NOVO-2025-06-28T143105.861_2025-06-28_17-31-35-300x169.webp 300w, https:\/\/cdn.media-acidadeon.com.br\/ribeiraopreto\/wp-content\/uploads\/sites\/3\/2025\/06\/Copia-de-Copia-de-Copia-de-TAMANHO-EXATO-PARA-FOTOS-NO-SISTEMA-NOVO-2025-06-28T143105.861_2025-06-28_17-31-35-768x432.webp 768w, https:\/\/cdn.media-acidadeon.com.br\/ribeiraopreto\/wp-content\/uploads\/sites\/3\/2025\/06\/Copia-de-Copia-de-Copia-de-TAMANHO-EXATO-PARA-FOTOS-NO-SISTEMA-NOVO-2025-06-28T143105.861_2025-06-28_17-31-35-696x392.webp 696w, https:\/\/cdn.media-acidadeon.com.br\/ribeiraopreto\/wp-content\/uploads\/sites\/3\/2025\/06\/Copia-de-Copia-de-Copia-de-TAMANHO-EXATO-PARA-FOTOS-NO-SISTEMA-NOVO-2025-06-28T143105.861_2025-06-28_17-31-35-1068x601.webp 1068w, https:\/\/cdn.media-acidadeon.com.br\/ribeiraopreto\/wp-content\/uploads\/sites\/3\/2025\/06\/Copia-de-Copia-de-Copia-de-TAMANHO-EXATO-PARA-FOTOS-NO-SISTEMA-NOVO-2025-06-28T143105.861_2025-06-28_17-31-35.webp 1200w\" sizes=\"(max-width: 1024px) 100vw, 1024px\"\/><figcaption class=\"wp-element-caption\">Moradores da regi\u00e3o t\u00eam reclamado da aus\u00eancia de cal\u00e7adas em trechos da avenida Nove de Julho, em Ribeir\u00e3o Preto \u2013 Foto: reprodu\u00e7\u00e3o\/ redes sociais.<\/figcaption><\/figure>\n<\/div>\n<h2 class=\"wp-block-heading\"><strong>O que diz a Prefeitura?<\/strong><\/h2>\n<p>Em nota, a <strong>Prefeitura de Ribeir\u00e3o Preto<\/strong> disse que \u201catualmente, a avenida vem recebendo <strong>manuten\u00e7\u00f5es <\/strong>e <strong>zeladorias<\/strong>, inclusive na <strong>ilumina\u00e7\u00e3o p\u00fablica<\/strong>, que inicialmente foi realizada a manuten\u00e7\u00e3o pra garantir o fornecimento cont\u00ednuo dos servi\u00e7os\u201d.<\/p>\n<p>Al\u00e9m disso, a <strong>Administra\u00e7\u00e3o <\/strong>informou que \u201cj\u00e1 est\u00e1 prevista a implanta\u00e7\u00e3o das l\u00e2mpadas de led, estando a via j\u00e1 na programa\u00e7\u00e3o dos servi\u00e7os\u201d, contudo, <strong>n\u00e3o foi informado o prazo definido para melhoria<\/strong>.<\/p>\n<hr class=\"wp-block-separator has-alpha-channel-opacity\"\/>\n<p>SAIBA MAIS<\/p>\n<p>Justi\u00e7a determina fiscaliza\u00e7\u00e3o de im\u00f3veis irregulares \u00e0s margens do Rio Pardo; Entenda <mark style=\"background-color:#ffffff\" class=\"has-inline-color has-white-color\">contudo,<\/mark><\/p>\n<h2 class=\"wp-block-heading\"><strong>FIQUE ON<\/strong><\/h2>\n<p>Quer ficar por dentro de tudo que acontece em Ribeir\u00e3o Preto e regi\u00e3o? Ent\u00e3o siga os perfis do\u202facidade on\u202fno\u202f<a href=\"https:\/\/www.instagram.com\/acidadeonribeirao\" target=\"_blank\" rel=\"noreferrer noopener\">Instagram<\/a>\u202fe no\u202f<a href=\"https:\/\/www.facebook.com\/acidadeonribeirao\/\" target=\"_blank\" rel=\"noreferrer noopener\">Facebook<\/a>.<\/p>\n<p>Al\u00e9m disso, voc\u00ea pode receber as principais not\u00edcias diretamente no WhatsApp. Para isso, basta\u00a0<a href=\"https:\/\/chat.whatsapp.com\/BjKQZ9oJwlz8VVT50NuePq\" target=\"_blank\" rel=\"noreferrer noopener\">entrar no grupo clicando aqui<\/a>.<\/p>\n<p>Por fim, se quiser fazer uma den\u00fancia ou sugerir uma reportagem sobre Ribeir\u00e3o Preto e regi\u00e3o, envie uma mensagem pelo WhatsApp: (16) 99117-7802.<\/p>\n<p>VEJA TAMB\u00c9M<\/p>\n<p>Quem foi Ruy Carlos Ostermann? <mark style=\"background-color:#ffffff\" class=\"has-inline-color has-white-color\">contudo,<\/mark><\/p>\n<p><!-- AI CONTENT END 1 -->\n<\/div>\n<p><script async src=\"\/\/www.instagram.com\/embed.js\"><\/script><br \/>\n<br \/><br \/>\n<br \/><a href=\"https:\/\/www.acidadeon.com\/ribeiraopreto\/cotidiano\/moradores-reclamam-de-falta-de-manutencao-na-avenida-nove-de-julho-em-ribeirao-preto\/\">Source link <\/a><\/p>\n<!-- CONTENT END 1 -->\n","protected":false},"excerpt":{"rendered":"<p>Mesmo ap\u00f3s a reabertura da avenida Nove de Julho, no Centro de Ribeir\u00e3o Preto, moradores e pedestres apontam que a regi\u00e3o ainda apresenta falhas em&#8230;<\/p>\n","protected":false},"author":1,"featured_media":73291,"comment_status":"open","ping_status":"open","sticky":false,"template":"","format":"standard","meta":{"advanced_seo_description":"","jetpack_seo_html_title":"","jetpack_seo_noindex":false,"jetpack_post_was_ever_published":false,"_jetpack_newsletter_access":"","_jetpack_dont_email_post_to_subs":false,"_jetpack_newsletter_tier_id":0,"_jetpack_memberships_contains_paywalled_content":false,"_jetpack_memberships_contains_paid_content":false,"footnotes":"","jetpack_publicize_message":"","jetpack_publicize_feature_enabled":true,"jetpack_social_post_already_shared":true,"jetpack_social_options":{"image_generator_settings":{"template":"highway","default_image_id":0,"font":"","enabled":false},"version":2}},"categories":[11],"tags":[],"class_list":["post-73290","post","type-post","status-publish","format-standard","has-post-thumbnail","hentry","category-noticias-de-ribeirao-preto-sp-e-regiao-ismael-colosi"],"jetpack_publicize_connections":[],"jetpack_featured_media_url":"https:\/\/i0.wp.com\/noticiasribeiraopreto.com.br\/wp-content\/uploads\/2025\/06\/WhatsApp-Image-2025-06-25-at-12.55.07_2025-06-28_17-25-40.webp.webp?fit=1200%2C540&ssl=1","jetpack-related-posts":[{"id":59955,"url":"https:\/\/noticiasribeiraopreto.com.br\/index.php\/2024\/11\/02\/saiba-a-situacao-das-obras-na-nove-de-julho-em-ribeirao-preto\/","url_meta":{"origin":73290,"position":0},"title":"Saiba a situa\u00e7\u00e3o das obras na Nove de Julho em Ribeir\u00e3o Preto","author":"noticiasribeiraopreto.com.br","date":"2 de November de 2024","format":false,"excerpt":"As\u00a0obras\u00a0de revitaliza\u00e7\u00e3o e restaura\u00e7\u00e3o da avenida Nove de Julho, em Ribeir\u00e3o Preto,\u00a0come\u00e7aram no meio do ano de 2023. Com o atraso na entrega dos servi\u00e7os prestados \u2013 o que provocou transtornos para comerciantes, moradores, pedestres e motoristas \u2013 a\u00a0Prefeitura chegou a romper o contrato com a construtora Metropolitana em dezembro\u2026","rel":"","context":"In &quot;Not\u00edcias de Ribeir\u00e3o Preto-SP e Regi\u00e3o&quot;","block_context":{"text":"Not\u00edcias de Ribeir\u00e3o Preto-SP e Regi\u00e3o","link":"https:\/\/noticiasribeiraopreto.com.br\/index.php\/category\/noticias-de-ribeirao-preto-sp-e-regiao-ismael-colosi\/"},"img":{"alt_text":"","src":"https:\/\/i0.wp.com\/noticiasribeiraopreto.com.br\/wp-content\/uploads\/2024\/11\/Copia-de-Copia-de-TAMANHO-EXATO-PARA-FOTOS-NO-SISTEMA-NOVO-87.jpg?fit=1200%2C675&ssl=1&resize=350%2C200","width":350,"height":200,"srcset":"https:\/\/i0.wp.com\/noticiasribeiraopreto.com.br\/wp-content\/uploads\/2024\/11\/Copia-de-Copia-de-TAMANHO-EXATO-PARA-FOTOS-NO-SISTEMA-NOVO-87.jpg?fit=1200%2C675&ssl=1&resize=350%2C200 1x, https:\/\/i0.wp.com\/noticiasribeiraopreto.com.br\/wp-content\/uploads\/2024\/11\/Copia-de-Copia-de-TAMANHO-EXATO-PARA-FOTOS-NO-SISTEMA-NOVO-87.jpg?fit=1200%2C675&ssl=1&resize=525%2C300 1.5x, https:\/\/i0.wp.com\/noticiasribeiraopreto.com.br\/wp-content\/uploads\/2024\/11\/Copia-de-Copia-de-TAMANHO-EXATO-PARA-FOTOS-NO-SISTEMA-NOVO-87.jpg?fit=1200%2C675&ssl=1&resize=700%2C400 2x, https:\/\/i0.wp.com\/noticiasribeiraopreto.com.br\/wp-content\/uploads\/2024\/11\/Copia-de-Copia-de-TAMANHO-EXATO-PARA-FOTOS-NO-SISTEMA-NOVO-87.jpg?fit=1200%2C675&ssl=1&resize=1050%2C600 3x"},"classes":[]},{"id":83372,"url":"https:\/\/noticiasribeiraopreto.com.br\/index.php\/2026\/03\/17\/trecho-da-avenida-nove-de-julho-e-interditado-para-conserto-do-paralelepipedo\/","url_meta":{"origin":73290,"position":1},"title":"Trecho da avenida Nove de Julho \u00e9 interditado para conserto do paralelep\u00edpedo","author":"noticiasribeiraopreto.com.br","date":"17 de March de 2026","format":false,"excerpt":"O acesso \u00e0 avenida Independ\u00eancia pela pista Centro-bairro da avenida Nove de Julho, a partir da rua Floriano Peixoto, foi interditado emergencialmente na manh\u00e3 desta ter\u00e7a-feira (17), em Ribeir\u00e3o Preto. Segundo a RP Mobi, a medida \u00e9 necess\u00e1ria para a realiza\u00e7\u00e3o de obras de manuten\u00e7\u00e3o vi\u00e1ria no local. Os paralelep\u00edpedos\u2026","rel":"","context":"In &quot;Not\u00edcias de Ribeir\u00e3o Preto-SP e Regi\u00e3o&quot;","block_context":{"text":"Not\u00edcias de Ribeir\u00e3o Preto-SP e Regi\u00e3o","link":"https:\/\/noticiasribeiraopreto.com.br\/index.php\/category\/noticias-de-ribeirao-preto-sp-e-regiao-ismael-colosi\/"},"img":{"alt_text":"","src":"https:\/\/i0.wp.com\/noticiasribeiraopreto.com.br\/wp-content\/uploads\/2024\/04\/Copia-de-Copia-de-TAMANHO-EXATO-PARA-FOTOS-NO-SISTEMA-NOVO-24-1_2024-04-30_19-23-42_jpg.webp.webp?fit=1200%2C675&ssl=1&resize=350%2C200","width":350,"height":200,"srcset":"https:\/\/i0.wp.com\/noticiasribeiraopreto.com.br\/wp-content\/uploads\/2024\/04\/Copia-de-Copia-de-TAMANHO-EXATO-PARA-FOTOS-NO-SISTEMA-NOVO-24-1_2024-04-30_19-23-42_jpg.webp.webp?fit=1200%2C675&ssl=1&resize=350%2C200 1x, https:\/\/i0.wp.com\/noticiasribeiraopreto.com.br\/wp-content\/uploads\/2024\/04\/Copia-de-Copia-de-TAMANHO-EXATO-PARA-FOTOS-NO-SISTEMA-NOVO-24-1_2024-04-30_19-23-42_jpg.webp.webp?fit=1200%2C675&ssl=1&resize=525%2C300 1.5x, https:\/\/i0.wp.com\/noticiasribeiraopreto.com.br\/wp-content\/uploads\/2024\/04\/Copia-de-Copia-de-TAMANHO-EXATO-PARA-FOTOS-NO-SISTEMA-NOVO-24-1_2024-04-30_19-23-42_jpg.webp.webp?fit=1200%2C675&ssl=1&resize=700%2C400 2x, https:\/\/i0.wp.com\/noticiasribeiraopreto.com.br\/wp-content\/uploads\/2024\/04\/Copia-de-Copia-de-TAMANHO-EXATO-PARA-FOTOS-NO-SISTEMA-NOVO-24-1_2024-04-30_19-23-42_jpg.webp.webp?fit=1200%2C675&ssl=1&resize=1050%2C600 3x"},"classes":[]},{"id":40259,"url":"https:\/\/noticiasribeiraopreto.com.br\/index.php\/2024\/03\/01\/mato-invade-trecho-de-acesso-a-hospital-e-universidade-de-ribeirao-veja-video\/","url_meta":{"origin":73290,"position":2},"title":"Mato invade trecho de acesso a hospital e universidade de Ribeir\u00e3o; Veja v\u00eddeo","author":"noticiasribeiraopreto.com.br","date":"1 de March de 2024","format":false,"excerpt":"Um v\u00eddeo feito por uma estudante que n\u00e3o quis se identificar mostra um trecho da avenida Le\u00e3o XIII, no bairro Ribeir\u00e2nia, zona Leste de Ribeir\u00e3o Preto tomado por mato alto e sem cal\u00e7ada. O local que d\u00e1 acesso a um hospital e uma universidade \u00e9 a \u00fanica op\u00e7\u00e3o para os\u2026","rel":"","context":"In &quot;Not\u00edcias de Ribeir\u00e3o Preto-SP e Regi\u00e3o&quot;","block_context":{"text":"Not\u00edcias de Ribeir\u00e3o Preto-SP e Regi\u00e3o","link":"https:\/\/noticiasribeiraopreto.com.br\/index.php\/category\/noticias-de-ribeirao-preto-sp-e-regiao-ismael-colosi\/"},"img":{"alt_text":"","src":"https:\/\/i0.wp.com\/noticiasribeiraopreto.com.br\/wp-content\/uploads\/2024\/03\/3-1.jpg?fit=1200%2C675&ssl=1&resize=350%2C200","width":350,"height":200,"srcset":"https:\/\/i0.wp.com\/noticiasribeiraopreto.com.br\/wp-content\/uploads\/2024\/03\/3-1.jpg?fit=1200%2C675&ssl=1&resize=350%2C200 1x, https:\/\/i0.wp.com\/noticiasribeiraopreto.com.br\/wp-content\/uploads\/2024\/03\/3-1.jpg?fit=1200%2C675&ssl=1&resize=525%2C300 1.5x, https:\/\/i0.wp.com\/noticiasribeiraopreto.com.br\/wp-content\/uploads\/2024\/03\/3-1.jpg?fit=1200%2C675&ssl=1&resize=700%2C400 2x, https:\/\/i0.wp.com\/noticiasribeiraopreto.com.br\/wp-content\/uploads\/2024\/03\/3-1.jpg?fit=1200%2C675&ssl=1&resize=1050%2C600 3x"},"classes":[]},{"id":42229,"url":"https:\/\/noticiasribeiraopreto.com.br\/index.php\/2024\/03\/13\/conppac-define-tombamento-de-flamboyants\/","url_meta":{"origin":73290,"position":3},"title":"Conppac define tombamento de flamboyants \u00a0","author":"noticiasribeiraopreto.com.br","date":"13 de March de 2024","format":false,"excerpt":"O Conselho de Preserva\u00e7\u00e3o do Patrim\u00f4nio Cultural (Conppac) decidiu pelo tombamento, como patrim\u00f4nio cultural e ambiental de Ribeir\u00e3o Preto, de 133 flamboyants que enfeitam o canteiro central da tradicional avenida Treze de Maio, uma das principais do munic\u00edpio que interliga a Presidente Castelo Branco, na Zona Leste \u2013 porta de\u2026","rel":"","context":"In &quot;Not\u00edcias de Ribeir\u00e3o Preto-SP e Regi\u00e3o&quot;","block_context":{"text":"Not\u00edcias de Ribeir\u00e3o Preto-SP e Regi\u00e3o","link":"https:\/\/noticiasribeiraopreto.com.br\/index.php\/category\/noticias-de-ribeirao-preto-sp-e-regiao-ismael-colosi\/"},"img":{"alt_text":"","src":"https:\/\/i0.wp.com\/noticiasribeiraopreto.com.br\/wp-content\/uploads\/2024\/03\/Conppac-Alfredo-Risk-scaled.jpg?fit=967%2C645&ssl=1&resize=350%2C200","width":350,"height":200,"srcset":"https:\/\/i0.wp.com\/noticiasribeiraopreto.com.br\/wp-content\/uploads\/2024\/03\/Conppac-Alfredo-Risk-scaled.jpg?fit=967%2C645&ssl=1&resize=350%2C200 1x, https:\/\/i0.wp.com\/noticiasribeiraopreto.com.br\/wp-content\/uploads\/2024\/03\/Conppac-Alfredo-Risk-scaled.jpg?fit=967%2C645&ssl=1&resize=525%2C300 1.5x, https:\/\/i0.wp.com\/noticiasribeiraopreto.com.br\/wp-content\/uploads\/2024\/03\/Conppac-Alfredo-Risk-scaled.jpg?fit=967%2C645&ssl=1&resize=700%2C400 2x"},"classes":[]},{"id":27851,"url":"https:\/\/noticiasribeiraopreto.com.br\/index.php\/2024\/01\/13\/flamboyants-de-avenida-13-de-maio-serao-tombados\/","url_meta":{"origin":73290,"position":4},"title":"Flamboyants de avenida 13 de Maio ser\u00e3o tombados\u00a0","author":"noticiasribeiraopreto.com.br","date":"13 de January de 2024","format":false,"excerpt":"O Conselho de Preserva\u00e7\u00e3o do Patrim\u00f4nio Cultural (Conppac) decidiu pelo tombamento, como patrim\u00f4nio cultural e ambiental de Ribeir\u00e3o Preto, de 133 flamboyants que enfeitam o canteiro central da tradicional avenida Treze de Maio, uma das principais do munic\u00edpio que interliga a Presidente Castelo Branco, na Zona Leste \u2013 porta de\u2026","rel":"","context":"In &quot;Not\u00edcias de Ribeir\u00e3o Preto-SP e Regi\u00e3o&quot;","block_context":{"text":"Not\u00edcias de Ribeir\u00e3o Preto-SP e Regi\u00e3o","link":"https:\/\/noticiasribeiraopreto.com.br\/index.php\/category\/noticias-de-ribeirao-preto-sp-e-regiao-ismael-colosi\/"},"img":{"alt_text":"","src":"https:\/\/i0.wp.com\/noticiasribeiraopreto.com.br\/wp-content\/uploads\/2024\/01\/Conppac-Tre-Alfredo-Risk-scaled.jpg?fit=967%2C645&ssl=1&resize=350%2C200","width":350,"height":200,"srcset":"https:\/\/i0.wp.com\/noticiasribeiraopreto.com.br\/wp-content\/uploads\/2024\/01\/Conppac-Tre-Alfredo-Risk-scaled.jpg?fit=967%2C645&ssl=1&resize=350%2C200 1x, https:\/\/i0.wp.com\/noticiasribeiraopreto.com.br\/wp-content\/uploads\/2024\/01\/Conppac-Tre-Alfredo-Risk-scaled.jpg?fit=967%2C645&ssl=1&resize=525%2C300 1.5x, https:\/\/i0.wp.com\/noticiasribeiraopreto.com.br\/wp-content\/uploads\/2024\/01\/Conppac-Tre-Alfredo-Risk-scaled.jpg?fit=967%2C645&ssl=1&resize=700%2C400 2x"},"classes":[]},{"id":43084,"url":"https:\/\/noticiasribeiraopreto.com.br\/index.php\/2024\/03\/19\/duas-empresas-de-sp-disputam-obra-na-nove-de-julho\/","url_meta":{"origin":73290,"position":5},"title":"Duas empresas de SP disputam obra na Nove de Julho","author":"noticiasribeiraopreto.com.br","date":"19 de March de 2024","format":false,"excerpt":"Duas empresas foram habilitadas pela prefeitura de Ribeir\u00e3o Preto e seguem na licita\u00e7\u00e3o \u2013 concorr\u00eancia p\u00fablica \u2013 que definir\u00e1 qual delas ser\u00e1 a respons\u00e1vel pela retomada das obras de restaura\u00e7\u00e3o, revitaliza\u00e7\u00e3o e de constru\u00e7\u00e3o de corredor de \u00f4nibus na avenida Nove de Julho, via centen\u00e1ria e cart\u00e3o postal da cidadeSeguem\u2026","rel":"","context":"In &quot;Not\u00edcias de Ribeir\u00e3o Preto-SP e Regi\u00e3o&quot;","block_context":{"text":"Not\u00edcias de Ribeir\u00e3o Preto-SP e Regi\u00e3o","link":"https:\/\/noticiasribeiraopreto.com.br\/index.php\/category\/noticias-de-ribeirao-preto-sp-e-regiao-ismael-colosi\/"},"img":{"alt_text":"","src":"https:\/\/i0.wp.com\/noticiasribeiraopreto.com.br\/wp-content\/uploads\/2024\/03\/NoveRP-Alfredo-Risk-Arquivo-1-scaled.jpg?fit=967%2C645&ssl=1&resize=350%2C200","width":350,"height":200,"srcset":"https:\/\/i0.wp.com\/noticiasribeiraopreto.com.br\/wp-content\/uploads\/2024\/03\/NoveRP-Alfredo-Risk-Arquivo-1-scaled.jpg?fit=967%2C645&ssl=1&resize=350%2C200 1x, https:\/\/i0.wp.com\/noticiasribeiraopreto.com.br\/wp-content\/uploads\/2024\/03\/NoveRP-Alfredo-Risk-Arquivo-1-scaled.jpg?fit=967%2C645&ssl=1&resize=525%2C300 1.5x, https:\/\/i0.wp.com\/noticiasribeiraopreto.com.br\/wp-content\/uploads\/2024\/03\/NoveRP-Alfredo-Risk-Arquivo-1-scaled.jpg?fit=967%2C645&ssl=1&resize=700%2C400 2x"},"classes":[]}],"jetpack_sharing_enabled":true,"jetpack_shortlink":"https:\/\/wp.me\/peQAOb-j46","_links":{"self":[{"href":"https:\/\/noticiasribeiraopreto.com.br\/index.php\/wp-json\/wp\/v2\/posts\/73290","targetHints":{"allow":["GET"]}}],"collection":[{"href":"https:\/\/noticiasribeiraopreto.com.br\/index.php\/wp-json\/wp\/v2\/posts"}],"about":[{"href":"https:\/\/noticiasribeiraopreto.com.br\/index.php\/wp-json\/wp\/v2\/types\/post"}],"author":[{"embeddable":true,"href":"https:\/\/noticiasribeiraopreto.com.br\/index.php\/wp-json\/wp\/v2\/users\/1"}],"replies":[{"embeddable":true,"href":"https:\/\/noticiasribeiraopreto.com.br\/index.php\/wp-json\/wp\/v2\/comments?post=73290"}],"version-history":[{"count":0,"href":"https:\/\/noticiasribeiraopreto.com.br\/index.php\/wp-json\/wp\/v2\/posts\/73290\/revisions"}],"wp:featuredmedia":[{"embeddable":true,"href":"https:\/\/noticiasribeiraopreto.com.br\/index.php\/wp-json\/wp\/v2\/media\/73291"}],"wp:attachment":[{"href":"https:\/\/noticiasribeiraopreto.com.br\/index.php\/wp-json\/wp\/v2\/media?parent=73290"}],"wp:term":[{"taxonomy":"category","embeddable":true,"href":"https:\/\/noticiasribeiraopreto.com.br\/index.php\/wp-json\/wp\/v2\/categories?post=73290"},{"taxonomy":"post_tag","embeddable":true,"href":"https:\/\/noticiasribeiraopreto.com.br\/index.php\/wp-json\/wp\/v2\/tags?post=73290"}],"curies":[{"name":"wp","href":"https:\/\/api.w.org\/{rel}","templated":true}]}}