{"id":73292,"date":"2025-06-28T20:24:27","date_gmt":"2025-06-28T23:24:27","guid":{"rendered":"https:\/\/noticiasribeiraopreto.com.br\/index.php\/2025\/06\/28\/caso-larissa-sogra-e-transferida-para-novo-presidio-no-interior-de-sp\/"},"modified":"2025-06-28T20:24:27","modified_gmt":"2025-06-28T23:24:27","slug":"caso-larissa-sogra-e-transferida-para-novo-presidio-no-interior-de-sp","status":"publish","type":"post","link":"https:\/\/noticiasribeiraopreto.com.br\/index.php\/2025\/06\/28\/caso-larissa-sogra-e-transferida-para-novo-presidio-no-interior-de-sp\/","title":{"rendered":"Caso Larissa: sogra \u00e9 transferida para novo pres\u00eddio no interior de SP"},"content":{"rendered":"<div class='code-block code-block-1' style='margin: 8px 0 8px auto; text-align: right; display: block; clear: both;'>\n<p><a href=\"https:\/\/wa.link\/vpicfd\"><img data-recalc-dims=\"1\" class=\"wp-image-4922\" style=\"aspect-ratio: 2.0253164556962027; width: 561px; height: auto;\" src=\"https:\/\/i0.wp.com\/ismaelcolosi.com.br\/wp-content\/uploads\/2023\/11\/grupo-de-empregos-whatsapp-e-facebook-ismael-colosi-vagas.jpg?ssl=1\" alt=\"\" \/><\/a><\/p>\n<!-- \/wp:image -->\n<\/div>\n<p> <br \/>\n<\/p>\n<div>\n<p>A aposentada <strong>Elizabete Arraba\u00e7a<\/strong>, indiciada pelo assassinato da <strong>professora de pilates Larissa Rodrigues<\/strong>, foi transferida para a <strong>Penitenci\u00e1ria Feminina de Votorantim-SP<\/strong>, na manh\u00e3 deste s\u00e1bado (28).<\/p>\n<p><em>&gt;&gt;&gt;FIQUE POR DENTRO:\u00a0Confira a cobertura completa sobre o caso Larissa<\/em><\/p>\n<p><strong>Elizabete <\/strong>tem 68 anos e foi presa no dia 6 de maio, junto com o filho, <strong>o m\u00e9dico Luiz Antonio Garnica<\/strong>, marido da v\u00edtima. <mark style=\"background-color:#fcb900\" class=\"has-inline-color\"><strong>Larissa <\/strong>foi encontrada morta no apartamento que morava com o homem na <strong>zona Sul de Ribeir\u00e3o<\/strong><\/mark>.<\/p>\n<p>Na \u00e9poca, ela foi levada para a cadeia de S\u00e3o Joaquim da Barra, contudo, foi transferida pra <strong>Penitenci\u00e1ria Feminina de Mogi-Gua\u00e7u<\/strong> no dia 3 de junho, onde permaneceu at\u00e9 a manh\u00e3 de hoje.<\/p>\n<h2 class=\"wp-block-heading\"><strong>Finaliza\u00e7\u00e3o do inqu\u00e9rito<\/strong><\/h2>\n<p>A <strong>Pol\u00edcia Civil <\/strong>concluiu, nesta sexta-feira (27), a investiga\u00e7\u00e3o sobre a morte da professora Larissa Rodrigues, envenenada em mar\u00e7o deste ano em <strong>Ribeir\u00e3o Preto<\/strong>.<\/p>\n<p>Segundo os delegados <strong>Fernando Bravo<\/strong> e <strong>Jos\u00e9 Carvalho de Ara\u00fajo Junior<\/strong>, o m\u00e9dico e a aposentada foram formalmente indiciados por<strong> homic\u00eddio qualificado<\/strong> por feminic\u00eddio e meio cruel, por causa do uso do veneno.<\/p>\n<p>Exames periciais confirmaram que a v\u00edtima morreu ap\u00f3s ingerir \u201c<strong>chumbinho<\/strong>\u201d, veneno ilegal utilizado para matar ratos. <strong><mark style=\"background-color:#fcb900\" class=\"has-inline-color\">Conforme a conclus\u00e3o, o marido de Larissa, foi o mentor do assassinato, e a sogra a executora<\/mark><\/strong>.<\/p>\n<p>Vale lembrar que o promotor do caso, Marcus T\u00falio Alves Nicolino, confirmou que vai formalizar a den\u00fancia \u00e0 Justi\u00e7a nos pr\u00f3ximos dias.<\/p>\n<h2 class=\"wp-block-heading\"><strong>Crime foi premeditado<\/strong><\/h2>\n<p>Ainda de acordo com o delegado Fernando Bravo, <strong>a morte de Larissa foi premeditada pelos suspeitos<\/strong>. Ele ainda disse que <strong>o crime foi motivado por problemas financeiros de Luiz e Elizabete<\/strong>.<\/p>\n<p>\u201cOs dois teriam interesses financeiros. \u00c9 muito evidenciado para a gente, atrav\u00e9s de trocas de mensagens. Toda a cronologia que o Luiz colocou no computador dele, as provas que ele apresentou, isso ficou bem claro para a gente que o crime foi premeditado. A Larissa j\u00e1 vinha passando mal ao longo da semana. O Luiz, de acordo com relatos de testemunhas, a impediu que procurasse exame m\u00e9dico\u201d, afirmou.<\/p>\n<p><strong><em>*Com informa\u00e7\u00f5es da EPTV<\/em><\/strong><\/p>\n<hr class=\"wp-block-separator has-alpha-channel-opacity\"\/>\n<p>SAIBA MAIS<\/p>\n<p>Museu Casa de Portinari tem programa\u00e7\u00e3o especial nas f\u00e9rias de julho; Confira<\/p>\n<h4 class=\"wp-block-heading\"><strong>FIQUE ON<\/strong><\/h4>\n<p>Quer ficar por dentro de tudo que acontece em Ribeir\u00e3o Preto e regi\u00e3o? Ent\u00e3o siga os perfis do\u202facidade on\u202fno\u202f<a href=\"https:\/\/www.instagram.com\/acidadeonribeirao\" target=\"_blank\" rel=\"noreferrer noopener\">Instagram<\/a>\u202fe no\u202f<a href=\"https:\/\/www.facebook.com\/acidadeonribeirao\/\" target=\"_blank\" rel=\"noreferrer noopener\">Facebook<\/a>.<\/p>\n<p>Al\u00e9m disso, voc\u00ea pode receber as principais not\u00edcias diretamente no WhatsApp. Para isso, basta\u00a0<a href=\"https:\/\/chat.whatsapp.com\/BjKQZ9oJwlz8VVT50NuePq\" target=\"_blank\" rel=\"noreferrer noopener\">entrar no grupo clicando aqui<\/a>.<\/p>\n<p>Por fim, se quiser fazer uma den\u00fancia ou sugerir uma reportagem sobre Ribeir\u00e3o Preto e regi\u00e3o, envie uma mensagem pelo WhatsApp: (16) 99117-7802.<\/p>\n<p>VEJA TAMB\u00c9M<\/p>\n<p>Orgulho LGBTQIAPN+: conhe\u00e7a a hist\u00f3ria Andr\u00e9a de Mayo<\/p>\n<p><!-- AI CONTENT END 1 -->\n<\/div>\n<p><script async src=\"\/\/www.instagram.com\/embed.js\"><\/script><br \/>\n<br \/><br \/>\n<br \/><a href=\"https:\/\/www.acidadeon.com\/ribeiraopreto\/cotidiano\/caso-larissa-sogra-e-transferida-para-novo-presidio-no-interior-de-sp\/\">Source link <\/a><\/p>\n<!-- CONTENT END 1 -->\n","protected":false},"excerpt":{"rendered":"<p>A aposentada Elizabete Arraba\u00e7a, indiciada pelo assassinato da professora de pilates Larissa Rodrigues, foi transferida para a Penitenci\u00e1ria Feminina de Votorantim-SP, na manh\u00e3 deste s\u00e1bado&#8230;<\/p>\n","protected":false},"author":1,"featured_media":73293,"comment_status":"open","ping_status":"open","sticky":false,"template":"","format":"standard","meta":{"advanced_seo_description":"","jetpack_seo_html_title":"","jetpack_seo_noindex":false,"jetpack_post_was_ever_published":false,"_jetpack_newsletter_access":"","_jetpack_dont_email_post_to_subs":false,"_jetpack_newsletter_tier_id":0,"_jetpack_memberships_contains_paywalled_content":false,"_jetpack_memberships_contains_paid_content":false,"footnotes":"","jetpack_publicize_message":"","jetpack_publicize_feature_enabled":true,"jetpack_social_post_already_shared":true,"jetpack_social_options":{"image_generator_settings":{"template":"highway","default_image_id":0,"font":"","enabled":false},"version":2}},"categories":[11],"tags":[],"class_list":["post-73292","post","type-post","status-publish","format-standard","has-post-thumbnail","hentry","category-noticias-de-ribeirao-preto-sp-e-regiao-ismael-colosi"],"jetpack_publicize_connections":[],"jetpack_featured_media_url":"https:\/\/i0.wp.com\/noticiasribeiraopreto.com.br\/wp-content\/uploads\/2025\/06\/Copia-de-Copia-de-Copia-de-TAMANHO-EXATO-PARA-FOTOS-NO-SISTEMA-NOVO-2025-06-28T184923.591_2025-06-28_21-49-29.webp.webp?fit=1200%2C675&ssl=1","jetpack-related-posts":[{"id":71163,"url":"https:\/\/noticiasribeiraopreto.com.br\/index.php\/2025\/06\/03\/caso-larissa-sogra-da-professora-e-transferida-para-penitenciaria\/","url_meta":{"origin":73292,"position":0},"title":"Caso Larissa: Sogra da professora \u00e9 transferida para penitenci\u00e1ria","author":"noticiasribeiraopreto.com.br","date":"3 de June de 2025","format":false,"excerpt":"A sogra da professora Larissa Talle Le\u00f4ncio Rodrigues, Elizabete Arraba\u00e7a, foi transferida da cadeia de S\u00e3o Joaquim da Barra para Penitenci\u00e1ria Feminina de Mogi-Gua\u00e7u, nesta ter\u00e7a-feira (3). Elizabete \u00e9 suspeita de envolvimento na morte de Larissa, em Ribeir\u00e3o Preto, no \u00faltimo m\u00eas de mar\u00e7o. Al\u00e9m dela, tamb\u00e9m est\u00e1 preso o\u2026","rel":"","context":"In &quot;Not\u00edcias de Ribeir\u00e3o Preto-SP e Regi\u00e3o&quot;","block_context":{"text":"Not\u00edcias de Ribeir\u00e3o Preto-SP e Regi\u00e3o","link":"https:\/\/noticiasribeiraopreto.com.br\/index.php\/category\/noticias-de-ribeirao-preto-sp-e-regiao-ismael-colosi\/"},"img":{"alt_text":"","src":"https:\/\/i0.wp.com\/noticiasribeiraopreto.com.br\/wp-content\/uploads\/2025\/05\/elizabeth_2025-05-07_16-18-11.webp.webp?fit=1200%2C700&ssl=1&resize=350%2C200","width":350,"height":200,"srcset":"https:\/\/i0.wp.com\/noticiasribeiraopreto.com.br\/wp-content\/uploads\/2025\/05\/elizabeth_2025-05-07_16-18-11.webp.webp?fit=1200%2C700&ssl=1&resize=350%2C200 1x, https:\/\/i0.wp.com\/noticiasribeiraopreto.com.br\/wp-content\/uploads\/2025\/05\/elizabeth_2025-05-07_16-18-11.webp.webp?fit=1200%2C700&ssl=1&resize=525%2C300 1.5x, https:\/\/i0.wp.com\/noticiasribeiraopreto.com.br\/wp-content\/uploads\/2025\/05\/elizabeth_2025-05-07_16-18-11.webp.webp?fit=1200%2C700&ssl=1&resize=700%2C400 2x, https:\/\/i0.wp.com\/noticiasribeiraopreto.com.br\/wp-content\/uploads\/2025\/05\/elizabeth_2025-05-07_16-18-11.webp.webp?fit=1200%2C700&ssl=1&resize=1050%2C600 3x"},"classes":[]},{"id":76021,"url":"https:\/\/noticiasribeiraopreto.com.br\/index.php\/2025\/08\/20\/acusada-de-matar-a-nora-elizabete-arrabaca-chega-a-penitenciaria-de-tremembe\/","url_meta":{"origin":73292,"position":1},"title":"Acusada de matar a nora, Elizabete Arraba\u00e7a chega \u00e0 Penitenci\u00e1ria de Trememb\u00e9","author":"noticiasribeiraopreto.com.br","date":"20 de August de 2025","format":false,"excerpt":"Elizabete Arraba\u00e7a, acusada de ter envenenado a nora, a professora Larissa Rodrigues em Ribeir\u00e3o Preto, chegou a Penitenci\u00e1ria Feminina de Trememb\u00e9, no interior de S\u00e3o Paulo, nesta quarta-feira (20). >>>FIQUE POR DENTRO:\u00a0Confira a cobertura completa sobre o caso Larissa A informa\u00e7\u00e3o foi confirmada pela defesa da mulher na tarde de\u2026","rel":"","context":"In &quot;Not\u00edcias de Ribeir\u00e3o Preto-SP e Regi\u00e3o&quot;","block_context":{"text":"Not\u00edcias de Ribeir\u00e3o Preto-SP e Regi\u00e3o","link":"https:\/\/noticiasribeiraopreto.com.br\/index.php\/category\/noticias-de-ribeirao-preto-sp-e-regiao-ismael-colosi\/"},"img":{"alt_text":"","src":"https:\/\/i0.wp.com\/noticiasribeiraopreto.com.br\/wp-content\/uploads\/2025\/06\/Copia-de-Copia-de-Copia-de-TAMANHO-EXATO-PARA-FOTOS-NO-SISTEMA-NOVO-2025-06-28T184923.591_2025-06-28_21-49-29.webp.webp?fit=1200%2C675&ssl=1&resize=350%2C200","width":350,"height":200,"srcset":"https:\/\/i0.wp.com\/noticiasribeiraopreto.com.br\/wp-content\/uploads\/2025\/06\/Copia-de-Copia-de-Copia-de-TAMANHO-EXATO-PARA-FOTOS-NO-SISTEMA-NOVO-2025-06-28T184923.591_2025-06-28_21-49-29.webp.webp?fit=1200%2C675&ssl=1&resize=350%2C200 1x, https:\/\/i0.wp.com\/noticiasribeiraopreto.com.br\/wp-content\/uploads\/2025\/06\/Copia-de-Copia-de-Copia-de-TAMANHO-EXATO-PARA-FOTOS-NO-SISTEMA-NOVO-2025-06-28T184923.591_2025-06-28_21-49-29.webp.webp?fit=1200%2C675&ssl=1&resize=525%2C300 1.5x, https:\/\/i0.wp.com\/noticiasribeiraopreto.com.br\/wp-content\/uploads\/2025\/06\/Copia-de-Copia-de-Copia-de-TAMANHO-EXATO-PARA-FOTOS-NO-SISTEMA-NOVO-2025-06-28T184923.591_2025-06-28_21-49-29.webp.webp?fit=1200%2C675&ssl=1&resize=700%2C400 2x, https:\/\/i0.wp.com\/noticiasribeiraopreto.com.br\/wp-content\/uploads\/2025\/06\/Copia-de-Copia-de-Copia-de-TAMANHO-EXATO-PARA-FOTOS-NO-SISTEMA-NOVO-2025-06-28T184923.591_2025-06-28_21-49-29.webp.webp?fit=1200%2C675&ssl=1&resize=1050%2C600 3x"},"classes":[]},{"id":75904,"url":"https:\/\/noticiasribeiraopreto.com.br\/index.php\/2025\/08\/18\/elizabete-arrabaca-sera-transferida-para-penitenciaria-de-tremembe\/","url_meta":{"origin":73292,"position":2},"title":"Elizabete Arraba\u00e7a ser\u00e1 transferida para Penitenci\u00e1ria de Trememb\u00e9","author":"noticiasribeiraopreto.com.br","date":"18 de August de 2025","format":false,"excerpt":"Elizabete Arraba\u00e7a, a acusada de ter envenenado a nora, a professora Larissa Rodrigues em Ribeir\u00e3o Preto, ser\u00e1 transferida para Penitenci\u00e1ria Feminina de Trememb\u00e9. A informa\u00e7\u00e3o foi confirmada nesta segunda-feira (18) pela defesa da mulher. Elizabete est\u00e1 detida na Penitenci\u00e1ria Feminina de Votorantim, e antes j\u00e1 havia passado pela cadeia de\u2026","rel":"","context":"In &quot;Not\u00edcias de Ribeir\u00e3o Preto-SP e Regi\u00e3o&quot;","block_context":{"text":"Not\u00edcias de Ribeir\u00e3o Preto-SP e Regi\u00e3o","link":"https:\/\/noticiasribeiraopreto.com.br\/index.php\/category\/noticias-de-ribeirao-preto-sp-e-regiao-ismael-colosi\/"},"img":{"alt_text":"","src":"https:\/\/i0.wp.com\/noticiasribeiraopreto.com.br\/wp-content\/uploads\/2025\/06\/ret_2025-06-26_17-04-24.webp.webp?fit=1200%2C675&ssl=1&resize=350%2C200","width":350,"height":200,"srcset":"https:\/\/i0.wp.com\/noticiasribeiraopreto.com.br\/wp-content\/uploads\/2025\/06\/ret_2025-06-26_17-04-24.webp.webp?fit=1200%2C675&ssl=1&resize=350%2C200 1x, https:\/\/i0.wp.com\/noticiasribeiraopreto.com.br\/wp-content\/uploads\/2025\/06\/ret_2025-06-26_17-04-24.webp.webp?fit=1200%2C675&ssl=1&resize=525%2C300 1.5x, https:\/\/i0.wp.com\/noticiasribeiraopreto.com.br\/wp-content\/uploads\/2025\/06\/ret_2025-06-26_17-04-24.webp.webp?fit=1200%2C675&ssl=1&resize=700%2C400 2x, https:\/\/i0.wp.com\/noticiasribeiraopreto.com.br\/wp-content\/uploads\/2025\/06\/ret_2025-06-26_17-04-24.webp.webp?fit=1200%2C675&ssl=1&resize=1050%2C600 3x"},"classes":[]},{"id":71175,"url":"https:\/\/noticiasribeiraopreto.com.br\/index.php\/2025\/06\/03\/caso-larissa-elizabete-muda-de-cadeia\/","url_meta":{"origin":73292,"position":3},"title":"Caso Larissa: Elizabete muda de cadeia","author":"noticiasribeiraopreto.com.br","date":"3 de June de 2025","format":false,"excerpt":"Idosa n\u00e3o obteve autoriza\u00e7\u00e3o para pris\u00e3o domiciliar, mas seguiu para outra unidade prisional que tem acompanhamento mais efetivo da sa\u00fade das detentas 3 de junho de 2025 12:382 Compartilhar0 Por: Adalberto Luque Elizabete Eug\u00eanio Arraba\u00e7a Garnica, de 67 anos, suspeita de ter matado a professora de pilates Larissa Talle Le\u00f4ncio\u2026","rel":"","context":"In &quot;Not\u00edcias de Ribeir\u00e3o Preto-SP e Regi\u00e3o&quot;","block_context":{"text":"Not\u00edcias de Ribeir\u00e3o Preto-SP e Regi\u00e3o","link":"https:\/\/noticiasribeiraopreto.com.br\/index.php\/category\/noticias-de-ribeirao-preto-sp-e-regiao-ismael-colosi\/"},"img":{"alt_text":"","src":"https:\/\/i0.wp.com\/noticiasribeiraopreto.com.br\/wp-content\/uploads\/2025\/06\/06-mai-2025-envenenamentoprofessora5.jpg?fit=1200%2C800&ssl=1&resize=350%2C200","width":350,"height":200,"srcset":"https:\/\/i0.wp.com\/noticiasribeiraopreto.com.br\/wp-content\/uploads\/2025\/06\/06-mai-2025-envenenamentoprofessora5.jpg?fit=1200%2C800&ssl=1&resize=350%2C200 1x, https:\/\/i0.wp.com\/noticiasribeiraopreto.com.br\/wp-content\/uploads\/2025\/06\/06-mai-2025-envenenamentoprofessora5.jpg?fit=1200%2C800&ssl=1&resize=525%2C300 1.5x, https:\/\/i0.wp.com\/noticiasribeiraopreto.com.br\/wp-content\/uploads\/2025\/06\/06-mai-2025-envenenamentoprofessora5.jpg?fit=1200%2C800&ssl=1&resize=700%2C400 2x, https:\/\/i0.wp.com\/noticiasribeiraopreto.com.br\/wp-content\/uploads\/2025\/06\/06-mai-2025-envenenamentoprofessora5.jpg?fit=1200%2C800&ssl=1&resize=1050%2C600 3x"},"classes":[]},{"id":71261,"url":"https:\/\/noticiasribeiraopreto.com.br\/index.php\/2025\/06\/04\/caso-larissa-sogra-da-professora-diz-que-a-nora-tomou-remedio-com-chumbinho\/","url_meta":{"origin":73292,"position":4},"title":"Caso Larissa: sogra da professora diz que a nora tomou rem\u00e9dio com chumbinho","author":"noticiasribeiraopreto.com.br","date":"4 de June de 2025","format":false,"excerpt":"A sogra da professora Larissa Talle Le\u00f4ncio Rodrigues, Elizabete Arraba\u00e7a, disse que a nora tomou rem\u00e9dio com chumbinho. Larissa foi encontrada morta no \u00faltimo dia 22 de mar\u00e7o no apartamento em que morava com o marido, o m\u00e9dico Luiz Ant\u00f4nio Garnica, no Jardim Bot\u00e2nico, na zona Sul de Ribeir\u00e3o Preto.\u2026","rel":"","context":"In &quot;Not\u00edcias de Ribeir\u00e3o Preto-SP e Regi\u00e3o&quot;","block_context":{"text":"Not\u00edcias de Ribeir\u00e3o Preto-SP e Regi\u00e3o","link":"https:\/\/noticiasribeiraopreto.com.br\/index.php\/category\/noticias-de-ribeirao-preto-sp-e-regiao-ismael-colosi\/"},"img":{"alt_text":"","src":"https:\/\/i0.wp.com\/noticiasribeiraopreto.com.br\/wp-content\/uploads\/2025\/05\/Copia-de-Copia-de-Copia-de-TAMANHO-EXATO-PARA-FOTOS-NO-SISTEMA-NOVO-45_2025-05-06_21-21-57.webp.webp?fit=1200%2C675&ssl=1&resize=350%2C200","width":350,"height":200,"srcset":"https:\/\/i0.wp.com\/noticiasribeiraopreto.com.br\/wp-content\/uploads\/2025\/05\/Copia-de-Copia-de-Copia-de-TAMANHO-EXATO-PARA-FOTOS-NO-SISTEMA-NOVO-45_2025-05-06_21-21-57.webp.webp?fit=1200%2C675&ssl=1&resize=350%2C200 1x, https:\/\/i0.wp.com\/noticiasribeiraopreto.com.br\/wp-content\/uploads\/2025\/05\/Copia-de-Copia-de-Copia-de-TAMANHO-EXATO-PARA-FOTOS-NO-SISTEMA-NOVO-45_2025-05-06_21-21-57.webp.webp?fit=1200%2C675&ssl=1&resize=525%2C300 1.5x, https:\/\/i0.wp.com\/noticiasribeiraopreto.com.br\/wp-content\/uploads\/2025\/05\/Copia-de-Copia-de-Copia-de-TAMANHO-EXATO-PARA-FOTOS-NO-SISTEMA-NOVO-45_2025-05-06_21-21-57.webp.webp?fit=1200%2C675&ssl=1&resize=700%2C400 2x, https:\/\/i0.wp.com\/noticiasribeiraopreto.com.br\/wp-content\/uploads\/2025\/05\/Copia-de-Copia-de-Copia-de-TAMANHO-EXATO-PARA-FOTOS-NO-SISTEMA-NOVO-45_2025-05-06_21-21-57.webp.webp?fit=1200%2C675&ssl=1&resize=1050%2C600 3x"},"classes":[]},{"id":76053,"url":"https:\/\/noticiasribeiraopreto.com.br\/index.php\/2025\/08\/21\/elizabete-passa-sua-primeira-noite-em-tremembe\/","url_meta":{"origin":73292,"position":5},"title":"Elizabete passa sua primeira noite em Trememb\u00e9","author":"noticiasribeiraopreto.com.br","date":"21 de August de 2025","format":false,"excerpt":"Por: Adalberto Luque Elizabete Eug\u00eanio Arraba\u00e7a, de 68 anos, acusada da morte de sua nora Larissa Talle Le\u00f4ncio Rodrigues e de sua filha Nathalia Garnica, passou sua primeira noite na Penitenci\u00e1ria Feminina de Trememb\u00e9. Ela foi transferida nesta quarta-feira (20) para sua quarta unidade prisional, desde que foi presa em\u2026","rel":"","context":"In &quot;Not\u00edcias de Ribeir\u00e3o Preto-SP e Regi\u00e3o&quot;","block_context":{"text":"Not\u00edcias de Ribeir\u00e3o Preto-SP e Regi\u00e3o","link":"https:\/\/noticiasribeiraopreto.com.br\/index.php\/category\/noticias-de-ribeirao-preto-sp-e-regiao-ismael-colosi\/"},"img":{"alt_text":"","src":"https:\/\/i0.wp.com\/noticiasribeiraopreto.com.br\/wp-content\/uploads\/2025\/08\/21-agi-2925-elizabetegarnica.jpg?fit=1170%2C780&ssl=1&resize=350%2C200","width":350,"height":200,"srcset":"https:\/\/i0.wp.com\/noticiasribeiraopreto.com.br\/wp-content\/uploads\/2025\/08\/21-agi-2925-elizabetegarnica.jpg?fit=1170%2C780&ssl=1&resize=350%2C200 1x, https:\/\/i0.wp.com\/noticiasribeiraopreto.com.br\/wp-content\/uploads\/2025\/08\/21-agi-2925-elizabetegarnica.jpg?fit=1170%2C780&ssl=1&resize=525%2C300 1.5x, https:\/\/i0.wp.com\/noticiasribeiraopreto.com.br\/wp-content\/uploads\/2025\/08\/21-agi-2925-elizabetegarnica.jpg?fit=1170%2C780&ssl=1&resize=700%2C400 2x, https:\/\/i0.wp.com\/noticiasribeiraopreto.com.br\/wp-content\/uploads\/2025\/08\/21-agi-2925-elizabetegarnica.jpg?fit=1170%2C780&ssl=1&resize=1050%2C600 3x"},"classes":[]}],"jetpack_sharing_enabled":true,"jetpack_shortlink":"https:\/\/wp.me\/peQAOb-j48","_links":{"self":[{"href":"https:\/\/noticiasribeiraopreto.com.br\/index.php\/wp-json\/wp\/v2\/posts\/73292","targetHints":{"allow":["GET"]}}],"collection":[{"href":"https:\/\/noticiasribeiraopreto.com.br\/index.php\/wp-json\/wp\/v2\/posts"}],"about":[{"href":"https:\/\/noticiasribeiraopreto.com.br\/index.php\/wp-json\/wp\/v2\/types\/post"}],"author":[{"embeddable":true,"href":"https:\/\/noticiasribeiraopreto.com.br\/index.php\/wp-json\/wp\/v2\/users\/1"}],"replies":[{"embeddable":true,"href":"https:\/\/noticiasribeiraopreto.com.br\/index.php\/wp-json\/wp\/v2\/comments?post=73292"}],"version-history":[{"count":0,"href":"https:\/\/noticiasribeiraopreto.com.br\/index.php\/wp-json\/wp\/v2\/posts\/73292\/revisions"}],"wp:featuredmedia":[{"embeddable":true,"href":"https:\/\/noticiasribeiraopreto.com.br\/index.php\/wp-json\/wp\/v2\/media\/73293"}],"wp:attachment":[{"href":"https:\/\/noticiasribeiraopreto.com.br\/index.php\/wp-json\/wp\/v2\/media?parent=73292"}],"wp:term":[{"taxonomy":"category","embeddable":true,"href":"https:\/\/noticiasribeiraopreto.com.br\/index.php\/wp-json\/wp\/v2\/categories?post=73292"},{"taxonomy":"post_tag","embeddable":true,"href":"https:\/\/noticiasribeiraopreto.com.br\/index.php\/wp-json\/wp\/v2\/tags?post=73292"}],"curies":[{"name":"wp","href":"https:\/\/api.w.org\/{rel}","templated":true}]}}