{"id":73294,"date":"2025-06-28T20:31:49","date_gmt":"2025-06-28T23:31:49","guid":{"rendered":"https:\/\/noticiasribeiraopreto.com.br\/index.php\/2025\/06\/28\/policia-investiga-roubo-de-medicamentos-de-alto-custo-em-ribeirao-preto\/"},"modified":"2025-06-28T20:31:49","modified_gmt":"2025-06-28T23:31:49","slug":"policia-investiga-roubo-de-medicamentos-de-alto-custo-em-ribeirao-preto","status":"publish","type":"post","link":"https:\/\/noticiasribeiraopreto.com.br\/index.php\/2025\/06\/28\/policia-investiga-roubo-de-medicamentos-de-alto-custo-em-ribeirao-preto\/","title":{"rendered":"Pol\u00edcia investiga roubo de medicamentos de alto custo em Ribeir\u00e3o Preto"},"content":{"rendered":"<div class='code-block code-block-1' style='margin: 8px 0 8px auto; text-align: right; display: block; clear: both;'>\n<p><a href=\"https:\/\/wa.link\/vpicfd\"><img data-recalc-dims=\"1\" class=\"wp-image-4922\" style=\"aspect-ratio: 2.0253164556962027; width: 561px; height: auto;\" src=\"https:\/\/i0.wp.com\/ismaelcolosi.com.br\/wp-content\/uploads\/2023\/11\/grupo-de-empregos-whatsapp-e-facebook-ismael-colosi-vagas.jpg?ssl=1\" alt=\"\" \/><\/a><\/p>\n<!-- \/wp:image -->\n<\/div>\n<p> <br \/>\n<\/p>\n<div>\n<p>*<em>Atualizado \u00e0s 16h15, do dia 28 de junho de 2025<\/em><\/p>\n<p>A <strong>Pol\u00edcia Civil<\/strong> investiga um <strong>roubo de medicamentos de alto custo<\/strong> ocorrido na noite de sexta-feira (27), no bairro Jardim Rossi, em <strong>Ribeir\u00e3o Preto<\/strong>.<\/p>\n<p>De acordo com as informa\u00e7\u00f5es da <strong>Secretaria de Seguran\u00e7a P\u00fablica (SSP)<\/strong>, <mark style=\"background-color:#fcb900\" class=\"has-inline-color\">o alvo da a\u00e7\u00e3o foi a<strong> Farm\u00e1cia de Medicamentos Especializados (FME)<\/strong>, vinculada \u00e0 <strong>Secretaria de Estado da Sa\u00fade de S\u00e3o Paulo<\/strong><\/mark><strong><mark style=\"background-color:#fcb900\" class=\"has-inline-color\">, que fica ao lado do HERP.<\/mark><\/strong><\/p>\n<p>Aos policiais, um vigilante do local informou que <strong>cinco suspeitos participaram da a\u00e7\u00e3o<\/strong>. Uma testemunha disse a r\u00e1dio <strong>CBN Ribeir\u00e3o<\/strong> que os criminosos estariam <strong>armados <\/strong>e que <strong>quatro pessoas foram rendidas<\/strong>.<\/p>\n<p>Os assaltantes conseguiram fugir do local e, at\u00e9 o momento, ningu\u00e9m foi preso. <strong>A quantidade de medicamentos e o valor do preju\u00edzo n\u00e3o foram divulgados<\/strong>. A per\u00edcia foi acionada e o caso registrado na Central de Pol\u00edcia Judici\u00e1ria de Ribeir\u00e3o.<\/p>\n<p>Em nota, o <strong>Departamento Regional de Sa\u00fade (DRS) de Ribeir\u00e3o Preto<\/strong>, informou que \u201cassim que teve conhecimento dos fatos, acionou as autoridades policiais e est\u00e1 colaborando com todas as informa\u00e7\u00f5es sobre o incidente\u201d.<\/p>\n<h2 class=\"wp-block-heading\"><strong>Complexo hospitalar<\/strong><\/h2>\n<p>O <strong>HERP <\/strong>foi inaugurado em 26 de mar\u00e7o de 2008, durante a gest\u00e3o do <strong>ex-prefeito de Ribeir\u00e3o Preto<\/strong>, <strong>Welson Gasparini<\/strong>. <mark style=\"background-color:#fcb900\" class=\"has-inline-color\">O local possui uma \u00e1rea total em terreno de 19.900 m\u00b2 e atualmente uma \u00e1rea total constru\u00edda de 6.880 m\u00b2.<\/mark><\/p>\n<p>O complexo oferece servi\u00e7os m\u00e9dicos e terap\u00eauticos de m\u00e9dia complexidade com demanda eletiva e tamb\u00e9m atividades da \u00e1rea de reabilita\u00e7\u00e3o, para <strong>casos encaminhados pela regi\u00e3o<\/strong> (consultas, exames, procedimentos cir\u00fargicos e terapias) e pela <strong>Secretaria de Estado de Sa\u00fade do Estado de S\u00e3o Paulo (interna\u00e7\u00f5es)<\/strong>.<\/p>\n<hr class=\"wp-block-separator has-alpha-channel-opacity\"\/>\n<p>SAIBA MAIS<\/p>\n<p>Moradores reclamam de falta de manuten\u00e7\u00e3o na avenida Nove de Julho em Ribeir\u00e3o Preto<\/p>\n<h2 class=\"wp-block-heading\"><strong>FIQUE ON<\/strong><\/h2>\n<p>Quer ficar por dentro de tudo que acontece em Ribeir\u00e3o Preto e regi\u00e3o? Ent\u00e3o siga os perfis do\u202facidade on\u202fno\u202f<a href=\"https:\/\/www.instagram.com\/acidadeonribeirao\" target=\"_blank\" rel=\"noreferrer noopener\">Instagram<\/a>\u202fe no\u202f<a href=\"https:\/\/www.facebook.com\/acidadeonribeirao\/\" target=\"_blank\" rel=\"noreferrer noopener\">Facebook<\/a>.<\/p>\n<p>Al\u00e9m disso, voc\u00ea pode receber as principais not\u00edcias diretamente no WhatsApp. Para isso, basta\u00a0<a href=\"https:\/\/chat.whatsapp.com\/BjKQZ9oJwlz8VVT50NuePq\" target=\"_blank\" rel=\"noreferrer noopener\">entrar no grupo clicando aqui<\/a>.<\/p>\n<p>Por fim, se quiser fazer uma den\u00fancia ou sugerir uma reportagem sobre Ribeir\u00e3o Preto e regi\u00e3o, envie uma mensagem pelo WhatsApp: (16) 99117-7802.<\/p>\n<p>VEJA TAMB\u00c9M<\/p>\n<p>O que Antonio Fagundes disse sobre o novo \u2018Mundo da Lua\u2019?<\/p>\n<p><!-- AI CONTENT END 1 -->\n<\/div>\n<p><script async src=\"\/\/www.instagram.com\/embed.js\"><\/script><br \/>\n<br \/><br \/>\n<br \/><a href=\"https:\/\/www.acidadeon.com\/ribeiraopreto\/cotidiano\/policia-investiga-roubo-de-medicamentos-de-alto-custo-em-ribeirao-preto\/\">Source link <\/a><\/p>\n<!-- CONTENT END 1 -->\n","protected":false},"excerpt":{"rendered":"<p>*Atualizado \u00e0s 16h15, do dia 28 de junho de 2025 A Pol\u00edcia Civil investiga um roubo de medicamentos de alto custo ocorrido na noite de&#8230;<\/p>\n","protected":false},"author":1,"featured_media":73295,"comment_status":"open","ping_status":"open","sticky":false,"template":"","format":"standard","meta":{"advanced_seo_description":"","jetpack_seo_html_title":"","jetpack_seo_noindex":false,"jetpack_post_was_ever_published":false,"_jetpack_newsletter_access":"","_jetpack_dont_email_post_to_subs":false,"_jetpack_newsletter_tier_id":0,"_jetpack_memberships_contains_paywalled_content":false,"_jetpack_memberships_contains_paid_content":false,"footnotes":"","jetpack_publicize_message":"","jetpack_publicize_feature_enabled":true,"jetpack_social_post_already_shared":true,"jetpack_social_options":{"image_generator_settings":{"template":"highway","default_image_id":0,"font":"","enabled":false},"version":2}},"categories":[11],"tags":[],"class_list":["post-73294","post","type-post","status-publish","format-standard","has-post-thumbnail","hentry","category-noticias-de-ribeirao-preto-sp-e-regiao-ismael-colosi"],"jetpack_publicize_connections":[],"jetpack_featured_media_url":"https:\/\/i0.wp.com\/noticiasribeiraopreto.com.br\/wp-content\/uploads\/2025\/06\/Copia-de-Copia-de-Copia-de-TAMANHO-EXATO-PARA-FOTOS-NO-SISTEMA-NOVO-2025-06-28T161235.867_2025-06-28_19-12-47.webp.webp?fit=1200%2C675&ssl=1","jetpack-related-posts":[{"id":73288,"url":"https:\/\/noticiasribeiraopreto.com.br\/index.php\/2025\/06\/28\/policia-investiga-roubo-de-medicamentos-de-alto-custo-em-hospital-da-zona-sul-de-ribeirao-preto\/","url_meta":{"origin":73294,"position":0},"title":"Pol\u00edcia investiga roubo de medicamentos de alto custo em hospital da zona Sul de Ribeir\u00e3o Preto","author":"noticiasribeiraopreto.com.br","date":"28 de June de 2025","format":false,"excerpt":"A Pol\u00edcia Civil investiga um roubo de medicamentos de alto custo ocorrido na noite de sexta-feira (27), no Hospital Estadual de Ribeir\u00e3o Preto (HERP), localizado na zona Sul do munic\u00edpio. De acordo com as informa\u00e7\u00f5es da Secretaria de Seguran\u00e7a P\u00fablica (SSP), o alvo da a\u00e7\u00e3o foi a Farm\u00e1cia de Medicamentos\u2026","rel":"","context":"In &quot;Not\u00edcias de Ribeir\u00e3o Preto-SP e Regi\u00e3o&quot;","block_context":{"text":"Not\u00edcias de Ribeir\u00e3o Preto-SP e Regi\u00e3o","link":"https:\/\/noticiasribeiraopreto.com.br\/index.php\/category\/noticias-de-ribeirao-preto-sp-e-regiao-ismael-colosi\/"},"img":{"alt_text":"","src":"https:\/\/i0.wp.com\/noticiasribeiraopreto.com.br\/wp-content\/uploads\/2025\/06\/800x420-40_2025-06-28_18-03-48.webp.webp?fit=800%2C420&ssl=1&resize=350%2C200","width":350,"height":200,"srcset":"https:\/\/i0.wp.com\/noticiasribeiraopreto.com.br\/wp-content\/uploads\/2025\/06\/800x420-40_2025-06-28_18-03-48.webp.webp?fit=800%2C420&ssl=1&resize=350%2C200 1x, https:\/\/i0.wp.com\/noticiasribeiraopreto.com.br\/wp-content\/uploads\/2025\/06\/800x420-40_2025-06-28_18-03-48.webp.webp?fit=800%2C420&ssl=1&resize=525%2C300 1.5x, https:\/\/i0.wp.com\/noticiasribeiraopreto.com.br\/wp-content\/uploads\/2025\/06\/800x420-40_2025-06-28_18-03-48.webp.webp?fit=800%2C420&ssl=1&resize=700%2C400 2x"},"classes":[]},{"id":73279,"url":"https:\/\/noticiasribeiraopreto.com.br\/index.php\/2025\/06\/28\/roubo-de-medicamentos-de-alto-custo-em-hospital-de-ribeirao-preto\/","url_meta":{"origin":73294,"position":1},"title":"Roubo de medicamentos de alto custo em hospital de Ribeir\u00e3o Preto","author":"noticiasribeiraopreto.com.br","date":"28 de June de 2025","format":false,"excerpt":"28 de junho de 2025 16:312 Compartilhar0 A Pol\u00edcia Civil investiga um audacioso roubo de medicamentos de alto custo ocorrido na madrugada deste s\u00e1bado (28) no Hospital Estadual de Ribeir\u00e3o Preto (HERP), na zona Sul da cidade. O alvo da a\u00e7\u00e3o criminosa foi a Farm\u00e1cia de Medicamentos Especializados (FME), unidade\u2026","rel":"","context":"In &quot;Not\u00edcias de Ribeir\u00e3o Preto-SP e Regi\u00e3o&quot;","block_context":{"text":"Not\u00edcias de Ribeir\u00e3o Preto-SP e Regi\u00e3o","link":"https:\/\/noticiasribeiraopreto.com.br\/index.php\/category\/noticias-de-ribeirao-preto-sp-e-regiao-ismael-colosi\/"},"img":{"alt_text":"","src":"https:\/\/i0.wp.com\/noticiasribeiraopreto.com.br\/wp-content\/uploads\/2025\/06\/hospital_estadual.jpeg?fit=720%2C440&ssl=1&resize=350%2C200","width":350,"height":200,"srcset":"https:\/\/i0.wp.com\/noticiasribeiraopreto.com.br\/wp-content\/uploads\/2025\/06\/hospital_estadual.jpeg?fit=720%2C440&ssl=1&resize=350%2C200 1x, https:\/\/i0.wp.com\/noticiasribeiraopreto.com.br\/wp-content\/uploads\/2025\/06\/hospital_estadual.jpeg?fit=720%2C440&ssl=1&resize=525%2C300 1.5x, https:\/\/i0.wp.com\/noticiasribeiraopreto.com.br\/wp-content\/uploads\/2025\/06\/hospital_estadual.jpeg?fit=720%2C440&ssl=1&resize=700%2C400 2x"},"classes":[]},{"id":73434,"url":"https:\/\/noticiasribeiraopreto.com.br\/index.php\/2025\/07\/02\/policia-investiga-roubo-de-quase-r-2-milhoes-em-remedios-de-alto-custo-em-ribeirao-preto\/","url_meta":{"origin":73294,"position":2},"title":"Pol\u00edcia investiga roubo de quase R$ 2 milh\u00f5es em rem\u00e9dios de alto custo em Ribeir\u00e3o Preto","author":"noticiasribeiraopreto.com.br","date":"2 de July de 2025","format":false,"excerpt":"A Pol\u00edcia Civil segue na investiga\u00e7\u00e3o do roubo de rem\u00e9dios de alto custo da FME (Farm\u00e1cia de Medicamentos Especializados), no complexo do Hospital Estadual de Ribeir\u00e3o Preto, ocorrido na noite da \u00faltima sexta-feira (27). Segundo o boletim de ocorr\u00eancia (BO), os medicamentos roubados totalizam R$ 1.972.358,11. S\u00e3o pelo menos 35\u2026","rel":"","context":"In &quot;Not\u00edcias de Ribeir\u00e3o Preto-SP e Regi\u00e3o&quot;","block_context":{"text":"Not\u00edcias de Ribeir\u00e3o Preto-SP e Regi\u00e3o","link":"https:\/\/noticiasribeiraopreto.com.br\/index.php\/category\/noticias-de-ribeirao-preto-sp-e-regiao-ismael-colosi\/"},"img":{"alt_text":"","src":"https:\/\/i0.wp.com\/noticiasribeiraopreto.com.br\/wp-content\/uploads\/2025\/06\/Copia-de-Copia-de-Copia-de-TAMANHO-EXATO-PARA-FOTOS-NO-SISTEMA-NOVO-2025-06-30T164315.393_2025-06-30_19-43-21.webp.webp?fit=1200%2C675&ssl=1&resize=350%2C200","width":350,"height":200,"srcset":"https:\/\/i0.wp.com\/noticiasribeiraopreto.com.br\/wp-content\/uploads\/2025\/06\/Copia-de-Copia-de-Copia-de-TAMANHO-EXATO-PARA-FOTOS-NO-SISTEMA-NOVO-2025-06-30T164315.393_2025-06-30_19-43-21.webp.webp?fit=1200%2C675&ssl=1&resize=350%2C200 1x, https:\/\/i0.wp.com\/noticiasribeiraopreto.com.br\/wp-content\/uploads\/2025\/06\/Copia-de-Copia-de-Copia-de-TAMANHO-EXATO-PARA-FOTOS-NO-SISTEMA-NOVO-2025-06-30T164315.393_2025-06-30_19-43-21.webp.webp?fit=1200%2C675&ssl=1&resize=525%2C300 1.5x, https:\/\/i0.wp.com\/noticiasribeiraopreto.com.br\/wp-content\/uploads\/2025\/06\/Copia-de-Copia-de-Copia-de-TAMANHO-EXATO-PARA-FOTOS-NO-SISTEMA-NOVO-2025-06-30T164315.393_2025-06-30_19-43-21.webp.webp?fit=1200%2C675&ssl=1&resize=700%2C400 2x, https:\/\/i0.wp.com\/noticiasribeiraopreto.com.br\/wp-content\/uploads\/2025\/06\/Copia-de-Copia-de-Copia-de-TAMANHO-EXATO-PARA-FOTOS-NO-SISTEMA-NOVO-2025-06-30T164315.393_2025-06-30_19-43-21.webp.webp?fit=1200%2C675&ssl=1&resize=1050%2C600 3x"},"classes":[]},{"id":75129,"url":"https:\/\/noticiasribeiraopreto.com.br\/index.php\/2025\/08\/04\/policia-identifica-terceiro-suspeito-de-roubo-de-medicamentos\/","url_meta":{"origin":73294,"position":3},"title":"Pol\u00edcia identifica terceiro suspeito de roubo de medicamentos","author":"noticiasribeiraopreto.com.br","date":"4 de August de 2025","format":false,"excerpt":"Mochila usada no roubo milion\u00e1rio foi localizada durante Opera\u00e7\u00e3o Hip\u00f3crates 4 de agosto de 2025 12:550 Compartilhar0 Por: Adalberto Luque A Pol\u00edcia Civil apreendeu, no in\u00edcio da manh\u00e3 desta segunda-feira (4), uma mochila usada no roubo a medicamentos de alto custo do Hospital Estadual de Ribeir\u00e3o Preto (HERP), ocorrido na\u2026","rel":"","context":"In &quot;Not\u00edcias de Ribeir\u00e3o Preto-SP e Regi\u00e3o&quot;","block_context":{"text":"Not\u00edcias de Ribeir\u00e3o Preto-SP e Regi\u00e3o","link":"https:\/\/noticiasribeiraopreto.com.br\/index.php\/category\/noticias-de-ribeirao-preto-sp-e-regiao-ismael-colosi\/"},"img":{"alt_text":"","src":"https:\/\/i0.wp.com\/noticiasribeiraopreto.com.br\/wp-content\/uploads\/2025\/08\/04-ago-2025-roubomedicamentos1.jpg?fit=822%2C617&ssl=1&resize=350%2C200","width":350,"height":200,"srcset":"https:\/\/i0.wp.com\/noticiasribeiraopreto.com.br\/wp-content\/uploads\/2025\/08\/04-ago-2025-roubomedicamentos1.jpg?fit=822%2C617&ssl=1&resize=350%2C200 1x, https:\/\/i0.wp.com\/noticiasribeiraopreto.com.br\/wp-content\/uploads\/2025\/08\/04-ago-2025-roubomedicamentos1.jpg?fit=822%2C617&ssl=1&resize=525%2C300 1.5x, https:\/\/i0.wp.com\/noticiasribeiraopreto.com.br\/wp-content\/uploads\/2025\/08\/04-ago-2025-roubomedicamentos1.jpg?fit=822%2C617&ssl=1&resize=700%2C400 2x"},"classes":[]},{"id":73701,"url":"https:\/\/noticiasribeiraopreto.com.br\/index.php\/2025\/07\/08\/policia-prende-suspeito-de-roubo-milionario-de-medicamentos-em-ribeirao-preto\/","url_meta":{"origin":73294,"position":4},"title":"Pol\u00edcia prende suspeito de roubo milion\u00e1rio de medicamentos em Ribeir\u00e3o Preto","author":"noticiasribeiraopreto.com.br","date":"8 de July de 2025","format":false,"excerpt":"A Pol\u00edcia Civil prendeu nesta ter\u00e7a-feira (8) um suspeito do roubo milion\u00e1rio de medicamentos em Ribeir\u00e3o Preto. O furg\u00e3o que teria sido utilizado para transportar os rem\u00e9dios de alto custo foi apreendido. Assista ao v\u00eddeo abaixo. O roubo ocorreu na noite de 27 de junho, na FME (Farm\u00e1cia de Medicamentos\u2026","rel":"","context":"In &quot;Not\u00edcias de Ribeir\u00e3o Preto-SP e Regi\u00e3o&quot;","block_context":{"text":"Not\u00edcias de Ribeir\u00e3o Preto-SP e Regi\u00e3o","link":"https:\/\/noticiasribeiraopreto.com.br\/index.php\/category\/noticias-de-ribeirao-preto-sp-e-regiao-ismael-colosi\/"},"img":{"alt_text":"","src":"https:\/\/i0.wp.com\/noticiasribeiraopreto.com.br\/wp-content\/uploads\/2025\/07\/WhatsApp-Image-2025-07-08-at-08.45.51_2025-07-08_11-46-14.webp.webp?fit=564%2C369&ssl=1&resize=350%2C200","width":350,"height":200,"srcset":"https:\/\/i0.wp.com\/noticiasribeiraopreto.com.br\/wp-content\/uploads\/2025\/07\/WhatsApp-Image-2025-07-08-at-08.45.51_2025-07-08_11-46-14.webp.webp?fit=564%2C369&ssl=1&resize=350%2C200 1x, https:\/\/i0.wp.com\/noticiasribeiraopreto.com.br\/wp-content\/uploads\/2025\/07\/WhatsApp-Image-2025-07-08-at-08.45.51_2025-07-08_11-46-14.webp.webp?fit=564%2C369&ssl=1&resize=525%2C300 1.5x"},"classes":[]},{"id":73707,"url":"https:\/\/noticiasribeiraopreto.com.br\/index.php\/2025\/07\/08\/video-policia-prende-suspeito-de-roubo-de-medicamentos\/","url_meta":{"origin":73294,"position":5},"title":"V\u00cdDEO &#8211; Pol\u00edcia prende suspeito de roubo de medicamentos","author":"noticiasribeiraopreto.com.br","date":"8 de July de 2025","format":false,"excerpt":"Por: Alfredo Risk e Adalberto Luque A Pol\u00edcia Civil prendeu, na manh\u00e3 desta ter\u00e7a-feira (8), um dos envolvidos no roubo de medicamentos de alto custo do Hospital Estadual de Ribeir\u00e3o Preto (HERP). A pris\u00e3o ocorreu em uma resid\u00eancia no Parque Ribeir\u00e3o Preto, zona Oeste da cidade. Segundo o delegado Andr\u00e9\u2026","rel":"","context":"In &quot;Not\u00edcias de Ribeir\u00e3o Preto-SP e Regi\u00e3o&quot;","block_context":{"text":"Not\u00edcias de Ribeir\u00e3o Preto-SP e Regi\u00e3o","link":"https:\/\/noticiasribeiraopreto.com.br\/index.php\/category\/noticias-de-ribeirao-preto-sp-e-regiao-ismael-colosi\/"},"img":{"alt_text":"","src":"https:\/\/i0.wp.com\/noticiasribeiraopreto.com.br\/wp-content\/uploads\/2025\/07\/08-jul-2025-prisaomedicamentos1.jpg?fit=822%2C805&ssl=1&resize=350%2C200","width":350,"height":200,"srcset":"https:\/\/i0.wp.com\/noticiasribeiraopreto.com.br\/wp-content\/uploads\/2025\/07\/08-jul-2025-prisaomedicamentos1.jpg?fit=822%2C805&ssl=1&resize=350%2C200 1x, https:\/\/i0.wp.com\/noticiasribeiraopreto.com.br\/wp-content\/uploads\/2025\/07\/08-jul-2025-prisaomedicamentos1.jpg?fit=822%2C805&ssl=1&resize=525%2C300 1.5x, https:\/\/i0.wp.com\/noticiasribeiraopreto.com.br\/wp-content\/uploads\/2025\/07\/08-jul-2025-prisaomedicamentos1.jpg?fit=822%2C805&ssl=1&resize=700%2C400 2x"},"classes":[]}],"jetpack_sharing_enabled":true,"jetpack_shortlink":"https:\/\/wp.me\/peQAOb-j4a","_links":{"self":[{"href":"https:\/\/noticiasribeiraopreto.com.br\/index.php\/wp-json\/wp\/v2\/posts\/73294","targetHints":{"allow":["GET"]}}],"collection":[{"href":"https:\/\/noticiasribeiraopreto.com.br\/index.php\/wp-json\/wp\/v2\/posts"}],"about":[{"href":"https:\/\/noticiasribeiraopreto.com.br\/index.php\/wp-json\/wp\/v2\/types\/post"}],"author":[{"embeddable":true,"href":"https:\/\/noticiasribeiraopreto.com.br\/index.php\/wp-json\/wp\/v2\/users\/1"}],"replies":[{"embeddable":true,"href":"https:\/\/noticiasribeiraopreto.com.br\/index.php\/wp-json\/wp\/v2\/comments?post=73294"}],"version-history":[{"count":0,"href":"https:\/\/noticiasribeiraopreto.com.br\/index.php\/wp-json\/wp\/v2\/posts\/73294\/revisions"}],"wp:featuredmedia":[{"embeddable":true,"href":"https:\/\/noticiasribeiraopreto.com.br\/index.php\/wp-json\/wp\/v2\/media\/73295"}],"wp:attachment":[{"href":"https:\/\/noticiasribeiraopreto.com.br\/index.php\/wp-json\/wp\/v2\/media?parent=73294"}],"wp:term":[{"taxonomy":"category","embeddable":true,"href":"https:\/\/noticiasribeiraopreto.com.br\/index.php\/wp-json\/wp\/v2\/categories?post=73294"},{"taxonomy":"post_tag","embeddable":true,"href":"https:\/\/noticiasribeiraopreto.com.br\/index.php\/wp-json\/wp\/v2\/tags?post=73294"}],"curies":[{"name":"wp","href":"https:\/\/api.w.org\/{rel}","templated":true}]}}