{"id":73296,"date":"2025-06-28T21:13:35","date_gmt":"2025-06-29T00:13:35","guid":{"rendered":"https:\/\/noticiasribeiraopreto.com.br\/index.php\/2025\/06\/28\/elizabete-arrabaca-e-transferida-de-presidio\/"},"modified":"2025-06-28T21:13:35","modified_gmt":"2025-06-29T00:13:35","slug":"elizabete-arrabaca-e-transferida-de-presidio","status":"publish","type":"post","link":"https:\/\/noticiasribeiraopreto.com.br\/index.php\/2025\/06\/28\/elizabete-arrabaca-e-transferida-de-presidio\/","title":{"rendered":"Elizabete Arraba\u00e7a \u00e9 transferida de pres\u00eddio"},"content":{"rendered":"<div class='code-block code-block-1' style='margin: 8px 0 8px auto; text-align: right; display: block; clear: both;'>\n<p><a href=\"https:\/\/wa.link\/vpicfd\"><img data-recalc-dims=\"1\" class=\"wp-image-4922\" style=\"aspect-ratio: 2.0253164556962027; width: 561px; height: auto;\" src=\"https:\/\/i0.wp.com\/ismaelcolosi.com.br\/wp-content\/uploads\/2023\/11\/grupo-de-empregos-whatsapp-e-facebook-ismael-colosi-vagas.jpg?ssl=1\" alt=\"\" \/><\/a><\/p>\n<!-- \/wp:image -->\n<\/div>\n<p> <br \/>\n<\/p>\n<div>\n<p>A advogada aposentada Elizabete Arraba\u00e7a, de 68 anos, indiciada por envolvimento no assassinato da professora de pilates Larissa Rodrigues, foi transferida neste s\u00e1bado (28) para a Penitenci\u00e1ria Feminina de Votorantim, no interior de S\u00e3o Paulo. A medida faz parte do andamento processual enquanto o Minist\u00e9rio P\u00fablico se prepara para oferecer den\u00fancia formal \u00e0 Justi\u00e7a.<\/p>\n<p>A acusada j\u00e1 havia passado por outras unidades prisionais desde a sua pris\u00e3o preventiva, decretada em 6 de maio, quando foi detida ao lado do filho, o m\u00e9dico Luiz Antonio Garnica, marido da v\u00edtima. Inicialmente recolhida na cadeia de S\u00e3o Joaquim da Barra, Elizabete foi posteriormente encaminhada \u00e0 Penitenci\u00e1ria Feminina de Mogi-Gua\u00e7u em 3 de junho, onde permaneceu at\u00e9 esta nova transfer\u00eancia.<\/p>\n<p>Encerramento do inqu\u00e9rito e indiciamento<\/p>\n<p>Na sexta-feira (27), a Pol\u00edcia Civil concluiu o inqu\u00e9rito que apura o homic\u00eddio da professora, morta por envenenamento em mar\u00e7o deste ano. A investiga\u00e7\u00e3o foi conduzida pelos delegados Fernando Bravo e Jos\u00e9 Carvalho de Ara\u00fajo J\u00fanior, que indiciaram formalmente Luiz Antonio Garnica e Elizabete Arraba\u00e7a por homic\u00eddio qualificado, com os agravantes de feminic\u00eddio e uso de meio cruel, em raz\u00e3o da subst\u00e2ncia utilizada: \u201cchumbinho\u201d, um veneno de venda proibida.<\/p>\n<p>De acordo com o relat\u00f3rio policial, Garnica teria sido o mentor intelectual do crime, enquanto sua m\u00e3e foi a autora material do envenenamento. Exames periciais confirmaram a ingest\u00e3o do veneno como causa da morte.<\/p>\n<p>Minist\u00e9rio P\u00fablico deve oferecer den\u00fancia nos pr\u00f3ximos dias<\/p>\n<p>O promotor respons\u00e1vel pelo caso, Marcus T\u00falio Alves Nicolino, confirmou que a Promotoria ir\u00e1 formalizar a den\u00fancia \u00e0 Justi\u00e7a nos pr\u00f3ximos dias. Com a conclus\u00e3o do inqu\u00e9rito policial, o Minist\u00e9rio P\u00fablico poder\u00e1 agora analisar o conjunto probat\u00f3rio e apresentar a pe\u00e7a acusat\u00f3ria, dando in\u00edcio \u00e0 fase judicial do processo criminal.<\/p>\n<p>Segundo as investiga\u00e7\u00f5es, h\u00e1 ind\u00edcios de que o crime foi premeditado e motivado por quest\u00f5es financeiras. \u201cAs provas colhidas, entre elas mensagens trocadas entre os investigados, cronologias armazenadas no computador do m\u00e9dico e relatos de testemunhas, apontam para uma a\u00e7\u00e3o articulada com o objetivo de eliminar a v\u00edtima\u201d, declarou o delegado Bravo.<\/p>\n<p>Ainda de acordo com a pol\u00edcia, Larissa Rodrigues vinha apresentando sinais de intoxica\u00e7\u00e3o nos dias anteriores \u00e0 morte. Testemunhas relataram que Luiz Garnica teria impedido a v\u00edtima de buscar atendimento m\u00e9dico, o que refor\u00e7a a suspeita de planejamento.<\/p>\n<p>Pr\u00f3ximos passos do processo<\/p>\n<p>Com a iminente den\u00fancia por parte do Minist\u00e9rio P\u00fablico, caber\u00e1 ao Judici\u00e1rio decidir sobre o recebimento da acusa\u00e7\u00e3o e o andamento para a fase de instru\u00e7\u00e3o criminal, onde ser\u00e3o ouvidas testemunhas e analisadas provas sob contradit\u00f3rio.<\/p>\n<p>O caso, que ganhou repercuss\u00e3o regional, seguir\u00e1 agora sob os tr\u00e2mites legais, podendo resultar em j\u00fari popular, diante da natureza do crime e dos qualificadores atribu\u00eddos.<\/p>\n<p>Defesa contesta transfer\u00eancia e alerta para quadro de sa\u00fade<\/p>\n<p>O advogado de defesa de Elizabete Arraba\u00e7a, Bruno Correa Ribeiro, manifestou preocupa\u00e7\u00e3o com a transfer\u00eancia inesperada da cliente. \u201cEsta manh\u00e3, por reorganiza\u00e7\u00e3o da SAP, fomos surpreendidos com a remo\u00e7\u00e3o. Eles n\u00e3o informam antes, s\u00f3 informam depois. A alega\u00e7\u00e3o \u00e9 para n\u00e3o ter risco de resgate, mas todos os presos s\u00e3o tratados assim\u201d, afirmou. Ribeiro tamb\u00e9m disse que a defesa tentou contato com a nova unidade prisional, sem sucesso, para verificar o estado de sa\u00fade da acusada. \u201c\u00c9 necess\u00e1rio a continuidade dos medicamentos controlados, e n\u00e3o sabemos a atual situa\u00e7\u00e3o, o que \u00e9 muito grave\u201d, alertou o advogado no fim do dia.<\/p>\n<p>__<\/p>\n<p>Jornal Tribuna Ribeir\u00e3o<\/p>\n<p>Um Jornal com a cara de Ribeir\u00e3o!<\/p>\n<p>Impresso | WEB | Redes sociais<\/p>\n<p>Tribuna Ribeir\u00e3o \u2013 Fone: (16) 3632-2200 \u2013 Whatsapp: (16) 98161-8743<\/p>\n<p>Av. Bar\u00e3o do Bananal, 880 \u2013 Jardim Anhanguera, Ribeir\u00e3o Preto<\/p>\n<p>@tribunaribeirao @meiaderibeirao @dinoderibeirao<\/p>\n<p>#TribunaRibeir\u00e3o #News #Not\u00edcia #Ribeir\u00e3oPreto #Not\u00edciasDeRibeir\u00e3oPreto<\/p>\n<p>#ClassificadosTribunaRibeir\u00e3o #Jornalismo #ClassificadosRibeir\u00e3o<\/p>\n<p>\u00a0<\/p>\n<\/div>\n<p><br \/>\n<br \/><a href=\"https:\/\/www.tribunaribeirao.com.br\/elizabete-arrabaca-e-transferida-de-presidio\/\">Source link <\/a><\/p>\n<!-- CONTENT END 1 -->\n","protected":false},"excerpt":{"rendered":"<p>A advogada aposentada Elizabete Arraba\u00e7a, de 68 anos, indiciada por envolvimento no assassinato da professora de pilates Larissa Rodrigues, foi transferida neste s\u00e1bado (28) para&#8230;<\/p>\n","protected":false},"author":1,"featured_media":73297,"comment_status":"open","ping_status":"open","sticky":false,"template":"","format":"standard","meta":{"advanced_seo_description":"","jetpack_seo_html_title":"","jetpack_seo_noindex":false,"jetpack_post_was_ever_published":false,"_jetpack_newsletter_access":"","_jetpack_dont_email_post_to_subs":false,"_jetpack_newsletter_tier_id":0,"_jetpack_memberships_contains_paywalled_content":false,"_jetpack_memberships_contains_paid_content":false,"footnotes":"","jetpack_publicize_message":"","jetpack_publicize_feature_enabled":true,"jetpack_social_post_already_shared":true,"jetpack_social_options":{"image_generator_settings":{"template":"highway","default_image_id":0,"font":"","enabled":false},"version":2}},"categories":[11],"tags":[],"class_list":["post-73296","post","type-post","status-publish","format-standard","has-post-thumbnail","hentry","category-noticias-de-ribeirao-preto-sp-e-regiao-ismael-colosi"],"jetpack_publicize_connections":[],"jetpack_featured_media_url":"https:\/\/i0.wp.com\/noticiasribeiraopreto.com.br\/wp-content\/uploads\/2025\/06\/elizabete_sozinha.jpeg?fit=600%2C400&ssl=1","jetpack-related-posts":[{"id":75904,"url":"https:\/\/noticiasribeiraopreto.com.br\/index.php\/2025\/08\/18\/elizabete-arrabaca-sera-transferida-para-penitenciaria-de-tremembe\/","url_meta":{"origin":73296,"position":0},"title":"Elizabete Arraba\u00e7a ser\u00e1 transferida para Penitenci\u00e1ria de Trememb\u00e9","author":"noticiasribeiraopreto.com.br","date":"18 de August de 2025","format":false,"excerpt":"Elizabete Arraba\u00e7a, a acusada de ter envenenado a nora, a professora Larissa Rodrigues em Ribeir\u00e3o Preto, ser\u00e1 transferida para Penitenci\u00e1ria Feminina de Trememb\u00e9. A informa\u00e7\u00e3o foi confirmada nesta segunda-feira (18) pela defesa da mulher. Elizabete est\u00e1 detida na Penitenci\u00e1ria Feminina de Votorantim, e antes j\u00e1 havia passado pela cadeia de\u2026","rel":"","context":"In &quot;Not\u00edcias de Ribeir\u00e3o Preto-SP e Regi\u00e3o&quot;","block_context":{"text":"Not\u00edcias de Ribeir\u00e3o Preto-SP e Regi\u00e3o","link":"https:\/\/noticiasribeiraopreto.com.br\/index.php\/category\/noticias-de-ribeirao-preto-sp-e-regiao-ismael-colosi\/"},"img":{"alt_text":"","src":"https:\/\/i0.wp.com\/noticiasribeiraopreto.com.br\/wp-content\/uploads\/2025\/06\/ret_2025-06-26_17-04-24.webp.webp?fit=1200%2C675&ssl=1&resize=350%2C200","width":350,"height":200,"srcset":"https:\/\/i0.wp.com\/noticiasribeiraopreto.com.br\/wp-content\/uploads\/2025\/06\/ret_2025-06-26_17-04-24.webp.webp?fit=1200%2C675&ssl=1&resize=350%2C200 1x, https:\/\/i0.wp.com\/noticiasribeiraopreto.com.br\/wp-content\/uploads\/2025\/06\/ret_2025-06-26_17-04-24.webp.webp?fit=1200%2C675&ssl=1&resize=525%2C300 1.5x, https:\/\/i0.wp.com\/noticiasribeiraopreto.com.br\/wp-content\/uploads\/2025\/06\/ret_2025-06-26_17-04-24.webp.webp?fit=1200%2C675&ssl=1&resize=700%2C400 2x, https:\/\/i0.wp.com\/noticiasribeiraopreto.com.br\/wp-content\/uploads\/2025\/06\/ret_2025-06-26_17-04-24.webp.webp?fit=1200%2C675&ssl=1&resize=1050%2C600 3x"},"classes":[]},{"id":76021,"url":"https:\/\/noticiasribeiraopreto.com.br\/index.php\/2025\/08\/20\/acusada-de-matar-a-nora-elizabete-arrabaca-chega-a-penitenciaria-de-tremembe\/","url_meta":{"origin":73296,"position":1},"title":"Acusada de matar a nora, Elizabete Arraba\u00e7a chega \u00e0 Penitenci\u00e1ria de Trememb\u00e9","author":"noticiasribeiraopreto.com.br","date":"20 de August de 2025","format":false,"excerpt":"Elizabete Arraba\u00e7a, acusada de ter envenenado a nora, a professora Larissa Rodrigues em Ribeir\u00e3o Preto, chegou a Penitenci\u00e1ria Feminina de Trememb\u00e9, no interior de S\u00e3o Paulo, nesta quarta-feira (20). >>>FIQUE POR DENTRO:\u00a0Confira a cobertura completa sobre o caso Larissa A informa\u00e7\u00e3o foi confirmada pela defesa da mulher na tarde de\u2026","rel":"","context":"In &quot;Not\u00edcias de Ribeir\u00e3o Preto-SP e Regi\u00e3o&quot;","block_context":{"text":"Not\u00edcias de Ribeir\u00e3o Preto-SP e Regi\u00e3o","link":"https:\/\/noticiasribeiraopreto.com.br\/index.php\/category\/noticias-de-ribeirao-preto-sp-e-regiao-ismael-colosi\/"},"img":{"alt_text":"","src":"https:\/\/i0.wp.com\/noticiasribeiraopreto.com.br\/wp-content\/uploads\/2025\/06\/Copia-de-Copia-de-Copia-de-TAMANHO-EXATO-PARA-FOTOS-NO-SISTEMA-NOVO-2025-06-28T184923.591_2025-06-28_21-49-29.webp.webp?fit=1200%2C675&ssl=1&resize=350%2C200","width":350,"height":200,"srcset":"https:\/\/i0.wp.com\/noticiasribeiraopreto.com.br\/wp-content\/uploads\/2025\/06\/Copia-de-Copia-de-Copia-de-TAMANHO-EXATO-PARA-FOTOS-NO-SISTEMA-NOVO-2025-06-28T184923.591_2025-06-28_21-49-29.webp.webp?fit=1200%2C675&ssl=1&resize=350%2C200 1x, https:\/\/i0.wp.com\/noticiasribeiraopreto.com.br\/wp-content\/uploads\/2025\/06\/Copia-de-Copia-de-Copia-de-TAMANHO-EXATO-PARA-FOTOS-NO-SISTEMA-NOVO-2025-06-28T184923.591_2025-06-28_21-49-29.webp.webp?fit=1200%2C675&ssl=1&resize=525%2C300 1.5x, https:\/\/i0.wp.com\/noticiasribeiraopreto.com.br\/wp-content\/uploads\/2025\/06\/Copia-de-Copia-de-Copia-de-TAMANHO-EXATO-PARA-FOTOS-NO-SISTEMA-NOVO-2025-06-28T184923.591_2025-06-28_21-49-29.webp.webp?fit=1200%2C675&ssl=1&resize=700%2C400 2x, https:\/\/i0.wp.com\/noticiasribeiraopreto.com.br\/wp-content\/uploads\/2025\/06\/Copia-de-Copia-de-Copia-de-TAMANHO-EXATO-PARA-FOTOS-NO-SISTEMA-NOVO-2025-06-28T184923.591_2025-06-28_21-49-29.webp.webp?fit=1200%2C675&ssl=1&resize=1050%2C600 3x"},"classes":[]},{"id":71163,"url":"https:\/\/noticiasribeiraopreto.com.br\/index.php\/2025\/06\/03\/caso-larissa-sogra-da-professora-e-transferida-para-penitenciaria\/","url_meta":{"origin":73296,"position":2},"title":"Caso Larissa: Sogra da professora \u00e9 transferida para penitenci\u00e1ria","author":"noticiasribeiraopreto.com.br","date":"3 de June de 2025","format":false,"excerpt":"A sogra da professora Larissa Talle Le\u00f4ncio Rodrigues, Elizabete Arraba\u00e7a, foi transferida da cadeia de S\u00e3o Joaquim da Barra para Penitenci\u00e1ria Feminina de Mogi-Gua\u00e7u, nesta ter\u00e7a-feira (3). Elizabete \u00e9 suspeita de envolvimento na morte de Larissa, em Ribeir\u00e3o Preto, no \u00faltimo m\u00eas de mar\u00e7o. Al\u00e9m dela, tamb\u00e9m est\u00e1 preso o\u2026","rel":"","context":"In &quot;Not\u00edcias de Ribeir\u00e3o Preto-SP e Regi\u00e3o&quot;","block_context":{"text":"Not\u00edcias de Ribeir\u00e3o Preto-SP e Regi\u00e3o","link":"https:\/\/noticiasribeiraopreto.com.br\/index.php\/category\/noticias-de-ribeirao-preto-sp-e-regiao-ismael-colosi\/"},"img":{"alt_text":"","src":"https:\/\/i0.wp.com\/noticiasribeiraopreto.com.br\/wp-content\/uploads\/2025\/05\/elizabeth_2025-05-07_16-18-11.webp.webp?fit=1200%2C700&ssl=1&resize=350%2C200","width":350,"height":200,"srcset":"https:\/\/i0.wp.com\/noticiasribeiraopreto.com.br\/wp-content\/uploads\/2025\/05\/elizabeth_2025-05-07_16-18-11.webp.webp?fit=1200%2C700&ssl=1&resize=350%2C200 1x, https:\/\/i0.wp.com\/noticiasribeiraopreto.com.br\/wp-content\/uploads\/2025\/05\/elizabeth_2025-05-07_16-18-11.webp.webp?fit=1200%2C700&ssl=1&resize=525%2C300 1.5x, https:\/\/i0.wp.com\/noticiasribeiraopreto.com.br\/wp-content\/uploads\/2025\/05\/elizabeth_2025-05-07_16-18-11.webp.webp?fit=1200%2C700&ssl=1&resize=700%2C400 2x, https:\/\/i0.wp.com\/noticiasribeiraopreto.com.br\/wp-content\/uploads\/2025\/05\/elizabeth_2025-05-07_16-18-11.webp.webp?fit=1200%2C700&ssl=1&resize=1050%2C600 3x"},"classes":[]},{"id":76053,"url":"https:\/\/noticiasribeiraopreto.com.br\/index.php\/2025\/08\/21\/elizabete-passa-sua-primeira-noite-em-tremembe\/","url_meta":{"origin":73296,"position":3},"title":"Elizabete passa sua primeira noite em Trememb\u00e9","author":"noticiasribeiraopreto.com.br","date":"21 de August de 2025","format":false,"excerpt":"Por: Adalberto Luque Elizabete Eug\u00eanio Arraba\u00e7a, de 68 anos, acusada da morte de sua nora Larissa Talle Le\u00f4ncio Rodrigues e de sua filha Nathalia Garnica, passou sua primeira noite na Penitenci\u00e1ria Feminina de Trememb\u00e9. Ela foi transferida nesta quarta-feira (20) para sua quarta unidade prisional, desde que foi presa em\u2026","rel":"","context":"In &quot;Not\u00edcias de Ribeir\u00e3o Preto-SP e Regi\u00e3o&quot;","block_context":{"text":"Not\u00edcias de Ribeir\u00e3o Preto-SP e Regi\u00e3o","link":"https:\/\/noticiasribeiraopreto.com.br\/index.php\/category\/noticias-de-ribeirao-preto-sp-e-regiao-ismael-colosi\/"},"img":{"alt_text":"","src":"https:\/\/i0.wp.com\/noticiasribeiraopreto.com.br\/wp-content\/uploads\/2025\/08\/21-agi-2925-elizabetegarnica.jpg?fit=1170%2C780&ssl=1&resize=350%2C200","width":350,"height":200,"srcset":"https:\/\/i0.wp.com\/noticiasribeiraopreto.com.br\/wp-content\/uploads\/2025\/08\/21-agi-2925-elizabetegarnica.jpg?fit=1170%2C780&ssl=1&resize=350%2C200 1x, https:\/\/i0.wp.com\/noticiasribeiraopreto.com.br\/wp-content\/uploads\/2025\/08\/21-agi-2925-elizabetegarnica.jpg?fit=1170%2C780&ssl=1&resize=525%2C300 1.5x, https:\/\/i0.wp.com\/noticiasribeiraopreto.com.br\/wp-content\/uploads\/2025\/08\/21-agi-2925-elizabetegarnica.jpg?fit=1170%2C780&ssl=1&resize=700%2C400 2x, https:\/\/i0.wp.com\/noticiasribeiraopreto.com.br\/wp-content\/uploads\/2025\/08\/21-agi-2925-elizabetegarnica.jpg?fit=1170%2C780&ssl=1&resize=1050%2C600 3x"},"classes":[]},{"id":73292,"url":"https:\/\/noticiasribeiraopreto.com.br\/index.php\/2025\/06\/28\/caso-larissa-sogra-e-transferida-para-novo-presidio-no-interior-de-sp\/","url_meta":{"origin":73296,"position":4},"title":"Caso Larissa: sogra \u00e9 transferida para novo pres\u00eddio no interior de SP","author":"noticiasribeiraopreto.com.br","date":"28 de June de 2025","format":false,"excerpt":"A aposentada Elizabete Arraba\u00e7a, indiciada pelo assassinato da professora de pilates Larissa Rodrigues, foi transferida para a Penitenci\u00e1ria Feminina de Votorantim-SP, na manh\u00e3 deste s\u00e1bado (28). >>>FIQUE POR DENTRO:\u00a0Confira a cobertura completa sobre o caso Larissa Elizabete tem 68 anos e foi presa no dia 6 de maio, junto com\u2026","rel":"","context":"In &quot;Not\u00edcias de Ribeir\u00e3o Preto-SP e Regi\u00e3o&quot;","block_context":{"text":"Not\u00edcias de Ribeir\u00e3o Preto-SP e Regi\u00e3o","link":"https:\/\/noticiasribeiraopreto.com.br\/index.php\/category\/noticias-de-ribeirao-preto-sp-e-regiao-ismael-colosi\/"},"img":{"alt_text":"","src":"https:\/\/i0.wp.com\/noticiasribeiraopreto.com.br\/wp-content\/uploads\/2025\/06\/Copia-de-Copia-de-Copia-de-TAMANHO-EXATO-PARA-FOTOS-NO-SISTEMA-NOVO-2025-06-28T184923.591_2025-06-28_21-49-29.webp.webp?fit=1200%2C675&ssl=1&resize=350%2C200","width":350,"height":200,"srcset":"https:\/\/i0.wp.com\/noticiasribeiraopreto.com.br\/wp-content\/uploads\/2025\/06\/Copia-de-Copia-de-Copia-de-TAMANHO-EXATO-PARA-FOTOS-NO-SISTEMA-NOVO-2025-06-28T184923.591_2025-06-28_21-49-29.webp.webp?fit=1200%2C675&ssl=1&resize=350%2C200 1x, https:\/\/i0.wp.com\/noticiasribeiraopreto.com.br\/wp-content\/uploads\/2025\/06\/Copia-de-Copia-de-Copia-de-TAMANHO-EXATO-PARA-FOTOS-NO-SISTEMA-NOVO-2025-06-28T184923.591_2025-06-28_21-49-29.webp.webp?fit=1200%2C675&ssl=1&resize=525%2C300 1.5x, https:\/\/i0.wp.com\/noticiasribeiraopreto.com.br\/wp-content\/uploads\/2025\/06\/Copia-de-Copia-de-Copia-de-TAMANHO-EXATO-PARA-FOTOS-NO-SISTEMA-NOVO-2025-06-28T184923.591_2025-06-28_21-49-29.webp.webp?fit=1200%2C675&ssl=1&resize=700%2C400 2x, https:\/\/i0.wp.com\/noticiasribeiraopreto.com.br\/wp-content\/uploads\/2025\/06\/Copia-de-Copia-de-Copia-de-TAMANHO-EXATO-PARA-FOTOS-NO-SISTEMA-NOVO-2025-06-28T184923.591_2025-06-28_21-49-29.webp.webp?fit=1200%2C675&ssl=1&resize=1050%2C600 3x"},"classes":[]},{"id":71175,"url":"https:\/\/noticiasribeiraopreto.com.br\/index.php\/2025\/06\/03\/caso-larissa-elizabete-muda-de-cadeia\/","url_meta":{"origin":73296,"position":5},"title":"Caso Larissa: Elizabete muda de cadeia","author":"noticiasribeiraopreto.com.br","date":"3 de June de 2025","format":false,"excerpt":"Idosa n\u00e3o obteve autoriza\u00e7\u00e3o para pris\u00e3o domiciliar, mas seguiu para outra unidade prisional que tem acompanhamento mais efetivo da sa\u00fade das detentas 3 de junho de 2025 12:382 Compartilhar0 Por: Adalberto Luque Elizabete Eug\u00eanio Arraba\u00e7a Garnica, de 67 anos, suspeita de ter matado a professora de pilates Larissa Talle Le\u00f4ncio\u2026","rel":"","context":"In &quot;Not\u00edcias de Ribeir\u00e3o Preto-SP e Regi\u00e3o&quot;","block_context":{"text":"Not\u00edcias de Ribeir\u00e3o Preto-SP e Regi\u00e3o","link":"https:\/\/noticiasribeiraopreto.com.br\/index.php\/category\/noticias-de-ribeirao-preto-sp-e-regiao-ismael-colosi\/"},"img":{"alt_text":"","src":"https:\/\/i0.wp.com\/noticiasribeiraopreto.com.br\/wp-content\/uploads\/2025\/06\/06-mai-2025-envenenamentoprofessora5.jpg?fit=1200%2C800&ssl=1&resize=350%2C200","width":350,"height":200,"srcset":"https:\/\/i0.wp.com\/noticiasribeiraopreto.com.br\/wp-content\/uploads\/2025\/06\/06-mai-2025-envenenamentoprofessora5.jpg?fit=1200%2C800&ssl=1&resize=350%2C200 1x, https:\/\/i0.wp.com\/noticiasribeiraopreto.com.br\/wp-content\/uploads\/2025\/06\/06-mai-2025-envenenamentoprofessora5.jpg?fit=1200%2C800&ssl=1&resize=525%2C300 1.5x, https:\/\/i0.wp.com\/noticiasribeiraopreto.com.br\/wp-content\/uploads\/2025\/06\/06-mai-2025-envenenamentoprofessora5.jpg?fit=1200%2C800&ssl=1&resize=700%2C400 2x, https:\/\/i0.wp.com\/noticiasribeiraopreto.com.br\/wp-content\/uploads\/2025\/06\/06-mai-2025-envenenamentoprofessora5.jpg?fit=1200%2C800&ssl=1&resize=1050%2C600 3x"},"classes":[]}],"jetpack_sharing_enabled":true,"jetpack_shortlink":"https:\/\/wp.me\/peQAOb-j4c","_links":{"self":[{"href":"https:\/\/noticiasribeiraopreto.com.br\/index.php\/wp-json\/wp\/v2\/posts\/73296","targetHints":{"allow":["GET"]}}],"collection":[{"href":"https:\/\/noticiasribeiraopreto.com.br\/index.php\/wp-json\/wp\/v2\/posts"}],"about":[{"href":"https:\/\/noticiasribeiraopreto.com.br\/index.php\/wp-json\/wp\/v2\/types\/post"}],"author":[{"embeddable":true,"href":"https:\/\/noticiasribeiraopreto.com.br\/index.php\/wp-json\/wp\/v2\/users\/1"}],"replies":[{"embeddable":true,"href":"https:\/\/noticiasribeiraopreto.com.br\/index.php\/wp-json\/wp\/v2\/comments?post=73296"}],"version-history":[{"count":0,"href":"https:\/\/noticiasribeiraopreto.com.br\/index.php\/wp-json\/wp\/v2\/posts\/73296\/revisions"}],"wp:featuredmedia":[{"embeddable":true,"href":"https:\/\/noticiasribeiraopreto.com.br\/index.php\/wp-json\/wp\/v2\/media\/73297"}],"wp:attachment":[{"href":"https:\/\/noticiasribeiraopreto.com.br\/index.php\/wp-json\/wp\/v2\/media?parent=73296"}],"wp:term":[{"taxonomy":"category","embeddable":true,"href":"https:\/\/noticiasribeiraopreto.com.br\/index.php\/wp-json\/wp\/v2\/categories?post=73296"},{"taxonomy":"post_tag","embeddable":true,"href":"https:\/\/noticiasribeiraopreto.com.br\/index.php\/wp-json\/wp\/v2\/tags?post=73296"}],"curies":[{"name":"wp","href":"https:\/\/api.w.org\/{rel}","templated":true}]}}