{"id":73298,"date":"2025-06-29T05:30:09","date_gmt":"2025-06-29T08:30:09","guid":{"rendered":"https:\/\/noticiasribeiraopreto.com.br\/index.php\/2025\/06\/29\/ribeirao-preto-troca-ou-instala-ate-40-postes-de-sinalizacao-por-mes-diz-rp-mobi\/"},"modified":"2025-06-29T05:30:09","modified_gmt":"2025-06-29T08:30:09","slug":"ribeirao-preto-troca-ou-instala-ate-40-postes-de-sinalizacao-por-mes-diz-rp-mobi","status":"publish","type":"post","link":"https:\/\/noticiasribeiraopreto.com.br\/index.php\/2025\/06\/29\/ribeirao-preto-troca-ou-instala-ate-40-postes-de-sinalizacao-por-mes-diz-rp-mobi\/","title":{"rendered":"Ribeir\u00e3o Preto troca ou instala at\u00e9 40 postes de sinaliza\u00e7\u00e3o por m\u00eas, diz RP Mobi"},"content":{"rendered":"<div class='code-block code-block-1' style='margin: 8px 0 8px auto; text-align: right; display: block; clear: both;'>\n<p><a href=\"https:\/\/wa.link\/vpicfd\"><img data-recalc-dims=\"1\" class=\"wp-image-4922\" style=\"aspect-ratio: 2.0253164556962027; width: 561px; height: auto;\" src=\"https:\/\/i0.wp.com\/ismaelcolosi.com.br\/wp-content\/uploads\/2023\/11\/grupo-de-empregos-whatsapp-e-facebook-ismael-colosi-vagas.jpg?ssl=1\" alt=\"\" \/><\/a><\/p>\n<!-- \/wp:image -->\n<\/div>\n<p> <br \/>\n<\/p>\n<div>\n<p>A <strong>RP Mobi<\/strong> informou a pedido do <strong>portal acidade on<\/strong> que de janeiro a maio de 2025, instalou <strong>246 postes met\u00e1licos de sinaliza\u00e7\u00e3o<\/strong> (entre substitui\u00e7\u00e3o e implanta\u00e7\u00e3o) de <strong>Ribeir\u00e3o Preto<\/strong>.<\/p>\n<p>De acordo com a empresa que gerencia o tr\u00e2nsito do munic\u00edpio, <strong>a m\u00e9dia mensal \u00e9 30 a 40 trocas ou implanta\u00e7\u00f5es<\/strong> em diferentes pontos da cidade, <mark style=\"background-color:#fcb900\" class=\"has-inline-color\"><strong>sendo que o custo unit\u00e1rio de cada um desses postes \u00e9 R$ 202<\/strong>.<\/mark><\/p>\n<h2 class=\"wp-block-heading\"><strong>Especialista aponta riscos e responsabilidades jur\u00eddicas<\/strong><\/h2>\n<p>Para o advogado <strong>Adhemar Padr\u00e3o<\/strong>, especialista em tr\u00e2nsito, a recorr\u00eancia nas quedas desses mobili\u00e1rios p\u00fablicos exige uma <strong>investiga\u00e7\u00e3o t\u00e9cnica<\/strong> e <strong>atua\u00e7\u00e3o dos \u00f3rg\u00e3os p\u00fablicos<\/strong>.<\/p>\n<p>Ele explica que em <strong>casos de queda de postes de sinaliza\u00e7\u00e3o de tr\u00e2nsito<\/strong> \u2014 aqueles que sustentam placas, sem\u00e1foros ou outros dispositivos -, a responsabilidade da normaliza\u00e7\u00e3o cabe aos \u00f3rg\u00e3os do munic\u00edpio.<\/p>\n<figure class=\"wp-block-pullquote\">\n<blockquote>\n<p>O \u00f3rg\u00e3o Municipal de tr\u00e2nsito deve acionar, de imediato, os \u00f3rg\u00e3os ou concession\u00e1rias de obras do Munic\u00edpio caso a queda for resultante de um sinistro (acidente) de tr\u00e2nsito, exceto se o pr\u00f3prio \u00f3rg\u00e3o ou entidade de tr\u00e2nsito for respons\u00e1vel pela implanta\u00e7\u00e3o e substitui\u00e7\u00e3o<\/p>\n<\/blockquote>\n<\/figure>\n<p>Ele tamb\u00e9m lembra que quando um \u00f3rg\u00e3o ou entidade de tr\u00e2nsito age de forma errada ou deixa de agir (ou seja, se omite), e essa falha <strong>provocar um acidente ou algum tipo de dano<\/strong>, o \u00f3rg\u00e3o pode ser processado na Justi\u00e7a.<\/p>\n<p>\u201cEsse entendimento decorre de princ\u00edpios do direito administrativo e est\u00e1 na Constitui\u00e7\u00e3o Federal, artigo 37, \u00a7 6\u00ba devendo ser interpretado, por extens\u00e3o, com o C\u00f3digo de Tr\u00e2nsito Brasileiro (CTB), artigo 1\u00ba, \u00a7 2\u00ba, e pelo mesmo artigo 1\u00ba, \u00a7 3\u00ba que trata da responsabilidade objetiva desses \u00f3rg\u00e3os e entidades [\u2026] basta provar que houve o sinistro (acidente) devido \u00e0 queda do poste e que n\u00e3o havia interdi\u00e7\u00e3o da via p\u00fablica ou n\u00e3o havia orienta\u00e7\u00e3o, por agente de tr\u00e2nsito\u201d, explica o advogado.<\/p>\n<h3 class=\"wp-block-heading\"><strong>A\u00e7\u00e3o preventiva<\/strong><\/h3>\n<p>\u00c0 reportagem o advogado ainda explicou como os \u00f3rg\u00e3os p\u00fablicos podem agir quando <strong>postes de sinaliza\u00e7\u00e3o est\u00e3o quebrando ou caindo sem motivo aparente<\/strong>.<\/p>\n<p>Segundo ele, nesses casos \u00e9 importante uma <strong>pericia t\u00e9cnica<\/strong> para entender porque das quebras dos atuais dispositivos de sinaliza\u00e7\u00e3o.<\/p>\n<p>Se for identificada uma <strong>falha de fabrica\u00e7\u00e3o<\/strong> ou <strong>desgaste precoce<\/strong>, o \u00f3rg\u00e3o p\u00fablico deve notificar a empresa respons\u00e1vel pela instala\u00e7\u00e3o e manuten\u00e7\u00e3o para trocar todos os postes do mesmo tipo ou modelo \u2013 \u00e9 uma esp\u00e9cie de recall da sinaliza\u00e7\u00e3o, como acontece com carros que precisam voltar \u00e0 f\u00e1brica por defeito.<\/p>\n<figure class=\"wp-block-pullquote\">\n<blockquote>\n<p>Sendo detectada falha ou fadiga precoce na constru\u00e7\u00e3o do dispositivo o \u00f3rg\u00e3o ou Entidade de Tr\u00e2nsito deve notificar imediatamente os \u00f3rg\u00e3os ou concession\u00e1rias respons\u00e1veis pela implanta\u00e7\u00e3o e manuten\u00e7\u00e3o dos postes de sinaliza\u00e7\u00e3o para a substitui\u00e7\u00e3o de todos dispositivos da mesma fabrica\u00e7\u00e3o\/modelo<\/p>\n<\/blockquote>\n<\/figure>\n<p>Vale lembrar que mesmo que a culpa seja da empresa que fabricou ou instalou mal o poste, <strong>a Prefeitura ou \u00f3rg\u00e3o de tr\u00e2nsito ainda tem responsabilidade legal.<\/strong><\/p>\n<hr class=\"wp-block-separator has-alpha-channel-opacity\"\/>\n<p>SAIBA MAIS<\/p>\n<p>Moradores reclamam de falta de manuten\u00e7\u00e3o na avenida Nove de Julho em Ribeir\u00e3o Preto<\/p>\n<h2 class=\"wp-block-heading\"><strong>FIQUE ON<\/strong><\/h2>\n<p>Quer ficar por dentro de tudo que acontece em Ribeir\u00e3o Preto e regi\u00e3o? Ent\u00e3o siga os perfis do\u202facidade on\u202fno\u202f<a href=\"https:\/\/www.instagram.com\/acidadeonribeirao\" target=\"_blank\" rel=\"noreferrer noopener\">Instagram<\/a>\u202fe no\u202f<a href=\"https:\/\/www.facebook.com\/acidadeonribeirao\/\" target=\"_blank\" rel=\"noreferrer noopener\">Facebook<\/a>.<\/p>\n<p>Al\u00e9m disso, voc\u00ea pode receber as principais not\u00edcias diretamente no WhatsApp. Para isso, basta\u00a0<a href=\"https:\/\/chat.whatsapp.com\/BjKQZ9oJwlz8VVT50NuePq\" target=\"_blank\" rel=\"noreferrer noopener\">entrar no grupo clicando aqui<\/a>.<\/p>\n<p>Por fim, se quiser fazer uma den\u00fancia ou sugerir uma reportagem sobre Ribeir\u00e3o Preto e regi\u00e3o, envie uma mensagem pelo WhatsApp: (16) 99117-7802.<\/p>\n<p>VEJA TAMB\u00c9M<\/p>\n<p>Quem foi Ruy Carlos Ostermann?<\/p>\n<p><!-- AI CONTENT END 1 -->\n<\/div>\n<p><script async src=\"\/\/www.instagram.com\/embed.js\"><\/script><br \/>\n<br \/><br \/>\n<br \/><a href=\"https:\/\/www.acidadeon.com\/ribeiraopreto\/politica\/nevio-archibald\/ribeirao-preto-troca-ou-instala-ate-40-postes-de-sinalizacao-por-mes-diz-rp-mobi\/\">Source link <\/a><\/p>\n<!-- CONTENT END 1 -->\n","protected":false},"excerpt":{"rendered":"<p>A RP Mobi informou a pedido do portal acidade on que de janeiro a maio de 2025, instalou 246 postes met\u00e1licos de sinaliza\u00e7\u00e3o (entre substitui\u00e7\u00e3o&#8230;<\/p>\n","protected":false},"author":1,"featured_media":73299,"comment_status":"open","ping_status":"open","sticky":false,"template":"","format":"standard","meta":{"advanced_seo_description":"","jetpack_seo_html_title":"","jetpack_seo_noindex":false,"jetpack_post_was_ever_published":false,"_jetpack_newsletter_access":"","_jetpack_dont_email_post_to_subs":false,"_jetpack_newsletter_tier_id":0,"_jetpack_memberships_contains_paywalled_content":false,"_jetpack_memberships_contains_paid_content":false,"footnotes":"","jetpack_publicize_message":"","jetpack_publicize_feature_enabled":true,"jetpack_social_post_already_shared":true,"jetpack_social_options":{"image_generator_settings":{"template":"highway","default_image_id":0,"font":"","enabled":false},"version":2}},"categories":[11],"tags":[],"class_list":["post-73298","post","type-post","status-publish","format-standard","has-post-thumbnail","hentry","category-noticias-de-ribeirao-preto-sp-e-regiao-ismael-colosi"],"jetpack_publicize_connections":[],"jetpack_featured_media_url":"https:\/\/i0.wp.com\/noticiasribeiraopreto.com.br\/wp-content\/uploads\/2025\/06\/Copia-de-Copia-de-Copia-de-TAMANHO-EXATO-PARA-FOTOS-NO-SISTEMA-NOVO-2025-06-28T181537.697_2025-06-28_21-15-45.webp.webp?fit=1200%2C675&ssl=1","jetpack-related-posts":[{"id":73354,"url":"https:\/\/noticiasribeiraopreto.com.br\/index.php\/2025\/06\/30\/carro-bate-em-poste-e-bloqueia-transito-em-ribeirao-preto\/","url_meta":{"origin":73298,"position":0},"title":"Carro bate em poste e bloqueia tr\u00e2nsito em Ribeir\u00e3o Preto","author":"noticiasribeiraopreto.com.br","date":"30 de June de 2025","format":false,"excerpt":"Um carro colidiu com um poste na tarde desta segunda-feira (30), na avenida Ivo Pareschi, no bairro Planalto Verde, em Ribeir\u00e3o Preto. Ningu\u00e9m se feriu. A RP Mobi, empresa respons\u00e1vel pela mobilidade urbana da cidade, atendeu a ocorr\u00eancia. Para garantir os atendimentos emergenciais e a atua\u00e7\u00e3o da Pol\u00edcia Militar, os\u2026","rel":"","context":"In &quot;Not\u00edcias de Ribeir\u00e3o Preto-SP e Regi\u00e3o&quot;","block_context":{"text":"Not\u00edcias de Ribeir\u00e3o Preto-SP e Regi\u00e3o","link":"https:\/\/noticiasribeiraopreto.com.br\/index.php\/category\/noticias-de-ribeirao-preto-sp-e-regiao-ismael-colosi\/"},"img":{"alt_text":"","src":"https:\/\/i0.wp.com\/noticiasribeiraopreto.com.br\/wp-content\/uploads\/2025\/06\/Copia-de-Copia-de-Copia-de-TAMANHO-EXATO-PARA-FOTOS-NO-SISTEMA-NOVO-2025-06-30T163404.424_2025-06-30_19-34-10.webp.webp?fit=1200%2C675&ssl=1&resize=350%2C200","width":350,"height":200,"srcset":"https:\/\/i0.wp.com\/noticiasribeiraopreto.com.br\/wp-content\/uploads\/2025\/06\/Copia-de-Copia-de-Copia-de-TAMANHO-EXATO-PARA-FOTOS-NO-SISTEMA-NOVO-2025-06-30T163404.424_2025-06-30_19-34-10.webp.webp?fit=1200%2C675&ssl=1&resize=350%2C200 1x, https:\/\/i0.wp.com\/noticiasribeiraopreto.com.br\/wp-content\/uploads\/2025\/06\/Copia-de-Copia-de-Copia-de-TAMANHO-EXATO-PARA-FOTOS-NO-SISTEMA-NOVO-2025-06-30T163404.424_2025-06-30_19-34-10.webp.webp?fit=1200%2C675&ssl=1&resize=525%2C300 1.5x, https:\/\/i0.wp.com\/noticiasribeiraopreto.com.br\/wp-content\/uploads\/2025\/06\/Copia-de-Copia-de-Copia-de-TAMANHO-EXATO-PARA-FOTOS-NO-SISTEMA-NOVO-2025-06-30T163404.424_2025-06-30_19-34-10.webp.webp?fit=1200%2C675&ssl=1&resize=700%2C400 2x, https:\/\/i0.wp.com\/noticiasribeiraopreto.com.br\/wp-content\/uploads\/2025\/06\/Copia-de-Copia-de-Copia-de-TAMANHO-EXATO-PARA-FOTOS-NO-SISTEMA-NOVO-2025-06-30T163404.424_2025-06-30_19-34-10.webp.webp?fit=1200%2C675&ssl=1&resize=1050%2C600 3x"},"classes":[]},{"id":76818,"url":"https:\/\/noticiasribeiraopreto.com.br\/index.php\/2025\/09\/05\/motoristas-denunciam-postes-de-iluminacao-e-sinalizacao-danificados-em-ribeirao-preto\/","url_meta":{"origin":73298,"position":1},"title":"Motoristas denunciam postes de ilumina\u00e7\u00e3o e sinaliza\u00e7\u00e3o danificados em Ribeir\u00e3o Preto","author":"noticiasribeiraopreto.com.br","date":"5 de September de 2025","format":false,"excerpt":"Motoristas e pedestres que circulam por avenidas de Ribeir\u00e3o Preto denunciam riscos devido a postes de ilumina\u00e7\u00e3o e sinaliza\u00e7\u00e3o danificados. Segundo a RP Mobi, respons\u00e1vel pela sinaliza\u00e7\u00e3o, entre janeiro e maio de 2025 foram instalados 246 postes met\u00e1licos de sinaliza\u00e7\u00e3o na cidade, incluindo substitui\u00e7\u00f5es e novas implanta\u00e7\u00f5es. Av. Her\u00e1clito Fontoura\u2026","rel":"","context":"In &quot;Not\u00edcias de Ribeir\u00e3o Preto-SP e Regi\u00e3o&quot;","block_context":{"text":"Not\u00edcias de Ribeir\u00e3o Preto-SP e Regi\u00e3o","link":"https:\/\/noticiasribeiraopreto.com.br\/index.php\/category\/noticias-de-ribeirao-preto-sp-e-regiao-ismael-colosi\/"},"img":{"alt_text":"","src":"https:\/\/i0.wp.com\/noticiasribeiraopreto.com.br\/wp-content\/uploads\/2025\/09\/Copia-de-Copia-de-Copia-de-TAMANHO-EXATO-PARA-FOTOS-NO-SISTEMA-NOVO-2025-09-05T153150.891_2025-09-05_18-59-37.webp.webp?fit=1200%2C675&ssl=1&resize=350%2C200","width":350,"height":200,"srcset":"https:\/\/i0.wp.com\/noticiasribeiraopreto.com.br\/wp-content\/uploads\/2025\/09\/Copia-de-Copia-de-Copia-de-TAMANHO-EXATO-PARA-FOTOS-NO-SISTEMA-NOVO-2025-09-05T153150.891_2025-09-05_18-59-37.webp.webp?fit=1200%2C675&ssl=1&resize=350%2C200 1x, https:\/\/i0.wp.com\/noticiasribeiraopreto.com.br\/wp-content\/uploads\/2025\/09\/Copia-de-Copia-de-Copia-de-TAMANHO-EXATO-PARA-FOTOS-NO-SISTEMA-NOVO-2025-09-05T153150.891_2025-09-05_18-59-37.webp.webp?fit=1200%2C675&ssl=1&resize=525%2C300 1.5x, https:\/\/i0.wp.com\/noticiasribeiraopreto.com.br\/wp-content\/uploads\/2025\/09\/Copia-de-Copia-de-Copia-de-TAMANHO-EXATO-PARA-FOTOS-NO-SISTEMA-NOVO-2025-09-05T153150.891_2025-09-05_18-59-37.webp.webp?fit=1200%2C675&ssl=1&resize=700%2C400 2x, https:\/\/i0.wp.com\/noticiasribeiraopreto.com.br\/wp-content\/uploads\/2025\/09\/Copia-de-Copia-de-Copia-de-TAMANHO-EXATO-PARA-FOTOS-NO-SISTEMA-NOVO-2025-09-05T153150.891_2025-09-05_18-59-37.webp.webp?fit=1200%2C675&ssl=1&resize=1050%2C600 3x"},"classes":[]},{"id":83073,"url":"https:\/\/noticiasribeiraopreto.com.br\/index.php\/2026\/03\/08\/arvore-cai-e-provoca-bloqueio-de-avenida-em-ribeirao-preto-video\/","url_meta":{"origin":73298,"position":2},"title":"\u00c1rvore cai e provoca bloqueio de avenida em Ribeir\u00e3o Preto; V\u00eddeo","author":"noticiasribeiraopreto.com.br","date":"8 de March de 2026","format":false,"excerpt":"Ver essa foto no Instagram Um post compartilhado por acidade on Ribeir\u00e3o (@acidadeonribeirao) Uma \u00e1rvore de grande porte caiu na avenida Celso Charuri, no Jardim Manoel Penna, em Ribeir\u00e3o Preto, neste s\u00e1bado (7). Por conta da queda da \u00e1rvore, um poste de luz ficou sobre a via e o trecho\u2026","rel":"","context":"In &quot;Not\u00edcias de Ribeir\u00e3o Preto-SP e Regi\u00e3o&quot;","block_context":{"text":"Not\u00edcias de Ribeir\u00e3o Preto-SP e Regi\u00e3o","link":"https:\/\/noticiasribeiraopreto.com.br\/index.php\/category\/noticias-de-ribeirao-preto-sp-e-regiao-ismael-colosi\/"},"img":{"alt_text":"","src":"https:\/\/i0.wp.com\/noticiasribeiraopreto.com.br\/wp-content\/uploads\/2026\/03\/arvore-celso-charuri-1_2026-03-07_16-29-31.webp.webp?fit=1200%2C675&ssl=1&resize=350%2C200","width":350,"height":200,"srcset":"https:\/\/i0.wp.com\/noticiasribeiraopreto.com.br\/wp-content\/uploads\/2026\/03\/arvore-celso-charuri-1_2026-03-07_16-29-31.webp.webp?fit=1200%2C675&ssl=1&resize=350%2C200 1x, https:\/\/i0.wp.com\/noticiasribeiraopreto.com.br\/wp-content\/uploads\/2026\/03\/arvore-celso-charuri-1_2026-03-07_16-29-31.webp.webp?fit=1200%2C675&ssl=1&resize=525%2C300 1.5x, https:\/\/i0.wp.com\/noticiasribeiraopreto.com.br\/wp-content\/uploads\/2026\/03\/arvore-celso-charuri-1_2026-03-07_16-29-31.webp.webp?fit=1200%2C675&ssl=1&resize=700%2C400 2x, https:\/\/i0.wp.com\/noticiasribeiraopreto.com.br\/wp-content\/uploads\/2026\/03\/arvore-celso-charuri-1_2026-03-07_16-29-31.webp.webp?fit=1200%2C675&ssl=1&resize=1050%2C600 3x"},"classes":[]},{"id":82683,"url":"https:\/\/noticiasribeiraopreto.com.br\/index.php\/2026\/02\/23\/chuva-provoca-transtornos-em-ribeirao-preto-neste-domingo\/","url_meta":{"origin":73298,"position":3},"title":"Chuva provoca transtornos em Ribeir\u00e3o Preto neste domingo","author":"noticiasribeiraopreto.com.br","date":"23 de February de 2026","format":false,"excerpt":"A chuva que atinge Ribeir\u00e3o Preto na tarde deste domingo (22) provocou transtornos na cidade. Segundo a RP Mobi, foram registrados pontos de alagamento na Via Norte e a queda de, ao menos, uma \u00e1rvore, na Vila Albertina. Moradores tamb\u00e9m relatam que os sem\u00e1foros est\u00e3o desligados na avenida Independ\u00eancia ap\u00f3s\u2026","rel":"","context":"In &quot;Not\u00edcias de Ribeir\u00e3o Preto-SP e Regi\u00e3o&quot;","block_context":{"text":"Not\u00edcias de Ribeir\u00e3o Preto-SP e Regi\u00e3o","link":"https:\/\/noticiasribeiraopreto.com.br\/index.php\/category\/noticias-de-ribeirao-preto-sp-e-regiao-ismael-colosi\/"},"img":{"alt_text":"","src":"https:\/\/i0.wp.com\/noticiasribeiraopreto.com.br\/wp-content\/uploads\/2026\/02\/chuva-independencia_2026-02-22_18-34-53.webp.webp?fit=1200%2C674&ssl=1&resize=350%2C200","width":350,"height":200,"srcset":"https:\/\/i0.wp.com\/noticiasribeiraopreto.com.br\/wp-content\/uploads\/2026\/02\/chuva-independencia_2026-02-22_18-34-53.webp.webp?fit=1200%2C674&ssl=1&resize=350%2C200 1x, https:\/\/i0.wp.com\/noticiasribeiraopreto.com.br\/wp-content\/uploads\/2026\/02\/chuva-independencia_2026-02-22_18-34-53.webp.webp?fit=1200%2C674&ssl=1&resize=525%2C300 1.5x, https:\/\/i0.wp.com\/noticiasribeiraopreto.com.br\/wp-content\/uploads\/2026\/02\/chuva-independencia_2026-02-22_18-34-53.webp.webp?fit=1200%2C674&ssl=1&resize=700%2C400 2x, https:\/\/i0.wp.com\/noticiasribeiraopreto.com.br\/wp-content\/uploads\/2026\/02\/chuva-independencia_2026-02-22_18-34-53.webp.webp?fit=1200%2C674&ssl=1&resize=1050%2C600 3x"},"classes":[]},{"id":80005,"url":"https:\/\/noticiasribeiraopreto.com.br\/index.php\/2025\/11\/12\/rp-mobi-estuda-instalar-semaforo-em-cruzamento-na-zona-sul-de-ribeirao-preto\/","url_meta":{"origin":73298,"position":4},"title":"RP Mobi estuda instalar sem\u00e1foro em cruzamento na zona Sul de Ribeir\u00e3o Preto","author":"noticiasribeiraopreto.com.br","date":"12 de November de 2025","format":false,"excerpt":"A Prefeitura de Ribeir\u00e3o Preto estuda a instala\u00e7\u00e3o de um sem\u00e1foro no cruzamento da rua Paschoal Bardaro com a avenida Wladimir Meirelles, na zona Sul do munic\u00edpio. Em nota, a Secretaria de Planejamento, Desenvolvimento Urbano e Habita\u00e7\u00e3o e a RP Mobi, informaram que o sem\u00e1foro faz parte das contrapartidas de\u2026","rel":"","context":"In &quot;Not\u00edcias de Ribeir\u00e3o Preto-SP e Regi\u00e3o&quot;","block_context":{"text":"Not\u00edcias de Ribeir\u00e3o Preto-SP e Regi\u00e3o","link":"https:\/\/noticiasribeiraopreto.com.br\/index.php\/category\/noticias-de-ribeirao-preto-sp-e-regiao-ismael-colosi\/"},"img":{"alt_text":"","src":"https:\/\/i0.wp.com\/noticiasribeiraopreto.com.br\/wp-content\/uploads\/2025\/11\/palace-36_2025-11-12_14-26-56.webp.webp?fit=1200%2C675&ssl=1&resize=350%2C200","width":350,"height":200,"srcset":"https:\/\/i0.wp.com\/noticiasribeiraopreto.com.br\/wp-content\/uploads\/2025\/11\/palace-36_2025-11-12_14-26-56.webp.webp?fit=1200%2C675&ssl=1&resize=350%2C200 1x, https:\/\/i0.wp.com\/noticiasribeiraopreto.com.br\/wp-content\/uploads\/2025\/11\/palace-36_2025-11-12_14-26-56.webp.webp?fit=1200%2C675&ssl=1&resize=525%2C300 1.5x, https:\/\/i0.wp.com\/noticiasribeiraopreto.com.br\/wp-content\/uploads\/2025\/11\/palace-36_2025-11-12_14-26-56.webp.webp?fit=1200%2C675&ssl=1&resize=700%2C400 2x, https:\/\/i0.wp.com\/noticiasribeiraopreto.com.br\/wp-content\/uploads\/2025\/11\/palace-36_2025-11-12_14-26-56.webp.webp?fit=1200%2C675&ssl=1&resize=1050%2C600 3x"},"classes":[]},{"id":68138,"url":"https:\/\/noticiasribeiraopreto.com.br\/index.php\/2025\/04\/22\/rp-mobi-arrecadou-r-54-milhoes-com-multas-de-transito-em-2024-confira\/","url_meta":{"origin":73298,"position":5},"title":"RP Mobi arrecadou R$ 54 milh\u00f5es com multas de tr\u00e2nsito em 2024; Confira","author":"noticiasribeiraopreto.com.br","date":"22 de April de 2025","format":false,"excerpt":"A RP Mobi, empresa respons\u00e1vel pela gest\u00e3o do tr\u00e2nsito em Ribeir\u00e3o Preto, arrecadou R$ 54,3 milh\u00f5es com multas de tr\u00e2nsito em 2024. O n\u00famero consta nas demonstra\u00e7\u00f5es cont\u00e1beis da empresa, publicada nesta ter\u00e7a-feira (22) no Di\u00e1rio Oficial do Munic\u00edpio. O n\u00famero \u00e9 R$ 17,8 milh\u00f5es superior ao registrado no ano\u2026","rel":"","context":"In &quot;Not\u00edcias de Ribeir\u00e3o Preto-SP e Regi\u00e3o&quot;","block_context":{"text":"Not\u00edcias de Ribeir\u00e3o Preto-SP e Regi\u00e3o","link":"https:\/\/noticiasribeiraopreto.com.br\/index.php\/category\/noticias-de-ribeirao-preto-sp-e-regiao-ismael-colosi\/"},"img":{"alt_text":"","src":"https:\/\/i0.wp.com\/noticiasribeiraopreto.com.br\/wp-content\/uploads\/2025\/04\/Copy-of-3.png?fit=1200%2C800&ssl=1&resize=350%2C200","width":350,"height":200,"srcset":"https:\/\/i0.wp.com\/noticiasribeiraopreto.com.br\/wp-content\/uploads\/2025\/04\/Copy-of-3.png?fit=1200%2C800&ssl=1&resize=350%2C200 1x, https:\/\/i0.wp.com\/noticiasribeiraopreto.com.br\/wp-content\/uploads\/2025\/04\/Copy-of-3.png?fit=1200%2C800&ssl=1&resize=525%2C300 1.5x, https:\/\/i0.wp.com\/noticiasribeiraopreto.com.br\/wp-content\/uploads\/2025\/04\/Copy-of-3.png?fit=1200%2C800&ssl=1&resize=700%2C400 2x, https:\/\/i0.wp.com\/noticiasribeiraopreto.com.br\/wp-content\/uploads\/2025\/04\/Copy-of-3.png?fit=1200%2C800&ssl=1&resize=1050%2C600 3x"},"classes":[]}],"jetpack_sharing_enabled":true,"jetpack_shortlink":"https:\/\/wp.me\/peQAOb-j4e","_links":{"self":[{"href":"https:\/\/noticiasribeiraopreto.com.br\/index.php\/wp-json\/wp\/v2\/posts\/73298","targetHints":{"allow":["GET"]}}],"collection":[{"href":"https:\/\/noticiasribeiraopreto.com.br\/index.php\/wp-json\/wp\/v2\/posts"}],"about":[{"href":"https:\/\/noticiasribeiraopreto.com.br\/index.php\/wp-json\/wp\/v2\/types\/post"}],"author":[{"embeddable":true,"href":"https:\/\/noticiasribeiraopreto.com.br\/index.php\/wp-json\/wp\/v2\/users\/1"}],"replies":[{"embeddable":true,"href":"https:\/\/noticiasribeiraopreto.com.br\/index.php\/wp-json\/wp\/v2\/comments?post=73298"}],"version-history":[{"count":0,"href":"https:\/\/noticiasribeiraopreto.com.br\/index.php\/wp-json\/wp\/v2\/posts\/73298\/revisions"}],"wp:featuredmedia":[{"embeddable":true,"href":"https:\/\/noticiasribeiraopreto.com.br\/index.php\/wp-json\/wp\/v2\/media\/73299"}],"wp:attachment":[{"href":"https:\/\/noticiasribeiraopreto.com.br\/index.php\/wp-json\/wp\/v2\/media?parent=73298"}],"wp:term":[{"taxonomy":"category","embeddable":true,"href":"https:\/\/noticiasribeiraopreto.com.br\/index.php\/wp-json\/wp\/v2\/categories?post=73298"},{"taxonomy":"post_tag","embeddable":true,"href":"https:\/\/noticiasribeiraopreto.com.br\/index.php\/wp-json\/wp\/v2\/tags?post=73298"}],"curies":[{"name":"wp","href":"https:\/\/api.w.org\/{rel}","templated":true}]}}