{"id":73302,"date":"2025-06-29T09:05:06","date_gmt":"2025-06-29T12:05:06","guid":{"rendered":"https:\/\/noticiasribeiraopreto.com.br\/index.php\/2025\/06\/29\/botafogo-visita-o-cuiaba-tribuna-ribeirao\/"},"modified":"2025-06-29T09:05:06","modified_gmt":"2025-06-29T12:05:06","slug":"botafogo-visita-o-cuiaba-tribuna-ribeirao","status":"publish","type":"post","link":"https:\/\/noticiasribeiraopreto.com.br\/index.php\/2025\/06\/29\/botafogo-visita-o-cuiaba-tribuna-ribeirao\/","title":{"rendered":"Botafogo visita o Cuiab\u00e1 &#8211; Tribuna Ribeir\u00e3o"},"content":{"rendered":"<div class='code-block code-block-1' style='margin: 8px 0 8px auto; text-align: right; display: block; clear: both;'>\n<p><a href=\"https:\/\/wa.link\/vpicfd\"><img data-recalc-dims=\"1\" class=\"wp-image-4922\" style=\"aspect-ratio: 2.0253164556962027; width: 561px; height: auto;\" src=\"https:\/\/i0.wp.com\/ismaelcolosi.com.br\/wp-content\/uploads\/2023\/11\/grupo-de-empregos-whatsapp-e-facebook-ismael-colosi-vagas.jpg?ssl=1\" alt=\"\" \/><\/a><\/p>\n<!-- \/wp:image -->\n<\/div>\n<p> <br \/>\n<\/p>\n<div>\n<p><strong><em>Por Hugo Luque<\/em><\/strong><\/p>\n<p>O Botafogo entra em campo nesta segunda-feira (30), \u00e0s 21h, na Arena Pantanal, contra o Cuiab\u00e1, pela 14\u00aa rodada da S\u00e9rie B do Campeonato Brasileiro. Em busca de sobreviv\u00eancia, o Pantera luta contra o rebaixamento, mas vem em um momento melhor em rela\u00e7\u00e3o ao advers\u00e1rio, que est\u00e1 acima na classifica\u00e7\u00e3o, mas foi batido nos dois compromissos mais recentes.<\/p>\n<p>A equipe ribeir\u00e3o-pretana derrotou, com muito drama, a Chapecoense na \u00faltima rodada, no Est\u00e1dio Santa Cruz\/Arena Nicnet, por 1 a 0. O gol, contra, foi marcado praticamente no \u00faltimo lance do confronto, marcado pela superioridade mandante.<\/p>\n<p>O resultado deixou o Tricolor fora da zona de rebaixamento antes do in\u00edcio da rodada. Na vis\u00e3o do t\u00e9cnico Allan Aal, todavia, poderia ter sido um duelo um pouco mais tranquilo para seus comandados.<\/p>\n<p>\u201cEu vejo que a gente poderia ter sofrido um pouco menos. Tivemos oportunidades de abrir o placar no primeiro tempo e, no come\u00e7o do segundo, chegamos pelo lado do campo, mas tomamos decis\u00f5es erradas nos cruzamentos. Com superioridade na \u00e1rea, poder\u00edamos ter aberto o placar e o jogo seria mais tranquilo\u201d, comentou o treinador ap\u00f3s o jogo, antes de destacar o impacto do triunfo no moral do grupo.<\/p>\n<p>\u201cMuito importante essa vit\u00f3ria pelo momento de equil\u00edbrio emocional que precisamos ter. Esse perfil tem de ser durante o campeonato todo. As equipes que trabalhei sempre tiveram essas caracter\u00edsticas de lutar, entregar e buscar o resultado positivo.\u201d<\/p>\n<p>O tento decisivo partiu de um levantamento na \u00e1rea em cobran\u00e7a de escanteio e uma finaliza\u00e7\u00e3o de Wallison que desviou no zagueiro rival Bruno Leonardo antes de parar no fundo da rede. O respons\u00e1vel pela bola parada foi um her\u00f3i improv\u00e1vel: Jean Victor.<\/p>\n<p>O lateral-esquerdo n\u00e3o atuava desde a derrota para o Vila Nova, em 20 de abril, quando sofreu uma les\u00e3o de grau 2 no m\u00fasculo reto femural da coxa esquerda. Dois meses depois, o experiente atleta precisou de menos de 15 minutos para deixar sua marca no retorno aos gramados.<\/p>\n<p>\u201c\u00c9 muito bom terminar o jogo da maneira que a gente terminou, com jogadores voltando a ter minutagem. Isso mostra a for\u00e7a do elenco, mostra que o Allan pode contar com todos e demonstra a forma que o trabalho est\u00e1 sendo feito. Tamb\u00e9m tem a confian\u00e7a, a leveza com quem a gente entra em campo, e quem ganha com isso \u00e9 o Botafogo. Temos de fazer nosso melhor para que fazermos o melhor quando tivermos a oportunidade\u201d, celebrou.<\/p>\n<p><strong>Opostos semelhantes<\/strong><\/p>\n<p>A dist\u00e2ncia entre Botafogo e Cuiab\u00e1 na tabela \u00e9 grande: oito pontos (13 para os paulistas contra 21 dos mato-grossenses). Por\u00e9m, em uma competi\u00e7\u00e3o nacional t\u00e3o parelha quanto a S\u00e9rie B, \u00e9 imposs\u00edvel garantir o que vai acontecer.<\/p>\n<p>O Dourado sonha em voltar \u00e0 elite e briga pelo G-4, por\u00e9m sofreu derrotas consecutivas para Novorizontino e Coritiba nas rodadas passadas. O Pantera, por outro lado, briga para n\u00e3o cair de divis\u00e3o, mas vem de duas vit\u00f3rias, dois empates e apenas uma derrota nos \u00faltimos cinco duelos.<\/p>\n<p>O \u00fanico rev\u00e9s nesse recorte, que marca todos os jogos com Allan Aal no comando at\u00e9 aqui, veio justamente diante do lanterna Paysandu, de forma semelhante \u00e0 vit\u00f3ria sobre a Chape \u2013 com gol no final.<\/p>\n<p>\u201cA gente sabe da dificuldade da S\u00e9rie B e usa o exemplo do Paysandu. N\u00f3s ficamos muito chateados com o gol no final que sofremos, mas fizemos tamb\u00e9m um no final agora e ficamos felizes. A gente sabe da dificuldade do jogo, independentemente do momento que eles est\u00e3o passando, sabemos o que vamos enfrentar. \u00c9 trabalhar em cima da estrat\u00e9gia que a gente vai usar e n\u00f3s vamos em busca do resultado positivo\u201d, afirmou Jean Victor.<\/p>\n<p>Todas as tr\u00eas vit\u00f3rias do Botafogo nesta edi\u00e7\u00e3o da competi\u00e7\u00e3o foram contra equipes na metade de cima da tabela. O \u00fanico triunfo fora de casa, inclusive, foi diante de um dos favoritos ao trof\u00e9u: o Athletico-PR, por 4 a 1, na Ligga Arena.<\/p>\n<p>\u201cParece uma coisa repetitiva para quem acompanha a S\u00e9rie B, mas ela \u00e9 muito parelha. (\u2026) A gente acredita muito no trabalho e sabe da competitividade da S\u00e9rie B. Sa\u00edmos de um jogo dif\u00edcil em casa e vamos para outro t\u00e3o dif\u00edcil quanto fora de casa, que \u00e9 contra o Cuiab\u00e1. \u00c9 importante manter a concentra\u00e7\u00e3o e o p\u00e9 no ch\u00e3o. Isso \u00e9 fundamental. Estamos dando um passo de cada vez\u201d, disse Allan Aal.<\/p>\n<p>Para complementar o pensamento e o trabalho do \u201cprofessor\u201d, Jean Victor, figura de lideran\u00e7a no plantel, acredita que parte desse processo passo a passo mencionado por Aal \u00e9 n\u00e3o deixar os trope\u00e7os definirem de forma negativa o ambiente no Pantera.<\/p>\n<p>\u201cEu sempre tento deixar o clima leve, porque o mais importante \u00e9 o pr\u00f3ximo jogo. O principal fator \u00e9 acreditar e ter coragem de ir l\u00e1 dentro fazer nosso papel, a estrat\u00e9gia e o que o Allan passa. (\u2026) Tivemos uma mudan\u00e7a muito boa de atitude. Temos de olhar para frente, para o que nos espera. Temos o Cuiab\u00e1 pela frente, vai ser um jogo dif\u00edcil e \u00e9 trabalhar mental e confian\u00e7a. A leveza vem com os resultados e a gente sempre trabalha pela vit\u00f3ria. Tudo \u00e9 poss\u00edvel\u201d, destacou o lateral.<\/p>\n<p>Ser\u00e1 necess\u00e1rio manter a energia alta para a viagem ao Centro-Oeste, j\u00e1 que o Botafogo tem um tabu pela frente: jamais venceu o Cuiab\u00e1. Em oito partidas, o Dourado triunfou quatro vezes e o empate prevaleceu no placar outras quatro. O encontro mais recente, pela S\u00e9rie B de 2020, terminou em derrota tricolor por 2 a 0.<\/p>\n<p><strong>D\u00favidas e escala\u00e7\u00e3o<\/strong><\/p>\n<p>Allan Aal acredita que, logo de cara, ter\u00e1 de conter o \u00edmpeto advers\u00e1rio, empurrado por sua torcida. \u201cFora de casa, quando voc\u00ea enfrenta advers\u00e1rios que brigam por algo a mais na tabela, \u00e9 natural que, no come\u00e7o do jogo, o advers\u00e1rio tente tomar a iniciativa. A gente precisa estar bem fortalecido para n\u00e3o deixar isso acontecer\u201d, projetou.<\/p>\n<p>Para neutralizar o advers\u00e1rio, o t\u00e9cnico ter\u00e1 uma \u201cdor de cabe\u00e7a\u201d boa. Jean Victor briga por vaga com Gabriel Risso na lateral-esquerda, mas ainda deve iniciar no banco de reservas, assim como Alisson Cassiano e Wesley Dias, tamb\u00e9m recuperados ap\u00f3s passagem pelo departamento m\u00e9dico.<\/p>\n<p>J\u00e1 o zagueiro Matheus Costa e o volante Matheus Barbosa, que disputaram a estreia da Copa Paulista \u2013 competi\u00e7\u00e3o que o \u201ctime B\u201d do Pantera vem mal, com uma derrota e um empate \u2013, treinaram com o elenco do Brasileiro ao longo da semana.<\/p>\n<p>Por\u00e9m, as principais novidades s\u00e3o os retornos de tr\u00eas atletas suspensos: o zagueiro Rafael Milhorim, o volante Sabit e o ponta Jonathan Cafu. Agora, Aal ter\u00e1 de decidir se vai manter a escala\u00e7\u00e3o que venceu e convenceu contra a Chapecoense ou se os at\u00e9 ent\u00e3o titulares v\u00e3o voltar.<\/p>\n<p>Uma prov\u00e1vel escala\u00e7\u00e3o tem: Victor Souza; Jeferson, Ericson, Carlos Eduardo (Milhorim) e Gabriel Risso; Gabriel Bispo, Sabit e Leandro Maciel; Jonathan Cafu (Jefferson Nem), Robinho e Alexandre Jesus.<\/p>\n<p>\u00a0<\/p>\n<p>\u00a0<\/p>\n<p>\u00a0<\/p>\n<p>\u00a0<\/p>\n<\/div>\n<p><br \/>\n<br \/><a href=\"https:\/\/www.tribunaribeirao.com.br\/botafogo-visita-o-cuiaba\/\">Source link <\/a><\/p>\n<!-- CONTENT END 1 -->\n","protected":false},"excerpt":{"rendered":"<p>Por Hugo Luque O Botafogo entra em campo nesta segunda-feira (30), \u00e0s 21h, na Arena Pantanal, contra o Cuiab\u00e1, pela 14\u00aa rodada da S\u00e9rie B&#8230;<\/p>\n","protected":false},"author":1,"featured_media":73303,"comment_status":"open","ping_status":"open","sticky":false,"template":"","format":"standard","meta":{"advanced_seo_description":"","jetpack_seo_html_title":"","jetpack_seo_noindex":false,"jetpack_post_was_ever_published":false,"_jetpack_newsletter_access":"","_jetpack_dont_email_post_to_subs":false,"_jetpack_newsletter_tier_id":0,"_jetpack_memberships_contains_paywalled_content":false,"_jetpack_memberships_contains_paid_content":false,"footnotes":"","jetpack_publicize_message":"","jetpack_publicize_feature_enabled":true,"jetpack_social_post_already_shared":true,"jetpack_social_options":{"image_generator_settings":{"template":"highway","default_image_id":0,"font":"","enabled":false},"version":2}},"categories":[11],"tags":[],"class_list":["post-73302","post","type-post","status-publish","format-standard","has-post-thumbnail","hentry","category-noticias-de-ribeirao-preto-sp-e-regiao-ismael-colosi"],"jetpack_publicize_connections":[],"jetpack_featured_media_url":"https:\/\/i0.wp.com\/noticiasribeiraopreto.com.br\/wp-content\/uploads\/2025\/06\/Foto-01.jpg?fit=799%2C533&ssl=1","jetpack-related-posts":[{"id":78849,"url":"https:\/\/noticiasribeiraopreto.com.br\/index.php\/2025\/10\/19\/botafogo-empata-com-o-cuiaba-e-segue-na-luta-contra-o-rebaixamento\/","url_meta":{"origin":73302,"position":0},"title":"Botafogo empata com o Cuiab\u00e1 e segue na luta contra o rebaixamento","author":"noticiasribeiraopreto.com.br","date":"19 de October de 2025","format":false,"excerpt":"O Botafogo empatou com Cuiab\u00e1 em 2 a 2 na noite deste domingo (19), pela 33\u00aa rodada da S\u00e9rie B. Com o resultado, o Pantera permanece na 18\u00aa coloca\u00e7\u00e3o, a tr\u00eas pontos da Ferrovi\u00e1ria \u2014 primeira equipe fora da zona de rebaixamento. A equipe visitante abriu o placar aos 20\u2026","rel":"","context":"In &quot;Not\u00edcias de Ribeir\u00e3o Preto-SP e Regi\u00e3o&quot;","block_context":{"text":"Not\u00edcias de Ribeir\u00e3o Preto-SP e Regi\u00e3o","link":"https:\/\/noticiasribeiraopreto.com.br\/index.php\/category\/noticias-de-ribeirao-preto-sp-e-regiao-ismael-colosi\/"},"img":{"alt_text":"","src":"https:\/\/i0.wp.com\/noticiasribeiraopreto.com.br\/wp-content\/uploads\/2025\/10\/0f4ed8eb-6f27-4105-8425-d43d3133b0ed_2025-10-19_23-24-22.webp.webp?fit=1200%2C800&ssl=1&resize=350%2C200","width":350,"height":200,"srcset":"https:\/\/i0.wp.com\/noticiasribeiraopreto.com.br\/wp-content\/uploads\/2025\/10\/0f4ed8eb-6f27-4105-8425-d43d3133b0ed_2025-10-19_23-24-22.webp.webp?fit=1200%2C800&ssl=1&resize=350%2C200 1x, https:\/\/i0.wp.com\/noticiasribeiraopreto.com.br\/wp-content\/uploads\/2025\/10\/0f4ed8eb-6f27-4105-8425-d43d3133b0ed_2025-10-19_23-24-22.webp.webp?fit=1200%2C800&ssl=1&resize=525%2C300 1.5x, https:\/\/i0.wp.com\/noticiasribeiraopreto.com.br\/wp-content\/uploads\/2025\/10\/0f4ed8eb-6f27-4105-8425-d43d3133b0ed_2025-10-19_23-24-22.webp.webp?fit=1200%2C800&ssl=1&resize=700%2C400 2x, https:\/\/i0.wp.com\/noticiasribeiraopreto.com.br\/wp-content\/uploads\/2025\/10\/0f4ed8eb-6f27-4105-8425-d43d3133b0ed_2025-10-19_23-24-22.webp.webp?fit=1200%2C800&ssl=1&resize=1050%2C600 3x"},"classes":[]},{"id":78847,"url":"https:\/\/noticiasribeiraopreto.com.br\/index.php\/2025\/10\/19\/botafogo-busca-empate-no-final-contra-cuiaba\/","url_meta":{"origin":73302,"position":1},"title":"Botafogo busca empate no final contra Cuiab\u00e1","author":"noticiasribeiraopreto.com.br","date":"19 de October de 2025","format":false,"excerpt":"Pantera fica atr\u00e1s duas vezes, mas consegue ponto importante na S\u00e9rie B 19 de outubro de 2025 20:574 Compartilhar1 Por Hugo Luque O jogo foi \u201cmorno\u201d e a noite foi fria, mas o final do duelo entre Botafogo e Cuiab\u00e1 foi emocionante. As equipes empataram em 2 a 2 no\u2026","rel":"","context":"In &quot;Not\u00edcias de Ribeir\u00e3o Preto-SP e Regi\u00e3o&quot;","block_context":{"text":"Not\u00edcias de Ribeir\u00e3o Preto-SP e Regi\u00e3o","link":"https:\/\/noticiasribeiraopreto.com.br\/index.php\/category\/noticias-de-ribeirao-preto-sp-e-regiao-ismael-colosi\/"},"img":{"alt_text":"","src":"https:\/\/i0.wp.com\/noticiasribeiraopreto.com.br\/wp-content\/uploads\/2025\/10\/Botafogo-x-Cuiaba-Raul-Ramos-scaled.jpg?fit=1200%2C800&ssl=1&resize=350%2C200","width":350,"height":200,"srcset":"https:\/\/i0.wp.com\/noticiasribeiraopreto.com.br\/wp-content\/uploads\/2025\/10\/Botafogo-x-Cuiaba-Raul-Ramos-scaled.jpg?fit=1200%2C800&ssl=1&resize=350%2C200 1x, https:\/\/i0.wp.com\/noticiasribeiraopreto.com.br\/wp-content\/uploads\/2025\/10\/Botafogo-x-Cuiaba-Raul-Ramos-scaled.jpg?fit=1200%2C800&ssl=1&resize=525%2C300 1.5x, https:\/\/i0.wp.com\/noticiasribeiraopreto.com.br\/wp-content\/uploads\/2025\/10\/Botafogo-x-Cuiaba-Raul-Ramos-scaled.jpg?fit=1200%2C800&ssl=1&resize=700%2C400 2x, https:\/\/i0.wp.com\/noticiasribeiraopreto.com.br\/wp-content\/uploads\/2025\/10\/Botafogo-x-Cuiaba-Raul-Ramos-scaled.jpg?fit=1200%2C800&ssl=1&resize=1050%2C600 3x"},"classes":[]},{"id":72775,"url":"https:\/\/noticiasribeiraopreto.com.br\/index.php\/2025\/06\/20\/botafogo-vence-chapecoense-e-deixa-a-zona-de-rebaixamento-na-serie-b\/","url_meta":{"origin":73302,"position":2},"title":"Botafogo vence Chapecoense e deixa a zona de rebaixamento na S\u00e9rie B","author":"noticiasribeiraopreto.com.br","date":"20 de June de 2025","format":false,"excerpt":"O Botafogo venceu por 1 a 0 a Chapecoense, durante partida realizada na noite desta sexta-feira (20), no Est\u00e1dio Santa Cruz Arena Nicnet, em Ribeir\u00e3o Preto, pela 13\u00aa rodada da S\u00e9rie B do Campeonato Brasileiro. O \u00fanico gol da partida foi marcado j\u00e1 na reta final, aos 49 minutos do\u2026","rel":"","context":"In &quot;Not\u00edcias de Ribeir\u00e3o Preto-SP e Regi\u00e3o&quot;","block_context":{"text":"Not\u00edcias de Ribeir\u00e3o Preto-SP e Regi\u00e3o","link":"https:\/\/noticiasribeiraopreto.com.br\/index.php\/category\/noticias-de-ribeirao-preto-sp-e-regiao-ismael-colosi\/"},"img":{"alt_text":"","src":"https:\/\/i0.wp.com\/noticiasribeiraopreto.com.br\/wp-content\/uploads\/2025\/06\/WhatsApp-Image-2025-06-20-at-20.03.38_2025-06-21_00-13-18.webp.webp?fit=1200%2C800&ssl=1&resize=350%2C200","width":350,"height":200,"srcset":"https:\/\/i0.wp.com\/noticiasribeiraopreto.com.br\/wp-content\/uploads\/2025\/06\/WhatsApp-Image-2025-06-20-at-20.03.38_2025-06-21_00-13-18.webp.webp?fit=1200%2C800&ssl=1&resize=350%2C200 1x, https:\/\/i0.wp.com\/noticiasribeiraopreto.com.br\/wp-content\/uploads\/2025\/06\/WhatsApp-Image-2025-06-20-at-20.03.38_2025-06-21_00-13-18.webp.webp?fit=1200%2C800&ssl=1&resize=525%2C300 1.5x, https:\/\/i0.wp.com\/noticiasribeiraopreto.com.br\/wp-content\/uploads\/2025\/06\/WhatsApp-Image-2025-06-20-at-20.03.38_2025-06-21_00-13-18.webp.webp?fit=1200%2C800&ssl=1&resize=700%2C400 2x, https:\/\/i0.wp.com\/noticiasribeiraopreto.com.br\/wp-content\/uploads\/2025\/06\/WhatsApp-Image-2025-06-20-at-20.03.38_2025-06-21_00-13-18.webp.webp?fit=1200%2C800&ssl=1&resize=1050%2C600 3x"},"classes":[]},{"id":57436,"url":"https:\/\/noticiasribeiraopreto.com.br\/index.php\/2024\/08\/31\/chapecoense-sai-na-frente-mas-faz-gol-contra-e-empata-com-o-botafogo\/","url_meta":{"origin":73302,"position":3},"title":"Chapecoense sai na frente, mas faz gol contra e empata com o Botafogo","author":"noticiasribeiraopreto.com.br","date":"31 de August de 2024","format":false,"excerpt":"O Botafogo empatou em 1 a 1 com a Chapecoense na tarde deste s\u00e1bado (31) em disputa realizada na Arena Cond\u00e1, em Chapec\u00f3-SC, pela 24\u00aa rodada do Campeonato Brasileiro S\u00e9rie B. O atacante Rafael Carvalheira foi quem abriu o placar para os donos da casa aos 24 minutos da partida.\u2026","rel":"","context":"In &quot;Not\u00edcias de Ribeir\u00e3o Preto-SP e Regi\u00e3o&quot;","block_context":{"text":"Not\u00edcias de Ribeir\u00e3o Preto-SP e Regi\u00e3o","link":"https:\/\/noticiasribeiraopreto.com.br\/index.php\/category\/noticias-de-ribeirao-preto-sp-e-regiao-ismael-colosi\/"},"img":{"alt_text":"","src":"https:\/\/i0.wp.com\/noticiasribeiraopreto.com.br\/wp-content\/uploads\/2024\/08\/WhatsApp-Image-2024-08-31-at-17.48.29_2024-08-31_22-14-28_jpeg_2024-08-31_22-14-28.webp.webp?fit=1200%2C800&ssl=1&resize=350%2C200","width":350,"height":200,"srcset":"https:\/\/i0.wp.com\/noticiasribeiraopreto.com.br\/wp-content\/uploads\/2024\/08\/WhatsApp-Image-2024-08-31-at-17.48.29_2024-08-31_22-14-28_jpeg_2024-08-31_22-14-28.webp.webp?fit=1200%2C800&ssl=1&resize=350%2C200 1x, https:\/\/i0.wp.com\/noticiasribeiraopreto.com.br\/wp-content\/uploads\/2024\/08\/WhatsApp-Image-2024-08-31-at-17.48.29_2024-08-31_22-14-28_jpeg_2024-08-31_22-14-28.webp.webp?fit=1200%2C800&ssl=1&resize=525%2C300 1.5x, https:\/\/i0.wp.com\/noticiasribeiraopreto.com.br\/wp-content\/uploads\/2024\/08\/WhatsApp-Image-2024-08-31-at-17.48.29_2024-08-31_22-14-28_jpeg_2024-08-31_22-14-28.webp.webp?fit=1200%2C800&ssl=1&resize=700%2C400 2x, https:\/\/i0.wp.com\/noticiasribeiraopreto.com.br\/wp-content\/uploads\/2024\/08\/WhatsApp-Image-2024-08-31-at-17.48.29_2024-08-31_22-14-28_jpeg_2024-08-31_22-14-28.webp.webp?fit=1200%2C800&ssl=1&resize=1050%2C600 3x"},"classes":[]},{"id":39385,"url":"https:\/\/noticiasribeiraopreto.com.br\/index.php\/2024\/02\/25\/botafogo-vence-a-lusa-e-alivia-pressao-de-rebaixamento\/","url_meta":{"origin":73302,"position":4},"title":"Botafogo vence a Lusa e alivia press\u00e3o de rebaixamento","author":"noticiasribeiraopreto.com.br","date":"25 de February de 2024","format":false,"excerpt":"25 de fevereiro de 2024 | 20:1425 de fevereiro de 2024 | 20:19 0O Botafogo venceu a Portuguesa por 2 a 1 na noite deste domingo no est\u00e1dio Santa Cruz, em Ribeir\u00e3o Preto. O Pantera n\u00e3o vencia h\u00e1 cinco rodadas no Paulist\u00e3o. Douglas Baggio, no primeiro tempo, e Patrick Brey,\u2026","rel":"","context":"In &quot;Not\u00edcias de Ribeir\u00e3o Preto-SP e Regi\u00e3o&quot;","block_context":{"text":"Not\u00edcias de Ribeir\u00e3o Preto-SP e Regi\u00e3o","link":"https:\/\/noticiasribeiraopreto.com.br\/index.php\/category\/noticias-de-ribeirao-preto-sp-e-regiao-ismael-colosi\/"},"img":{"alt_text":"","src":"https:\/\/i0.wp.com\/noticiasribeiraopreto.com.br\/wp-content\/uploads\/2024\/02\/botalusa2-scaled.jpg?fit=968%2C645&ssl=1&resize=350%2C200","width":350,"height":200,"srcset":"https:\/\/i0.wp.com\/noticiasribeiraopreto.com.br\/wp-content\/uploads\/2024\/02\/botalusa2-scaled.jpg?fit=968%2C645&ssl=1&resize=350%2C200 1x, https:\/\/i0.wp.com\/noticiasribeiraopreto.com.br\/wp-content\/uploads\/2024\/02\/botalusa2-scaled.jpg?fit=968%2C645&ssl=1&resize=525%2C300 1.5x, https:\/\/i0.wp.com\/noticiasribeiraopreto.com.br\/wp-content\/uploads\/2024\/02\/botalusa2-scaled.jpg?fit=968%2C645&ssl=1&resize=700%2C400 2x"},"classes":[]},{"id":78619,"url":"https:\/\/noticiasribeiraopreto.com.br\/index.php\/2025\/10\/14\/botafogo-marca-leva-gol-nos-acrescimos-e-empata-com-a-chapecoense\/","url_meta":{"origin":73302,"position":5},"title":"Botafogo marca, leva gol nos acr\u00e9scimos e empata com a Chapecoense","author":"noticiasribeiraopreto.com.br","date":"14 de October de 2025","format":false,"excerpt":"O Botafogo-SP empatou em 1 a 1 com a Chapecoense na noite desta ter\u00e7a-feira (14), na Arena Cond\u00e1, em Chapec\u00f3, em partida v\u00e1lida pela 32\u00aa rodada da S\u00e9rie B do Campeonato Brasileiro. No final da partida, o lateral Gabriel Risso marcou um gol contra, mas o lance foi anulado porque\u2026","rel":"","context":"In &quot;Not\u00edcias de Ribeir\u00e3o Preto-SP e Regi\u00e3o&quot;","block_context":{"text":"Not\u00edcias de Ribeir\u00e3o Preto-SP e Regi\u00e3o","link":"https:\/\/noticiasribeiraopreto.com.br\/index.php\/category\/noticias-de-ribeirao-preto-sp-e-regiao-ismael-colosi\/"},"img":{"alt_text":"","src":"https:\/\/i0.wp.com\/noticiasribeiraopreto.com.br\/wp-content\/uploads\/2025\/10\/WhatsApp-Image-2025-10-14-at-20.28.26_2025-10-15_00-05-24.webp.webp?fit=1200%2C823&ssl=1&resize=350%2C200","width":350,"height":200,"srcset":"https:\/\/i0.wp.com\/noticiasribeiraopreto.com.br\/wp-content\/uploads\/2025\/10\/WhatsApp-Image-2025-10-14-at-20.28.26_2025-10-15_00-05-24.webp.webp?fit=1200%2C823&ssl=1&resize=350%2C200 1x, https:\/\/i0.wp.com\/noticiasribeiraopreto.com.br\/wp-content\/uploads\/2025\/10\/WhatsApp-Image-2025-10-14-at-20.28.26_2025-10-15_00-05-24.webp.webp?fit=1200%2C823&ssl=1&resize=525%2C300 1.5x, https:\/\/i0.wp.com\/noticiasribeiraopreto.com.br\/wp-content\/uploads\/2025\/10\/WhatsApp-Image-2025-10-14-at-20.28.26_2025-10-15_00-05-24.webp.webp?fit=1200%2C823&ssl=1&resize=700%2C400 2x, https:\/\/i0.wp.com\/noticiasribeiraopreto.com.br\/wp-content\/uploads\/2025\/10\/WhatsApp-Image-2025-10-14-at-20.28.26_2025-10-15_00-05-24.webp.webp?fit=1200%2C823&ssl=1&resize=1050%2C600 3x"},"classes":[]}],"jetpack_sharing_enabled":true,"jetpack_shortlink":"https:\/\/wp.me\/peQAOb-j4i","_links":{"self":[{"href":"https:\/\/noticiasribeiraopreto.com.br\/index.php\/wp-json\/wp\/v2\/posts\/73302","targetHints":{"allow":["GET"]}}],"collection":[{"href":"https:\/\/noticiasribeiraopreto.com.br\/index.php\/wp-json\/wp\/v2\/posts"}],"about":[{"href":"https:\/\/noticiasribeiraopreto.com.br\/index.php\/wp-json\/wp\/v2\/types\/post"}],"author":[{"embeddable":true,"href":"https:\/\/noticiasribeiraopreto.com.br\/index.php\/wp-json\/wp\/v2\/users\/1"}],"replies":[{"embeddable":true,"href":"https:\/\/noticiasribeiraopreto.com.br\/index.php\/wp-json\/wp\/v2\/comments?post=73302"}],"version-history":[{"count":0,"href":"https:\/\/noticiasribeiraopreto.com.br\/index.php\/wp-json\/wp\/v2\/posts\/73302\/revisions"}],"wp:featuredmedia":[{"embeddable":true,"href":"https:\/\/noticiasribeiraopreto.com.br\/index.php\/wp-json\/wp\/v2\/media\/73303"}],"wp:attachment":[{"href":"https:\/\/noticiasribeiraopreto.com.br\/index.php\/wp-json\/wp\/v2\/media?parent=73302"}],"wp:term":[{"taxonomy":"category","embeddable":true,"href":"https:\/\/noticiasribeiraopreto.com.br\/index.php\/wp-json\/wp\/v2\/categories?post=73302"},{"taxonomy":"post_tag","embeddable":true,"href":"https:\/\/noticiasribeiraopreto.com.br\/index.php\/wp-json\/wp\/v2\/tags?post=73302"}],"curies":[{"name":"wp","href":"https:\/\/api.w.org\/{rel}","templated":true}]}}