{"id":73304,"date":"2025-06-29T09:34:21","date_gmt":"2025-06-29T12:34:21","guid":{"rendered":"https:\/\/noticiasribeiraopreto.com.br\/index.php\/2025\/06\/29\/inscricoes-para-a-meia-maratona-internacional-de-ribeirao-preto-sao-prorrogadas\/"},"modified":"2025-06-29T09:34:21","modified_gmt":"2025-06-29T12:34:21","slug":"inscricoes-para-a-meia-maratona-internacional-de-ribeirao-preto-sao-prorrogadas","status":"publish","type":"post","link":"https:\/\/noticiasribeiraopreto.com.br\/index.php\/2025\/06\/29\/inscricoes-para-a-meia-maratona-internacional-de-ribeirao-preto-sao-prorrogadas\/","title":{"rendered":"Inscri\u00e7\u00f5es para a Meia Maratona Internacional de Ribeir\u00e3o Preto s\u00e3o prorrogadas"},"content":{"rendered":"<div class='code-block code-block-1' style='margin: 8px 0 8px auto; text-align: right; display: block; clear: both;'>\n<p><a href=\"https:\/\/wa.link\/vpicfd\"><img data-recalc-dims=\"1\" class=\"wp-image-4922\" style=\"aspect-ratio: 2.0253164556962027; width: 561px; height: auto;\" src=\"https:\/\/i0.wp.com\/ismaelcolosi.com.br\/wp-content\/uploads\/2023\/11\/grupo-de-empregos-whatsapp-e-facebook-ismael-colosi-vagas.jpg?ssl=1\" alt=\"\" \/><\/a><\/p>\n<!-- \/wp:image -->\n<\/div>\n<p> <br \/>\n<\/p>\n<div id=\"\">\n<p>\n\t\t\t\t\t\t\t\t\t<span class=\"entry-meta-item penci-posted-on\"><i class=\"fa fa-clock-o\"\/><time class=\"entry-date published\" datetime=\"2025-06-29T09:30:23-03:00\">29 de junho de 2025 09:30<\/time><time class=\"updated\" datetime=\"2025-06-28T15:44:57-03:00\">28 de junho de 2025 15:44<\/time><\/span><span class=\"entry-meta-item penci-post-countview\"><span class=\"entry-meta-item penci-post-countview penci_post-meta_item\"><i class=\"fa fa-eye\"\/><span class=\"penci-post-countview-number penci-post-countview-p430076\">10<\/span><\/span><\/span>\t\t\t\t\t\t\t\t<\/p>\n<p><!-- .entry-meta --><br \/>\n\t\t\t\t\t\t\t\t<span class=\"penci-social-buttons penci-social-share-footer\"><span class=\"penci-social-share-text\">Compartilhar<\/span><a href=\"#\" class=\"penci-post-like penci_post-meta_item  single-like-button penci-social-item like\" data-post_id=\"430076\" title=\"Like\" data-like=\"Like\" data-unlike=\"Unlike\"><i class=\"fa fa-thumbs-o-up\"\/><span class=\"penci-share-number\">0<\/span><\/a><i class=\"fa fa-facebook\"\/><a class=\"penci-social-item twitter\" target=\"_blank\" rel=\"noopener\" title=\"\" href=\"https:\/\/twitter.com\/intent\/tweet?text=Inscri\u00e7\u00f5es%20para%20a%20Meia%20Maratona%20Internacional%20de%20Ribeir\u00e3o%20Preto%20s\u00e3o%20prorrogadas%20-%20https:\/\/www.tribunaribeirao.com.br\/inscricoes-para-a-meia-maratona-internacional-de-ribeirao-preto-sao-prorrogadas\/\"><i class=\"fa fa-twitter\"\/><\/a><i class=\"fa fa-linkedin\"\/><i class=\"fa fa-whatsapp\"\/><i class=\"fa fa-telegram\"\/><i class=\"fa fa-envelope\"\/><\/span>\t\t\t\t\t\t\t<\/div>\n<div>\n<p>As inscri\u00e7\u00f5es para a 13\u00aa Meia Maratona Internacional de Ribeir\u00e3o Preto, marcada para 13 de julho, foram prorrogadas em um lote extra. As inscri\u00e7\u00f5es remanescentes s\u00e3o limitadas, podem ser encerradas ao atingir o limite de corredores e devem ser feitas pelo site www.mmirp.com.br. Considerado um dos principais eventos esportivos do interior paulista, o evento re\u00fane estrutura profissional, a\u00e7\u00f5es sociais e a presen\u00e7a de grandes nomes do atletismo brasileiro.<\/p>\n<p>Neste ano, a competi\u00e7\u00e3o ser\u00e1 disputada em tr\u00eas modalidades: 21 km, 5 km e revezamento de 21 km em duplas. Os percursos s\u00e3o planos e urbanos, com aferi\u00e7\u00e3o oficial da Confedera\u00e7\u00e3o Brasileira de Atletismo (CBAt) e da World Athletics. A prova tem supervis\u00e3o da Federa\u00e7\u00e3o Paulista de Atletismo. O trajeto favorece marcas expressivas, o que atrai corredores de elite em busca de desempenho competitivo.<\/p>\n<p>Em 2024 a prova contou com atletas inscritos de sete pa\u00edses, 15 estados brasileiros e o Distrito Federal, representando 173 cidades.<\/p>\n<p>Mais uma vez a prova distribuir\u00e1 premia\u00e7\u00e3o em dinheiro para os dez primeiros colocados da elite nos 21 km e para os cinco primeiros colocados da categoria amadora geral, nos 21km. Os tr\u00eas melhores atletas por faixa et\u00e1ria na meia maratona receber\u00e3o medalh\u00f5es personalizados.<\/p>\n<p><strong>Compromisso social<\/strong><\/p>\n<p>A Meia Maratona de Ribeir\u00e3o tamb\u00e9m \u00e9 marcada por iniciativas de responsabilidade social e ambiental. A organiza\u00e7\u00e3o promove a\u00e7\u00f5es de ESG (sigla em ingl\u00eas para ambiental, social e governan\u00e7a), como campanhas de reciclagem, arrecada\u00e7\u00e3o de alimentos, feira de ado\u00e7\u00e3o de c\u00e3es e gatos, e atividades educativas em parceria com a RP Mobi e o Corpo de Bombeiros, por exemplo.<\/p>\n<p>Durante o evento, tamb\u00e9m s\u00e3o realizadas campanhas de doa\u00e7\u00e3o de sangue para os bancos da cidade e arrecada\u00e7\u00e3o de recursos para o Hospital do C\u00e2ncer de Ribeir\u00e3o Preto. Em 2025, uma das novidades ser\u00e1 a campanha de arrecada\u00e7\u00e3o de t\u00eanis em bom estado, destinados a projetos sociais ligados ao esporte. A inclus\u00e3o de atletas com defici\u00eancia e o combate ao racismo tamb\u00e9m integram o compromisso da prova com a diversidade.<\/p>\n<p><strong>Calend\u00e1rios oficiais<\/strong><\/p>\n<p>A Meia Maratona Internacional de Ribeir\u00e3o Preto est\u00e1, por lei, nos calend\u00e1rios de eventos esportivos de Ribeir\u00e3o Preto (Lei 12.686, de 27 de outubro de 2011, de autoria do vereador Jos\u00e9 Carlos de Oliveira) e do estado de S\u00e3o Paulo (Lei 15.894, de 17 de setembro de 2015, de autoria do deputado Baleia Rossi).<\/p>\n<p>A Meia de Ribeir\u00e3o re\u00fane patrocinadores tradicionais e de peso, como o Ribeir\u00e3oShopping e CAIXA \u2013 Governo Federal, Brasil \u2013 Uni\u00e3o e Reconstru\u00e7\u00e3o, na categoria Master e GS Inima Brasil, Rede Ideal, Savoy Leil\u00f5es na categoria Premium, al\u00e9m de uma grande rede de apoio log\u00edstico e parceiros de m\u00eddia como Viva M\u00eddia OOH, r\u00e1dio Di\u00e1rio FM, gr\u00e1fica New Cores, DTP Comunica\u00e7\u00e3o Visual e Fonte Assessoria de Imprensa.<\/p>\n<p>A prova tamb\u00e9m mant\u00e9m uma parceria com o Convention &amp; Visitors Bureau, entidade presente em 140 cidades brasileiras. Al\u00e9m disso, tem apoio log\u00edstico da Pol\u00edcia Militar, Secretaria de Esportes, RP Mobi, Guarda Civil Metropolitana, Estre e KA2RP Eventos.<\/p>\n<p>\u00a0<\/p>\n<\/div>\n<p><script async src=\"\/\/platform.twitter.com\/widgets.js\" charset=\"utf-8\"><\/script><br \/>\n<br \/><br \/>\n<br \/><a href=\"https:\/\/www.tribunaribeirao.com.br\/inscricoes-para-a-meia-maratona-internacional-de-ribeirao-preto-sao-prorrogadas\/\">Source link <\/a><\/p>\n<!-- CONTENT END 1 -->\n","protected":false},"excerpt":{"rendered":"<p>29 de junho de 2025 09:3028 de junho de 2025 15:4410 Compartilhar0 As inscri\u00e7\u00f5es para a 13\u00aa Meia Maratona Internacional de Ribeir\u00e3o Preto, marcada para&#8230;<\/p>\n","protected":false},"author":1,"featured_media":73305,"comment_status":"open","ping_status":"open","sticky":false,"template":"","format":"standard","meta":{"advanced_seo_description":"","jetpack_seo_html_title":"","jetpack_seo_noindex":false,"jetpack_post_was_ever_published":false,"_jetpack_newsletter_access":"","_jetpack_dont_email_post_to_subs":false,"_jetpack_newsletter_tier_id":0,"_jetpack_memberships_contains_paywalled_content":false,"_jetpack_memberships_contains_paid_content":false,"footnotes":"","jetpack_publicize_message":"","jetpack_publicize_feature_enabled":true,"jetpack_social_post_already_shared":true,"jetpack_social_options":{"image_generator_settings":{"template":"highway","default_image_id":0,"font":"","enabled":false},"version":2}},"categories":[11],"tags":[],"class_list":["post-73304","post","type-post","status-publish","format-standard","has-post-thumbnail","hentry","category-noticias-de-ribeirao-preto-sp-e-regiao-ismael-colosi"],"jetpack_publicize_connections":[],"jetpack_featured_media_url":"https:\/\/i0.wp.com\/noticiasribeiraopreto.com.br\/wp-content\/uploads\/2025\/06\/1-mmirp_risk1-1024x682.jpg?fit=1024%2C682&ssl=1","jetpack-related-posts":[{"id":52116,"url":"https:\/\/noticiasribeiraopreto.com.br\/index.php\/2024\/06\/04\/aniversario-de-ribeirao-preto-e-feriado-data-e-comemorada-no-dia-19-de-junho\/","url_meta":{"origin":73304,"position":0},"title":"Anivers\u00e1rio de Ribeir\u00e3o Preto \u00e9 feriado? Data \u00e9 comemorada no dia 19 de junho","author":"noticiasribeiraopreto.com.br","date":"4 de June de 2024","format":false,"excerpt":"O anivers\u00e1rio de 168 anos de Ribeir\u00e3o Preto \u00e9 comemorado no pr\u00f3ximo dia 19 de junho e j\u00e1 foi divulgada uma programa\u00e7\u00e3o especial para a celebra\u00e7\u00e3o. Mas, afinal, o dia do anivers\u00e1rio de Ribeir\u00e3o \u00e9 considerado feriado? Sim, a data \u00e9 feriado municipal, que foi institu\u00eddo por meio de legisla\u00e7\u00e3o\u2026","rel":"","context":"In &quot;Not\u00edcias de Ribeir\u00e3o Preto-SP e Regi\u00e3o&quot;","block_context":{"text":"Not\u00edcias de Ribeir\u00e3o Preto-SP e Regi\u00e3o","link":"https:\/\/noticiasribeiraopreto.com.br\/index.php\/category\/noticias-de-ribeirao-preto-sp-e-regiao-ismael-colosi\/"},"img":{"alt_text":"","src":"https:\/\/i0.wp.com\/noticiasribeiraopreto.com.br\/wp-content\/uploads\/2024\/06\/totem_eu_amo_ribeirao_-_foto_fernando_gonzaga_2_2024-06-04_11-49-25_jpeg_2024-06-04_11-49-25.webp.webp?fit=1200%2C800&ssl=1&resize=350%2C200","width":350,"height":200,"srcset":"https:\/\/i0.wp.com\/noticiasribeiraopreto.com.br\/wp-content\/uploads\/2024\/06\/totem_eu_amo_ribeirao_-_foto_fernando_gonzaga_2_2024-06-04_11-49-25_jpeg_2024-06-04_11-49-25.webp.webp?fit=1200%2C800&ssl=1&resize=350%2C200 1x, https:\/\/i0.wp.com\/noticiasribeiraopreto.com.br\/wp-content\/uploads\/2024\/06\/totem_eu_amo_ribeirao_-_foto_fernando_gonzaga_2_2024-06-04_11-49-25_jpeg_2024-06-04_11-49-25.webp.webp?fit=1200%2C800&ssl=1&resize=525%2C300 1.5x, https:\/\/i0.wp.com\/noticiasribeiraopreto.com.br\/wp-content\/uploads\/2024\/06\/totem_eu_amo_ribeirao_-_foto_fernando_gonzaga_2_2024-06-04_11-49-25_jpeg_2024-06-04_11-49-25.webp.webp?fit=1200%2C800&ssl=1&resize=700%2C400 2x, https:\/\/i0.wp.com\/noticiasribeiraopreto.com.br\/wp-content\/uploads\/2024\/06\/totem_eu_amo_ribeirao_-_foto_fernando_gonzaga_2_2024-06-04_11-49-25_jpeg_2024-06-04_11-49-25.webp.webp?fit=1200%2C800&ssl=1&resize=1050%2C600 3x"},"classes":[]},{"id":51750,"url":"https:\/\/noticiasribeiraopreto.com.br\/index.php\/2024\/05\/29\/confira-a-programacao-de-eventos-em-comemoracao-ao-aniversario-de-ribeirao-preto\/","url_meta":{"origin":73304,"position":1},"title":"Confira a programa\u00e7\u00e3o de eventos em comemora\u00e7\u00e3o ao anivers\u00e1rio de Ribeir\u00e3o Preto","author":"noticiasribeiraopreto.com.br","date":"29 de May de 2024","format":false,"excerpt":"A Secretaria Municipal da Cultura e Turismo divulgou, nesta quarta-feira (29), a programa\u00e7\u00e3o de alguns dos eventos em comemora\u00e7\u00e3o ao anivers\u00e1rio da cidade. Ribeir\u00e3o Preto completa 168 anos no dia 19 de junho. As atividades comemorativas come\u00e7am, nesta quinta-feira (30), e seguem at\u00e9 o fim de junho, em diversos locais\u2026","rel":"","context":"In &quot;Not\u00edcias de Ribeir\u00e3o Preto-SP e Regi\u00e3o&quot;","block_context":{"text":"Not\u00edcias de Ribeir\u00e3o Preto-SP e Regi\u00e3o","link":"https:\/\/noticiasribeiraopreto.com.br\/index.php\/category\/noticias-de-ribeirao-preto-sp-e-regiao-ismael-colosi\/"},"img":{"alt_text":"","src":"https:\/\/i0.wp.com\/noticiasribeiraopreto.com.br\/wp-content\/uploads\/2024\/05\/Copia-de-Copia-de-TAMANHO-EXATO-PARA-FOTOS-NO-SISTEMA-NOVO-61_2024-05-29_20-36-08_jpg_2024-05-29_20-36-09.webp.webp?fit=1200%2C675&ssl=1&resize=350%2C200","width":350,"height":200,"srcset":"https:\/\/i0.wp.com\/noticiasribeiraopreto.com.br\/wp-content\/uploads\/2024\/05\/Copia-de-Copia-de-TAMANHO-EXATO-PARA-FOTOS-NO-SISTEMA-NOVO-61_2024-05-29_20-36-08_jpg_2024-05-29_20-36-09.webp.webp?fit=1200%2C675&ssl=1&resize=350%2C200 1x, https:\/\/i0.wp.com\/noticiasribeiraopreto.com.br\/wp-content\/uploads\/2024\/05\/Copia-de-Copia-de-TAMANHO-EXATO-PARA-FOTOS-NO-SISTEMA-NOVO-61_2024-05-29_20-36-08_jpg_2024-05-29_20-36-09.webp.webp?fit=1200%2C675&ssl=1&resize=525%2C300 1.5x, https:\/\/i0.wp.com\/noticiasribeiraopreto.com.br\/wp-content\/uploads\/2024\/05\/Copia-de-Copia-de-TAMANHO-EXATO-PARA-FOTOS-NO-SISTEMA-NOVO-61_2024-05-29_20-36-08_jpg_2024-05-29_20-36-09.webp.webp?fit=1200%2C675&ssl=1&resize=700%2C400 2x, https:\/\/i0.wp.com\/noticiasribeiraopreto.com.br\/wp-content\/uploads\/2024\/05\/Copia-de-Copia-de-TAMANHO-EXATO-PARA-FOTOS-NO-SISTEMA-NOVO-61_2024-05-29_20-36-08_jpg_2024-05-29_20-36-09.webp.webp?fit=1200%2C675&ssl=1&resize=1050%2C600 3x"},"classes":[]},{"id":70885,"url":"https:\/\/noticiasribeiraopreto.com.br\/index.php\/2025\/05\/30\/festival-internacional-de-circo-segue-ate-junho-com-atracoes-gratuitas-em-ribeirao\/","url_meta":{"origin":73304,"position":2},"title":"Festival Internacional de Circo segue at\u00e9 junho com atra\u00e7\u00f5es gratuitas em Ribeir\u00e3o","author":"noticiasribeiraopreto.com.br","date":"30 de May de 2025","format":false,"excerpt":"A programa\u00e7\u00e3o do FIC (Festival Internacional de Circo) de Ribeir\u00e3o Preto segue at\u00e9 o in\u00edcio de junho, levando a magia do picadeiro para diversos bairros da cidade. Com entrada gratuita, o evento re\u00fane espet\u00e1culos nacionais e internacionais, oficinas e apresenta\u00e7\u00f5es com foco na inclus\u00e3o, descentraliza\u00e7\u00e3o e valoriza\u00e7\u00e3o da arte circense.\u2026","rel":"","context":"In &quot;Not\u00edcias de Ribeir\u00e3o Preto-SP e Regi\u00e3o&quot;","block_context":{"text":"Not\u00edcias de Ribeir\u00e3o Preto-SP e Regi\u00e3o","link":"https:\/\/noticiasribeiraopreto.com.br\/index.php\/category\/noticias-de-ribeirao-preto-sp-e-regiao-ismael-colosi\/"},"img":{"alt_text":"","src":"https:\/\/i0.wp.com\/noticiasribeiraopreto.com.br\/wp-content\/uploads\/2025\/05\/272ad4e3-b9e5-4281-b6b3-cc827283fa21_2025-05-30_19-16-51.webp.webp?fit=1200%2C800&ssl=1&resize=350%2C200","width":350,"height":200,"srcset":"https:\/\/i0.wp.com\/noticiasribeiraopreto.com.br\/wp-content\/uploads\/2025\/05\/272ad4e3-b9e5-4281-b6b3-cc827283fa21_2025-05-30_19-16-51.webp.webp?fit=1200%2C800&ssl=1&resize=350%2C200 1x, https:\/\/i0.wp.com\/noticiasribeiraopreto.com.br\/wp-content\/uploads\/2025\/05\/272ad4e3-b9e5-4281-b6b3-cc827283fa21_2025-05-30_19-16-51.webp.webp?fit=1200%2C800&ssl=1&resize=525%2C300 1.5x, https:\/\/i0.wp.com\/noticiasribeiraopreto.com.br\/wp-content\/uploads\/2025\/05\/272ad4e3-b9e5-4281-b6b3-cc827283fa21_2025-05-30_19-16-51.webp.webp?fit=1200%2C800&ssl=1&resize=700%2C400 2x, https:\/\/i0.wp.com\/noticiasribeiraopreto.com.br\/wp-content\/uploads\/2025\/05\/272ad4e3-b9e5-4281-b6b3-cc827283fa21_2025-05-30_19-16-51.webp.webp?fit=1200%2C800&ssl=1&resize=1050%2C600 3x"},"classes":[]},{"id":52032,"url":"https:\/\/noticiasribeiraopreto.com.br\/index.php\/2024\/06\/03\/rodeio-na-regiao-de-ribeirao-preto-tem-shows-de-gusttavo-lima-e-leo-santana\/","url_meta":{"origin":73304,"position":3},"title":"Rodeio na regi\u00e3o de Ribeir\u00e3o Preto tem shows de Gusttavo Lima e L\u00e9o Santana","author":"noticiasribeiraopreto.com.br","date":"3 de June de 2024","format":false,"excerpt":"Os cantores Gusttavo Lima e L\u00e9o Santana fazem shows em Pontal, na regi\u00e3o de Ribeir\u00e3o Preto, durante o \u201cPontal Rodeo Music\u201d. O evento, que acontece entre os dias 6 e 8 de junho, ser\u00e1 no Parque Permanente de Exposi\u00e7\u00f5es Isaura Moro Ferrante. Al\u00e9m de Gusttavo Lima e L\u00e9o Santana, tamb\u00e9m\u2026","rel":"","context":"In &quot;Not\u00edcias de Ribeir\u00e3o Preto-SP e Regi\u00e3o&quot;","block_context":{"text":"Not\u00edcias de Ribeir\u00e3o Preto-SP e Regi\u00e3o","link":"https:\/\/noticiasribeiraopreto.com.br\/index.php\/category\/noticias-de-ribeirao-preto-sp-e-regiao-ismael-colosi\/"},"img":{"alt_text":"","src":"https:\/\/i0.wp.com\/noticiasribeiraopreto.com.br\/wp-content\/uploads\/2024\/06\/Copia-de-Copia-de-TAMANHO-EXATO-PARA-FOTOS-NO-SISTEMA-NOVO-3_2024-06-03_14-58-03_jpg_2024-06-03_14-58-03.webp.webp?fit=1200%2C675&ssl=1&resize=350%2C200","width":350,"height":200,"srcset":"https:\/\/i0.wp.com\/noticiasribeiraopreto.com.br\/wp-content\/uploads\/2024\/06\/Copia-de-Copia-de-TAMANHO-EXATO-PARA-FOTOS-NO-SISTEMA-NOVO-3_2024-06-03_14-58-03_jpg_2024-06-03_14-58-03.webp.webp?fit=1200%2C675&ssl=1&resize=350%2C200 1x, https:\/\/i0.wp.com\/noticiasribeiraopreto.com.br\/wp-content\/uploads\/2024\/06\/Copia-de-Copia-de-TAMANHO-EXATO-PARA-FOTOS-NO-SISTEMA-NOVO-3_2024-06-03_14-58-03_jpg_2024-06-03_14-58-03.webp.webp?fit=1200%2C675&ssl=1&resize=525%2C300 1.5x, https:\/\/i0.wp.com\/noticiasribeiraopreto.com.br\/wp-content\/uploads\/2024\/06\/Copia-de-Copia-de-TAMANHO-EXATO-PARA-FOTOS-NO-SISTEMA-NOVO-3_2024-06-03_14-58-03_jpg_2024-06-03_14-58-03.webp.webp?fit=1200%2C675&ssl=1&resize=700%2C400 2x, https:\/\/i0.wp.com\/noticiasribeiraopreto.com.br\/wp-content\/uploads\/2024\/06\/Copia-de-Copia-de-TAMANHO-EXATO-PARA-FOTOS-NO-SISTEMA-NOVO-3_2024-06-03_14-58-03_jpg_2024-06-03_14-58-03.webp.webp?fit=1200%2C675&ssl=1&resize=1050%2C600 3x"},"classes":[]},{"id":71189,"url":"https:\/\/noticiasribeiraopreto.com.br\/index.php\/2025\/06\/03\/faepa-tem-novos-processos-seletivos-salarios-chegam-a-r-21-mil-em-ribeirao\/","url_meta":{"origin":73304,"position":4},"title":"Faepa tem novos processos seletivos; Sal\u00e1rios chegam a R$ 21 mil em Ribeir\u00e3o","author":"noticiasribeiraopreto.com.br","date":"3 de June de 2025","format":false,"excerpt":"Atualmente, a Faepa (Funda\u00e7\u00e3o de Apoio ao Ensino, Pesquisa e Assist\u00eancia do Hospital das Cl\u00ednicas de Ribeir\u00e3o Preto) est\u00e1 com oito processos seletivos abertos. Al\u00e9m disso, as vagas dispon\u00edveis contemplam diferentes fun\u00e7\u00f5es, e os sal\u00e1rios variam entre R$ 2 mil e R$ 21 mil. Veja abaixo as oportunidades da Faepa\u2026","rel":"","context":"In &quot;Not\u00edcias de Ribeir\u00e3o Preto-SP e Regi\u00e3o&quot;","block_context":{"text":"Not\u00edcias de Ribeir\u00e3o Preto-SP e Regi\u00e3o","link":"https:\/\/noticiasribeiraopreto.com.br\/index.php\/category\/noticias-de-ribeirao-preto-sp-e-regiao-ismael-colosi\/"},"img":{"alt_text":"","src":"https:\/\/i0.wp.com\/noticiasribeiraopreto.com.br\/wp-content\/uploads\/2025\/06\/enem.jpeg?fit=768%2C420&ssl=1&resize=350%2C200","width":350,"height":200,"srcset":"https:\/\/i0.wp.com\/noticiasribeiraopreto.com.br\/wp-content\/uploads\/2025\/06\/enem.jpeg?fit=768%2C420&ssl=1&resize=350%2C200 1x, https:\/\/i0.wp.com\/noticiasribeiraopreto.com.br\/wp-content\/uploads\/2025\/06\/enem.jpeg?fit=768%2C420&ssl=1&resize=525%2C300 1.5x, https:\/\/i0.wp.com\/noticiasribeiraopreto.com.br\/wp-content\/uploads\/2025\/06\/enem.jpeg?fit=768%2C420&ssl=1&resize=700%2C400 2x"},"classes":[]},{"id":72729,"url":"https:\/\/noticiasribeiraopreto.com.br\/index.php\/2025\/06\/20\/festival-da-lua-cheia-teatro-e-carros-antigos-confira-opcoes-para-curtir-o-fim-de-semana\/","url_meta":{"origin":73304,"position":5},"title":"Festival da Lua Cheia, teatro e carros antigos: Confira op\u00e7\u00f5es para curtir o fim de semana","author":"noticiasribeiraopreto.com.br","date":"20 de June de 2025","format":false,"excerpt":"O fim de semana chegou, e para quem quer aproveitar fora de casa, Ribeir\u00e3o Preto e regi\u00e3o contam com uma programa\u00e7\u00e3o cheia de atividades culturais, entre elas, o Festival da Lua Cheia, o mon\u00f3logo \u201cN\u00e3o Conta Pra Ningu\u00e9m\u201d e uma exposi\u00e7\u00e3o de carros antigos. Festival da Lua Cheia O tradicional\u2026","rel":"","context":"In &quot;Not\u00edcias de Ribeir\u00e3o Preto-SP e Regi\u00e3o&quot;","block_context":{"text":"Not\u00edcias de Ribeir\u00e3o Preto-SP e Regi\u00e3o","link":"https:\/\/noticiasribeiraopreto.com.br\/index.php\/category\/noticias-de-ribeirao-preto-sp-e-regiao-ismael-colosi\/"},"img":{"alt_text":"","src":"https:\/\/i0.wp.com\/noticiasribeiraopreto.com.br\/wp-content\/uploads\/2025\/06\/WhatsApp-Image-2025-02-28-at-12.25.40_2025-03-11_20-43-24_jpeg_2025-03-11_20-43-24.webp.webp?fit=1200%2C800&ssl=1&resize=350%2C200","width":350,"height":200,"srcset":"https:\/\/i0.wp.com\/noticiasribeiraopreto.com.br\/wp-content\/uploads\/2025\/06\/WhatsApp-Image-2025-02-28-at-12.25.40_2025-03-11_20-43-24_jpeg_2025-03-11_20-43-24.webp.webp?fit=1200%2C800&ssl=1&resize=350%2C200 1x, https:\/\/i0.wp.com\/noticiasribeiraopreto.com.br\/wp-content\/uploads\/2025\/06\/WhatsApp-Image-2025-02-28-at-12.25.40_2025-03-11_20-43-24_jpeg_2025-03-11_20-43-24.webp.webp?fit=1200%2C800&ssl=1&resize=525%2C300 1.5x, https:\/\/i0.wp.com\/noticiasribeiraopreto.com.br\/wp-content\/uploads\/2025\/06\/WhatsApp-Image-2025-02-28-at-12.25.40_2025-03-11_20-43-24_jpeg_2025-03-11_20-43-24.webp.webp?fit=1200%2C800&ssl=1&resize=700%2C400 2x, https:\/\/i0.wp.com\/noticiasribeiraopreto.com.br\/wp-content\/uploads\/2025\/06\/WhatsApp-Image-2025-02-28-at-12.25.40_2025-03-11_20-43-24_jpeg_2025-03-11_20-43-24.webp.webp?fit=1200%2C800&ssl=1&resize=1050%2C600 3x"},"classes":[]}],"jetpack_sharing_enabled":true,"jetpack_shortlink":"https:\/\/wp.me\/peQAOb-j4k","_links":{"self":[{"href":"https:\/\/noticiasribeiraopreto.com.br\/index.php\/wp-json\/wp\/v2\/posts\/73304","targetHints":{"allow":["GET"]}}],"collection":[{"href":"https:\/\/noticiasribeiraopreto.com.br\/index.php\/wp-json\/wp\/v2\/posts"}],"about":[{"href":"https:\/\/noticiasribeiraopreto.com.br\/index.php\/wp-json\/wp\/v2\/types\/post"}],"author":[{"embeddable":true,"href":"https:\/\/noticiasribeiraopreto.com.br\/index.php\/wp-json\/wp\/v2\/users\/1"}],"replies":[{"embeddable":true,"href":"https:\/\/noticiasribeiraopreto.com.br\/index.php\/wp-json\/wp\/v2\/comments?post=73304"}],"version-history":[{"count":0,"href":"https:\/\/noticiasribeiraopreto.com.br\/index.php\/wp-json\/wp\/v2\/posts\/73304\/revisions"}],"wp:featuredmedia":[{"embeddable":true,"href":"https:\/\/noticiasribeiraopreto.com.br\/index.php\/wp-json\/wp\/v2\/media\/73305"}],"wp:attachment":[{"href":"https:\/\/noticiasribeiraopreto.com.br\/index.php\/wp-json\/wp\/v2\/media?parent=73304"}],"wp:term":[{"taxonomy":"category","embeddable":true,"href":"https:\/\/noticiasribeiraopreto.com.br\/index.php\/wp-json\/wp\/v2\/categories?post=73304"},{"taxonomy":"post_tag","embeddable":true,"href":"https:\/\/noticiasribeiraopreto.com.br\/index.php\/wp-json\/wp\/v2\/tags?post=73304"}],"curies":[{"name":"wp","href":"https:\/\/api.w.org\/{rel}","templated":true}]}}