{"id":73310,"date":"2025-06-29T11:39:50","date_gmt":"2025-06-29T14:39:50","guid":{"rendered":"https:\/\/noticiasribeiraopreto.com.br\/index.php\/2025\/06\/29\/domingo-comeca-com-ceu-de-brigadeiro-em-ribeirao-preto-veja-como-fica-o-tempo\/"},"modified":"2025-06-29T11:39:50","modified_gmt":"2025-06-29T14:39:50","slug":"domingo-comeca-com-ceu-de-brigadeiro-em-ribeirao-preto-veja-como-fica-o-tempo","status":"publish","type":"post","link":"https:\/\/noticiasribeiraopreto.com.br\/index.php\/2025\/06\/29\/domingo-comeca-com-ceu-de-brigadeiro-em-ribeirao-preto-veja-como-fica-o-tempo\/","title":{"rendered":"Domingo come\u00e7a com &#8216;c\u00e9u de brigadeiro&#8217; em Ribeir\u00e3o Preto; veja como fica o tempo"},"content":{"rendered":"<div class='code-block code-block-1' style='margin: 8px 0 8px auto; text-align: right; display: block; clear: both;'>\n<p><a href=\"https:\/\/wa.link\/vpicfd\"><img data-recalc-dims=\"1\" class=\"wp-image-4922\" style=\"aspect-ratio: 2.0253164556962027; width: 561px; height: auto;\" src=\"https:\/\/i0.wp.com\/ismaelcolosi.com.br\/wp-content\/uploads\/2023\/11\/grupo-de-empregos-whatsapp-e-facebook-ismael-colosi-vagas.jpg?ssl=1\" alt=\"\" \/><\/a><\/p>\n<!-- \/wp:image -->\n<\/div>\n<p> <br \/>\n<\/p>\n<div data-td-block-uid=\"tdi_95\">\n<div class=\"tdb-block-inner td-fix-index\">\n<p>O domingo (29) <strong>come\u00e7ou com \u2018c\u00e9u de brigadeiro\u2019, ou seja, com c\u00e9u limpo e poucas nuvens em Ribeir\u00e3o Preto.<\/strong> A previs\u00e3o indica que o tempo <strong>segue est\u00e1vel ao longo do dia<\/strong>, com<strong> sol entre muitas nuvens<\/strong> e sem possibilidade de chuva.<\/p>\n<p>As temperaturas variam entre <strong>16\u00b0C e 31\u00b0C. <\/strong>A umidade relativa do ar oscila entre 39% e 80%, e os ventos sopram do quadrante nordeste, com velocidade m\u00e9dia de 7 km\/h.<\/p>\n<blockquote class=\"instagram-media\" data-instgrm-permalink=\"https:\/\/www.instagram.com\/reel\/DLfEHgvvoeR\/?utm_source=ig_embed&amp;utm_campaign=loading\" data-instgrm-version=\"14\" style=\"background:#FFF;border:0;border-radius:3px;margin: 1px;max-width:540px;min-width:326px;padding:0;width:99.375%;width:-webkit-calc(100% - 2px);width:calc(100% - 2px)\"\/>\n<p>De acordo com a <em>Climatempo<\/em>, apesar do tempo seco neste fim de semana, o volume de chuva acumulado em junho j\u00e1 soma 58 mil\u00edmetros, o que representa 207% da m\u00e9dia hist\u00f3rica para o m\u00eas na cidade.<\/p>\n<hr class=\"wp-block-separator has-alpha-channel-opacity\"\/>\n<p>SAIBA MAIS<\/p>\n<p>Moradores reclamam de falta de manuten\u00e7\u00e3o na avenida Nove de Julho em Ribeir\u00e3o Preto<\/p>\n<h2 class=\"wp-block-heading\"><strong>FIQUE ON<\/strong><\/h2>\n<p>Quer ficar por dentro de tudo que acontece em Ribeir\u00e3o Preto e regi\u00e3o? Ent\u00e3o siga os perfis do\u202facidade on\u202fno\u202f<a href=\"https:\/\/www.instagram.com\/acidadeonribeirao\" target=\"_blank\" rel=\"noreferrer noopener\">Instagram<\/a>\u202fe no\u202f<a href=\"https:\/\/www.facebook.com\/acidadeonribeirao\/\" target=\"_blank\" rel=\"noreferrer noopener\">Facebook<\/a>.<\/p>\n<p>Al\u00e9m disso, voc\u00ea pode receber as principais not\u00edcias diretamente no WhatsApp. Para isso, basta\u00a0<a href=\"https:\/\/chat.whatsapp.com\/BjKQZ9oJwlz8VVT50NuePq\" target=\"_blank\" rel=\"noreferrer noopener\">entrar no grupo clicando aqui<\/a>.<\/p>\n<p>Por fim, se quiser fazer uma den\u00fancia ou sugerir uma reportagem sobre Ribeir\u00e3o Preto e regi\u00e3o, envie uma mensagem pelo WhatsApp: (16) 99117-7802.<\/p>\n<p>VEJA TAMB\u00c9M<\/p>\n<p>Quem foi Ruy Carlos Ostermann?<\/p>\n<p><!-- AI CONTENT END 1 -->\n<\/div>\n<\/div>\n<p><script async src=\"\/\/www.instagram.com\/embed.js\"><\/script><br \/>\n<br \/><br \/>\n<br \/><a href=\"https:\/\/www.acidadeon.com\/ribeiraopreto\/cotidiano\/domingo-comeca-com-ceu-de-brigadeiro-em-ribeirao-preto-veja-como-fica-o-tempo\/\">Source link <\/a><\/p>\n<!-- CONTENT END 1 -->\n","protected":false},"excerpt":{"rendered":"<p>O domingo (29) come\u00e7ou com \u2018c\u00e9u de brigadeiro\u2019, ou seja, com c\u00e9u limpo e poucas nuvens em Ribeir\u00e3o Preto. A previs\u00e3o indica que o tempo&#8230;<\/p>\n","protected":false},"author":1,"featured_media":73311,"comment_status":"open","ping_status":"open","sticky":false,"template":"","format":"standard","meta":{"advanced_seo_description":"","jetpack_seo_html_title":"","jetpack_seo_noindex":false,"jetpack_post_was_ever_published":false,"_jetpack_newsletter_access":"","_jetpack_dont_email_post_to_subs":false,"_jetpack_newsletter_tier_id":0,"_jetpack_memberships_contains_paywalled_content":false,"_jetpack_memberships_contains_paid_content":false,"footnotes":"","jetpack_publicize_message":"","jetpack_publicize_feature_enabled":true,"jetpack_social_post_already_shared":true,"jetpack_social_options":{"image_generator_settings":{"template":"highway","default_image_id":0,"font":"","enabled":false},"version":2}},"categories":[11],"tags":[],"class_list":["post-73310","post","type-post","status-publish","format-standard","has-post-thumbnail","hentry","category-noticias-de-ribeirao-preto-sp-e-regiao-ismael-colosi"],"jetpack_publicize_connections":[],"jetpack_featured_media_url":"https:\/\/i0.wp.com\/noticiasribeiraopreto.com.br\/wp-content\/uploads\/2025\/06\/WhatsApp-Image-2025-05-03-at-09.42.39_2025-05-03_12-42-48.webp.webp?fit=1200%2C900&ssl=1","jetpack-related-posts":[{"id":74321,"url":"https:\/\/noticiasribeiraopreto.com.br\/index.php\/2025\/07\/20\/domingo-comeca-gelado-e-com-ceu-de-brigadeiro-em-ribeirao-preto-veja-previsao\/","url_meta":{"origin":73310,"position":0},"title":"Domingo come\u00e7a gelado e com &#8216;c\u00e9u de brigadeiro&#8217; em Ribeir\u00e3o Preto; veja previs\u00e3o","author":"noticiasribeiraopreto.com.br","date":"20 de July de 2025","format":false,"excerpt":"A manh\u00e3 deste (20) come\u00e7ou gelada em Ribeir\u00e3o Preto, com temperaturas na casa dos 12\u202f\u00b0C e sensa\u00e7\u00e3o de frio mais acentuada em \u00e1reas abertas da cidade. O destaque ficou para o chamado \u201cc\u00e9u de brigadeiro\u201d \u2014 express\u00e3o popular usada para descrever o c\u00e9u limpo, sem nuvens, comum em dias de\u2026","rel":"","context":"In &quot;Not\u00edcias de Ribeir\u00e3o Preto-SP e Regi\u00e3o&quot;","block_context":{"text":"Not\u00edcias de Ribeir\u00e3o Preto-SP e Regi\u00e3o","link":"https:\/\/noticiasribeiraopreto.com.br\/index.php\/category\/noticias-de-ribeirao-preto-sp-e-regiao-ismael-colosi\/"},"img":{"alt_text":"","src":"https:\/\/i0.wp.com\/noticiasribeiraopreto.com.br\/wp-content\/uploads\/2025\/07\/Imagem-do-WhatsApp-de-2025-06-07-as-09.21.41_01bf4053_2025-06-07_12-53-16.webp.webp?fit=1200%2C675&ssl=1&resize=350%2C200","width":350,"height":200,"srcset":"https:\/\/i0.wp.com\/noticiasribeiraopreto.com.br\/wp-content\/uploads\/2025\/07\/Imagem-do-WhatsApp-de-2025-06-07-as-09.21.41_01bf4053_2025-06-07_12-53-16.webp.webp?fit=1200%2C675&ssl=1&resize=350%2C200 1x, https:\/\/i0.wp.com\/noticiasribeiraopreto.com.br\/wp-content\/uploads\/2025\/07\/Imagem-do-WhatsApp-de-2025-06-07-as-09.21.41_01bf4053_2025-06-07_12-53-16.webp.webp?fit=1200%2C675&ssl=1&resize=525%2C300 1.5x, https:\/\/i0.wp.com\/noticiasribeiraopreto.com.br\/wp-content\/uploads\/2025\/07\/Imagem-do-WhatsApp-de-2025-06-07-as-09.21.41_01bf4053_2025-06-07_12-53-16.webp.webp?fit=1200%2C675&ssl=1&resize=700%2C400 2x, https:\/\/i0.wp.com\/noticiasribeiraopreto.com.br\/wp-content\/uploads\/2025\/07\/Imagem-do-WhatsApp-de-2025-06-07-as-09.21.41_01bf4053_2025-06-07_12-53-16.webp.webp?fit=1200%2C675&ssl=1&resize=1050%2C600 3x"},"classes":[]},{"id":82824,"url":"https:\/\/noticiasribeiraopreto.com.br\/index.php\/2026\/02\/28\/tempo-em-ribeirao-preto-no-final-de-semana-veja-o-que-esperar\/","url_meta":{"origin":73310,"position":1},"title":"Tempo em Ribeir\u00e3o Preto no final de semana: veja o que esperar","author":"noticiasribeiraopreto.com.br","date":"28 de February de 2026","format":false,"excerpt":"O s\u00e1bado (28) em Ribeir\u00e3o Preto ser\u00e1 de sol com muitas nuvens durante o dia e per\u00edodos de c\u00e9u nublado, de acordo com a previs\u00e3o da Climatempo. As temperaturas variam entre 17\u00baC e 28\u00baC. Meteorologistas indicam que uma Zona de Converg\u00eancia do Atl\u00e2ntico Sul (ZCAS) mant\u00e9m o tempo inst\u00e1vel em\u2026","rel":"","context":"In &quot;Not\u00edcias de Ribeir\u00e3o Preto-SP e Regi\u00e3o&quot;","block_context":{"text":"Not\u00edcias de Ribeir\u00e3o Preto-SP e Regi\u00e3o","link":"https:\/\/noticiasribeiraopreto.com.br\/index.php\/category\/noticias-de-ribeirao-preto-sp-e-regiao-ismael-colosi\/"},"img":{"alt_text":"","src":"https:\/\/i0.wp.com\/noticiasribeiraopreto.com.br\/wp-content\/uploads\/2026\/02\/previsao-tempo-ribeirao-preto_2026-01-20_10-55-06.webp.webp?fit=1200%2C900&ssl=1&resize=350%2C200","width":350,"height":200,"srcset":"https:\/\/i0.wp.com\/noticiasribeiraopreto.com.br\/wp-content\/uploads\/2026\/02\/previsao-tempo-ribeirao-preto_2026-01-20_10-55-06.webp.webp?fit=1200%2C900&ssl=1&resize=350%2C200 1x, https:\/\/i0.wp.com\/noticiasribeiraopreto.com.br\/wp-content\/uploads\/2026\/02\/previsao-tempo-ribeirao-preto_2026-01-20_10-55-06.webp.webp?fit=1200%2C900&ssl=1&resize=525%2C300 1.5x, https:\/\/i0.wp.com\/noticiasribeiraopreto.com.br\/wp-content\/uploads\/2026\/02\/previsao-tempo-ribeirao-preto_2026-01-20_10-55-06.webp.webp?fit=1200%2C900&ssl=1&resize=700%2C400 2x, https:\/\/i0.wp.com\/noticiasribeiraopreto.com.br\/wp-content\/uploads\/2026\/02\/previsao-tempo-ribeirao-preto_2026-01-20_10-55-06.webp.webp?fit=1200%2C900&ssl=1&resize=1050%2C600 3x"},"classes":[]},{"id":81639,"url":"https:\/\/noticiasribeiraopreto.com.br\/index.php\/2026\/01\/12\/domingo-tera-tempo-estavel-e-inicio-da-semana-pode-registrar-mudancas-leves-em-ribeirao-veja-previsao\/","url_meta":{"origin":73310,"position":2},"title":"Domingo ter\u00e1 tempo est\u00e1vel e in\u00edcio da semana pode registrar mudan\u00e7as leves em Ribeir\u00e3o; Veja previs\u00e3o","author":"noticiasribeiraopreto.com.br","date":"12 de January de 2026","format":false,"excerpt":"O domingo (11) em Ribeir\u00e3o Preto ser\u00e1 de tempo firme, com predom\u00ednio de sol e aumento de nebulosidade ao longo do dia. A temperatura varia entre 21\u00baC e 34\u00baC. De acordo com a Climatempo, durante a tarde, o sol aparece entre muitas nuvens, o que deixa o c\u00e9u parcialmente encoberto\u2026","rel":"","context":"In &quot;Not\u00edcias de Ribeir\u00e3o Preto-SP e Regi\u00e3o&quot;","block_context":{"text":"Not\u00edcias de Ribeir\u00e3o Preto-SP e Regi\u00e3o","link":"https:\/\/noticiasribeiraopreto.com.br\/index.php\/category\/noticias-de-ribeirao-preto-sp-e-regiao-ismael-colosi\/"},"img":{"alt_text":"","src":"https:\/\/i0.wp.com\/noticiasribeiraopreto.com.br\/wp-content\/uploads\/2026\/01\/WhatsApp-Image-2026-01-11-at-09.21.17_2026-01-11_12-43-05.webp.webp?fit=1200%2C675&ssl=1&resize=350%2C200","width":350,"height":200,"srcset":"https:\/\/i0.wp.com\/noticiasribeiraopreto.com.br\/wp-content\/uploads\/2026\/01\/WhatsApp-Image-2026-01-11-at-09.21.17_2026-01-11_12-43-05.webp.webp?fit=1200%2C675&ssl=1&resize=350%2C200 1x, https:\/\/i0.wp.com\/noticiasribeiraopreto.com.br\/wp-content\/uploads\/2026\/01\/WhatsApp-Image-2026-01-11-at-09.21.17_2026-01-11_12-43-05.webp.webp?fit=1200%2C675&ssl=1&resize=525%2C300 1.5x, https:\/\/i0.wp.com\/noticiasribeiraopreto.com.br\/wp-content\/uploads\/2026\/01\/WhatsApp-Image-2026-01-11-at-09.21.17_2026-01-11_12-43-05.webp.webp?fit=1200%2C675&ssl=1&resize=700%2C400 2x, https:\/\/i0.wp.com\/noticiasribeiraopreto.com.br\/wp-content\/uploads\/2026\/01\/WhatsApp-Image-2026-01-11-at-09.21.17_2026-01-11_12-43-05.webp.webp?fit=1200%2C675&ssl=1&resize=1050%2C600 3x"},"classes":[]},{"id":52512,"url":"https:\/\/noticiasribeiraopreto.com.br\/index.php\/2024\/06\/08\/veja-como-fica-o-tempo-em-ribeirao-preto-no-fim-de-semana\/","url_meta":{"origin":73310,"position":3},"title":"Veja como fica o tempo em Ribeir\u00e3o Preto no fim de semana","author":"noticiasribeiraopreto.com.br","date":"8 de June de 2024","format":false,"excerpt":"A previs\u00e3o do tempo para este fim de semana em Ribeir\u00e3o Preto \u00e9 de dias de sol e sem nuvens no c\u00e9u. N\u00e3o h\u00e1 previs\u00e3o de chuva. Segundo a Climatempo, como as\u00a0manh\u00e3s\u00a0ficam mais\u00a0frias, a\u00a0diferen\u00e7a\u00a0entre a\u00a0menor\u00a0e a\u00a0maior temperatura\u00a0dos dias, chamada de\u00a0amplitude t\u00e9rmica, pode continuar\u00a0alta\u00a0nos pr\u00f3ximos dias. Ainda, segundo a meteorologia, a\u2026","rel":"","context":"In &quot;Not\u00edcias de Ribeir\u00e3o Preto-SP e Regi\u00e3o&quot;","block_context":{"text":"Not\u00edcias de Ribeir\u00e3o Preto-SP e Regi\u00e3o","link":"https:\/\/noticiasribeiraopreto.com.br\/index.php\/category\/noticias-de-ribeirao-preto-sp-e-regiao-ismael-colosi\/"},"img":{"alt_text":"","src":"https:\/\/i0.wp.com\/noticiasribeiraopreto.com.br\/wp-content\/uploads\/2024\/06\/WhatsApp-Image-2024-06-08-at-09.52.34_2024-06-08_12-52-46_jpeg_2024-06-08_12-52-46.webp.webp?fit=1200%2C900&ssl=1&resize=350%2C200","width":350,"height":200,"srcset":"https:\/\/i0.wp.com\/noticiasribeiraopreto.com.br\/wp-content\/uploads\/2024\/06\/WhatsApp-Image-2024-06-08-at-09.52.34_2024-06-08_12-52-46_jpeg_2024-06-08_12-52-46.webp.webp?fit=1200%2C900&ssl=1&resize=350%2C200 1x, https:\/\/i0.wp.com\/noticiasribeiraopreto.com.br\/wp-content\/uploads\/2024\/06\/WhatsApp-Image-2024-06-08-at-09.52.34_2024-06-08_12-52-46_jpeg_2024-06-08_12-52-46.webp.webp?fit=1200%2C900&ssl=1&resize=525%2C300 1.5x, https:\/\/i0.wp.com\/noticiasribeiraopreto.com.br\/wp-content\/uploads\/2024\/06\/WhatsApp-Image-2024-06-08-at-09.52.34_2024-06-08_12-52-46_jpeg_2024-06-08_12-52-46.webp.webp?fit=1200%2C900&ssl=1&resize=700%2C400 2x, https:\/\/i0.wp.com\/noticiasribeiraopreto.com.br\/wp-content\/uploads\/2024\/06\/WhatsApp-Image-2024-06-08-at-09.52.34_2024-06-08_12-52-46_jpeg_2024-06-08_12-52-46.webp.webp?fit=1200%2C900&ssl=1&resize=1050%2C600 3x"},"classes":[]},{"id":52567,"url":"https:\/\/noticiasribeiraopreto.com.br\/index.php\/2024\/06\/09\/ribeirao-segue-em-alerta-para-baixa-umidade-neste-domingo-veja-previsao-do-tempo\/","url_meta":{"origin":73310,"position":4},"title":"Ribeir\u00e3o segue em alerta para baixa umidade neste domingo; Veja previs\u00e3o do tempo","author":"noticiasribeiraopreto.com.br","date":"9 de June de 2024","format":false,"excerpt":"O interior de S\u00e3o Paulo segue com alerta do Instituto Nacional de Meteorologia (Inmet) para baixa umidade, neste domingo (09). Uma grande massa de ar seco predomina o Brasil e influencia \u00e1reas de todas as regi\u00f5es do pa\u00eds, de acordo com a Climatempo. Em Ribeir\u00e3o Preto, o Inmet prev\u00ea umidade\u2026","rel":"","context":"In &quot;Not\u00edcias de Ribeir\u00e3o Preto-SP e Regi\u00e3o&quot;","block_context":{"text":"Not\u00edcias de Ribeir\u00e3o Preto-SP e Regi\u00e3o","link":"https:\/\/noticiasribeiraopreto.com.br\/index.php\/category\/noticias-de-ribeirao-preto-sp-e-regiao-ismael-colosi\/"},"img":{"alt_text":"","src":"https:\/\/noticiasribeiraopreto.com.br\/wp-content\/uploads\/2023\/11\/whatsapp_image_2023-02-25_at_09_10_46_x1x.jpe","width":350,"height":200,"srcset":"https:\/\/noticiasribeiraopreto.com.br\/wp-content\/uploads\/2023\/11\/whatsapp_image_2023-02-25_at_09_10_46_x1x.jpe 1x, https:\/\/noticiasribeiraopreto.com.br\/wp-content\/uploads\/2023\/11\/whatsapp_image_2023-02-25_at_09_10_46_x1x.jpe 1.5x, https:\/\/noticiasribeiraopreto.com.br\/wp-content\/uploads\/2023\/11\/whatsapp_image_2023-02-25_at_09_10_46_x1x.jpe 2x, https:\/\/noticiasribeiraopreto.com.br\/wp-content\/uploads\/2023\/11\/whatsapp_image_2023-02-25_at_09_10_46_x1x.jpe 3x"},"classes":[]},{"id":63561,"url":"https:\/\/noticiasribeiraopreto.com.br\/index.php\/2025\/02\/16\/calorao-veja-como-fica-o-tempo-em-ribeirao-preto-neste-domingo\/","url_meta":{"origin":73310,"position":5},"title":"Calor\u00e3o! Veja como fica o tempo em Ribeir\u00e3o Preto neste domingo","author":"noticiasribeiraopreto.com.br","date":"16 de February de 2025","format":false,"excerpt":"O domingo (16) em Ribeir\u00e3o Preto ser\u00e1 de muito calor. As temperaturas na cidade podem chegar aos 35\u00baC, de acordo com o Climatempo. Os meteorologistas apontam que n\u00e3o h\u00e1 possibilidade de chuva. Segundo a Climatempo, o dia ser\u00e1 de Sol, mas com muitas nuvens, com per\u00edodos de c\u00e9u nublado. J\u00e1\u2026","rel":"","context":"In &quot;Not\u00edcias de Ribeir\u00e3o Preto-SP e Regi\u00e3o&quot;","block_context":{"text":"Not\u00edcias de Ribeir\u00e3o Preto-SP e Regi\u00e3o","link":"https:\/\/noticiasribeiraopreto.com.br\/index.php\/category\/noticias-de-ribeirao-preto-sp-e-regiao-ismael-colosi\/"},"img":{"alt_text":"","src":"https:\/\/i0.wp.com\/noticiasribeiraopreto.com.br\/wp-content\/uploads\/2025\/02\/sol-ribeirao_2025-02-16_12-32-40_jpg_2025-02-16_12-32-40.webp.webp?fit=1200%2C897&ssl=1&resize=350%2C200","width":350,"height":200,"srcset":"https:\/\/i0.wp.com\/noticiasribeiraopreto.com.br\/wp-content\/uploads\/2025\/02\/sol-ribeirao_2025-02-16_12-32-40_jpg_2025-02-16_12-32-40.webp.webp?fit=1200%2C897&ssl=1&resize=350%2C200 1x, https:\/\/i0.wp.com\/noticiasribeiraopreto.com.br\/wp-content\/uploads\/2025\/02\/sol-ribeirao_2025-02-16_12-32-40_jpg_2025-02-16_12-32-40.webp.webp?fit=1200%2C897&ssl=1&resize=525%2C300 1.5x, https:\/\/i0.wp.com\/noticiasribeiraopreto.com.br\/wp-content\/uploads\/2025\/02\/sol-ribeirao_2025-02-16_12-32-40_jpg_2025-02-16_12-32-40.webp.webp?fit=1200%2C897&ssl=1&resize=700%2C400 2x, https:\/\/i0.wp.com\/noticiasribeiraopreto.com.br\/wp-content\/uploads\/2025\/02\/sol-ribeirao_2025-02-16_12-32-40_jpg_2025-02-16_12-32-40.webp.webp?fit=1200%2C897&ssl=1&resize=1050%2C600 3x"},"classes":[]}],"jetpack_sharing_enabled":true,"jetpack_shortlink":"https:\/\/wp.me\/peQAOb-j4q","_links":{"self":[{"href":"https:\/\/noticiasribeiraopreto.com.br\/index.php\/wp-json\/wp\/v2\/posts\/73310","targetHints":{"allow":["GET"]}}],"collection":[{"href":"https:\/\/noticiasribeiraopreto.com.br\/index.php\/wp-json\/wp\/v2\/posts"}],"about":[{"href":"https:\/\/noticiasribeiraopreto.com.br\/index.php\/wp-json\/wp\/v2\/types\/post"}],"author":[{"embeddable":true,"href":"https:\/\/noticiasribeiraopreto.com.br\/index.php\/wp-json\/wp\/v2\/users\/1"}],"replies":[{"embeddable":true,"href":"https:\/\/noticiasribeiraopreto.com.br\/index.php\/wp-json\/wp\/v2\/comments?post=73310"}],"version-history":[{"count":0,"href":"https:\/\/noticiasribeiraopreto.com.br\/index.php\/wp-json\/wp\/v2\/posts\/73310\/revisions"}],"wp:featuredmedia":[{"embeddable":true,"href":"https:\/\/noticiasribeiraopreto.com.br\/index.php\/wp-json\/wp\/v2\/media\/73311"}],"wp:attachment":[{"href":"https:\/\/noticiasribeiraopreto.com.br\/index.php\/wp-json\/wp\/v2\/media?parent=73310"}],"wp:term":[{"taxonomy":"category","embeddable":true,"href":"https:\/\/noticiasribeiraopreto.com.br\/index.php\/wp-json\/wp\/v2\/categories?post=73310"},{"taxonomy":"post_tag","embeddable":true,"href":"https:\/\/noticiasribeiraopreto.com.br\/index.php\/wp-json\/wp\/v2\/tags?post=73310"}],"curies":[{"name":"wp","href":"https:\/\/api.w.org\/{rel}","templated":true}]}}