{"id":73314,"date":"2025-06-29T14:43:37","date_gmt":"2025-06-29T17:43:37","guid":{"rendered":"https:\/\/noticiasribeiraopreto.com.br\/index.php\/2025\/06\/29\/concurso-publico-tem-novas-regras-para-cotas-raciais-veja-o-que-muda\/"},"modified":"2025-06-29T14:43:37","modified_gmt":"2025-06-29T17:43:37","slug":"concurso-publico-tem-novas-regras-para-cotas-raciais-veja-o-que-muda","status":"publish","type":"post","link":"https:\/\/noticiasribeiraopreto.com.br\/index.php\/2025\/06\/29\/concurso-publico-tem-novas-regras-para-cotas-raciais-veja-o-que-muda\/","title":{"rendered":"Concurso p\u00fablico tem novas regras para cotas raciais; veja o que muda"},"content":{"rendered":"<div class='code-block code-block-1' style='margin: 8px 0 8px auto; text-align: right; display: block; clear: both;'>\n<p><a href=\"https:\/\/wa.link\/vpicfd\"><img data-recalc-dims=\"1\" class=\"wp-image-4922\" style=\"aspect-ratio: 2.0253164556962027; width: 561px; height: auto;\" src=\"https:\/\/i0.wp.com\/ismaelcolosi.com.br\/wp-content\/uploads\/2023\/11\/grupo-de-empregos-whatsapp-e-facebook-ismael-colosi-vagas.jpg?ssl=1\" alt=\"\" \/><\/a><\/p>\n<!-- \/wp:image -->\n<\/div>\n<p> <br \/>\n<\/p>\n<div data-td-block-uid=\"tdi_95\">\n<div class=\"tdb-block-inner td-fix-index\">\n<p>A nova divis\u00e3o das cotas raciais em <strong>concursos p\u00fablicos federais<\/strong> come\u00e7ou a valer. A reserva de <strong>30% das vagas<\/strong> segue agora uma distribui\u00e7\u00e3o definida por lei: <strong>25% para pessoas pretas ou pardas<\/strong>, <strong>3% para ind\u00edgenas<\/strong> e <strong>2% para quilombolas<\/strong>. A medida vale para todos os \u00f3rg\u00e3os da <strong>administra\u00e7\u00e3o p\u00fablica federal<\/strong>, incluindo <strong>contrata\u00e7\u00f5es tempor\u00e1rias.<\/strong><\/p>\n<p>O decreto que regulamenta a nova legisla\u00e7\u00e3o detalha os procedimentos de verifica\u00e7\u00e3o \u00e9tnico-racial. <strong>Candidatos pretos ou pardos <\/strong>passam por uma comiss\u00e3o avaliadora formada por cinco integrantes. Se houver diverg\u00eancia, a autodeclara\u00e7\u00e3o prevalece. No caso de<strong> ind\u00edgenas e quilombolas<\/strong>, comiss\u00f5es espec\u00edficas fazem a verifica\u00e7\u00e3o e devem ter maioria de membros das pr\u00f3prias comunidades. Os candidatos podem apresentar documentos como identidade e declara\u00e7\u00f5es assinadas por lideran\u00e7as comunit\u00e1rias.<\/p>\n<p><strong>Todos os candidatos que optam pelas cotas tamb\u00e9m concorrem nas vagas de ampla concorr\u00eancia<\/strong>. Se forem aprovados por essa modalidade, n\u00e3o ocupam vaga reservada. Quando n\u00e3o houver n\u00famero suficiente de aprovados em algum dos grupos, as vagas seguem redistribui\u00e7\u00e3o entre os demais grupos e, se necess\u00e1rio, passam para a ampla concorr\u00eancia.<\/p>\n<p><strong>A nova pol\u00edtica de cotas raciais n\u00e3o altera as regras para pessoas com defici\u00eancia<\/strong>, que continuam com direito a 5% das vagas, conforme legisla\u00e7\u00e3o espec\u00edfica.<\/p>\n<hr class=\"wp-block-separator has-alpha-channel-opacity\"\/>\n<p>SAIBA MAIS<\/p>\n<p>Caso Larissa: sogra \u00e9 transferida para novo pres\u00eddio no interior de SP <mark style=\"background-color:#ffffff\" class=\"has-inline-color has-white-color\">, no entanto<\/mark><\/p>\n<h4 class=\"wp-block-heading\"><strong>FIQUE ON<\/strong><\/h4>\n<p>Quer ficar por dentro de tudo que acontece em Ribeir\u00e3o Preto e regi\u00e3o? Ent\u00e3o siga os perfis do\u202facidade on\u202fno\u202f<a href=\"https:\/\/www.instagram.com\/acidadeonribeirao\" target=\"_blank\" rel=\"noreferrer noopener\">Instagram<\/a>\u202fe no\u202f<a href=\"https:\/\/www.facebook.com\/acidadeonribeirao\/\" target=\"_blank\" rel=\"noreferrer noopener\">Facebook<\/a>.<\/p>\n<p>Al\u00e9m disso, voc\u00ea pode receber as principais not\u00edcias diretamente no WhatsApp. Para isso, basta\u00a0<a href=\"https:\/\/chat.whatsapp.com\/BjKQZ9oJwlz8VVT50NuePq\" target=\"_blank\" rel=\"noreferrer noopener\">entrar no grupo clicando aqui<\/a>.<\/p>\n<p>Por fim, se quiser fazer uma den\u00fancia ou sugerir uma reportagem sobre Ribeir\u00e3o Preto e regi\u00e3o, envie uma mensagem pelo WhatsApp: (16) 99117-7802.<\/p>\n<p>VEJA TAMB\u00c9M<\/p>\n<p>Orgulho LGBTQIAPN+: conhe\u00e7a a hist\u00f3ria Andr\u00e9a de Mayo<\/p>\n<p><!-- AI CONTENT END 1 -->\n<\/div>\n<\/div>\n<p><script async src=\"\/\/www.instagram.com\/embed.js\"><\/script><br \/>\n<br \/><br \/>\n<br \/><a href=\"https:\/\/www.acidadeon.com\/ribeiraopreto\/cotidiano\/concurso-publico-tem-novas-regras-para-cotas-raciais-veja-o-que-muda\/\">Source link <\/a><\/p>\n<!-- CONTENT END 1 -->\n","protected":false},"excerpt":{"rendered":"<p>A nova divis\u00e3o das cotas raciais em concursos p\u00fablicos federais come\u00e7ou a valer. A reserva de 30% das vagas segue agora uma distribui\u00e7\u00e3o definida por&#8230;<\/p>\n","protected":false},"author":1,"featured_media":73315,"comment_status":"open","ping_status":"open","sticky":false,"template":"","format":"standard","meta":{"advanced_seo_description":"","jetpack_seo_html_title":"","jetpack_seo_noindex":false,"jetpack_post_was_ever_published":false,"_jetpack_newsletter_access":"","_jetpack_dont_email_post_to_subs":false,"_jetpack_newsletter_tier_id":0,"_jetpack_memberships_contains_paywalled_content":false,"_jetpack_memberships_contains_paid_content":false,"footnotes":"","jetpack_publicize_message":"","jetpack_publicize_feature_enabled":true,"jetpack_social_post_already_shared":true,"jetpack_social_options":{"image_generator_settings":{"template":"highway","default_image_id":0,"font":"","enabled":false},"version":2}},"categories":[11],"tags":[],"class_list":["post-73314","post","type-post","status-publish","format-standard","has-post-thumbnail","hentry","category-noticias-de-ribeirao-preto-sp-e-regiao-ismael-colosi"],"jetpack_publicize_connections":[],"jetpack_featured_media_url":"https:\/\/i0.wp.com\/noticiasribeiraopreto.com.br\/wp-content\/uploads\/2025\/06\/african-american-teen-solving-school-assignment-literature-class-lesson_2025-06-29_15-53-51.webp.webp?fit=1200%2C800&ssl=1","jetpack-related-posts":[{"id":49124,"url":"https:\/\/noticiasribeiraopreto.com.br\/index.php\/2024\/05\/08\/entenda-por-que-cotas-raciais-para-concursos-publicos-podem-aumentar\/","url_meta":{"origin":73314,"position":0},"title":"Entenda por que cotas raciais para concursos p\u00fablicos podem aumentar","author":"noticiasribeiraopreto.com.br","date":"8 de May de 2024","format":false,"excerpt":"A CCJ (Comiss\u00e3o de Constitui\u00e7\u00e3o e Justi\u00e7a) do Senado aprovou, nesta quarta-feira (8), por 17 votos favor\u00e1veis contra oito, projeto de lei que amplia de 20% para 30% o total das vagas reservadas para cotas raciais em concursos p\u00fablicos, incluindo ainda os grupos dos ind\u00edgenas e quilombolas. O projeto de\u2026","rel":"","context":"In &quot;Not\u00edcias de Ribeir\u00e3o Preto-SP e Regi\u00e3o&quot;","block_context":{"text":"Not\u00edcias de Ribeir\u00e3o Preto-SP e Regi\u00e3o","link":"https:\/\/noticiasribeiraopreto.com.br\/index.php\/category\/noticias-de-ribeirao-preto-sp-e-regiao-ismael-colosi\/"},"img":{"alt_text":"","src":"https:\/\/i0.wp.com\/noticiasribeiraopreto.com.br\/wp-content\/uploads\/2024\/05\/1715198246_prova-concurso-publico-3.jpg?fit=1200%2C800&ssl=1&resize=350%2C200","width":350,"height":200,"srcset":"https:\/\/i0.wp.com\/noticiasribeiraopreto.com.br\/wp-content\/uploads\/2024\/05\/1715198246_prova-concurso-publico-3.jpg?fit=1200%2C800&ssl=1&resize=350%2C200 1x, https:\/\/i0.wp.com\/noticiasribeiraopreto.com.br\/wp-content\/uploads\/2024\/05\/1715198246_prova-concurso-publico-3.jpg?fit=1200%2C800&ssl=1&resize=525%2C300 1.5x, https:\/\/i0.wp.com\/noticiasribeiraopreto.com.br\/wp-content\/uploads\/2024\/05\/1715198246_prova-concurso-publico-3.jpg?fit=1200%2C800&ssl=1&resize=700%2C400 2x, https:\/\/i0.wp.com\/noticiasribeiraopreto.com.br\/wp-content\/uploads\/2024\/05\/1715198246_prova-concurso-publico-3.jpg?fit=1200%2C800&ssl=1&resize=1050%2C600 3x"},"classes":[]},{"id":80843,"url":"https:\/\/noticiasribeiraopreto.com.br\/index.php\/2025\/12\/16\/professora-do-interior-de-sp-e-denunciada-por-racismo-apos-fala-sobre-cotas-raciais\/","url_meta":{"origin":73314,"position":1},"title":"Professora do interior de SP \u00e9 denunciada por racismo ap\u00f3s fala sobre cotas raciais","author":"noticiasribeiraopreto.com.br","date":"16 de December de 2025","format":false,"excerpt":"Uma professora da rede municipal de Barretos, no interior de S\u00e3o Paulo, virou alvo de den\u00fancia por racismo ap\u00f3s a divulga\u00e7\u00e3o de um v\u00eddeo nas redes sociais em que critica a pol\u00edtica de cotas raciais adotada no processo seletivo de professores do munic\u00edpio. As declara\u00e7\u00f5es geraram rea\u00e7\u00e3o de \u00f3rg\u00e3os p\u00fablicos\u2026","rel":"","context":"In &quot;Not\u00edcias de Ribeir\u00e3o Preto-SP e Regi\u00e3o&quot;","block_context":{"text":"Not\u00edcias de Ribeir\u00e3o Preto-SP e Regi\u00e3o","link":"https:\/\/noticiasribeiraopreto.com.br\/index.php\/category\/noticias-de-ribeirao-preto-sp-e-regiao-ismael-colosi\/"},"img":{"alt_text":"","src":"https:\/\/i0.wp.com\/noticiasribeiraopreto.com.br\/wp-content\/uploads\/2025\/12\/barretos_delegacia_1200x675_03042022110539_2024-10-23_20-15-45_jpg_2024-10-23_20-15-46.webp.webp?fit=1200%2C675&ssl=1&resize=350%2C200","width":350,"height":200,"srcset":"https:\/\/i0.wp.com\/noticiasribeiraopreto.com.br\/wp-content\/uploads\/2025\/12\/barretos_delegacia_1200x675_03042022110539_2024-10-23_20-15-45_jpg_2024-10-23_20-15-46.webp.webp?fit=1200%2C675&ssl=1&resize=350%2C200 1x, https:\/\/i0.wp.com\/noticiasribeiraopreto.com.br\/wp-content\/uploads\/2025\/12\/barretos_delegacia_1200x675_03042022110539_2024-10-23_20-15-45_jpg_2024-10-23_20-15-46.webp.webp?fit=1200%2C675&ssl=1&resize=525%2C300 1.5x, https:\/\/i0.wp.com\/noticiasribeiraopreto.com.br\/wp-content\/uploads\/2025\/12\/barretos_delegacia_1200x675_03042022110539_2024-10-23_20-15-45_jpg_2024-10-23_20-15-46.webp.webp?fit=1200%2C675&ssl=1&resize=700%2C400 2x, https:\/\/i0.wp.com\/noticiasribeiraopreto.com.br\/wp-content\/uploads\/2025\/12\/barretos_delegacia_1200x675_03042022110539_2024-10-23_20-15-45_jpg_2024-10-23_20-15-46.webp.webp?fit=1200%2C675&ssl=1&resize=1050%2C600 3x"},"classes":[]},{"id":21629,"url":"https:\/\/noticiasribeiraopreto.com.br\/index.php\/2023\/12\/28\/portaria-ratifica-reserva-de-30-das-vagas-para-candidatos-indigenas-2\/","url_meta":{"origin":73314,"position":2},"title":"portaria ratifica reserva de 30% das vagas para candidatos ind\u00edgenas","author":"noticiasribeiraopreto.com.br","date":"28 de December de 2023","format":false,"excerpt":"Foi publicada, no di\u00e1rio oficial da Uni\u00e3o desta quinta-feira, 28 de dezembro,a portaria conjunta 63, que ratifica a reserva de 30% das vagas para candidatos ind\u00edgenas do concurso Funai (Funda\u00e7\u00e3o Nacional dos Povos Ind\u00edgenas). O documento oficializa o decreto 11.839, publicado no \u00faltimo dia 22 de dezembro, pelo presidente Luiz\u2026","rel":"","context":"In &quot;Vagas de Emprego em Ribeir\u00e3o Preto-SP&quot;","block_context":{"text":"Vagas de Emprego em Ribeir\u00e3o Preto-SP","link":"https:\/\/noticiasribeiraopreto.com.br\/index.php\/category\/empregos-classificados-vagas-trabalho\/vagas-de-empregos-em-ribeirao-preto-regiao-brasil\/"},"img":{"alt_text":"","src":"https:\/\/i0.wp.com\/noticiasribeiraopreto.com.br\/wp-content\/uploads\/2023\/12\/fundacao-indio-funai-novo.jpg?fit=1200%2C675&ssl=1&resize=350%2C200","width":350,"height":200,"srcset":"https:\/\/i0.wp.com\/noticiasribeiraopreto.com.br\/wp-content\/uploads\/2023\/12\/fundacao-indio-funai-novo.jpg?fit=1200%2C675&ssl=1&resize=350%2C200 1x, https:\/\/i0.wp.com\/noticiasribeiraopreto.com.br\/wp-content\/uploads\/2023\/12\/fundacao-indio-funai-novo.jpg?fit=1200%2C675&ssl=1&resize=525%2C300 1.5x, https:\/\/i0.wp.com\/noticiasribeiraopreto.com.br\/wp-content\/uploads\/2023\/12\/fundacao-indio-funai-novo.jpg?fit=1200%2C675&ssl=1&resize=700%2C400 2x, https:\/\/i0.wp.com\/noticiasribeiraopreto.com.br\/wp-content\/uploads\/2023\/12\/fundacao-indio-funai-novo.jpg?fit=1200%2C675&ssl=1&resize=1050%2C600 3x"},"classes":[]},{"id":79660,"url":"https:\/\/noticiasribeiraopreto.com.br\/index.php\/2025\/11\/05\/caixa-anuncia-concurso-publico-com-184-vagas-e-salarios-de-ate-r-14-mil\/","url_meta":{"origin":73314,"position":3},"title":"Caixa anuncia concurso p\u00fablico com 184 vagas e sal\u00e1rios de at\u00e9 R$ 14 mil","author":"noticiasribeiraopreto.com.br","date":"5 de November de 2025","format":false,"excerpt":"A Caixa abre na pr\u00f3xima sexta-feira (7) concurso p\u00fablico com 184 vagas e sal\u00e1rios que variam entre R$ 11.186 e R$ 14.915. As vagas s\u00e3o para cargos da carreira profissional de n\u00edvel superior. O concurso ser\u00e1 realizado pela Funda\u00e7\u00e3o Cesgranrio (clique aqui) e as provas ser\u00e3o aplicadas no dia 1\u00ba\u2026","rel":"","context":"In &quot;Not\u00edcias de Ribeir\u00e3o Preto-SP e Regi\u00e3o&quot;","block_context":{"text":"Not\u00edcias de Ribeir\u00e3o Preto-SP e Regi\u00e3o","link":"https:\/\/noticiasribeiraopreto.com.br\/index.php\/category\/noticias-de-ribeirao-preto-sp-e-regiao-ismael-colosi\/"},"img":{"alt_text":"","src":"https:\/\/i0.wp.com\/noticiasribeiraopreto.com.br\/wp-content\/uploads\/2025\/11\/concurso-caixa_2025-11-05_15-46-40.webp.webp?fit=1200%2C800&ssl=1&resize=350%2C200","width":350,"height":200,"srcset":"https:\/\/i0.wp.com\/noticiasribeiraopreto.com.br\/wp-content\/uploads\/2025\/11\/concurso-caixa_2025-11-05_15-46-40.webp.webp?fit=1200%2C800&ssl=1&resize=350%2C200 1x, https:\/\/i0.wp.com\/noticiasribeiraopreto.com.br\/wp-content\/uploads\/2025\/11\/concurso-caixa_2025-11-05_15-46-40.webp.webp?fit=1200%2C800&ssl=1&resize=525%2C300 1.5x, https:\/\/i0.wp.com\/noticiasribeiraopreto.com.br\/wp-content\/uploads\/2025\/11\/concurso-caixa_2025-11-05_15-46-40.webp.webp?fit=1200%2C800&ssl=1&resize=700%2C400 2x, https:\/\/i0.wp.com\/noticiasribeiraopreto.com.br\/wp-content\/uploads\/2025\/11\/concurso-caixa_2025-11-05_15-46-40.webp.webp?fit=1200%2C800&ssl=1&resize=1050%2C600 3x"},"classes":[]},{"id":63304,"url":"https:\/\/noticiasribeiraopreto.com.br\/index.php\/2025\/02\/09\/concurso-publico-do-mpu-tem-172-vagas-abertas-e-salarios-de-ate-r-139-mil\/","url_meta":{"origin":73314,"position":4},"title":"Concurso p\u00fablico do MPU tem 172 vagas abertas e sal\u00e1rios de at\u00e9 R$ 13,9 mil","author":"noticiasribeiraopreto.com.br","date":"9 de February de 2025","format":false,"excerpt":"Est\u00e3o abertas at\u00e9 o dia 27 de fevereiro, as inscri\u00e7\u00f5es para o concurso p\u00fablico do Minist\u00e9rio P\u00fablico da Uni\u00e3o (MPU). Ao todo, s\u00e3o 172 vagas para os cargos de t\u00e9cnico e analista. A remunera\u00e7\u00e3o inicial para o cargo de t\u00e9cnico \u00e9 R$ 8.529,65 e a de analista, R$ 13.994,78. A\u2026","rel":"","context":"In &quot;Not\u00edcias de Ribeir\u00e3o Preto-SP e Regi\u00e3o&quot;","block_context":{"text":"Not\u00edcias de Ribeir\u00e3o Preto-SP e Regi\u00e3o","link":"https:\/\/noticiasribeiraopreto.com.br\/index.php\/category\/noticias-de-ribeirao-preto-sp-e-regiao-ismael-colosi\/"},"img":{"alt_text":"","src":"https:\/\/i0.wp.com\/noticiasribeiraopreto.com.br\/wp-content\/uploads\/2024\/10\/concurso-publico-6_2024-08-26_18-49-03_jpg_2024-08-26_18-49-03.webp.webp?fit=1200%2C800&ssl=1&resize=350%2C200","width":350,"height":200,"srcset":"https:\/\/i0.wp.com\/noticiasribeiraopreto.com.br\/wp-content\/uploads\/2024\/10\/concurso-publico-6_2024-08-26_18-49-03_jpg_2024-08-26_18-49-03.webp.webp?fit=1200%2C800&ssl=1&resize=350%2C200 1x, https:\/\/i0.wp.com\/noticiasribeiraopreto.com.br\/wp-content\/uploads\/2024\/10\/concurso-publico-6_2024-08-26_18-49-03_jpg_2024-08-26_18-49-03.webp.webp?fit=1200%2C800&ssl=1&resize=525%2C300 1.5x, https:\/\/i0.wp.com\/noticiasribeiraopreto.com.br\/wp-content\/uploads\/2024\/10\/concurso-publico-6_2024-08-26_18-49-03_jpg_2024-08-26_18-49-03.webp.webp?fit=1200%2C800&ssl=1&resize=700%2C400 2x, https:\/\/i0.wp.com\/noticiasribeiraopreto.com.br\/wp-content\/uploads\/2024\/10\/concurso-publico-6_2024-08-26_18-49-03_jpg_2024-08-26_18-49-03.webp.webp?fit=1200%2C800&ssl=1&resize=1050%2C600 3x"},"classes":[]},{"id":64032,"url":"https:\/\/noticiasribeiraopreto.com.br\/index.php\/2025\/02\/27\/veja-como-acessar-o-resultado-final-do-concurso-publico-nacional-unificado\/","url_meta":{"origin":73314,"position":5},"title":"Veja como acessar o resultado final do Concurso P\u00fablico Nacional Unificado","author":"noticiasribeiraopreto.com.br","date":"27 de February de 2025","format":false,"excerpt":"O Minist\u00e9rio da Gest\u00e3o e da Inova\u00e7\u00e3o em Servi\u00e7os P\u00fablicos e a Funda\u00e7\u00e3o Cesgranrio divulgar\u00e3o nesta sexta-feira (28), a partir das 10h, os resultados finais do CNU (Concurso P\u00fablico Nacional Unificado), o \u201cEnem dos Concursos\u201d. O CNU ofertou 6.640 vagas para 21 \u00f3rg\u00e3os e entidades. Ao todo, ser\u00e3o divulgadas 194\u2026","rel":"","context":"In &quot;Not\u00edcias de Ribeir\u00e3o Preto-SP e Regi\u00e3o&quot;","block_context":{"text":"Not\u00edcias de Ribeir\u00e3o Preto-SP e Regi\u00e3o","link":"https:\/\/noticiasribeiraopreto.com.br\/index.php\/category\/noticias-de-ribeirao-preto-sp-e-regiao-ismael-colosi\/"},"img":{"alt_text":"","src":"https:\/\/i0.wp.com\/noticiasribeiraopreto.com.br\/wp-content\/uploads\/2024\/08\/Copia-de-Copia-de-TAMANHO-EXATO-PARA-FOTOS-NO-SISTEMA-NOVO-6_2024-06-11_13-40-15_jpg_2024-06-11_13-40-15.webp.webp?fit=1200%2C675&ssl=1&resize=350%2C200","width":350,"height":200,"srcset":"https:\/\/i0.wp.com\/noticiasribeiraopreto.com.br\/wp-content\/uploads\/2024\/08\/Copia-de-Copia-de-TAMANHO-EXATO-PARA-FOTOS-NO-SISTEMA-NOVO-6_2024-06-11_13-40-15_jpg_2024-06-11_13-40-15.webp.webp?fit=1200%2C675&ssl=1&resize=350%2C200 1x, https:\/\/i0.wp.com\/noticiasribeiraopreto.com.br\/wp-content\/uploads\/2024\/08\/Copia-de-Copia-de-TAMANHO-EXATO-PARA-FOTOS-NO-SISTEMA-NOVO-6_2024-06-11_13-40-15_jpg_2024-06-11_13-40-15.webp.webp?fit=1200%2C675&ssl=1&resize=525%2C300 1.5x, https:\/\/i0.wp.com\/noticiasribeiraopreto.com.br\/wp-content\/uploads\/2024\/08\/Copia-de-Copia-de-TAMANHO-EXATO-PARA-FOTOS-NO-SISTEMA-NOVO-6_2024-06-11_13-40-15_jpg_2024-06-11_13-40-15.webp.webp?fit=1200%2C675&ssl=1&resize=700%2C400 2x, https:\/\/i0.wp.com\/noticiasribeiraopreto.com.br\/wp-content\/uploads\/2024\/08\/Copia-de-Copia-de-TAMANHO-EXATO-PARA-FOTOS-NO-SISTEMA-NOVO-6_2024-06-11_13-40-15_jpg_2024-06-11_13-40-15.webp.webp?fit=1200%2C675&ssl=1&resize=1050%2C600 3x"},"classes":[]}],"jetpack_sharing_enabled":true,"jetpack_shortlink":"https:\/\/wp.me\/peQAOb-j4u","_links":{"self":[{"href":"https:\/\/noticiasribeiraopreto.com.br\/index.php\/wp-json\/wp\/v2\/posts\/73314","targetHints":{"allow":["GET"]}}],"collection":[{"href":"https:\/\/noticiasribeiraopreto.com.br\/index.php\/wp-json\/wp\/v2\/posts"}],"about":[{"href":"https:\/\/noticiasribeiraopreto.com.br\/index.php\/wp-json\/wp\/v2\/types\/post"}],"author":[{"embeddable":true,"href":"https:\/\/noticiasribeiraopreto.com.br\/index.php\/wp-json\/wp\/v2\/users\/1"}],"replies":[{"embeddable":true,"href":"https:\/\/noticiasribeiraopreto.com.br\/index.php\/wp-json\/wp\/v2\/comments?post=73314"}],"version-history":[{"count":0,"href":"https:\/\/noticiasribeiraopreto.com.br\/index.php\/wp-json\/wp\/v2\/posts\/73314\/revisions"}],"wp:featuredmedia":[{"embeddable":true,"href":"https:\/\/noticiasribeiraopreto.com.br\/index.php\/wp-json\/wp\/v2\/media\/73315"}],"wp:attachment":[{"href":"https:\/\/noticiasribeiraopreto.com.br\/index.php\/wp-json\/wp\/v2\/media?parent=73314"}],"wp:term":[{"taxonomy":"category","embeddable":true,"href":"https:\/\/noticiasribeiraopreto.com.br\/index.php\/wp-json\/wp\/v2\/categories?post=73314"},{"taxonomy":"post_tag","embeddable":true,"href":"https:\/\/noticiasribeiraopreto.com.br\/index.php\/wp-json\/wp\/v2\/tags?post=73314"}],"curies":[{"name":"wp","href":"https:\/\/api.w.org\/{rel}","templated":true}]}}