{"id":73316,"date":"2025-06-29T14:51:58","date_gmt":"2025-06-29T17:51:58","guid":{"rendered":"https:\/\/noticiasribeiraopreto.com.br\/index.php\/2025\/06\/29\/envenenamento-por-chumbinho-entenda-a-ligacao-entre-as-mortes-de-larissa-e-nathalia\/"},"modified":"2025-06-29T14:51:58","modified_gmt":"2025-06-29T17:51:58","slug":"envenenamento-por-chumbinho-entenda-a-ligacao-entre-as-mortes-de-larissa-e-nathalia","status":"publish","type":"post","link":"https:\/\/noticiasribeiraopreto.com.br\/index.php\/2025\/06\/29\/envenenamento-por-chumbinho-entenda-a-ligacao-entre-as-mortes-de-larissa-e-nathalia\/","title":{"rendered":"Envenenamento por chumbinho: entenda a liga\u00e7\u00e3o entre as mortes de Larissa e Nath\u00e1lia"},"content":{"rendered":"<div class='code-block code-block-1' style='margin: 8px 0 8px auto; text-align: right; display: block; clear: both;'>\n<p><a href=\"https:\/\/wa.link\/vpicfd\"><img data-recalc-dims=\"1\" class=\"wp-image-4922\" style=\"aspect-ratio: 2.0253164556962027; width: 561px; height: auto;\" src=\"https:\/\/i0.wp.com\/ismaelcolosi.com.br\/wp-content\/uploads\/2023\/11\/grupo-de-empregos-whatsapp-e-facebook-ismael-colosi-vagas.jpg?ssl=1\" alt=\"\" \/><\/a><\/p>\n<!-- \/wp:image -->\n<\/div>\n<p> <br \/>\n<\/p>\n<div>\n<p>A Pol\u00edcia Civil e o Minist\u00e9rio P\u00fablico investigam <strong>Elizabete Arraba\u00e7a<\/strong> por suspeita de envolvimento nas mortes da filha, <strong>Nath\u00e1lia Garnica<\/strong>, e da nora, a professora de pilates <strong>Larissa Rodrigues<\/strong>. Elizabete esteve com as v\u00edtimas um dia antes das mortes; inicialmente, as autoridades trataram os casos como naturais. <\/p>\n<p>No entanto, <strong>exames toxicol\u00f3gicos apontaram a presen\u00e7a de chumbinho nos corpos.<\/strong><\/p>\n<h3 class=\"wp-block-heading\"><strong>Morte de Nath\u00e1lia Garnica<\/strong><\/h3>\n<p><strong>Nath\u00e1lia Garnica, filha de Elizabete, morreu em 9 de fevereiro<\/strong>, em Pontal, aos 42 anos. A fam\u00edlia registrou a morte como infarto. Depois da morte de Larissa, cunhada de Nath\u00e1lia, <strong>a pol\u00edcia decidiu exumar o corpo e um novo laudo confirmou envenenamento por chumbinho<\/strong>. Um dia antes da morte, <strong>Nath\u00e1lia esteve com a m\u00e3e<\/strong>.<\/p>\n<h3 class=\"wp-block-heading\"><strong>Morte de Larissa Rodrigues<\/strong><\/h3>\n<p><strong>Luiz Ant\u00f4nio Garnica<\/strong>, filho de Elizabete, encontrou a esposa, <strong>Larissa Rodrigues<\/strong>, morta no dia 22 de mar\u00e7o, no apartamento do casal em Ribeir\u00e3o Preto. Um dia antes, <strong>Elizabete esteve no local<\/strong>. O laudo toxicol\u00f3gico identificou o uso de chumbinho como causa da morte.<\/p>\n<p><strong>As investiga\u00e7\u00f5es indicam que Larissa havia pedido o div\u00f3rcio ap\u00f3s descobrir uma trai\u00e7\u00e3o.<\/strong> A pol\u00edcia descobriu que Elizabete pesquisou sobre o veneno e, possivelmente, administrou pequenas doses antes do envenenamento fatal.<\/p>\n<h3 class=\"wp-block-heading\"><strong>Conclus\u00e3o do inqu\u00e9rito<\/strong><\/h3>\n<p>Na \u00faltima sexta-feira (27), a <strong>Pol\u00edcia Civil concluiu o inqu\u00e9rito sobre a morte de Larissa<\/strong>. Os investigadores identificaram <strong>Elizabete como executora do crime e apontaram Luiz como mandante<\/strong>. A equipe indiciou os dois por <strong>homic\u00eddio doloso qualificado por feminic\u00eddio e uso de meio cruel<\/strong>. <\/p>\n<p>Durante a apura\u00e7\u00e3o, a pol\u00edcia constatou que Luiz avisou a amante sobre a morte de Larissa 15 minutos antes da chegada do Samu.<\/p>\n<h3 class=\"wp-block-heading\"><strong>Situa\u00e7\u00e3o atual dos investigados<\/strong><\/h3>\n<p>Luiz Garnica e Elizabete est\u00e3o presos desde o dia 6 de maio. O m\u00e9dico segue detido na Penitenci\u00e1ria de Santa Rosa de Viterbo. J\u00e1 Elizabete foi transferida, no s\u00e1bado (28), da Penitenci\u00e1ria de Mogi Gua\u00e7u para a unidade de Votorantim. <strong>As defesas dos dois negam qualquer participa\u00e7\u00e3o nos crimes.<\/strong><\/p>\n<hr class=\"wp-block-separator has-alpha-channel-opacity\"\/>\n<p>SAIBA MAIS<\/p>\n<p>Caso Larissa: sogra \u00e9 transferida para novo pres\u00eddio no interior de SP<\/p>\n<h4 class=\"wp-block-heading\"><strong>FIQUE ON<\/strong><\/h4>\n<p>Quer ficar por dentro de tudo que acontece em Ribeir\u00e3o Preto e regi\u00e3o? Ent\u00e3o siga os perfis do\u202facidade on\u202fno\u202f<a href=\"https:\/\/www.instagram.com\/acidadeonribeirao\" target=\"_blank\" rel=\"noreferrer noopener\">Instagram<\/a>\u202fe no\u202f<a href=\"https:\/\/www.facebook.com\/acidadeonribeirao\/\" target=\"_blank\" rel=\"noreferrer noopener\">Facebook<\/a>.<\/p>\n<p>Al\u00e9m disso, voc\u00ea pode receber as principais not\u00edcias diretamente no WhatsApp. Para isso, basta\u00a0<a href=\"https:\/\/chat.whatsapp.com\/BjKQZ9oJwlz8VVT50NuePq\" target=\"_blank\" rel=\"noreferrer noopener\">entrar no grupo clicando aqui<\/a>.<\/p>\n<p>Por fim, se quiser fazer uma den\u00fancia ou sugerir uma reportagem sobre Ribeir\u00e3o Preto e regi\u00e3o, envie uma mensagem pelo WhatsApp: (16) 99117-7802.<\/p>\n<p>VEJA TAMB\u00c9M<\/p>\n<p>Orgulho LGBTQIAPN+: conhe\u00e7a a hist\u00f3ria Andr\u00e9a de Mayo<\/p>\n<p><!-- AI CONTENT END 1 -->\n<\/div>\n<p><script async src=\"\/\/www.instagram.com\/embed.js\"><\/script><br \/>\n<br \/><br \/>\n<br \/><a href=\"https:\/\/www.acidadeon.com\/ribeiraopreto\/cotidiano\/envenenamento-por-chumbinho-entenda-a-ligacao-entre-as-mortes-de-larissa-e-nathalia\/\">Source link <\/a><\/p>\n<!-- CONTENT END 1 -->\n","protected":false},"excerpt":{"rendered":"<p>A Pol\u00edcia Civil e o Minist\u00e9rio P\u00fablico investigam Elizabete Arraba\u00e7a por suspeita de envolvimento nas mortes da filha, Nath\u00e1lia Garnica, e da nora, a professora&#8230;<\/p>\n","protected":false},"author":1,"featured_media":73317,"comment_status":"open","ping_status":"open","sticky":false,"template":"","format":"standard","meta":{"advanced_seo_description":"","jetpack_seo_html_title":"","jetpack_seo_noindex":false,"jetpack_post_was_ever_published":false,"_jetpack_newsletter_access":"","_jetpack_dont_email_post_to_subs":false,"_jetpack_newsletter_tier_id":0,"_jetpack_memberships_contains_paywalled_content":false,"_jetpack_memberships_contains_paid_content":false,"footnotes":"","jetpack_publicize_message":"","jetpack_publicize_feature_enabled":true,"jetpack_social_post_already_shared":true,"jetpack_social_options":{"image_generator_settings":{"template":"highway","default_image_id":0,"font":"","enabled":false},"version":2}},"categories":[11],"tags":[],"class_list":["post-73316","post","type-post","status-publish","format-standard","has-post-thumbnail","hentry","category-noticias-de-ribeirao-preto-sp-e-regiao-ismael-colosi"],"jetpack_publicize_connections":[],"jetpack_featured_media_url":"https:\/\/i0.wp.com\/noticiasribeiraopreto.com.br\/wp-content\/uploads\/2025\/06\/Copia-de-Copia-de-Copia-de-TAMANHO-EXATO-PARA-FOTOS-NO-SISTEMA-NOVO-2025-06-29T115635.342_2025-06-29_14-57-44.webp.webp?fit=1200%2C675&ssl=1","jetpack-related-posts":[{"id":72665,"url":"https:\/\/noticiasribeiraopreto.com.br\/index.php\/2025\/06\/19\/policia-investiga-morte-de-nathalia-garnica-como-homicidio-apos-laudo-apontar-veneno\/","url_meta":{"origin":73316,"position":0},"title":"Pol\u00edcia investiga morte de Nath\u00e1lia Garnica como homic\u00eddio ap\u00f3s laudo apontar veneno","author":"noticiasribeiraopreto.com.br","date":"19 de June de 2025","format":false,"excerpt":"A Pol\u00edcia Civil investiga a morte de Nath\u00e1lia Garnica como homic\u00eddio, depois de que Instituto M\u00e9dico Legal (IML)\u00a0confirmou a presen\u00e7a de\u00a0veneno de rato em tr\u00eas \u00f3rg\u00e3os dela, durante a exuma\u00e7\u00e3o de seu corpo, em Pontal, a 40 quil\u00f4metros de Ribeir\u00e3o Preto. Nath\u00e1lia, que morreu em fevereiro deste ano, era cunhada\u2026","rel":"","context":"In &quot;Not\u00edcias de Ribeir\u00e3o Preto-SP e Regi\u00e3o&quot;","block_context":{"text":"Not\u00edcias de Ribeir\u00e3o Preto-SP e Regi\u00e3o","link":"https:\/\/noticiasribeiraopreto.com.br\/index.php\/category\/noticias-de-ribeirao-preto-sp-e-regiao-ismael-colosi\/"},"img":{"alt_text":"","src":"https:\/\/i0.wp.com\/noticiasribeiraopreto.com.br\/wp-content\/uploads\/2025\/06\/nathalia_2025-05-16_16-00-14.webp.webp?fit=1200%2C720&ssl=1&resize=350%2C200","width":350,"height":200,"srcset":"https:\/\/i0.wp.com\/noticiasribeiraopreto.com.br\/wp-content\/uploads\/2025\/06\/nathalia_2025-05-16_16-00-14.webp.webp?fit=1200%2C720&ssl=1&resize=350%2C200 1x, https:\/\/i0.wp.com\/noticiasribeiraopreto.com.br\/wp-content\/uploads\/2025\/06\/nathalia_2025-05-16_16-00-14.webp.webp?fit=1200%2C720&ssl=1&resize=525%2C300 1.5x, https:\/\/i0.wp.com\/noticiasribeiraopreto.com.br\/wp-content\/uploads\/2025\/06\/nathalia_2025-05-16_16-00-14.webp.webp?fit=1200%2C720&ssl=1&resize=700%2C400 2x, https:\/\/i0.wp.com\/noticiasribeiraopreto.com.br\/wp-content\/uploads\/2025\/06\/nathalia_2025-05-16_16-00-14.webp.webp?fit=1200%2C720&ssl=1&resize=1050%2C600 3x"},"classes":[]},{"id":77147,"url":"https:\/\/noticiasribeiraopreto.com.br\/index.php\/2025\/09\/12\/delegado-deve-indiciar-so-elizabete-por-morte-de-nathalia\/","url_meta":{"origin":73316,"position":1},"title":"Delegado deve indiciar s\u00f3 Elizabete por morte de Nathalia","author":"noticiasribeiraopreto.com.br","date":"12 de September de 2025","format":false,"excerpt":"Por: Adalberto Luque O delegado Fernando Bravo, respons\u00e1vel pela apura\u00e7\u00e3o da morte por envenenamento de Nathalia Garnica adiantou que deve indiciar apenas sua m\u00e3e, Elizabete Eug\u00eanio Arraba\u00e7a, de 68 anos pelo homic\u00eddio. Elizabete e o filho, Luiz Ant\u00f4nio Garnica, de 38 anos, s\u00e3o r\u00e9us em processo que tramita na 2\u00aa\u2026","rel":"","context":"In &quot;Not\u00edcias de Ribeir\u00e3o Preto-SP e Regi\u00e3o&quot;","block_context":{"text":"Not\u00edcias de Ribeir\u00e3o Preto-SP e Regi\u00e3o","link":"https:\/\/noticiasribeiraopreto.com.br\/index.php\/category\/noticias-de-ribeirao-preto-sp-e-regiao-ismael-colosi\/"},"img":{"alt_text":"","src":"https:\/\/i0.wp.com\/noticiasribeiraopreto.com.br\/wp-content\/uploads\/2025\/09\/12-set-2025-betechumbinhonathalia1.jpg?fit=906%2C752&ssl=1&resize=350%2C200","width":350,"height":200,"srcset":"https:\/\/i0.wp.com\/noticiasribeiraopreto.com.br\/wp-content\/uploads\/2025\/09\/12-set-2025-betechumbinhonathalia1.jpg?fit=906%2C752&ssl=1&resize=350%2C200 1x, https:\/\/i0.wp.com\/noticiasribeiraopreto.com.br\/wp-content\/uploads\/2025\/09\/12-set-2025-betechumbinhonathalia1.jpg?fit=906%2C752&ssl=1&resize=525%2C300 1.5x, https:\/\/i0.wp.com\/noticiasribeiraopreto.com.br\/wp-content\/uploads\/2025\/09\/12-set-2025-betechumbinhonathalia1.jpg?fit=906%2C752&ssl=1&resize=700%2C400 2x"},"classes":[]},{"id":76155,"url":"https:\/\/noticiasribeiraopreto.com.br\/index.php\/2025\/08\/22\/justica-autoriza-quebra-de-sigilo-do-celular-de-nathalia-garnica\/","url_meta":{"origin":73316,"position":2},"title":"Justi\u00e7a autoriza quebra de sigilo do celular de Nath\u00e1lia Garnica","author":"noticiasribeiraopreto.com.br","date":"22 de August de 2025","format":false,"excerpt":"A Justi\u00e7a de S\u00e3o Paulo autorizou a quebra do sigilo do celular da veterin\u00e1ria Nath\u00e1lia Garnica, que morreu envenenada em fevereiro, em Ribeir\u00e3o Preto. O celular dela foi localizado por familiares com Elizabete Arraba\u00e7a, m\u00e3e da v\u00edtima e suspeita de envolvimento no crime. De acordo com as informa\u00e7\u00f5es, a Pol\u00edcia\u2026","rel":"","context":"In &quot;Not\u00edcias de Ribeir\u00e3o Preto-SP e Regi\u00e3o&quot;","block_context":{"text":"Not\u00edcias de Ribeir\u00e3o Preto-SP e Regi\u00e3o","link":"https:\/\/noticiasribeiraopreto.com.br\/index.php\/category\/noticias-de-ribeirao-preto-sp-e-regiao-ismael-colosi\/"},"img":{"alt_text":"","src":"https:\/\/i0.wp.com\/noticiasribeiraopreto.com.br\/wp-content\/uploads\/2025\/06\/WhatsApp-Image-2025-05-07-at-10.51.41-1_2025-05-07_13-52-19.webp.webp?fit=1200%2C675&ssl=1&resize=350%2C200","width":350,"height":200,"srcset":"https:\/\/i0.wp.com\/noticiasribeiraopreto.com.br\/wp-content\/uploads\/2025\/06\/WhatsApp-Image-2025-05-07-at-10.51.41-1_2025-05-07_13-52-19.webp.webp?fit=1200%2C675&ssl=1&resize=350%2C200 1x, https:\/\/i0.wp.com\/noticiasribeiraopreto.com.br\/wp-content\/uploads\/2025\/06\/WhatsApp-Image-2025-05-07-at-10.51.41-1_2025-05-07_13-52-19.webp.webp?fit=1200%2C675&ssl=1&resize=525%2C300 1.5x, https:\/\/i0.wp.com\/noticiasribeiraopreto.com.br\/wp-content\/uploads\/2025\/06\/WhatsApp-Image-2025-05-07-at-10.51.41-1_2025-05-07_13-52-19.webp.webp?fit=1200%2C675&ssl=1&resize=700%2C400 2x, https:\/\/i0.wp.com\/noticiasribeiraopreto.com.br\/wp-content\/uploads\/2025\/06\/WhatsApp-Image-2025-05-07-at-10.51.41-1_2025-05-07_13-52-19.webp.webp?fit=1200%2C675&ssl=1&resize=1050%2C600 3x"},"classes":[]},{"id":79367,"url":"https:\/\/noticiasribeiraopreto.com.br\/index.php\/2025\/10\/30\/mp-denuncia-elizabete-pela-morte-de-filha\/","url_meta":{"origin":73316,"position":3},"title":"MP denuncia Elizabete pela morte de filha","author":"noticiasribeiraopreto.com.br","date":"30 de October de 2025","format":false,"excerpt":"Por: Adalberto Luque O Minist\u00e9rio P\u00fablico de S\u00e3o Paulo (MPSP) denunciou Elizabete Eug\u00eanio Arraba\u00e7a, de 68 anos, pela morte de sua filha Nath\u00e1lia Garnica, de 42 anos, por envenenamento. A promotora apresentou den\u00fancia por crime de feminic\u00eddio, com tr\u00eas qualificadoras :emprego de veneno, meio cruel e mediante dissimula\u00e7\u00e3o e de\u2026","rel":"","context":"In &quot;Not\u00edcias de Ribeir\u00e3o Preto-SP e Regi\u00e3o&quot;","block_context":{"text":"Not\u00edcias de Ribeir\u00e3o Preto-SP e Regi\u00e3o","link":"https:\/\/noticiasribeiraopreto.com.br\/index.php\/category\/noticias-de-ribeirao-preto-sp-e-regiao-ismael-colosi\/"},"img":{"alt_text":"","src":"https:\/\/i0.wp.com\/noticiasribeiraopreto.com.br\/wp-content\/uploads\/2025\/10\/12-set-2025-betechumbinhonathalia2-1.jpg?fit=934%2C780&ssl=1&resize=350%2C200","width":350,"height":200,"srcset":"https:\/\/i0.wp.com\/noticiasribeiraopreto.com.br\/wp-content\/uploads\/2025\/10\/12-set-2025-betechumbinhonathalia2-1.jpg?fit=934%2C780&ssl=1&resize=350%2C200 1x, https:\/\/i0.wp.com\/noticiasribeiraopreto.com.br\/wp-content\/uploads\/2025\/10\/12-set-2025-betechumbinhonathalia2-1.jpg?fit=934%2C780&ssl=1&resize=525%2C300 1.5x, https:\/\/i0.wp.com\/noticiasribeiraopreto.com.br\/wp-content\/uploads\/2025\/10\/12-set-2025-betechumbinhonathalia2-1.jpg?fit=934%2C780&ssl=1&resize=700%2C400 2x"},"classes":[]},{"id":72491,"url":"https:\/\/noticiasribeiraopreto.com.br\/index.php\/2025\/06\/17\/caso-larissa-nathalia-garnica-foi-envenenada-com-chumbinho-aponta-laudo\/","url_meta":{"origin":73316,"position":4},"title":"Caso Larissa: Nath\u00e1lia Garnica foi envenenada com chumbinho, aponta laudo","author":"noticiasribeiraopreto.com.br","date":"17 de June de 2025","format":false,"excerpt":"O Instituto M\u00e9dico Legal (IML) de Ribeir\u00e3o Preto confirmou a presen\u00e7a de veneno de rato em tr\u00eas \u00f3rg\u00e3os de Nath\u00e1lia Garnica. A informa\u00e7\u00e3o foi divulgada pelo diretor do IML, Di\u00f3genes Tadeu Cardoso, com base no resultado do exame toxicol\u00f3gico realizado ap\u00f3s a exuma\u00e7\u00e3o do corpo. O laudo, que ainda n\u00e3o\u2026","rel":"","context":"In &quot;Not\u00edcias de Ribeir\u00e3o Preto-SP e Regi\u00e3o&quot;","block_context":{"text":"Not\u00edcias de Ribeir\u00e3o Preto-SP e Regi\u00e3o","link":"https:\/\/noticiasribeiraopreto.com.br\/index.php\/category\/noticias-de-ribeirao-preto-sp-e-regiao-ismael-colosi\/"},"img":{"alt_text":"","src":"https:\/\/i0.wp.com\/noticiasribeiraopreto.com.br\/wp-content\/uploads\/2025\/06\/WhatsApp-Image-2025-05-07-at-10.51.41-1_2025-05-07_13-52-19.webp.webp?fit=1200%2C675&ssl=1&resize=350%2C200","width":350,"height":200,"srcset":"https:\/\/i0.wp.com\/noticiasribeiraopreto.com.br\/wp-content\/uploads\/2025\/06\/WhatsApp-Image-2025-05-07-at-10.51.41-1_2025-05-07_13-52-19.webp.webp?fit=1200%2C675&ssl=1&resize=350%2C200 1x, https:\/\/i0.wp.com\/noticiasribeiraopreto.com.br\/wp-content\/uploads\/2025\/06\/WhatsApp-Image-2025-05-07-at-10.51.41-1_2025-05-07_13-52-19.webp.webp?fit=1200%2C675&ssl=1&resize=525%2C300 1.5x, https:\/\/i0.wp.com\/noticiasribeiraopreto.com.br\/wp-content\/uploads\/2025\/06\/WhatsApp-Image-2025-05-07-at-10.51.41-1_2025-05-07_13-52-19.webp.webp?fit=1200%2C675&ssl=1&resize=700%2C400 2x, https:\/\/i0.wp.com\/noticiasribeiraopreto.com.br\/wp-content\/uploads\/2025\/06\/WhatsApp-Image-2025-05-07-at-10.51.41-1_2025-05-07_13-52-19.webp.webp?fit=1200%2C675&ssl=1&resize=1050%2C600 3x"},"classes":[]},{"id":78629,"url":"https:\/\/noticiasribeiraopreto.com.br\/index.php\/2025\/10\/15\/elizabete-e-indiciada-pela-morte-de-filha\/","url_meta":{"origin":73316,"position":5},"title":"Elizabete \u00e9 indiciada pela morte de filha","author":"noticiasribeiraopreto.com.br","date":"15 de October de 2025","format":false,"excerpt":"Por: Adalberto Luque O delegado da Delegacia de Homic\u00eddios da Divis\u00e3o Especializada de Investiga\u00e7\u00f5es Criminais (DEIC), Fernando Bravo, concluiu, na tarde desta ter\u00e7a-feira, 14 de outubro, o inqu\u00e9rito que apura a morte de Nathalia Pontes, de 42 anos. Ela foi morta por envenenamento e o delegado indiciou a m\u00e3e da\u2026","rel":"","context":"In &quot;Not\u00edcias de Ribeir\u00e3o Preto-SP e Regi\u00e3o&quot;","block_context":{"text":"Not\u00edcias de Ribeir\u00e3o Preto-SP e Regi\u00e3o","link":"https:\/\/noticiasribeiraopreto.com.br\/index.php\/category\/noticias-de-ribeirao-preto-sp-e-regiao-ismael-colosi\/"},"img":{"alt_text":"","src":"https:\/\/i0.wp.com\/noticiasribeiraopreto.com.br\/wp-content\/uploads\/2025\/10\/12-set-2025-betechumbinhonathalia1.jpg?fit=906%2C752&ssl=1&resize=350%2C200","width":350,"height":200,"srcset":"https:\/\/i0.wp.com\/noticiasribeiraopreto.com.br\/wp-content\/uploads\/2025\/10\/12-set-2025-betechumbinhonathalia1.jpg?fit=906%2C752&ssl=1&resize=350%2C200 1x, https:\/\/i0.wp.com\/noticiasribeiraopreto.com.br\/wp-content\/uploads\/2025\/10\/12-set-2025-betechumbinhonathalia1.jpg?fit=906%2C752&ssl=1&resize=525%2C300 1.5x, https:\/\/i0.wp.com\/noticiasribeiraopreto.com.br\/wp-content\/uploads\/2025\/10\/12-set-2025-betechumbinhonathalia1.jpg?fit=906%2C752&ssl=1&resize=700%2C400 2x"},"classes":[]}],"jetpack_sharing_enabled":true,"jetpack_shortlink":"https:\/\/wp.me\/peQAOb-j4w","_links":{"self":[{"href":"https:\/\/noticiasribeiraopreto.com.br\/index.php\/wp-json\/wp\/v2\/posts\/73316","targetHints":{"allow":["GET"]}}],"collection":[{"href":"https:\/\/noticiasribeiraopreto.com.br\/index.php\/wp-json\/wp\/v2\/posts"}],"about":[{"href":"https:\/\/noticiasribeiraopreto.com.br\/index.php\/wp-json\/wp\/v2\/types\/post"}],"author":[{"embeddable":true,"href":"https:\/\/noticiasribeiraopreto.com.br\/index.php\/wp-json\/wp\/v2\/users\/1"}],"replies":[{"embeddable":true,"href":"https:\/\/noticiasribeiraopreto.com.br\/index.php\/wp-json\/wp\/v2\/comments?post=73316"}],"version-history":[{"count":0,"href":"https:\/\/noticiasribeiraopreto.com.br\/index.php\/wp-json\/wp\/v2\/posts\/73316\/revisions"}],"wp:featuredmedia":[{"embeddable":true,"href":"https:\/\/noticiasribeiraopreto.com.br\/index.php\/wp-json\/wp\/v2\/media\/73317"}],"wp:attachment":[{"href":"https:\/\/noticiasribeiraopreto.com.br\/index.php\/wp-json\/wp\/v2\/media?parent=73316"}],"wp:term":[{"taxonomy":"category","embeddable":true,"href":"https:\/\/noticiasribeiraopreto.com.br\/index.php\/wp-json\/wp\/v2\/categories?post=73316"},{"taxonomy":"post_tag","embeddable":true,"href":"https:\/\/noticiasribeiraopreto.com.br\/index.php\/wp-json\/wp\/v2\/tags?post=73316"}],"curies":[{"name":"wp","href":"https:\/\/api.w.org\/{rel}","templated":true}]}}