{"id":73318,"date":"2025-06-29T15:12:15","date_gmt":"2025-06-29T18:12:15","guid":{"rendered":"https:\/\/noticiasribeiraopreto.com.br\/index.php\/2025\/06\/29\/incendio-atinge-churrascaria-na-zona-sul-de-ribeirao-preto\/"},"modified":"2025-06-29T15:12:15","modified_gmt":"2025-06-29T18:12:15","slug":"incendio-atinge-churrascaria-na-zona-sul-de-ribeirao-preto","status":"publish","type":"post","link":"https:\/\/noticiasribeiraopreto.com.br\/index.php\/2025\/06\/29\/incendio-atinge-churrascaria-na-zona-sul-de-ribeirao-preto\/","title":{"rendered":"Inc\u00eandio atinge churrascaria na zona Sul de Ribeir\u00e3o Preto"},"content":{"rendered":"<div class='code-block code-block-1' style='margin: 8px 0 8px auto; text-align: right; display: block; clear: both;'>\n<p><a href=\"https:\/\/wa.link\/vpicfd\"><img data-recalc-dims=\"1\" class=\"wp-image-4922\" style=\"aspect-ratio: 2.0253164556962027; width: 561px; height: auto;\" src=\"https:\/\/i0.wp.com\/ismaelcolosi.com.br\/wp-content\/uploads\/2023\/11\/grupo-de-empregos-whatsapp-e-facebook-ismael-colosi-vagas.jpg?ssl=1\" alt=\"\" \/><\/a><\/p>\n<!-- \/wp:image -->\n<\/div>\n<p> <br \/>\n<\/p>\n<div id=\"post-430123\">\n<header class=\"entry-header penci-entry-header penci-title-center\">\n<p>\n\t\t\t\t\t\t\t\t\t<span class=\"entry-meta-item penci-posted-on\"><i class=\"fa fa-clock-o\"\/><time class=\"entry-date published updated\" datetime=\"2025-06-29T15:09:51-03:00\">29 de junho de 2025 15:09<\/time><\/span><span class=\"entry-meta-item penci-post-countview\"><span class=\"entry-meta-item penci-post-countview penci_post-meta_item\"><i class=\"fa fa-eye\"\/><span class=\"penci-post-countview-number penci-post-countview-p430123\">3<\/span><\/span><\/span>\t\t\t\t\t\t\t\t<\/p>\n<p><!-- .entry-meta --><br \/>\n\t\t\t\t\t\t\t\t<span class=\"penci-social-buttons penci-social-share-footer\"><span class=\"penci-social-share-text\">Compartilhar<\/span><a href=\"#\" class=\"penci-post-like penci_post-meta_item  single-like-button penci-social-item like\" data-post_id=\"430123\" title=\"Like\" data-like=\"Like\" data-unlike=\"Unlike\"><i class=\"fa fa-thumbs-o-up\"\/><span class=\"penci-share-number\">0<\/span><\/a><i class=\"fa fa-facebook\"\/><a class=\"penci-social-item twitter\" target=\"_blank\" rel=\"noopener\" title=\"\" href=\"https:\/\/twitter.com\/intent\/tweet?text=Inc\u00eandio%20atinge%20churrascaria%20na%20zona%20Sul%20de%20Ribeir\u00e3o%20Preto%20-%20https:\/\/www.tribunaribeirao.com.br\/incendio-atinge-churrascaria-na-zona-sul-de-ribeirao-preto-2\/\"><i class=\"fa fa-twitter\"\/><\/a><i class=\"fa fa-linkedin\"\/><i class=\"fa fa-whatsapp\"\/><i class=\"fa fa-telegram\"\/><i class=\"fa fa-envelope\"\/><\/span>\t\t\t\t\t\t\t<\/header>\n<p><!-- .entry-header --><\/p>\n<div class=\"penci-entry-content entry-content\">\n<p>Um inc\u00eandio atingiu a churrascaria Nativas Grill, localizada na rua Jo\u00e3o Godoy, na zona Sul de Ribeir\u00e3o Preto, na tarde deste domingo (29).<\/p>\n<p>O Corpo de Bombeiros foi acionado e enviou equipes ao local para combater as chamas. Clientes que estavam no restaurante no momento do incidente foram retirados do pr\u00e9dio em seguran\u00e7a.<\/p>\n<p>A ocorr\u00eancia foi confirmada pelo 9\u00ba Grupamento de Bombeiros por meio das redes sociais. At\u00e9 o momento, n\u00e3o h\u00e1 registro de feridos nem informa\u00e7\u00f5es sobre as causas do inc\u00eandio.<\/p>\n<p>O local foi isolado.<\/p>\n<p>\u2014<\/p>\n<p>Jornal Tribuna Ribeir\u00e3o<\/p>\n<p>Um Jornal com a cara de Ribeir\u00e3o!<\/p>\n<p>Impresso | WEB | Redes sociais<\/p>\n<p>Tribuna Ribeir\u00e3o \u2013 Fone: (16) 3632-2200 \u2013 Whatsapp: (16) 98161-8743<\/p>\n<p>Av. Bar\u00e3o do Bananal, 880 \u2013 Jardim Anhanguera, Ribeir\u00e3o Preto<\/p>\n<p>@tribunaribeirao @meiaderibeirao @dinoderibeirao<\/p>\n<p>#TribunaRibeir\u00e3o #News #Not\u00edcia #Ribeir\u00e3oPreto #Not\u00edciasDeRibeir\u00e3oPreto<\/p>\n<p>#ClassificadosTribunaRibeir\u00e3o #Jornalismo #ClassificadosRibeir\u00e3o<\/p>\n<p>\u00a0<\/p>\n<\/div>\n<p><!-- .entry-content --><\/p>\n<footer class=\"penci-entry-footer\">\n\t\t\t\t\t\t\t\t<span class=\"penci-social-buttons penci-social-share-footer\"><span class=\"penci-social-share-text\">Compartilhar<\/span><a href=\"#\" class=\"penci-post-like penci_post-meta_item  single-like-button penci-social-item like\" data-post_id=\"430123\" title=\"Like\" data-like=\"Like\" data-unlike=\"Unlike\"><i class=\"fa fa-thumbs-o-up\"\/><span class=\"penci-share-number\">0<\/span><\/a><i class=\"fa fa-facebook\"\/><a class=\"penci-social-item twitter\" target=\"_blank\" rel=\"noopener\" title=\"\" href=\"https:\/\/twitter.com\/intent\/tweet?text=Inc\u00eandio%20atinge%20churrascaria%20na%20zona%20Sul%20de%20Ribeir\u00e3o%20Preto%20-%20https:\/\/www.tribunaribeirao.com.br\/incendio-atinge-churrascaria-na-zona-sul-de-ribeirao-preto-2\/\"><i class=\"fa fa-twitter\"\/><\/a><i class=\"fa fa-linkedin\"\/><i class=\"fa fa-whatsapp\"\/><i class=\"fa fa-telegram\"\/><i class=\"fa fa-envelope\"\/><\/span>\t\t\t\t\t\t\t<\/footer>\n<p><!-- .entry-footer -->\n\t\t\t\t\t\t<\/div>\n<p><script async src=\"\/\/platform.twitter.com\/widgets.js\" charset=\"utf-8\"><\/script><br \/>\n<br \/><br \/>\n<br \/><a href=\"https:\/\/www.tribunaribeirao.com.br\/incendio-atinge-churrascaria-na-zona-sul-de-ribeirao-preto-2\/\">Source link <\/a><\/p>\n<!-- CONTENT END 1 -->\n","protected":false},"excerpt":{"rendered":"<p>29 de junho de 2025 15:093 Compartilhar0 Um inc\u00eandio atingiu a churrascaria Nativas Grill, localizada na rua Jo\u00e3o Godoy, na zona Sul de Ribeir\u00e3o Preto,&#8230;<\/p>\n","protected":false},"author":1,"featured_media":73319,"comment_status":"open","ping_status":"open","sticky":false,"template":"","format":"standard","meta":{"advanced_seo_description":"","jetpack_seo_html_title":"","jetpack_seo_noindex":false,"jetpack_post_was_ever_published":false,"_jetpack_newsletter_access":"","_jetpack_dont_email_post_to_subs":false,"_jetpack_newsletter_tier_id":0,"_jetpack_memberships_contains_paywalled_content":false,"_jetpack_memberships_contains_paid_content":false,"footnotes":"","jetpack_publicize_message":"","jetpack_publicize_feature_enabled":true,"jetpack_social_post_already_shared":true,"jetpack_social_options":{"image_generator_settings":{"template":"highway","default_image_id":0,"font":"","enabled":false},"version":2}},"categories":[11],"tags":[],"class_list":["post-73318","post","type-post","status-publish","format-standard","has-post-thumbnail","hentry","category-noticias-de-ribeirao-preto-sp-e-regiao-ismael-colosi"],"jetpack_publicize_connections":[],"jetpack_featured_media_url":"https:\/\/i0.wp.com\/noticiasribeiraopreto.com.br\/wp-content\/uploads\/2025\/06\/nativas_fogo1-e1751220483903.jpeg?fit=750%2C644&ssl=1","jetpack-related-posts":[{"id":39221,"url":"https:\/\/noticiasribeiraopreto.com.br\/index.php\/2024\/02\/23\/20-vagas-de-empregos-entre-e-veja-oportunidades-de-trabalho-em-ribeirao-preto-sp-19\/","url_meta":{"origin":73318,"position":0},"title":"20 vagas de empregos: entre e veja oportunidades de trabalho em Ribeir\u00e3o Preto-SP","author":"noticiasribeiraopreto.com.br","date":"23 de February de 2024","format":false,"excerpt":"Lista de Vagas em Ribeir\u00e3o Preto Ribeir\u00e3o Preto - SP Caixa Ver mais Ribeir\u00e3o Preto - SP AUXILIAR DE ALMOXARIFE Ver mais Ribeir\u00e3o Preto - SP VIGILANTE Ver mais Ribeir\u00e3o Preto - SP Operador de Rastreamento Ver mais Ribeir\u00e3o Preto - SP Almoxarife Ver mais Ribeir\u00e3o Preto - SP Vendedor(a)\u2026","rel":"","context":"In &quot;Vagas de Emprego em Ribeir\u00e3o Preto-SP&quot;","block_context":{"text":"Vagas de Emprego em Ribeir\u00e3o Preto-SP","link":"https:\/\/noticiasribeiraopreto.com.br\/index.php\/category\/empregos-classificados-vagas-trabalho\/vagas-de-empregos-em-ribeirao-preto-regiao-brasil\/"},"img":{"alt_text":"","src":"","width":0,"height":0},"classes":[]},{"id":26325,"url":"https:\/\/noticiasribeiraopreto.com.br\/index.php\/2024\/01\/09\/20-vagas-de-empregos-entre-e-veja-oportunidades-de-trabalho-em-ribeirao-preto-sp-11\/","url_meta":{"origin":73318,"position":1},"title":"20 vagas de empregos: entre e veja oportunidades de trabalho em Ribeir\u00e3o Preto-SP","author":"noticiasribeiraopreto.com.br","date":"9 de January de 2024","format":false,"excerpt":"Lista de Vagas em Ribeir\u00e3o Preto Ribeir\u00e3o Preto - SP AMBEV \u2013 Vendas \u2013 Representante de Neg\u00f3cio II Ver mais Ribeir\u00e3o Preto - SP L\u00edder de Cart\u00e3o Ver mais Ribeir\u00e3o Preto - SP Comercial | Gerente de Neg\u00f3cios I Ver mais Ribeir\u00e3o Preto - SP Santa Casa de Ribeir\u00e3o Preto:\u2026","rel":"","context":"In &quot;Vagas de Emprego em Ribeir\u00e3o Preto-SP&quot;","block_context":{"text":"Vagas de Emprego em Ribeir\u00e3o Preto-SP","link":"https:\/\/noticiasribeiraopreto.com.br\/index.php\/category\/empregos-classificados-vagas-trabalho\/vagas-de-empregos-em-ribeirao-preto-regiao-brasil\/"},"img":{"alt_text":"","src":"https:\/\/i0.wp.com\/noticiasribeiraopreto.com.br\/wp-content\/uploads\/2024\/01\/1704839995_maxresdefault.jpg?fit=1200%2C675&ssl=1&resize=350%2C200","width":350,"height":200,"srcset":"https:\/\/i0.wp.com\/noticiasribeiraopreto.com.br\/wp-content\/uploads\/2024\/01\/1704839995_maxresdefault.jpg?fit=1200%2C675&ssl=1&resize=350%2C200 1x, https:\/\/i0.wp.com\/noticiasribeiraopreto.com.br\/wp-content\/uploads\/2024\/01\/1704839995_maxresdefault.jpg?fit=1200%2C675&ssl=1&resize=525%2C300 1.5x, https:\/\/i0.wp.com\/noticiasribeiraopreto.com.br\/wp-content\/uploads\/2024\/01\/1704839995_maxresdefault.jpg?fit=1200%2C675&ssl=1&resize=700%2C400 2x, https:\/\/i0.wp.com\/noticiasribeiraopreto.com.br\/wp-content\/uploads\/2024\/01\/1704839995_maxresdefault.jpg?fit=1200%2C675&ssl=1&resize=1050%2C600 3x"},"classes":[]},{"id":54653,"url":"https:\/\/noticiasribeiraopreto.com.br\/index.php\/2024\/07\/15\/gerente-de-fabrica\/","url_meta":{"origin":73318,"position":2},"title":"Gerente de F\u00e1brica","author":"noticiasribeiraopreto.com.br","date":"15 de July de 2024","format":false,"excerpt":"Gerente de F\u00e1bricaCampinasView JobDiretor IndustrialS\u00e3o Jos\u00e9 dos CamposView JobGerente de MarketingRibeir\u00e3o PretoView JobDiretor de SustentabilidadeCampinas\/SPView JobDiretor de RHRibeir\u00e3o PretoView JobCoordenador de Marketing Ribeir\u00e3o PretoView JobGerente de Log\u00edsticaRibeir\u00e3o PretoView JobDiretor AdministrativoRibeir\u00e3o PretoView JobSupervisor de VendasRibeir\u00e3o Preto\/SPView JobDiretor Industrial \u2013 Agroneg\u00f3cioRibeir\u00e3o PretoView JobDiretor Geral de Unidade de Neg\u00f3cio B2B - EdtechRibeir\u00e3o PretoView\u2026","rel":"","context":"In &quot;Vagas de Emprego em Ribeir\u00e3o Preto-SP&quot;","block_context":{"text":"Vagas de Emprego em Ribeir\u00e3o Preto-SP","link":"https:\/\/noticiasribeiraopreto.com.br\/index.php\/category\/empregos-classificados-vagas-trabalho\/vagas-de-empregos-em-ribeirao-preto-regiao-brasil\/"},"img":{"alt_text":"","src":"","width":0,"height":0},"classes":[]},{"id":29993,"url":"https:\/\/noticiasribeiraopreto.com.br\/index.php\/2024\/01\/19\/20-vagas-de-empregos-entre-e-veja-oportunidades-de-trabalho-em-ribeirao-preto-sp-16\/","url_meta":{"origin":73318,"position":3},"title":"20 vagas de empregos: entre e veja oportunidades de trabalho em Ribeir\u00e3o Preto-SP","author":"noticiasribeiraopreto.com.br","date":"19 de January de 2024","format":false,"excerpt":"Lista de Vagas em Ribeir\u00e3o Preto Ribeir\u00e3o Preto - SP ASSISTENTE DE LOJA Ver mais Ribeir\u00e3o Preto - SP Terapeuta Ocupacional Ver mais Ribeir\u00e3o Preto - SP Jovem Aprendiz Administrativo Ver mais Ribeir\u00e3o Preto - SP Vendedor(a) \u00d3tica Ver mais Ribeir\u00e3o Preto - SP Auxiliar de Estoque Ver mais Ribeir\u00e3o\u2026","rel":"","context":"In &quot;Vagas de Emprego em Ribeir\u00e3o Preto-SP&quot;","block_context":{"text":"Vagas de Emprego em Ribeir\u00e3o Preto-SP","link":"https:\/\/noticiasribeiraopreto.com.br\/index.php\/category\/empregos-classificados-vagas-trabalho\/vagas-de-empregos-em-ribeirao-preto-regiao-brasil\/"},"img":{"alt_text":"","src":"https:\/\/i0.wp.com\/noticiasribeiraopreto.com.br\/wp-content\/uploads\/2024\/01\/1705707376_maxresdefault.jpg?fit=1200%2C675&ssl=1&resize=350%2C200","width":350,"height":200,"srcset":"https:\/\/i0.wp.com\/noticiasribeiraopreto.com.br\/wp-content\/uploads\/2024\/01\/1705707376_maxresdefault.jpg?fit=1200%2C675&ssl=1&resize=350%2C200 1x, https:\/\/i0.wp.com\/noticiasribeiraopreto.com.br\/wp-content\/uploads\/2024\/01\/1705707376_maxresdefault.jpg?fit=1200%2C675&ssl=1&resize=525%2C300 1.5x, https:\/\/i0.wp.com\/noticiasribeiraopreto.com.br\/wp-content\/uploads\/2024\/01\/1705707376_maxresdefault.jpg?fit=1200%2C675&ssl=1&resize=700%2C400 2x, https:\/\/i0.wp.com\/noticiasribeiraopreto.com.br\/wp-content\/uploads\/2024\/01\/1705707376_maxresdefault.jpg?fit=1200%2C675&ssl=1&resize=1050%2C600 3x"},"classes":[]},{"id":27240,"url":"https:\/\/noticiasribeiraopreto.com.br\/index.php\/2024\/01\/11\/20-vagas-de-empregos-entre-e-veja-oportunidades-de-trabalho-em-ribeirao-preto-sp-12\/","url_meta":{"origin":73318,"position":4},"title":"20 vagas de empregos: entre e veja oportunidades de trabalho em Ribeir\u00e3o Preto-SP","author":"noticiasribeiraopreto.com.br","date":"11 de January de 2024","format":false,"excerpt":"Lista de Vagas em Ribeir\u00e3o Preto Ribeir\u00e3o Preto - SP Silcar Pneus \u2013 Vendedora Interna Ver mais Ribeir\u00e3o Preto - SP AMBEV \u2013 Vendas \u2013 Representante de Neg\u00f3cio II Ver mais Ribeir\u00e3o Preto - SP L\u00edder de Cart\u00e3o Ver mais Ribeir\u00e3o Preto - SP Comercial | Gerente de Neg\u00f3cios I\u2026","rel":"","context":"In &quot;Vagas de Emprego em Ribeir\u00e3o Preto-SP&quot;","block_context":{"text":"Vagas de Emprego em Ribeir\u00e3o Preto-SP","link":"https:\/\/noticiasribeiraopreto.com.br\/index.php\/category\/empregos-classificados-vagas-trabalho\/vagas-de-empregos-em-ribeirao-preto-regiao-brasil\/"},"img":{"alt_text":"","src":"","width":0,"height":0},"classes":[]},{"id":54325,"url":"https:\/\/noticiasribeiraopreto.com.br\/index.php\/2024\/07\/08\/30-novas-vagas-de-emprego-em-ribeirao-preto-sp-102\/","url_meta":{"origin":73318,"position":5},"title":"30 novas vagas de emprego em Ribeir\u00e3o Preto-SP","author":"noticiasribeiraopreto.com.br","date":"8 de July de 2024","format":false,"excerpt":"Gerente de F\u00e1bricaCampinasView JobDiretor IndustrialS\u00e3o Jos\u00e9 dos CamposView JobGerente de MarketingRibeir\u00e3o PretoView JobDiretor de SustentabilidadeCampinas\/SPView JobDiretor de RHRibeir\u00e3o PretoView JobCoordenador de Marketing Ribeir\u00e3o PretoView JobGerente de Log\u00edsticaRibeir\u00e3o PretoView JobDiretor AdministrativoRibeir\u00e3o PretoView JobSupervisor de VendasRibeir\u00e3o Preto\/SPView JobDiretor Industrial \u2013 Agroneg\u00f3cioRibeir\u00e3o PretoView JobDiretor Geral de Unidade de Neg\u00f3cio B2B - EdtechRibeir\u00e3o PretoView\u2026","rel":"","context":"In &quot;Vagas de Emprego em Ribeir\u00e3o Preto-SP&quot;","block_context":{"text":"Vagas de Emprego em Ribeir\u00e3o Preto-SP","link":"https:\/\/noticiasribeiraopreto.com.br\/index.php\/category\/empregos-classificados-vagas-trabalho\/vagas-de-empregos-em-ribeirao-preto-regiao-brasil\/"},"img":{"alt_text":"","src":"","width":0,"height":0},"classes":[]}],"jetpack_sharing_enabled":true,"jetpack_shortlink":"https:\/\/wp.me\/peQAOb-j4y","_links":{"self":[{"href":"https:\/\/noticiasribeiraopreto.com.br\/index.php\/wp-json\/wp\/v2\/posts\/73318","targetHints":{"allow":["GET"]}}],"collection":[{"href":"https:\/\/noticiasribeiraopreto.com.br\/index.php\/wp-json\/wp\/v2\/posts"}],"about":[{"href":"https:\/\/noticiasribeiraopreto.com.br\/index.php\/wp-json\/wp\/v2\/types\/post"}],"author":[{"embeddable":true,"href":"https:\/\/noticiasribeiraopreto.com.br\/index.php\/wp-json\/wp\/v2\/users\/1"}],"replies":[{"embeddable":true,"href":"https:\/\/noticiasribeiraopreto.com.br\/index.php\/wp-json\/wp\/v2\/comments?post=73318"}],"version-history":[{"count":0,"href":"https:\/\/noticiasribeiraopreto.com.br\/index.php\/wp-json\/wp\/v2\/posts\/73318\/revisions"}],"wp:featuredmedia":[{"embeddable":true,"href":"https:\/\/noticiasribeiraopreto.com.br\/index.php\/wp-json\/wp\/v2\/media\/73319"}],"wp:attachment":[{"href":"https:\/\/noticiasribeiraopreto.com.br\/index.php\/wp-json\/wp\/v2\/media?parent=73318"}],"wp:term":[{"taxonomy":"category","embeddable":true,"href":"https:\/\/noticiasribeiraopreto.com.br\/index.php\/wp-json\/wp\/v2\/categories?post=73318"},{"taxonomy":"post_tag","embeddable":true,"href":"https:\/\/noticiasribeiraopreto.com.br\/index.php\/wp-json\/wp\/v2\/tags?post=73318"}],"curies":[{"name":"wp","href":"https:\/\/api.w.org\/{rel}","templated":true}]}}