{"id":73320,"date":"2025-06-29T17:37:55","date_gmt":"2025-06-29T20:37:55","guid":{"rendered":"https:\/\/noticiasribeiraopreto.com.br\/index.php\/2025\/06\/29\/chelsea-acerta-contratacao-de-atleta-de-ribeirao-preto-antes-de-enfrentar-o-palmeiras\/"},"modified":"2025-06-29T17:37:55","modified_gmt":"2025-06-29T20:37:55","slug":"chelsea-acerta-contratacao-de-atleta-de-ribeirao-preto-antes-de-enfrentar-o-palmeiras","status":"publish","type":"post","link":"https:\/\/noticiasribeiraopreto.com.br\/index.php\/2025\/06\/29\/chelsea-acerta-contratacao-de-atleta-de-ribeirao-preto-antes-de-enfrentar-o-palmeiras\/","title":{"rendered":"Chelsea acerta contrata\u00e7\u00e3o de atleta de Ribeir\u00e3o Preto antes de enfrentar o Palmeiras"},"content":{"rendered":"<div class='code-block code-block-1' style='margin: 8px 0 8px auto; text-align: right; display: block; clear: both;'>\n<p><a href=\"https:\/\/wa.link\/vpicfd\"><img data-recalc-dims=\"1\" class=\"wp-image-4922\" style=\"aspect-ratio: 2.0253164556962027; width: 561px; height: auto;\" src=\"https:\/\/i0.wp.com\/ismaelcolosi.com.br\/wp-content\/uploads\/2023\/11\/grupo-de-empregos-whatsapp-e-facebook-ismael-colosi-vagas.jpg?ssl=1\" alt=\"\" \/><\/a><\/p>\n<!-- \/wp:image -->\n<\/div>\n<p> <br \/>\n<\/p>\n<div data-td-block-uid=\"tdi_95\">\n<div class=\"tdb-block-inner td-fix-index\">\n<p>O <strong>Chelsea anunciou a contrata\u00e7\u00e3o<\/strong> do atacante Jo\u00e3o Pedro, <strong>natural de Ribeir\u00e3o Preto<\/strong>, para a disputa do <strong>Mundial de Clubes<\/strong>. Com 24 anos e atuando no Brighton, o j<strong>ogador chega ao elenco antes do confronto contra o Palmeiras pelas quartas de final da competi\u00e7\u00e3o.<\/strong><\/p>\n<p>Segundo o jornalista italiano Fabrizio Romano, o clube londrino acertou a contrata\u00e7\u00e3o <strong>por mais de 50 milh\u00f5es de libras (cerca de R$ 371 milh\u00f5es).<\/strong> Jo\u00e3o Pedro viaja na pr\u00f3xima ter\u00e7a-feira para realizar exames m\u00e9dicos e assinar contrato. A expectativa \u00e9 que esteja dispon\u00edvel para o t\u00e9cnico Enzo Maresca j\u00e1 na fase mata-mata.<\/p>\n<p>Al\u00e9m do Chelsea, o <strong>Newcastle tamb\u00e9m demonstrou interesse no atacante formado nas categorias de base do Fluminense<\/strong>. As propostas do clube rival giraram em torno do mesmo valor, mas foram recusadas pelo Brighton.<\/p>\n<p>Jo\u00e3o Pedro chegou ao Brighton em 2023, ap\u00f3s passagem pelo Watford, da segunda divis\u00e3o inglesa. Na ocasi\u00e3o, sua contrata\u00e7\u00e3o custou 34 milh\u00f5es de libras (aproximadamente R$ 255 milh\u00f5es), sendo a maior da hist\u00f3ria do Brighton at\u00e9 ent\u00e3o.<\/p>\n<hr class=\"wp-block-separator has-alpha-channel-opacity\"\/>\n<p>SAIBA MAIS<\/p>\n<p>Inc\u00eandio atinge churrascaria na zona Sul de Ribeir\u00e3o Preto; veja v\u00eddeo<\/p>\n<h4 class=\"wp-block-heading\"><strong>FIQUE ON<\/strong><\/h4>\n<p>Quer ficar por dentro de tudo que acontece em Ribeir\u00e3o Preto e regi\u00e3o? Ent\u00e3o siga os perfis do\u202facidade on\u202fno\u202f<a href=\"https:\/\/www.instagram.com\/acidadeonribeirao\" target=\"_blank\" rel=\"noreferrer noopener\">Instagram<\/a>\u202fe no\u202f<a href=\"https:\/\/www.facebook.com\/acidadeonribeirao\/\" target=\"_blank\" rel=\"noreferrer noopener\">Facebook<\/a>.<\/p>\n<p>Al\u00e9m disso, voc\u00ea pode receber as principais not\u00edcias diretamente no WhatsApp. Para isso, basta\u00a0<a href=\"https:\/\/chat.whatsapp.com\/BjKQZ9oJwlz8VVT50NuePq\" target=\"_blank\" rel=\"noreferrer noopener\">entrar no grupo clicando aqui<\/a>.<\/p>\n<p>Por fim, se quiser fazer uma den\u00fancia ou sugerir uma reportagem sobre Ribeir\u00e3o Preto e regi\u00e3o, envie uma mensagem pelo WhatsApp: (16) 99117-7802.<\/p>\n<p>VEJA TAMB\u00c9M<\/p>\n<p>Orgulho LGBTQIAPN+: conhe\u00e7a a hist\u00f3ria Andr\u00e9a de Mayo<\/p>\n<p><!-- AI CONTENT END 1 -->\n<\/div>\n<\/div>\n<p><script async src=\"\/\/www.instagram.com\/embed.js\"><\/script><br \/>\n<br \/><br \/>\n<br \/><a href=\"https:\/\/www.acidadeon.com\/ribeiraopreto\/esportes\/chelsea-acerta-contratacao-de-atleta-de-ribeirao-preto-antes-de-enfrentar-o-palmeiras\/\">Source link <\/a><\/p>\n<!-- CONTENT END 1 -->\n","protected":false},"excerpt":{"rendered":"<p>O Chelsea anunciou a contrata\u00e7\u00e3o do atacante Jo\u00e3o Pedro, natural de Ribeir\u00e3o Preto, para a disputa do Mundial de Clubes. Com 24 anos e atuando&#8230;<\/p>\n","protected":false},"author":1,"featured_media":73321,"comment_status":"open","ping_status":"open","sticky":false,"template":"","format":"standard","meta":{"advanced_seo_description":"","jetpack_seo_html_title":"","jetpack_seo_noindex":false,"jetpack_post_was_ever_published":false,"_jetpack_newsletter_access":"","_jetpack_dont_email_post_to_subs":false,"_jetpack_newsletter_tier_id":0,"_jetpack_memberships_contains_paywalled_content":false,"_jetpack_memberships_contains_paid_content":false,"footnotes":"","jetpack_publicize_message":"","jetpack_publicize_feature_enabled":true,"jetpack_social_post_already_shared":true,"jetpack_social_options":{"image_generator_settings":{"template":"highway","default_image_id":0,"font":"","enabled":false},"version":2}},"categories":[11],"tags":[],"class_list":["post-73320","post","type-post","status-publish","format-standard","has-post-thumbnail","hentry","category-noticias-de-ribeirao-preto-sp-e-regiao-ismael-colosi"],"jetpack_publicize_connections":[],"jetpack_featured_media_url":"https:\/\/i0.wp.com\/noticiasribeiraopreto.com.br\/wp-content\/uploads\/2025\/06\/Copia-de-Copia-de-Copia-de-TAMANHO-EXATO-PARA-FOTOS-NO-SISTEMA-NOVO-2025-06-29T170834.497_2025-06-29_20-08-44.webp.webp?fit=1200%2C675&ssl=1","jetpack-related-posts":[{"id":73443,"url":"https:\/\/noticiasribeiraopreto.com.br\/index.php\/2025\/07\/02\/chelsea-anuncia-contratacao-de-jogador-de-ribeirao-preto\/","url_meta":{"origin":73320,"position":0},"title":"Chelsea anuncia contrata\u00e7\u00e3o de jogador de Ribeir\u00e3o Preto","author":"noticiasribeiraopreto.com.br","date":"2 de July de 2025","format":false,"excerpt":"O Chelsea oficializou, na manh\u00e3 desta quarta-feira (2), a contrata\u00e7\u00e3o do atacante Jo\u00e3o Pedro, natural de Ribeir\u00e3o Preto. O jogador, de 23 anos, assinou contrato com o clube ingl\u00eas at\u00e9 2033 e j\u00e1 se apresentou ao elenco, que est\u00e1 concentrado nos Estados Unidos para a disputa da Copa do Mundo\u2026","rel":"","context":"In &quot;Not\u00edcias de Ribeir\u00e3o Preto-SP e Regi\u00e3o&quot;","block_context":{"text":"Not\u00edcias de Ribeir\u00e3o Preto-SP e Regi\u00e3o","link":"https:\/\/noticiasribeiraopreto.com.br\/index.php\/category\/noticias-de-ribeirao-preto-sp-e-regiao-ismael-colosi\/"},"img":{"alt_text":"","src":"https:\/\/i0.wp.com\/noticiasribeiraopreto.com.br\/wp-content\/uploads\/2025\/07\/Copia-de-Copia-de-Copia-de-TAMANHO-EXATO-PARA-FOTOS-NO-SISTEMA-NOVO-2025-07-02T153607.709_2025-07-02_18-36-22.webp.webp?fit=1200%2C675&ssl=1&resize=350%2C200","width":350,"height":200,"srcset":"https:\/\/i0.wp.com\/noticiasribeiraopreto.com.br\/wp-content\/uploads\/2025\/07\/Copia-de-Copia-de-Copia-de-TAMANHO-EXATO-PARA-FOTOS-NO-SISTEMA-NOVO-2025-07-02T153607.709_2025-07-02_18-36-22.webp.webp?fit=1200%2C675&ssl=1&resize=350%2C200 1x, https:\/\/i0.wp.com\/noticiasribeiraopreto.com.br\/wp-content\/uploads\/2025\/07\/Copia-de-Copia-de-Copia-de-TAMANHO-EXATO-PARA-FOTOS-NO-SISTEMA-NOVO-2025-07-02T153607.709_2025-07-02_18-36-22.webp.webp?fit=1200%2C675&ssl=1&resize=525%2C300 1.5x, https:\/\/i0.wp.com\/noticiasribeiraopreto.com.br\/wp-content\/uploads\/2025\/07\/Copia-de-Copia-de-Copia-de-TAMANHO-EXATO-PARA-FOTOS-NO-SISTEMA-NOVO-2025-07-02T153607.709_2025-07-02_18-36-22.webp.webp?fit=1200%2C675&ssl=1&resize=700%2C400 2x, https:\/\/i0.wp.com\/noticiasribeiraopreto.com.br\/wp-content\/uploads\/2025\/07\/Copia-de-Copia-de-Copia-de-TAMANHO-EXATO-PARA-FOTOS-NO-SISTEMA-NOVO-2025-07-02T153607.709_2025-07-02_18-36-22.webp.webp?fit=1200%2C675&ssl=1&resize=1050%2C600 3x"},"classes":[]},{"id":73729,"url":"https:\/\/noticiasribeiraopreto.com.br\/index.php\/2025\/07\/08\/de-ribeirao-preto-para-o-mundial-joao-pedro-marca-dois-e-classifica-o-chelsea\/","url_meta":{"origin":73320,"position":1},"title":"De Ribeir\u00e3o Preto para o Mundial: Jo\u00e3o Pedro marca dois e classifica o Chelsea","author":"noticiasribeiraopreto.com.br","date":"8 de July de 2025","format":false,"excerpt":"Jo\u00e3o Pedro, atacante natural de Ribeir\u00e3o Preto, marcou os dois gols da vit\u00f3ria do Chelsea sobre o Fluminense nesta ter\u00e7a-feira (8) e garantiu a vaga do time ingl\u00eas na final do Mundial de Clubes da FIFA. O jogador decidiu o confronto diante do clube que o revelou e protagonizou a\u2026","rel":"","context":"In &quot;Not\u00edcias de Ribeir\u00e3o Preto-SP e Regi\u00e3o&quot;","block_context":{"text":"Not\u00edcias de Ribeir\u00e3o Preto-SP e Regi\u00e3o","link":"https:\/\/noticiasribeiraopreto.com.br\/index.php\/category\/noticias-de-ribeirao-preto-sp-e-regiao-ismael-colosi\/"},"img":{"alt_text":"","src":"https:\/\/i0.wp.com\/noticiasribeiraopreto.com.br\/wp-content\/uploads\/2025\/07\/Copia-de-Copia-de-Copia-de-TAMANHO-EXATO-PARA-FOTOS-NO-SISTEMA-NOVO-2025-07-08T175340.125_2025-07-08_20-53-54.webp.webp?fit=1200%2C675&ssl=1&resize=350%2C200","width":350,"height":200,"srcset":"https:\/\/i0.wp.com\/noticiasribeiraopreto.com.br\/wp-content\/uploads\/2025\/07\/Copia-de-Copia-de-Copia-de-TAMANHO-EXATO-PARA-FOTOS-NO-SISTEMA-NOVO-2025-07-08T175340.125_2025-07-08_20-53-54.webp.webp?fit=1200%2C675&ssl=1&resize=350%2C200 1x, https:\/\/i0.wp.com\/noticiasribeiraopreto.com.br\/wp-content\/uploads\/2025\/07\/Copia-de-Copia-de-Copia-de-TAMANHO-EXATO-PARA-FOTOS-NO-SISTEMA-NOVO-2025-07-08T175340.125_2025-07-08_20-53-54.webp.webp?fit=1200%2C675&ssl=1&resize=525%2C300 1.5x, https:\/\/i0.wp.com\/noticiasribeiraopreto.com.br\/wp-content\/uploads\/2025\/07\/Copia-de-Copia-de-Copia-de-TAMANHO-EXATO-PARA-FOTOS-NO-SISTEMA-NOVO-2025-07-08T175340.125_2025-07-08_20-53-54.webp.webp?fit=1200%2C675&ssl=1&resize=700%2C400 2x, https:\/\/i0.wp.com\/noticiasribeiraopreto.com.br\/wp-content\/uploads\/2025\/07\/Copia-de-Copia-de-Copia-de-TAMANHO-EXATO-PARA-FOTOS-NO-SISTEMA-NOVO-2025-07-08T175340.125_2025-07-08_20-53-54.webp.webp?fit=1200%2C675&ssl=1&resize=1050%2C600 3x"},"classes":[]},{"id":53679,"url":"https:\/\/noticiasribeiraopreto.com.br\/index.php\/2024\/06\/22\/palmeiras-vende-joia-de-franca-para-o-chelsea-veja-os-valores\/","url_meta":{"origin":73320,"position":2},"title":"Palmeiras vende joia de Franca para o Chelsea; Veja os valores","author":"noticiasribeiraopreto.com.br","date":"22 de June de 2024","format":false,"excerpt":"O Palmeiras confirmou na manh\u00e3 deste s\u00e1bado (22) a venda do atacante Est\u00eav\u00e3o, natural de Franca, na regi\u00e3o de Ribeir\u00e3o Preto, para o Chelsea-ING. Segundo o ge, o neg\u00f3cio foi fechado por 61,5 milh\u00f5es de euros (com metas), equivalente a R$ 360 milh\u00f5es na cota\u00e7\u00e3o atual. De acordo com comunicado\u2026","rel":"","context":"In &quot;Not\u00edcias de Ribeir\u00e3o Preto-SP e Regi\u00e3o&quot;","block_context":{"text":"Not\u00edcias de Ribeir\u00e3o Preto-SP e Regi\u00e3o","link":"https:\/\/noticiasribeiraopreto.com.br\/index.php\/category\/noticias-de-ribeirao-preto-sp-e-regiao-ismael-colosi\/"},"img":{"alt_text":"","src":"https:\/\/i0.wp.com\/noticiasribeiraopreto.com.br\/wp-content\/uploads\/2024\/06\/AnyConv.com__estevao_2024-06-22_16-14-09.webp.webp?fit=1200%2C767&ssl=1&resize=350%2C200","width":350,"height":200,"srcset":"https:\/\/i0.wp.com\/noticiasribeiraopreto.com.br\/wp-content\/uploads\/2024\/06\/AnyConv.com__estevao_2024-06-22_16-14-09.webp.webp?fit=1200%2C767&ssl=1&resize=350%2C200 1x, https:\/\/i0.wp.com\/noticiasribeiraopreto.com.br\/wp-content\/uploads\/2024\/06\/AnyConv.com__estevao_2024-06-22_16-14-09.webp.webp?fit=1200%2C767&ssl=1&resize=525%2C300 1.5x, https:\/\/i0.wp.com\/noticiasribeiraopreto.com.br\/wp-content\/uploads\/2024\/06\/AnyConv.com__estevao_2024-06-22_16-14-09.webp.webp?fit=1200%2C767&ssl=1&resize=700%2C400 2x, https:\/\/i0.wp.com\/noticiasribeiraopreto.com.br\/wp-content\/uploads\/2024\/06\/AnyConv.com__estevao_2024-06-22_16-14-09.webp.webp?fit=1200%2C767&ssl=1&resize=1050%2C600 3x"},"classes":[]},{"id":75450,"url":"https:\/\/noticiasribeiraopreto.com.br\/index.php\/2025\/08\/08\/estevao-marca-em-estreia-pelo-chelsea-veja-o-gol\/","url_meta":{"origin":73320,"position":3},"title":"Est\u00eav\u00e3o marca em estreia pelo Chelsea; Veja o gol","author":"noticiasribeiraopreto.com.br","date":"8 de August de 2025","format":false,"excerpt":"O atacante Est\u00eav\u00e3o, natural de Franca, marcou na estreia pelo Chelsea-ING, nesta sexta-feira (8), no est\u00e1dio Stamford Bridge, em Londres \u2013 veja abaixo. O ex-jogador do Palmeiras abriu o placar no amistoso contra o Bayer Leverkusen-ALE. Logo aos 17 minutos de partida, Est\u00eav\u00e3o pegou o rebote no chute de Cole\u2026","rel":"","context":"In &quot;Not\u00edcias de Ribeir\u00e3o Preto-SP e Regi\u00e3o&quot;","block_context":{"text":"Not\u00edcias de Ribeir\u00e3o Preto-SP e Regi\u00e3o","link":"https:\/\/noticiasribeiraopreto.com.br\/index.php\/category\/noticias-de-ribeirao-preto-sp-e-regiao-ismael-colosi\/"},"img":{"alt_text":"","src":"https:\/\/i0.wp.com\/noticiasribeiraopreto.com.br\/wp-content\/uploads\/2025\/08\/estevao-estreia-chelsea_2025-08-08_19-18-12.webp.webp?fit=1200%2C799&ssl=1&resize=350%2C200","width":350,"height":200,"srcset":"https:\/\/i0.wp.com\/noticiasribeiraopreto.com.br\/wp-content\/uploads\/2025\/08\/estevao-estreia-chelsea_2025-08-08_19-18-12.webp.webp?fit=1200%2C799&ssl=1&resize=350%2C200 1x, https:\/\/i0.wp.com\/noticiasribeiraopreto.com.br\/wp-content\/uploads\/2025\/08\/estevao-estreia-chelsea_2025-08-08_19-18-12.webp.webp?fit=1200%2C799&ssl=1&resize=525%2C300 1.5x, https:\/\/i0.wp.com\/noticiasribeiraopreto.com.br\/wp-content\/uploads\/2025\/08\/estevao-estreia-chelsea_2025-08-08_19-18-12.webp.webp?fit=1200%2C799&ssl=1&resize=700%2C400 2x, https:\/\/i0.wp.com\/noticiasribeiraopreto.com.br\/wp-content\/uploads\/2025\/08\/estevao-estreia-chelsea_2025-08-08_19-18-12.webp.webp?fit=1200%2C799&ssl=1&resize=1050%2C600 3x"},"classes":[]},{"id":73982,"url":"https:\/\/noticiasribeiraopreto.com.br\/index.php\/2025\/07\/13\/com-gol-do-ribeirao-pretano-joao-pedro-chelsea-e-campeao-da-copa-do-mundo-de-clubes\/","url_meta":{"origin":73320,"position":4},"title":"Com gol do ribeir\u00e3o-pretano Jo\u00e3o Pedro, Chelsea \u00e9 campe\u00e3o da Copa do Mundo de Clubes","author":"noticiasribeiraopreto.com.br","date":"13 de July de 2025","format":false,"excerpt":"O Chelsea venceu o PSG por 3 a 0 e se tornou o primeiro campe\u00e3o da Copa do Mundo de Clubes. A partida foi realizada no MetLife Stadium, em Nova York-EUA, na tarde deste domingo (13). O atacante ribeir\u00e3o-pretano Jo\u00e3o Pedro foi o autor do terceiro gol da partida. Os\u2026","rel":"","context":"In &quot;Not\u00edcias de Ribeir\u00e3o Preto-SP e Regi\u00e3o&quot;","block_context":{"text":"Not\u00edcias de Ribeir\u00e3o Preto-SP e Regi\u00e3o","link":"https:\/\/noticiasribeiraopreto.com.br\/index.php\/category\/noticias-de-ribeirao-preto-sp-e-regiao-ismael-colosi\/"},"img":{"alt_text":"","src":"https:\/\/i0.wp.com\/noticiasribeiraopreto.com.br\/wp-content\/uploads\/2025\/07\/joao-pedro-2_2025-07-13_20-21-34.webp.webp?fit=797%2C529&ssl=1&resize=350%2C200","width":350,"height":200,"srcset":"https:\/\/i0.wp.com\/noticiasribeiraopreto.com.br\/wp-content\/uploads\/2025\/07\/joao-pedro-2_2025-07-13_20-21-34.webp.webp?fit=797%2C529&ssl=1&resize=350%2C200 1x, https:\/\/i0.wp.com\/noticiasribeiraopreto.com.br\/wp-content\/uploads\/2025\/07\/joao-pedro-2_2025-07-13_20-21-34.webp.webp?fit=797%2C529&ssl=1&resize=525%2C300 1.5x, https:\/\/i0.wp.com\/noticiasribeiraopreto.com.br\/wp-content\/uploads\/2025\/07\/joao-pedro-2_2025-07-13_20-21-34.webp.webp?fit=797%2C529&ssl=1&resize=700%2C400 2x"},"classes":[]},{"id":75226,"url":"https:\/\/noticiasribeiraopreto.com.br\/index.php\/2025\/08\/05\/estevao-e-apresentado-oficialmente-pelo-chelsea-veja-o-video\/","url_meta":{"origin":73320,"position":5},"title":"Est\u00eav\u00e3o \u00e9 apresentado oficialmente pelo Chelsea; Veja o v\u00eddeo","author":"noticiasribeiraopreto.com.br","date":"5 de August de 2025","format":false,"excerpt":"O atacante Est\u00eav\u00e3o foi apresentado pelo Chelsea-ING, nesta ter\u00e7a-feira (5) \u2013 veja o v\u00eddeo abaixo. O jovem atleta de Franca, no interior de S\u00e3o Paulo, foi comprado pelo clube ingl\u00eas junto ao Palmeiras, no ano passado, por 61,5 milh\u00f5es de euros. O jogador chegou ao Chelsea ap\u00f3s a disputa da\u2026","rel":"","context":"In &quot;Not\u00edcias de Ribeir\u00e3o Preto-SP e Regi\u00e3o&quot;","block_context":{"text":"Not\u00edcias de Ribeir\u00e3o Preto-SP e Regi\u00e3o","link":"https:\/\/noticiasribeiraopreto.com.br\/index.php\/category\/noticias-de-ribeirao-preto-sp-e-regiao-ismael-colosi\/"},"img":{"alt_text":"","src":"https:\/\/i0.wp.com\/noticiasribeiraopreto.com.br\/wp-content\/uploads\/2025\/08\/Estevao-chelsea_2025-08-05_20-00-04.webp.webp?fit=1200%2C754&ssl=1&resize=350%2C200","width":350,"height":200,"srcset":"https:\/\/i0.wp.com\/noticiasribeiraopreto.com.br\/wp-content\/uploads\/2025\/08\/Estevao-chelsea_2025-08-05_20-00-04.webp.webp?fit=1200%2C754&ssl=1&resize=350%2C200 1x, https:\/\/i0.wp.com\/noticiasribeiraopreto.com.br\/wp-content\/uploads\/2025\/08\/Estevao-chelsea_2025-08-05_20-00-04.webp.webp?fit=1200%2C754&ssl=1&resize=525%2C300 1.5x, https:\/\/i0.wp.com\/noticiasribeiraopreto.com.br\/wp-content\/uploads\/2025\/08\/Estevao-chelsea_2025-08-05_20-00-04.webp.webp?fit=1200%2C754&ssl=1&resize=700%2C400 2x, https:\/\/i0.wp.com\/noticiasribeiraopreto.com.br\/wp-content\/uploads\/2025\/08\/Estevao-chelsea_2025-08-05_20-00-04.webp.webp?fit=1200%2C754&ssl=1&resize=1050%2C600 3x"},"classes":[]}],"jetpack_sharing_enabled":true,"jetpack_shortlink":"https:\/\/wp.me\/peQAOb-j4A","_links":{"self":[{"href":"https:\/\/noticiasribeiraopreto.com.br\/index.php\/wp-json\/wp\/v2\/posts\/73320","targetHints":{"allow":["GET"]}}],"collection":[{"href":"https:\/\/noticiasribeiraopreto.com.br\/index.php\/wp-json\/wp\/v2\/posts"}],"about":[{"href":"https:\/\/noticiasribeiraopreto.com.br\/index.php\/wp-json\/wp\/v2\/types\/post"}],"author":[{"embeddable":true,"href":"https:\/\/noticiasribeiraopreto.com.br\/index.php\/wp-json\/wp\/v2\/users\/1"}],"replies":[{"embeddable":true,"href":"https:\/\/noticiasribeiraopreto.com.br\/index.php\/wp-json\/wp\/v2\/comments?post=73320"}],"version-history":[{"count":0,"href":"https:\/\/noticiasribeiraopreto.com.br\/index.php\/wp-json\/wp\/v2\/posts\/73320\/revisions"}],"wp:featuredmedia":[{"embeddable":true,"href":"https:\/\/noticiasribeiraopreto.com.br\/index.php\/wp-json\/wp\/v2\/media\/73321"}],"wp:attachment":[{"href":"https:\/\/noticiasribeiraopreto.com.br\/index.php\/wp-json\/wp\/v2\/media?parent=73320"}],"wp:term":[{"taxonomy":"category","embeddable":true,"href":"https:\/\/noticiasribeiraopreto.com.br\/index.php\/wp-json\/wp\/v2\/categories?post=73320"},{"taxonomy":"post_tag","embeddable":true,"href":"https:\/\/noticiasribeiraopreto.com.br\/index.php\/wp-json\/wp\/v2\/tags?post=73320"}],"curies":[{"name":"wp","href":"https:\/\/api.w.org\/{rel}","templated":true}]}}