{"id":73322,"date":"2025-06-29T17:44:22","date_gmt":"2025-06-29T20:44:22","guid":{"rendered":"https:\/\/noticiasribeiraopreto.com.br\/index.php\/2025\/06\/29\/durante-incendio-homem-furta-viatura-do-corpo-de-bombeiros-no-interior-de-sp\/"},"modified":"2025-06-29T17:44:22","modified_gmt":"2025-06-29T20:44:22","slug":"durante-incendio-homem-furta-viatura-do-corpo-de-bombeiros-no-interior-de-sp","status":"publish","type":"post","link":"https:\/\/noticiasribeiraopreto.com.br\/index.php\/2025\/06\/29\/durante-incendio-homem-furta-viatura-do-corpo-de-bombeiros-no-interior-de-sp\/","title":{"rendered":"Durante inc\u00eandio, homem furta viatura do Corpo de Bombeiros no interior de SP"},"content":{"rendered":"<div class='code-block code-block-1' style='margin: 8px 0 8px auto; text-align: right; display: block; clear: both;'>\n<p><a href=\"https:\/\/wa.link\/vpicfd\"><img data-recalc-dims=\"1\" class=\"wp-image-4922\" style=\"aspect-ratio: 2.0253164556962027; width: 561px; height: auto;\" src=\"https:\/\/i0.wp.com\/ismaelcolosi.com.br\/wp-content\/uploads\/2023\/11\/grupo-de-empregos-whatsapp-e-facebook-ismael-colosi-vagas.jpg?ssl=1\" alt=\"\" \/><\/a><\/p>\n<!-- \/wp:image -->\n<\/div>\n<p> <br \/>\n<\/p>\n<div data-td-block-uid=\"tdi_95\">\n<div class=\"tdb-block-inner td-fix-index\">\n<p><strong>Uma casa pegou fogo <\/strong>na noite de s\u00e1bado (28), no bairro Vila \u00c1urea, em <strong>Sert\u00e3ozinho<\/strong>, na regi\u00e3o de Ribeir\u00e3o Preto. O <strong>Corpo de Bombeiros atendeu a ocorr\u00eancia para controlar as chamas<\/strong>, mas, durante o combate ao inc\u00eandio, um <strong>homem furtou a viatura da corpora\u00e7\u00e3o.<\/strong><\/p>\n<p>A<strong> Pol\u00edcia Militar<\/strong> chegou ao local para apoiar a a\u00e7\u00e3o. <strong>A equipe recuperou a viatura pouco depois.<\/strong><\/p>\n<p>De acordo com a PM, <strong>quatro pessoas foram presas. <\/strong>Tr\u00eas sa\u00edram ap\u00f3s o registro da ocorr\u00eancia e uma permaneceu na delegacia, onde segue sob investiga\u00e7\u00e3o da Pol\u00edcia Civil.<\/p>\n<p> As autoridades ainda apuram as causas do inc\u00eandio.<\/p>\n<hr class=\"wp-block-separator has-alpha-channel-opacity\"\/>\n<p>SAIBA MAIS<\/p>\n<p>Inc\u00eandio atinge churrascaria na zona Sul de Ribeir\u00e3o Preto; veja v\u00eddeo<\/p>\n<h4 class=\"wp-block-heading\"><strong>FIQUE ON<\/strong><\/h4>\n<p>Quer ficar por dentro de tudo que acontece em Ribeir\u00e3o Preto e regi\u00e3o? Ent\u00e3o siga os perfis do\u202facidade on\u202fno\u202f<a href=\"https:\/\/www.instagram.com\/acidadeonribeirao\" target=\"_blank\" rel=\"noreferrer noopener\">Instagram<\/a>\u202fe no\u202f<a href=\"https:\/\/www.facebook.com\/acidadeonribeirao\/\" target=\"_blank\" rel=\"noreferrer noopener\">Facebook<\/a>.<\/p>\n<p>Al\u00e9m disso, voc\u00ea pode receber as principais not\u00edcias diretamente no WhatsApp. Para isso, basta\u00a0<a href=\"https:\/\/chat.whatsapp.com\/BjKQZ9oJwlz8VVT50NuePq\" target=\"_blank\" rel=\"noreferrer noopener\">entrar no grupo clicando aqui<\/a>.<\/p>\n<p>Por fim, se quiser fazer uma den\u00fancia ou sugerir uma reportagem sobre Ribeir\u00e3o Preto e regi\u00e3o, envie uma mensagem pelo WhatsApp: (16) 99117-7802.<\/p>\n<p>VEJA TAMB\u00c9M<\/p>\n<p>Orgulho LGBTQIAPN+: conhe\u00e7a a hist\u00f3ria Andr\u00e9a de Mayo<\/p>\n<p><!-- AI CONTENT END 1 -->\n<\/div>\n<\/div>\n<p><script async src=\"\/\/www.instagram.com\/embed.js\"><\/script><br \/>\n<br \/><br \/>\n<br \/><a href=\"https:\/\/www.acidadeon.com\/ribeiraopreto\/cotidiano\/durante-incendio-homem-furta-viatura-do-corpo-de-bombeiros-no-interior-de-sp\/\">Source link <\/a><\/p>\n<!-- CONTENT END 1 -->\n","protected":false},"excerpt":{"rendered":"<p>Uma casa pegou fogo na noite de s\u00e1bado (28), no bairro Vila \u00c1urea, em Sert\u00e3ozinho, na regi\u00e3o de Ribeir\u00e3o Preto. O Corpo de Bombeiros atendeu&#8230;<\/p>\n","protected":false},"author":1,"featured_media":73323,"comment_status":"open","ping_status":"open","sticky":false,"template":"","format":"standard","meta":{"advanced_seo_description":"","jetpack_seo_html_title":"","jetpack_seo_noindex":false,"jetpack_post_was_ever_published":false,"_jetpack_newsletter_access":"","_jetpack_dont_email_post_to_subs":false,"_jetpack_newsletter_tier_id":0,"_jetpack_memberships_contains_paywalled_content":false,"_jetpack_memberships_contains_paid_content":false,"footnotes":"","jetpack_publicize_message":"","jetpack_publicize_feature_enabled":true,"jetpack_social_post_already_shared":true,"jetpack_social_options":{"image_generator_settings":{"template":"highway","default_image_id":0,"font":"","enabled":false},"version":2}},"categories":[11],"tags":[],"class_list":["post-73322","post","type-post","status-publish","format-standard","has-post-thumbnail","hentry","category-noticias-de-ribeirao-preto-sp-e-regiao-ismael-colosi"],"jetpack_publicize_connections":[],"jetpack_featured_media_url":"https:\/\/i0.wp.com\/noticiasribeiraopreto.com.br\/wp-content\/uploads\/2025\/06\/Copia-de-Copia-de-Copia-de-TAMANHO-EXATO-PARA-FOTOS-NO-SISTEMA-NOVO-2025-06-29T155758.257_2025-06-29_19-00-44.webp.webp?fit=1200%2C675&ssl=1","jetpack-related-posts":[{"id":43990,"url":"https:\/\/noticiasribeiraopreto.com.br\/index.php\/2024\/03\/25\/homem-morre-em-incendio-na-regiao\/","url_meta":{"origin":73322,"position":0},"title":"Homem morre em inc\u00eandio na regi\u00e3o","author":"noticiasribeiraopreto.com.br","date":"25 de March de 2024","format":false,"excerpt":"Resid\u00eancia da v\u00edtima foi atingida pelo fogo; al\u00e9m da v\u00edtima fatal, outra pessoa foi socorrida ap\u00f3s inalar fuma\u00e7a 25 de mar\u00e7o de 2024 | 9:1725 de mar\u00e7o de 2024 | 9:29 2 Por: Adalberto Luque Um homem morreu, na noite deste domingo (25), ap\u00f3s um inc\u00eandio atingir sua resid\u00eancia. O\u2026","rel":"","context":"In &quot;Not\u00edcias de Ribeir\u00e3o Preto-SP e Regi\u00e3o&quot;","block_context":{"text":"Not\u00edcias de Ribeir\u00e3o Preto-SP e Regi\u00e3o","link":"https:\/\/noticiasribeiraopreto.com.br\/index.php\/category\/noticias-de-ribeirao-preto-sp-e-regiao-ismael-colosi\/"},"img":{"alt_text":"","src":"https:\/\/i0.wp.com\/noticiasribeiraopreto.com.br\/wp-content\/uploads\/2024\/03\/00-19-mar-2024-incendio-botanico-foto-adalberto-luque-scaled.jpg?fit=860%2C645&ssl=1&resize=350%2C200","width":350,"height":200,"srcset":"https:\/\/i0.wp.com\/noticiasribeiraopreto.com.br\/wp-content\/uploads\/2024\/03\/00-19-mar-2024-incendio-botanico-foto-adalberto-luque-scaled.jpg?fit=860%2C645&ssl=1&resize=350%2C200 1x, https:\/\/i0.wp.com\/noticiasribeiraopreto.com.br\/wp-content\/uploads\/2024\/03\/00-19-mar-2024-incendio-botanico-foto-adalberto-luque-scaled.jpg?fit=860%2C645&ssl=1&resize=525%2C300 1.5x, https:\/\/i0.wp.com\/noticiasribeiraopreto.com.br\/wp-content\/uploads\/2024\/03\/00-19-mar-2024-incendio-botanico-foto-adalberto-luque-scaled.jpg?fit=860%2C645&ssl=1&resize=700%2C400 2x"},"classes":[]},{"id":57483,"url":"https:\/\/noticiasribeiraopreto.com.br\/index.php\/2024\/09\/02\/incendio-atinge-residencia-na-zona-norte-de-ribeirao-preto\/","url_meta":{"origin":73322,"position":1},"title":"Inc\u00eandio atinge resid\u00eancia na zona Norte de Ribeir\u00e3o Preto","author":"noticiasribeiraopreto.com.br","date":"2 de September de 2024","format":false,"excerpt":"Na tarde desta segunda-feira (2), um inc\u00eandio atingiu uma casa na avenida Dom Pedro, na zona Norte de Ribeir\u00e3o Preto. De acordo com a Pol\u00edcia Militar, uma viatura estava passando pr\u00f3ximo ao local e viu a fuma\u00e7a. Os vizinhos informaram que tinha algu\u00e9m na resid\u00eancia, ent\u00e3o a PM precisou invadir\u2026","rel":"","context":"In &quot;Not\u00edcias de Ribeir\u00e3o Preto-SP e Regi\u00e3o&quot;","block_context":{"text":"Not\u00edcias de Ribeir\u00e3o Preto-SP e Regi\u00e3o","link":"https:\/\/noticiasribeiraopreto.com.br\/index.php\/category\/noticias-de-ribeirao-preto-sp-e-regiao-ismael-colosi\/"},"img":{"alt_text":"","src":"https:\/\/i0.wp.com\/noticiasribeiraopreto.com.br\/wp-content\/uploads\/2024\/09\/Imagem-do-WhatsApp-de-2024-09-02-as-15.06.52_1e755bc6_2024-09-02_18-34-15_jpg_2024-09-02_18-34-15.webp.webp?fit=1164%2C899&ssl=1&resize=350%2C200","width":350,"height":200,"srcset":"https:\/\/i0.wp.com\/noticiasribeiraopreto.com.br\/wp-content\/uploads\/2024\/09\/Imagem-do-WhatsApp-de-2024-09-02-as-15.06.52_1e755bc6_2024-09-02_18-34-15_jpg_2024-09-02_18-34-15.webp.webp?fit=1164%2C899&ssl=1&resize=350%2C200 1x, https:\/\/i0.wp.com\/noticiasribeiraopreto.com.br\/wp-content\/uploads\/2024\/09\/Imagem-do-WhatsApp-de-2024-09-02-as-15.06.52_1e755bc6_2024-09-02_18-34-15_jpg_2024-09-02_18-34-15.webp.webp?fit=1164%2C899&ssl=1&resize=525%2C300 1.5x, https:\/\/i0.wp.com\/noticiasribeiraopreto.com.br\/wp-content\/uploads\/2024\/09\/Imagem-do-WhatsApp-de-2024-09-02-as-15.06.52_1e755bc6_2024-09-02_18-34-15_jpg_2024-09-02_18-34-15.webp.webp?fit=1164%2C899&ssl=1&resize=700%2C400 2x, https:\/\/i0.wp.com\/noticiasribeiraopreto.com.br\/wp-content\/uploads\/2024\/09\/Imagem-do-WhatsApp-de-2024-09-02-as-15.06.52_1e755bc6_2024-09-02_18-34-15_jpg_2024-09-02_18-34-15.webp.webp?fit=1164%2C899&ssl=1&resize=1050%2C600 3x"},"classes":[]},{"id":62989,"url":"https:\/\/noticiasribeiraopreto.com.br\/index.php\/2025\/01\/30\/homem-morre-carbonizado-durante-incendio-em-residencia-de-ribeirao-preto\/","url_meta":{"origin":73322,"position":2},"title":"Homem morre carbonizado durante inc\u00eandio em resid\u00eancia de Ribeir\u00e3o Preto","author":"noticiasribeiraopreto.com.br","date":"30 de January de 2025","format":false,"excerpt":"Um homem morreu carbonizado ap\u00f3s um inc\u00eandio em uma resid\u00eancia na avenida Manoel Ant\u00f4nio Dias, no bairro Parque Ribeir\u00e3o, zona Oeste de Ribeir\u00e3o Preto, na madrugada desta quinta-feira (30). De acordo com o boletim de ocorr\u00eancia (BO), os tr\u00eas moradores do im\u00f3vel estavam dormindo quando as chamas come\u00e7aram. Devido a\u2026","rel":"","context":"In &quot;Not\u00edcias de Ribeir\u00e3o Preto-SP e Regi\u00e3o&quot;","block_context":{"text":"Not\u00edcias de Ribeir\u00e3o Preto-SP e Regi\u00e3o","link":"https:\/\/noticiasribeiraopreto.com.br\/index.php\/category\/noticias-de-ribeirao-preto-sp-e-regiao-ismael-colosi\/"},"img":{"alt_text":"","src":"https:\/\/i0.wp.com\/noticiasribeiraopreto.com.br\/wp-content\/uploads\/2025\/01\/Copia-de-Copia-de-Copia-de-TAMANHO-EXATO-PARA-FOTOS-NO-SISTEMA-NOVO-2025-01-30T111417.929_2025-01-30_14-14-26_png_2025-01-30_14-14-26.webp.webp?fit=1200%2C675&ssl=1&resize=350%2C200","width":350,"height":200,"srcset":"https:\/\/i0.wp.com\/noticiasribeiraopreto.com.br\/wp-content\/uploads\/2025\/01\/Copia-de-Copia-de-Copia-de-TAMANHO-EXATO-PARA-FOTOS-NO-SISTEMA-NOVO-2025-01-30T111417.929_2025-01-30_14-14-26_png_2025-01-30_14-14-26.webp.webp?fit=1200%2C675&ssl=1&resize=350%2C200 1x, https:\/\/i0.wp.com\/noticiasribeiraopreto.com.br\/wp-content\/uploads\/2025\/01\/Copia-de-Copia-de-Copia-de-TAMANHO-EXATO-PARA-FOTOS-NO-SISTEMA-NOVO-2025-01-30T111417.929_2025-01-30_14-14-26_png_2025-01-30_14-14-26.webp.webp?fit=1200%2C675&ssl=1&resize=525%2C300 1.5x, https:\/\/i0.wp.com\/noticiasribeiraopreto.com.br\/wp-content\/uploads\/2025\/01\/Copia-de-Copia-de-Copia-de-TAMANHO-EXATO-PARA-FOTOS-NO-SISTEMA-NOVO-2025-01-30T111417.929_2025-01-30_14-14-26_png_2025-01-30_14-14-26.webp.webp?fit=1200%2C675&ssl=1&resize=700%2C400 2x, https:\/\/i0.wp.com\/noticiasribeiraopreto.com.br\/wp-content\/uploads\/2025\/01\/Copia-de-Copia-de-Copia-de-TAMANHO-EXATO-PARA-FOTOS-NO-SISTEMA-NOVO-2025-01-30T111417.929_2025-01-30_14-14-26_png_2025-01-30_14-14-26.webp.webp?fit=1200%2C675&ssl=1&resize=1050%2C600 3x"},"classes":[]},{"id":62993,"url":"https:\/\/noticiasribeiraopreto.com.br\/index.php\/2025\/01\/30\/homem-morre-durante-incendio-em-residencia-de-ribeirao-preto\/","url_meta":{"origin":73322,"position":3},"title":"Homem morre durante inc\u00eandio em resid\u00eancia de Ribeir\u00e3o Preto","author":"noticiasribeiraopreto.com.br","date":"30 de January de 2025","format":false,"excerpt":"Um homem morreu carbonizado ap\u00f3s um inc\u00eandio em uma resid\u00eancia na avenida Manoel Ant\u00f4nio Dias, no bairro Parque Ribeir\u00e3o, zona Oeste de Ribeir\u00e3o Preto, na madrugada desta quinta-feira (30). De acordo com o boletim de ocorr\u00eancia (BO), os tr\u00eas moradores do im\u00f3vel estavam dormindo quando as chamas come\u00e7aram. Devido a\u2026","rel":"","context":"In &quot;Not\u00edcias de Ribeir\u00e3o Preto-SP e Regi\u00e3o&quot;","block_context":{"text":"Not\u00edcias de Ribeir\u00e3o Preto-SP e Regi\u00e3o","link":"https:\/\/noticiasribeiraopreto.com.br\/index.php\/category\/noticias-de-ribeirao-preto-sp-e-regiao-ismael-colosi\/"},"img":{"alt_text":"","src":"https:\/\/i0.wp.com\/noticiasribeiraopreto.com.br\/wp-content\/uploads\/2025\/01\/Copia-de-Copia-de-Copia-de-TAMANHO-EXATO-PARA-FOTOS-NO-SISTEMA-NOVO-2025-01-30T111417.929_2025-01-30_14-14-26_png_2025-01-30_14-14-26.webp.webp?fit=1200%2C675&ssl=1&resize=350%2C200","width":350,"height":200,"srcset":"https:\/\/i0.wp.com\/noticiasribeiraopreto.com.br\/wp-content\/uploads\/2025\/01\/Copia-de-Copia-de-Copia-de-TAMANHO-EXATO-PARA-FOTOS-NO-SISTEMA-NOVO-2025-01-30T111417.929_2025-01-30_14-14-26_png_2025-01-30_14-14-26.webp.webp?fit=1200%2C675&ssl=1&resize=350%2C200 1x, https:\/\/i0.wp.com\/noticiasribeiraopreto.com.br\/wp-content\/uploads\/2025\/01\/Copia-de-Copia-de-Copia-de-TAMANHO-EXATO-PARA-FOTOS-NO-SISTEMA-NOVO-2025-01-30T111417.929_2025-01-30_14-14-26_png_2025-01-30_14-14-26.webp.webp?fit=1200%2C675&ssl=1&resize=525%2C300 1.5x, https:\/\/i0.wp.com\/noticiasribeiraopreto.com.br\/wp-content\/uploads\/2025\/01\/Copia-de-Copia-de-Copia-de-TAMANHO-EXATO-PARA-FOTOS-NO-SISTEMA-NOVO-2025-01-30T111417.929_2025-01-30_14-14-26_png_2025-01-30_14-14-26.webp.webp?fit=1200%2C675&ssl=1&resize=700%2C400 2x, https:\/\/i0.wp.com\/noticiasribeiraopreto.com.br\/wp-content\/uploads\/2025\/01\/Copia-de-Copia-de-Copia-de-TAMANHO-EXATO-PARA-FOTOS-NO-SISTEMA-NOVO-2025-01-30T111417.929_2025-01-30_14-14-26_png_2025-01-30_14-14-26.webp.webp?fit=1200%2C675&ssl=1&resize=1050%2C600 3x"},"classes":[]},{"id":83958,"url":"https:\/\/noticiasribeiraopreto.com.br\/index.php\/2026\/03\/30\/video-incendio-atinge-salgaderia-no-centro\/","url_meta":{"origin":73322,"position":4},"title":"V\u00cdDEO &#8211; Inc\u00eandio atinge salgaderia no Centro","author":"noticiasribeiraopreto.com.br","date":"30 de March de 2026","format":false,"excerpt":"\r \r \r Fogo teria come\u00e7ado na coifa da cozinha e tr\u00eas viaturas do Corpo de Bombeiros trabalharam para extinguir chamas\r \r 30 de mar\u00e7o de 2026 09:1230 de mar\u00e7o de 2026 09:13 \r Compartilhar2 \r Por: Adalberto Luque Um inc\u00eandio atingiu uma unidade da tradicional Salgadinhos Alzira, na noite\u2026","rel":"","context":"In &quot;Not\u00edcias de Ribeir\u00e3o Preto-SP e Regi\u00e3o&quot;","block_context":{"text":"Not\u00edcias de Ribeir\u00e3o Preto-SP e Regi\u00e3o","link":"https:\/\/noticiasribeiraopreto.com.br\/index.php\/category\/noticias-de-ribeirao-preto-sp-e-regiao-ismael-colosi\/"},"img":{"alt_text":"","src":"https:\/\/i0.wp.com\/noticiasribeiraopreto.com.br\/wp-content\/uploads\/2026\/03\/30-mar-2026-incendiosalgados4.jpg?fit=861%2C780&ssl=1&resize=350%2C200","width":350,"height":200,"srcset":"https:\/\/i0.wp.com\/noticiasribeiraopreto.com.br\/wp-content\/uploads\/2026\/03\/30-mar-2026-incendiosalgados4.jpg?fit=861%2C780&ssl=1&resize=350%2C200 1x, https:\/\/i0.wp.com\/noticiasribeiraopreto.com.br\/wp-content\/uploads\/2026\/03\/30-mar-2026-incendiosalgados4.jpg?fit=861%2C780&ssl=1&resize=525%2C300 1.5x, https:\/\/i0.wp.com\/noticiasribeiraopreto.com.br\/wp-content\/uploads\/2026\/03\/30-mar-2026-incendiosalgados4.jpg?fit=861%2C780&ssl=1&resize=700%2C400 2x"},"classes":[]},{"id":57565,"url":"https:\/\/noticiasribeiraopreto.com.br\/index.php\/2024\/09\/04\/homem-e-preso-por-incendio-criminoso-em-mata-na-regiao-de-ribeirao-preto\/","url_meta":{"origin":73322,"position":5},"title":"Homem \u00e9 preso por inc\u00eandio criminoso em mata na regi\u00e3o de Ribeir\u00e3o Preto","author":"noticiasribeiraopreto.com.br","date":"4 de September de 2024","format":false,"excerpt":"Um homem de 50 anos foi preso nesta ter\u00e7a-feira (3) suspeito de atear fogo em uma mata de Batatais, cidade a aproximadamente 40 quil\u00f4metros de Ribeir\u00e3o Preto. A Secretaria da Seguran\u00e7a P\u00fablica de S\u00e3o Paulo (SSP-SP) havia informado no domingo (1\u00ba) que, at\u00e9 ent\u00e3o, tinha registrado 11 pris\u00f5es de suspeitos\u2026","rel":"","context":"In &quot;Not\u00edcias de Ribeir\u00e3o Preto-SP e Regi\u00e3o&quot;","block_context":{"text":"Not\u00edcias de Ribeir\u00e3o Preto-SP e Regi\u00e3o","link":"https:\/\/noticiasribeiraopreto.com.br\/index.php\/category\/noticias-de-ribeirao-preto-sp-e-regiao-ismael-colosi\/"},"img":{"alt_text":"","src":"https:\/\/i0.wp.com\/noticiasribeiraopreto.com.br\/wp-content\/uploads\/2024\/09\/WhatsApp-Image-2024-09-04-at-10.35.30_2024-09-04_13-39-17_jpeg_2024-09-04_13-39-17.webp.webp?fit=1200%2C952&ssl=1&resize=350%2C200","width":350,"height":200,"srcset":"https:\/\/i0.wp.com\/noticiasribeiraopreto.com.br\/wp-content\/uploads\/2024\/09\/WhatsApp-Image-2024-09-04-at-10.35.30_2024-09-04_13-39-17_jpeg_2024-09-04_13-39-17.webp.webp?fit=1200%2C952&ssl=1&resize=350%2C200 1x, https:\/\/i0.wp.com\/noticiasribeiraopreto.com.br\/wp-content\/uploads\/2024\/09\/WhatsApp-Image-2024-09-04-at-10.35.30_2024-09-04_13-39-17_jpeg_2024-09-04_13-39-17.webp.webp?fit=1200%2C952&ssl=1&resize=525%2C300 1.5x, https:\/\/i0.wp.com\/noticiasribeiraopreto.com.br\/wp-content\/uploads\/2024\/09\/WhatsApp-Image-2024-09-04-at-10.35.30_2024-09-04_13-39-17_jpeg_2024-09-04_13-39-17.webp.webp?fit=1200%2C952&ssl=1&resize=700%2C400 2x, https:\/\/i0.wp.com\/noticiasribeiraopreto.com.br\/wp-content\/uploads\/2024\/09\/WhatsApp-Image-2024-09-04-at-10.35.30_2024-09-04_13-39-17_jpeg_2024-09-04_13-39-17.webp.webp?fit=1200%2C952&ssl=1&resize=1050%2C600 3x"},"classes":[]}],"jetpack_sharing_enabled":true,"jetpack_shortlink":"https:\/\/wp.me\/peQAOb-j4C","_links":{"self":[{"href":"https:\/\/noticiasribeiraopreto.com.br\/index.php\/wp-json\/wp\/v2\/posts\/73322","targetHints":{"allow":["GET"]}}],"collection":[{"href":"https:\/\/noticiasribeiraopreto.com.br\/index.php\/wp-json\/wp\/v2\/posts"}],"about":[{"href":"https:\/\/noticiasribeiraopreto.com.br\/index.php\/wp-json\/wp\/v2\/types\/post"}],"author":[{"embeddable":true,"href":"https:\/\/noticiasribeiraopreto.com.br\/index.php\/wp-json\/wp\/v2\/users\/1"}],"replies":[{"embeddable":true,"href":"https:\/\/noticiasribeiraopreto.com.br\/index.php\/wp-json\/wp\/v2\/comments?post=73322"}],"version-history":[{"count":0,"href":"https:\/\/noticiasribeiraopreto.com.br\/index.php\/wp-json\/wp\/v2\/posts\/73322\/revisions"}],"wp:featuredmedia":[{"embeddable":true,"href":"https:\/\/noticiasribeiraopreto.com.br\/index.php\/wp-json\/wp\/v2\/media\/73323"}],"wp:attachment":[{"href":"https:\/\/noticiasribeiraopreto.com.br\/index.php\/wp-json\/wp\/v2\/media?parent=73322"}],"wp:term":[{"taxonomy":"category","embeddable":true,"href":"https:\/\/noticiasribeiraopreto.com.br\/index.php\/wp-json\/wp\/v2\/categories?post=73322"},{"taxonomy":"post_tag","embeddable":true,"href":"https:\/\/noticiasribeiraopreto.com.br\/index.php\/wp-json\/wp\/v2\/tags?post=73322"}],"curies":[{"name":"wp","href":"https:\/\/api.w.org\/{rel}","templated":true}]}}