{"id":73324,"date":"2025-06-29T20:42:21","date_gmt":"2025-06-29T23:42:21","guid":{"rendered":"https:\/\/noticiasribeiraopreto.com.br\/index.php\/2025\/06\/29\/com-chegada-de-massa-polar-inmet-emite-alerta-de-onda-de-frio\/"},"modified":"2025-06-29T20:42:21","modified_gmt":"2025-06-29T23:42:21","slug":"com-chegada-de-massa-polar-inmet-emite-alerta-de-onda-de-frio","status":"publish","type":"post","link":"https:\/\/noticiasribeiraopreto.com.br\/index.php\/2025\/06\/29\/com-chegada-de-massa-polar-inmet-emite-alerta-de-onda-de-frio\/","title":{"rendered":"Com chegada de massa polar, Inmet emite alerta de onda de frio"},"content":{"rendered":"<div class='code-block code-block-1' style='margin: 8px 0 8px auto; text-align: right; display: block; clear: both;'>\n<p><a href=\"https:\/\/wa.link\/vpicfd\"><img data-recalc-dims=\"1\" class=\"wp-image-4922\" style=\"aspect-ratio: 2.0253164556962027; width: 561px; height: auto;\" src=\"https:\/\/i0.wp.com\/ismaelcolosi.com.br\/wp-content\/uploads\/2023\/11\/grupo-de-empregos-whatsapp-e-facebook-ismael-colosi-vagas.jpg?ssl=1\" alt=\"\" \/><\/a><\/p>\n<!-- \/wp:image -->\n<\/div>\n<p> <br \/>\n<\/p>\n<div>\n<p>O <strong><a href=\"https:\/\/alertas2.inmet.gov.br\/50912\">Instituto Nacional de Meteorologia (Inmet)<\/a><\/strong> divulgou <strong>dois alertas de n\u00edvel laranja neste domingo (29)<\/strong>. O primeiro se refere aos ventos costeiros no litoral do Sul do pa\u00eds. O segundo alerta <strong>indica uma onda de frio com decl\u00ednio de temperatura em sete estados<\/strong>, incluindo <strong>S\u00e3o Paulo<\/strong>. <\/p>\n<p><strong>O alerta de onda de frio prev\u00ea uma queda de mais de 5\u202f\u00b0C<\/strong> em estados das regi\u00f5es <strong>Sul<\/strong>, <strong>Sudeste <\/strong>e C<strong>entro-Oeste<\/strong>. As temperaturas devem cair no Paran\u00e1, Rio Grande do Sul, Santa Catarina, Mato Grosso do Sul, Mato Grosso, Rond\u00f4nia e <strong>S\u00e3o Paulo. <\/strong><\/p>\n<p>O aviso atinge \u00e1reas da Grande Florian\u00f3polis, Sul Catarinense, Vale do Itaja\u00ed, Regi\u00e3o Metropolitana de Porto Alegre, Sudeste Rio-Grandense e Nordeste Rio-Grandense. De acordo com o Inmet, a movimenta\u00e7\u00e3o das dunas pode causar transtornos nas \u00e1reas litor\u00e2neas dessas regi\u00f5es.<\/p>\n<h3 class=\"wp-block-heading\"><strong>Previs\u00e3o de chuva e instabilidades<\/strong><\/h3>\n<p>O Inmet tamb\u00e9m prev\u00ea chuvas intensas no Sul do pa\u00eds. Um novo sistema frontal contribui para o aumento das instabilidades, especialmente no Rio Grande do Sul e em Santa Catarina. Os volumes de chuva podem ultrapassar os 100 mil\u00edmetros em algumas \u00e1reas.<\/p>\n<p>Al\u00e9m disso, rajadas de vento e incid\u00eancia de raios devem ocorrer em diferentes pontos. No fim do dia, as instabilidades mais fortes tendem a se concentrar em Santa Catarina e no Paran\u00e1, com possibilidade de avan\u00e7o para o sul do Mato Grosso do Sul.<\/p>\n<p>Na segunda (30), as chuvas devem perder for\u00e7a no Rio Grande do Sul, mas ainda atingem \u00e1reas localizadas do Paran\u00e1, de Santa Catarina, sul de S\u00e3o Paulo e do Mato Grosso do Sul. A previs\u00e3o indica que novas instabilidades podem retornar ao Rio Grande do Sul entre ter\u00e7a-feira (1\u00ba) e quarta-feira (2).<\/p>\n<hr class=\"wp-block-separator has-alpha-channel-opacity\"\/>\n<p>SAIBA MAIS<\/p>\n<p>Inc\u00eandio atinge churrascaria na zona Sul de Ribeir\u00e3o Preto; veja v\u00eddeo<\/p>\n<h4 class=\"wp-block-heading\"><strong>FIQUE ON<\/strong><\/h4>\n<p>Quer ficar por dentro de tudo que acontece em Ribeir\u00e3o Preto e regi\u00e3o? Ent\u00e3o siga os perfis do\u202facidade on\u202fno\u202f<a href=\"https:\/\/www.instagram.com\/acidadeonribeirao\" target=\"_blank\" rel=\"noreferrer noopener\">Instagram<\/a>\u202fe no\u202f<a href=\"https:\/\/www.facebook.com\/acidadeonribeirao\/\" target=\"_blank\" rel=\"noreferrer noopener\">Facebook<\/a>.<\/p>\n<p>Al\u00e9m disso, voc\u00ea pode receber as principais not\u00edcias diretamente no WhatsApp. Para isso, basta\u00a0<a href=\"https:\/\/chat.whatsapp.com\/BjKQZ9oJwlz8VVT50NuePq\" target=\"_blank\" rel=\"noreferrer noopener\">entrar no grupo clicando aqui<\/a>.<\/p>\n<p>Por fim, se quiser fazer uma den\u00fancia ou sugerir uma reportagem sobre Ribeir\u00e3o Preto e regi\u00e3o, envie uma mensagem pelo WhatsApp: (16) 99117-7802.<\/p>\n<p>VEJA TAMB\u00c9M<\/p>\n<p>Orgulho LGBTQIAPN+: conhe\u00e7a a hist\u00f3ria Andr\u00e9a de Mayo<\/p>\n<p><!-- AI CONTENT END 1 -->\n<\/div>\n<p><script async src=\"\/\/www.instagram.com\/embed.js\"><\/script><br \/>\n<br \/><br \/>\n<br \/><a href=\"https:\/\/www.acidadeon.com\/ribeiraopreto\/cotidiano\/com-chegada-de-massa-polar-inmet-emite-alerta-de-onda-de-frio\/\">Source link <\/a><\/p>\n<!-- CONTENT END 1 -->\n","protected":false},"excerpt":{"rendered":"<p>O Instituto Nacional de Meteorologia (Inmet) divulgou dois alertas de n\u00edvel laranja neste domingo (29). O primeiro se refere aos ventos costeiros no litoral do&#8230;<\/p>\n","protected":false},"author":1,"featured_media":73325,"comment_status":"open","ping_status":"open","sticky":false,"template":"","format":"standard","meta":{"advanced_seo_description":"","jetpack_seo_html_title":"","jetpack_seo_noindex":false,"jetpack_post_was_ever_published":false,"_jetpack_newsletter_access":"","_jetpack_dont_email_post_to_subs":false,"_jetpack_newsletter_tier_id":0,"_jetpack_memberships_contains_paywalled_content":false,"_jetpack_memberships_contains_paid_content":false,"footnotes":"","jetpack_publicize_message":"","jetpack_publicize_feature_enabled":true,"jetpack_social_post_already_shared":true,"jetpack_social_options":{"image_generator_settings":{"template":"highway","default_image_id":0,"font":"","enabled":false},"version":2}},"categories":[11],"tags":[],"class_list":["post-73324","post","type-post","status-publish","format-standard","has-post-thumbnail","hentry","category-noticias-de-ribeirao-preto-sp-e-regiao-ismael-colosi"],"jetpack_publicize_connections":[],"jetpack_featured_media_url":"https:\/\/i0.wp.com\/noticiasribeiraopreto.com.br\/wp-content\/uploads\/2025\/06\/Copia-de-Copia-de-Copia-de-TAMANHO-EXATO-PARA-FOTOS-NO-SISTEMA-NOVO-2025-06-29T174710.014_2025-06-29_20-47-45.webp.webp?fit=1200%2C675&ssl=1","jetpack-related-posts":[{"id":75362,"url":"https:\/\/noticiasribeiraopreto.com.br\/index.php\/2025\/08\/07\/nova-onda-de-frio-se-aproxima-com-previsao-de-geada-veja-quando-chega\/","url_meta":{"origin":73324,"position":0},"title":"Nova onda de frio se aproxima com previs\u00e3o de geada; veja quando chega","author":"noticiasribeiraopreto.com.br","date":"7 de August de 2025","format":false,"excerpt":"A 5\u00aa onda de frio dever\u00e1 atingir parte do pa\u00eds a partir de sexta-feira (8) at\u00e9 a pr\u00f3xima quarta-feira (13). Existe a previs\u00e3o de geada em algumas regi\u00f5es do interior de S\u00e3o Paulo. Segundo a Climatempo, oito estados, incluindo todo o territ\u00f3rio paulista, tem previs\u00e3o de temperaturas 5\u202f\u00b0C ou mais\u2026","rel":"","context":"In &quot;Not\u00edcias de Ribeir\u00e3o Preto-SP e Regi\u00e3o&quot;","block_context":{"text":"Not\u00edcias de Ribeir\u00e3o Preto-SP e Regi\u00e3o","link":"https:\/\/noticiasribeiraopreto.com.br\/index.php\/category\/noticias-de-ribeirao-preto-sp-e-regiao-ismael-colosi\/"},"img":{"alt_text":"","src":"https:\/\/i0.wp.com\/noticiasribeiraopreto.com.br\/wp-content\/uploads\/2025\/06\/AnyConv.com__frio.webp.webp?fit=1200%2C800&ssl=1&resize=350%2C200","width":350,"height":200,"srcset":"https:\/\/i0.wp.com\/noticiasribeiraopreto.com.br\/wp-content\/uploads\/2025\/06\/AnyConv.com__frio.webp.webp?fit=1200%2C800&ssl=1&resize=350%2C200 1x, https:\/\/i0.wp.com\/noticiasribeiraopreto.com.br\/wp-content\/uploads\/2025\/06\/AnyConv.com__frio.webp.webp?fit=1200%2C800&ssl=1&resize=525%2C300 1.5x, https:\/\/i0.wp.com\/noticiasribeiraopreto.com.br\/wp-content\/uploads\/2025\/06\/AnyConv.com__frio.webp.webp?fit=1200%2C800&ssl=1&resize=700%2C400 2x, https:\/\/i0.wp.com\/noticiasribeiraopreto.com.br\/wp-content\/uploads\/2025\/06\/AnyConv.com__frio.webp.webp?fit=1200%2C800&ssl=1&resize=1050%2C600 3x"},"classes":[]},{"id":70162,"url":"https:\/\/noticiasribeiraopreto.com.br\/index.php\/2025\/05\/23\/veja-o-que-se-sabe-sobre-a-primeira-onda-de-frio-de-2025-que-promete-temperaturas-abaixo-de-0c\/","url_meta":{"origin":73324,"position":1},"title":"Veja o que se sabe sobre a primeira onda de frio de 2025, que promete temperaturas abaixo de 0\u00b0C","author":"noticiasribeiraopreto.com.br","date":"23 de May de 2025","format":false,"excerpt":"A primeira onda de frio de 2025 est\u00e1 prevista para ter in\u00edcio na pr\u00f3xima semana e as simula\u00e7\u00f5es em supercomputadores\u00a0indicam potencial para avan\u00e7ar com for\u00e7a sobre o Brasil. Segundo a Climatempo, al\u00e9m da regi\u00e3o Sul, grande parte do Sudeste, Centro-Oeste at\u00e9 Rond\u00f4nia, Acre e o Sul do Amazonas poder\u00e3o sentir\u2026","rel":"","context":"In &quot;Not\u00edcias de Ribeir\u00e3o Preto-SP e Regi\u00e3o&quot;","block_context":{"text":"Not\u00edcias de Ribeir\u00e3o Preto-SP e Regi\u00e3o","link":"https:\/\/noticiasribeiraopreto.com.br\/index.php\/category\/noticias-de-ribeirao-preto-sp-e-regiao-ismael-colosi\/"},"img":{"alt_text":"","src":"https:\/\/i0.wp.com\/noticiasribeiraopreto.com.br\/wp-content\/uploads\/2025\/05\/frio_luva_1200x675_16042022092951.jpg?fit=1200%2C675&ssl=1&resize=350%2C200","width":350,"height":200,"srcset":"https:\/\/i0.wp.com\/noticiasribeiraopreto.com.br\/wp-content\/uploads\/2025\/05\/frio_luva_1200x675_16042022092951.jpg?fit=1200%2C675&ssl=1&resize=350%2C200 1x, https:\/\/i0.wp.com\/noticiasribeiraopreto.com.br\/wp-content\/uploads\/2025\/05\/frio_luva_1200x675_16042022092951.jpg?fit=1200%2C675&ssl=1&resize=525%2C300 1.5x, https:\/\/i0.wp.com\/noticiasribeiraopreto.com.br\/wp-content\/uploads\/2025\/05\/frio_luva_1200x675_16042022092951.jpg?fit=1200%2C675&ssl=1&resize=700%2C400 2x, https:\/\/i0.wp.com\/noticiasribeiraopreto.com.br\/wp-content\/uploads\/2025\/05\/frio_luva_1200x675_16042022092951.jpg?fit=1200%2C675&ssl=1&resize=1050%2C600 3x"},"classes":[]},{"id":70577,"url":"https:\/\/noticiasribeiraopreto.com.br\/index.php\/2025\/05\/28\/jornal-da-franca-inmet-emite-alerta-de-perigo-para-queda-de-temperatura-que-abrange-franca-e-regiao\/","url_meta":{"origin":73324,"position":2},"title":"Jornal da Franca &#8211; Inmet emite alerta de perigo para queda de temperatura que abrange Franca e regi\u00e3o","author":"noticiasribeiraopreto.com.br","date":"28 de May de 2025","format":false,"excerpt":"compartilhar no whatsapp compartilhar no telegram compartilhar no facebook compartilhar no linkedin De acordo com o Instituto, alerta tem in\u00edcio entre esta quarta-feira, dia 28, e quinta-feira, 29, dependendo da localidade INMET publica aviso iniciando em 29\/05\/2025 00:01. Risco \u00e0 sa\u00fade. Decl\u00ednio maior que 5\u00baC. O Instituto Nacional de Meteorologia\u2026","rel":"","context":"In &quot;Not\u00edcias de Franca-SP&quot;","block_context":{"text":"Not\u00edcias de Franca-SP","link":"https:\/\/noticiasribeiraopreto.com.br\/index.php\/category\/noticias-de-ribeirao-preto-sp-e-regiao-ismael-colosi\/noticias-franca-sp\/"},"img":{"alt_text":"","src":"https:\/\/i0.wp.com\/noticiasribeiraopreto.com.br\/wp-content\/uploads\/2025\/05\/essa-29.jpg?fit=1170%2C681&ssl=1&resize=350%2C200","width":350,"height":200,"srcset":"https:\/\/i0.wp.com\/noticiasribeiraopreto.com.br\/wp-content\/uploads\/2025\/05\/essa-29.jpg?fit=1170%2C681&ssl=1&resize=350%2C200 1x, https:\/\/i0.wp.com\/noticiasribeiraopreto.com.br\/wp-content\/uploads\/2025\/05\/essa-29.jpg?fit=1170%2C681&ssl=1&resize=525%2C300 1.5x, https:\/\/i0.wp.com\/noticiasribeiraopreto.com.br\/wp-content\/uploads\/2025\/05\/essa-29.jpg?fit=1170%2C681&ssl=1&resize=700%2C400 2x, https:\/\/i0.wp.com\/noticiasribeiraopreto.com.br\/wp-content\/uploads\/2025\/05\/essa-29.jpg?fit=1170%2C681&ssl=1&resize=1050%2C600 3x"},"classes":[]},{"id":63812,"url":"https:\/\/noticiasribeiraopreto.com.br\/index.php\/2025\/02\/22\/interior-de-sp-esta-em-alerta-para-chuva-intensas-veja-cidades-afetadas\/","url_meta":{"origin":73324,"position":3},"title":"Interior de SP est\u00e1 em alerta para chuva intensas; Veja cidades afetadas","author":"noticiasribeiraopreto.com.br","date":"22 de February de 2025","format":false,"excerpt":"Um sistema meteorol\u00f3gico estacionado pr\u00f3ximo \u00e0 costa do Sudeste mant\u00e9m as condi\u00e7\u00f5es para chuvas volumosas, temporais, raios e rajadas de vento em S\u00e3o Paulo, inclusive no interior de S\u00e3o Paulo. Por conta desse cen\u00e1rio, o Inmet (Instituto Nacional de Meteorologia) emitiu, neste s\u00e1bado (22) um novo alerta de perigo potencial\u2026","rel":"","context":"In &quot;Not\u00edcias de Ribeir\u00e3o Preto-SP e Regi\u00e3o&quot;","block_context":{"text":"Not\u00edcias de Ribeir\u00e3o Preto-SP e Regi\u00e3o","link":"https:\/\/noticiasribeiraopreto.com.br\/index.php\/category\/noticias-de-ribeirao-preto-sp-e-regiao-ismael-colosi\/"},"img":{"alt_text":"","src":"https:\/\/i0.wp.com\/noticiasribeiraopreto.com.br\/wp-content\/uploads\/2024\/11\/chuva_sexta_06_2024-11-29_16-33-16.webp.webp?fit=1024%2C768&ssl=1&resize=350%2C200","width":350,"height":200,"srcset":"https:\/\/i0.wp.com\/noticiasribeiraopreto.com.br\/wp-content\/uploads\/2024\/11\/chuva_sexta_06_2024-11-29_16-33-16.webp.webp?fit=1024%2C768&ssl=1&resize=350%2C200 1x, https:\/\/i0.wp.com\/noticiasribeiraopreto.com.br\/wp-content\/uploads\/2024\/11\/chuva_sexta_06_2024-11-29_16-33-16.webp.webp?fit=1024%2C768&ssl=1&resize=525%2C300 1.5x, https:\/\/i0.wp.com\/noticiasribeiraopreto.com.br\/wp-content\/uploads\/2024\/11\/chuva_sexta_06_2024-11-29_16-33-16.webp.webp?fit=1024%2C768&ssl=1&resize=700%2C400 2x"},"classes":[]},{"id":77395,"url":"https:\/\/noticiasribeiraopreto.com.br\/index.php\/2025\/09\/17\/onda-de-calor-atinge-sp-mas-frente-fria-tem-data-para-chegar-saiba-quando\/","url_meta":{"origin":73324,"position":4},"title":"Onda de calor atinge SP, mas frente fria tem data para chegar; Saiba quando","author":"noticiasribeiraopreto.com.br","date":"17 de September de 2025","format":false,"excerpt":"Uma nova onda de calor come\u00e7a nesta quinta-feira (18) e deve manter as temperaturas elevadas at\u00e9 a pr\u00f3xima segunda-feira (22). No entanto, esse calor intenso pode estar com os dias contados, j\u00e1 que uma forte massa de ar frio deve avan\u00e7ar sobre a regi\u00e3o. frente fria De acordo com o\u2026","rel":"","context":"In &quot;Not\u00edcias de Ribeir\u00e3o Preto-SP e Regi\u00e3o&quot;","block_context":{"text":"Not\u00edcias de Ribeir\u00e3o Preto-SP e Regi\u00e3o","link":"https:\/\/noticiasribeiraopreto.com.br\/index.php\/category\/noticias-de-ribeirao-preto-sp-e-regiao-ismael-colosi\/"},"img":{"alt_text":"","src":"https:\/\/i0.wp.com\/noticiasribeiraopreto.com.br\/wp-content\/uploads\/2025\/09\/Copia-de-Copia-de-Copia-de-TAMANHO-EXATO-PARA-FOTOS-NO-SISTEMA-NOVO-2025-09-17T183620.587_2025-09-17_21-36-30.webp.webp?fit=1200%2C675&ssl=1&resize=350%2C200","width":350,"height":200,"srcset":"https:\/\/i0.wp.com\/noticiasribeiraopreto.com.br\/wp-content\/uploads\/2025\/09\/Copia-de-Copia-de-Copia-de-TAMANHO-EXATO-PARA-FOTOS-NO-SISTEMA-NOVO-2025-09-17T183620.587_2025-09-17_21-36-30.webp.webp?fit=1200%2C675&ssl=1&resize=350%2C200 1x, https:\/\/i0.wp.com\/noticiasribeiraopreto.com.br\/wp-content\/uploads\/2025\/09\/Copia-de-Copia-de-Copia-de-TAMANHO-EXATO-PARA-FOTOS-NO-SISTEMA-NOVO-2025-09-17T183620.587_2025-09-17_21-36-30.webp.webp?fit=1200%2C675&ssl=1&resize=525%2C300 1.5x, https:\/\/i0.wp.com\/noticiasribeiraopreto.com.br\/wp-content\/uploads\/2025\/09\/Copia-de-Copia-de-Copia-de-TAMANHO-EXATO-PARA-FOTOS-NO-SISTEMA-NOVO-2025-09-17T183620.587_2025-09-17_21-36-30.webp.webp?fit=1200%2C675&ssl=1&resize=700%2C400 2x, https:\/\/i0.wp.com\/noticiasribeiraopreto.com.br\/wp-content\/uploads\/2025\/09\/Copia-de-Copia-de-Copia-de-TAMANHO-EXATO-PARA-FOTOS-NO-SISTEMA-NOVO-2025-09-17T183620.587_2025-09-17_21-36-30.webp.webp?fit=1200%2C675&ssl=1&resize=1050%2C600 3x"},"classes":[]},{"id":72374,"url":"https:\/\/noticiasribeiraopreto.com.br\/index.php\/2025\/06\/16\/frio-intenso-ou-ameno-veja-a-previsao-do-tempo-para-o-inverno-2025\/","url_meta":{"origin":73324,"position":5},"title":"Frio intenso ou ameno? Veja a previs\u00e3o do tempo para o inverno 2025","author":"noticiasribeiraopreto.com.br","date":"16 de June de 2025","format":false,"excerpt":"O outono est\u00e1 na sua reta final. Nesta sexta-feira (20), \u00e0s 23h42 (hor\u00e1rio de Bras\u00edlia), come\u00e7a o inverno no Brasil. A esta\u00e7\u00e3o, no entanto, deve apresentar temperaturas m\u00e9dias a mais elevadas em grande parte do Brasil. De acordo com os especialistas, os maiores desvios de temperatura est\u00e3o previstos para as\u2026","rel":"","context":"In &quot;Not\u00edcias de Ribeir\u00e3o Preto-SP e Regi\u00e3o&quot;","block_context":{"text":"Not\u00edcias de Ribeir\u00e3o Preto-SP e Regi\u00e3o","link":"https:\/\/noticiasribeiraopreto.com.br\/index.php\/category\/noticias-de-ribeirao-preto-sp-e-regiao-ismael-colosi\/"},"img":{"alt_text":"","src":"https:\/\/i0.wp.com\/noticiasribeiraopreto.com.br\/wp-content\/uploads\/2025\/06\/AnyConv.com__frio.webp.webp?fit=1200%2C800&ssl=1&resize=350%2C200","width":350,"height":200,"srcset":"https:\/\/i0.wp.com\/noticiasribeiraopreto.com.br\/wp-content\/uploads\/2025\/06\/AnyConv.com__frio.webp.webp?fit=1200%2C800&ssl=1&resize=350%2C200 1x, https:\/\/i0.wp.com\/noticiasribeiraopreto.com.br\/wp-content\/uploads\/2025\/06\/AnyConv.com__frio.webp.webp?fit=1200%2C800&ssl=1&resize=525%2C300 1.5x, https:\/\/i0.wp.com\/noticiasribeiraopreto.com.br\/wp-content\/uploads\/2025\/06\/AnyConv.com__frio.webp.webp?fit=1200%2C800&ssl=1&resize=700%2C400 2x, https:\/\/i0.wp.com\/noticiasribeiraopreto.com.br\/wp-content\/uploads\/2025\/06\/AnyConv.com__frio.webp.webp?fit=1200%2C800&ssl=1&resize=1050%2C600 3x"},"classes":[]}],"jetpack_sharing_enabled":true,"jetpack_shortlink":"https:\/\/wp.me\/peQAOb-j4E","_links":{"self":[{"href":"https:\/\/noticiasribeiraopreto.com.br\/index.php\/wp-json\/wp\/v2\/posts\/73324","targetHints":{"allow":["GET"]}}],"collection":[{"href":"https:\/\/noticiasribeiraopreto.com.br\/index.php\/wp-json\/wp\/v2\/posts"}],"about":[{"href":"https:\/\/noticiasribeiraopreto.com.br\/index.php\/wp-json\/wp\/v2\/types\/post"}],"author":[{"embeddable":true,"href":"https:\/\/noticiasribeiraopreto.com.br\/index.php\/wp-json\/wp\/v2\/users\/1"}],"replies":[{"embeddable":true,"href":"https:\/\/noticiasribeiraopreto.com.br\/index.php\/wp-json\/wp\/v2\/comments?post=73324"}],"version-history":[{"count":0,"href":"https:\/\/noticiasribeiraopreto.com.br\/index.php\/wp-json\/wp\/v2\/posts\/73324\/revisions"}],"wp:featuredmedia":[{"embeddable":true,"href":"https:\/\/noticiasribeiraopreto.com.br\/index.php\/wp-json\/wp\/v2\/media\/73325"}],"wp:attachment":[{"href":"https:\/\/noticiasribeiraopreto.com.br\/index.php\/wp-json\/wp\/v2\/media?parent=73324"}],"wp:term":[{"taxonomy":"category","embeddable":true,"href":"https:\/\/noticiasribeiraopreto.com.br\/index.php\/wp-json\/wp\/v2\/categories?post=73324"},{"taxonomy":"post_tag","embeddable":true,"href":"https:\/\/noticiasribeiraopreto.com.br\/index.php\/wp-json\/wp\/v2\/tags?post=73324"}],"curies":[{"name":"wp","href":"https:\/\/api.w.org\/{rel}","templated":true}]}}