{"id":73331,"date":"2025-06-30T12:02:38","date_gmt":"2025-06-30T15:02:38","guid":{"rendered":"https:\/\/noticiasribeiraopreto.com.br\/index.php\/2025\/06\/30\/operacao-prende-pastor-suspeito-de-furtar-igrejas-no-estado-de-sp\/"},"modified":"2025-06-30T12:02:38","modified_gmt":"2025-06-30T15:02:38","slug":"operacao-prende-pastor-suspeito-de-furtar-igrejas-no-estado-de-sp","status":"publish","type":"post","link":"https:\/\/noticiasribeiraopreto.com.br\/index.php\/2025\/06\/30\/operacao-prende-pastor-suspeito-de-furtar-igrejas-no-estado-de-sp\/","title":{"rendered":"Opera\u00e7\u00e3o prende pastor suspeito de furtar igrejas no estado de SP"},"content":{"rendered":"<div class='code-block code-block-1' style='margin: 8px 0 8px auto; text-align: right; display: block; clear: both;'>\n<p><a href=\"https:\/\/wa.link\/vpicfd\"><img data-recalc-dims=\"1\" class=\"wp-image-4922\" style=\"aspect-ratio: 2.0253164556962027; width: 561px; height: auto;\" src=\"https:\/\/i0.wp.com\/ismaelcolosi.com.br\/wp-content\/uploads\/2023\/11\/grupo-de-empregos-whatsapp-e-facebook-ismael-colosi-vagas.jpg?ssl=1\" alt=\"\" \/><\/a><\/p>\n<!-- \/wp:image -->\n<\/div>\n<p> <br \/>\n<\/p>\n<div data-td-block-uid=\"tdi_95\">\n<div class=\"tdb-block-inner td-fix-index\">\n<p>Um homem identificado como <strong>pastor evang\u00e9lico<\/strong> foi preso, na \u00faltima sexta-feira (27), por suspeita de cometer <strong>mais de 40 furtos em igrejas<\/strong> da regi\u00e3o Sudeste do pa\u00eds.<\/p>\n<p>A pris\u00e3o preventiva aconteceu em <strong>Ponta Grossa-PR<\/strong> ap\u00f3s investiga\u00e7\u00f5es das <strong>Pol\u00edcias Civis de Monte Azul Paulista<\/strong> e <strong>Bebedouro<\/strong>, durante a opera\u00e7\u00e3o \u201c<strong>Falso Profeta<\/strong>\u201d.<\/p>\n<p>De acordo com o delegado Fl\u00e1vio Tavares, o investigado agia sempre da mesma forma: <strong>rompia cadeados das portas principais das igrejas<\/strong> e <strong>arrombava cofres<\/strong>.<\/p>\n<p><strong>Os crimes mais recentes<\/strong> ocorreram na madrugada do dia 9 de junho, nas cidades de <strong>Monte Azul Paulista (regi\u00e3o de Ribeir\u00e3o Preto)<\/strong> e <strong>Sever\u00ednia<\/strong>. <mark style=\"background-color:#fcb900\" class=\"has-inline-color\">A identidade do homem n\u00e3o foi revelada.<\/mark><\/p>\n<figure class=\"wp-block-pullquote\">\n<blockquote>\n<p>Um ve\u00edculo estava circulando pelas ruas pr\u00f3ximas \u00e0 igreja por v\u00e1rias vezes, fato que chamou a aten\u00e7\u00e3o. Conseguimos obter a placa do ve\u00edculo e verificar que ele pertencia a uma empresa [de loca\u00e7\u00e3o]. Por meio do rastreamento, confirmei que o ve\u00edculo estava em Monte Azul e que o indiv\u00edduo se hospedou em um hotel da cidade<\/p>\n<p><cite>Fl\u00e1vio Tavares<\/cite><\/p><\/blockquote>\n<\/figure>\n<p>Ainda de acordo com os policias, o investigado utilizava a f\u00e9 como escudo para atividades criminosas.<\/p>\n<h2 class=\"wp-block-heading\"><strong>Outras pris\u00f5es do pastor<\/strong><\/h2>\n<p>Segundo a <strong>Pol\u00edcia Civil <\/strong>o homem que se apresentava como pastor <strong>j\u00e1 havia sido preso em flagrante em duas ocasi\u00f5es<\/strong> nas cidades de <strong>Santo Andr\u00e9-SP<\/strong> e <strong>Pirituba-SP<\/strong>, tamb\u00e9m pela pr\u00e1tica de <strong>furtos contra igrejas<\/strong>.<\/p>\n<p>Conforme a investiga\u00e7\u00e3o, o suspeito usava a posi\u00e7\u00e3o religiosa como forma de encobrir e viabilizar as a\u00e7\u00f5es criminosas.<\/p>\n<hr class=\"wp-block-separator has-alpha-channel-opacity\"\/>\n<p>SAIBA MAIS<\/p>\n<p>Briga por causa de som alto acaba em morte no interior de SP<\/p>\n<h2 class=\"wp-block-heading\"><strong>FIQUE ON<\/strong><\/h2>\n<p>Quer ficar por dentro de tudo que acontece em Ribeir\u00e3o Preto e regi\u00e3o? Ent\u00e3o siga os perfis do\u202facidade on\u202fno\u202f<a href=\"https:\/\/www.instagram.com\/acidadeonribeirao\" target=\"_blank\" rel=\"noreferrer noopener\">Instagram<\/a>\u202fe no\u202f<a href=\"https:\/\/www.facebook.com\/acidadeonribeirao\/\" target=\"_blank\" rel=\"noreferrer noopener\">Facebook<\/a>.<\/p>\n<p>Al\u00e9m disso, voc\u00ea pode receber as principais not\u00edcias diretamente no WhatsApp. Para isso, basta\u00a0<a href=\"https:\/\/chat.whatsapp.com\/BjKQZ9oJwlz8VVT50NuePq\" target=\"_blank\" rel=\"noreferrer noopener\">entrar no grupo clicando aqui<\/a>.<\/p>\n<p>Por fim, se quiser fazer uma den\u00fancia ou sugerir uma reportagem sobre Ribeir\u00e3o Preto e regi\u00e3o, envie uma mensagem pelo WhatsApp: (16) 99117-7802.<\/p>\n<p>VEJA TAMB\u00c9M<\/p>\n<p>Quais famosos s\u00e3o bissexuais?<\/p>\n<p><!-- AI CONTENT END 1 -->\n<\/div>\n<\/div>\n<p><script async src=\"\/\/www.instagram.com\/embed.js\"><\/script><br \/>\n<br \/><br \/>\n<br \/><a href=\"https:\/\/www.acidadeon.com\/ribeiraopreto\/cotidiano\/operacao-prende-pastor-suspeito-de-furtar-igrejas-no-estado-de-sp\/\">Source link <\/a><\/p>\n<!-- CONTENT END 1 -->\n","protected":false},"excerpt":{"rendered":"<p>Um homem identificado como pastor evang\u00e9lico foi preso, na \u00faltima sexta-feira (27), por suspeita de cometer mais de 40 furtos em igrejas da regi\u00e3o Sudeste&#8230;<\/p>\n","protected":false},"author":1,"featured_media":73332,"comment_status":"open","ping_status":"open","sticky":false,"template":"","format":"standard","meta":{"advanced_seo_description":"","jetpack_seo_html_title":"","jetpack_seo_noindex":false,"jetpack_post_was_ever_published":false,"_jetpack_newsletter_access":"","_jetpack_dont_email_post_to_subs":false,"_jetpack_newsletter_tier_id":0,"_jetpack_memberships_contains_paywalled_content":false,"_jetpack_memberships_contains_paid_content":false,"footnotes":"","jetpack_publicize_message":"","jetpack_publicize_feature_enabled":true,"jetpack_social_post_already_shared":true,"jetpack_social_options":{"image_generator_settings":{"template":"highway","default_image_id":0,"font":"","enabled":false},"version":2}},"categories":[11],"tags":[],"class_list":["post-73331","post","type-post","status-publish","format-standard","has-post-thumbnail","hentry","category-noticias-de-ribeirao-preto-sp-e-regiao-ismael-colosi"],"jetpack_publicize_connections":[],"jetpack_featured_media_url":"https:\/\/i0.wp.com\/noticiasribeiraopreto.com.br\/wp-content\/uploads\/2025\/06\/1751295758_giroflex_policia_1024x576_23032020103807.jpg?fit=1024%2C576&ssl=1","jetpack-related-posts":[{"id":37601,"url":"https:\/\/noticiasribeiraopreto.com.br\/index.php\/2024\/02\/16\/homem-e-preso-por-pedofilia-na-regiao\/","url_meta":{"origin":73331,"position":0},"title":"Homem \u00e9 preso por pedofilia na regi\u00e3o","author":"noticiasribeiraopreto.com.br","date":"16 de February de 2024","format":false,"excerpt":"Suspeito era investigado pela Pol\u00edcia Federal por armazenar e compartilhar v\u00eddeos e fotos de explora\u00e7\u00e3o sexual infantojuvenil 16 de fevereiro de 2024 | 12:18 2Por: Adalberto LuqueUm homem foi preso em flagrante, na manh\u00e3 desta sexta-feira (16), por crime de pedofilia e explora\u00e7\u00e3o sexual infantojuvenil pela internet. A pris\u00e3o ocorreu\u2026","rel":"","context":"In &quot;Not\u00edcias de Ribeir\u00e3o Preto-SP e Regi\u00e3o&quot;","block_context":{"text":"Not\u00edcias de Ribeir\u00e3o Preto-SP e Regi\u00e3o","link":"https:\/\/noticiasribeiraopreto.com.br\/index.php\/category\/noticias-de-ribeirao-preto-sp-e-regiao-ismael-colosi\/"},"img":{"alt_text":"","src":"https:\/\/i0.wp.com\/noticiasribeiraopreto.com.br\/wp-content\/uploads\/2024\/02\/00-16-fev-2024-pedofilia-monte-azul-pta-foto-pf.jpg?fit=431%2C576&ssl=1&resize=350%2C200","width":350,"height":200},"classes":[]},{"id":37468,"url":"https:\/\/noticiasribeiraopreto.com.br\/index.php\/2024\/02\/16\/pf-prende-homem-por-abuso-e-exploracao-sexual-na-regiao-de-ribeirao\/","url_meta":{"origin":73331,"position":1},"title":"PF prende homem por abuso e explora\u00e7\u00e3o sexual na regi\u00e3o de Ribeir\u00e3o","author":"noticiasribeiraopreto.com.br","date":"16 de February de 2024","format":false,"excerpt":"Um homem foi preso na manh\u00e3 desta sexta-feira (16) durante a 12\u00aa fase da Opera\u00e7\u00e3o \u201cCassiel\u201d, que tem como objetivo combater crimes envolvendo abuso e explora\u00e7\u00e3o sexual infantojuvenil pela internet, realizada em Monte Azul Paulista, cerca de 100 quil\u00f4metros de Ribeir\u00e3o Preto. A pris\u00e3o aconteceu durante cumprimento de mandado de\u2026","rel":"","context":"In &quot;Not\u00edcias de Ribeir\u00e3o Preto-SP e Regi\u00e3o&quot;","block_context":{"text":"Not\u00edcias de Ribeir\u00e3o Preto-SP e Regi\u00e3o","link":"https:\/\/noticiasribeiraopreto.com.br\/index.php\/category\/noticias-de-ribeirao-preto-sp-e-regiao-ismael-colosi\/"},"img":{"alt_text":"","src":"https:\/\/i0.wp.com\/noticiasribeiraopreto.com.br\/wp-content\/uploads\/2024\/02\/a6a67fee-32ed-4672-9fa1-0749b8f5eca8.jpg?fit=675%2C1200&ssl=1&resize=350%2C200","width":350,"height":200,"srcset":"https:\/\/i0.wp.com\/noticiasribeiraopreto.com.br\/wp-content\/uploads\/2024\/02\/a6a67fee-32ed-4672-9fa1-0749b8f5eca8.jpg?fit=675%2C1200&ssl=1&resize=350%2C200 1x, https:\/\/i0.wp.com\/noticiasribeiraopreto.com.br\/wp-content\/uploads\/2024\/02\/a6a67fee-32ed-4672-9fa1-0749b8f5eca8.jpg?fit=675%2C1200&ssl=1&resize=525%2C300 1.5x"},"classes":[]},{"id":55018,"url":"https:\/\/noticiasribeiraopreto.com.br\/index.php\/2024\/07\/27\/botafogo-perde-para-o-monte-azul-na-copa-paulista-em-jogo-fora-de-ribeirao-preto\/","url_meta":{"origin":73331,"position":2},"title":"Botafogo perde para o Monte Azul na Copa Paulista em jogo fora de Ribeir\u00e3o Preto","author":"noticiasribeiraopreto.com.br","date":"27 de July de 2024","format":false,"excerpt":"O Botafogo perdeu mais uma partida fora de casa. Desta vez, a derrota foi contra o Monte Azul, por 2 a 1, pela s\u00e9tima rodada da Copa Paulista, na tarde deste s\u00e1bado (27), no est\u00e1dio Otac\u00edlia Patr\u00edcio Arroyo em Monte Azul Paulista, na regi\u00e3o de Ribeir\u00e3o Preto. No primeiro tempo,\u2026","rel":"","context":"In &quot;Not\u00edcias de Ribeir\u00e3o Preto-SP e Regi\u00e3o&quot;","block_context":{"text":"Not\u00edcias de Ribeir\u00e3o Preto-SP e Regi\u00e3o","link":"https:\/\/noticiasribeiraopreto.com.br\/index.php\/category\/noticias-de-ribeirao-preto-sp-e-regiao-ismael-colosi\/"},"img":{"alt_text":"","src":"https:\/\/i0.wp.com\/noticiasribeiraopreto.com.br\/wp-content\/uploads\/2024\/07\/Copia-de-Copia-de-TAMANHO-EXATO-PARA-FOTOS-NO-SISTEMA-NOVO-6_2024-07-27_20-14-34_jpg_2024-07-27_20-14-34.webp.webp?fit=1200%2C675&ssl=1&resize=350%2C200","width":350,"height":200,"srcset":"https:\/\/i0.wp.com\/noticiasribeiraopreto.com.br\/wp-content\/uploads\/2024\/07\/Copia-de-Copia-de-TAMANHO-EXATO-PARA-FOTOS-NO-SISTEMA-NOVO-6_2024-07-27_20-14-34_jpg_2024-07-27_20-14-34.webp.webp?fit=1200%2C675&ssl=1&resize=350%2C200 1x, https:\/\/i0.wp.com\/noticiasribeiraopreto.com.br\/wp-content\/uploads\/2024\/07\/Copia-de-Copia-de-TAMANHO-EXATO-PARA-FOTOS-NO-SISTEMA-NOVO-6_2024-07-27_20-14-34_jpg_2024-07-27_20-14-34.webp.webp?fit=1200%2C675&ssl=1&resize=525%2C300 1.5x, https:\/\/i0.wp.com\/noticiasribeiraopreto.com.br\/wp-content\/uploads\/2024\/07\/Copia-de-Copia-de-TAMANHO-EXATO-PARA-FOTOS-NO-SISTEMA-NOVO-6_2024-07-27_20-14-34_jpg_2024-07-27_20-14-34.webp.webp?fit=1200%2C675&ssl=1&resize=700%2C400 2x, https:\/\/i0.wp.com\/noticiasribeiraopreto.com.br\/wp-content\/uploads\/2024\/07\/Copia-de-Copia-de-TAMANHO-EXATO-PARA-FOTOS-NO-SISTEMA-NOVO-6_2024-07-27_20-14-34_jpg_2024-07-27_20-14-34.webp.webp?fit=1200%2C675&ssl=1&resize=1050%2C600 3x"},"classes":[]},{"id":57702,"url":"https:\/\/noticiasribeiraopreto.com.br\/index.php\/2024\/09\/07\/comercial-empata-com-o-monte-azul-pela-copa-paulista-em-ribeirao-preto\/","url_meta":{"origin":73331,"position":3},"title":"Comercial empata com o Monte Azul pela Copa Paulista em Ribeir\u00e3o Preto","author":"noticiasribeiraopreto.com.br","date":"7 de September de 2024","format":false,"excerpt":"O Comercial empatou em 0 a 0 com o Monte Azul na tarde deste s\u00e1bado (7), no est\u00e1dio Palma Travassos, em Ribeir\u00e3o Preto. O confronto foi v\u00e1lido pelas quartas de final da Copa Paulista. O Le\u00e3o do Norte chegou a pressionar o Monte Azul, dono da melhor campanha na primeira\u2026","rel":"","context":"In &quot;Not\u00edcias de Ribeir\u00e3o Preto-SP e Regi\u00e3o&quot;","block_context":{"text":"Not\u00edcias de Ribeir\u00e3o Preto-SP e Regi\u00e3o","link":"https:\/\/noticiasribeiraopreto.com.br\/index.php\/category\/noticias-de-ribeirao-preto-sp-e-regiao-ismael-colosi\/"},"img":{"alt_text":"","src":"https:\/\/i0.wp.com\/noticiasribeiraopreto.com.br\/wp-content\/uploads\/2024\/09\/comercial-monte-azul_2024-09-07_20-36-30_jpg_2024-09-07_20-36-30.webp.webp?fit=1200%2C799&ssl=1&resize=350%2C200","width":350,"height":200,"srcset":"https:\/\/i0.wp.com\/noticiasribeiraopreto.com.br\/wp-content\/uploads\/2024\/09\/comercial-monte-azul_2024-09-07_20-36-30_jpg_2024-09-07_20-36-30.webp.webp?fit=1200%2C799&ssl=1&resize=350%2C200 1x, https:\/\/i0.wp.com\/noticiasribeiraopreto.com.br\/wp-content\/uploads\/2024\/09\/comercial-monte-azul_2024-09-07_20-36-30_jpg_2024-09-07_20-36-30.webp.webp?fit=1200%2C799&ssl=1&resize=525%2C300 1.5x, https:\/\/i0.wp.com\/noticiasribeiraopreto.com.br\/wp-content\/uploads\/2024\/09\/comercial-monte-azul_2024-09-07_20-36-30_jpg_2024-09-07_20-36-30.webp.webp?fit=1200%2C799&ssl=1&resize=700%2C400 2x, https:\/\/i0.wp.com\/noticiasribeiraopreto.com.br\/wp-content\/uploads\/2024\/09\/comercial-monte-azul_2024-09-07_20-36-30_jpg_2024-09-07_20-36-30.webp.webp?fit=1200%2C799&ssl=1&resize=1050%2C600 3x"},"classes":[]},{"id":56918,"url":"https:\/\/noticiasribeiraopreto.com.br\/index.php\/2024\/08\/17\/classificado-comercial-perde-para-o-monte-azul-pela-copa-paulista\/","url_meta":{"origin":73331,"position":4},"title":"Classificado, Comercial perde para o Monte Azul pela Copa Paulista","author":"noticiasribeiraopreto.com.br","date":"17 de August de 2024","format":false,"excerpt":"J\u00e1 classificado para as oitavas de final, o Comercial perdeu por 2 a 1 para o Monte Azul, na tarde deste s\u00e1bado (17), pela \u00faltima rodada da primeira fase da Copa Paulista. O confronto foi realizado no est\u00e1dio Otac\u00edlia Patr\u00edcio Arroyo, em Monte Azul Paulista. Os gols Os gols do\u2026","rel":"","context":"In &quot;Not\u00edcias de Ribeir\u00e3o Preto-SP e Regi\u00e3o&quot;","block_context":{"text":"Not\u00edcias de Ribeir\u00e3o Preto-SP e Regi\u00e3o","link":"https:\/\/noticiasribeiraopreto.com.br\/index.php\/category\/noticias-de-ribeirao-preto-sp-e-regiao-ismael-colosi\/"},"img":{"alt_text":"","src":"https:\/\/i0.wp.com\/noticiasribeiraopreto.com.br\/wp-content\/uploads\/2024\/08\/monte-azul-comercial_2024-08-17_19-49-35_jpg_2024-08-17_19-49-36.webp.webp?fit=1200%2C800&ssl=1&resize=350%2C200","width":350,"height":200,"srcset":"https:\/\/i0.wp.com\/noticiasribeiraopreto.com.br\/wp-content\/uploads\/2024\/08\/monte-azul-comercial_2024-08-17_19-49-35_jpg_2024-08-17_19-49-36.webp.webp?fit=1200%2C800&ssl=1&resize=350%2C200 1x, https:\/\/i0.wp.com\/noticiasribeiraopreto.com.br\/wp-content\/uploads\/2024\/08\/monte-azul-comercial_2024-08-17_19-49-35_jpg_2024-08-17_19-49-36.webp.webp?fit=1200%2C800&ssl=1&resize=525%2C300 1.5x, https:\/\/i0.wp.com\/noticiasribeiraopreto.com.br\/wp-content\/uploads\/2024\/08\/monte-azul-comercial_2024-08-17_19-49-35_jpg_2024-08-17_19-49-36.webp.webp?fit=1200%2C800&ssl=1&resize=700%2C400 2x, https:\/\/i0.wp.com\/noticiasribeiraopreto.com.br\/wp-content\/uploads\/2024\/08\/monte-azul-comercial_2024-08-17_19-49-35_jpg_2024-08-17_19-49-36.webp.webp?fit=1200%2C800&ssl=1&resize=1050%2C600 3x"},"classes":[]},{"id":37826,"url":"https:\/\/noticiasribeiraopreto.com.br\/index.php\/2024\/02\/18\/homem-e-preso-apos-esfaquear-fiel-durante-tentativa-de-assalto-na-regiao-de-ribeirao\/","url_meta":{"origin":73331,"position":5},"title":"Homem \u00e9 preso ap\u00f3s esfaquear fiel durante tentativa de assalto na regi\u00e3o de Ribeir\u00e3o","author":"noticiasribeiraopreto.com.br","date":"18 de February de 2024","format":false,"excerpt":"Um homem, de 49 anos, foi preso ap\u00f3s esfaquear um jovem durante uma tentativa de roubo dentro de uma igreja de Barretos, cidade na regi\u00e3o de Ribeir\u00e3o Preto, neste domingo (18). O caso aconteceu durante celebra\u00e7\u00e3o na Minibas\u00edlica de Nossa Senhora Aparecida, localizada na Pra\u00e7a Em\u00edlio Jos\u00e9 Pinto. De acordo\u2026","rel":"","context":"In &quot;Not\u00edcias de Ribeir\u00e3o Preto-SP e Regi\u00e3o&quot;","block_context":{"text":"Not\u00edcias de Ribeir\u00e3o Preto-SP e Regi\u00e3o","link":"https:\/\/noticiasribeiraopreto.com.br\/index.php\/category\/noticias-de-ribeirao-preto-sp-e-regiao-ismael-colosi\/"},"img":{"alt_text":"","src":"https:\/\/i0.wp.com\/noticiasribeiraopreto.com.br\/wp-content\/uploads\/2024\/02\/barretos.png?fit=714%2C449&ssl=1&resize=350%2C200","width":350,"height":200,"srcset":"https:\/\/i0.wp.com\/noticiasribeiraopreto.com.br\/wp-content\/uploads\/2024\/02\/barretos.png?fit=714%2C449&ssl=1&resize=350%2C200 1x, https:\/\/i0.wp.com\/noticiasribeiraopreto.com.br\/wp-content\/uploads\/2024\/02\/barretos.png?fit=714%2C449&ssl=1&resize=525%2C300 1.5x, https:\/\/i0.wp.com\/noticiasribeiraopreto.com.br\/wp-content\/uploads\/2024\/02\/barretos.png?fit=714%2C449&ssl=1&resize=700%2C400 2x"},"classes":[]}],"jetpack_sharing_enabled":true,"jetpack_shortlink":"https:\/\/wp.me\/peQAOb-j4L","_links":{"self":[{"href":"https:\/\/noticiasribeiraopreto.com.br\/index.php\/wp-json\/wp\/v2\/posts\/73331","targetHints":{"allow":["GET"]}}],"collection":[{"href":"https:\/\/noticiasribeiraopreto.com.br\/index.php\/wp-json\/wp\/v2\/posts"}],"about":[{"href":"https:\/\/noticiasribeiraopreto.com.br\/index.php\/wp-json\/wp\/v2\/types\/post"}],"author":[{"embeddable":true,"href":"https:\/\/noticiasribeiraopreto.com.br\/index.php\/wp-json\/wp\/v2\/users\/1"}],"replies":[{"embeddable":true,"href":"https:\/\/noticiasribeiraopreto.com.br\/index.php\/wp-json\/wp\/v2\/comments?post=73331"}],"version-history":[{"count":0,"href":"https:\/\/noticiasribeiraopreto.com.br\/index.php\/wp-json\/wp\/v2\/posts\/73331\/revisions"}],"wp:featuredmedia":[{"embeddable":true,"href":"https:\/\/noticiasribeiraopreto.com.br\/index.php\/wp-json\/wp\/v2\/media\/73332"}],"wp:attachment":[{"href":"https:\/\/noticiasribeiraopreto.com.br\/index.php\/wp-json\/wp\/v2\/media?parent=73331"}],"wp:term":[{"taxonomy":"category","embeddable":true,"href":"https:\/\/noticiasribeiraopreto.com.br\/index.php\/wp-json\/wp\/v2\/categories?post=73331"},{"taxonomy":"post_tag","embeddable":true,"href":"https:\/\/noticiasribeiraopreto.com.br\/index.php\/wp-json\/wp\/v2\/tags?post=73331"}],"curies":[{"name":"wp","href":"https:\/\/api.w.org\/{rel}","templated":true}]}}