{"id":73333,"date":"2025-06-30T12:10:56","date_gmt":"2025-06-30T15:10:56","guid":{"rendered":"https:\/\/noticiasribeiraopreto.com.br\/index.php\/2025\/06\/30\/mp-sp-publica-edital-de-concurso-publico-com-salarios-de-r-56-mil-veja-como-se-inscrever\/"},"modified":"2025-06-30T12:10:56","modified_gmt":"2025-06-30T15:10:56","slug":"mp-sp-publica-edital-de-concurso-publico-com-salarios-de-r-56-mil-veja-como-se-inscrever","status":"publish","type":"post","link":"https:\/\/noticiasribeiraopreto.com.br\/index.php\/2025\/06\/30\/mp-sp-publica-edital-de-concurso-publico-com-salarios-de-r-56-mil-veja-como-se-inscrever\/","title":{"rendered":"MP-SP publica edital de concurso p\u00fablico com sal\u00e1rios de R$ 5,6 mil; Veja como se inscrever"},"content":{"rendered":"<div class='code-block code-block-1' style='margin: 8px 0 8px auto; text-align: right; display: block; clear: both;'>\n<p><a href=\"https:\/\/wa.link\/vpicfd\"><img data-recalc-dims=\"1\" class=\"wp-image-4922\" style=\"aspect-ratio: 2.0253164556962027; width: 561px; height: auto;\" src=\"https:\/\/i0.wp.com\/ismaelcolosi.com.br\/wp-content\/uploads\/2023\/11\/grupo-de-empregos-whatsapp-e-facebook-ismael-colosi-vagas.jpg?ssl=1\" alt=\"\" \/><\/a><\/p>\n<!-- \/wp:image -->\n<\/div>\n<p> <br \/>\n<\/p>\n<div>\n<p>O <strong>MP-SP (Minist\u00e9rio P\u00fablico de S\u00e3o Paulo)<\/strong> publicou novo edital de concurso p\u00fablico com <strong>cinco vagas de n\u00edvel fundamental<\/strong>, al\u00e9m de cadastro reserva, e <strong>sal\u00e1rios de R$ 5.643,14<\/strong>.<\/p>\n<p>As oportunidades s\u00e3o para o cargo de <strong>auxiliar de promotoria III<\/strong>, na<strong> especialidade \u201cmotorista<\/strong>\u201c. <mark style=\"background-color:#fcb900\" class=\"has-inline-color\">\u00a0As vagas s\u00e3o para as macrorregi\u00f5es com sede na Capital e em Bauru, Campinas, Piracicaba e <strong>Ribeir\u00e3o Preto<\/strong>.<\/mark><\/p>\n<p>Al\u00e9m da remunera\u00e7\u00e3o, o <strong>MP-SP <\/strong>oferece <strong>aux\u00edlio-alimenta\u00e7\u00e3o de R$ 1.450,00<\/strong>, <strong>aux\u00edlio-sa\u00fade de R$ 846,47<\/strong> e <strong>aux\u00edlio-transporte de R$ 17,80 por dia<\/strong>. A jornada de trabalho \u00e9 de 40 horas semanais.<\/p>\n<h2 class=\"wp-block-heading\"><strong>Como se inscrever?<\/strong><\/h2>\n<p>Os interessados devem se inscrever de forma on-line, <strong>atrav\u00e9s do site da Funda\u00e7\u00e3o Vunesp (<a href=\"https:\/\/www.vunesp.com.br\/MPSP2505\" target=\"_blank\" rel=\"noreferrer noopener\">clique aqui para acessar<\/a>)<\/strong>.<\/p>\n<p>As <strong>inscri\u00e7\u00f5es <\/strong>estar\u00e3o abertas <strong>das 8h do dia 4 de julho<\/strong> at\u00e9 <strong>as 23h59 do dia 4 de agosto de 2025<\/strong>. A taxa de inscri\u00e7\u00e3o \u00e9 de<strong> R$ 118<\/strong>.<\/p>\n<h3 class=\"wp-block-heading\"><strong>Quem pode se inscrever?<\/strong><\/h3>\n<p>Para se inscrever, portanto, o candidato deve ter <strong>ensino fundamental completo<\/strong> e <strong>CNH (Carteira Nacional de Habilita\u00e7\u00e3o) na categoria \u201cD\u201d ou \u201cE\u201d<\/strong>. N\u00e3o \u00e9 necess\u00e1rio ter experi\u00eancia profissional. <a href=\"https:\/\/www.vunesp.com.br\/MPSP2505\" target=\"_blank\" rel=\"noreferrer noopener\">O edital completo pode ser conferido clicando aqui<\/a>.<\/p>\n<h2 class=\"wp-block-heading\"><strong>Outras oportunidades do MP-SP<\/strong><\/h2>\n<p>O MP-SP publicou, na semana passada, edital de concurso p\u00fablico com sal\u00e1rios de at\u00e9 R$ 10 mil. O intuito \u00e9 <strong>formar cadastro\u00a0<\/strong>para o cargo de<strong>\u00a0Analista Jur\u00eddico<\/strong>, em diversas regi\u00f5es no estado paulista.<\/p>\n<p>As inscri\u00e7\u00f5es j\u00e1 est\u00e3o abertas e <strong>seguem at\u00e9 as 23h59 do dia 4 de agosto de 2025<\/strong>, de <strong>forma on-line (<a href=\"https:\/\/www.vunesp.com.br\/MPSP2501\" target=\"_blank\" rel=\"noreferrer noopener\">clique aqui<\/a>)<\/strong>. O valor da taxa de inscri\u00e7\u00e3o \u00e9 de R$ 118.<\/p>\n<hr class=\"wp-block-separator has-alpha-channel-opacity\"\/>\n<p>SAIBA MAIS<\/p>\n<p>Cine Cauim exibe s\u00e9rie documental em parceria com a USP Ribeir\u00e3o Preto <mark style=\"background-color:#ffffff\" class=\"has-inline-color has-white-color\">contudo,<\/mark><\/p>\n<h3 class=\"wp-block-heading\"><strong>FIQUE ON<\/strong><\/h3>\n<p>Quer ficar por dentro de tudo que acontece em Ribeir\u00e3o Preto e regi\u00e3o? Ent\u00e3o siga os perfis do\u202facidade on\u202fno\u202f<a href=\"https:\/\/www.instagram.com\/acidadeonribeirao\" target=\"_blank\" rel=\"noreferrer noopener\">Instagram<\/a>\u202fe no\u202f<a href=\"https:\/\/www.facebook.com\/acidadeonribeirao\/\" target=\"_blank\" rel=\"noreferrer noopener\">Facebook<\/a>.<\/p>\n<p>Al\u00e9m disso, voc\u00ea pode receber as principais not\u00edcias diretamente no WhatsApp. Para isso, basta\u00a0<a href=\"https:\/\/chat.whatsapp.com\/BjKQZ9oJwlz8VVT50NuePq\" target=\"_blank\" rel=\"noreferrer noopener\">entrar no grupo clicando aqui<\/a>.<\/p>\n<p>Por fim, se quiser fazer uma den\u00fancia ou sugerir uma reportagem sobre Ribeir\u00e3o Preto e regi\u00e3o, envie uma mensagem pelo WhatsApp: (16) 99117-7802.<\/p>\n<p>VEJA TAMB\u00c9M<\/p>\n<p>O que aconteceu com Anitta? <mark style=\"background-color:#ffffff\" class=\"has-inline-color has-white-color\">contudo,<\/mark><\/p>\n<p><!-- AI CONTENT END 1 -->\n<\/div>\n<p><script async src=\"\/\/www.instagram.com\/embed.js\"><\/script><br \/>\n<br \/><br \/>\n<br \/><a href=\"https:\/\/www.acidadeon.com\/ribeiraopreto\/economia\/mp-sp-publica-edital-de-concurso-publico-com-salarios-de-r-56-mil-veja-como-se-inscrever\/\">Source link <\/a><\/p>\n<!-- CONTENT END 1 -->\n","protected":false},"excerpt":{"rendered":"<p>O MP-SP (Minist\u00e9rio P\u00fablico de S\u00e3o Paulo) publicou novo edital de concurso p\u00fablico com cinco vagas de n\u00edvel fundamental, al\u00e9m de cadastro reserva, e sal\u00e1rios&#8230;<\/p>\n","protected":false},"author":1,"featured_media":73315,"comment_status":"open","ping_status":"open","sticky":false,"template":"","format":"standard","meta":{"advanced_seo_description":"","jetpack_seo_html_title":"","jetpack_seo_noindex":false,"jetpack_post_was_ever_published":false,"_jetpack_newsletter_access":"","_jetpack_dont_email_post_to_subs":false,"_jetpack_newsletter_tier_id":0,"_jetpack_memberships_contains_paywalled_content":false,"_jetpack_memberships_contains_paid_content":false,"footnotes":"","jetpack_publicize_message":"","jetpack_publicize_feature_enabled":true,"jetpack_social_post_already_shared":true,"jetpack_social_options":{"image_generator_settings":{"template":"highway","default_image_id":0,"font":"","enabled":false},"version":2}},"categories":[11],"tags":[],"class_list":["post-73333","post","type-post","status-publish","format-standard","has-post-thumbnail","hentry","category-noticias-de-ribeirao-preto-sp-e-regiao-ismael-colosi"],"jetpack_publicize_connections":[],"jetpack_featured_media_url":"https:\/\/i0.wp.com\/noticiasribeiraopreto.com.br\/wp-content\/uploads\/2025\/06\/african-american-teen-solving-school-assignment-literature-class-lesson_2025-06-29_15-53-51.webp.webp?fit=1200%2C800&ssl=1","jetpack-related-posts":[{"id":76804,"url":"https:\/\/noticiasribeiraopreto.com.br\/index.php\/2025\/09\/05\/concurso-publico-do-mp-sp-tem-13-vagas-e-salarios-de-r-18-mil-veja-como-participar\/","url_meta":{"origin":73333,"position":0},"title":"Concurso p\u00fablico do MP-SP tem 13 vagas e sal\u00e1rios de R$ 18 mil; Veja como participar","author":"noticiasribeiraopreto.com.br","date":"5 de September de 2025","format":false,"excerpt":"O MP-SP (Minist\u00e9rio P\u00fablico de S\u00e3o Paulo) est\u00e1 com as inscri\u00e7\u00f5es abertas para concurso p\u00fablico com 13 vagas para o cargo de Analista T\u00e9cnico Cient\u00edfico. Os sal\u00e1rios para o cargo s\u00e3o de R$ 18.705,85. Al\u00e9m disso, \u00e9 oferecido aux\u00edlio-alimenta\u00e7\u00e3o mensal de R$ 1.450, aux\u00edlio-sa\u00fade mensal de R$ 2.805,87 e aux\u00edlio-transporte\u2026","rel":"","context":"In &quot;Not\u00edcias de Ribeir\u00e3o Preto-SP e Regi\u00e3o&quot;","block_context":{"text":"Not\u00edcias de Ribeir\u00e3o Preto-SP e Regi\u00e3o","link":"https:\/\/noticiasribeiraopreto.com.br\/index.php\/category\/noticias-de-ribeirao-preto-sp-e-regiao-ismael-colosi\/"},"img":{"alt_text":"","src":"https:\/\/i0.wp.com\/noticiasribeiraopreto.com.br\/wp-content\/uploads\/2025\/07\/concurso-publico_2025-07-09_13-50-45.webp.webp?fit=1200%2C798&ssl=1&resize=350%2C200","width":350,"height":200,"srcset":"https:\/\/i0.wp.com\/noticiasribeiraopreto.com.br\/wp-content\/uploads\/2025\/07\/concurso-publico_2025-07-09_13-50-45.webp.webp?fit=1200%2C798&ssl=1&resize=350%2C200 1x, https:\/\/i0.wp.com\/noticiasribeiraopreto.com.br\/wp-content\/uploads\/2025\/07\/concurso-publico_2025-07-09_13-50-45.webp.webp?fit=1200%2C798&ssl=1&resize=525%2C300 1.5x, https:\/\/i0.wp.com\/noticiasribeiraopreto.com.br\/wp-content\/uploads\/2025\/07\/concurso-publico_2025-07-09_13-50-45.webp.webp?fit=1200%2C798&ssl=1&resize=700%2C400 2x, https:\/\/i0.wp.com\/noticiasribeiraopreto.com.br\/wp-content\/uploads\/2025\/07\/concurso-publico_2025-07-09_13-50-45.webp.webp?fit=1200%2C798&ssl=1&resize=1050%2C600 3x"},"classes":[]},{"id":74419,"url":"https:\/\/noticiasribeiraopreto.com.br\/index.php\/2025\/07\/22\/inscricoes-para-concurso-publico-do-mp-terminam-hoje-salarios-sao-de-r-10-mil\/","url_meta":{"origin":73333,"position":1},"title":"Inscri\u00e7\u00f5es para concurso p\u00fablico do MP terminam hoje; sal\u00e1rios s\u00e3o de R$ 10 mil","author":"noticiasribeiraopreto.com.br","date":"22 de July de 2025","format":false,"excerpt":"As inscri\u00e7\u00f5es para o concurso p\u00fablico do MP-SP (Minist\u00e9rio P\u00fablico de S\u00e3o Paulo) terminam nesta ter\u00e7a-feira (22). As oportunidades s\u00e3o para o cargo de analista jur\u00eddico, com sal\u00e1rios de R$ 10,3 mil. O concurso p\u00fablico forma cadastro de reserva nas seguintes regionais do MP-SP: Capital e Grande S\u00e3o Paulo, Ara\u00e7atuba,\u2026","rel":"","context":"In &quot;Not\u00edcias de Ribeir\u00e3o Preto-SP e Regi\u00e3o&quot;","block_context":{"text":"Not\u00edcias de Ribeir\u00e3o Preto-SP e Regi\u00e3o","link":"https:\/\/noticiasribeiraopreto.com.br\/index.php\/category\/noticias-de-ribeirao-preto-sp-e-regiao-ismael-colosi\/"},"img":{"alt_text":"","src":"https:\/\/i0.wp.com\/noticiasribeiraopreto.com.br\/wp-content\/uploads\/2025\/07\/concurso-publico_2025-07-09_13-50-45.webp.webp?fit=1200%2C798&ssl=1&resize=350%2C200","width":350,"height":200,"srcset":"https:\/\/i0.wp.com\/noticiasribeiraopreto.com.br\/wp-content\/uploads\/2025\/07\/concurso-publico_2025-07-09_13-50-45.webp.webp?fit=1200%2C798&ssl=1&resize=350%2C200 1x, https:\/\/i0.wp.com\/noticiasribeiraopreto.com.br\/wp-content\/uploads\/2025\/07\/concurso-publico_2025-07-09_13-50-45.webp.webp?fit=1200%2C798&ssl=1&resize=525%2C300 1.5x, https:\/\/i0.wp.com\/noticiasribeiraopreto.com.br\/wp-content\/uploads\/2025\/07\/concurso-publico_2025-07-09_13-50-45.webp.webp?fit=1200%2C798&ssl=1&resize=700%2C400 2x, https:\/\/i0.wp.com\/noticiasribeiraopreto.com.br\/wp-content\/uploads\/2025\/07\/concurso-publico_2025-07-09_13-50-45.webp.webp?fit=1200%2C798&ssl=1&resize=1050%2C600 3x"},"classes":[]},{"id":52202,"url":"https:\/\/noticiasribeiraopreto.com.br\/index.php\/2024\/06\/05\/prefeitura-no-interior-de-sp-tem-concurso-com-100-vagas-para-guarda-civil-municipal\/","url_meta":{"origin":73333,"position":2},"title":"Prefeitura no interior de SP tem concurso com 100 vagas para Guarda Civil Municipal","author":"noticiasribeiraopreto.com.br","date":"5 de June de 2024","format":false,"excerpt":"A Prefeitura de S\u00e3o Jos\u00e9 do Rio Preto, no interior de S\u00e3o Paulo, publicou o edital de concurso p\u00fablico com 100 vagas para o cargo de Guarda Civil Municipal. O sal\u00e1rio para fun\u00e7\u00e3o \u00e9 de R$ 2.897,33 para escala 12\u00d736 ou 40 horas semanais. Al\u00e9m disso, a Administra\u00e7\u00e3o tamb\u00e9m oferece\u2026","rel":"","context":"In &quot;Not\u00edcias de Ribeir\u00e3o Preto-SP e Regi\u00e3o&quot;","block_context":{"text":"Not\u00edcias de Ribeir\u00e3o Preto-SP e Regi\u00e3o","link":"https:\/\/noticiasribeiraopreto.com.br\/index.php\/category\/noticias-de-ribeirao-preto-sp-e-regiao-ismael-colosi\/"},"img":{"alt_text":"","src":"https:\/\/i0.wp.com\/noticiasribeiraopreto.com.br\/wp-content\/uploads\/2024\/06\/Furto_de_Energia_Philadelpho_GCM_eb5eb2c70b_2024-06-04_19-36-33_png_2024-06-04_19-36-33.webp.webp?fit=1200%2C675&ssl=1&resize=350%2C200","width":350,"height":200,"srcset":"https:\/\/i0.wp.com\/noticiasribeiraopreto.com.br\/wp-content\/uploads\/2024\/06\/Furto_de_Energia_Philadelpho_GCM_eb5eb2c70b_2024-06-04_19-36-33_png_2024-06-04_19-36-33.webp.webp?fit=1200%2C675&ssl=1&resize=350%2C200 1x, https:\/\/i0.wp.com\/noticiasribeiraopreto.com.br\/wp-content\/uploads\/2024\/06\/Furto_de_Energia_Philadelpho_GCM_eb5eb2c70b_2024-06-04_19-36-33_png_2024-06-04_19-36-33.webp.webp?fit=1200%2C675&ssl=1&resize=525%2C300 1.5x, https:\/\/i0.wp.com\/noticiasribeiraopreto.com.br\/wp-content\/uploads\/2024\/06\/Furto_de_Energia_Philadelpho_GCM_eb5eb2c70b_2024-06-04_19-36-33_png_2024-06-04_19-36-33.webp.webp?fit=1200%2C675&ssl=1&resize=700%2C400 2x, https:\/\/i0.wp.com\/noticiasribeiraopreto.com.br\/wp-content\/uploads\/2024\/06\/Furto_de_Energia_Philadelpho_GCM_eb5eb2c70b_2024-06-04_19-36-33_png_2024-06-04_19-36-33.webp.webp?fit=1200%2C675&ssl=1&resize=1050%2C600 3x"},"classes":[]},{"id":80747,"url":"https:\/\/noticiasribeiraopreto.com.br\/index.php\/2025\/12\/12\/veja-como-participar-do-concurso-do-ministerio-publico-salarios-de-r-37-mil\/","url_meta":{"origin":73333,"position":3},"title":"Veja como participar do concurso do Minist\u00e9rio P\u00fablico; sal\u00e1rios de R$ 3,7 mil","author":"noticiasribeiraopreto.com.br","date":"12 de December de 2025","format":false,"excerpt":"Est\u00e3o abertas as inscri\u00e7\u00f5es para o concurso p\u00fablico do MP-SP (Minist\u00e9rio P\u00fablico de S\u00e3o Paulo). As vagas no cadastro de reserva s\u00e3o para o cargo de auxiliar de promotoria I \u2013 administrativo com sal\u00e1rios de R$ 3.784. As inscri\u00e7\u00f5es devem ser realizadas no site da Funda\u00e7\u00e3o Vunesp (clique aqui) at\u00e9\u2026","rel":"","context":"In &quot;Not\u00edcias de Ribeir\u00e3o Preto-SP e Regi\u00e3o&quot;","block_context":{"text":"Not\u00edcias de Ribeir\u00e3o Preto-SP e Regi\u00e3o","link":"https:\/\/noticiasribeiraopreto.com.br\/index.php\/category\/noticias-de-ribeirao-preto-sp-e-regiao-ismael-colosi\/"},"img":{"alt_text":"","src":"https:\/\/i0.wp.com\/noticiasribeiraopreto.com.br\/wp-content\/uploads\/2025\/11\/concurso-caixa_2025-11-05_15-46-40.webp.webp?fit=1200%2C800&ssl=1&resize=350%2C200","width":350,"height":200,"srcset":"https:\/\/i0.wp.com\/noticiasribeiraopreto.com.br\/wp-content\/uploads\/2025\/11\/concurso-caixa_2025-11-05_15-46-40.webp.webp?fit=1200%2C800&ssl=1&resize=350%2C200 1x, https:\/\/i0.wp.com\/noticiasribeiraopreto.com.br\/wp-content\/uploads\/2025\/11\/concurso-caixa_2025-11-05_15-46-40.webp.webp?fit=1200%2C800&ssl=1&resize=525%2C300 1.5x, https:\/\/i0.wp.com\/noticiasribeiraopreto.com.br\/wp-content\/uploads\/2025\/11\/concurso-caixa_2025-11-05_15-46-40.webp.webp?fit=1200%2C800&ssl=1&resize=700%2C400 2x, https:\/\/i0.wp.com\/noticiasribeiraopreto.com.br\/wp-content\/uploads\/2025\/11\/concurso-caixa_2025-11-05_15-46-40.webp.webp?fit=1200%2C800&ssl=1&resize=1050%2C600 3x"},"classes":[]},{"id":72759,"url":"https:\/\/noticiasribeiraopreto.com.br\/index.php\/2025\/06\/20\/mp-sp-publica-edital-de-concurso-publico-com-salarios-de-r-10-mil\/","url_meta":{"origin":73333,"position":4},"title":"MP-SP publica edital de concurso p\u00fablico com sal\u00e1rios de R$ 10 mil","author":"noticiasribeiraopreto.com.br","date":"20 de June de 2025","format":false,"excerpt":"O MP-SP (Minist\u00e9rio P\u00fablico de S\u00e3o Paulo) publicou edital de concurso p\u00fablico com sal\u00e1rios de R$ 10 mil. O \u00f3rg\u00e3o tem o intuito de formar cadastro para o cargo de Analista Jur\u00eddico, em diversas regi\u00f5es, inclusive Ribeir\u00e3o Preto. Confira Capital e Grande S\u00e3o Paulo Ara\u00e7atuba Bauru Campinas Franca Piracicaba Presidente\u2026","rel":"","context":"In &quot;Not\u00edcias de Ribeir\u00e3o Preto-SP e Regi\u00e3o&quot;","block_context":{"text":"Not\u00edcias de Ribeir\u00e3o Preto-SP e Regi\u00e3o","link":"https:\/\/noticiasribeiraopreto.com.br\/index.php\/category\/noticias-de-ribeirao-preto-sp-e-regiao-ismael-colosi\/"},"img":{"alt_text":"","src":"https:\/\/i0.wp.com\/noticiasribeiraopreto.com.br\/wp-content\/uploads\/2025\/06\/AnyConv.com__concurso-publico-4.webp.webp?fit=1200%2C800&ssl=1&resize=350%2C200","width":350,"height":200,"srcset":"https:\/\/i0.wp.com\/noticiasribeiraopreto.com.br\/wp-content\/uploads\/2025\/06\/AnyConv.com__concurso-publico-4.webp.webp?fit=1200%2C800&ssl=1&resize=350%2C200 1x, https:\/\/i0.wp.com\/noticiasribeiraopreto.com.br\/wp-content\/uploads\/2025\/06\/AnyConv.com__concurso-publico-4.webp.webp?fit=1200%2C800&ssl=1&resize=525%2C300 1.5x, https:\/\/i0.wp.com\/noticiasribeiraopreto.com.br\/wp-content\/uploads\/2025\/06\/AnyConv.com__concurso-publico-4.webp.webp?fit=1200%2C800&ssl=1&resize=700%2C400 2x, https:\/\/i0.wp.com\/noticiasribeiraopreto.com.br\/wp-content\/uploads\/2025\/06\/AnyConv.com__concurso-publico-4.webp.webp?fit=1200%2C800&ssl=1&resize=1050%2C600 3x"},"classes":[]},{"id":80513,"url":"https:\/\/noticiasribeiraopreto.com.br\/index.php\/2025\/12\/04\/ministerio-publico-abre-concurso-com-salarios-de-r-37-mil-veja-como-participar\/","url_meta":{"origin":73333,"position":5},"title":"Minist\u00e9rio P\u00fablico abre concurso com sal\u00e1rios de R$ 3,7 mil; Veja como participar","author":"noticiasribeiraopreto.com.br","date":"4 de December de 2025","format":false,"excerpt":"O MP-SP (Minist\u00e9rio P\u00fablico de S\u00e3o Paulo) publicou edital de concurso p\u00fablico para o cargo de auxiliar de promotoria I. O sal\u00e1rio para fun\u00e7\u00e3o, de n\u00edvel fundamental, \u00e9 de R$ 3.784,45, para 40 horas semanais. As oportunidades s\u00e3o para o cadastro de reserva. Al\u00e9m dos sal\u00e1rios, os aprovados no concurso\u2026","rel":"","context":"In &quot;Not\u00edcias de Ribeir\u00e3o Preto-SP e Regi\u00e3o&quot;","block_context":{"text":"Not\u00edcias de Ribeir\u00e3o Preto-SP e Regi\u00e3o","link":"https:\/\/noticiasribeiraopreto.com.br\/index.php\/category\/noticias-de-ribeirao-preto-sp-e-regiao-ismael-colosi\/"},"img":{"alt_text":"","src":"https:\/\/i0.wp.com\/noticiasribeiraopreto.com.br\/wp-content\/uploads\/2025\/10\/concurso_2025-10-10_18-32-50.webp.webp?fit=1200%2C963&ssl=1&resize=350%2C200","width":350,"height":200,"srcset":"https:\/\/i0.wp.com\/noticiasribeiraopreto.com.br\/wp-content\/uploads\/2025\/10\/concurso_2025-10-10_18-32-50.webp.webp?fit=1200%2C963&ssl=1&resize=350%2C200 1x, https:\/\/i0.wp.com\/noticiasribeiraopreto.com.br\/wp-content\/uploads\/2025\/10\/concurso_2025-10-10_18-32-50.webp.webp?fit=1200%2C963&ssl=1&resize=525%2C300 1.5x, https:\/\/i0.wp.com\/noticiasribeiraopreto.com.br\/wp-content\/uploads\/2025\/10\/concurso_2025-10-10_18-32-50.webp.webp?fit=1200%2C963&ssl=1&resize=700%2C400 2x, https:\/\/i0.wp.com\/noticiasribeiraopreto.com.br\/wp-content\/uploads\/2025\/10\/concurso_2025-10-10_18-32-50.webp.webp?fit=1200%2C963&ssl=1&resize=1050%2C600 3x"},"classes":[]}],"jetpack_sharing_enabled":true,"jetpack_shortlink":"https:\/\/wp.me\/peQAOb-j4N","_links":{"self":[{"href":"https:\/\/noticiasribeiraopreto.com.br\/index.php\/wp-json\/wp\/v2\/posts\/73333","targetHints":{"allow":["GET"]}}],"collection":[{"href":"https:\/\/noticiasribeiraopreto.com.br\/index.php\/wp-json\/wp\/v2\/posts"}],"about":[{"href":"https:\/\/noticiasribeiraopreto.com.br\/index.php\/wp-json\/wp\/v2\/types\/post"}],"author":[{"embeddable":true,"href":"https:\/\/noticiasribeiraopreto.com.br\/index.php\/wp-json\/wp\/v2\/users\/1"}],"replies":[{"embeddable":true,"href":"https:\/\/noticiasribeiraopreto.com.br\/index.php\/wp-json\/wp\/v2\/comments?post=73333"}],"version-history":[{"count":0,"href":"https:\/\/noticiasribeiraopreto.com.br\/index.php\/wp-json\/wp\/v2\/posts\/73333\/revisions"}],"wp:featuredmedia":[{"embeddable":true,"href":"https:\/\/noticiasribeiraopreto.com.br\/index.php\/wp-json\/wp\/v2\/media\/73315"}],"wp:attachment":[{"href":"https:\/\/noticiasribeiraopreto.com.br\/index.php\/wp-json\/wp\/v2\/media?parent=73333"}],"wp:term":[{"taxonomy":"category","embeddable":true,"href":"https:\/\/noticiasribeiraopreto.com.br\/index.php\/wp-json\/wp\/v2\/categories?post=73333"},{"taxonomy":"post_tag","embeddable":true,"href":"https:\/\/noticiasribeiraopreto.com.br\/index.php\/wp-json\/wp\/v2\/tags?post=73333"}],"curies":[{"name":"wp","href":"https:\/\/api.w.org\/{rel}","templated":true}]}}