{"id":73334,"date":"2025-06-30T12:18:34","date_gmt":"2025-06-30T15:18:34","guid":{"rendered":"https:\/\/noticiasribeiraopreto.com.br\/index.php\/2025\/06\/30\/briga-por-causa-de-som-alto-acaba-em-morte-no-interior-de-sp\/"},"modified":"2025-06-30T12:18:34","modified_gmt":"2025-06-30T15:18:34","slug":"briga-por-causa-de-som-alto-acaba-em-morte-no-interior-de-sp","status":"publish","type":"post","link":"https:\/\/noticiasribeiraopreto.com.br\/index.php\/2025\/06\/30\/briga-por-causa-de-som-alto-acaba-em-morte-no-interior-de-sp\/","title":{"rendered":"Briga por causa de som alto acaba em morte no interior de SP"},"content":{"rendered":"<div class='code-block code-block-1' style='margin: 8px 0 8px auto; text-align: right; display: block; clear: both;'>\n<p><a href=\"https:\/\/wa.link\/vpicfd\"><img data-recalc-dims=\"1\" class=\"wp-image-4922\" style=\"aspect-ratio: 2.0253164556962027; width: 561px; height: auto;\" src=\"https:\/\/i0.wp.com\/ismaelcolosi.com.br\/wp-content\/uploads\/2023\/11\/grupo-de-empregos-whatsapp-e-facebook-ismael-colosi-vagas.jpg?ssl=1\" alt=\"\" \/><\/a><\/p>\n<!-- \/wp:image -->\n<\/div>\n<p> <br \/>\n<\/p>\n<div data-td-block-uid=\"tdi_95\">\n<div class=\"tdb-block-inner td-fix-index\">\n<p><strong>Um homem de 25 anos morreu depois de sofrer uma queda ao ser empurrado durante uma confus\u00e3o neste domingo (29), no bairro Nossa Senhora Aparecida, em Gua\u00edra, a 120 quil\u00f4metros de Ribeir\u00e3o Preto.<\/strong> Um <strong>suspeito<\/strong>, de <strong>31 anos<\/strong>, foi <strong>preso<\/strong>.<\/p>\n<p>Segundo o <strong>boletim de ocorr\u00eancia (BO)<\/strong>, <mark style=\"background-color:#fcb900\" class=\"has-inline-color has-black-color\">os dois homens teriam se desentendido por causa de som alto em um bar vizinho a casa do suspeito.<\/mark><\/p>\n<p>A v\u00edtima foi identificada como Everton Luiz Vieira da Silva.<\/p>\n<h2 class=\"wp-block-heading\"><strong>O que aconteceu<\/strong><\/h2>\n<ul class=\"wp-block-list\">\n<li>O suspeito alegou \u00e0 PM (Pol\u00edcia Militar) que a v\u00edtima permaneceu com o som alto no estabelecimento durante toda a madrugada. <\/li>\n<li>Ao pedir para que abaixasse o volume, por volta das 5h30, a v\u00edtima teria discutido com ele e empurrado sua esposa. <\/li>\n<li>Em seguida, ele disse ter sido agredido com um golpe de latinha em seu rosto.<\/li>\n<li>Na sequ\u00eancia, ele afirmou ter empurrado a v\u00edtima, que caiu no ch\u00e3o e foi socorrida por pessoas que estavam no local.<\/li>\n<\/ul>\n<p>O Pronto-socorro da cidade informou a PM sobre a morte da v\u00edtima em decorr\u00eancia de uma queda ao solo.<\/p>\n<p>O caso foi registrado no Plant\u00e3o da Delegacia Seccional de Barretos como homic\u00eddio para investiga\u00e7\u00e3o da Pol\u00edcia Civil.<\/p>\n<p>SAIBA MAIS<\/p>\n<p>Frente fria muda o tempo no estado de SP; Veja regi\u00f5es atingidas<\/p>\n<h2 class=\"wp-block-heading\"><strong>FIQUE ON<\/strong><\/h2>\n<p>Quer ficar por dentro de tudo que acontece em Ribeir\u00e3o Preto e regi\u00e3o? Ent\u00e3o siga os perfis do\u202facidade on\u202fno\u202f<a href=\"https:\/\/www.instagram.com\/acidadeonribeirao\" target=\"_blank\" rel=\"noreferrer noopener\">Instagram<\/a>\u202fe no\u202f<a href=\"https:\/\/www.facebook.com\/acidadeonribeirao\/\" target=\"_blank\" rel=\"noreferrer noopener\">Facebook<\/a>.<\/p>\n<p>Al\u00e9m disso, voc\u00ea pode receber as principais not\u00edcias diretamente no WhatsApp. Para isso, basta\u00a0<a href=\"https:\/\/chat.whatsapp.com\/BjKQZ9oJwlz8VVT50NuePq\" target=\"_blank\" rel=\"noreferrer noopener\">entrar no grupo clicando aqui<\/a>.<\/p>\n<p>Por fim, se quiser fazer uma den\u00fancia ou sugerir uma reportagem sobre Ribeir\u00e3o Preto e regi\u00e3o, envie uma mensagem pelo WhatsApp: (16) 99117-7802.<\/p>\n<p>VEJA TAMB\u00c9M<\/p>\n<p>O que Antonio Fagundes disse sobre o novo \u2018Mundo da Lua\u2019?<\/p>\n<p><!-- AI CONTENT END 1 -->\n<\/div>\n<\/div>\n<p><script async src=\"\/\/www.instagram.com\/embed.js\"><\/script><br \/>\n<br \/><br \/>\n<br \/><a href=\"https:\/\/www.acidadeon.com\/ribeiraopreto\/cotidiano\/briga-por-causa-de-som-alto-acaba-em-morte-no-interior-de-sp\/\">Source link <\/a><\/p>\n<!-- CONTENT END 1 -->\n","protected":false},"excerpt":{"rendered":"<p>Um homem de 25 anos morreu depois de sofrer uma queda ao ser empurrado durante uma confus\u00e3o neste domingo (29), no bairro Nossa Senhora Aparecida,&#8230;<\/p>\n","protected":false},"author":1,"featured_media":73335,"comment_status":"open","ping_status":"open","sticky":false,"template":"","format":"standard","meta":{"advanced_seo_description":"","jetpack_seo_html_title":"","jetpack_seo_noindex":false,"jetpack_post_was_ever_published":false,"_jetpack_newsletter_access":"","_jetpack_dont_email_post_to_subs":false,"_jetpack_newsletter_tier_id":0,"_jetpack_memberships_contains_paywalled_content":false,"_jetpack_memberships_contains_paid_content":false,"footnotes":"","jetpack_publicize_message":"","jetpack_publicize_feature_enabled":true,"jetpack_social_post_already_shared":true,"jetpack_social_options":{"image_generator_settings":{"template":"highway","default_image_id":0,"font":"","enabled":false},"version":2}},"categories":[11],"tags":[],"class_list":["post-73334","post","type-post","status-publish","format-standard","has-post-thumbnail","hentry","category-noticias-de-ribeirao-preto-sp-e-regiao-ismael-colosi"],"jetpack_publicize_connections":[],"jetpack_featured_media_url":"https:\/\/i0.wp.com\/noticiasribeiraopreto.com.br\/wp-content\/uploads\/2025\/06\/policia_qru_1024x576_05012021162009.jpg?fit=1024%2C576&ssl=1","jetpack-related-posts":[{"id":60564,"url":"https:\/\/noticiasribeiraopreto.com.br\/index.php\/2024\/11\/18\/briga-por-causa-de-som-alto-termina-com-tres-baleados-na-regiao-de-ribeirao-preto\/","url_meta":{"origin":73334,"position":0},"title":"Briga por causa de som alto termina com tr\u00eas baleados na regi\u00e3o de Ribeir\u00e3o Preto","author":"noticiasribeiraopreto.com.br","date":"18 de November de 2024","format":false,"excerpt":"Tr\u00eas homens, entre os quais dois irm\u00e3os, foram baleados durante uma confus\u00e3o por causa de sol alto na noite deste domingo (17), no Jardim \u00c1guas do Engenho, em Sert\u00e3ozinho, na regi\u00e3o de Ribeir\u00e3o Preto. Um homem de 31 anos, apontado como autor dos disparos, fugiu. Segundo ao boletim de ocorr\u00eancia\u2026","rel":"","context":"In &quot;Not\u00edcias de Ribeir\u00e3o Preto-SP e Regi\u00e3o&quot;","block_context":{"text":"Not\u00edcias de Ribeir\u00e3o Preto-SP e Regi\u00e3o","link":"https:\/\/noticiasribeiraopreto.com.br\/index.php\/category\/noticias-de-ribeirao-preto-sp-e-regiao-ismael-colosi\/"},"img":{"alt_text":"","src":"https:\/\/i0.wp.com\/noticiasribeiraopreto.com.br\/wp-content\/uploads\/2024\/11\/sao_carlos_500x320_03082019163914.jpg?fit=500%2C322&ssl=1&resize=350%2C200","width":350,"height":200},"classes":[]},{"id":73346,"url":"https:\/\/noticiasribeiraopreto.com.br\/index.php\/2025\/06\/30\/entregador-de-pizza-tem-moto-roubada-durante-o-trabalho-em-ribeirao-preto-video\/","url_meta":{"origin":73334,"position":1},"title":"Entregador de pizza tem moto roubada durante o trabalho em Ribeir\u00e3o Preto; V\u00eddeo","author":"noticiasribeiraopreto.com.br","date":"30 de June de 2025","format":false,"excerpt":"Um entregador de 21 anos teve a moto roubada por dois assaltantes enquanto entregava pizza na noite do \u00faltimo s\u00e1bado (28), no Monte Alegre, zona Oeste e Ribeir\u00e3o Preto. Assista ao v\u00eddeo abaixo. Segundo o boletim de ocorr\u00eancia (BO), Pedro Henrique de Arruda foi rendido na rua Aquidauana e disse\u2026","rel":"","context":"In &quot;Not\u00edcias de Ribeir\u00e3o Preto-SP e Regi\u00e3o&quot;","block_context":{"text":"Not\u00edcias de Ribeir\u00e3o Preto-SP e Regi\u00e3o","link":"https:\/\/noticiasribeiraopreto.com.br\/index.php\/category\/noticias-de-ribeirao-preto-sp-e-regiao-ismael-colosi\/"},"img":{"alt_text":"","src":"https:\/\/i0.wp.com\/noticiasribeiraopreto.com.br\/wp-content\/uploads\/2025\/06\/WhatsApp-Image-2025-06-30-at-11.51.09_2025-06-30_14-53-23.webp.webp?fit=1200%2C968&ssl=1&resize=350%2C200","width":350,"height":200,"srcset":"https:\/\/i0.wp.com\/noticiasribeiraopreto.com.br\/wp-content\/uploads\/2025\/06\/WhatsApp-Image-2025-06-30-at-11.51.09_2025-06-30_14-53-23.webp.webp?fit=1200%2C968&ssl=1&resize=350%2C200 1x, https:\/\/i0.wp.com\/noticiasribeiraopreto.com.br\/wp-content\/uploads\/2025\/06\/WhatsApp-Image-2025-06-30-at-11.51.09_2025-06-30_14-53-23.webp.webp?fit=1200%2C968&ssl=1&resize=525%2C300 1.5x, https:\/\/i0.wp.com\/noticiasribeiraopreto.com.br\/wp-content\/uploads\/2025\/06\/WhatsApp-Image-2025-06-30-at-11.51.09_2025-06-30_14-53-23.webp.webp?fit=1200%2C968&ssl=1&resize=700%2C400 2x, https:\/\/i0.wp.com\/noticiasribeiraopreto.com.br\/wp-content\/uploads\/2025\/06\/WhatsApp-Image-2025-06-30-at-11.51.09_2025-06-30_14-53-23.webp.webp?fit=1200%2C968&ssl=1&resize=1050%2C600 3x"},"classes":[]},{"id":60169,"url":"https:\/\/noticiasribeiraopreto.com.br\/index.php\/2024\/11\/07\/idoso-e-morto-apos-briga-por-causa-de-vaca-e-manga-em-ribeirao-preto\/","url_meta":{"origin":73334,"position":2},"title":"Idoso \u00e9 morto ap\u00f3s briga por causa de vaca e manga em Ribeir\u00e3o Preto","author":"noticiasribeiraopreto.com.br","date":"7 de November de 2024","format":false,"excerpt":"Um homem de 75 anos foi morto no fim da noite desta quarta-feira (6), depois de um desentendimento por causa de uma vaca, que teria invadido a propriedade vizinha e comido mangas na Estrada Jaime \u00c2ngelo, \u00e1rea rural conhecida como Fazenda da Barra, na zona Leste\u00a0de Ribeir\u00e3o Preto. Segundo a\u2026","rel":"","context":"In &quot;Not\u00edcias de Ribeir\u00e3o Preto-SP e Regi\u00e3o&quot;","block_context":{"text":"Not\u00edcias de Ribeir\u00e3o Preto-SP e Regi\u00e3o","link":"https:\/\/noticiasribeiraopreto.com.br\/index.php\/category\/noticias-de-ribeirao-preto-sp-e-regiao-ismael-colosi\/"},"img":{"alt_text":"","src":"https:\/\/noticiasribeiraopreto.com.br\/wp-content\/uploads\/2024\/02\/whatsapp_image_2022-08-14_at_12_10_03.jpe","width":350,"height":200,"srcset":"https:\/\/noticiasribeiraopreto.com.br\/wp-content\/uploads\/2024\/02\/whatsapp_image_2022-08-14_at_12_10_03.jpe 1x, https:\/\/noticiasribeiraopreto.com.br\/wp-content\/uploads\/2024\/02\/whatsapp_image_2022-08-14_at_12_10_03.jpe 1.5x, https:\/\/noticiasribeiraopreto.com.br\/wp-content\/uploads\/2024\/02\/whatsapp_image_2022-08-14_at_12_10_03.jpe 2x, https:\/\/noticiasribeiraopreto.com.br\/wp-content\/uploads\/2024\/02\/whatsapp_image_2022-08-14_at_12_10_03.jpe 3x"},"classes":[]},{"id":65322,"url":"https:\/\/noticiasribeiraopreto.com.br\/index.php\/2025\/03\/18\/juri-condena-casal-por-matar-vizinho-que-reclamou-de-som-alto-no-interior-de-sp\/","url_meta":{"origin":73334,"position":3},"title":"J\u00fari condena casal por matar vizinho que reclamou de som alto no interior de SP","author":"noticiasribeiraopreto.com.br","date":"18 de March de 2025","format":false,"excerpt":"O casal acusado de matar o vizinho ap\u00f3s uma discuss\u00e3o sobre som alto em Monte Alto, interior de S\u00e3o Paulo, foi julgado em j\u00fari popular nesta ter\u00e7a-feira (18). O crime ocorreu em julho de 2023, quando Fabr\u00edcio Fernandes de Oliveira foi atacado com um peda\u00e7o de madeira e uma faca.\u2026","rel":"","context":"In &quot;Not\u00edcias de Ribeir\u00e3o Preto-SP e Regi\u00e3o&quot;","block_context":{"text":"Not\u00edcias de Ribeir\u00e3o Preto-SP e Regi\u00e3o","link":"https:\/\/noticiasribeiraopreto.com.br\/index.php\/category\/noticias-de-ribeirao-preto-sp-e-regiao-ismael-colosi\/"},"img":{"alt_text":"","src":"https:\/\/i0.wp.com\/noticiasribeiraopreto.com.br\/wp-content\/uploads\/2025\/03\/Copia-de-Copia-de-Copia-de-TAMANHO-EXATO-PARA-FOTOS-NO-SISTEMA-NOVO-2025-03-18T204333.513_2025-03-18_23-44-10_png_2025-03-18_23-44-10.webp.webp?fit=1200%2C675&ssl=1&resize=350%2C200","width":350,"height":200,"srcset":"https:\/\/i0.wp.com\/noticiasribeiraopreto.com.br\/wp-content\/uploads\/2025\/03\/Copia-de-Copia-de-Copia-de-TAMANHO-EXATO-PARA-FOTOS-NO-SISTEMA-NOVO-2025-03-18T204333.513_2025-03-18_23-44-10_png_2025-03-18_23-44-10.webp.webp?fit=1200%2C675&ssl=1&resize=350%2C200 1x, https:\/\/i0.wp.com\/noticiasribeiraopreto.com.br\/wp-content\/uploads\/2025\/03\/Copia-de-Copia-de-Copia-de-TAMANHO-EXATO-PARA-FOTOS-NO-SISTEMA-NOVO-2025-03-18T204333.513_2025-03-18_23-44-10_png_2025-03-18_23-44-10.webp.webp?fit=1200%2C675&ssl=1&resize=525%2C300 1.5x, https:\/\/i0.wp.com\/noticiasribeiraopreto.com.br\/wp-content\/uploads\/2025\/03\/Copia-de-Copia-de-Copia-de-TAMANHO-EXATO-PARA-FOTOS-NO-SISTEMA-NOVO-2025-03-18T204333.513_2025-03-18_23-44-10_png_2025-03-18_23-44-10.webp.webp?fit=1200%2C675&ssl=1&resize=700%2C400 2x, https:\/\/i0.wp.com\/noticiasribeiraopreto.com.br\/wp-content\/uploads\/2025\/03\/Copia-de-Copia-de-Copia-de-TAMANHO-EXATO-PARA-FOTOS-NO-SISTEMA-NOVO-2025-03-18T204333.513_2025-03-18_23-44-10_png_2025-03-18_23-44-10.webp.webp?fit=1200%2C675&ssl=1&resize=1050%2C600 3x"},"classes":[]},{"id":51209,"url":"https:\/\/noticiasribeiraopreto.com.br\/index.php\/2024\/05\/24\/suspeito-de-matar-homem-apos-ser-atraido-para-encontro-e-preso-na-regiao-de-ribeirao\/","url_meta":{"origin":73334,"position":4},"title":"Suspeito de matar homem ap\u00f3s ser atra\u00eddo para encontro \u00e9 preso na regi\u00e3o de Ribeir\u00e3o","author":"noticiasribeiraopreto.com.br","date":"24 de May de 2024","format":false,"excerpt":"O homem suspeito de matar Elias Vicente da Silva, de 57 anos, na tarde desta ter\u00e7a-feira (21), em Bebedouro, cidade na regi\u00e3o de Ribeir\u00e3o Preto, se apresentou a pol\u00edcia e confessou o crime nesta quinta-feira (23). De acordo com o delegado, Jo\u00e3o Vitor Silv\u00e9rio, a pris\u00e3o preventiva de Igor da\u2026","rel":"","context":"In &quot;Not\u00edcias de Ribeir\u00e3o Preto-SP e Regi\u00e3o&quot;","block_context":{"text":"Not\u00edcias de Ribeir\u00e3o Preto-SP e Regi\u00e3o","link":"https:\/\/noticiasribeiraopreto.com.br\/index.php\/category\/noticias-de-ribeirao-preto-sp-e-regiao-ismael-colosi\/"},"img":{"alt_text":"","src":"https:\/\/i0.wp.com\/noticiasribeiraopreto.com.br\/wp-content\/uploads\/2024\/05\/Copia-de-Copia-de-TAMANHO-EXATO-PARA-FOTOS-NO-SISTEMA-NOVO-51_2024-05-23_18-08-22_png_2024-05-23_18-08-23.webp.webp?fit=1200%2C675&ssl=1&resize=350%2C200","width":350,"height":200,"srcset":"https:\/\/i0.wp.com\/noticiasribeiraopreto.com.br\/wp-content\/uploads\/2024\/05\/Copia-de-Copia-de-TAMANHO-EXATO-PARA-FOTOS-NO-SISTEMA-NOVO-51_2024-05-23_18-08-22_png_2024-05-23_18-08-23.webp.webp?fit=1200%2C675&ssl=1&resize=350%2C200 1x, https:\/\/i0.wp.com\/noticiasribeiraopreto.com.br\/wp-content\/uploads\/2024\/05\/Copia-de-Copia-de-TAMANHO-EXATO-PARA-FOTOS-NO-SISTEMA-NOVO-51_2024-05-23_18-08-22_png_2024-05-23_18-08-23.webp.webp?fit=1200%2C675&ssl=1&resize=525%2C300 1.5x, https:\/\/i0.wp.com\/noticiasribeiraopreto.com.br\/wp-content\/uploads\/2024\/05\/Copia-de-Copia-de-TAMANHO-EXATO-PARA-FOTOS-NO-SISTEMA-NOVO-51_2024-05-23_18-08-22_png_2024-05-23_18-08-23.webp.webp?fit=1200%2C675&ssl=1&resize=700%2C400 2x, https:\/\/i0.wp.com\/noticiasribeiraopreto.com.br\/wp-content\/uploads\/2024\/05\/Copia-de-Copia-de-TAMANHO-EXATO-PARA-FOTOS-NO-SISTEMA-NOVO-51_2024-05-23_18-08-22_png_2024-05-23_18-08-23.webp.webp?fit=1200%2C675&ssl=1&resize=1050%2C600 3x"},"classes":[]},{"id":84721,"url":"https:\/\/noticiasribeiraopreto.com.br\/index.php\/2026\/04\/14\/pm-e-preso-suspeito-de-matar-morador-de-ribeirao-preto-em-bar-no-rj\/","url_meta":{"origin":73334,"position":5},"title":"PM \u00e9 preso suspeito de matar morador de Ribeir\u00e3o Preto em bar no RJ","author":"noticiasribeiraopreto.com.br","date":"14 de April de 2026","format":false,"excerpt":"Ler o resumo da not\u00edcia PM Milton Lopes dos Santos, do 31\u00ba BPM, foi preso suspeito de matar Ryan Victor Ara\u00fajo dos Santos, de 28 anos, em bar na Barra da Tijuca, RJ. A v\u00edtima era moradora de Ribeir\u00e3o Preto; o crime ocorreu ap\u00f3s discuss\u00e3o por causa de um camarote\u2026","rel":"","context":"In &quot;Not\u00edcias de Ribeir\u00e3o Preto-SP e Regi\u00e3o&quot;","block_context":{"text":"Not\u00edcias de Ribeir\u00e3o Preto-SP e Regi\u00e3o","link":"https:\/\/noticiasribeiraopreto.com.br\/index.php\/category\/noticias-de-ribeirao-preto-sp-e-regiao-ismael-colosi\/"},"img":{"alt_text":"","src":"https:\/\/i0.wp.com\/noticiasribeiraopreto.com.br\/wp-content\/uploads\/2026\/04\/palace-2026-04-13T174425.439_2026-04-13_20-44-44.webp.webp?fit=1200%2C675&ssl=1&resize=350%2C200","width":350,"height":200,"srcset":"https:\/\/i0.wp.com\/noticiasribeiraopreto.com.br\/wp-content\/uploads\/2026\/04\/palace-2026-04-13T174425.439_2026-04-13_20-44-44.webp.webp?fit=1200%2C675&ssl=1&resize=350%2C200 1x, https:\/\/i0.wp.com\/noticiasribeiraopreto.com.br\/wp-content\/uploads\/2026\/04\/palace-2026-04-13T174425.439_2026-04-13_20-44-44.webp.webp?fit=1200%2C675&ssl=1&resize=525%2C300 1.5x, https:\/\/i0.wp.com\/noticiasribeiraopreto.com.br\/wp-content\/uploads\/2026\/04\/palace-2026-04-13T174425.439_2026-04-13_20-44-44.webp.webp?fit=1200%2C675&ssl=1&resize=700%2C400 2x, https:\/\/i0.wp.com\/noticiasribeiraopreto.com.br\/wp-content\/uploads\/2026\/04\/palace-2026-04-13T174425.439_2026-04-13_20-44-44.webp.webp?fit=1200%2C675&ssl=1&resize=1050%2C600 3x"},"classes":[]}],"jetpack_sharing_enabled":true,"jetpack_shortlink":"https:\/\/wp.me\/peQAOb-j4O","_links":{"self":[{"href":"https:\/\/noticiasribeiraopreto.com.br\/index.php\/wp-json\/wp\/v2\/posts\/73334","targetHints":{"allow":["GET"]}}],"collection":[{"href":"https:\/\/noticiasribeiraopreto.com.br\/index.php\/wp-json\/wp\/v2\/posts"}],"about":[{"href":"https:\/\/noticiasribeiraopreto.com.br\/index.php\/wp-json\/wp\/v2\/types\/post"}],"author":[{"embeddable":true,"href":"https:\/\/noticiasribeiraopreto.com.br\/index.php\/wp-json\/wp\/v2\/users\/1"}],"replies":[{"embeddable":true,"href":"https:\/\/noticiasribeiraopreto.com.br\/index.php\/wp-json\/wp\/v2\/comments?post=73334"}],"version-history":[{"count":0,"href":"https:\/\/noticiasribeiraopreto.com.br\/index.php\/wp-json\/wp\/v2\/posts\/73334\/revisions"}],"wp:featuredmedia":[{"embeddable":true,"href":"https:\/\/noticiasribeiraopreto.com.br\/index.php\/wp-json\/wp\/v2\/media\/73335"}],"wp:attachment":[{"href":"https:\/\/noticiasribeiraopreto.com.br\/index.php\/wp-json\/wp\/v2\/media?parent=73334"}],"wp:term":[{"taxonomy":"category","embeddable":true,"href":"https:\/\/noticiasribeiraopreto.com.br\/index.php\/wp-json\/wp\/v2\/categories?post=73334"},{"taxonomy":"post_tag","embeddable":true,"href":"https:\/\/noticiasribeiraopreto.com.br\/index.php\/wp-json\/wp\/v2\/tags?post=73334"}],"curies":[{"name":"wp","href":"https:\/\/api.w.org\/{rel}","templated":true}]}}