{"id":73336,"date":"2025-06-30T12:36:14","date_gmt":"2025-06-30T15:36:14","guid":{"rendered":"https:\/\/noticiasribeiraopreto.com.br\/index.php\/2025\/06\/30\/justica-solta-mulher-de-marlon\/"},"modified":"2025-06-30T12:36:14","modified_gmt":"2025-06-30T15:36:14","slug":"justica-solta-mulher-de-marlon","status":"publish","type":"post","link":"https:\/\/noticiasribeiraopreto.com.br\/index.php\/2025\/06\/30\/justica-solta-mulher-de-marlon\/","title":{"rendered":"Justi\u00e7a solta mulher de Marlon"},"content":{"rendered":"<div class='code-block code-block-1' style='margin: 8px 0 8px auto; text-align: right; display: block; clear: both;'>\n<p><a href=\"https:\/\/wa.link\/vpicfd\"><img data-recalc-dims=\"1\" class=\"wp-image-4922\" style=\"aspect-ratio: 2.0253164556962027; width: 561px; height: auto;\" src=\"https:\/\/i0.wp.com\/ismaelcolosi.com.br\/wp-content\/uploads\/2023\/11\/grupo-de-empregos-whatsapp-e-facebook-ismael-colosi-vagas.jpg?ssl=1\" alt=\"\" \/><\/a><\/p>\n<!-- \/wp:image -->\n<\/div>\n<p> <br \/>\n<\/p>\n<div id=\"\">\n<h2 class=\"penci-post-subtitle\">Marcela de Almeida, esposa de foragido que confessou o crime, foi libertada pela Justi\u00e7a; irm\u00e3o do autor tamb\u00e9m \u00e9 investigado<\/h2>\n<p>\n\t\t\t\t\t\t\t\t\t<span class=\"entry-meta-item penci-posted-on\"><i class=\"fa fa-clock-o\"\/><time class=\"entry-date published\" datetime=\"2025-06-30T12:31:49-03:00\">30 de junho de 2025 12:31<\/time><time class=\"updated\" datetime=\"2025-06-30T12:35:04-03:00\">30 de junho de 2025 12:35<\/time><\/span><span class=\"entry-meta-item penci-post-countview\"><span class=\"entry-meta-item penci-post-countview penci_post-meta_item\"><i class=\"fa fa-eye\"\/><span class=\"penci-post-countview-number penci-post-countview-p430166\">7<\/span><\/span><\/span>\t\t\t\t\t\t\t\t<\/p>\n<p><!-- .entry-meta --><br \/>\n\t\t\t\t\t\t\t\t<span class=\"penci-social-buttons penci-social-share-footer\"><span class=\"penci-social-share-text\">Compartilhar<\/span><a href=\"#\" class=\"penci-post-like penci_post-meta_item  single-like-button penci-social-item like\" data-post_id=\"430166\" title=\"Like\" data-like=\"Like\" data-unlike=\"Unlike\"><i class=\"fa fa-thumbs-o-up\"\/><span class=\"penci-share-number\">1<\/span><\/a><i class=\"fa fa-facebook\"\/><a class=\"penci-social-item twitter\" target=\"_blank\" rel=\"noopener\" title=\"\" href=\"https:\/\/twitter.com\/intent\/tweet?text=Justi\u00e7a%20solta%20mulher%20de%20Marlon%20-%20https:\/\/www.tribunaribeirao.com.br\/430166-2\/\"><i class=\"fa fa-twitter\"\/><\/a><i class=\"fa fa-linkedin\"\/><i class=\"fa fa-whatsapp\"\/><i class=\"fa fa-telegram\"\/><i class=\"fa fa-envelope\"\/><\/span>\t\t\t\t\t\t\t<\/div>\n<div>\n<p>Por: Adalberto Luque<\/p>\n<p>A Justi\u00e7a determinou a soltura de Marcela Silva de Almeida, investigada no caso do desaparecimento do empres\u00e1rio Nelson Carreira Filho, ocorrido em 16 de maio, em Cravinhos (SP). Ela \u00e9 esposa de Marlon Couto, que confessou ter matado a v\u00edtima e jogado o corpo no Rio Pardo, em Miguel\u00f3polis. O empres\u00e1rio continua desaparecido.<\/p>\n<p>Marcela foi presa temporariamente no in\u00edcio de junho, ap\u00f3s se entregar \u00e0 Pol\u00edcia Civil, mas foi liberada neste domingo (29). Estava presa na cadeia de Santa Rosa de Viterbo. Segundo sua defesa, n\u00e3o h\u00e1 ind\u00edcios concretos da participa\u00e7\u00e3o dela no crime.<\/p>\n<p>\u201cN\u00e3o existe nos autos do inqu\u00e9rito policial nenhum elemento de prova efetivamente, que indique a participa\u00e7\u00e3o da Marcela no crime de homic\u00eddio. Muito menos no crime de oculta\u00e7\u00e3o de cad\u00e1ver\u201d, afirmou a advogada Renata Medeiros Nagib Aguiar, respons\u00e1vel pelo pedido de habeas corpus.<\/p>\n<figure id=\"attachment_427564\" aria-describedby=\"caption-attachment-427564\" style=\"width: 962px\" class=\"wp-caption alignnone\"><img data-recalc-dims=\"1\" loading=\"lazy\" decoding=\"async\" class=\"size-full wp-image-427564\" src=\"https:\/\/i0.wp.com\/www.tribunaribeirao.com.br\/wp-content\/uploads\/2025\/06\/30-mai-2025-casonelsonmarlom2.jpg?resize=962%2C686&#038;ssl=1\" alt=\"\" width=\"962\" height=\"686\" srcset=\"https:\/\/www.tribunaribeirao.com.br\/wp-content\/uploads\/2025\/06\/30-mai-2025-casonelsonmarlom2.jpg 962w, https:\/\/www.tribunaribeirao.com.br\/wp-content\/uploads\/2025\/06\/30-mai-2025-casonelsonmarlom2-300x214.jpg 300w, https:\/\/www.tribunaribeirao.com.br\/wp-content\/uploads\/2025\/06\/30-mai-2025-casonelsonmarlom2-768x548.jpg 768w, https:\/\/www.tribunaribeirao.com.br\/wp-content\/uploads\/2025\/06\/30-mai-2025-casonelsonmarlom2-960x685.jpg 960w, https:\/\/www.tribunaribeirao.com.br\/wp-content\/uploads\/2025\/06\/30-mai-2025-casonelsonmarlom2-561x400.jpg 561w, https:\/\/www.tribunaribeirao.com.br\/wp-content\/uploads\/2025\/06\/30-mai-2025-casonelsonmarlom2-585x417.jpg 585w\" sizes=\"auto, (max-width: 962px) 100vw, 962px\"\/><figcaption id=\"caption-attachment-427564\" class=\"wp-caption-text\">Marlon segue foragido, mas defesa disse que ele quer se apresentar (Foto: Reprodu\u00e7\u00e3o YouTube)<\/figcaption><\/figure>\n<p>Renata assumiu a defesa de Marlon e Marcela, que antes estava sob responsabilidade do advogado Nathan Castelo Branco.<\/p>\n<p>As investiga\u00e7\u00f5es indicam que Marcela viajou com o marido a S\u00e3o Paulo um dia ap\u00f3s o crime para prestar apoio \u00e0 fam\u00edlia de Nelson. Marlon continua foragido, mas, segundo a defesa, tem inten\u00e7\u00e3o de se apresentar \u00e0 pol\u00edcia \u2014 ainda sem data definida.<\/p>\n<p><strong>Outros investigados<\/strong><\/p>\n<p>O caso tamb\u00e9m passou a envolver Murilo Couto Paula, irm\u00e3o de Marlon. Ele foi flagrado por c\u00e2meras de ped\u00e1gio de Sales Oliveira trafegando com o carro do irm\u00e3o no dia do crime. Al\u00e9m disso, a pol\u00edcia apurou que Murilo pagou uma dedetiza\u00e7\u00e3o de R$ 1,5 mil na empresa de Marlon no mesmo dia do desaparecimento de Nelson. A suspeita \u00e9 que a dedetiza\u00e7\u00e3o tenha sido usada para afastar funcion\u00e1rios do local e facilitar uma emboscada.<\/p>\n<figure id=\"attachment_427566\" aria-describedby=\"caption-attachment-427566\" style=\"width: 536px\" class=\"wp-caption alignleft\"><img data-recalc-dims=\"1\" loading=\"lazy\" decoding=\"async\" class=\" wp-image-427566\" src=\"https:\/\/i0.wp.com\/www.tribunaribeirao.com.br\/wp-content\/uploads\/2025\/06\/29-mai-2025-Nelson-Carreira-Filho-foto-redes-sociais-2.jpg?resize=536%2C484&#038;ssl=1\" alt=\"\" width=\"536\" height=\"484\" srcset=\"https:\/\/www.tribunaribeirao.com.br\/wp-content\/uploads\/2025\/06\/29-mai-2025-Nelson-Carreira-Filho-foto-redes-sociais-2.jpg 465w, https:\/\/www.tribunaribeirao.com.br\/wp-content\/uploads\/2025\/06\/29-mai-2025-Nelson-Carreira-Filho-foto-redes-sociais-2-300x271.jpg 300w, https:\/\/www.tribunaribeirao.com.br\/wp-content\/uploads\/2025\/06\/29-mai-2025-Nelson-Carreira-Filho-foto-redes-sociais-2-443x400.jpg 443w\" sizes=\"auto, (max-width: 536px) 100vw, 536px\"\/><figcaption id=\"caption-attachment-427566\" class=\"wp-caption-text\">Nelson est\u00e1 desaparecido desde o dia 16 de maio, quando foi a Cravinhos para reuni\u00e3o de neg\u00f3cios (Foto: Redes Sociais)<\/figcaption><\/figure>\n<p>O delegado Heitor Moreira Assis, respons\u00e1vel pela investiga\u00e7\u00e3o, acredita que o procedimento tamb\u00e9m serviu para eliminar vest\u00edgios. O inqu\u00e9rito pode ser conclu\u00eddo nos pr\u00f3ximos dias, com pedido de pris\u00e3o ao menos contra um dos envolvidos: Tadeu Almeida, gerente da empresa de Marlon, que j\u00e1 est\u00e1 preso. Ele teve a pris\u00e3o tempor\u00e1ria prorrogada por mais 30 dias.<\/p>\n<p>Felipe Miranda, que admitiu ter jogado o corpo de Nelson no Rio Grande, em Miguel\u00f3polis, tamb\u00e9m teve pedido de prorroga\u00e7\u00e3o solicitado pelo delegado, mas a Justi\u00e7a ainda n\u00e3o se manifestou a respeito. A defesa de Murilo nega qualquer envolvimento dele no crime ou conhecimento pr\u00e9vio do caso.<\/p>\n<\/div>\n<p><script async src=\"\/\/platform.twitter.com\/widgets.js\" charset=\"utf-8\"><\/script><br \/>\n<br \/><br \/>\n<br \/><a href=\"https:\/\/www.tribunaribeirao.com.br\/430166-2\/\">Source link <\/a><\/p>\n<!-- CONTENT END 1 -->\n","protected":false},"excerpt":{"rendered":"<p>Marcela de Almeida, esposa de foragido que confessou o crime, foi libertada pela Justi\u00e7a; irm\u00e3o do autor tamb\u00e9m \u00e9 investigado 30 de junho de 2025&#8230;<\/p>\n","protected":false},"author":1,"featured_media":73337,"comment_status":"open","ping_status":"open","sticky":false,"template":"","format":"standard","meta":{"advanced_seo_description":"","jetpack_seo_html_title":"","jetpack_seo_noindex":false,"jetpack_post_was_ever_published":false,"_jetpack_newsletter_access":"","_jetpack_dont_email_post_to_subs":false,"_jetpack_newsletter_tier_id":0,"_jetpack_memberships_contains_paywalled_content":false,"_jetpack_memberships_contains_paid_content":false,"footnotes":"","jetpack_publicize_message":"","jetpack_publicize_feature_enabled":true,"jetpack_social_post_already_shared":true,"jetpack_social_options":{"image_generator_settings":{"template":"highway","default_image_id":0,"font":"","enabled":false},"version":2}},"categories":[11],"tags":[],"class_list":["post-73336","post","type-post","status-publish","format-standard","has-post-thumbnail","hentry","category-noticias-de-ribeirao-preto-sp-e-regiao-ismael-colosi"],"jetpack_publicize_connections":[],"jetpack_featured_media_url":"https:\/\/i0.wp.com\/noticiasribeiraopreto.com.br\/wp-content\/uploads\/2025\/06\/30-mai-2025-casonelsonmarcela2.jpg?fit=602%2C807&ssl=1","jetpack-related-posts":[{"id":71978,"url":"https:\/\/noticiasribeiraopreto.com.br\/index.php\/2025\/06\/12\/maraca-assume-a-prefeitura-de-rp\/","url_meta":{"origin":73336,"position":0},"title":"Maraca assume a prefeitura de RP","author":"noticiasribeiraopreto.com.br","date":"12 de June de 2025","format":false,"excerpt":"12 de junho de 2025 08:3011 de junho de 2025 19:330 Compartilhar0 Durante seis dias \u2013 entre esta quinta-feira (12) e o dia 17 de junho \u2013, Alessandro Maraca (MDB) ser\u00e1 o prefeito de Ribeir\u00e3o Preto, j\u00e1 que o titular, Ricardo Silva (PSD) viajou para Israel, onde participar\u00e1 da MUNIEXPO\u2026","rel":"","context":"In &quot;Not\u00edcias de Ribeir\u00e3o Preto-SP e Regi\u00e3o&quot;","block_context":{"text":"Not\u00edcias de Ribeir\u00e3o Preto-SP e Regi\u00e3o","link":"https:\/\/noticiasribeiraopreto.com.br\/index.php\/category\/noticias-de-ribeirao-preto-sp-e-regiao-ismael-colosi\/"},"img":{"alt_text":"","src":"https:\/\/i0.wp.com\/noticiasribeiraopreto.com.br\/wp-content\/uploads\/2025\/06\/Silva-Alfredo-Risk-scaled.jpg?fit=750%2C500&ssl=1&resize=350%2C200","width":350,"height":200,"srcset":"https:\/\/i0.wp.com\/noticiasribeiraopreto.com.br\/wp-content\/uploads\/2025\/06\/Silva-Alfredo-Risk-scaled.jpg?fit=750%2C500&ssl=1&resize=350%2C200 1x, https:\/\/i0.wp.com\/noticiasribeiraopreto.com.br\/wp-content\/uploads\/2025\/06\/Silva-Alfredo-Risk-scaled.jpg?fit=750%2C500&ssl=1&resize=525%2C300 1.5x, https:\/\/i0.wp.com\/noticiasribeiraopreto.com.br\/wp-content\/uploads\/2025\/06\/Silva-Alfredo-Risk-scaled.jpg?fit=750%2C500&ssl=1&resize=700%2C400 2x"},"classes":[]},{"id":73207,"url":"https:\/\/noticiasribeiraopreto.com.br\/index.php\/2025\/06\/26\/justica-revoga-prisao-de-homem-que-atirou-em-atendente-de-shopping\/","url_meta":{"origin":73336,"position":1},"title":"Justi\u00e7a revoga pris\u00e3o de homem que atirou em atendente de shopping","author":"noticiasribeiraopreto.com.br","date":"26 de June de 2025","format":false,"excerpt":"26 de junho de 2025 21:280 Compartilhar0 A Justi\u00e7a de S\u00e3o Paulo determinou, nesta quarta-feira (25), a revoga\u00e7\u00e3o da pris\u00e3o preventiva de Al\u00edpio Jo\u00e3o Junior, de 58 anos, acusado de atirar com uma arma de press\u00e3o contra um jovem prestador de servi\u00e7os no estacionamento de um shopping da zona Leste\u2026","rel":"","context":"In &quot;Not\u00edcias de Ribeir\u00e3o Preto-SP e Regi\u00e3o&quot;","block_context":{"text":"Not\u00edcias de Ribeir\u00e3o Preto-SP e Regi\u00e3o","link":"https:\/\/noticiasribeiraopreto.com.br\/index.php\/category\/noticias-de-ribeirao-preto-sp-e-regiao-ismael-colosi\/"},"img":{"alt_text":"","src":"https:\/\/i0.wp.com\/noticiasribeiraopreto.com.br\/wp-content\/uploads\/2025\/06\/alipio1.jpeg?fit=716%2C584&ssl=1&resize=350%2C200","width":350,"height":200,"srcset":"https:\/\/i0.wp.com\/noticiasribeiraopreto.com.br\/wp-content\/uploads\/2025\/06\/alipio1.jpeg?fit=716%2C584&ssl=1&resize=350%2C200 1x, https:\/\/i0.wp.com\/noticiasribeiraopreto.com.br\/wp-content\/uploads\/2025\/06\/alipio1.jpeg?fit=716%2C584&ssl=1&resize=525%2C300 1.5x, https:\/\/i0.wp.com\/noticiasribeiraopreto.com.br\/wp-content\/uploads\/2025\/06\/alipio1.jpeg?fit=716%2C584&ssl=1&resize=700%2C400 2x"},"classes":[]},{"id":72932,"url":"https:\/\/noticiasribeiraopreto.com.br\/index.php\/2025\/06\/23\/justica-eleitoral-procura-mesarios-tribuna-ribeirao\/","url_meta":{"origin":73336,"position":2},"title":"Justi\u00e7a Eleitoral procura mes\u00e1rios &#8211; Tribuna Ribeir\u00e3o","author":"noticiasribeiraopreto.com.br","date":"23 de June de 2025","format":false,"excerpt":"23 de junho de 2025 10:3022 de junho de 2025 18:2710 Compartilhar0 Faltando pouco mais de um ano para as elei\u00e7\u00f5es gerais de 2026, o Tribunal Regional Eleitoral de S\u00e3o Paulo (TRE-SP) est\u00e1 mobilizado para conseguir pessoas para atuarem como mes\u00e1rios volunt\u00e1rios no pr\u00f3ximo pleito. Os mes\u00e1rios desempenham um papel\u2026","rel":"","context":"In &quot;Not\u00edcias de Ribeir\u00e3o Preto-SP e Regi\u00e3o&quot;","block_context":{"text":"Not\u00edcias de Ribeir\u00e3o Preto-SP e Regi\u00e3o","link":"https:\/\/noticiasribeiraopreto.com.br\/index.php\/category\/noticias-de-ribeirao-preto-sp-e-regiao-ismael-colosi\/"},"img":{"alt_text":"","src":"https:\/\/i0.wp.com\/noticiasribeiraopreto.com.br\/wp-content\/uploads\/2025\/06\/Mesarios-Alfredo-Risk-Arquivo-scaled.jpg?fit=750%2C500&ssl=1&resize=350%2C200","width":350,"height":200,"srcset":"https:\/\/i0.wp.com\/noticiasribeiraopreto.com.br\/wp-content\/uploads\/2025\/06\/Mesarios-Alfredo-Risk-Arquivo-scaled.jpg?fit=750%2C500&ssl=1&resize=350%2C200 1x, https:\/\/i0.wp.com\/noticiasribeiraopreto.com.br\/wp-content\/uploads\/2025\/06\/Mesarios-Alfredo-Risk-Arquivo-scaled.jpg?fit=750%2C500&ssl=1&resize=525%2C300 1.5x, https:\/\/i0.wp.com\/noticiasribeiraopreto.com.br\/wp-content\/uploads\/2025\/06\/Mesarios-Alfredo-Risk-Arquivo-scaled.jpg?fit=750%2C500&ssl=1&resize=700%2C400 2x"},"classes":[]},{"id":72752,"url":"https:\/\/noticiasribeiraopreto.com.br\/index.php\/2025\/06\/20\/familia-de-servidor-morto-xingado-em-sessao-da-camara-de-rp-vai-a-justica\/","url_meta":{"origin":73336,"position":3},"title":"Fam\u00edlia de servidor morto xingado em sess\u00e3o da C\u00e2mara de RP vai \u00e0 Justi\u00e7a","author":"noticiasribeiraopreto.com.br","date":"20 de June de 2025","format":false,"excerpt":"20 de junho de 2025 18:350 Compartilhar0 A fam\u00edlia do, j\u00e1 falecido, Assessor da Secretaria da Casa Civil de Ribeir\u00e3o Preto, Marcus Vin\u00edcius Moreira de Carvalho \u2013 durante o governo do ent\u00e3o prefeito Duarte Nogueira (PSDB) \u2013 vai recorrer \u00e0 Justi\u00e7a em busca de retrata\u00e7\u00e3o. A medida foi decidida e\u2026","rel":"","context":"In &quot;Not\u00edcias de Ribeir\u00e3o Preto-SP e Regi\u00e3o&quot;","block_context":{"text":"Not\u00edcias de Ribeir\u00e3o Preto-SP e Regi\u00e3o","link":"https:\/\/noticiasribeiraopreto.com.br\/index.php\/category\/noticias-de-ribeirao-preto-sp-e-regiao-ismael-colosi\/"},"img":{"alt_text":"","src":"https:\/\/i0.wp.com\/noticiasribeiraopreto.com.br\/wp-content\/uploads\/2025\/06\/corte_wbessa-scaled.jpg?fit=800%2C450&ssl=1&resize=350%2C200","width":350,"height":200,"srcset":"https:\/\/i0.wp.com\/noticiasribeiraopreto.com.br\/wp-content\/uploads\/2025\/06\/corte_wbessa-scaled.jpg?fit=800%2C450&ssl=1&resize=350%2C200 1x, https:\/\/i0.wp.com\/noticiasribeiraopreto.com.br\/wp-content\/uploads\/2025\/06\/corte_wbessa-scaled.jpg?fit=800%2C450&ssl=1&resize=525%2C300 1.5x, https:\/\/i0.wp.com\/noticiasribeiraopreto.com.br\/wp-content\/uploads\/2025\/06\/corte_wbessa-scaled.jpg?fit=800%2C450&ssl=1&resize=700%2C400 2x"},"classes":[]},{"id":58352,"url":"https:\/\/noticiasribeiraopreto.com.br\/index.php\/2024\/09\/25\/advogado-suspeito-de-mediar-vendas-de-sentencas-foi-preso-na-regiao-de-ribeirao\/","url_meta":{"origin":73336,"position":4},"title":"Advogado suspeito de mediar vendas de senten\u00e7as foi preso na regi\u00e3o de Ribeir\u00e3o","author":"noticiasribeiraopreto.com.br","date":"25 de September de 2024","format":false,"excerpt":"O advogado Luiz Pires Moraes Neto, suspeito de intermediar vendas de senten\u00e7as no Tribunal de Justi\u00e7a de S\u00e3o Paulo (TJ-SP), foi preso nesta quarta-feira (25), em Santa Rosa de Viterbo, na regi\u00e3o de Ribeir\u00e3o Preto. A suspeita \u00e9 de que Luiz Pires foi at\u00e9 o Paraguai para buscar dinheiro vivo\u2026","rel":"","context":"In &quot;Not\u00edcias de Ribeir\u00e3o Preto-SP e Regi\u00e3o&quot;","block_context":{"text":"Not\u00edcias de Ribeir\u00e3o Preto-SP e Regi\u00e3o","link":"https:\/\/noticiasribeiraopreto.com.br\/index.php\/category\/noticias-de-ribeirao-preto-sp-e-regiao-ismael-colosi\/"},"img":{"alt_text":"","src":"https:\/\/i0.wp.com\/noticiasribeiraopreto.com.br\/wp-content\/uploads\/2024\/09\/Copia-de-Copia-de-Copia-de-TAMANHO-EXATO-PARA-FOTOS-NO-SISTEMA-NOVO-45_2024-09-25_15-20-14_png_2024-09-25_15-20-14.webp.webp?fit=1200%2C675&ssl=1&resize=350%2C200","width":350,"height":200,"srcset":"https:\/\/i0.wp.com\/noticiasribeiraopreto.com.br\/wp-content\/uploads\/2024\/09\/Copia-de-Copia-de-Copia-de-TAMANHO-EXATO-PARA-FOTOS-NO-SISTEMA-NOVO-45_2024-09-25_15-20-14_png_2024-09-25_15-20-14.webp.webp?fit=1200%2C675&ssl=1&resize=350%2C200 1x, https:\/\/i0.wp.com\/noticiasribeiraopreto.com.br\/wp-content\/uploads\/2024\/09\/Copia-de-Copia-de-Copia-de-TAMANHO-EXATO-PARA-FOTOS-NO-SISTEMA-NOVO-45_2024-09-25_15-20-14_png_2024-09-25_15-20-14.webp.webp?fit=1200%2C675&ssl=1&resize=525%2C300 1.5x, https:\/\/i0.wp.com\/noticiasribeiraopreto.com.br\/wp-content\/uploads\/2024\/09\/Copia-de-Copia-de-Copia-de-TAMANHO-EXATO-PARA-FOTOS-NO-SISTEMA-NOVO-45_2024-09-25_15-20-14_png_2024-09-25_15-20-14.webp.webp?fit=1200%2C675&ssl=1&resize=700%2C400 2x, https:\/\/i0.wp.com\/noticiasribeiraopreto.com.br\/wp-content\/uploads\/2024\/09\/Copia-de-Copia-de-Copia-de-TAMANHO-EXATO-PARA-FOTOS-NO-SISTEMA-NOVO-45_2024-09-25_15-20-14_png_2024-09-25_15-20-14.webp.webp?fit=1200%2C675&ssl=1&resize=1050%2C600 3x"},"classes":[]},{"id":75955,"url":"https:\/\/noticiasribeiraopreto.com.br\/index.php\/2025\/08\/19\/justica-expulsa-fazendeiro-de-condominio\/","url_meta":{"origin":73336,"position":5},"title":"Justi\u00e7a expulsa fazendeiro de condom\u00ednio","author":"noticiasribeiraopreto.com.br","date":"19 de August de 2025","format":false,"excerpt":"Decis\u00e3o contempla resultado de assembleia de moradores e impede que Al\u00edpio Jo\u00e3o J\u00fanior volte ao pr\u00e9dio 19 de agosto de 2025 12:091 Compartilhar0 Por: Adalberto Luque O Tribunal de Justi\u00e7a de S\u00e3o Paulo determinou a expuls\u00e3o do fazendeiro Al\u00edpio Jo\u00e3o J\u00fanior do condom\u00ednio onde morava, no Centro de Ribeir\u00e3o Preto.\u2026","rel":"","context":"In &quot;Not\u00edcias de Ribeir\u00e3o Preto-SP e Regi\u00e3o&quot;","block_context":{"text":"Not\u00edcias de Ribeir\u00e3o Preto-SP e Regi\u00e3o","link":"https:\/\/noticiasribeiraopreto.com.br\/index.php\/category\/noticias-de-ribeirao-preto-sp-e-regiao-ismael-colosi\/"},"img":{"alt_text":"","src":"https:\/\/i0.wp.com\/noticiasribeiraopreto.com.br\/wp-content\/uploads\/2025\/08\/16-jul-2025-alipiojoaojunior2.jpg?fit=984%2C616&ssl=1&resize=350%2C200","width":350,"height":200,"srcset":"https:\/\/i0.wp.com\/noticiasribeiraopreto.com.br\/wp-content\/uploads\/2025\/08\/16-jul-2025-alipiojoaojunior2.jpg?fit=984%2C616&ssl=1&resize=350%2C200 1x, https:\/\/i0.wp.com\/noticiasribeiraopreto.com.br\/wp-content\/uploads\/2025\/08\/16-jul-2025-alipiojoaojunior2.jpg?fit=984%2C616&ssl=1&resize=525%2C300 1.5x, https:\/\/i0.wp.com\/noticiasribeiraopreto.com.br\/wp-content\/uploads\/2025\/08\/16-jul-2025-alipiojoaojunior2.jpg?fit=984%2C616&ssl=1&resize=700%2C400 2x"},"classes":[]}],"jetpack_sharing_enabled":true,"jetpack_shortlink":"https:\/\/wp.me\/peQAOb-j4Q","_links":{"self":[{"href":"https:\/\/noticiasribeiraopreto.com.br\/index.php\/wp-json\/wp\/v2\/posts\/73336","targetHints":{"allow":["GET"]}}],"collection":[{"href":"https:\/\/noticiasribeiraopreto.com.br\/index.php\/wp-json\/wp\/v2\/posts"}],"about":[{"href":"https:\/\/noticiasribeiraopreto.com.br\/index.php\/wp-json\/wp\/v2\/types\/post"}],"author":[{"embeddable":true,"href":"https:\/\/noticiasribeiraopreto.com.br\/index.php\/wp-json\/wp\/v2\/users\/1"}],"replies":[{"embeddable":true,"href":"https:\/\/noticiasribeiraopreto.com.br\/index.php\/wp-json\/wp\/v2\/comments?post=73336"}],"version-history":[{"count":0,"href":"https:\/\/noticiasribeiraopreto.com.br\/index.php\/wp-json\/wp\/v2\/posts\/73336\/revisions"}],"wp:featuredmedia":[{"embeddable":true,"href":"https:\/\/noticiasribeiraopreto.com.br\/index.php\/wp-json\/wp\/v2\/media\/73337"}],"wp:attachment":[{"href":"https:\/\/noticiasribeiraopreto.com.br\/index.php\/wp-json\/wp\/v2\/media?parent=73336"}],"wp:term":[{"taxonomy":"category","embeddable":true,"href":"https:\/\/noticiasribeiraopreto.com.br\/index.php\/wp-json\/wp\/v2\/categories?post=73336"},{"taxonomy":"post_tag","embeddable":true,"href":"https:\/\/noticiasribeiraopreto.com.br\/index.php\/wp-json\/wp\/v2\/tags?post=73336"}],"curies":[{"name":"wp","href":"https:\/\/api.w.org\/{rel}","templated":true}]}}