{"id":73338,"date":"2025-06-30T13:08:37","date_gmt":"2025-06-30T16:08:37","guid":{"rendered":"https:\/\/noticiasribeiraopreto.com.br\/index.php\/2025\/06\/30\/marido-de-elizabete-acredita-que-ela-matou-filha-por-dinheiro\/"},"modified":"2025-06-30T13:08:37","modified_gmt":"2025-06-30T16:08:37","slug":"marido-de-elizabete-acredita-que-ela-matou-filha-por-dinheiro","status":"publish","type":"post","link":"https:\/\/noticiasribeiraopreto.com.br\/index.php\/2025\/06\/30\/marido-de-elizabete-acredita-que-ela-matou-filha-por-dinheiro\/","title":{"rendered":"Marido de Elizabete acredita que ela matou filha por dinheiro"},"content":{"rendered":"<div class='code-block code-block-1' style='margin: 8px 0 8px auto; text-align: right; display: block; clear: both;'>\n<p><a href=\"https:\/\/wa.link\/vpicfd\"><img data-recalc-dims=\"1\" class=\"wp-image-4922\" style=\"aspect-ratio: 2.0253164556962027; width: 561px; height: auto;\" src=\"https:\/\/i0.wp.com\/ismaelcolosi.com.br\/wp-content\/uploads\/2023\/11\/grupo-de-empregos-whatsapp-e-facebook-ismael-colosi-vagas.jpg?ssl=1\" alt=\"\" \/><\/a><\/p>\n<!-- \/wp:image -->\n<\/div>\n<p> <br \/>\n<\/p>\n<div id=\"\">\n<h2 class=\"penci-post-subtitle\">Reportagem teve acesso ao depoimento prestado pelo ex-marido da principal suspeita das mortes de Nathalia e Larissa<\/h2>\n<p>\n\t\t\t\t\t\t\t\t\t<span class=\"entry-meta-item penci-posted-on\"><i class=\"fa fa-clock-o\"\/><time class=\"entry-date published\" datetime=\"2025-06-30T13:05:49-03:00\">30 de junho de 2025 13:05<\/time><time class=\"updated\" datetime=\"2025-06-30T13:06:29-03:00\">30 de junho de 2025 13:06<\/time><\/span><span class=\"entry-meta-item penci-post-countview\"><span class=\"entry-meta-item penci-post-countview penci_post-meta_item\"><i class=\"fa fa-eye\"\/><span class=\"penci-post-countview-number penci-post-countview-p430171\">4<\/span><\/span><\/span>\t\t\t\t\t\t\t\t<\/p>\n<p><!-- .entry-meta --><br \/>\n\t\t\t\t\t\t\t\t<span class=\"penci-social-buttons penci-social-share-footer\"><span class=\"penci-social-share-text\">Compartilhar<\/span><a href=\"#\" class=\"penci-post-like penci_post-meta_item  single-like-button penci-social-item like\" data-post_id=\"430171\" title=\"Like\" data-like=\"Like\" data-unlike=\"Unlike\"><i class=\"fa fa-thumbs-o-up\"\/><span class=\"penci-share-number\">1<\/span><\/a><i class=\"fa fa-facebook\"\/><a class=\"penci-social-item twitter\" target=\"_blank\" rel=\"noopener\" title=\"\" href=\"https:\/\/twitter.com\/intent\/tweet?text=Marido%20de%20Elizabete%20acredita%20que%20ela%20matou%20filha%20por%20dinheiro%20-%20https:\/\/www.tribunaribeirao.com.br\/marido-de-elizabete-acredita-que-ela-matou-filha-por-dinheiro\/\"><i class=\"fa fa-twitter\"\/><\/a><i class=\"fa fa-linkedin\"\/><i class=\"fa fa-whatsapp\"\/><i class=\"fa fa-telegram\"\/><i class=\"fa fa-envelope\"\/><\/span>\t\t\t\t\t\t\t<\/div>\n<div>\n<p>Por: Adalberto Luque<\/p>\n<p>A reportagem do Tribuna teve acesso ao depoimento de Ant\u00f4nio Garnica, ex-marido de Elizabete Arraba\u00e7a e pai do m\u00e9dico Luiz Ant\u00f4nio Garnica \u2014 ambos apontados como principais suspeitos pela morte da professora Larissa Talle Le\u00f4ncio Rodrigues, ocorrida em 22 de mar\u00e7o.<\/p>\n<p>No depoimento, ele afirma acreditar na culpa da ex-mulher, que foi transferida da Penitenci\u00e1ria de Mogi Mirim para a Penitenci\u00e1ria de Votorantim no \u00faltimo final de semana.<\/p>\n<p>Ant\u00f4nio relatou ainda um epis\u00f3dio ocorrido h\u00e1 pouco mais de cinco anos, envolvendo uma amiga de Elizabete. Segundo ele, essa amiga contou que foi procurada por Elizabete, que tentava vender um colar de p\u00e9rolas. Ao recusar a compra, a mulher disse que recebeu da suspeita um rem\u00e9dio, ap\u00f3s relatar que n\u00e3o se sentia bem. Pouco depois, passou mal, foi internada e ficou cinco dias na Unidade de Terapia Intensiva (UTI).<\/p>\n<p>O ex-marido tamb\u00e9m afirmou acreditar que Elizabete tenha matado a pr\u00f3pria filha, Nathalia. Segundo ele, horas antes da morte, m\u00e3e e filha discutiram. Elizabete n\u00e3o aceitava que a jovem reatasse o relacionamento com o ex-namorado e tivesse planos de ser m\u00e3e. Para Ant\u00f4nio, Nathalia era a principal fonte de renda da m\u00e3e, e teria sido morta por conta de heran\u00e7a, j\u00e1 que a idosa precisava de im\u00f3veis para vender e poder pagar suas d\u00edvidas \u2013 estimadas em mais de R$ 300 mil, possivelmente proveniente de jogos de azar.<\/p>\n<p>Ele tamb\u00e9m mencionou a separa\u00e7\u00e3o do casal, ocorrida h\u00e1 v\u00e1rios anos, e afirmou ter descoberto que Elizabete havia feito um seguro de vida em seu nome, tendo ela como \u00fanica benefici\u00e1ria. Segundo ele, essa descoberta o fez temer ser mais uma poss\u00edvel v\u00edtima da ex-mulher.<\/p>\n<p>\u00a0<\/p>\n<p>_____<\/p>\n<p>\u00a0<\/p>\n<p>Jornal Tribuna Ribeir\u00e3o<br \/>Um Jornal com a cara de Ribeir\u00e3o!<\/p>\n<p>Impresso | WEB | Redes sociais<br \/>Tribuna Ribeir\u00e3o \u2013 Fone: (16) 3632-2200 \u2013 Whatsapp: (16) 98161-8743<br \/>Av. Bar\u00e3o do Bananal, 880 \u2013 Jardim Anhanguera, Ribeir\u00e3o Preto<\/p>\n<p>@tribunaribeirao<br \/>@meiaderibeirao<br \/>@dinoderibeirao<br \/>#TribunaRibeir\u00e3o<br \/>#News<br \/>#Not\u00edcia<br \/>#Ribeir\u00e3oPreto #Not\u00edciasDeRibeir\u00e3oPreto<br \/>#ClassificadosTribunaRibeir\u00e3o<br \/>#Jornalismo<br \/>#ClassificadosRibeir\u00e3o<\/p>\n<\/div>\n<p><script async src=\"\/\/platform.twitter.com\/widgets.js\" charset=\"utf-8\"><\/script><br \/>\n<br \/><br \/>\n<br \/><a href=\"https:\/\/www.tribunaribeirao.com.br\/marido-de-elizabete-acredita-que-ela-matou-filha-por-dinheiro\/\">Source link <\/a><\/p>\n<!-- CONTENT END 1 -->\n","protected":false},"excerpt":{"rendered":"<p>Reportagem teve acesso ao depoimento prestado pelo ex-marido da principal suspeita das mortes de Nathalia e Larissa 30 de junho de 2025 13:0530 de junho&#8230;<\/p>\n","protected":false},"author":1,"featured_media":73339,"comment_status":"open","ping_status":"open","sticky":false,"template":"","format":"standard","meta":{"advanced_seo_description":"","jetpack_seo_html_title":"","jetpack_seo_noindex":false,"jetpack_post_was_ever_published":false,"_jetpack_newsletter_access":"","_jetpack_dont_email_post_to_subs":false,"_jetpack_newsletter_tier_id":0,"_jetpack_memberships_contains_paywalled_content":false,"_jetpack_memberships_contains_paid_content":false,"footnotes":"","jetpack_publicize_message":"","jetpack_publicize_feature_enabled":true,"jetpack_social_post_already_shared":true,"jetpack_social_options":{"image_generator_settings":{"template":"highway","default_image_id":0,"font":"","enabled":false},"version":2}},"categories":[11],"tags":[],"class_list":["post-73338","post","type-post","status-publish","format-standard","has-post-thumbnail","hentry","category-noticias-de-ribeirao-preto-sp-e-regiao-ismael-colosi"],"jetpack_publicize_connections":[],"jetpack_featured_media_url":"https:\/\/i0.wp.com\/noticiasribeiraopreto.com.br\/wp-content\/uploads\/2025\/06\/30-jun-2025-antoniogarnicapai2.jpg?fit=822%2C481&ssl=1","jetpack-related-posts":[{"id":53306,"url":"https:\/\/noticiasribeiraopreto.com.br\/index.php\/2024\/06\/18\/preso-suspeito-de-matar-idosa-que-teve-corpo-queimado-na-regiao-de-ribeirao-preto\/","url_meta":{"origin":73338,"position":0},"title":"Preso suspeito de matar idosa que teve corpo queimado na regi\u00e3o de Ribeir\u00e3o Preto","author":"noticiasribeiraopreto.com.br","date":"18 de June de 2024","format":false,"excerpt":"O ex-marido da idosa morta ap\u00f3s ter mais da metade do corpo queimado foi preso, na tarde desta ter\u00e7a-feira (18), em Sert\u00e3ozinho, na regi\u00e3o de Ribeir\u00e3o Preto. O feminic\u00eddio ocorreu no dia 13 de junho em Pontal. Segundo a pol\u00edcia, o mandado de pris\u00e3o preventiva foi expedido pela Justi\u00e7a, nesta\u2026","rel":"","context":"In &quot;Not\u00edcias de Ribeir\u00e3o Preto-SP e Regi\u00e3o&quot;","block_context":{"text":"Not\u00edcias de Ribeir\u00e3o Preto-SP e Regi\u00e3o","link":"https:\/\/noticiasribeiraopreto.com.br\/index.php\/category\/noticias-de-ribeirao-preto-sp-e-regiao-ismael-colosi\/"},"img":{"alt_text":"","src":"https:\/\/i0.wp.com\/noticiasribeiraopreto.com.br\/wp-content\/uploads\/2024\/06\/FEMINICIDIO_2024-06-15_15-48-31_jpg_2024-06-15_15-48-31.webp.webp?fit=1200%2C910&ssl=1&resize=350%2C200","width":350,"height":200,"srcset":"https:\/\/i0.wp.com\/noticiasribeiraopreto.com.br\/wp-content\/uploads\/2024\/06\/FEMINICIDIO_2024-06-15_15-48-31_jpg_2024-06-15_15-48-31.webp.webp?fit=1200%2C910&ssl=1&resize=350%2C200 1x, https:\/\/i0.wp.com\/noticiasribeiraopreto.com.br\/wp-content\/uploads\/2024\/06\/FEMINICIDIO_2024-06-15_15-48-31_jpg_2024-06-15_15-48-31.webp.webp?fit=1200%2C910&ssl=1&resize=525%2C300 1.5x, https:\/\/i0.wp.com\/noticiasribeiraopreto.com.br\/wp-content\/uploads\/2024\/06\/FEMINICIDIO_2024-06-15_15-48-31_jpg_2024-06-15_15-48-31.webp.webp?fit=1200%2C910&ssl=1&resize=700%2C400 2x, https:\/\/i0.wp.com\/noticiasribeiraopreto.com.br\/wp-content\/uploads\/2024\/06\/FEMINICIDIO_2024-06-15_15-48-31_jpg_2024-06-15_15-48-31.webp.webp?fit=1200%2C910&ssl=1&resize=1050%2C600 3x"},"classes":[]},{"id":5844,"url":"https:\/\/noticiasribeiraopreto.com.br\/index.php\/2023\/11\/24\/utm_sourcerssutm_mediumrssutm_campaignmulher-disse-que-dopou-e-matou-marido-por-que-a-filha-foi-abusada-em-serrana\/","url_meta":{"origin":73338,"position":1},"title":"Mulher disse que dopou e matou marido por que a filha foi abusada em Serrana \u2013 X Tudo Ribeir\u00e3o","author":"noticiasribeiraopreto.com.br","date":"24 de November de 2023","format":false,"excerpt":"A mulher que dopou e matou o marido com golpes de facadas e martelada contou em depoimento aos Policiais Civis da cidade de Serrana, que cometeu o crime ap\u00f3s descobrir que sua filha de apenas 13 anos, estava sendo abusada sexualmente pela v\u00edtima.\u00a0 Em depoimento aos Policiais Civis na Delegacia\u2026","rel":"","context":"In &quot;Not\u00edcias de Ribeir\u00e3o Preto-SP e Regi\u00e3o&quot;","block_context":{"text":"Not\u00edcias de Ribeir\u00e3o Preto-SP e Regi\u00e3o","link":"https:\/\/noticiasribeiraopreto.com.br\/index.php\/category\/noticias-de-ribeirao-preto-sp-e-regiao-ismael-colosi\/"},"img":{"alt_text":"","src":"https:\/\/i0.wp.com\/noticiasribeiraopreto.com.br\/wp-content\/uploads\/2023\/11\/1700845991_8cfba6d3-6af2-4ac4-8de3-8864f044afef.jpeg?fit=909%2C572&ssl=1&resize=350%2C200","width":350,"height":200,"srcset":"https:\/\/i0.wp.com\/noticiasribeiraopreto.com.br\/wp-content\/uploads\/2023\/11\/1700845991_8cfba6d3-6af2-4ac4-8de3-8864f044afef.jpeg?fit=909%2C572&ssl=1&resize=350%2C200 1x, https:\/\/i0.wp.com\/noticiasribeiraopreto.com.br\/wp-content\/uploads\/2023\/11\/1700845991_8cfba6d3-6af2-4ac4-8de3-8864f044afef.jpeg?fit=909%2C572&ssl=1&resize=525%2C300 1.5x, https:\/\/i0.wp.com\/noticiasribeiraopreto.com.br\/wp-content\/uploads\/2023\/11\/1700845991_8cfba6d3-6af2-4ac4-8de3-8864f044afef.jpeg?fit=909%2C572&ssl=1&resize=700%2C400 2x"},"classes":[]},{"id":71071,"url":"https:\/\/noticiasribeiraopreto.com.br\/index.php\/2025\/06\/02\/caso-larissa-delegado-pede-prorrogacao-de-prisao-temporaria\/","url_meta":{"origin":73338,"position":2},"title":"Caso Larissa: Delegado pede prorroga\u00e7\u00e3o de pris\u00e3o tempor\u00e1ria","author":"noticiasribeiraopreto.com.br","date":"2 de June de 2025","format":false,"excerpt":"Minist\u00e9rio P\u00fablico j\u00e1 deu aval \u00e0 amplia\u00e7\u00e3o do prazo de deten\u00e7\u00e3o de marido e sogra da v\u00edtima e Justi\u00e7a deve definir se acata ou n\u00e3o 2 de junho de 2025 13:064 Compartilhar0 Por: Adalberto Luque A Pol\u00edcia Civil requisitou mais 30 dias de prazo da pris\u00e3o tempor\u00e1ria do m\u00e9dico Luiz\u2026","rel":"","context":"In &quot;Not\u00edcias de Ribeir\u00e3o Preto-SP e Regi\u00e3o&quot;","block_context":{"text":"Not\u00edcias de Ribeir\u00e3o Preto-SP e Regi\u00e3o","link":"https:\/\/noticiasribeiraopreto.com.br\/index.php\/category\/noticias-de-ribeirao-preto-sp-e-regiao-ismael-colosi\/"},"img":{"alt_text":"","src":"https:\/\/i0.wp.com\/noticiasribeiraopreto.com.br\/wp-content\/uploads\/2025\/06\/garnica_elisabete.jpg?fit=720%2C656&ssl=1&resize=350%2C200","width":350,"height":200,"srcset":"https:\/\/i0.wp.com\/noticiasribeiraopreto.com.br\/wp-content\/uploads\/2025\/06\/garnica_elisabete.jpg?fit=720%2C656&ssl=1&resize=350%2C200 1x, https:\/\/i0.wp.com\/noticiasribeiraopreto.com.br\/wp-content\/uploads\/2025\/06\/garnica_elisabete.jpg?fit=720%2C656&ssl=1&resize=525%2C300 1.5x, https:\/\/i0.wp.com\/noticiasribeiraopreto.com.br\/wp-content\/uploads\/2025\/06\/garnica_elisabete.jpg?fit=720%2C656&ssl=1&resize=700%2C400 2x"},"classes":[]},{"id":53046,"url":"https:\/\/noticiasribeiraopreto.com.br\/index.php\/2024\/06\/15\/morre-idosa-que-teve-o-corpo-queimado-na-regiao-de-ribeirao-ex-marido-e-suspeito\/","url_meta":{"origin":73338,"position":3},"title":"Morre idosa que teve o corpo queimado na regi\u00e3o de Ribeir\u00e3o; Ex-marido \u00e9 suspeito","author":"noticiasribeiraopreto.com.br","date":"15 de June de 2024","format":false,"excerpt":"Uma mulher de 64 anos morreu depois de ter o corpo queimado na \u00faltima quinta-feira (13), em Pontal, cidade a aproximadamente 38 quil\u00f4metros de Ribeir\u00e3o Preto. O ex-marido da idosa \u00e9 o principal suspeito de ter ateado fogo nela, na casa onde a mulher morava, no N\u00facleo Habitacional Jose Pedro\u2026","rel":"","context":"In &quot;Not\u00edcias de Ribeir\u00e3o Preto-SP e Regi\u00e3o&quot;","block_context":{"text":"Not\u00edcias de Ribeir\u00e3o Preto-SP e Regi\u00e3o","link":"https:\/\/noticiasribeiraopreto.com.br\/index.php\/category\/noticias-de-ribeirao-preto-sp-e-regiao-ismael-colosi\/"},"img":{"alt_text":"","src":"https:\/\/i0.wp.com\/noticiasribeiraopreto.com.br\/wp-content\/uploads\/2024\/06\/FEMINICIDIO_2024-06-15_15-48-31_jpg_2024-06-15_15-48-31.webp.webp?fit=1200%2C910&ssl=1&resize=350%2C200","width":350,"height":200,"srcset":"https:\/\/i0.wp.com\/noticiasribeiraopreto.com.br\/wp-content\/uploads\/2024\/06\/FEMINICIDIO_2024-06-15_15-48-31_jpg_2024-06-15_15-48-31.webp.webp?fit=1200%2C910&ssl=1&resize=350%2C200 1x, https:\/\/i0.wp.com\/noticiasribeiraopreto.com.br\/wp-content\/uploads\/2024\/06\/FEMINICIDIO_2024-06-15_15-48-31_jpg_2024-06-15_15-48-31.webp.webp?fit=1200%2C910&ssl=1&resize=525%2C300 1.5x, https:\/\/i0.wp.com\/noticiasribeiraopreto.com.br\/wp-content\/uploads\/2024\/06\/FEMINICIDIO_2024-06-15_15-48-31_jpg_2024-06-15_15-48-31.webp.webp?fit=1200%2C910&ssl=1&resize=700%2C400 2x, https:\/\/i0.wp.com\/noticiasribeiraopreto.com.br\/wp-content\/uploads\/2024\/06\/FEMINICIDIO_2024-06-15_15-48-31_jpg_2024-06-15_15-48-31.webp.webp?fit=1200%2C910&ssl=1&resize=1050%2C600 3x"},"classes":[]},{"id":80046,"url":"https:\/\/noticiasribeiraopreto.com.br\/index.php\/2025\/11\/13\/corpo-de-ex-marido-de-professora-de-estetica-e-exumado-na-regiao\/","url_meta":{"origin":73338,"position":4},"title":"Corpo de ex-marido de professora de est\u00e9tica \u00e9 exumado na regi\u00e3o","author":"noticiasribeiraopreto.com.br","date":"13 de November de 2025","format":false,"excerpt":"Por: Adalberto LuquePol\u00edcia Civil, Pol\u00edtica T\u00e9cnico-Cient\u00edfica e Instituto M\u00e9dico Legal (IML) realizaram, na manh\u00e3 desta quinta-feira, a exuma\u00e7\u00e3o do corpo de Walter Gilmar De P\u00e1dua Carneiro, de 65 anos, ex-marido da professora de est\u00e9tica Jussara Luzia Fernandes, de 62 anos. O procedimento ocorreu no Cemit\u00e9rio de Bebedouro, onde o homem\u2026","rel":"","context":"In &quot;Not\u00edcias de Ribeir\u00e3o Preto-SP e Regi\u00e3o&quot;","block_context":{"text":"Not\u00edcias de Ribeir\u00e3o Preto-SP e Regi\u00e3o","link":"https:\/\/noticiasribeiraopreto.com.br\/index.php\/category\/noticias-de-ribeirao-preto-sp-e-regiao-ismael-colosi\/"},"img":{"alt_text":"","src":"https:\/\/i0.wp.com\/noticiasribeiraopreto.com.br\/wp-content\/uploads\/2025\/11\/13-nov-2025-exumacaobebedouro0.jpg?fit=1200%2C711&ssl=1&resize=350%2C200","width":350,"height":200,"srcset":"https:\/\/i0.wp.com\/noticiasribeiraopreto.com.br\/wp-content\/uploads\/2025\/11\/13-nov-2025-exumacaobebedouro0.jpg?fit=1200%2C711&ssl=1&resize=350%2C200 1x, https:\/\/i0.wp.com\/noticiasribeiraopreto.com.br\/wp-content\/uploads\/2025\/11\/13-nov-2025-exumacaobebedouro0.jpg?fit=1200%2C711&ssl=1&resize=525%2C300 1.5x, https:\/\/i0.wp.com\/noticiasribeiraopreto.com.br\/wp-content\/uploads\/2025\/11\/13-nov-2025-exumacaobebedouro0.jpg?fit=1200%2C711&ssl=1&resize=700%2C400 2x, https:\/\/i0.wp.com\/noticiasribeiraopreto.com.br\/wp-content\/uploads\/2025\/11\/13-nov-2025-exumacaobebedouro0.jpg?fit=1200%2C711&ssl=1&resize=1050%2C600 3x"},"classes":[]},{"id":72125,"url":"https:\/\/noticiasribeiraopreto.com.br\/index.php\/2025\/06\/13\/forro-e-sertanejo-agitam-o-fim-de-semana-no-arraia-mio-di-bao-ribeirao\/","url_meta":{"origin":73338,"position":5},"title":"Forr\u00f3 e sertanejo agitam o fim de semana no Arrai\u00e1 Mi\u00f3 di B\u00e3o Ribeir\u00e3o","author":"noticiasribeiraopreto.com.br","date":"13 de June de 2025","format":false,"excerpt":"13 de junho de 2025 13:0513 de junho de 2025 13:070 Compartilhar0 O fim de semana est\u00e1 chegando e o Arrai\u00e1 Mi\u00f3 Di B\u00e3o Ribeir\u00e3o traz uma programa\u00e7\u00e3o especial para animar os visitantes da maior festa junina da regi\u00e3o. O grupo Forr\u00f3 100 D\u00f3 se apresentar\u00e1 na sexta-feira, dia 13\u2026","rel":"","context":"In &quot;Not\u00edcias de Ribeir\u00e3o Preto-SP e Regi\u00e3o&quot;","block_context":{"text":"Not\u00edcias de Ribeir\u00e3o Preto-SP e Regi\u00e3o","link":"https:\/\/noticiasribeiraopreto.com.br\/index.php\/category\/noticias-de-ribeirao-preto-sp-e-regiao-ismael-colosi\/"},"img":{"alt_text":"","src":"https:\/\/i0.wp.com\/noticiasribeiraopreto.com.br\/wp-content\/uploads\/2025\/06\/arraia-scaled.jpeg?fit=750%2C500&ssl=1&resize=350%2C200","width":350,"height":200,"srcset":"https:\/\/i0.wp.com\/noticiasribeiraopreto.com.br\/wp-content\/uploads\/2025\/06\/arraia-scaled.jpeg?fit=750%2C500&ssl=1&resize=350%2C200 1x, https:\/\/i0.wp.com\/noticiasribeiraopreto.com.br\/wp-content\/uploads\/2025\/06\/arraia-scaled.jpeg?fit=750%2C500&ssl=1&resize=525%2C300 1.5x, https:\/\/i0.wp.com\/noticiasribeiraopreto.com.br\/wp-content\/uploads\/2025\/06\/arraia-scaled.jpeg?fit=750%2C500&ssl=1&resize=700%2C400 2x"},"classes":[]}],"jetpack_sharing_enabled":true,"jetpack_shortlink":"https:\/\/wp.me\/peQAOb-j4S","_links":{"self":[{"href":"https:\/\/noticiasribeiraopreto.com.br\/index.php\/wp-json\/wp\/v2\/posts\/73338","targetHints":{"allow":["GET"]}}],"collection":[{"href":"https:\/\/noticiasribeiraopreto.com.br\/index.php\/wp-json\/wp\/v2\/posts"}],"about":[{"href":"https:\/\/noticiasribeiraopreto.com.br\/index.php\/wp-json\/wp\/v2\/types\/post"}],"author":[{"embeddable":true,"href":"https:\/\/noticiasribeiraopreto.com.br\/index.php\/wp-json\/wp\/v2\/users\/1"}],"replies":[{"embeddable":true,"href":"https:\/\/noticiasribeiraopreto.com.br\/index.php\/wp-json\/wp\/v2\/comments?post=73338"}],"version-history":[{"count":0,"href":"https:\/\/noticiasribeiraopreto.com.br\/index.php\/wp-json\/wp\/v2\/posts\/73338\/revisions"}],"wp:featuredmedia":[{"embeddable":true,"href":"https:\/\/noticiasribeiraopreto.com.br\/index.php\/wp-json\/wp\/v2\/media\/73339"}],"wp:attachment":[{"href":"https:\/\/noticiasribeiraopreto.com.br\/index.php\/wp-json\/wp\/v2\/media?parent=73338"}],"wp:term":[{"taxonomy":"category","embeddable":true,"href":"https:\/\/noticiasribeiraopreto.com.br\/index.php\/wp-json\/wp\/v2\/categories?post=73338"},{"taxonomy":"post_tag","embeddable":true,"href":"https:\/\/noticiasribeiraopreto.com.br\/index.php\/wp-json\/wp\/v2\/tags?post=73338"}],"curies":[{"name":"wp","href":"https:\/\/api.w.org\/{rel}","templated":true}]}}