{"id":73340,"date":"2025-06-30T15:07:17","date_gmt":"2025-06-30T18:07:17","guid":{"rendered":"https:\/\/noticiasribeiraopreto.com.br\/index.php\/2025\/06\/30\/policia-investigada-se-elizabete-envenenou-amiga-mulher-foi-parar-na-uti-apos-tomar-comprimido\/"},"modified":"2025-06-30T15:07:17","modified_gmt":"2025-06-30T18:07:17","slug":"policia-investigada-se-elizabete-envenenou-amiga-mulher-foi-parar-na-uti-apos-tomar-comprimido","status":"publish","type":"post","link":"https:\/\/noticiasribeiraopreto.com.br\/index.php\/2025\/06\/30\/policia-investigada-se-elizabete-envenenou-amiga-mulher-foi-parar-na-uti-apos-tomar-comprimido\/","title":{"rendered":"Pol\u00edcia investigada se Elizabete envenenou amiga; Mulher foi parar na UTI ap\u00f3s tomar comprimido"},"content":{"rendered":"<div class='code-block code-block-1' style='margin: 8px 0 8px auto; text-align: right; display: block; clear: both;'>\n<p><a href=\"https:\/\/wa.link\/vpicfd\"><img data-recalc-dims=\"1\" class=\"wp-image-4922\" style=\"aspect-ratio: 2.0253164556962027; width: 561px; height: auto;\" src=\"https:\/\/i0.wp.com\/ismaelcolosi.com.br\/wp-content\/uploads\/2023\/11\/grupo-de-empregos-whatsapp-e-facebook-ismael-colosi-vagas.jpg?ssl=1\" alt=\"\" \/><\/a><\/p>\n<!-- \/wp:image -->\n<\/div>\n<p> <br \/>\n<\/p>\n<div>\n<p><strong>O ex-marido de Elizabete Arraba\u00e7a, Ant\u00f4nio Garnica, disse \u00e0 Policia Civil que uma amiga dela, identificada como Neuza, passou mal e foi parar na UTI, ap\u00f3s tomar um comprimido oferecido por ela. Garnica, que \u00e9 ex-prefeito de Pontal, na regi\u00e3o de Ribeir\u00e3o Preto, prestou depoimento como testemunha.<\/strong><\/p>\n<p><strong>Elizabete <\/strong>e o <strong>filho<\/strong>, <strong>Luiz Garnica<\/strong>, foram <strong>indiciados <\/strong>pela <strong>morte <\/strong>da <strong>professora Larissa Rodrigues<\/strong>, em <strong>Ribeir\u00e3o Preto<\/strong>. A <strong>v\u00edtima<\/strong>, nora de Elisabete e esposa de Luiz, <strong>morreu envenenada <\/strong>em mar\u00e7o deste ano. <strong>Elizabete <\/strong>tamb\u00e9m \u00e9 <strong>investigada <\/strong>pela <strong>morte <\/strong>da <strong>filha<\/strong>, <strong>Nath\u00e1lia Garnica<\/strong>, tamb\u00e9m por <strong>envenenamento<\/strong>.<\/p>\n<figure class=\"wp-block-pullquote\">\n<blockquote>\n<p>Falei que estava mal do est\u00f4mago. Ela [Elizabete] me deu o comprimido e eu tomei. Cheguei no port\u00e3o da minha casa e n\u00e3o consegui entrar. Ca\u00ed, me socorreram e eu fiquei cinco dias na UTI. Fiquei morta, <\/p>\n<p><cite><strong>disse o ex-marido Ant\u00f4nio Garnica. Neuza foi madrinha de casamento dele com Elizabete.<\/strong><\/cite><\/p><\/blockquote>\n<\/figure>\n<p>Ele, por\u00e9m, disse que n\u00e3o saberia a data em que Neuza tomou o comprimido, mas que seria de quatro a seis anos atr\u00e1s. O relato da amiga de Elizabete foi feito h\u00e1 aproximadamente 15 dias, segundo Garnica.<\/p>\n<h2 class=\"wp-block-heading\"><strong>Seguro de vida e heran\u00e7a<\/strong><\/h2>\n<p>Ant\u00f4nio Garnica tamb\u00e9m disse no depoimento que se separou de Elizabete Arraba\u00e7a h\u00e1 30 anos e que n\u00e3o sabia que ela havia feito um seguro de vida em seu nome.<\/p>\n<p>O ex-marido afirmou no depoimento \u00e0 pol\u00edcia acreditar que Elizabete matou a filha Nath\u00e1lia por causa de uma heran\u00e7a.<\/p>\n<figure class=\"wp-block-pullquote\">\n<blockquote>\n<p>A Nath\u00e1lia era fonte de renda da dona Elizabete. E o porqu\u00ea supostamente ou quase que certeza que a dona Elizabete matou a filha? Financeiramente. Ela precisava de dinheiro. E problema de heran\u00e7a. O que a m\u00e3e precisava? Heran\u00e7a, patrim\u00f4nio para vender, <\/p>\n<p><cite><strong>declarou o ex-marido Ant\u00f4nio Garnica.<\/strong><\/cite><\/p><\/blockquote>\n<\/figure>\n<p>SAIBA MAIS<\/p>\n<p>Entregador de pizza tem moto roubada durante o trabalho em Ribeir\u00e3o Preto; V\u00eddeo<\/p>\n<h2 class=\"wp-block-heading\"><strong>FIQUE ON<\/strong><\/h2>\n<p>Quer ficar por dentro de tudo que acontece em Ribeir\u00e3o Preto e regi\u00e3o? Ent\u00e3o siga os perfis do\u202facidade on\u202fno\u202f<a href=\"https:\/\/www.instagram.com\/acidadeonribeirao\" target=\"_blank\" rel=\"noreferrer noopener\">Instagram<\/a>\u202fe no\u202f<a href=\"https:\/\/www.facebook.com\/acidadeonribeirao\/\" target=\"_blank\" rel=\"noreferrer noopener\">Facebook<\/a>.<\/p>\n<p>Al\u00e9m disso, voc\u00ea pode receber as principais not\u00edcias diretamente no WhatsApp. Para isso, basta\u00a0<a href=\"https:\/\/chat.whatsapp.com\/BjKQZ9oJwlz8VVT50NuePq\" target=\"_blank\" rel=\"noreferrer noopener\">entrar no grupo clicando aqui<\/a>.<\/p>\n<p>Por fim, se quiser fazer uma den\u00fancia ou sugerir uma reportagem sobre Ribeir\u00e3o Preto e regi\u00e3o, envie uma mensagem pelo WhatsApp: (16) 99117-7802.<\/p>\n<p>VEJA TAMB\u00c9M<\/p>\n<p>O que Antonio Fagundes disse sobre o novo \u2018Mundo da Lua\u2019?<\/p>\n<p><!-- AI CONTENT END 2 -->\n<\/div>\n<p><script async src=\"\/\/www.instagram.com\/embed.js\"><\/script><br \/>\n<br \/><br \/>\n<br \/><a href=\"https:\/\/www.acidadeon.com\/ribeiraopreto\/cotidiano\/policia-investigada-se-elizabete-envenenou-amiga-mulher-foi-parar-na-uti-apos-tomar-comprimido\/\">Source link <\/a><\/p>\n<!-- CONTENT END 1 -->\n","protected":false},"excerpt":{"rendered":"<p>O ex-marido de Elizabete Arraba\u00e7a, Ant\u00f4nio Garnica, disse \u00e0 Policia Civil que uma amiga dela, identificada como Neuza, passou mal e foi parar na UTI,&#8230;<\/p>\n","protected":false},"author":1,"featured_media":73341,"comment_status":"open","ping_status":"open","sticky":false,"template":"","format":"standard","meta":{"advanced_seo_description":"","jetpack_seo_html_title":"","jetpack_seo_noindex":false,"jetpack_post_was_ever_published":false,"_jetpack_newsletter_access":"","_jetpack_dont_email_post_to_subs":false,"_jetpack_newsletter_tier_id":0,"_jetpack_memberships_contains_paywalled_content":false,"_jetpack_memberships_contains_paid_content":false,"footnotes":"","jetpack_publicize_message":"","jetpack_publicize_feature_enabled":true,"jetpack_social_post_already_shared":true,"jetpack_social_options":{"image_generator_settings":{"template":"highway","default_image_id":0,"font":"","enabled":false},"version":2}},"categories":[11],"tags":[],"class_list":["post-73340","post","type-post","status-publish","format-standard","has-post-thumbnail","hentry","category-noticias-de-ribeirao-preto-sp-e-regiao-ismael-colosi"],"jetpack_publicize_connections":[],"jetpack_featured_media_url":"https:\/\/i0.wp.com\/noticiasribeiraopreto.com.br\/wp-content\/uploads\/2025\/06\/ELIZABETE_2025-06-30_17-33-46.webp.webp?fit=1200%2C757&ssl=1","jetpack-related-posts":[{"id":73398,"url":"https:\/\/noticiasribeiraopreto.com.br\/index.php\/2025\/07\/01\/ministerio-publico-denuncia-marido-e-sogra-por-morte-de-professora-em-ribeirao-preto\/","url_meta":{"origin":73340,"position":0},"title":"Minist\u00e9rio P\u00fablico denuncia marido e sogra por morte de professora em Ribeir\u00e3o Preto","author":"noticiasribeiraopreto.com.br","date":"1 de July de 2025","format":false,"excerpt":"O MP (Minist\u00e9rio P\u00fablico) denunciou \u00e0 Justi\u00e7a, nesta ter\u00e7a-feira (1\u00ba), o m\u00e9dico Luiz Ant\u00f4nio Garnica e sua m\u00e3e, Elizabete Arraba\u00e7a, pela morte da professora Larissa Rodrigues, envenenada em mar\u00e7o deste ano em Ribeir\u00e3o Preto. >>>FIQUE POR DENTRO:\u00a0Confira a cobertura completa sobre o caso Larissa O promotor Marcos T\u00falio Nicolino afirma\u2026","rel":"","context":"In &quot;Not\u00edcias de Ribeir\u00e3o Preto-SP e Regi\u00e3o&quot;","block_context":{"text":"Not\u00edcias de Ribeir\u00e3o Preto-SP e Regi\u00e3o","link":"https:\/\/noticiasribeiraopreto.com.br\/index.php\/category\/noticias-de-ribeirao-preto-sp-e-regiao-ismael-colosi\/"},"img":{"alt_text":"","src":"https:\/\/i0.wp.com\/noticiasribeiraopreto.com.br\/wp-content\/uploads\/2025\/07\/Copia-de-Copia-de-Copia-de-TAMANHO-EXATO-PARA-FOTOS-NO-SISTEMA-NOVO-2025-07-01T135245.697_2025-07-01_16-52-51.webp.webp?fit=1200%2C675&ssl=1&resize=350%2C200","width":350,"height":200,"srcset":"https:\/\/i0.wp.com\/noticiasribeiraopreto.com.br\/wp-content\/uploads\/2025\/07\/Copia-de-Copia-de-Copia-de-TAMANHO-EXATO-PARA-FOTOS-NO-SISTEMA-NOVO-2025-07-01T135245.697_2025-07-01_16-52-51.webp.webp?fit=1200%2C675&ssl=1&resize=350%2C200 1x, https:\/\/i0.wp.com\/noticiasribeiraopreto.com.br\/wp-content\/uploads\/2025\/07\/Copia-de-Copia-de-Copia-de-TAMANHO-EXATO-PARA-FOTOS-NO-SISTEMA-NOVO-2025-07-01T135245.697_2025-07-01_16-52-51.webp.webp?fit=1200%2C675&ssl=1&resize=525%2C300 1.5x, https:\/\/i0.wp.com\/noticiasribeiraopreto.com.br\/wp-content\/uploads\/2025\/07\/Copia-de-Copia-de-Copia-de-TAMANHO-EXATO-PARA-FOTOS-NO-SISTEMA-NOVO-2025-07-01T135245.697_2025-07-01_16-52-51.webp.webp?fit=1200%2C675&ssl=1&resize=700%2C400 2x, https:\/\/i0.wp.com\/noticiasribeiraopreto.com.br\/wp-content\/uploads\/2025\/07\/Copia-de-Copia-de-Copia-de-TAMANHO-EXATO-PARA-FOTOS-NO-SISTEMA-NOVO-2025-07-01T135245.697_2025-07-01_16-52-51.webp.webp?fit=1200%2C675&ssl=1&resize=1050%2C600 3x"},"classes":[]},{"id":73390,"url":"https:\/\/noticiasribeiraopreto.com.br\/index.php\/2025\/07\/01\/garnica-tambem-vai-responder-por-fraude-processual\/","url_meta":{"origin":73340,"position":1},"title":"Garnica tamb\u00e9m vai responder por fraude processual","author":"noticiasribeiraopreto.com.br","date":"1 de July de 2025","format":false,"excerpt":"Por: Adalberto Luque O promotor criminal de Ribeir\u00e3o Preto, Marcus T\u00falio Nicolino, disse, em entrevista coletiva realizada no Minist\u00e9rio P\u00fablico de S\u00e3o Paulo (MPSP), que o marido da professora Larissa Talle Le\u00f4ncio Rodrigues, vai responder por mais um crime al\u00e9m de feminic\u00eddio. Nicolino acredita que o m\u00e9dico ortopedista Luiz Ant\u00f4nio\u2026","rel":"","context":"In &quot;Not\u00edcias de Ribeir\u00e3o Preto-SP e Regi\u00e3o&quot;","block_context":{"text":"Not\u00edcias de Ribeir\u00e3o Preto-SP e Regi\u00e3o","link":"https:\/\/noticiasribeiraopreto.com.br\/index.php\/category\/noticias-de-ribeirao-preto-sp-e-regiao-ismael-colosi\/"},"img":{"alt_text":"","src":"https:\/\/i0.wp.com\/noticiasribeiraopreto.com.br\/wp-content\/uploads\/2025\/07\/06-mai-2025-envenenamentoprofessora4.jpg?fit=1200%2C800&ssl=1&resize=350%2C200","width":350,"height":200,"srcset":"https:\/\/i0.wp.com\/noticiasribeiraopreto.com.br\/wp-content\/uploads\/2025\/07\/06-mai-2025-envenenamentoprofessora4.jpg?fit=1200%2C800&ssl=1&resize=350%2C200 1x, https:\/\/i0.wp.com\/noticiasribeiraopreto.com.br\/wp-content\/uploads\/2025\/07\/06-mai-2025-envenenamentoprofessora4.jpg?fit=1200%2C800&ssl=1&resize=525%2C300 1.5x, https:\/\/i0.wp.com\/noticiasribeiraopreto.com.br\/wp-content\/uploads\/2025\/07\/06-mai-2025-envenenamentoprofessora4.jpg?fit=1200%2C800&ssl=1&resize=700%2C400 2x, https:\/\/i0.wp.com\/noticiasribeiraopreto.com.br\/wp-content\/uploads\/2025\/07\/06-mai-2025-envenenamentoprofessora4.jpg?fit=1200%2C800&ssl=1&resize=1050%2C600 3x"},"classes":[]},{"id":77147,"url":"https:\/\/noticiasribeiraopreto.com.br\/index.php\/2025\/09\/12\/delegado-deve-indiciar-so-elizabete-por-morte-de-nathalia\/","url_meta":{"origin":73340,"position":2},"title":"Delegado deve indiciar s\u00f3 Elizabete por morte de Nathalia","author":"noticiasribeiraopreto.com.br","date":"12 de September de 2025","format":false,"excerpt":"Por: Adalberto Luque O delegado Fernando Bravo, respons\u00e1vel pela apura\u00e7\u00e3o da morte por envenenamento de Nathalia Garnica adiantou que deve indiciar apenas sua m\u00e3e, Elizabete Eug\u00eanio Arraba\u00e7a, de 68 anos pelo homic\u00eddio. Elizabete e o filho, Luiz Ant\u00f4nio Garnica, de 38 anos, s\u00e3o r\u00e9us em processo que tramita na 2\u00aa\u2026","rel":"","context":"In &quot;Not\u00edcias de Ribeir\u00e3o Preto-SP e Regi\u00e3o&quot;","block_context":{"text":"Not\u00edcias de Ribeir\u00e3o Preto-SP e Regi\u00e3o","link":"https:\/\/noticiasribeiraopreto.com.br\/index.php\/category\/noticias-de-ribeirao-preto-sp-e-regiao-ismael-colosi\/"},"img":{"alt_text":"","src":"https:\/\/i0.wp.com\/noticiasribeiraopreto.com.br\/wp-content\/uploads\/2025\/09\/12-set-2025-betechumbinhonathalia1.jpg?fit=906%2C752&ssl=1&resize=350%2C200","width":350,"height":200,"srcset":"https:\/\/i0.wp.com\/noticiasribeiraopreto.com.br\/wp-content\/uploads\/2025\/09\/12-set-2025-betechumbinhonathalia1.jpg?fit=906%2C752&ssl=1&resize=350%2C200 1x, https:\/\/i0.wp.com\/noticiasribeiraopreto.com.br\/wp-content\/uploads\/2025\/09\/12-set-2025-betechumbinhonathalia1.jpg?fit=906%2C752&ssl=1&resize=525%2C300 1.5x, https:\/\/i0.wp.com\/noticiasribeiraopreto.com.br\/wp-content\/uploads\/2025\/09\/12-set-2025-betechumbinhonathalia1.jpg?fit=906%2C752&ssl=1&resize=700%2C400 2x"},"classes":[]},{"id":73224,"url":"https:\/\/noticiasribeiraopreto.com.br\/index.php\/2025\/06\/27\/policia-indicia-elizabete-e-garnica-pela-morte-de-larissa\/","url_meta":{"origin":73340,"position":3},"title":"Pol\u00edcia indicia Elizabete e Garnica pela morte de Larissa","author":"noticiasribeiraopreto.com.br","date":"27 de June de 2025","format":false,"excerpt":"Por: Adalberto Luque Em entrevista coletiva, na manh\u00e3 desta sexta-feira (27), o delegado Fernando Bravo, respons\u00e1vel pela investiga\u00e7\u00e3o das mortes por envenenamento de Larissa Talle Le\u00f4ncio e Nathalia Garnica, e o diretor da Divis\u00e3o Especializada de Investiga\u00e7\u00f5es Criminais (DEIC), Jos\u00e9 Carvalho de Ara\u00fajo, informaram que o inqu\u00e9rito que Elizabete Eug\u00eanio\u2026","rel":"","context":"In &quot;Not\u00edcias de Ribeir\u00e3o Preto-SP e Regi\u00e3o&quot;","block_context":{"text":"Not\u00edcias de Ribeir\u00e3o Preto-SP e Regi\u00e3o","link":"https:\/\/noticiasribeiraopreto.com.br\/index.php\/category\/noticias-de-ribeirao-preto-sp-e-regiao-ismael-colosi\/"},"img":{"alt_text":"","src":"https:\/\/i0.wp.com\/noticiasribeiraopreto.com.br\/wp-content\/uploads\/2025\/06\/1751041156_garnica_elisabete.jpg?fit=720%2C656&ssl=1&resize=350%2C200","width":350,"height":200,"srcset":"https:\/\/i0.wp.com\/noticiasribeiraopreto.com.br\/wp-content\/uploads\/2025\/06\/1751041156_garnica_elisabete.jpg?fit=720%2C656&ssl=1&resize=350%2C200 1x, https:\/\/i0.wp.com\/noticiasribeiraopreto.com.br\/wp-content\/uploads\/2025\/06\/1751041156_garnica_elisabete.jpg?fit=720%2C656&ssl=1&resize=525%2C300 1.5x, https:\/\/i0.wp.com\/noticiasribeiraopreto.com.br\/wp-content\/uploads\/2025\/06\/1751041156_garnica_elisabete.jpg?fit=720%2C656&ssl=1&resize=700%2C400 2x"},"classes":[]},{"id":73163,"url":"https:\/\/noticiasribeiraopreto.com.br\/index.php\/2025\/06\/26\/trechos-de-depoimento-de-elizabete-e-garnica-indicam-linha-de-defesa\/","url_meta":{"origin":73340,"position":4},"title":"Trechos de depoimento de Elizabete e Garnica indicam linha de defesa","author":"noticiasribeiraopreto.com.br","date":"26 de June de 2025","format":false,"excerpt":"Idosa manteve hist\u00f3ria de que nora pediu medicamento para azia e ela teria dado da caixa que retirou da casa da filha rec\u00e9m-falecida 26 de junho de 2025 13:066 Compartilhar0 Por: Adalberto Luque Elizabete Eug\u00eanio Arraba\u00e7a Garnica, principal suspeita das mortes por envenenamento da filha Nathalia Garnica e da nora\u2026","rel":"","context":"In &quot;Not\u00edcias de Ribeir\u00e3o Preto-SP e Regi\u00e3o&quot;","block_context":{"text":"Not\u00edcias de Ribeir\u00e3o Preto-SP e Regi\u00e3o","link":"https:\/\/noticiasribeiraopreto.com.br\/index.php\/category\/noticias-de-ribeirao-preto-sp-e-regiao-ismael-colosi\/"},"img":{"alt_text":"","src":"https:\/\/i0.wp.com\/noticiasribeiraopreto.com.br\/wp-content\/uploads\/2025\/06\/elisabete_luiz.jpg?fit=720%2C656&ssl=1&resize=350%2C200","width":350,"height":200,"srcset":"https:\/\/i0.wp.com\/noticiasribeiraopreto.com.br\/wp-content\/uploads\/2025\/06\/elisabete_luiz.jpg?fit=720%2C656&ssl=1&resize=350%2C200 1x, https:\/\/i0.wp.com\/noticiasribeiraopreto.com.br\/wp-content\/uploads\/2025\/06\/elisabete_luiz.jpg?fit=720%2C656&ssl=1&resize=525%2C300 1.5x, https:\/\/i0.wp.com\/noticiasribeiraopreto.com.br\/wp-content\/uploads\/2025\/06\/elisabete_luiz.jpg?fit=720%2C656&ssl=1&resize=700%2C400 2x"},"classes":[]},{"id":76053,"url":"https:\/\/noticiasribeiraopreto.com.br\/index.php\/2025\/08\/21\/elizabete-passa-sua-primeira-noite-em-tremembe\/","url_meta":{"origin":73340,"position":5},"title":"Elizabete passa sua primeira noite em Trememb\u00e9","author":"noticiasribeiraopreto.com.br","date":"21 de August de 2025","format":false,"excerpt":"Por: Adalberto Luque Elizabete Eug\u00eanio Arraba\u00e7a, de 68 anos, acusada da morte de sua nora Larissa Talle Le\u00f4ncio Rodrigues e de sua filha Nathalia Garnica, passou sua primeira noite na Penitenci\u00e1ria Feminina de Trememb\u00e9. Ela foi transferida nesta quarta-feira (20) para sua quarta unidade prisional, desde que foi presa em\u2026","rel":"","context":"In &quot;Not\u00edcias de Ribeir\u00e3o Preto-SP e Regi\u00e3o&quot;","block_context":{"text":"Not\u00edcias de Ribeir\u00e3o Preto-SP e Regi\u00e3o","link":"https:\/\/noticiasribeiraopreto.com.br\/index.php\/category\/noticias-de-ribeirao-preto-sp-e-regiao-ismael-colosi\/"},"img":{"alt_text":"","src":"https:\/\/i0.wp.com\/noticiasribeiraopreto.com.br\/wp-content\/uploads\/2025\/08\/21-agi-2925-elizabetegarnica.jpg?fit=1170%2C780&ssl=1&resize=350%2C200","width":350,"height":200,"srcset":"https:\/\/i0.wp.com\/noticiasribeiraopreto.com.br\/wp-content\/uploads\/2025\/08\/21-agi-2925-elizabetegarnica.jpg?fit=1170%2C780&ssl=1&resize=350%2C200 1x, https:\/\/i0.wp.com\/noticiasribeiraopreto.com.br\/wp-content\/uploads\/2025\/08\/21-agi-2925-elizabetegarnica.jpg?fit=1170%2C780&ssl=1&resize=525%2C300 1.5x, https:\/\/i0.wp.com\/noticiasribeiraopreto.com.br\/wp-content\/uploads\/2025\/08\/21-agi-2925-elizabetegarnica.jpg?fit=1170%2C780&ssl=1&resize=700%2C400 2x, https:\/\/i0.wp.com\/noticiasribeiraopreto.com.br\/wp-content\/uploads\/2025\/08\/21-agi-2925-elizabetegarnica.jpg?fit=1170%2C780&ssl=1&resize=1050%2C600 3x"},"classes":[]}],"jetpack_sharing_enabled":true,"jetpack_shortlink":"https:\/\/wp.me\/peQAOb-j4U","_links":{"self":[{"href":"https:\/\/noticiasribeiraopreto.com.br\/index.php\/wp-json\/wp\/v2\/posts\/73340","targetHints":{"allow":["GET"]}}],"collection":[{"href":"https:\/\/noticiasribeiraopreto.com.br\/index.php\/wp-json\/wp\/v2\/posts"}],"about":[{"href":"https:\/\/noticiasribeiraopreto.com.br\/index.php\/wp-json\/wp\/v2\/types\/post"}],"author":[{"embeddable":true,"href":"https:\/\/noticiasribeiraopreto.com.br\/index.php\/wp-json\/wp\/v2\/users\/1"}],"replies":[{"embeddable":true,"href":"https:\/\/noticiasribeiraopreto.com.br\/index.php\/wp-json\/wp\/v2\/comments?post=73340"}],"version-history":[{"count":0,"href":"https:\/\/noticiasribeiraopreto.com.br\/index.php\/wp-json\/wp\/v2\/posts\/73340\/revisions"}],"wp:featuredmedia":[{"embeddable":true,"href":"https:\/\/noticiasribeiraopreto.com.br\/index.php\/wp-json\/wp\/v2\/media\/73341"}],"wp:attachment":[{"href":"https:\/\/noticiasribeiraopreto.com.br\/index.php\/wp-json\/wp\/v2\/media?parent=73340"}],"wp:term":[{"taxonomy":"category","embeddable":true,"href":"https:\/\/noticiasribeiraopreto.com.br\/index.php\/wp-json\/wp\/v2\/categories?post=73340"},{"taxonomy":"post_tag","embeddable":true,"href":"https:\/\/noticiasribeiraopreto.com.br\/index.php\/wp-json\/wp\/v2\/tags?post=73340"}],"curies":[{"name":"wp","href":"https:\/\/api.w.org\/{rel}","templated":true}]}}