{"id":73342,"date":"2025-06-30T15:14:40","date_gmt":"2025-06-30T18:14:40","guid":{"rendered":"https:\/\/noticiasribeiraopreto.com.br\/index.php\/2025\/06\/30\/theatro-pedro-ii-recebe-peca-inspirada-em-romance-de-augusto-cury\/"},"modified":"2025-06-30T15:14:40","modified_gmt":"2025-06-30T18:14:40","slug":"theatro-pedro-ii-recebe-peca-inspirada-em-romance-de-augusto-cury","status":"publish","type":"post","link":"https:\/\/noticiasribeiraopreto.com.br\/index.php\/2025\/06\/30\/theatro-pedro-ii-recebe-peca-inspirada-em-romance-de-augusto-cury\/","title":{"rendered":"Theatro Pedro II recebe pe\u00e7a inspirada em romance de Augusto Cury"},"content":{"rendered":"<div class='code-block code-block-1' style='margin: 8px 0 8px auto; text-align: right; display: block; clear: both;'>\n<p><a href=\"https:\/\/wa.link\/vpicfd\"><img data-recalc-dims=\"1\" class=\"wp-image-4922\" style=\"aspect-ratio: 2.0253164556962027; width: 561px; height: auto;\" src=\"https:\/\/i0.wp.com\/ismaelcolosi.com.br\/wp-content\/uploads\/2023\/11\/grupo-de-empregos-whatsapp-e-facebook-ismael-colosi-vagas.jpg?ssl=1\" alt=\"\" \/><\/a><\/p>\n<!-- \/wp:image -->\n<\/div>\n<p> <br \/>\n<\/p>\n<div>\n<p>O <strong>Theatro Pedro II<\/strong> recebe no dia <strong>13 de julho<\/strong>, a partir das <strong>19h<\/strong>, uma pe\u00e7a adaptada do consagrado romance de <strong>Augusto Cury<\/strong>, \u201c<strong>O Homem Mais Inteligente da Hist\u00f3ria<\/strong>\u201d. Os ingressos custam a partir de <strong>R$ 70<\/strong>.<\/p>\n<p>Integram o elenco do espet\u00e1culo os atores <strong>Daniel Satti, Priscilla Dieminger, Renan Rezende, Murilo Inforsato, Pietro Alonso e Let\u00edcia Navarro<\/strong>. A pe\u00e7a passa por temas como autocontrole, criatividade, solidariedade, a busca da felicidade e amor. Al\u00e9m de tratar sobre depress\u00e3o e viol\u00eancia contra a mulher.<\/p>\n<p>O enredo acompanha o psiquiatra <strong>Marco Polo (Daniel Satti),<\/strong> que \u00e9 desafiado a estudar a mente de <strong>Jesus<\/strong> em uma reuni\u00e3o da <strong>ONU (Organiza\u00e7\u00e3o das Na\u00e7\u00f5es Unidas)<\/strong>, em <strong>Jerusal\u00e9m<\/strong>. Ele aceita, e \u00e9 montada uma mesa-redonda para analisar a mente de <strong>Jesus<\/strong> sob os \u00e2ngulos da ci\u00eancia, e n\u00e3o, da religi\u00e3o.<\/p>\n<h2 class=\"wp-block-heading\"><strong>Ingressos<\/strong><\/h2>\n<p>Os ingressos podem ser adquiridos <strong>on-line <a href=\"https:\/\/megabilheteria.com\/evento?id=20250519143046\">(clique aqui)<\/a><\/strong> ou presencialmente na bilheteria do teatro. Os pre\u00e7os dos bilhetes variam entre <strong>R$ 35 a R$ 140<\/strong>.<\/p>\n<h2 class=\"wp-block-heading\"><strong>Servi\u00e7o<\/strong><\/h2>\n<p><strong><em>O Homem Mais Inteligente da Hist\u00f3ria<\/em><\/strong><\/p>\n<p><strong>Quando: <\/strong>13 de julho, domingo \u00a0<strong><br \/>Hor\u00e1rio: <\/strong>19h<strong><br \/>Local: <\/strong>Theatro Pedro II | rua \u00c1lvares Cabral, 370 \u00a0<strong><br \/>Ingressos: <\/strong>A partir de R$ 35<\/p>\n<hr class=\"wp-block-separator has-alpha-channel-opacity\"\/>\n<p>SAIBA MAIS<\/p>\n<p>Chelsea acerta contrata\u00e7\u00e3o de atleta de Ribeir\u00e3o Preto antes de enfrentar o Palmeiras<\/p>\n<h3 class=\"wp-block-heading\"><strong>FIQUE ON<\/strong><\/h3>\n<p>Quer ficar por dentro de tudo que acontece em Ribeir\u00e3o Preto e regi\u00e3o? Ent\u00e3o siga os perfis do\u202facidade on\u202fno\u202f<a href=\"https:\/\/www.instagram.com\/acidadeonribeirao\" target=\"_blank\" rel=\"noreferrer noopener\">Instagram<\/a>\u202fe no\u202f<a href=\"https:\/\/www.facebook.com\/acidadeonribeirao\/\" target=\"_blank\" rel=\"noreferrer noopener\">Facebook<\/a>.<\/p>\n<p>Al\u00e9m disso, voc\u00ea pode receber as principais not\u00edcias diretamente no WhatsApp. Para isso, basta\u00a0<a href=\"https:\/\/chat.whatsapp.com\/BjKQZ9oJwlz8VVT50NuePq\" target=\"_blank\" rel=\"noreferrer noopener\">entrar no grupo clicando aqui<\/a>.<\/p>\n<p>Por fim, se quiser fazer uma den\u00fancia ou sugerir uma reportagem sobre Ribeir\u00e3o Preto e regi\u00e3o, envie uma mensagem pelo WhatsApp: (16) 99117-7802.<\/p>\n<p>VEJA TAMB\u00c9M<\/p>\n<p>Cine Cauim exibe s\u00e9rie documental em parceria com a USP Ribeir\u00e3o Preto<\/p>\n<h3 class=\"wp-block-heading\"><strong>FIQUE ON<\/strong><\/h3>\n<p>Quer ficar por dentro de tudo que acontece em Ribeir\u00e3o Preto e regi\u00e3o? Ent\u00e3o siga os perfis do\u202facidade on\u202fno\u202f<a href=\"https:\/\/www.instagram.com\/acidadeonribeirao\" target=\"_blank\" rel=\"noreferrer noopener\">Instagram<\/a>\u202fe no\u202f<a href=\"https:\/\/www.facebook.com\/acidadeonribeirao\/\" target=\"_blank\" rel=\"noreferrer noopener\">Facebook<\/a>.<\/p>\n<p>Al\u00e9m disso, voc\u00ea pode receber as principais not\u00edcias diretamente no WhatsApp. Para isso, basta\u00a0<a href=\"https:\/\/chat.whatsapp.com\/BjKQZ9oJwlz8VVT50NuePq\" target=\"_blank\" rel=\"noreferrer noopener\">entrar no grupo clicando aqui<\/a>.<\/p>\n<p>Por fim, se quiser fazer uma den\u00fancia ou sugerir uma reportagem sobre Ribeir\u00e3o Preto e regi\u00e3o, envie uma mensagem pelo WhatsApp: (16) 99117-7802.<\/p>\n<p>VEJA TAMB\u00c9M<\/p>\n<p>O que aconteceu com Anitta?<\/p>\n<p><!-- AI CONTENT END 1 -->\n<\/div>\n<p><script async src=\"\/\/www.instagram.com\/embed.js\"><\/script><br \/>\n<br \/><br \/>\n<br \/><a href=\"https:\/\/www.acidadeon.com\/ribeiraopreto\/lazer-e-cultura\/theatro-pedro-ii-recebe-peca-inspirada-em-romance-de-augusto-cury\/\">Source link <\/a><\/p>\n<!-- CONTENT END 1 -->\n","protected":false},"excerpt":{"rendered":"<p>O Theatro Pedro II recebe no dia 13 de julho, a partir das 19h, uma pe\u00e7a adaptada do consagrado romance de Augusto Cury, \u201cO Homem&#8230;<\/p>\n","protected":false},"author":1,"featured_media":73343,"comment_status":"open","ping_status":"open","sticky":false,"template":"","format":"standard","meta":{"advanced_seo_description":"","jetpack_seo_html_title":"","jetpack_seo_noindex":false,"jetpack_post_was_ever_published":false,"_jetpack_newsletter_access":"","_jetpack_dont_email_post_to_subs":false,"_jetpack_newsletter_tier_id":0,"_jetpack_memberships_contains_paywalled_content":false,"_jetpack_memberships_contains_paid_content":false,"footnotes":"","jetpack_publicize_message":"","jetpack_publicize_feature_enabled":true,"jetpack_social_post_already_shared":true,"jetpack_social_options":{"image_generator_settings":{"template":"highway","default_image_id":0,"font":"","enabled":false},"version":2}},"categories":[11],"tags":[],"class_list":["post-73342","post","type-post","status-publish","format-standard","has-post-thumbnail","hentry","category-noticias-de-ribeirao-preto-sp-e-regiao-ismael-colosi"],"jetpack_publicize_connections":[],"jetpack_featured_media_url":"https:\/\/i0.wp.com\/noticiasribeiraopreto.com.br\/wp-content\/uploads\/2025\/06\/IMF_4648_2025-06-30_14-18-25.webp.webp?fit=1200%2C800&ssl=1","jetpack-related-posts":[{"id":81693,"url":"https:\/\/noticiasribeiraopreto.com.br\/index.php\/2026\/01\/14\/theatro-pedro-ii-recebe-peca-com-gabriel-braga-nunes-e-maria-ribeiro-confira\/","url_meta":{"origin":73342,"position":0},"title":"Theatro Pedro II recebe pe\u00e7a com Gabriel Braga Nunes e Maria Ribeiro; Confira","author":"noticiasribeiraopreto.com.br","date":"14 de January de 2026","format":false,"excerpt":"O Theatro Pedro II, em Ribeir\u00e3o Preto, recebe a pe\u00e7a \u201cO Filho\u201d no dia 28 de mar\u00e7o, a partir das 20h. A montagem passou por mais de 20 pa\u00edses e adapta a obra do cineasta e dramaturgo franc\u00eas Florian Zeller. Com dire\u00e7\u00e3o de Leo Stefanini, o elenco traz Andreas Trotta,\u2026","rel":"","context":"In &quot;Not\u00edcias de Ribeir\u00e3o Preto-SP e Regi\u00e3o&quot;","block_context":{"text":"Not\u00edcias de Ribeir\u00e3o Preto-SP e Regi\u00e3o","link":"https:\/\/noticiasribeiraopreto.com.br\/index.php\/category\/noticias-de-ribeirao-preto-sp-e-regiao-ismael-colosi\/"},"img":{"alt_text":"","src":"https:\/\/i0.wp.com\/noticiasribeiraopreto.com.br\/wp-content\/uploads\/2026\/01\/MARIA-RIBEIRO_2026-01-13_21-00-15.webp.webp?fit=1200%2C800&ssl=1&resize=350%2C200","width":350,"height":200,"srcset":"https:\/\/i0.wp.com\/noticiasribeiraopreto.com.br\/wp-content\/uploads\/2026\/01\/MARIA-RIBEIRO_2026-01-13_21-00-15.webp.webp?fit=1200%2C800&ssl=1&resize=350%2C200 1x, https:\/\/i0.wp.com\/noticiasribeiraopreto.com.br\/wp-content\/uploads\/2026\/01\/MARIA-RIBEIRO_2026-01-13_21-00-15.webp.webp?fit=1200%2C800&ssl=1&resize=525%2C300 1.5x, https:\/\/i0.wp.com\/noticiasribeiraopreto.com.br\/wp-content\/uploads\/2026\/01\/MARIA-RIBEIRO_2026-01-13_21-00-15.webp.webp?fit=1200%2C800&ssl=1&resize=700%2C400 2x, https:\/\/i0.wp.com\/noticiasribeiraopreto.com.br\/wp-content\/uploads\/2026\/01\/MARIA-RIBEIRO_2026-01-13_21-00-15.webp.webp?fit=1200%2C800&ssl=1&resize=1050%2C600 3x"},"classes":[]},{"id":73396,"url":"https:\/\/noticiasribeiraopreto.com.br\/index.php\/2025\/07\/01\/apos-grammy-os-garotin-fazem-show-em-ribeirao-preto-veja-como-comprar-ingressos\/","url_meta":{"origin":73342,"position":1},"title":"Ap\u00f3s Grammy, Os Garotin fazem show em Ribeir\u00e3o Preto; Veja como comprar ingressos","author":"noticiasribeiraopreto.com.br","date":"1 de July de 2025","format":false,"excerpt":"O grupo Os Garotin, vencedor de dois pr\u00eamios na 25\u00aa edi\u00e7\u00e3o do Grammy Latino, se apresenta em Ribeir\u00e3o Preto na pr\u00f3xima quarta-feira (9), \u00e0s 19h, no Theatro Pedro II. O show \u00e9 promovido pelo Sesc Ribeir\u00e3o Preto. O trio, formado por Anchietx, Cupertino e Leo Guima, ganhou com o primeiro\u2026","rel":"","context":"In &quot;Not\u00edcias de Ribeir\u00e3o Preto-SP e Regi\u00e3o&quot;","block_context":{"text":"Not\u00edcias de Ribeir\u00e3o Preto-SP e Regi\u00e3o","link":"https:\/\/noticiasribeiraopreto.com.br\/index.php\/category\/noticias-de-ribeirao-preto-sp-e-regiao-ismael-colosi\/"},"img":{"alt_text":"","src":"https:\/\/i0.wp.com\/noticiasribeiraopreto.com.br\/wp-content\/uploads\/2025\/07\/os-garotin_2025-07-01_17-31-30.webp.webp?fit=1200%2C890&ssl=1&resize=350%2C200","width":350,"height":200,"srcset":"https:\/\/i0.wp.com\/noticiasribeiraopreto.com.br\/wp-content\/uploads\/2025\/07\/os-garotin_2025-07-01_17-31-30.webp.webp?fit=1200%2C890&ssl=1&resize=350%2C200 1x, https:\/\/i0.wp.com\/noticiasribeiraopreto.com.br\/wp-content\/uploads\/2025\/07\/os-garotin_2025-07-01_17-31-30.webp.webp?fit=1200%2C890&ssl=1&resize=525%2C300 1.5x, https:\/\/i0.wp.com\/noticiasribeiraopreto.com.br\/wp-content\/uploads\/2025\/07\/os-garotin_2025-07-01_17-31-30.webp.webp?fit=1200%2C890&ssl=1&resize=700%2C400 2x, https:\/\/i0.wp.com\/noticiasribeiraopreto.com.br\/wp-content\/uploads\/2025\/07\/os-garotin_2025-07-01_17-31-30.webp.webp?fit=1200%2C890&ssl=1&resize=1050%2C600 3x"},"classes":[]},{"id":75339,"url":"https:\/\/noticiasribeiraopreto.com.br\/index.php\/2025\/08\/07\/ana-rosa-helena-rinaldi-e-fernanda-nobre-estrelam-peca-no-theatro-pedro-ii-veja-quando\/","url_meta":{"origin":73342,"position":2},"title":"Ana Rosa, Helena Rinaldi e Fernanda Nobre estrelam pe\u00e7a no Theatro Pedro II; veja quando","author":"noticiasribeiraopreto.com.br","date":"7 de August de 2025","format":false,"excerpt":"As atrizes Ana Rosa, Helena Rinaldi e Fernanda Nobre sobem ao palco do Theatro Pedro II, em Ribeir\u00e3o Preto, nos dias 12 e 13 de dezembro, \u00e0s 20h, com a com\u00e9dia \u201cTr\u00eas Mulheres Altas\u201d. Os ingressos j\u00e1 podem ser adquiridos on-line \u2013 veja como abaixo. Escrita por Edward Albee, no\u2026","rel":"","context":"In &quot;Not\u00edcias de Ribeir\u00e3o Preto-SP e Regi\u00e3o&quot;","block_context":{"text":"Not\u00edcias de Ribeir\u00e3o Preto-SP e Regi\u00e3o","link":"https:\/\/noticiasribeiraopreto.com.br\/index.php\/category\/noticias-de-ribeirao-preto-sp-e-regiao-ismael-colosi\/"},"img":{"alt_text":"","src":"https:\/\/i0.wp.com\/noticiasribeiraopreto.com.br\/wp-content\/uploads\/2025\/08\/Elenco-3MA-Estudio-Foto-Pino-Gomes-8_2025-08-07_13-54-42.webp.webp?fit=1200%2C801&ssl=1&resize=350%2C200","width":350,"height":200,"srcset":"https:\/\/i0.wp.com\/noticiasribeiraopreto.com.br\/wp-content\/uploads\/2025\/08\/Elenco-3MA-Estudio-Foto-Pino-Gomes-8_2025-08-07_13-54-42.webp.webp?fit=1200%2C801&ssl=1&resize=350%2C200 1x, https:\/\/i0.wp.com\/noticiasribeiraopreto.com.br\/wp-content\/uploads\/2025\/08\/Elenco-3MA-Estudio-Foto-Pino-Gomes-8_2025-08-07_13-54-42.webp.webp?fit=1200%2C801&ssl=1&resize=525%2C300 1.5x, https:\/\/i0.wp.com\/noticiasribeiraopreto.com.br\/wp-content\/uploads\/2025\/08\/Elenco-3MA-Estudio-Foto-Pino-Gomes-8_2025-08-07_13-54-42.webp.webp?fit=1200%2C801&ssl=1&resize=700%2C400 2x, https:\/\/i0.wp.com\/noticiasribeiraopreto.com.br\/wp-content\/uploads\/2025\/08\/Elenco-3MA-Estudio-Foto-Pino-Gomes-8_2025-08-07_13-54-42.webp.webp?fit=1200%2C801&ssl=1&resize=1050%2C600 3x"},"classes":[]},{"id":75367,"url":"https:\/\/noticiasribeiraopreto.com.br\/index.php\/2025\/08\/07\/ana-rosa-helena-ranaldi-e-fernanda-nobre-estrelam-peca-no-theatro-pedro-ii-veja-quando\/","url_meta":{"origin":73342,"position":3},"title":"Ana Rosa, Helena Ranaldi e Fernanda Nobre estrelam pe\u00e7a no Theatro Pedro II; veja quando","author":"noticiasribeiraopreto.com.br","date":"7 de August de 2025","format":false,"excerpt":"As atrizes Ana Rosa, Helena Ranaldi e Fernanda Nobre sobem ao palco do Theatro Pedro II, em Ribeir\u00e3o Preto, nos dias 12 e 13 de dezembro, \u00e0s 20h, com a com\u00e9dia \u201cTr\u00eas Mulheres Altas\u201d. Os ingressos j\u00e1 podem ser adquiridos on-line \u2013 veja como abaixo. Escrita por Edward Albee, no\u2026","rel":"","context":"In &quot;Not\u00edcias de Ribeir\u00e3o Preto-SP e Regi\u00e3o&quot;","block_context":{"text":"Not\u00edcias de Ribeir\u00e3o Preto-SP e Regi\u00e3o","link":"https:\/\/noticiasribeiraopreto.com.br\/index.php\/category\/noticias-de-ribeirao-preto-sp-e-regiao-ismael-colosi\/"},"img":{"alt_text":"","src":"https:\/\/i0.wp.com\/noticiasribeiraopreto.com.br\/wp-content\/uploads\/2025\/08\/Elenco-3MA-Estudio-Foto-Pino-Gomes-8_2025-08-07_13-54-42.webp.webp?fit=1200%2C801&ssl=1&resize=350%2C200","width":350,"height":200,"srcset":"https:\/\/i0.wp.com\/noticiasribeiraopreto.com.br\/wp-content\/uploads\/2025\/08\/Elenco-3MA-Estudio-Foto-Pino-Gomes-8_2025-08-07_13-54-42.webp.webp?fit=1200%2C801&ssl=1&resize=350%2C200 1x, https:\/\/i0.wp.com\/noticiasribeiraopreto.com.br\/wp-content\/uploads\/2025\/08\/Elenco-3MA-Estudio-Foto-Pino-Gomes-8_2025-08-07_13-54-42.webp.webp?fit=1200%2C801&ssl=1&resize=525%2C300 1.5x, https:\/\/i0.wp.com\/noticiasribeiraopreto.com.br\/wp-content\/uploads\/2025\/08\/Elenco-3MA-Estudio-Foto-Pino-Gomes-8_2025-08-07_13-54-42.webp.webp?fit=1200%2C801&ssl=1&resize=700%2C400 2x, https:\/\/i0.wp.com\/noticiasribeiraopreto.com.br\/wp-content\/uploads\/2025\/08\/Elenco-3MA-Estudio-Foto-Pino-Gomes-8_2025-08-07_13-54-42.webp.webp?fit=1200%2C801&ssl=1&resize=1050%2C600 3x"},"classes":[]},{"id":72814,"url":"https:\/\/noticiasribeiraopreto.com.br\/index.php\/2025\/06\/21\/theatro-pedro-ii-recebe-peca-com-vera-fisher-e-leonardo-franco-veja-quando\/","url_meta":{"origin":73342,"position":4},"title":"Theatro Pedro II recebe pe\u00e7a com Vera Fisher e Leonardo Franco; veja quando","author":"noticiasribeiraopreto.com.br","date":"21 de June de 2025","format":false,"excerpt":"O Theatro Pedro II, em Ribeir\u00e3o Preto, recebe nos dias 4 e 5 de julho os atores Vera Fischer e Leonardo Franco na com\u00e9dia \u201cO Casal Mais Sexy da Am\u00e9rica\u201d. O elenco tamb\u00e9m conta com a participa\u00e7\u00e3o de Vitor Thir\u00e9. A com\u00e9dia in\u00e9dita no Brasil acompanha o reencontro, ap\u00f3s tr\u00eas\u2026","rel":"","context":"In &quot;Not\u00edcias de Ribeir\u00e3o Preto-SP e Regi\u00e3o&quot;","block_context":{"text":"Not\u00edcias de Ribeir\u00e3o Preto-SP e Regi\u00e3o","link":"https:\/\/noticiasribeiraopreto.com.br\/index.php\/category\/noticias-de-ribeirao-preto-sp-e-regiao-ismael-colosi\/"},"img":{"alt_text":"","src":"https:\/\/i0.wp.com\/noticiasribeiraopreto.com.br\/wp-content\/uploads\/2025\/06\/vera-fischer_2025-04-06_16-37-11_jpg_2025-04-06_16-37-11.webp.webp?fit=1078%2C825&ssl=1&resize=350%2C200","width":350,"height":200,"srcset":"https:\/\/i0.wp.com\/noticiasribeiraopreto.com.br\/wp-content\/uploads\/2025\/06\/vera-fischer_2025-04-06_16-37-11_jpg_2025-04-06_16-37-11.webp.webp?fit=1078%2C825&ssl=1&resize=350%2C200 1x, https:\/\/i0.wp.com\/noticiasribeiraopreto.com.br\/wp-content\/uploads\/2025\/06\/vera-fischer_2025-04-06_16-37-11_jpg_2025-04-06_16-37-11.webp.webp?fit=1078%2C825&ssl=1&resize=525%2C300 1.5x, https:\/\/i0.wp.com\/noticiasribeiraopreto.com.br\/wp-content\/uploads\/2025\/06\/vera-fischer_2025-04-06_16-37-11_jpg_2025-04-06_16-37-11.webp.webp?fit=1078%2C825&ssl=1&resize=700%2C400 2x, https:\/\/i0.wp.com\/noticiasribeiraopreto.com.br\/wp-content\/uploads\/2025\/06\/vera-fischer_2025-04-06_16-37-11_jpg_2025-04-06_16-37-11.webp.webp?fit=1078%2C825&ssl=1&resize=1050%2C600 3x"},"classes":[]},{"id":58028,"url":"https:\/\/noticiasribeiraopreto.com.br\/index.php\/2024\/09\/17\/theatro-pedro-ii-recebe-tres-espetaculos-infantis-no-mesmo-dia-veja-quais\/","url_meta":{"origin":73342,"position":5},"title":"Theatro Pedro II recebe tr\u00eas espet\u00e1culos infantis no mesmo dia; Veja quais","author":"noticiasribeiraopreto.com.br","date":"17 de September de 2024","format":false,"excerpt":"O Theatro Pedro II, em Ribeir\u00e3o Preto, vai ser palco de tr\u00eas pe\u00e7as de teatro infantis no pr\u00f3ximo dia 29 de setembro. O \u201c3x Teatro Infantil\u201d acontece em tr\u00eas hor\u00e1rios diferentes, sendo \u00e0s 11h, \u00e0s 16h, e \u00e0s 19h. As pe\u00e7as escolhidas foram \u201cO Casamento da Dona Baratinha\u201d, \u201cOs Tr\u00eas\u2026","rel":"","context":"In &quot;Not\u00edcias de Ribeir\u00e3o Preto-SP e Regi\u00e3o&quot;","block_context":{"text":"Not\u00edcias de Ribeir\u00e3o Preto-SP e Regi\u00e3o","link":"https:\/\/noticiasribeiraopreto.com.br\/index.php\/category\/noticias-de-ribeirao-preto-sp-e-regiao-ismael-colosi\/"},"img":{"alt_text":"","src":"https:\/\/i0.wp.com\/noticiasribeiraopreto.com.br\/wp-content\/uploads\/2024\/09\/Copia-de-Copia-de-Copia-de-TAMANHO-EXATO-PARA-FOTOS-NO-SISTEMA-NOVO-8_2024-09-17_13-14-05_jpg_2024-09-17_13-14-05.webp.webp?fit=1200%2C675&ssl=1&resize=350%2C200","width":350,"height":200,"srcset":"https:\/\/i0.wp.com\/noticiasribeiraopreto.com.br\/wp-content\/uploads\/2024\/09\/Copia-de-Copia-de-Copia-de-TAMANHO-EXATO-PARA-FOTOS-NO-SISTEMA-NOVO-8_2024-09-17_13-14-05_jpg_2024-09-17_13-14-05.webp.webp?fit=1200%2C675&ssl=1&resize=350%2C200 1x, https:\/\/i0.wp.com\/noticiasribeiraopreto.com.br\/wp-content\/uploads\/2024\/09\/Copia-de-Copia-de-Copia-de-TAMANHO-EXATO-PARA-FOTOS-NO-SISTEMA-NOVO-8_2024-09-17_13-14-05_jpg_2024-09-17_13-14-05.webp.webp?fit=1200%2C675&ssl=1&resize=525%2C300 1.5x, https:\/\/i0.wp.com\/noticiasribeiraopreto.com.br\/wp-content\/uploads\/2024\/09\/Copia-de-Copia-de-Copia-de-TAMANHO-EXATO-PARA-FOTOS-NO-SISTEMA-NOVO-8_2024-09-17_13-14-05_jpg_2024-09-17_13-14-05.webp.webp?fit=1200%2C675&ssl=1&resize=700%2C400 2x, https:\/\/i0.wp.com\/noticiasribeiraopreto.com.br\/wp-content\/uploads\/2024\/09\/Copia-de-Copia-de-Copia-de-TAMANHO-EXATO-PARA-FOTOS-NO-SISTEMA-NOVO-8_2024-09-17_13-14-05_jpg_2024-09-17_13-14-05.webp.webp?fit=1200%2C675&ssl=1&resize=1050%2C600 3x"},"classes":[]}],"jetpack_sharing_enabled":true,"jetpack_shortlink":"https:\/\/wp.me\/peQAOb-j4W","_links":{"self":[{"href":"https:\/\/noticiasribeiraopreto.com.br\/index.php\/wp-json\/wp\/v2\/posts\/73342","targetHints":{"allow":["GET"]}}],"collection":[{"href":"https:\/\/noticiasribeiraopreto.com.br\/index.php\/wp-json\/wp\/v2\/posts"}],"about":[{"href":"https:\/\/noticiasribeiraopreto.com.br\/index.php\/wp-json\/wp\/v2\/types\/post"}],"author":[{"embeddable":true,"href":"https:\/\/noticiasribeiraopreto.com.br\/index.php\/wp-json\/wp\/v2\/users\/1"}],"replies":[{"embeddable":true,"href":"https:\/\/noticiasribeiraopreto.com.br\/index.php\/wp-json\/wp\/v2\/comments?post=73342"}],"version-history":[{"count":0,"href":"https:\/\/noticiasribeiraopreto.com.br\/index.php\/wp-json\/wp\/v2\/posts\/73342\/revisions"}],"wp:featuredmedia":[{"embeddable":true,"href":"https:\/\/noticiasribeiraopreto.com.br\/index.php\/wp-json\/wp\/v2\/media\/73343"}],"wp:attachment":[{"href":"https:\/\/noticiasribeiraopreto.com.br\/index.php\/wp-json\/wp\/v2\/media?parent=73342"}],"wp:term":[{"taxonomy":"category","embeddable":true,"href":"https:\/\/noticiasribeiraopreto.com.br\/index.php\/wp-json\/wp\/v2\/categories?post=73342"},{"taxonomy":"post_tag","embeddable":true,"href":"https:\/\/noticiasribeiraopreto.com.br\/index.php\/wp-json\/wp\/v2\/tags?post=73342"}],"curies":[{"name":"wp","href":"https:\/\/api.w.org\/{rel}","templated":true}]}}