{"id":73344,"date":"2025-06-30T15:22:14","date_gmt":"2025-06-30T18:22:14","guid":{"rendered":"https:\/\/noticiasribeiraopreto.com.br\/index.php\/2025\/06\/30\/caso-nelson-justica-libera-suspeita-de-participacao-no-sumico-de-empresario\/"},"modified":"2025-06-30T15:22:14","modified_gmt":"2025-06-30T18:22:14","slug":"caso-nelson-justica-libera-suspeita-de-participacao-no-sumico-de-empresario","status":"publish","type":"post","link":"https:\/\/noticiasribeiraopreto.com.br\/index.php\/2025\/06\/30\/caso-nelson-justica-libera-suspeita-de-participacao-no-sumico-de-empresario\/","title":{"rendered":"Caso Nelson: Justi\u00e7a libera suspeita de participa\u00e7\u00e3o no sumi\u00e7o de empres\u00e1rio"},"content":{"rendered":"<div class='code-block code-block-1' style='margin: 8px 0 8px auto; text-align: right; display: block; clear: both;'>\n<p><a href=\"https:\/\/wa.link\/vpicfd\"><img data-recalc-dims=\"1\" class=\"wp-image-4922\" style=\"aspect-ratio: 2.0253164556962027; width: 561px; height: auto;\" src=\"https:\/\/i0.wp.com\/ismaelcolosi.com.br\/wp-content\/uploads\/2023\/11\/grupo-de-empregos-whatsapp-e-facebook-ismael-colosi-vagas.jpg?ssl=1\" alt=\"\" \/><\/a><\/p>\n<!-- \/wp:image -->\n<\/div>\n<p> <br \/>\n<\/p>\n<div>\n<p>A <strong>Justi\u00e7a <\/strong>concedeu liberdade a <strong>Marcela Silva de Almeida<\/strong>, suspeita de participa\u00e7\u00e3o no desaparecimento do empres\u00e1rio <strong>Nelson Carreira Filho<\/strong>, de 44 anos, ap\u00f3s uma reuni\u00e3o de neg\u00f3cios em <strong>Cravinhos<\/strong>, cidade na <strong>regi\u00e3o de Ribeir\u00e3o Preto<\/strong>, no dia 16 de maio.<\/p>\n<p><em>&gt;&gt;&gt;FIQUE POR DENTRO: Clique aqui e confira a cobertura do Caso Nelson<\/em><\/p>\n<p>A mulher \u00e9 <strong>esposa de Marlon Couto<\/strong>, principal suspeito de <strong>atirar <\/strong>e <strong>jogar o corpo do empres\u00e1rio no rio Pardo<\/strong>, em <strong>Miguel\u00f3polis <\/strong>\u2013 a 150 quil\u00f4metros de dist\u00e2ncia da cidade onde aconteceu a reuni\u00e3o.<\/p>\n<p><strong>Marcela <\/strong>se entregou \u00e0 pol\u00edcia no dia 4 de junho e foi encaminhada para a <strong>Cadeia de Santa Rosa de Viterbo<\/strong>, onde <strong>permaneceu presa at\u00e9 domingo (29)<\/strong>. Ela sempre negou participa\u00e7\u00e3o no crime.<\/p>\n<p><strong><mark style=\"background-color:#fcb900\" class=\"has-inline-color\">O corpo da v\u00edtima n\u00e3o foi localizado at\u00e9 o momento<\/mark><\/strong>. Al\u00e9m disso, o marido da mulher continua foragido.<\/p>\n<h2 class=\"wp-block-heading\"><strong>Irm\u00e3o de suspeito tamb\u00e9m \u00e9 investigado<\/strong><\/h2>\n<p>A <strong>Pol\u00edcia Civil<\/strong> passou a investigar o <strong>irm\u00e3o do principal suspeito <\/strong>do desaparecimento do empres\u00e1rio. <strong>Murilo Couto Paula<\/strong> \u00e9 o irm\u00e3o de Marlon, que teria confessado em carta o assassinato da v\u00edtima.<\/p>\n<p>Segundo a pol\u00edcia, <strong>Murilo <\/strong>foi flagrado por c\u00e2meras de seguran\u00e7a da pra\u00e7a de ped\u00e1gio de Sales Oliveira, na regi\u00e3o de Ribeir\u00e3o Preto, enquanto trafegava pela<strong> rodovia Anhanguera (SP-330) <\/strong>com o<strong> carro de Marlon <\/strong>na data em que <strong>Nelson desapareceu<\/strong>.<\/p>\n<p>As investiga\u00e7\u00f5es apontam que <strong>Murilo pagou R$ 1,5 mil pela dedetiza\u00e7\u00e3o na empresa de Marlon<\/strong> no dia 16 de maio, quando aconteceu o encontro com Nelson.<\/p>\n<p><mark style=\"background-color:#fcb900\" class=\"has-inline-color\">O delegado Heitor Moreira Assis suspeita que o servi\u00e7o foi forjado para que funcion\u00e1rios n\u00e3o estivessem no local e os envolvidos pudessem criar uma emboscada para o empres\u00e1rio.<\/mark> Ele tamb\u00e9m disse que dever\u00e1 concluir o inqu\u00e9rito sobre o caso nos pr\u00f3ximos dias e pedir a prorroga\u00e7\u00e3o da pris\u00e3o tempor\u00e1ria de Tadeu Almeida, gerente da empresa de Marlon.<\/p>\n<h2 class=\"wp-block-heading\"><strong>O caso<\/strong><\/h2>\n<p><strong>Nelson Carreira Filho <\/strong>desapareceu no dia 16 de maio ap\u00f3s uma reuni\u00e3o de neg\u00f3cios em <strong>Cravinhos<\/strong>, regi\u00e3o de Ribeir\u00e3o Preto. <strong><mark style=\"background-color:#fcb900\" class=\"has-inline-color\">A Pol\u00edcia Civil acredita que ele tenha sido assassinado por desaven\u00e7as comerciais com Marlon Couto.<\/mark><\/strong><\/p>\n<p>Segundo as investiga\u00e7\u00f5es, <strong>Nelson cobrava R$ 100 mil de Marlon<\/strong> pelo uso indevido de uma marca patenteada de suplementos para emagrecimento.<\/p>\n<p>O gerente da f\u00e1brica de Marlon, Tadeu Almeida Silva, se entregou \u00e0 pol\u00edcia e <strong>confessou ter ajudado a ocultar o corpo da v\u00edtima<\/strong>. Ele diz que Marlon atirou em Nelson e descartou o corpo em um rio na regi\u00e3o de Miguel\u00f3polis.<\/p>\n<p>A <strong>Pol\u00edcia Cient\u00edfica<\/strong> periciou uma caminhonete que teria sido utilizado para transportar o corpo do empres\u00e1rio, e sangue foi localizado no ve\u00edculo com a ajuda de <strong>luminol<\/strong>.<\/p>\n<p>A pol\u00edcia tamb\u00e9m prendeu outra pessoa envolvida: <strong>Felipe Miranda<\/strong>. Ele foi preso em Uberl\u00e2ndia-MG, e \u00e9 apontado como respons\u00e1vel por ajudar Marlon a jogar o corpo de Nelson no rio.<\/p>\n<hr class=\"wp-block-separator has-alpha-channel-opacity\"\/>\n<p>SAIBA MAIS<\/p>\n<p>Opera\u00e7\u00e3o prende pastor suspeito de furtar igrejas no estado de SP<\/p>\n<h2 class=\"wp-block-heading\"><strong>FIQUE ON<\/strong><\/h2>\n<p>Quer ficar por dentro de tudo que acontece em Ribeir\u00e3o Preto e regi\u00e3o? Ent\u00e3o siga os perfis do\u202facidade on\u202fno\u202f<a href=\"https:\/\/www.instagram.com\/acidadeonribeirao\" target=\"_blank\" rel=\"noreferrer noopener\">Instagram<\/a>\u202fe no\u202f<a href=\"https:\/\/www.facebook.com\/acidadeonribeirao\/\" target=\"_blank\" rel=\"noreferrer noopener\">Facebook<\/a>.<\/p>\n<p>Al\u00e9m disso, voc\u00ea pode receber as principais not\u00edcias diretamente no WhatsApp. Para isso, basta\u00a0<a href=\"https:\/\/chat.whatsapp.com\/BjKQZ9oJwlz8VVT50NuePq\" target=\"_blank\" rel=\"noreferrer noopener\">entrar no grupo clicando aqui<\/a>.<\/p>\n<p>Por fim, se quiser fazer uma den\u00fancia ou sugerir uma reportagem sobre Ribeir\u00e3o Preto e regi\u00e3o, envie uma mensagem pelo WhatsApp: (16) 99117-7802.<\/p>\n<p>VEJA TAMB\u00c9M<\/p>\n<p>Qual \u00e9 o habitat do jo\u00e3o-de-barro?<\/p>\n<p><!-- AI CONTENT END 1 -->\n<\/div>\n<p><script async src=\"\/\/www.instagram.com\/embed.js\"><\/script><br \/>\n<br \/><br \/>\n<br \/><a href=\"https:\/\/www.acidadeon.com\/ribeiraopreto\/cotidiano\/caso-nelson-justica-libera-suspeita-de-participacao-no-sumico-de-empresario\/\">Source link <\/a><\/p>\n<!-- CONTENT END 1 -->\n","protected":false},"excerpt":{"rendered":"<p>A Justi\u00e7a concedeu liberdade a Marcela Silva de Almeida, suspeita de participa\u00e7\u00e3o no desaparecimento do empres\u00e1rio Nelson Carreira Filho, de 44 anos, ap\u00f3s uma reuni\u00e3o&#8230;<\/p>\n","protected":false},"author":1,"featured_media":73345,"comment_status":"open","ping_status":"open","sticky":false,"template":"","format":"standard","meta":{"advanced_seo_description":"","jetpack_seo_html_title":"","jetpack_seo_noindex":false,"jetpack_post_was_ever_published":false,"_jetpack_newsletter_access":"","_jetpack_dont_email_post_to_subs":false,"_jetpack_newsletter_tier_id":0,"_jetpack_memberships_contains_paywalled_content":false,"_jetpack_memberships_contains_paid_content":false,"footnotes":"","jetpack_publicize_message":"","jetpack_publicize_feature_enabled":true,"jetpack_social_post_already_shared":true,"jetpack_social_options":{"image_generator_settings":{"template":"highway","default_image_id":0,"font":"","enabled":false},"version":2}},"categories":[11],"tags":[],"class_list":["post-73344","post","type-post","status-publish","format-standard","has-post-thumbnail","hentry","category-noticias-de-ribeirao-preto-sp-e-regiao-ismael-colosi"],"jetpack_publicize_connections":[],"jetpack_featured_media_url":"https:\/\/i0.wp.com\/noticiasribeiraopreto.com.br\/wp-content\/uploads\/2025\/06\/Copia-de-Copia-de-Copia-de-TAMANHO-EXATO-PARA-FOTOS-NO-SISTEMA-NOVO-2025-06-30T125240.746_2025-06-30_15-52-51.webp.webp?fit=1200%2C675&ssl=1","jetpack-related-posts":[{"id":70636,"url":"https:\/\/noticiasribeiraopreto.com.br\/index.php\/2025\/05\/28\/veja-quem-e-quem-no-caso-da-morte-de-empresario-em-cravinhos\/","url_meta":{"origin":73344,"position":0},"title":"Veja quem \u00e9 quem no caso da morte de empres\u00e1rio em Cravinhos","author":"noticiasribeiraopreto.com.br","date":"28 de May de 2025","format":false,"excerpt":"A pol\u00edcia procura por tr\u00eas pessoas suspeitas de envolvimento na morte do empres\u00e1rio Nelson Francisco Carreira Filho, que desapareceu no dia 16 de maio ap\u00f3s reuni\u00e3o em Cravinhos. O delegado Sebasti\u00e3o Picinato acredita que Nelson foi morto dentro da f\u00e1brica de Marlon Couto Paula J\u00fanior. Na noite de ter\u00e7a-feira (27),\u2026","rel":"","context":"In &quot;Not\u00edcias de Ribeir\u00e3o Preto-SP e Regi\u00e3o&quot;","block_context":{"text":"Not\u00edcias de Ribeir\u00e3o Preto-SP e Regi\u00e3o","link":"https:\/\/noticiasribeiraopreto.com.br\/index.php\/category\/noticias-de-ribeirao-preto-sp-e-regiao-ismael-colosi\/"},"img":{"alt_text":"","src":"https:\/\/i0.wp.com\/noticiasribeiraopreto.com.br\/wp-content\/uploads\/2025\/05\/MARLON-COUTO_2025-05-28_16-15-29.webp.webp?fit=1143%2C824&ssl=1&resize=350%2C200","width":350,"height":200,"srcset":"https:\/\/i0.wp.com\/noticiasribeiraopreto.com.br\/wp-content\/uploads\/2025\/05\/MARLON-COUTO_2025-05-28_16-15-29.webp.webp?fit=1143%2C824&ssl=1&resize=350%2C200 1x, https:\/\/i0.wp.com\/noticiasribeiraopreto.com.br\/wp-content\/uploads\/2025\/05\/MARLON-COUTO_2025-05-28_16-15-29.webp.webp?fit=1143%2C824&ssl=1&resize=525%2C300 1.5x, https:\/\/i0.wp.com\/noticiasribeiraopreto.com.br\/wp-content\/uploads\/2025\/05\/MARLON-COUTO_2025-05-28_16-15-29.webp.webp?fit=1143%2C824&ssl=1&resize=700%2C400 2x, https:\/\/i0.wp.com\/noticiasribeiraopreto.com.br\/wp-content\/uploads\/2025\/05\/MARLON-COUTO_2025-05-28_16-15-29.webp.webp?fit=1143%2C824&ssl=1&resize=1050%2C600 3x"},"classes":[]},{"id":73336,"url":"https:\/\/noticiasribeiraopreto.com.br\/index.php\/2025\/06\/30\/justica-solta-mulher-de-marlon\/","url_meta":{"origin":73344,"position":1},"title":"Justi\u00e7a solta mulher de Marlon","author":"noticiasribeiraopreto.com.br","date":"30 de June de 2025","format":false,"excerpt":"Marcela de Almeida, esposa de foragido que confessou o crime, foi libertada pela Justi\u00e7a; irm\u00e3o do autor tamb\u00e9m \u00e9 investigado 30 de junho de 2025 12:3130 de junho de 2025 12:357 Compartilhar1 Por: Adalberto Luque A Justi\u00e7a determinou a soltura de Marcela Silva de Almeida, investigada no caso do desaparecimento\u2026","rel":"","context":"In &quot;Not\u00edcias de Ribeir\u00e3o Preto-SP e Regi\u00e3o&quot;","block_context":{"text":"Not\u00edcias de Ribeir\u00e3o Preto-SP e Regi\u00e3o","link":"https:\/\/noticiasribeiraopreto.com.br\/index.php\/category\/noticias-de-ribeirao-preto-sp-e-regiao-ismael-colosi\/"},"img":{"alt_text":"","src":"https:\/\/i0.wp.com\/noticiasribeiraopreto.com.br\/wp-content\/uploads\/2025\/06\/30-mai-2025-casonelsonmarcela2.jpg?fit=602%2C807&ssl=1&resize=350%2C200","width":350,"height":200,"srcset":"https:\/\/i0.wp.com\/noticiasribeiraopreto.com.br\/wp-content\/uploads\/2025\/06\/30-mai-2025-casonelsonmarcela2.jpg?fit=602%2C807&ssl=1&resize=350%2C200 1x, https:\/\/i0.wp.com\/noticiasribeiraopreto.com.br\/wp-content\/uploads\/2025\/06\/30-mai-2025-casonelsonmarcela2.jpg?fit=602%2C807&ssl=1&resize=525%2C300 1.5x"},"classes":[]},{"id":70880,"url":"https:\/\/noticiasribeiraopreto.com.br\/index.php\/2025\/05\/30\/bombeiros-iniciam-buscas-no-rio-grande-por-corpo-de-empresario-veja-o-video\/","url_meta":{"origin":73344,"position":2},"title":"Bombeiros iniciam buscas no rio Grande por corpo de empres\u00e1rio; Veja o v\u00eddeo","author":"noticiasribeiraopreto.com.br","date":"30 de May de 2025","format":false,"excerpt":"Os Bombeiros come\u00e7aram na tarde desta sexta-feira (30) as buscas pelo corpo do empres\u00e1rio Nelson Francisco Carreira Filho, no rio Grande, em Miguel\u00f3polis. Os agentes come\u00e7aram os trabalhos nas proximidades do rancho de Marlon Couto Paula J\u00fanior, suspeito de envolvimento na morte do empres\u00e1rio \u2013 veja o v\u00eddeo abaixo. No\u2026","rel":"","context":"In &quot;Not\u00edcias de Ribeir\u00e3o Preto-SP e Regi\u00e3o&quot;","block_context":{"text":"Not\u00edcias de Ribeir\u00e3o Preto-SP e Regi\u00e3o","link":"https:\/\/noticiasribeiraopreto.com.br\/index.php\/category\/noticias-de-ribeirao-preto-sp-e-regiao-ismael-colosi\/"},"img":{"alt_text":"","src":"https:\/\/i0.wp.com\/noticiasribeiraopreto.com.br\/wp-content\/uploads\/2025\/05\/rio-grande_2025-05-30_19-54-15.webp.webp?fit=1200%2C671&ssl=1&resize=350%2C200","width":350,"height":200,"srcset":"https:\/\/i0.wp.com\/noticiasribeiraopreto.com.br\/wp-content\/uploads\/2025\/05\/rio-grande_2025-05-30_19-54-15.webp.webp?fit=1200%2C671&ssl=1&resize=350%2C200 1x, https:\/\/i0.wp.com\/noticiasribeiraopreto.com.br\/wp-content\/uploads\/2025\/05\/rio-grande_2025-05-30_19-54-15.webp.webp?fit=1200%2C671&ssl=1&resize=525%2C300 1.5x, https:\/\/i0.wp.com\/noticiasribeiraopreto.com.br\/wp-content\/uploads\/2025\/05\/rio-grande_2025-05-30_19-54-15.webp.webp?fit=1200%2C671&ssl=1&resize=700%2C400 2x, https:\/\/i0.wp.com\/noticiasribeiraopreto.com.br\/wp-content\/uploads\/2025\/05\/rio-grande_2025-05-30_19-54-15.webp.webp?fit=1200%2C671&ssl=1&resize=1050%2C600 3x"},"classes":[]},{"id":74253,"url":"https:\/\/noticiasribeiraopreto.com.br\/index.php\/2025\/07\/18\/caso-nelson-carreira-mp-denuncia-sete-a-justica\/","url_meta":{"origin":73344,"position":3},"title":"Caso Nelson Carreira: MP denuncia sete \u00e0 Justi\u00e7a","author":"noticiasribeiraopreto.com.br","date":"18 de July de 2025","format":false,"excerpt":"Tribunal de Justi\u00e7a concedeu liberdade provis\u00f3ria ao eletricista Felippe Miranda, de 31 anos, acusado de jogar o corpo do empres\u00e1rio Nelson Carreira no Rio Grande O Minist\u00e9rio P\u00fablico de S\u00e3o Paulo (MPSP) denunciou na \u00faltima quinta-feira, 17 de julho, sete suspeitos de participa\u00e7\u00e3o no assassinato do empres\u00e1rio paulistano Nelson Francisco\u2026","rel":"","context":"In &quot;Not\u00edcias de Ribeir\u00e3o Preto-SP e Regi\u00e3o&quot;","block_context":{"text":"Not\u00edcias de Ribeir\u00e3o Preto-SP e Regi\u00e3o","link":"https:\/\/noticiasribeiraopreto.com.br\/index.php\/category\/noticias-de-ribeirao-preto-sp-e-regiao-ismael-colosi\/"},"img":{"alt_text":"","src":"https:\/\/i0.wp.com\/noticiasribeiraopreto.com.br\/wp-content\/uploads\/2025\/07\/nelson1.jpeg?fit=653%2C438&ssl=1&resize=350%2C200","width":350,"height":200,"srcset":"https:\/\/i0.wp.com\/noticiasribeiraopreto.com.br\/wp-content\/uploads\/2025\/07\/nelson1.jpeg?fit=653%2C438&ssl=1&resize=350%2C200 1x, https:\/\/i0.wp.com\/noticiasribeiraopreto.com.br\/wp-content\/uploads\/2025\/07\/nelson1.jpeg?fit=653%2C438&ssl=1&resize=525%2C300 1.5x"},"classes":[]},{"id":70943,"url":"https:\/\/noticiasribeiraopreto.com.br\/index.php\/2025\/05\/31\/buscas-por-empresario-morto-apos-reuniao-de-negocios-seguem-no-rio-grande\/","url_meta":{"origin":73344,"position":4},"title":"Buscas por empres\u00e1rio morto ap\u00f3s reuni\u00e3o de neg\u00f3cios seguem no rio Grande","author":"noticiasribeiraopreto.com.br","date":"31 de May de 2025","format":false,"excerpt":"O Corpo de Bombeiros continua as buscas pelo corpo do empres\u00e1rio Nelson Francisco Carreira Filho, no rio Grande, em Miguel\u00f3polis, cidade a 130 quil\u00f4metros de Ribeir\u00e3o Preto, neste s\u00e1bado (31). De acordo com as informa\u00e7\u00f5es da EPTV, os bombeiros realizaram na sexta-feira (30), uma vistoria no local para que hoje\u2026","rel":"","context":"In &quot;Not\u00edcias de Ribeir\u00e3o Preto-SP e Regi\u00e3o&quot;","block_context":{"text":"Not\u00edcias de Ribeir\u00e3o Preto-SP e Regi\u00e3o","link":"https:\/\/noticiasribeiraopreto.com.br\/index.php\/category\/noticias-de-ribeirao-preto-sp-e-regiao-ismael-colosi\/"},"img":{"alt_text":"","src":"https:\/\/i0.wp.com\/noticiasribeiraopreto.com.br\/wp-content\/uploads\/2025\/05\/Copia-de-Copia-de-Copia-de-TAMANHO-EXATO-PARA-FOTOS-NO-SISTEMA-NOVO-2025-05-31T144809.699_2025-05-31_18-17-56.webp.webp?fit=1200%2C675&ssl=1&resize=350%2C200","width":350,"height":200,"srcset":"https:\/\/i0.wp.com\/noticiasribeiraopreto.com.br\/wp-content\/uploads\/2025\/05\/Copia-de-Copia-de-Copia-de-TAMANHO-EXATO-PARA-FOTOS-NO-SISTEMA-NOVO-2025-05-31T144809.699_2025-05-31_18-17-56.webp.webp?fit=1200%2C675&ssl=1&resize=350%2C200 1x, https:\/\/i0.wp.com\/noticiasribeiraopreto.com.br\/wp-content\/uploads\/2025\/05\/Copia-de-Copia-de-Copia-de-TAMANHO-EXATO-PARA-FOTOS-NO-SISTEMA-NOVO-2025-05-31T144809.699_2025-05-31_18-17-56.webp.webp?fit=1200%2C675&ssl=1&resize=525%2C300 1.5x, https:\/\/i0.wp.com\/noticiasribeiraopreto.com.br\/wp-content\/uploads\/2025\/05\/Copia-de-Copia-de-Copia-de-TAMANHO-EXATO-PARA-FOTOS-NO-SISTEMA-NOVO-2025-05-31T144809.699_2025-05-31_18-17-56.webp.webp?fit=1200%2C675&ssl=1&resize=700%2C400 2x, https:\/\/i0.wp.com\/noticiasribeiraopreto.com.br\/wp-content\/uploads\/2025\/05\/Copia-de-Copia-de-Copia-de-TAMANHO-EXATO-PARA-FOTOS-NO-SISTEMA-NOVO-2025-05-31T144809.699_2025-05-31_18-17-56.webp.webp?fit=1200%2C675&ssl=1&resize=1050%2C600 3x"},"classes":[]},{"id":70731,"url":"https:\/\/noticiasribeiraopreto.com.br\/index.php\/2025\/05\/29\/advogado-deixa-defesa-de-suspeito-no-caso-da-morte-de-empresario-em-cravinhos\/","url_meta":{"origin":73344,"position":5},"title":"Advogado deixa defesa de suspeito no caso da morte de empres\u00e1rio em Cravinhos","author":"noticiasribeiraopreto.com.br","date":"29 de May de 2025","format":false,"excerpt":"O advogado Renato Sav\u00e9rio deixou nesta quinta-feira (29) a defesa de um dos suspeitos de envolvimento na morte do empres\u00e1rio Nelson Francisco Carreira Filho, que desapareceu no dia 16 de maio ap\u00f3s uma reuni\u00e3o em Cravinhos. Sav\u00e9rio vinha atuando como advogado de Tadeu Almeida Silva, que est\u00e1 com pris\u00e3o tempor\u00e1ria\u2026","rel":"","context":"In &quot;Not\u00edcias de Ribeir\u00e3o Preto-SP e Regi\u00e3o&quot;","block_context":{"text":"Not\u00edcias de Ribeir\u00e3o Preto-SP e Regi\u00e3o","link":"https:\/\/noticiasribeiraopreto.com.br\/index.php\/category\/noticias-de-ribeirao-preto-sp-e-regiao-ismael-colosi\/"},"img":{"alt_text":"","src":"https:\/\/i0.wp.com\/noticiasribeiraopreto.com.br\/wp-content\/uploads\/2025\/05\/RENATO_2025-05-29_14-40-52.webp.webp?fit=1200%2C654&ssl=1&resize=350%2C200","width":350,"height":200,"srcset":"https:\/\/i0.wp.com\/noticiasribeiraopreto.com.br\/wp-content\/uploads\/2025\/05\/RENATO_2025-05-29_14-40-52.webp.webp?fit=1200%2C654&ssl=1&resize=350%2C200 1x, https:\/\/i0.wp.com\/noticiasribeiraopreto.com.br\/wp-content\/uploads\/2025\/05\/RENATO_2025-05-29_14-40-52.webp.webp?fit=1200%2C654&ssl=1&resize=525%2C300 1.5x, https:\/\/i0.wp.com\/noticiasribeiraopreto.com.br\/wp-content\/uploads\/2025\/05\/RENATO_2025-05-29_14-40-52.webp.webp?fit=1200%2C654&ssl=1&resize=700%2C400 2x, https:\/\/i0.wp.com\/noticiasribeiraopreto.com.br\/wp-content\/uploads\/2025\/05\/RENATO_2025-05-29_14-40-52.webp.webp?fit=1200%2C654&ssl=1&resize=1050%2C600 3x"},"classes":[]}],"jetpack_sharing_enabled":true,"jetpack_shortlink":"https:\/\/wp.me\/peQAOb-j4Y","_links":{"self":[{"href":"https:\/\/noticiasribeiraopreto.com.br\/index.php\/wp-json\/wp\/v2\/posts\/73344","targetHints":{"allow":["GET"]}}],"collection":[{"href":"https:\/\/noticiasribeiraopreto.com.br\/index.php\/wp-json\/wp\/v2\/posts"}],"about":[{"href":"https:\/\/noticiasribeiraopreto.com.br\/index.php\/wp-json\/wp\/v2\/types\/post"}],"author":[{"embeddable":true,"href":"https:\/\/noticiasribeiraopreto.com.br\/index.php\/wp-json\/wp\/v2\/users\/1"}],"replies":[{"embeddable":true,"href":"https:\/\/noticiasribeiraopreto.com.br\/index.php\/wp-json\/wp\/v2\/comments?post=73344"}],"version-history":[{"count":0,"href":"https:\/\/noticiasribeiraopreto.com.br\/index.php\/wp-json\/wp\/v2\/posts\/73344\/revisions"}],"wp:featuredmedia":[{"embeddable":true,"href":"https:\/\/noticiasribeiraopreto.com.br\/index.php\/wp-json\/wp\/v2\/media\/73345"}],"wp:attachment":[{"href":"https:\/\/noticiasribeiraopreto.com.br\/index.php\/wp-json\/wp\/v2\/media?parent=73344"}],"wp:term":[{"taxonomy":"category","embeddable":true,"href":"https:\/\/noticiasribeiraopreto.com.br\/index.php\/wp-json\/wp\/v2\/categories?post=73344"},{"taxonomy":"post_tag","embeddable":true,"href":"https:\/\/noticiasribeiraopreto.com.br\/index.php\/wp-json\/wp\/v2\/tags?post=73344"}],"curies":[{"name":"wp","href":"https:\/\/api.w.org\/{rel}","templated":true}]}}