{"id":73346,"date":"2025-06-30T15:28:52","date_gmt":"2025-06-30T18:28:52","guid":{"rendered":"https:\/\/noticiasribeiraopreto.com.br\/index.php\/2025\/06\/30\/entregador-de-pizza-tem-moto-roubada-durante-o-trabalho-em-ribeirao-preto-video\/"},"modified":"2025-06-30T15:28:52","modified_gmt":"2025-06-30T18:28:52","slug":"entregador-de-pizza-tem-moto-roubada-durante-o-trabalho-em-ribeirao-preto-video","status":"publish","type":"post","link":"https:\/\/noticiasribeiraopreto.com.br\/index.php\/2025\/06\/30\/entregador-de-pizza-tem-moto-roubada-durante-o-trabalho-em-ribeirao-preto-video\/","title":{"rendered":"Entregador de pizza tem moto roubada durante o trabalho em Ribeir\u00e3o Preto; V\u00eddeo"},"content":{"rendered":"<div class='code-block code-block-1' style='margin: 8px 0 8px auto; text-align: right; display: block; clear: both;'>\n<p><a href=\"https:\/\/wa.link\/vpicfd\"><img data-recalc-dims=\"1\" class=\"wp-image-4922\" style=\"aspect-ratio: 2.0253164556962027; width: 561px; height: auto;\" src=\"https:\/\/i0.wp.com\/ismaelcolosi.com.br\/wp-content\/uploads\/2023\/11\/grupo-de-empregos-whatsapp-e-facebook-ismael-colosi-vagas.jpg?ssl=1\" alt=\"\" \/><\/a><\/p>\n<!-- \/wp:image -->\n<\/div>\n<p> <br \/>\n<\/p>\n<div data-td-block-uid=\"tdi_95\">\n<div class=\"tdb-block-inner td-fix-index\">\n<p><strong>Um entregador de 21 anos teve a moto roubada por dois assaltantes enquanto entregava pizza na noite do \u00faltimo s\u00e1bado (28), no Monte Alegre, zona Oeste e Ribeir\u00e3o Preto.<\/strong> <strong>Assista <\/strong>ao <strong>v\u00eddeo <\/strong>abaixo.<\/p>\n<p><mark style=\"background-color:#fcb900\" class=\"has-inline-color has-black-color\">Segundo o boletim de ocorr\u00eancia (BO), Pedro Henrique de Arruda foi rendido na rua Aquidauana e disse que teve uma arma apontada para sua cabe\u00e7a durante a a\u00e7\u00e3o.<\/mark> Apesar da viol\u00eancia, o entregador n\u00e3o sofreu ferimentos.<\/p>\n<p>Os criminosos estavam em outra moto, deixada na rua Bela Vista. Um deles fugiu com o ve\u00edculo da v\u00edtima e o outro deixou o local na moto com a qual ambos chegaram.<\/p>\n<p>Al\u00e9m da moto da v\u00edtima \u2013 uma Honda Fan azul-, um celular tamb\u00e9m foi roubado.<\/p>\n<p>A motocicleta est\u00e1 financiada e a v\u00edtima disse n\u00e3o possuir seguro do ve\u00edculo, que \u00e9 utilizado para o trabalho.<\/p>\n<p>Qualquer informa\u00e7\u00e3o sobre a moto pode ser comunicada pelos telefones 190 (Pol\u00edcia Militar) ou 181 (Disque Den\u00fancia).<\/p>\n<figure class=\"wp-block-video\"><video controls=\"\" src=\"https:\/\/www.acidadeon.com\/ribeiraopreto\/wp-content\/uploads\/sites\/3\/2025\/06\/WhatsApp-Video-2025-06-30-at-11.23.26.mp4\"\/><\/figure>\n<p>SAIBA MAIS<\/p>\n<p>Briga por causa de som alto acaba em morte no interior de SP<\/p>\n<h2 class=\"wp-block-heading\"><strong>FIQUE ON<\/strong><\/h2>\n<p>Quer ficar por dentro de tudo que acontece em Ribeir\u00e3o Preto e regi\u00e3o? Ent\u00e3o siga os perfis do\u202facidade on\u202fno\u202f<a href=\"https:\/\/www.instagram.com\/acidadeonribeirao\" target=\"_blank\" rel=\"noreferrer noopener\">Instagram<\/a>\u202fe no\u202f<a href=\"https:\/\/www.facebook.com\/acidadeonribeirao\/\" target=\"_blank\" rel=\"noreferrer noopener\">Facebook<\/a>.<\/p>\n<p>Al\u00e9m disso, voc\u00ea pode receber as principais not\u00edcias diretamente no WhatsApp. Para isso, basta\u00a0<a href=\"https:\/\/chat.whatsapp.com\/BjKQZ9oJwlz8VVT50NuePq\" target=\"_blank\" rel=\"noreferrer noopener\">entrar no grupo clicando aqui<\/a>.<\/p>\n<p>Por fim, se quiser fazer uma den\u00fancia ou sugerir uma reportagem sobre Ribeir\u00e3o Preto e regi\u00e3o, envie uma mensagem pelo WhatsApp: (16) 99117-7802.<\/p>\n<p>VEJA TAMB\u00c9M<\/p>\n<p>O que Antonio Fagundes disse sobre o novo \u2018Mundo da Lua\u2019?<\/p>\n<p><!-- AI CONTENT END 1 -->\n<\/div>\n<\/div>\n<p><script async src=\"\/\/www.instagram.com\/embed.js\"><\/script><br \/>\n<br \/><br \/>\n<br \/><a href=\"https:\/\/www.acidadeon.com\/ribeiraopreto\/cotidiano\/entregador-de-pizza-tem-moto-roubada-durante-o-trabalho-em-ribeirao-preto-video\/\">Source link <\/a><\/p>\n<!-- CONTENT END 1 -->\n","protected":false},"excerpt":{"rendered":"<p>Um entregador de 21 anos teve a moto roubada por dois assaltantes enquanto entregava pizza na noite do \u00faltimo s\u00e1bado (28), no Monte Alegre, zona&#8230;<\/p>\n","protected":false},"author":1,"featured_media":73347,"comment_status":"open","ping_status":"open","sticky":false,"template":"","format":"standard","meta":{"advanced_seo_description":"","jetpack_seo_html_title":"","jetpack_seo_noindex":false,"jetpack_post_was_ever_published":false,"_jetpack_newsletter_access":"","_jetpack_dont_email_post_to_subs":false,"_jetpack_newsletter_tier_id":0,"_jetpack_memberships_contains_paywalled_content":false,"_jetpack_memberships_contains_paid_content":false,"footnotes":"","jetpack_publicize_message":"","jetpack_publicize_feature_enabled":true,"jetpack_social_post_already_shared":true,"jetpack_social_options":{"image_generator_settings":{"template":"highway","default_image_id":0,"font":"","enabled":false},"version":2}},"categories":[11],"tags":[],"class_list":["post-73346","post","type-post","status-publish","format-standard","has-post-thumbnail","hentry","category-noticias-de-ribeirao-preto-sp-e-regiao-ismael-colosi"],"jetpack_publicize_connections":[],"jetpack_featured_media_url":"https:\/\/i0.wp.com\/noticiasribeiraopreto.com.br\/wp-content\/uploads\/2025\/06\/WhatsApp-Image-2025-06-30-at-11.51.09_2025-06-30_14-53-23.webp.webp?fit=1200%2C968&ssl=1","jetpack-related-posts":[{"id":62466,"url":"https:\/\/noticiasribeiraopreto.com.br\/index.php\/2025\/01\/15\/jovem-tem-moto-roubada-ao-parar-em-posto-na-zona-norte-de-ribeirao-preto\/","url_meta":{"origin":73346,"position":0},"title":"Jovem tem moto roubada ao parar em posto na zona Norte de Ribeir\u00e3o Preto","author":"noticiasribeiraopreto.com.br","date":"15 de January de 2025","format":false,"excerpt":"Uma jovem de 19 anos teve a sua moto roubada ao ser abordada por um assaltante, enquanto chegava com o ve\u00edculo a um posto de combust\u00edveis, na zona Norte de Ribeir\u00e3o Preto. A v\u00edtima disse \u00e0 Pol\u00edcia Civil no boletim de ocorr\u00eancia (BO) que, no in\u00edcio da noite do \u00faltimo\u2026","rel":"","context":"In &quot;Not\u00edcias de Ribeir\u00e3o Preto-SP e Regi\u00e3o&quot;","block_context":{"text":"Not\u00edcias de Ribeir\u00e3o Preto-SP e Regi\u00e3o","link":"https:\/\/noticiasribeiraopreto.com.br\/index.php\/category\/noticias-de-ribeirao-preto-sp-e-regiao-ismael-colosi\/"},"img":{"alt_text":"","src":"https:\/\/noticiasribeiraopreto.com.br\/wp-content\/uploads\/2024\/02\/whatsapp_image_2022-08-14_at_12_10_03.jpe","width":350,"height":200,"srcset":"https:\/\/noticiasribeiraopreto.com.br\/wp-content\/uploads\/2024\/02\/whatsapp_image_2022-08-14_at_12_10_03.jpe 1x, https:\/\/noticiasribeiraopreto.com.br\/wp-content\/uploads\/2024\/02\/whatsapp_image_2022-08-14_at_12_10_03.jpe 1.5x, https:\/\/noticiasribeiraopreto.com.br\/wp-content\/uploads\/2024\/02\/whatsapp_image_2022-08-14_at_12_10_03.jpe 2x, https:\/\/noticiasribeiraopreto.com.br\/wp-content\/uploads\/2024\/02\/whatsapp_image_2022-08-14_at_12_10_03.jpe 3x"},"classes":[]},{"id":64678,"url":"https:\/\/noticiasribeiraopreto.com.br\/index.php\/2025\/03\/11\/motociclista-cai-ao-ser-fechado-no-transito-por-assaltantes-e-tem-moto-roubada-em-ribeirao\/","url_meta":{"origin":73346,"position":1},"title":"Motociclista cai ao ser fechado no tr\u00e2nsito por assaltantes e tem moto roubada em Ribeir\u00e3o","author":"noticiasribeiraopreto.com.br","date":"11 de March de 2025","format":false,"excerpt":"Um motociclista teve a moto roubada ap\u00f3s cair com o ve\u00edculo ao ser fechado no tr\u00e2nsito por assaltantes na noite desta segunda-feira (10), no Jardim Professor Antonio Palloci, zona Leste de Ribeir\u00e3o Preto. A v\u00edtima disse \u00e0 pol\u00edcia no boletim de ocorr\u00eancia (BO) que a dupla estava em outra moto,\u2026","rel":"","context":"In &quot;Not\u00edcias de Ribeir\u00e3o Preto-SP e Regi\u00e3o&quot;","block_context":{"text":"Not\u00edcias de Ribeir\u00e3o Preto-SP e Regi\u00e3o","link":"https:\/\/noticiasribeiraopreto.com.br\/index.php\/category\/noticias-de-ribeirao-preto-sp-e-regiao-ismael-colosi\/"},"img":{"alt_text":"","src":"https:\/\/i0.wp.com\/noticiasribeiraopreto.com.br\/wp-content\/uploads\/2025\/03\/1741704433_20220620_114539075_policia_qru_1024x576_25052021184749_jpg_715985292.jpg?fit=1200%2C606&ssl=1&resize=350%2C200","width":350,"height":200,"srcset":"https:\/\/i0.wp.com\/noticiasribeiraopreto.com.br\/wp-content\/uploads\/2025\/03\/1741704433_20220620_114539075_policia_qru_1024x576_25052021184749_jpg_715985292.jpg?fit=1200%2C606&ssl=1&resize=350%2C200 1x, https:\/\/i0.wp.com\/noticiasribeiraopreto.com.br\/wp-content\/uploads\/2025\/03\/1741704433_20220620_114539075_policia_qru_1024x576_25052021184749_jpg_715985292.jpg?fit=1200%2C606&ssl=1&resize=525%2C300 1.5x, https:\/\/i0.wp.com\/noticiasribeiraopreto.com.br\/wp-content\/uploads\/2025\/03\/1741704433_20220620_114539075_policia_qru_1024x576_25052021184749_jpg_715985292.jpg?fit=1200%2C606&ssl=1&resize=700%2C400 2x, https:\/\/i0.wp.com\/noticiasribeiraopreto.com.br\/wp-content\/uploads\/2025\/03\/1741704433_20220620_114539075_policia_qru_1024x576_25052021184749_jpg_715985292.jpg?fit=1200%2C606&ssl=1&resize=1050%2C600 3x"},"classes":[]},{"id":71936,"url":"https:\/\/noticiasribeiraopreto.com.br\/index.php\/2025\/06\/11\/entregador-sofre-fratura-ao-cair-de-moto-em-acidente-e-motorista-foge-em-ribeirao-preto-video\/","url_meta":{"origin":73346,"position":2},"title":"Entregador sofre fratura ao cair de moto em acidente e motorista foge em Ribeir\u00e3o Preto; V\u00eddeo","author":"noticiasribeiraopreto.com.br","date":"11 de June de 2025","format":false,"excerpt":"Um entregador de lanches ficou ferido ap\u00f3s cair da moto em um acidente com um carro na avenida Francisco Junqueira, em Ribeir\u00e3o Preto. O motorista fugiu sem prestar socorro \u00e0 v\u00edtima, na noite do \u00faltimo s\u00e1bado (7). Assista ao v\u00eddeo abaixo. Benedito Olimpio Prata, de 62 anos, sofreu fratura na\u2026","rel":"","context":"In &quot;Not\u00edcias de Ribeir\u00e3o Preto-SP e Regi\u00e3o&quot;","block_context":{"text":"Not\u00edcias de Ribeir\u00e3o Preto-SP e Regi\u00e3o","link":"https:\/\/noticiasribeiraopreto.com.br\/index.php\/category\/noticias-de-ribeirao-preto-sp-e-regiao-ismael-colosi\/"},"img":{"alt_text":"","src":"https:\/\/i0.wp.com\/noticiasribeiraopreto.com.br\/wp-content\/uploads\/2025\/06\/WhatsApp-Image-2025-06-11-at-13.04.00_2025-06-11_16-04-29.webp.webp?fit=1200%2C968&ssl=1&resize=350%2C200","width":350,"height":200,"srcset":"https:\/\/i0.wp.com\/noticiasribeiraopreto.com.br\/wp-content\/uploads\/2025\/06\/WhatsApp-Image-2025-06-11-at-13.04.00_2025-06-11_16-04-29.webp.webp?fit=1200%2C968&ssl=1&resize=350%2C200 1x, https:\/\/i0.wp.com\/noticiasribeiraopreto.com.br\/wp-content\/uploads\/2025\/06\/WhatsApp-Image-2025-06-11-at-13.04.00_2025-06-11_16-04-29.webp.webp?fit=1200%2C968&ssl=1&resize=525%2C300 1.5x, https:\/\/i0.wp.com\/noticiasribeiraopreto.com.br\/wp-content\/uploads\/2025\/06\/WhatsApp-Image-2025-06-11-at-13.04.00_2025-06-11_16-04-29.webp.webp?fit=1200%2C968&ssl=1&resize=700%2C400 2x, https:\/\/i0.wp.com\/noticiasribeiraopreto.com.br\/wp-content\/uploads\/2025\/06\/WhatsApp-Image-2025-06-11-at-13.04.00_2025-06-11_16-04-29.webp.webp?fit=1200%2C968&ssl=1&resize=1050%2C600 3x"},"classes":[]},{"id":80230,"url":"https:\/\/noticiasribeiraopreto.com.br\/index.php\/2025\/11\/18\/assaltante-segura-guidao-de-moto-no-transito-durante-roubo-em-ribeirao-preto\/","url_meta":{"origin":73346,"position":3},"title":"Assaltante segura guid\u00e3o de moto no tr\u00e2nsito durante roubo em Ribeir\u00e3o Preto","author":"noticiasribeiraopreto.com.br","date":"18 de November de 2025","format":false,"excerpt":"Um motociclista teve a moto roubada na noite desta segunda-feira (17), ao ser abordado em pleno tr\u00e2nsito de Ribeir\u00e3o Preto. Segundo o boletim de ocorr\u00eancia (BO), a v\u00edtima, de 36 anos, disse que trafegava pelo Loteamento Parque dos Lagos, na sa\u00edda da rodovia Anhanguera (SP-330), quando um assaltante desceu de\u2026","rel":"","context":"In &quot;Not\u00edcias de Ribeir\u00e3o Preto-SP e Regi\u00e3o&quot;","block_context":{"text":"Not\u00edcias de Ribeir\u00e3o Preto-SP e Regi\u00e3o","link":"https:\/\/noticiasribeiraopreto.com.br\/index.php\/category\/noticias-de-ribeirao-preto-sp-e-regiao-ismael-colosi\/"},"img":{"alt_text":"","src":"https:\/\/i0.wp.com\/noticiasribeiraopreto.com.br\/wp-content\/uploads\/2025\/11\/cpj_2025-11-18_12-08-09.webp.webp?fit=1200%2C759&ssl=1&resize=350%2C200","width":350,"height":200,"srcset":"https:\/\/i0.wp.com\/noticiasribeiraopreto.com.br\/wp-content\/uploads\/2025\/11\/cpj_2025-11-18_12-08-09.webp.webp?fit=1200%2C759&ssl=1&resize=350%2C200 1x, https:\/\/i0.wp.com\/noticiasribeiraopreto.com.br\/wp-content\/uploads\/2025\/11\/cpj_2025-11-18_12-08-09.webp.webp?fit=1200%2C759&ssl=1&resize=525%2C300 1.5x, https:\/\/i0.wp.com\/noticiasribeiraopreto.com.br\/wp-content\/uploads\/2025\/11\/cpj_2025-11-18_12-08-09.webp.webp?fit=1200%2C759&ssl=1&resize=700%2C400 2x, https:\/\/i0.wp.com\/noticiasribeiraopreto.com.br\/wp-content\/uploads\/2025\/11\/cpj_2025-11-18_12-08-09.webp.webp?fit=1200%2C759&ssl=1&resize=1050%2C600 3x"},"classes":[]},{"id":57958,"url":"https:\/\/noticiasribeiraopreto.com.br\/index.php\/2024\/09\/14\/entregador-fica-ferido-apos-batida-entre-moto-e-carro-em-ribeirao-preto-video\/","url_meta":{"origin":73346,"position":4},"title":"Entregador fica ferido ap\u00f3s batida entre moto e carro em Ribeir\u00e3o Preto; V\u00eddeo","author":"noticiasribeiraopreto.com.br","date":"14 de September de 2024","format":false,"excerpt":"Um entregador de comida ficou ferido na noite desta sexta-feira (13), ap\u00f3s uma batida entre a moto que conduzia e um carro no bairro Monte Alegre, zona Oeste de Ribeir\u00e3o Preto. Assista ao v\u00eddeo abaixo. Ap\u00f3s a colis\u00e3o, o motorista do carro teria deixado o local sem prestar socorro \u00e0\u2026","rel":"","context":"In &quot;Not\u00edcias de Ribeir\u00e3o Preto-SP e Regi\u00e3o&quot;","block_context":{"text":"Not\u00edcias de Ribeir\u00e3o Preto-SP e Regi\u00e3o","link":"https:\/\/noticiasribeiraopreto.com.br\/index.php\/category\/noticias-de-ribeirao-preto-sp-e-regiao-ismael-colosi\/"},"img":{"alt_text":"","src":"https:\/\/i0.wp.com\/noticiasribeiraopreto.com.br\/wp-content\/uploads\/2024\/09\/WhatsApp-Image-2024-09-14-at-18.06.44_2024-09-14_21-07-27_jpeg_2024-09-14_21-07-28.webp.webp?fit=1200%2C927&ssl=1&resize=350%2C200","width":350,"height":200,"srcset":"https:\/\/i0.wp.com\/noticiasribeiraopreto.com.br\/wp-content\/uploads\/2024\/09\/WhatsApp-Image-2024-09-14-at-18.06.44_2024-09-14_21-07-27_jpeg_2024-09-14_21-07-28.webp.webp?fit=1200%2C927&ssl=1&resize=350%2C200 1x, https:\/\/i0.wp.com\/noticiasribeiraopreto.com.br\/wp-content\/uploads\/2024\/09\/WhatsApp-Image-2024-09-14-at-18.06.44_2024-09-14_21-07-27_jpeg_2024-09-14_21-07-28.webp.webp?fit=1200%2C927&ssl=1&resize=525%2C300 1.5x, https:\/\/i0.wp.com\/noticiasribeiraopreto.com.br\/wp-content\/uploads\/2024\/09\/WhatsApp-Image-2024-09-14-at-18.06.44_2024-09-14_21-07-27_jpeg_2024-09-14_21-07-28.webp.webp?fit=1200%2C927&ssl=1&resize=700%2C400 2x, https:\/\/i0.wp.com\/noticiasribeiraopreto.com.br\/wp-content\/uploads\/2024\/09\/WhatsApp-Image-2024-09-14-at-18.06.44_2024-09-14_21-07-27_jpeg_2024-09-14_21-07-28.webp.webp?fit=1200%2C927&ssl=1&resize=1050%2C600 3x"},"classes":[]},{"id":63838,"url":"https:\/\/noticiasribeiraopreto.com.br\/index.php\/2025\/02\/23\/estudante-faz-apelo-para-recuperar-moto-furtada-na-frente-de-faculdade-na-zona-sul-de-ribeirao-video\/","url_meta":{"origin":73346,"position":5},"title":"Estudante faz apelo para recuperar moto furtada na frente de faculdade na zona Sul de Ribeir\u00e3o;\u00a0V\u00eddeo","author":"noticiasribeiraopreto.com.br","date":"23 de February de 2025","format":false,"excerpt":"Uma estudante de 19 anos teve a sua moto furtada na frente de uma faculdade, no Jardim Nova Alian\u00e7a, zona Sul de Ribeir\u00e3o Preto. Camila Vit\u00f3ria Alves disse que o crime ocorreu na noite da \u00faltima quinta-feira (20), na rua Marcos\u00a0Markarian. A estudante contou que deixou a moto estacionada e\u2026","rel":"","context":"In &quot;Not\u00edcias de Ribeir\u00e3o Preto-SP e Regi\u00e3o&quot;","block_context":{"text":"Not\u00edcias de Ribeir\u00e3o Preto-SP e Regi\u00e3o","link":"https:\/\/noticiasribeiraopreto.com.br\/index.php\/category\/noticias-de-ribeirao-preto-sp-e-regiao-ismael-colosi\/"},"img":{"alt_text":"","src":"https:\/\/i0.wp.com\/noticiasribeiraopreto.com.br\/wp-content\/uploads\/2025\/02\/WhatsApp-Image-2025-02-23-at-16.24.02_2025-02-23_19-39-49_jpeg_2025-02-23_19-39-50.webp.webp?fit=1200%2C675&ssl=1&resize=350%2C200","width":350,"height":200,"srcset":"https:\/\/i0.wp.com\/noticiasribeiraopreto.com.br\/wp-content\/uploads\/2025\/02\/WhatsApp-Image-2025-02-23-at-16.24.02_2025-02-23_19-39-49_jpeg_2025-02-23_19-39-50.webp.webp?fit=1200%2C675&ssl=1&resize=350%2C200 1x, https:\/\/i0.wp.com\/noticiasribeiraopreto.com.br\/wp-content\/uploads\/2025\/02\/WhatsApp-Image-2025-02-23-at-16.24.02_2025-02-23_19-39-49_jpeg_2025-02-23_19-39-50.webp.webp?fit=1200%2C675&ssl=1&resize=525%2C300 1.5x, https:\/\/i0.wp.com\/noticiasribeiraopreto.com.br\/wp-content\/uploads\/2025\/02\/WhatsApp-Image-2025-02-23-at-16.24.02_2025-02-23_19-39-49_jpeg_2025-02-23_19-39-50.webp.webp?fit=1200%2C675&ssl=1&resize=700%2C400 2x, https:\/\/i0.wp.com\/noticiasribeiraopreto.com.br\/wp-content\/uploads\/2025\/02\/WhatsApp-Image-2025-02-23-at-16.24.02_2025-02-23_19-39-49_jpeg_2025-02-23_19-39-50.webp.webp?fit=1200%2C675&ssl=1&resize=1050%2C600 3x"},"classes":[]}],"jetpack_sharing_enabled":true,"jetpack_shortlink":"https:\/\/wp.me\/peQAOb-j50","_links":{"self":[{"href":"https:\/\/noticiasribeiraopreto.com.br\/index.php\/wp-json\/wp\/v2\/posts\/73346","targetHints":{"allow":["GET"]}}],"collection":[{"href":"https:\/\/noticiasribeiraopreto.com.br\/index.php\/wp-json\/wp\/v2\/posts"}],"about":[{"href":"https:\/\/noticiasribeiraopreto.com.br\/index.php\/wp-json\/wp\/v2\/types\/post"}],"author":[{"embeddable":true,"href":"https:\/\/noticiasribeiraopreto.com.br\/index.php\/wp-json\/wp\/v2\/users\/1"}],"replies":[{"embeddable":true,"href":"https:\/\/noticiasribeiraopreto.com.br\/index.php\/wp-json\/wp\/v2\/comments?post=73346"}],"version-history":[{"count":0,"href":"https:\/\/noticiasribeiraopreto.com.br\/index.php\/wp-json\/wp\/v2\/posts\/73346\/revisions"}],"wp:featuredmedia":[{"embeddable":true,"href":"https:\/\/noticiasribeiraopreto.com.br\/index.php\/wp-json\/wp\/v2\/media\/73347"}],"wp:attachment":[{"href":"https:\/\/noticiasribeiraopreto.com.br\/index.php\/wp-json\/wp\/v2\/media?parent=73346"}],"wp:term":[{"taxonomy":"category","embeddable":true,"href":"https:\/\/noticiasribeiraopreto.com.br\/index.php\/wp-json\/wp\/v2\/categories?post=73346"},{"taxonomy":"post_tag","embeddable":true,"href":"https:\/\/noticiasribeiraopreto.com.br\/index.php\/wp-json\/wp\/v2\/tags?post=73346"}],"curies":[{"name":"wp","href":"https:\/\/api.w.org\/{rel}","templated":true}]}}