{"id":73350,"date":"2025-06-30T18:14:16","date_gmt":"2025-06-30T21:14:16","guid":{"rendered":"https:\/\/noticiasribeiraopreto.com.br\/index.php\/2025\/06\/30\/escola-de-ribeirao-inaugura-mural-tatil-com-arte-acessivel-para-pessoas-com-deficiencia-visual\/"},"modified":"2025-06-30T18:14:16","modified_gmt":"2025-06-30T21:14:16","slug":"escola-de-ribeirao-inaugura-mural-tatil-com-arte-acessivel-para-pessoas-com-deficiencia-visual","status":"publish","type":"post","link":"https:\/\/noticiasribeiraopreto.com.br\/index.php\/2025\/06\/30\/escola-de-ribeirao-inaugura-mural-tatil-com-arte-acessivel-para-pessoas-com-deficiencia-visual\/","title":{"rendered":"Escola de Ribeir\u00e3o inaugura mural t\u00e1til com arte acess\u00edvel para pessoas com defici\u00eancia visual"},"content":{"rendered":"<div class='code-block code-block-1' style='margin: 8px 0 8px auto; text-align: right; display: block; clear: both;'>\n<p><a href=\"https:\/\/wa.link\/vpicfd\"><img data-recalc-dims=\"1\" class=\"wp-image-4922\" style=\"aspect-ratio: 2.0253164556962027; width: 561px; height: auto;\" src=\"https:\/\/i0.wp.com\/ismaelcolosi.com.br\/wp-content\/uploads\/2023\/11\/grupo-de-empregos-whatsapp-e-facebook-ismael-colosi-vagas.jpg?ssl=1\" alt=\"\" \/><\/a><\/p>\n<!-- \/wp:image -->\n<\/div>\n<p> <br \/>\n<\/p>\n<div>\n<p>A <strong>EMEF Prof. Alfeu Luiz Gasparini<\/strong> inaugurou um <strong>mural t\u00e1til acess\u00edvel <\/strong>no muro da institui\u00e7\u00e3o. A obra fica na cal\u00e7ada da avenida Dom Pedro, no bairro Ipiranga, zona Norte de <strong>Ribeir\u00e3o Preto<\/strong>.<\/p>\n<p>A iniciativa, de acordo com a Prefeitura Municipal, <mark style=\"background-color:#fcb900\" class=\"has-inline-color\">permite que pessoas cegas ou com baixa vis\u00e3o vivenciem a arte urbana por meio do tato e da escuta<\/mark>. O mural possui <strong>tr\u00eas pinturas em relevo<\/strong>, <strong>placas em braile<\/strong> e <strong>QR codes com audiodescri\u00e7\u00e3o<\/strong>.<\/p>\n<p>Cada obra possui uma<strong> plaquinha com o t\u00edtulo em braile<\/strong> e o nome da artista. J\u00e1 o <strong>QR code<\/strong> direciona os deficientes visuais a um v\u00eddeo no <strong>YouTube <\/strong>com a hist\u00f3ria narrada pela pr\u00f3pria autora.<\/p>\n<p>A interven\u00e7\u00e3o art\u00edstica faz parte do projeto \u201c<strong>Tra\u00e7os Femininos \u2013 Grafite como Express\u00e3o de Inclus\u00e3o e Resist\u00eancia<\/strong>\u201c, idealizado pelas artistas <strong>Cathe<\/strong>, <strong>Joy <\/strong>e <strong>Zanna<\/strong>.<\/p>\n<figure class=\"wp-block-pullquote\">\n<blockquote>\n<p>O mural foi concebido como uma galeria a c\u00e9u aberto, com a miss\u00e3o de valorizar a presen\u00e7a feminina na arte urbana e ampliar o acesso de todos para al\u00e9m dos espa\u00e7os tradicionais, de forma verdadeiramente inclusiva<\/p>\n<p><cite>Prefeitura de Ribeir\u00e3o Preto<\/cite><\/p><\/blockquote>\n<\/figure>\n<h2 class=\"wp-block-heading\"><strong>Como \u00e9 o mural t\u00e1til?<\/strong><\/h2>\n<p>Segundo a Administra\u00e7\u00e3o Municipal, <mark style=\"background-color:#fcb900\" class=\"has-inline-color\">as tr\u00eas obras utilizam <strong>relevos<\/strong>, <strong>texturas <\/strong>e <strong>materiais sensoriais<\/strong>, como ladrilhos, massa corrida e serragem, para criar <strong>experi\u00eancias t\u00e1teis<\/strong><\/mark>.<\/p>\n<p>A elabora\u00e7\u00e3o do mural contou com a participa\u00e7\u00e3o da <strong>Adevirp (Associa\u00e7\u00e3o dos Deficientes Visuais de Ribeir\u00e3o Preto)<\/strong>, do <strong>Lar dos Cegos<\/strong> e da <strong>artista visual cega Kelly Martins<\/strong>, que contribuiu com orienta\u00e7\u00f5es fundamentais para a cria\u00e7\u00e3o.<\/p>\n<figure class=\"wp-block-gallery has-nested-images columns-default is-cropped wp-block-gallery-1 is-layout-flex wp-block-gallery-is-layout-flex\">\n<figure class=\"wp-block-image size-large\"><img data-recalc-dims=\"1\" fetchpriority=\"high\" decoding=\"async\" width=\"1024\" height=\"683\" data-id=\"121246\" src=\"https:\/\/i0.wp.com\/cdn.media-acidadeon.com.br\/ribeiraopreto\/wp-content\/uploads\/sites\/3\/2025\/06\/a.ok_.muro_acessivel_alfeu_gasparini_-_foto_guilherme_sircili_6_2025-06-30_20-26-14-1024x683.webp?resize=1024%2C683&#038;ssl=1\" alt=\"\" class=\"wp-image-121246\" srcset=\"https:\/\/cdn.media-acidadeon.com.br\/ribeiraopreto\/wp-content\/uploads\/sites\/3\/2025\/06\/a.ok_.muro_acessivel_alfeu_gasparini_-_foto_guilherme_sircili_6_2025-06-30_20-26-14-1024x683.webp 1024w, https:\/\/cdn.media-acidadeon.com.br\/ribeiraopreto\/wp-content\/uploads\/sites\/3\/2025\/06\/a.ok_.muro_acessivel_alfeu_gasparini_-_foto_guilherme_sircili_6_2025-06-30_20-26-14-300x200.webp 300w, https:\/\/cdn.media-acidadeon.com.br\/ribeiraopreto\/wp-content\/uploads\/sites\/3\/2025\/06\/a.ok_.muro_acessivel_alfeu_gasparini_-_foto_guilherme_sircili_6_2025-06-30_20-26-14-768x512.webp 768w, https:\/\/cdn.media-acidadeon.com.br\/ribeiraopreto\/wp-content\/uploads\/sites\/3\/2025\/06\/a.ok_.muro_acessivel_alfeu_gasparini_-_foto_guilherme_sircili_6_2025-06-30_20-26-14-696x464.webp 696w, https:\/\/cdn.media-acidadeon.com.br\/ribeiraopreto\/wp-content\/uploads\/sites\/3\/2025\/06\/a.ok_.muro_acessivel_alfeu_gasparini_-_foto_guilherme_sircili_6_2025-06-30_20-26-14-1068x712.webp 1068w, https:\/\/cdn.media-acidadeon.com.br\/ribeiraopreto\/wp-content\/uploads\/sites\/3\/2025\/06\/a.ok_.muro_acessivel_alfeu_gasparini_-_foto_guilherme_sircili_6_2025-06-30_20-26-14.webp 1200w\" sizes=\"(max-width: 1024px) 100vw, 1024px\"\/><figcaption class=\"wp-element-caption\">Foto: Guilherme Sircili<\/figcaption><\/figure>\n<figure class=\"wp-block-image size-large\"><img data-recalc-dims=\"1\" loading=\"lazy\" decoding=\"async\" width=\"1024\" height=\"683\" data-id=\"121247\" src=\"https:\/\/i0.wp.com\/cdn.media-acidadeon.com.br\/ribeiraopreto\/wp-content\/uploads\/sites\/3\/2025\/06\/muro_acessivel_alfeu_gasparini_-_foto_guilherme_sircili_4_2025-06-30_20-26-17-1024x683.webp?resize=1024%2C683&#038;ssl=1\" alt=\"\" class=\"wp-image-121247\" srcset=\"https:\/\/cdn.media-acidadeon.com.br\/ribeiraopreto\/wp-content\/uploads\/sites\/3\/2025\/06\/muro_acessivel_alfeu_gasparini_-_foto_guilherme_sircili_4_2025-06-30_20-26-17-1024x683.webp 1024w, https:\/\/cdn.media-acidadeon.com.br\/ribeiraopreto\/wp-content\/uploads\/sites\/3\/2025\/06\/muro_acessivel_alfeu_gasparini_-_foto_guilherme_sircili_4_2025-06-30_20-26-17-300x200.webp 300w, https:\/\/cdn.media-acidadeon.com.br\/ribeiraopreto\/wp-content\/uploads\/sites\/3\/2025\/06\/muro_acessivel_alfeu_gasparini_-_foto_guilherme_sircili_4_2025-06-30_20-26-17-768x512.webp 768w, https:\/\/cdn.media-acidadeon.com.br\/ribeiraopreto\/wp-content\/uploads\/sites\/3\/2025\/06\/muro_acessivel_alfeu_gasparini_-_foto_guilherme_sircili_4_2025-06-30_20-26-17-696x464.webp 696w, https:\/\/cdn.media-acidadeon.com.br\/ribeiraopreto\/wp-content\/uploads\/sites\/3\/2025\/06\/muro_acessivel_alfeu_gasparini_-_foto_guilherme_sircili_4_2025-06-30_20-26-17-1068x712.webp 1068w, https:\/\/cdn.media-acidadeon.com.br\/ribeiraopreto\/wp-content\/uploads\/sites\/3\/2025\/06\/muro_acessivel_alfeu_gasparini_-_foto_guilherme_sircili_4_2025-06-30_20-26-17.webp 1200w\" sizes=\"auto, (max-width: 1024px) 100vw, 1024px\"\/><figcaption class=\"wp-element-caption\">Foto: Guilherme Sircili<\/figcaption><\/figure>\n<\/figure>\n<h3 class=\"wp-block-heading\"><strong>Quais obras fazem parte da iniciativa?<\/strong><\/h3>\n<ol class=\"wp-block-list\">\n<li><strong>\u201cZeni\u201d<\/strong>: a artista Zanna trabalhou a personagem no estilo mais cartoon, com a ideia de transmitir do\u00e7ura e suavidade nos tra\u00e7os da personagem, que tamb\u00e9m est\u00e1 olhando para o c\u00e9u, transmitindo a ideia de esperan\u00e7a e calma. O cabelo se mistura com as nuvens para refor\u00e7ar essa sensa\u00e7\u00e3o de leveza.<\/li>\n<li><strong>Joy <\/strong>tem como est\u00e9tica pr\u00f3pria retratar mulheres, focando em seus rostos, normalmente com express\u00f5es s\u00e9rias, em cores n\u00e3o convencionais como azul e verde para a pele e com cabelos coloridos. Sua proposta \u00e9 trazer o protagonismo feminino, focado na for\u00e7a da mulher e sua liga\u00e7\u00e3o com a natureza.<\/li>\n<li><strong>\u201cGato Xadrez\u201d:<\/strong> com uma est\u00e9tica mais l\u00fadica, Catherine levou para os muros da escola um personagem das hist\u00f3rias criadas por seu pai durante a inf\u00e2ncia, que, em teoria, eram para fazer com que ela e sua irm\u00e3 dormissem, mas acabavam provocando agita\u00e7\u00e3o e muitas gargalhadas. Uma boa lembran\u00e7a daquele tempo! Foram trabalhados os contornos em alto relevo, mosaico de ladrilhos nas flores e serragem nos pelinhos do peito do gato, trazendo diferentes texturas para a obra.<\/li>\n<\/ol>\n<h2 class=\"wp-block-heading\"><strong>Experi\u00eancia sensorial<\/strong><\/h2>\n<p>Os alunos da escola municipal participaram de uma <strong>viv\u00eancia sensorial<\/strong>, experimentando a arte de olhos vendados, durante a execu\u00e7\u00e3o do mural. <strong>A a\u00e7\u00e3o promoveu conversas sobre acessibilidade, espa\u00e7o p\u00fablico e a presen\u00e7a feminina.<\/strong><\/p>\n<p>\u201cMais do que um trabalho visual, o projeto convida a cidade a refletir sobre inclus\u00e3o, empatia e pertencimento nos locais urbanos. Essa experi\u00eancia com os estudantes poder\u00e1 ser repetida durante a presen\u00e7a da imprensa, como forma de demonstrar a proposta do projeto na pr\u00e1tica\u201d.<\/p>\n<hr class=\"wp-block-separator has-alpha-channel-opacity\"\/>\n<p>SAIBA MAIS<\/p>\n<p>Theatro Pedro II recebe pe\u00e7a inspirada em romance de Augusto Cury<\/p>\n<h3 class=\"wp-block-heading\"><strong>FIQUE ON<\/strong><\/h3>\n<p>Quer ficar por dentro de tudo que acontece em Ribeir\u00e3o Preto e regi\u00e3o? Ent\u00e3o siga os perfis do\u202facidade on\u202fno\u202f<a href=\"https:\/\/www.instagram.com\/acidadeonribeirao\" target=\"_blank\" rel=\"noreferrer noopener\">Instagram<\/a>\u202fe no\u202f<a href=\"https:\/\/www.facebook.com\/acidadeonribeirao\/\" target=\"_blank\" rel=\"noreferrer noopener\">Facebook<\/a>.<\/p>\n<p>Al\u00e9m disso, voc\u00ea pode receber as principais not\u00edcias diretamente no WhatsApp. Para isso, basta\u00a0<a href=\"https:\/\/chat.whatsapp.com\/BjKQZ9oJwlz8VVT50NuePq\" target=\"_blank\" rel=\"noreferrer noopener\">entrar no grupo clicando aqui<\/a>.<\/p>\n<p>Por fim, se quiser fazer uma den\u00fancia ou sugerir uma reportagem sobre Ribeir\u00e3o Preto e regi\u00e3o, envie uma mensagem pelo WhatsApp: (16) 99117-7802.<\/p>\n<p>VEJA TAMB\u00c9M<\/p>\n<p>Quando lan\u00e7a o filme \u2018Devoradores de Estrelas\u2019?<\/p>\n<p><!-- AI CONTENT END 1 -->\n<\/div>\n<p><script async src=\"\/\/www.instagram.com\/embed.js\"><\/script><br \/>\n<br \/><br \/>\n<br \/><a href=\"https:\/\/www.acidadeon.com\/ribeiraopreto\/cotidiano\/escola-de-ribeirao-inaugura-mural-tatil-com-arte-acessivel-para-pessoas-com-deficiencia-visual\/\">Source link <\/a><\/p>\n<!-- CONTENT END 1 -->\n","protected":false},"excerpt":{"rendered":"<p>A EMEF Prof. Alfeu Luiz Gasparini inaugurou um mural t\u00e1til acess\u00edvel no muro da institui\u00e7\u00e3o. A obra fica na cal\u00e7ada da avenida Dom Pedro, no&#8230;<\/p>\n","protected":false},"author":1,"featured_media":73351,"comment_status":"open","ping_status":"open","sticky":false,"template":"","format":"standard","meta":{"advanced_seo_description":"","jetpack_seo_html_title":"","jetpack_seo_noindex":false,"jetpack_post_was_ever_published":false,"_jetpack_newsletter_access":"","_jetpack_dont_email_post_to_subs":false,"_jetpack_newsletter_tier_id":0,"_jetpack_memberships_contains_paywalled_content":false,"_jetpack_memberships_contains_paid_content":false,"footnotes":"","jetpack_publicize_message":"","jetpack_publicize_feature_enabled":true,"jetpack_social_post_already_shared":true,"jetpack_social_options":{"image_generator_settings":{"template":"highway","default_image_id":0,"font":"","enabled":false},"version":2}},"categories":[11],"tags":[],"class_list":["post-73350","post","type-post","status-publish","format-standard","has-post-thumbnail","hentry","category-noticias-de-ribeirao-preto-sp-e-regiao-ismael-colosi"],"jetpack_publicize_connections":[],"jetpack_featured_media_url":"https:\/\/i0.wp.com\/noticiasribeiraopreto.com.br\/wp-content\/uploads\/2025\/06\/muro_acessivel_alfeu_gasparini_-_foto_guilherme_sircili_3-1_2025-06-30_20-26-51.webp.webp?fit=1200%2C800&ssl=1","jetpack-related-posts":[{"id":60124,"url":"https:\/\/noticiasribeiraopreto.com.br\/index.php\/2024\/11\/06\/oficinas-desvendam-a-importancia-da-obra-do-artista-macale-para-ribeirao-preto\/","url_meta":{"origin":73350,"position":0},"title":"Oficinas desvendam a import\u00e2ncia da obra do artista Macal\u00e9 para Ribeir\u00e3o Preto","author":"noticiasribeiraopreto.com.br","date":"6 de November de 2024","format":false,"excerpt":"O Sesc Ribeir\u00e3o Preto entre 7 e 21 de novembro a s\u00e9rie de oficinas \u201cRetratos\u201d, que tem o intuito de retratar a obra e a vida do artista pl\u00e1stico Macal\u00e9. Ele estar\u00e1 presente no encerramento para um bate-papo e, tamb\u00e9m, na exposi\u00e7\u00e3o dos trabalhos realizados durante as aulas. As atividades\u2026","rel":"","context":"In &quot;Not\u00edcias de Ribeir\u00e3o Preto-SP e Regi\u00e3o&quot;","block_context":{"text":"Not\u00edcias de Ribeir\u00e3o Preto-SP e Regi\u00e3o","link":"https:\/\/noticiasribeiraopreto.com.br\/index.php\/category\/noticias-de-ribeirao-preto-sp-e-regiao-ismael-colosi\/"},"img":{"alt_text":"","src":"https:\/\/i0.wp.com\/noticiasribeiraopreto.com.br\/wp-content\/uploads\/2024\/11\/11.2024-Artes-Visuais-Retratos-4-664x332-1_2024-11-06_16-18-02_png_2024-11-06_16-18-02.webp.webp?fit=664%2C332&ssl=1&resize=350%2C200","width":350,"height":200,"srcset":"https:\/\/i0.wp.com\/noticiasribeiraopreto.com.br\/wp-content\/uploads\/2024\/11\/11.2024-Artes-Visuais-Retratos-4-664x332-1_2024-11-06_16-18-02_png_2024-11-06_16-18-02.webp.webp?fit=664%2C332&ssl=1&resize=350%2C200 1x, https:\/\/i0.wp.com\/noticiasribeiraopreto.com.br\/wp-content\/uploads\/2024\/11\/11.2024-Artes-Visuais-Retratos-4-664x332-1_2024-11-06_16-18-02_png_2024-11-06_16-18-02.webp.webp?fit=664%2C332&ssl=1&resize=525%2C300 1.5x"},"classes":[]},{"id":70203,"url":"https:\/\/noticiasribeiraopreto.com.br\/index.php\/2025\/05\/23\/museu-casa-de-portinari-oferece-passeio-de-bicicleta-pelo-patrimonio-cultural-de-brodowski\/","url_meta":{"origin":73350,"position":1},"title":"Museu Casa de Portinari oferece passeio de bicicleta pelo patrim\u00f4nio cultural de Brodowski","author":"noticiasribeiraopreto.com.br","date":"23 de May de 2025","format":false,"excerpt":"O Museu Casa de Portinari, localizado em Brodowski, na regi\u00e3o de Ribeir\u00e3o Preto, realiza o projeto \u201cPedalando com o Museu\u201d, que permite que os participantes percorram de bicicleta os \u201cCaminhos de Portinari\u201d. O circuito conecta pontos hist\u00f3ricos e culturais de Brodowski, cidade natal do artista. Entre as paradas est\u00e3o a\u2026","rel":"","context":"In &quot;Not\u00edcias de Ribeir\u00e3o Preto-SP e Regi\u00e3o&quot;","block_context":{"text":"Not\u00edcias de Ribeir\u00e3o Preto-SP e Regi\u00e3o","link":"https:\/\/noticiasribeiraopreto.com.br\/index.php\/category\/noticias-de-ribeirao-preto-sp-e-regiao-ismael-colosi\/"},"img":{"alt_text":"","src":"https:\/\/i0.wp.com\/noticiasribeiraopreto.com.br\/wp-content\/uploads\/2025\/05\/105e2dae-8da6-4e77-bfb6-c9c7b0ab0d9a_2025-05-23_15-30-29.webp.webp?fit=1200%2C770&ssl=1&resize=350%2C200","width":350,"height":200,"srcset":"https:\/\/i0.wp.com\/noticiasribeiraopreto.com.br\/wp-content\/uploads\/2025\/05\/105e2dae-8da6-4e77-bfb6-c9c7b0ab0d9a_2025-05-23_15-30-29.webp.webp?fit=1200%2C770&ssl=1&resize=350%2C200 1x, https:\/\/i0.wp.com\/noticiasribeiraopreto.com.br\/wp-content\/uploads\/2025\/05\/105e2dae-8da6-4e77-bfb6-c9c7b0ab0d9a_2025-05-23_15-30-29.webp.webp?fit=1200%2C770&ssl=1&resize=525%2C300 1.5x, https:\/\/i0.wp.com\/noticiasribeiraopreto.com.br\/wp-content\/uploads\/2025\/05\/105e2dae-8da6-4e77-bfb6-c9c7b0ab0d9a_2025-05-23_15-30-29.webp.webp?fit=1200%2C770&ssl=1&resize=700%2C400 2x, https:\/\/i0.wp.com\/noticiasribeiraopreto.com.br\/wp-content\/uploads\/2025\/05\/105e2dae-8da6-4e77-bfb6-c9c7b0ab0d9a_2025-05-23_15-30-29.webp.webp?fit=1200%2C770&ssl=1&resize=1050%2C600 3x"},"classes":[]},{"id":53314,"url":"https:\/\/noticiasribeiraopreto.com.br\/index.php\/2024\/06\/18\/parque-da-zona-sul-recebe-mostra-de-arte-em-comemoracao-ao-aniversario-de-ribeirao-preto\/","url_meta":{"origin":73350,"position":2},"title":"Parque da zona Sul recebe mostra de arte em comemora\u00e7\u00e3o ao anivers\u00e1rio de Ribeir\u00e3o Preto","author":"noticiasribeiraopreto.com.br","date":"18 de June de 2024","format":false,"excerpt":"O Parque das Artes, na zona Sul de Ribeir\u00e3o Preto recebe nesta quarta-feira (19), a Mostra de Arte Pafil, das 9h \u00e0s 13h, com entrada gratuita. O evento acontecer\u00e1 em comemora\u00e7\u00e3o ao anivers\u00e1rio de 168 anos da cidade. A mostra re\u00fane 13 artistas ribeir\u00e3o-pretanos e conta com a presen\u00e7a do\u2026","rel":"","context":"In &quot;Not\u00edcias de Ribeir\u00e3o Preto-SP e Regi\u00e3o&quot;","block_context":{"text":"Not\u00edcias de Ribeir\u00e3o Preto-SP e Regi\u00e3o","link":"https:\/\/noticiasribeiraopreto.com.br\/index.php\/category\/noticias-de-ribeirao-preto-sp-e-regiao-ismael-colosi\/"},"img":{"alt_text":"","src":"https:\/\/i0.wp.com\/noticiasribeiraopreto.com.br\/wp-content\/uploads\/2024\/06\/mostra-pafil-mosaico_2024-06-18_15-35-52_png_2024-06-18_15-35-52.webp.webp?fit=1200%2C675&ssl=1&resize=350%2C200","width":350,"height":200,"srcset":"https:\/\/i0.wp.com\/noticiasribeiraopreto.com.br\/wp-content\/uploads\/2024\/06\/mostra-pafil-mosaico_2024-06-18_15-35-52_png_2024-06-18_15-35-52.webp.webp?fit=1200%2C675&ssl=1&resize=350%2C200 1x, https:\/\/i0.wp.com\/noticiasribeiraopreto.com.br\/wp-content\/uploads\/2024\/06\/mostra-pafil-mosaico_2024-06-18_15-35-52_png_2024-06-18_15-35-52.webp.webp?fit=1200%2C675&ssl=1&resize=525%2C300 1.5x, https:\/\/i0.wp.com\/noticiasribeiraopreto.com.br\/wp-content\/uploads\/2024\/06\/mostra-pafil-mosaico_2024-06-18_15-35-52_png_2024-06-18_15-35-52.webp.webp?fit=1200%2C675&ssl=1&resize=700%2C400 2x, https:\/\/i0.wp.com\/noticiasribeiraopreto.com.br\/wp-content\/uploads\/2024\/06\/mostra-pafil-mosaico_2024-06-18_15-35-52_png_2024-06-18_15-35-52.webp.webp?fit=1200%2C675&ssl=1&resize=1050%2C600 3x"},"classes":[]},{"id":64713,"url":"https:\/\/noticiasribeiraopreto.com.br\/index.php\/2025\/03\/11\/obras-de-bassano-vaccarini-no-parque-maurilio-biagi-serao-restauradas-pela-prefeitura\/","url_meta":{"origin":73350,"position":3},"title":"Obras de Bassano Vaccarini no Parque Maur\u00edlio Biagi ser\u00e3o restauradas pela Prefeitura","author":"noticiasribeiraopreto.com.br","date":"11 de March de 2025","format":false,"excerpt":"A Prefeitura de Ribeir\u00e3o Preto abriu as inscri\u00e7\u00f5es para cadastramento de empresas interessadas em realizar o restauro das obras de Bassano Vaccarini, localizadas no Parque Maur\u00edlio Biagi. De acordo com o comunicado, publicado nesta segunda-feira (10), no Di\u00e1rio Oficial do Munic\u00edpio, o valor das obras de restauro ser\u00e1 de R$\u2026","rel":"","context":"In &quot;Not\u00edcias de Ribeir\u00e3o Preto-SP e Regi\u00e3o&quot;","block_context":{"text":"Not\u00edcias de Ribeir\u00e3o Preto-SP e Regi\u00e3o","link":"https:\/\/noticiasribeiraopreto.com.br\/index.php\/category\/noticias-de-ribeirao-preto-sp-e-regiao-ismael-colosi\/"},"img":{"alt_text":"","src":"https:\/\/i0.wp.com\/noticiasribeiraopreto.com.br\/wp-content\/uploads\/2025\/03\/obras_bassano_vaccarini_-_foto_fernando_gonzaga_1_2025-03-11_19-58-22_jpg_2025-03-11_19-58-22.webp.webp?fit=1200%2C799&ssl=1&resize=350%2C200","width":350,"height":200,"srcset":"https:\/\/i0.wp.com\/noticiasribeiraopreto.com.br\/wp-content\/uploads\/2025\/03\/obras_bassano_vaccarini_-_foto_fernando_gonzaga_1_2025-03-11_19-58-22_jpg_2025-03-11_19-58-22.webp.webp?fit=1200%2C799&ssl=1&resize=350%2C200 1x, https:\/\/i0.wp.com\/noticiasribeiraopreto.com.br\/wp-content\/uploads\/2025\/03\/obras_bassano_vaccarini_-_foto_fernando_gonzaga_1_2025-03-11_19-58-22_jpg_2025-03-11_19-58-22.webp.webp?fit=1200%2C799&ssl=1&resize=525%2C300 1.5x, https:\/\/i0.wp.com\/noticiasribeiraopreto.com.br\/wp-content\/uploads\/2025\/03\/obras_bassano_vaccarini_-_foto_fernando_gonzaga_1_2025-03-11_19-58-22_jpg_2025-03-11_19-58-22.webp.webp?fit=1200%2C799&ssl=1&resize=700%2C400 2x, https:\/\/i0.wp.com\/noticiasribeiraopreto.com.br\/wp-content\/uploads\/2025\/03\/obras_bassano_vaccarini_-_foto_fernando_gonzaga_1_2025-03-11_19-58-22_jpg_2025-03-11_19-58-22.webp.webp?fit=1200%2C799&ssl=1&resize=1050%2C600 3x"},"classes":[]},{"id":42049,"url":"https:\/\/noticiasribeiraopreto.com.br\/index.php\/2024\/03\/12\/familia-mestriner-doa-obras-a-rp\/","url_meta":{"origin":73350,"position":4},"title":"Fam\u00edlia Mestriner\u00a0doa obras a RP","author":"noticiasribeiraopreto.com.br","date":"12 de March de 2024","format":false,"excerpt":"12 de mar\u00e7o de 2024 | 17:0012 de mar\u00e7o de 2024 | 10:18 0A prefeitura de Ribeir\u00e3o Preto, por meio da Secretaria da Cultura e Turismo, realizou na sexta-feira, 8 de mar\u00e7o, no Centro Administrativo Prefeito Jos\u00e9 de Magalh\u00e3es, a cerim\u00f4nia de entrega de duas obras da artista pl\u00e1stica Odilla\u2026","rel":"","context":"In &quot;Not\u00edcias de Ribeir\u00e3o Preto-SP e Regi\u00e3o&quot;","block_context":{"text":"Not\u00edcias de Ribeir\u00e3o Preto-SP e Regi\u00e3o","link":"https:\/\/noticiasribeiraopreto.com.br\/index.php\/category\/noticias-de-ribeirao-preto-sp-e-regiao-ismael-colosi\/"},"img":{"alt_text":"","src":"https:\/\/i0.wp.com\/noticiasribeiraopreto.com.br\/wp-content\/uploads\/2024\/03\/Odilla-Tel-Guilherme-Sircili-scaled.jpg?fit=967%2C645&ssl=1&resize=350%2C200","width":350,"height":200,"srcset":"https:\/\/i0.wp.com\/noticiasribeiraopreto.com.br\/wp-content\/uploads\/2024\/03\/Odilla-Tel-Guilherme-Sircili-scaled.jpg?fit=967%2C645&ssl=1&resize=350%2C200 1x, https:\/\/i0.wp.com\/noticiasribeiraopreto.com.br\/wp-content\/uploads\/2024\/03\/Odilla-Tel-Guilherme-Sircili-scaled.jpg?fit=967%2C645&ssl=1&resize=525%2C300 1.5x, https:\/\/i0.wp.com\/noticiasribeiraopreto.com.br\/wp-content\/uploads\/2024\/03\/Odilla-Tel-Guilherme-Sircili-scaled.jpg?fit=967%2C645&ssl=1&resize=700%2C400 2x"},"classes":[]},{"id":74802,"url":"https:\/\/noticiasribeiraopreto.com.br\/index.php\/2025\/07\/29\/sesi-ribeirao-preto-inaugura-exposicao-de-arte-contemporanea-gratuita\/","url_meta":{"origin":73350,"position":5},"title":"Sesi Ribeir\u00e3o Preto inaugura exposi\u00e7\u00e3o de arte contempor\u00e2nea gratuita","author":"noticiasribeiraopreto.com.br","date":"29 de July de 2025","format":false,"excerpt":"O Centro Cultural Sesi Ribeir\u00e3o Preto recebe a partir de 1\u00ba de agosto a exposi\u00e7\u00e3o \u201cAR: Acervo Rotativo\u201d. A abertura acontece no mesmo dia, das 19h \u00e0s 20h, e para participar \u00e9 necess\u00e1rio reservar o ingresso gratuito pela plataforma Meu Sesi (clique aqui). A partir das 19h30, integra a programa\u00e7\u00e3o\u2026","rel":"","context":"In &quot;Not\u00edcias de Ribeir\u00e3o Preto-SP e Regi\u00e3o&quot;","block_context":{"text":"Not\u00edcias de Ribeir\u00e3o Preto-SP e Regi\u00e3o","link":"https:\/\/noticiasribeiraopreto.com.br\/index.php\/category\/noticias-de-ribeirao-preto-sp-e-regiao-ismael-colosi\/"},"img":{"alt_text":"","src":"https:\/\/i0.wp.com\/noticiasribeiraopreto.com.br\/wp-content\/uploads\/2025\/07\/exposicao-sesi-ribeirao_2025-07-29_16-46-15.webp.webp?fit=1200%2C900&ssl=1&resize=350%2C200","width":350,"height":200,"srcset":"https:\/\/i0.wp.com\/noticiasribeiraopreto.com.br\/wp-content\/uploads\/2025\/07\/exposicao-sesi-ribeirao_2025-07-29_16-46-15.webp.webp?fit=1200%2C900&ssl=1&resize=350%2C200 1x, https:\/\/i0.wp.com\/noticiasribeiraopreto.com.br\/wp-content\/uploads\/2025\/07\/exposicao-sesi-ribeirao_2025-07-29_16-46-15.webp.webp?fit=1200%2C900&ssl=1&resize=525%2C300 1.5x, https:\/\/i0.wp.com\/noticiasribeiraopreto.com.br\/wp-content\/uploads\/2025\/07\/exposicao-sesi-ribeirao_2025-07-29_16-46-15.webp.webp?fit=1200%2C900&ssl=1&resize=700%2C400 2x, https:\/\/i0.wp.com\/noticiasribeiraopreto.com.br\/wp-content\/uploads\/2025\/07\/exposicao-sesi-ribeirao_2025-07-29_16-46-15.webp.webp?fit=1200%2C900&ssl=1&resize=1050%2C600 3x"},"classes":[]}],"jetpack_sharing_enabled":true,"jetpack_shortlink":"https:\/\/wp.me\/peQAOb-j54","_links":{"self":[{"href":"https:\/\/noticiasribeiraopreto.com.br\/index.php\/wp-json\/wp\/v2\/posts\/73350","targetHints":{"allow":["GET"]}}],"collection":[{"href":"https:\/\/noticiasribeiraopreto.com.br\/index.php\/wp-json\/wp\/v2\/posts"}],"about":[{"href":"https:\/\/noticiasribeiraopreto.com.br\/index.php\/wp-json\/wp\/v2\/types\/post"}],"author":[{"embeddable":true,"href":"https:\/\/noticiasribeiraopreto.com.br\/index.php\/wp-json\/wp\/v2\/users\/1"}],"replies":[{"embeddable":true,"href":"https:\/\/noticiasribeiraopreto.com.br\/index.php\/wp-json\/wp\/v2\/comments?post=73350"}],"version-history":[{"count":0,"href":"https:\/\/noticiasribeiraopreto.com.br\/index.php\/wp-json\/wp\/v2\/posts\/73350\/revisions"}],"wp:featuredmedia":[{"embeddable":true,"href":"https:\/\/noticiasribeiraopreto.com.br\/index.php\/wp-json\/wp\/v2\/media\/73351"}],"wp:attachment":[{"href":"https:\/\/noticiasribeiraopreto.com.br\/index.php\/wp-json\/wp\/v2\/media?parent=73350"}],"wp:term":[{"taxonomy":"category","embeddable":true,"href":"https:\/\/noticiasribeiraopreto.com.br\/index.php\/wp-json\/wp\/v2\/categories?post=73350"},{"taxonomy":"post_tag","embeddable":true,"href":"https:\/\/noticiasribeiraopreto.com.br\/index.php\/wp-json\/wp\/v2\/tags?post=73350"}],"curies":[{"name":"wp","href":"https:\/\/api.w.org\/{rel}","templated":true}]}}