{"id":73352,"date":"2025-06-30T18:22:00","date_gmt":"2025-06-30T21:22:00","guid":{"rendered":"https:\/\/noticiasribeiraopreto.com.br\/index.php\/2025\/06\/30\/cameras-registram-acao-de-ladroes-que-furtaram-medicamentos-de-alto-custo-em-ribeirao-confira\/"},"modified":"2025-06-30T18:22:00","modified_gmt":"2025-06-30T21:22:00","slug":"cameras-registram-acao-de-ladroes-que-furtaram-medicamentos-de-alto-custo-em-ribeirao-confira","status":"publish","type":"post","link":"https:\/\/noticiasribeiraopreto.com.br\/index.php\/2025\/06\/30\/cameras-registram-acao-de-ladroes-que-furtaram-medicamentos-de-alto-custo-em-ribeirao-confira\/","title":{"rendered":"C\u00e2meras registram a\u00e7\u00e3o de ladr\u00f5es que furtaram medicamentos de alto custo em Ribeir\u00e3o; Confira"},"content":{"rendered":"<div class='code-block code-block-1' style='margin: 8px 0 8px auto; text-align: right; display: block; clear: both;'>\n<p><a href=\"https:\/\/wa.link\/vpicfd\"><img data-recalc-dims=\"1\" class=\"wp-image-4922\" style=\"aspect-ratio: 2.0253164556962027; width: 561px; height: auto;\" src=\"https:\/\/i0.wp.com\/ismaelcolosi.com.br\/wp-content\/uploads\/2023\/11\/grupo-de-empregos-whatsapp-e-facebook-ismael-colosi-vagas.jpg?ssl=1\" alt=\"\" \/><\/a><\/p>\n<!-- \/wp:image -->\n<\/div>\n<p> <br \/>\n<\/p>\n<div>\n<p>A <strong>Pol\u00edcia Civil<\/strong> divulgou <strong>imagens de c\u00e2meras de seguran\u00e7a<\/strong> que registraram a a\u00e7\u00e3o dos criminosos que roubaram medicamentos de alto custo da <strong>FME (Farm\u00e1cia de Medicamentos Especializados)<\/strong>, no complexo do <strong>Hospital Estadual de Ribeir\u00e3o Preto<\/strong>, na noite da \u00faltima sexta-feira (27).<\/p>\n<p>Nas imagens \u00e9 poss\u00edvel ver quando <strong>cinco criminosos encapuzados<\/strong> invadem o local <strong>(veja abaixo)<\/strong>. Durante a a\u00e7\u00e3o os <strong>funcion\u00e1rios <\/strong>e <strong>um m\u00e9dico foram rendidos<\/strong> \u2013 esse \u00faltimo teve o carro levado pelos homens, contudo, foi localizado na sequ\u00eancia, pr\u00f3ximo ao local.<\/p>\n<p>De acordo com o <strong>delegado Jos\u00e9 Carvalho de Ara\u00fajo J\u00fanior<\/strong>, essas imagens s\u00e3o importantes para que seja feita a identifica\u00e7\u00e3o dos envolvidos no crime.<\/p>\n<p><mark style=\"background-color:#fcb900\" class=\"has-inline-color\">Ainda n\u00e3o h\u00e1 confirma\u00e7\u00e3o sobre quais medicamentos foram levados nem o valor total do preju\u00edzo<\/mark>. A pol\u00edcia, em conjunto com funcion\u00e1rios do Hospital Estadual, trabalha para identificar os itens roubados, assim como o destino desses medicamentos.<\/p>\n<figure class=\"wp-block-pullquote\">\n<blockquote>\n<p>O levantamento de imagens est\u00e1 sendo feito pela equipe de investiga\u00e7\u00f5es da DAEC. Tamb\u00e9m estamos levantando toda a rela\u00e7\u00e3o dos medicamentos que foram tamb\u00e9m subtra\u00eddos. \u00c9 importante [dizer] tamb\u00e9m que as imagens est\u00e3o sendo levantadas n\u00e3o s\u00f3 no local, como em toda a regi\u00e3o do bairro onde aconteceu o crime<\/p>\n<p><cite>Jos\u00e9 Carvalho de Ara\u00fajo J\u00fanior<\/cite><\/p><\/blockquote>\n<\/figure>\n<p>Ainda de acordo com o delegado, a investiga\u00e7\u00e3o j\u00e1 conseguiu identificar que os criminosos utilizaram uma <strong>Fiat Fiorino branca<\/strong> na a\u00e7\u00e3o.<\/p>\n<blockquote class=\"twitter-tweet\" data-media-max-width=\"560\">\n<p lang=\"pt\" dir=\"ltr\">\ud83d\udc8aA Pol\u00edcia Civil divulgou imagens de c\u00e2meras de seguran\u00e7a que registraram a a\u00e7\u00e3o dos criminosos que roubaram medicamentos de alto custo da FME, na noite da \u00faltima sexta-feira.<\/p>\n<p>\ud83c\udfa5 C\u00e2mera de seguran\u00e7a<\/p>\n<p>\ud83c\udf0e Saiba mais no site: <a href=\"https:\/\/t.co\/YkrHVzx4BQ\">https:\/\/t.co\/YkrHVzx4BQ<\/a> <a href=\"https:\/\/t.co\/OGcVPxhqq4\">pic.twitter.com\/OGcVPxhqq4<\/a><\/p>\n<p>\u2014 acidade on Ribeir\u00e3o e Regi\u00e3o (@acidadeonrp) <a href=\"https:\/\/twitter.com\/acidadeonrp\/status\/1939773680608850207?ref_src=twsrc%5Etfw\">June 30, 2025<\/a><\/p><\/blockquote>\n<h2 class=\"wp-block-heading\"><strong>Criminosos conheciam o local<\/strong><\/h2>\n<p>O delegado ainda explica que os criminosos chegaram ao local <strong>perguntando diretamente pela c\u00e2mara fria da farm\u00e1cia<\/strong>. <mark style=\"background-color:#fcb900\" class=\"has-inline-color\">Portanto, a pol\u00edcia acredita que os envolvidos possivelmente tivessem conhecimento sobre o funcionamento do local.<\/mark><\/p>\n<figure class=\"wp-block-pullquote\">\n<blockquote>\n<p>N\u00f3s temos quase certeza de que eles sabiam exatamente o que estavam procurando ali. Ent\u00e3o, com certeza saiu informa\u00e7\u00e3o de l\u00e1 de dentro e n\u00f3s precisamos fazer um trabalho direcionado nesse sentido tamb\u00e9m. Eles j\u00e1 sabiam o que procuravam, sabiam que existia determinado medicamento em determinado local<\/p>\n<\/blockquote>\n<\/figure>\n<p>Ainda segundo o delegado, \u00e9 importante identificar os receptadores desses medicamentos, uma vez que eles s\u00e3o de <strong>alto valor<\/strong> e precisam de <strong>armazenamento espec\u00edfico<\/strong>, como refrigera\u00e7\u00e3o.<\/p>\n<p>\u201cEles n\u00e3o v\u00e3o ficar com esse medicamento, mesmo porque t\u00eam aqueles que precisam de um cuidado todo especial. Ent\u00e3o, com certeza pode ter tamb\u00e9m uma encomenda, nesse sentido\u201d, disse Ara\u00fajo Junior.<\/p>\n<p>Ap\u00f3s o ocorrido, o <strong>Departamento Regional de Sa\u00fade (DRS) de Ribeir\u00e3o Preto<\/strong>, informou que \u201cassim que teve conhecimento dos fatos, acionou as autoridades policiais e est\u00e1 colaborando com todas as informa\u00e7\u00f5es sobre o incidente\u201d.<\/p>\n<hr class=\"wp-block-separator has-alpha-channel-opacity\"\/>\n<p>SAIBA MAIS<\/p>\n<p>Pol\u00edcia investigada se Elizabete envenenou amiga; Mulher foi parar na UTI ap\u00f3s tomar comprimido<\/p>\n<h2 class=\"wp-block-heading\"><strong>FIQUE ON<\/strong><\/h2>\n<p>Quer ficar por dentro de tudo que acontece em Ribeir\u00e3o Preto e regi\u00e3o? Ent\u00e3o siga os perfis do\u202facidade on\u202fno\u202f<a href=\"https:\/\/www.instagram.com\/acidadeonribeirao\" target=\"_blank\" rel=\"noreferrer noopener\">Instagram<\/a>\u202fe no\u202f<a href=\"https:\/\/www.facebook.com\/acidadeonribeirao\/\" target=\"_blank\" rel=\"noreferrer noopener\">Facebook<\/a>.<\/p>\n<p>Al\u00e9m disso, voc\u00ea pode receber as principais not\u00edcias diretamente no WhatsApp. Para isso, basta\u00a0<a href=\"https:\/\/chat.whatsapp.com\/BjKQZ9oJwlz8VVT50NuePq\" target=\"_blank\" rel=\"noreferrer noopener\">entrar no grupo clicando aqui<\/a>.<\/p>\n<p>Por fim, se quiser fazer uma den\u00fancia ou sugerir uma reportagem sobre Ribeir\u00e3o Preto e regi\u00e3o, envie uma mensagem pelo WhatsApp: (16) 99117-7802.<\/p>\n<p>VEJA TAMB\u00c9M<\/p>\n<p>O que aconteceu com An\u00edsio Mello Junior, dublador de Dragon Ball Z?<\/p>\n<p><!-- AI CONTENT END 1 -->\n<\/div>\n<p><script async src=\"\/\/platform.twitter.com\/widgets.js\" charset=\"utf-8\"><\/script><script async src=\"\/\/www.instagram.com\/embed.js\"><\/script><br \/>\n<br \/><br \/>\n<br \/><a href=\"https:\/\/www.acidadeon.com\/ribeiraopreto\/cotidiano\/cameras-registram-acao-de-ladroes-que-furtaram-medicamentos-de-alto-custo-em-ribeirao-confira\/\">Source link <\/a><\/p>\n<!-- CONTENT END 1 -->\n","protected":false},"excerpt":{"rendered":"<p>A Pol\u00edcia Civil divulgou imagens de c\u00e2meras de seguran\u00e7a que registraram a a\u00e7\u00e3o dos criminosos que roubaram medicamentos de alto custo da FME (Farm\u00e1cia de&#8230;<\/p>\n","protected":false},"author":1,"featured_media":73353,"comment_status":"open","ping_status":"open","sticky":false,"template":"","format":"standard","meta":{"advanced_seo_description":"","jetpack_seo_html_title":"","jetpack_seo_noindex":false,"jetpack_post_was_ever_published":false,"_jetpack_newsletter_access":"","_jetpack_dont_email_post_to_subs":false,"_jetpack_newsletter_tier_id":0,"_jetpack_memberships_contains_paywalled_content":false,"_jetpack_memberships_contains_paid_content":false,"footnotes":"","jetpack_publicize_message":"","jetpack_publicize_feature_enabled":true,"jetpack_social_post_already_shared":true,"jetpack_social_options":{"image_generator_settings":{"template":"highway","default_image_id":0,"font":"","enabled":false},"version":2}},"categories":[11],"tags":[],"class_list":["post-73352","post","type-post","status-publish","format-standard","has-post-thumbnail","hentry","category-noticias-de-ribeirao-preto-sp-e-regiao-ismael-colosi"],"jetpack_publicize_connections":[],"jetpack_featured_media_url":"https:\/\/i0.wp.com\/noticiasribeiraopreto.com.br\/wp-content\/uploads\/2025\/06\/Copia-de-Copia-de-Copia-de-TAMANHO-EXATO-PARA-FOTOS-NO-SISTEMA-NOVO-2025-06-30T164315.393_2025-06-30_19-43-21.webp.webp?fit=1200%2C675&ssl=1","jetpack-related-posts":[{"id":82813,"url":"https:\/\/noticiasribeiraopreto.com.br\/index.php\/2026\/02\/27\/video-ladroes-furtam-meio-milhao-em-remedios-para-tratar-cancer\/","url_meta":{"origin":73352,"position":0},"title":"V\u00cdDEO &#8211; Ladr\u00f5es furtam meio milh\u00e3o em rem\u00e9dios para tratar c\u00e2ncer","author":"noticiasribeiraopreto.com.br","date":"27 de February de 2026","format":false,"excerpt":"\r \r \r Tr\u00eas homens teriam entrado no local e levado os medicamentos, que foram colocados em um pequeno furg\u00e3o\r \r 27 de fevereiro de 2026 11:1227 de fevereiro de 2026 11:13 \r Compartilhar2 \r Por: Adalberto Luque \u2013 Uma distribuidora de medicamentos teve medicamentos avaliados em R$ 572 mil\u2026","rel":"","context":"In &quot;Not\u00edcias de Ribeir\u00e3o Preto-SP e Regi\u00e3o&quot;","block_context":{"text":"Not\u00edcias de Ribeir\u00e3o Preto-SP e Regi\u00e3o","link":"https:\/\/noticiasribeiraopreto.com.br\/index.php\/category\/noticias-de-ribeirao-preto-sp-e-regiao-ismael-colosi\/"},"img":{"alt_text":"","src":"https:\/\/i0.wp.com\/noticiasribeiraopreto.com.br\/wp-content\/uploads\/2026\/02\/27-fev-2026-furtomedicamentos1-scaled.jpg?fit=1105%2C780&ssl=1&resize=350%2C200","width":350,"height":200,"srcset":"https:\/\/i0.wp.com\/noticiasribeiraopreto.com.br\/wp-content\/uploads\/2026\/02\/27-fev-2026-furtomedicamentos1-scaled.jpg?fit=1105%2C780&ssl=1&resize=350%2C200 1x, https:\/\/i0.wp.com\/noticiasribeiraopreto.com.br\/wp-content\/uploads\/2026\/02\/27-fev-2026-furtomedicamentos1-scaled.jpg?fit=1105%2C780&ssl=1&resize=525%2C300 1.5x, https:\/\/i0.wp.com\/noticiasribeiraopreto.com.br\/wp-content\/uploads\/2026\/02\/27-fev-2026-furtomedicamentos1-scaled.jpg?fit=1105%2C780&ssl=1&resize=700%2C400 2x, https:\/\/i0.wp.com\/noticiasribeiraopreto.com.br\/wp-content\/uploads\/2026\/02\/27-fev-2026-furtomedicamentos1-scaled.jpg?fit=1105%2C780&ssl=1&resize=1050%2C600 3x"},"classes":[]},{"id":73434,"url":"https:\/\/noticiasribeiraopreto.com.br\/index.php\/2025\/07\/02\/policia-investiga-roubo-de-quase-r-2-milhoes-em-remedios-de-alto-custo-em-ribeirao-preto\/","url_meta":{"origin":73352,"position":1},"title":"Pol\u00edcia investiga roubo de quase R$ 2 milh\u00f5es em rem\u00e9dios de alto custo em Ribeir\u00e3o Preto","author":"noticiasribeiraopreto.com.br","date":"2 de July de 2025","format":false,"excerpt":"A Pol\u00edcia Civil segue na investiga\u00e7\u00e3o do roubo de rem\u00e9dios de alto custo da FME (Farm\u00e1cia de Medicamentos Especializados), no complexo do Hospital Estadual de Ribeir\u00e3o Preto, ocorrido na noite da \u00faltima sexta-feira (27). Segundo o boletim de ocorr\u00eancia (BO), os medicamentos roubados totalizam R$ 1.972.358,11. S\u00e3o pelo menos 35\u2026","rel":"","context":"In &quot;Not\u00edcias de Ribeir\u00e3o Preto-SP e Regi\u00e3o&quot;","block_context":{"text":"Not\u00edcias de Ribeir\u00e3o Preto-SP e Regi\u00e3o","link":"https:\/\/noticiasribeiraopreto.com.br\/index.php\/category\/noticias-de-ribeirao-preto-sp-e-regiao-ismael-colosi\/"},"img":{"alt_text":"","src":"https:\/\/i0.wp.com\/noticiasribeiraopreto.com.br\/wp-content\/uploads\/2025\/06\/Copia-de-Copia-de-Copia-de-TAMANHO-EXATO-PARA-FOTOS-NO-SISTEMA-NOVO-2025-06-30T164315.393_2025-06-30_19-43-21.webp.webp?fit=1200%2C675&ssl=1&resize=350%2C200","width":350,"height":200,"srcset":"https:\/\/i0.wp.com\/noticiasribeiraopreto.com.br\/wp-content\/uploads\/2025\/06\/Copia-de-Copia-de-Copia-de-TAMANHO-EXATO-PARA-FOTOS-NO-SISTEMA-NOVO-2025-06-30T164315.393_2025-06-30_19-43-21.webp.webp?fit=1200%2C675&ssl=1&resize=350%2C200 1x, https:\/\/i0.wp.com\/noticiasribeiraopreto.com.br\/wp-content\/uploads\/2025\/06\/Copia-de-Copia-de-Copia-de-TAMANHO-EXATO-PARA-FOTOS-NO-SISTEMA-NOVO-2025-06-30T164315.393_2025-06-30_19-43-21.webp.webp?fit=1200%2C675&ssl=1&resize=525%2C300 1.5x, https:\/\/i0.wp.com\/noticiasribeiraopreto.com.br\/wp-content\/uploads\/2025\/06\/Copia-de-Copia-de-Copia-de-TAMANHO-EXATO-PARA-FOTOS-NO-SISTEMA-NOVO-2025-06-30T164315.393_2025-06-30_19-43-21.webp.webp?fit=1200%2C675&ssl=1&resize=700%2C400 2x, https:\/\/i0.wp.com\/noticiasribeiraopreto.com.br\/wp-content\/uploads\/2025\/06\/Copia-de-Copia-de-Copia-de-TAMANHO-EXATO-PARA-FOTOS-NO-SISTEMA-NOVO-2025-06-30T164315.393_2025-06-30_19-43-21.webp.webp?fit=1200%2C675&ssl=1&resize=1050%2C600 3x"},"classes":[]},{"id":73701,"url":"https:\/\/noticiasribeiraopreto.com.br\/index.php\/2025\/07\/08\/policia-prende-suspeito-de-roubo-milionario-de-medicamentos-em-ribeirao-preto\/","url_meta":{"origin":73352,"position":2},"title":"Pol\u00edcia prende suspeito de roubo milion\u00e1rio de medicamentos em Ribeir\u00e3o Preto","author":"noticiasribeiraopreto.com.br","date":"8 de July de 2025","format":false,"excerpt":"A Pol\u00edcia Civil prendeu nesta ter\u00e7a-feira (8) um suspeito do roubo milion\u00e1rio de medicamentos em Ribeir\u00e3o Preto. O furg\u00e3o que teria sido utilizado para transportar os rem\u00e9dios de alto custo foi apreendido. Assista ao v\u00eddeo abaixo. O roubo ocorreu na noite de 27 de junho, na FME (Farm\u00e1cia de Medicamentos\u2026","rel":"","context":"In &quot;Not\u00edcias de Ribeir\u00e3o Preto-SP e Regi\u00e3o&quot;","block_context":{"text":"Not\u00edcias de Ribeir\u00e3o Preto-SP e Regi\u00e3o","link":"https:\/\/noticiasribeiraopreto.com.br\/index.php\/category\/noticias-de-ribeirao-preto-sp-e-regiao-ismael-colosi\/"},"img":{"alt_text":"","src":"https:\/\/i0.wp.com\/noticiasribeiraopreto.com.br\/wp-content\/uploads\/2025\/07\/WhatsApp-Image-2025-07-08-at-08.45.51_2025-07-08_11-46-14.webp.webp?fit=564%2C369&ssl=1&resize=350%2C200","width":350,"height":200,"srcset":"https:\/\/i0.wp.com\/noticiasribeiraopreto.com.br\/wp-content\/uploads\/2025\/07\/WhatsApp-Image-2025-07-08-at-08.45.51_2025-07-08_11-46-14.webp.webp?fit=564%2C369&ssl=1&resize=350%2C200 1x, https:\/\/i0.wp.com\/noticiasribeiraopreto.com.br\/wp-content\/uploads\/2025\/07\/WhatsApp-Image-2025-07-08-at-08.45.51_2025-07-08_11-46-14.webp.webp?fit=564%2C369&ssl=1&resize=525%2C300 1.5x"},"classes":[]},{"id":73294,"url":"https:\/\/noticiasribeiraopreto.com.br\/index.php\/2025\/06\/28\/policia-investiga-roubo-de-medicamentos-de-alto-custo-em-ribeirao-preto\/","url_meta":{"origin":73352,"position":3},"title":"Pol\u00edcia investiga roubo de medicamentos de alto custo em Ribeir\u00e3o Preto","author":"noticiasribeiraopreto.com.br","date":"28 de June de 2025","format":false,"excerpt":"*Atualizado \u00e0s 16h15, do dia 28 de junho de 2025 A Pol\u00edcia Civil investiga um roubo de medicamentos de alto custo ocorrido na noite de sexta-feira (27), no bairro Jardim Rossi, em Ribeir\u00e3o Preto. De acordo com as informa\u00e7\u00f5es da Secretaria de Seguran\u00e7a P\u00fablica (SSP), o alvo da a\u00e7\u00e3o foi\u2026","rel":"","context":"In &quot;Not\u00edcias de Ribeir\u00e3o Preto-SP e Regi\u00e3o&quot;","block_context":{"text":"Not\u00edcias de Ribeir\u00e3o Preto-SP e Regi\u00e3o","link":"https:\/\/noticiasribeiraopreto.com.br\/index.php\/category\/noticias-de-ribeirao-preto-sp-e-regiao-ismael-colosi\/"},"img":{"alt_text":"","src":"https:\/\/i0.wp.com\/noticiasribeiraopreto.com.br\/wp-content\/uploads\/2025\/06\/Copia-de-Copia-de-Copia-de-TAMANHO-EXATO-PARA-FOTOS-NO-SISTEMA-NOVO-2025-06-28T161235.867_2025-06-28_19-12-47.webp.webp?fit=1200%2C675&ssl=1&resize=350%2C200","width":350,"height":200,"srcset":"https:\/\/i0.wp.com\/noticiasribeiraopreto.com.br\/wp-content\/uploads\/2025\/06\/Copia-de-Copia-de-Copia-de-TAMANHO-EXATO-PARA-FOTOS-NO-SISTEMA-NOVO-2025-06-28T161235.867_2025-06-28_19-12-47.webp.webp?fit=1200%2C675&ssl=1&resize=350%2C200 1x, https:\/\/i0.wp.com\/noticiasribeiraopreto.com.br\/wp-content\/uploads\/2025\/06\/Copia-de-Copia-de-Copia-de-TAMANHO-EXATO-PARA-FOTOS-NO-SISTEMA-NOVO-2025-06-28T161235.867_2025-06-28_19-12-47.webp.webp?fit=1200%2C675&ssl=1&resize=525%2C300 1.5x, https:\/\/i0.wp.com\/noticiasribeiraopreto.com.br\/wp-content\/uploads\/2025\/06\/Copia-de-Copia-de-Copia-de-TAMANHO-EXATO-PARA-FOTOS-NO-SISTEMA-NOVO-2025-06-28T161235.867_2025-06-28_19-12-47.webp.webp?fit=1200%2C675&ssl=1&resize=700%2C400 2x, https:\/\/i0.wp.com\/noticiasribeiraopreto.com.br\/wp-content\/uploads\/2025\/06\/Copia-de-Copia-de-Copia-de-TAMANHO-EXATO-PARA-FOTOS-NO-SISTEMA-NOVO-2025-06-28T161235.867_2025-06-28_19-12-47.webp.webp?fit=1200%2C675&ssl=1&resize=1050%2C600 3x"},"classes":[]},{"id":73288,"url":"https:\/\/noticiasribeiraopreto.com.br\/index.php\/2025\/06\/28\/policia-investiga-roubo-de-medicamentos-de-alto-custo-em-hospital-da-zona-sul-de-ribeirao-preto\/","url_meta":{"origin":73352,"position":4},"title":"Pol\u00edcia investiga roubo de medicamentos de alto custo em hospital da zona Sul de Ribeir\u00e3o Preto","author":"noticiasribeiraopreto.com.br","date":"28 de June de 2025","format":false,"excerpt":"A Pol\u00edcia Civil investiga um roubo de medicamentos de alto custo ocorrido na noite de sexta-feira (27), no Hospital Estadual de Ribeir\u00e3o Preto (HERP), localizado na zona Sul do munic\u00edpio. De acordo com as informa\u00e7\u00f5es da Secretaria de Seguran\u00e7a P\u00fablica (SSP), o alvo da a\u00e7\u00e3o foi a Farm\u00e1cia de Medicamentos\u2026","rel":"","context":"In &quot;Not\u00edcias de Ribeir\u00e3o Preto-SP e Regi\u00e3o&quot;","block_context":{"text":"Not\u00edcias de Ribeir\u00e3o Preto-SP e Regi\u00e3o","link":"https:\/\/noticiasribeiraopreto.com.br\/index.php\/category\/noticias-de-ribeirao-preto-sp-e-regiao-ismael-colosi\/"},"img":{"alt_text":"","src":"https:\/\/i0.wp.com\/noticiasribeiraopreto.com.br\/wp-content\/uploads\/2025\/06\/800x420-40_2025-06-28_18-03-48.webp.webp?fit=800%2C420&ssl=1&resize=350%2C200","width":350,"height":200,"srcset":"https:\/\/i0.wp.com\/noticiasribeiraopreto.com.br\/wp-content\/uploads\/2025\/06\/800x420-40_2025-06-28_18-03-48.webp.webp?fit=800%2C420&ssl=1&resize=350%2C200 1x, https:\/\/i0.wp.com\/noticiasribeiraopreto.com.br\/wp-content\/uploads\/2025\/06\/800x420-40_2025-06-28_18-03-48.webp.webp?fit=800%2C420&ssl=1&resize=525%2C300 1.5x, https:\/\/i0.wp.com\/noticiasribeiraopreto.com.br\/wp-content\/uploads\/2025\/06\/800x420-40_2025-06-28_18-03-48.webp.webp?fit=800%2C420&ssl=1&resize=700%2C400 2x"},"classes":[]},{"id":73707,"url":"https:\/\/noticiasribeiraopreto.com.br\/index.php\/2025\/07\/08\/video-policia-prende-suspeito-de-roubo-de-medicamentos\/","url_meta":{"origin":73352,"position":5},"title":"V\u00cdDEO &#8211; Pol\u00edcia prende suspeito de roubo de medicamentos","author":"noticiasribeiraopreto.com.br","date":"8 de July de 2025","format":false,"excerpt":"Por: Alfredo Risk e Adalberto Luque A Pol\u00edcia Civil prendeu, na manh\u00e3 desta ter\u00e7a-feira (8), um dos envolvidos no roubo de medicamentos de alto custo do Hospital Estadual de Ribeir\u00e3o Preto (HERP). A pris\u00e3o ocorreu em uma resid\u00eancia no Parque Ribeir\u00e3o Preto, zona Oeste da cidade. Segundo o delegado Andr\u00e9\u2026","rel":"","context":"In &quot;Not\u00edcias de Ribeir\u00e3o Preto-SP e Regi\u00e3o&quot;","block_context":{"text":"Not\u00edcias de Ribeir\u00e3o Preto-SP e Regi\u00e3o","link":"https:\/\/noticiasribeiraopreto.com.br\/index.php\/category\/noticias-de-ribeirao-preto-sp-e-regiao-ismael-colosi\/"},"img":{"alt_text":"","src":"https:\/\/i0.wp.com\/noticiasribeiraopreto.com.br\/wp-content\/uploads\/2025\/07\/08-jul-2025-prisaomedicamentos1.jpg?fit=822%2C805&ssl=1&resize=350%2C200","width":350,"height":200,"srcset":"https:\/\/i0.wp.com\/noticiasribeiraopreto.com.br\/wp-content\/uploads\/2025\/07\/08-jul-2025-prisaomedicamentos1.jpg?fit=822%2C805&ssl=1&resize=350%2C200 1x, https:\/\/i0.wp.com\/noticiasribeiraopreto.com.br\/wp-content\/uploads\/2025\/07\/08-jul-2025-prisaomedicamentos1.jpg?fit=822%2C805&ssl=1&resize=525%2C300 1.5x, https:\/\/i0.wp.com\/noticiasribeiraopreto.com.br\/wp-content\/uploads\/2025\/07\/08-jul-2025-prisaomedicamentos1.jpg?fit=822%2C805&ssl=1&resize=700%2C400 2x"},"classes":[]}],"jetpack_sharing_enabled":true,"jetpack_shortlink":"https:\/\/wp.me\/peQAOb-j56","_links":{"self":[{"href":"https:\/\/noticiasribeiraopreto.com.br\/index.php\/wp-json\/wp\/v2\/posts\/73352","targetHints":{"allow":["GET"]}}],"collection":[{"href":"https:\/\/noticiasribeiraopreto.com.br\/index.php\/wp-json\/wp\/v2\/posts"}],"about":[{"href":"https:\/\/noticiasribeiraopreto.com.br\/index.php\/wp-json\/wp\/v2\/types\/post"}],"author":[{"embeddable":true,"href":"https:\/\/noticiasribeiraopreto.com.br\/index.php\/wp-json\/wp\/v2\/users\/1"}],"replies":[{"embeddable":true,"href":"https:\/\/noticiasribeiraopreto.com.br\/index.php\/wp-json\/wp\/v2\/comments?post=73352"}],"version-history":[{"count":0,"href":"https:\/\/noticiasribeiraopreto.com.br\/index.php\/wp-json\/wp\/v2\/posts\/73352\/revisions"}],"wp:featuredmedia":[{"embeddable":true,"href":"https:\/\/noticiasribeiraopreto.com.br\/index.php\/wp-json\/wp\/v2\/media\/73353"}],"wp:attachment":[{"href":"https:\/\/noticiasribeiraopreto.com.br\/index.php\/wp-json\/wp\/v2\/media?parent=73352"}],"wp:term":[{"taxonomy":"category","embeddable":true,"href":"https:\/\/noticiasribeiraopreto.com.br\/index.php\/wp-json\/wp\/v2\/categories?post=73352"},{"taxonomy":"post_tag","embeddable":true,"href":"https:\/\/noticiasribeiraopreto.com.br\/index.php\/wp-json\/wp\/v2\/tags?post=73352"}],"curies":[{"name":"wp","href":"https:\/\/api.w.org\/{rel}","templated":true}]}}