{"id":73356,"date":"2025-06-30T18:35:52","date_gmt":"2025-06-30T21:35:52","guid":{"rendered":"https:\/\/noticiasribeiraopreto.com.br\/index.php\/2025\/06\/30\/frente-fria-defesa-civil-emite-alerta-para-queda-de-temperatura-em-ribeirao-preto\/"},"modified":"2025-06-30T18:35:52","modified_gmt":"2025-06-30T21:35:52","slug":"frente-fria-defesa-civil-emite-alerta-para-queda-de-temperatura-em-ribeirao-preto","status":"publish","type":"post","link":"https:\/\/noticiasribeiraopreto.com.br\/index.php\/2025\/06\/30\/frente-fria-defesa-civil-emite-alerta-para-queda-de-temperatura-em-ribeirao-preto\/","title":{"rendered":"Frente fria: Defesa Civil emite alerta para queda de temperatura em Ribeir\u00e3o Preto"},"content":{"rendered":"<div class='code-block code-block-1' style='margin: 8px 0 8px auto; text-align: right; display: block; clear: both;'>\n<p><a href=\"https:\/\/wa.link\/vpicfd\"><img data-recalc-dims=\"1\" class=\"wp-image-4922\" style=\"aspect-ratio: 2.0253164556962027; width: 561px; height: auto;\" src=\"https:\/\/i0.wp.com\/ismaelcolosi.com.br\/wp-content\/uploads\/2023\/11\/grupo-de-empregos-whatsapp-e-facebook-ismael-colosi-vagas.jpg?ssl=1\" alt=\"\" \/><\/a><\/p>\n<!-- \/wp:image -->\n<\/div>\n<p> <br \/>\n<\/p>\n<div>\n<p>Entre os dias 1\u00ba e 3 de julho, <strong>uma frente fria vai avan\u00e7ar sobre o Estado de S\u00e3o Paulo e provocar queda nas temperaturas m\u00ednimas e m\u00e1ximas<\/strong>. Logo ap\u00f3s a frente fria, uma massa de ar frio tamb\u00e9m vai intensificar o resfriamento, segundo a Defesa Civil estadual. <strong>Ribeir\u00e3o Preto<\/strong> deve registrar frio mais intenso durante as madrugadas e in\u00edcio das manh\u00e3s.<\/p>\n<p>Al\u00e9m da queda nas temperaturas, <strong>o sistema meteorol\u00f3gico vai contribuir para a redu\u00e7\u00e3o da umidade relativa do ar<\/strong>, especialmente nas regi\u00f5es central, norte, noroeste e oeste. Em muitos munic\u00edpios, os \u00edndices podem ficar abaixo de 30%, o que representa risco \u00e0 sa\u00fade, de acordo com a Organiza\u00e7\u00e3o Mundial da Sa\u00fade (OMS).<\/p>\n<h3 class=\"wp-block-heading\"><strong>Frente fria<\/strong><\/h3>\n<p>As temperaturas devem cair em todo o Estado, <strong>com m\u00ednimas variando conforme a regi\u00e3o:<\/strong> na Serra da Mantiqueira, os term\u00f4metros devem marcar 8\u00b0C devido \u00e0 altitude; na Regi\u00e3o Metropolitana de S\u00e3o Paulo, Vale do Ribeira e Itapeva, a previs\u00e3o indica 10\u00b0C; em Sorocaba, Campinas, Mar\u00edlia, Bauru, Presidente Prudente e Araraquara, as m\u00ednimas devem chegar a 12\u00b0C; <strong>j\u00e1 em Ribeir\u00e3o Preto, Franca, Barretos<\/strong>, S\u00e3o Jos\u00e9 do Rio Preto, Ara\u00e7atuba e no Vale do Para\u00edba, <strong>a expectativa \u00e9 de 13\u00b0C<\/strong>; na Baixada Santista, a temperatura deve cair para 15\u00b0C; e, por fim, no Litoral Norte, a previs\u00e3o \u00e9 de 16\u00b0C.<\/p>\n<p><strong>Em Ribeir\u00e3o Preto<\/strong>, a sensa\u00e7\u00e3o t\u00e9rmica deve ser ainda mais baixa nas \u00e1reas rurais, devido ao vento e \u00e0 menor urbaniza\u00e7\u00e3o.<\/p>\n<h3 class=\"wp-block-heading\"><strong>Risco de queimadas<\/strong><\/h3>\n<p>Com a chegada do ar frio, a umidade do ar deve cair rapidamente. Por isso, o tempo seco aumenta o risco de queimadas e inc\u00eandios florestais, especialmente em \u00e1reas de vegeta\u00e7\u00e3o seca.<\/p>\n<h3 class=\"wp-block-heading\"><strong>Defesa Civil orienta <\/strong><\/h3>\n<p>Diante desse cen\u00e1rio, a Defesa Civil recomenda aten\u00e7\u00e3o redobrada. Idosos, crian\u00e7as, pessoas com doen\u00e7as respirat\u00f3rias e em situa\u00e7\u00e3o de rua precisam de cuidados especiais. Veja as principais orienta\u00e7\u00f5es:<\/p>\n<ul class=\"wp-block-list\">\n<li>Evitar exposi\u00e7\u00e3o prolongada ao frio;<\/li>\n<li>Beber \u00e1gua com frequ\u00eancia;<\/li>\n<li>Usar roupas adequadas e se abrigar em locais protegidos;<\/li>\n<li>Reduzir o uso de fogo em \u00e1reas abertas;<\/li>\n<li>Economizar \u00e1gua durante o per\u00edodo de ar seco.<\/li>\n<\/ul>\n<hr class=\"wp-block-separator has-alpha-channel-opacity\"\/>\n<p>SAIBA MAIS<\/p>\n<p>Ribeir\u00e3o Preto troca ou instala at\u00e9 40 postes de sinaliza\u00e7\u00e3o por m\u00eas, diz RP Mobi<\/p>\n<h2 class=\"wp-block-heading\"><strong>FIQUE ON<\/strong><\/h2>\n<p>Quer ficar por dentro de tudo que acontece em Ribeir\u00e3o Preto e regi\u00e3o? Ent\u00e3o siga os perfis do\u202facidade on\u202fno\u202f<a href=\"https:\/\/www.instagram.com\/acidadeonribeirao\" target=\"_blank\" rel=\"noreferrer noopener\">Instagram<\/a>\u202fe no\u202f<a href=\"https:\/\/www.facebook.com\/acidadeonribeirao\/\" target=\"_blank\" rel=\"noreferrer noopener\">Facebook<\/a>.<\/p>\n<p>Al\u00e9m disso, voc\u00ea pode receber as principais not\u00edcias diretamente no WhatsApp. Para isso, basta\u00a0<a href=\"https:\/\/chat.whatsapp.com\/BjKQZ9oJwlz8VVT50NuePq\" target=\"_blank\" rel=\"noreferrer noopener\">entrar no grupo clicando aqui<\/a>.<\/p>\n<p>Por fim, se quiser fazer uma den\u00fancia ou sugerir uma reportagem sobre Ribeir\u00e3o Preto e regi\u00e3o, envie uma mensagem pelo WhatsApp: (16) 99117-7802.<\/p>\n<p>VEJA TAMB\u00c9M<\/p>\n<p>Quando acontece a apura\u00e7\u00e3o do Festival de Parintins?<\/p>\n<p><!-- AI CONTENT END 1 -->\n<\/div>\n<p><script async src=\"\/\/www.instagram.com\/embed.js\"><\/script><br \/>\n<br \/><br \/>\n<br \/><a href=\"https:\/\/www.acidadeon.com\/ribeiraopreto\/cotidiano\/frente-fria-defesa-civil-emite-alerta-para-queda-de-temperatura-em-ribeirao-preto\/\">Source link <\/a><\/p>\n<!-- CONTENT END 1 -->\n","protected":false},"excerpt":{"rendered":"<p>Entre os dias 1\u00ba e 3 de julho, uma frente fria vai avan\u00e7ar sobre o Estado de S\u00e3o Paulo e provocar queda nas temperaturas m\u00ednimas&#8230;<\/p>\n","protected":false},"author":1,"featured_media":73357,"comment_status":"open","ping_status":"open","sticky":false,"template":"","format":"standard","meta":{"advanced_seo_description":"","jetpack_seo_html_title":"","jetpack_seo_noindex":false,"jetpack_post_was_ever_published":false,"_jetpack_newsletter_access":"","_jetpack_dont_email_post_to_subs":false,"_jetpack_newsletter_tier_id":0,"_jetpack_memberships_contains_paywalled_content":false,"_jetpack_memberships_contains_paid_content":false,"footnotes":"","jetpack_publicize_message":"","jetpack_publicize_feature_enabled":true,"jetpack_social_post_already_shared":true,"jetpack_social_options":{"image_generator_settings":{"template":"highway","default_image_id":0,"font":"","enabled":false},"version":2}},"categories":[11],"tags":[],"class_list":["post-73356","post","type-post","status-publish","format-standard","has-post-thumbnail","hentry","category-noticias-de-ribeirao-preto-sp-e-regiao-ismael-colosi"],"jetpack_publicize_connections":[],"jetpack_featured_media_url":"https:\/\/i0.wp.com\/noticiasribeiraopreto.com.br\/wp-content\/uploads\/2025\/06\/1751319353_WhatsApp-Image-2024-02-18-at-09.57.43-1.jpeg?fit=1600%2C1008&ssl=1","jetpack-related-posts":[{"id":72887,"url":"https:\/\/noticiasribeiraopreto.com.br\/index.php\/2025\/06\/22\/defesa-civil-emite-alerta-para-temporais-e-frio-intenso-no-estado-de-sp-veja-regioes\/","url_meta":{"origin":73356,"position":0},"title":"Defesa Civil emite alerta para temporais e frio intenso no estado de SP; Veja regi\u00f5es","author":"noticiasribeiraopreto.com.br","date":"22 de June de 2025","format":false,"excerpt":"A Defesa Civil do Estado de S\u00e3o Paulo emitiu, neste domingo (22), um alerta v\u00e1lido para todo o territ\u00f3rio paulista devido \u00e0 aproxima\u00e7\u00e3o e passagem\u00a0uma frente fria prevista nesta segunda-feira (23), que dever\u00e1 provocar fortes chuvas. Na sequ\u00eancia, est\u00e1 prevista queda acentuada na temperatura, com m\u00ednima de 3\u00b0C em algumas\u2026","rel":"","context":"In &quot;Not\u00edcias de Ribeir\u00e3o Preto-SP e Regi\u00e3o&quot;","block_context":{"text":"Not\u00edcias de Ribeir\u00e3o Preto-SP e Regi\u00e3o","link":"https:\/\/noticiasribeiraopreto.com.br\/index.php\/category\/noticias-de-ribeirao-preto-sp-e-regiao-ismael-colosi\/"},"img":{"alt_text":"","src":"https:\/\/i0.wp.com\/noticiasribeiraopreto.com.br\/wp-content\/uploads\/2025\/06\/chuva_sexta_08_2024-12-30_19-10-10_jpg_2024-12-30_19-10-11-scaled.webp.webp?fit=1200%2C800&ssl=1&resize=350%2C200","width":350,"height":200,"srcset":"https:\/\/i0.wp.com\/noticiasribeiraopreto.com.br\/wp-content\/uploads\/2025\/06\/chuva_sexta_08_2024-12-30_19-10-10_jpg_2024-12-30_19-10-11-scaled.webp.webp?fit=1200%2C800&ssl=1&resize=350%2C200 1x, https:\/\/i0.wp.com\/noticiasribeiraopreto.com.br\/wp-content\/uploads\/2025\/06\/chuva_sexta_08_2024-12-30_19-10-10_jpg_2024-12-30_19-10-11-scaled.webp.webp?fit=1200%2C800&ssl=1&resize=525%2C300 1.5x, https:\/\/i0.wp.com\/noticiasribeiraopreto.com.br\/wp-content\/uploads\/2025\/06\/chuva_sexta_08_2024-12-30_19-10-10_jpg_2024-12-30_19-10-11-scaled.webp.webp?fit=1200%2C800&ssl=1&resize=700%2C400 2x, https:\/\/i0.wp.com\/noticiasribeiraopreto.com.br\/wp-content\/uploads\/2025\/06\/chuva_sexta_08_2024-12-30_19-10-10_jpg_2024-12-30_19-10-11-scaled.webp.webp?fit=1200%2C800&ssl=1&resize=1050%2C600 3x"},"classes":[]},{"id":64761,"url":"https:\/\/noticiasribeiraopreto.com.br\/index.php\/2025\/03\/12\/nova-frente-fria-traz-chuva-e-queda-de-temperatura-para-o-estado-de-sp-veja-quando\/","url_meta":{"origin":73356,"position":1},"title":"Nova frente fria traz chuva e queda de temperatura para o estado de SP; Veja quando","author":"noticiasribeiraopreto.com.br","date":"12 de March de 2025","format":false,"excerpt":"Uma nova frente fria dever\u00e1 trazer pancadas de chuva e provocar a queda da temperatura em grande parte do estado de S\u00e3o Paulo nos pr\u00f3ximos dias. Segundo a Meteored, entre o s\u00e1bado (15) e o domingo (16), a frente fria ser\u00e1 impulsionada por um ciclone e ir\u00e1 reorganizar o tempo\u2026","rel":"","context":"In &quot;Not\u00edcias de Ribeir\u00e3o Preto-SP e Regi\u00e3o&quot;","block_context":{"text":"Not\u00edcias de Ribeir\u00e3o Preto-SP e Regi\u00e3o","link":"https:\/\/noticiasribeiraopreto.com.br\/index.php\/category\/noticias-de-ribeirao-preto-sp-e-regiao-ismael-colosi\/"},"img":{"alt_text":"","src":"https:\/\/i0.wp.com\/noticiasribeiraopreto.com.br\/wp-content\/uploads\/2024\/08\/WhatsApp-Image-2024-07-13-at-19.42.17_2024-07-13_22-42-51_jpeg_2024-07-13_22-42-51.webp.webp?fit=1200%2C553&ssl=1&resize=350%2C200","width":350,"height":200,"srcset":"https:\/\/i0.wp.com\/noticiasribeiraopreto.com.br\/wp-content\/uploads\/2024\/08\/WhatsApp-Image-2024-07-13-at-19.42.17_2024-07-13_22-42-51_jpeg_2024-07-13_22-42-51.webp.webp?fit=1200%2C553&ssl=1&resize=350%2C200 1x, https:\/\/i0.wp.com\/noticiasribeiraopreto.com.br\/wp-content\/uploads\/2024\/08\/WhatsApp-Image-2024-07-13-at-19.42.17_2024-07-13_22-42-51_jpeg_2024-07-13_22-42-51.webp.webp?fit=1200%2C553&ssl=1&resize=525%2C300 1.5x, https:\/\/i0.wp.com\/noticiasribeiraopreto.com.br\/wp-content\/uploads\/2024\/08\/WhatsApp-Image-2024-07-13-at-19.42.17_2024-07-13_22-42-51_jpeg_2024-07-13_22-42-51.webp.webp?fit=1200%2C553&ssl=1&resize=700%2C400 2x, https:\/\/i0.wp.com\/noticiasribeiraopreto.com.br\/wp-content\/uploads\/2024\/08\/WhatsApp-Image-2024-07-13-at-19.42.17_2024-07-13_22-42-51_jpeg_2024-07-13_22-42-51.webp.webp?fit=1200%2C553&ssl=1&resize=1050%2C600 3x"},"classes":[]},{"id":78837,"url":"https:\/\/noticiasribeiraopreto.com.br\/index.php\/2025\/10\/19\/defesa-civil-emite-alerta-para-frio-intenso-em-ribeirao-preto-com-minima-de-12o\/","url_meta":{"origin":73356,"position":2},"title":"Defesa Civil emite alerta para frio intenso em Ribeir\u00e3o Preto com m\u00ednima de 12\u00ba","author":"noticiasribeiraopreto.com.br","date":"19 de October de 2025","format":false,"excerpt":"A Defesa Civil do Estado de S\u00e3o Paulo emitiu alerta de frio intenso para Ribeir\u00e3o Preto e cidades da regi\u00e3o. Segundo o Centro de Gerenciamento de Emerg\u00eancias (CGE), a m\u00ednima prevista para a cidade nos pr\u00f3ximos dias \u00e9 de 12\u00b0C, valor incomum para esta \u00e9poca da primavera. Outras cidades pr\u00f3ximas,\u2026","rel":"","context":"In &quot;Not\u00edcias de Ribeir\u00e3o Preto-SP e Regi\u00e3o&quot;","block_context":{"text":"Not\u00edcias de Ribeir\u00e3o Preto-SP e Regi\u00e3o","link":"https:\/\/noticiasribeiraopreto.com.br\/index.php\/category\/noticias-de-ribeirao-preto-sp-e-regiao-ismael-colosi\/"},"img":{"alt_text":"","src":"https:\/\/i0.wp.com\/noticiasribeiraopreto.com.br\/wp-content\/uploads\/2025\/10\/WhatsApp-Image-2024-02-18-at-09.57.43-1.jpeg?fit=1200%2C756&ssl=1&resize=350%2C200","width":350,"height":200,"srcset":"https:\/\/i0.wp.com\/noticiasribeiraopreto.com.br\/wp-content\/uploads\/2025\/10\/WhatsApp-Image-2024-02-18-at-09.57.43-1.jpeg?fit=1200%2C756&ssl=1&resize=350%2C200 1x, https:\/\/i0.wp.com\/noticiasribeiraopreto.com.br\/wp-content\/uploads\/2025\/10\/WhatsApp-Image-2024-02-18-at-09.57.43-1.jpeg?fit=1200%2C756&ssl=1&resize=525%2C300 1.5x, https:\/\/i0.wp.com\/noticiasribeiraopreto.com.br\/wp-content\/uploads\/2025\/10\/WhatsApp-Image-2024-02-18-at-09.57.43-1.jpeg?fit=1200%2C756&ssl=1&resize=700%2C400 2x, https:\/\/i0.wp.com\/noticiasribeiraopreto.com.br\/wp-content\/uploads\/2025\/10\/WhatsApp-Image-2024-02-18-at-09.57.43-1.jpeg?fit=1200%2C756&ssl=1&resize=1050%2C600 3x"},"classes":[]},{"id":72926,"url":"https:\/\/noticiasribeiraopreto.com.br\/index.php\/2025\/06\/23\/jornal-da-franca-defesa-civil-alerta-para-temporal-e-frio-intenso-que-podem-atingir-franca-e-regiao\/","url_meta":{"origin":73356,"position":3},"title":"Jornal da Franca &#8211; Defesa Civil alerta para temporal e frio intenso que podem atingir Franca e regi\u00e3o","author":"noticiasribeiraopreto.com.br","date":"23 de June de 2025","format":false,"excerpt":"compartilhar no whatsapp compartilhar no telegram compartilhar no facebook compartilhar no linkedin Frente fria chega nesta segunda (23) e trar\u00e1 fortes chuvas, ventos e risco de granizo; temperaturas podem chegar a 3\u202f\u00b0C nos pr\u00f3ximos dias A Defesa Civil do Estado de S\u00e3o Paulo alerta para a aproxima\u00e7\u00e3o e passagem de\u2026","rel":"","context":"In &quot;Not\u00edcias de Franca-SP&quot;","block_context":{"text":"Not\u00edcias de Franca-SP","link":"https:\/\/noticiasribeiraopreto.com.br\/index.php\/category\/noticias-de-ribeirao-preto-sp-e-regiao-ismael-colosi\/noticias-franca-sp\/"},"img":{"alt_text":"","src":"https:\/\/i0.wp.com\/noticiasribeiraopreto.com.br\/wp-content\/uploads\/2025\/06\/young-girl-with-face-mask-visiting-the-christmas-market.jpg?fit=1000%2C667&ssl=1&resize=350%2C200","width":350,"height":200,"srcset":"https:\/\/i0.wp.com\/noticiasribeiraopreto.com.br\/wp-content\/uploads\/2025\/06\/young-girl-with-face-mask-visiting-the-christmas-market.jpg?fit=1000%2C667&ssl=1&resize=350%2C200 1x, https:\/\/i0.wp.com\/noticiasribeiraopreto.com.br\/wp-content\/uploads\/2025\/06\/young-girl-with-face-mask-visiting-the-christmas-market.jpg?fit=1000%2C667&ssl=1&resize=525%2C300 1.5x, https:\/\/i0.wp.com\/noticiasribeiraopreto.com.br\/wp-content\/uploads\/2025\/06\/young-girl-with-face-mask-visiting-the-christmas-market.jpg?fit=1000%2C667&ssl=1&resize=700%2C400 2x"},"classes":[]},{"id":77172,"url":"https:\/\/noticiasribeiraopreto.com.br\/index.php\/2025\/09\/12\/defesa-civil-alerta-para-massa-de-ar-seco-e-frente-fria-em-sp-veja-a-previsao\/","url_meta":{"origin":73356,"position":4},"title":"Defesa Civil alerta para massa de ar seco e frente fria em SP; Veja a previs\u00e3o","author":"noticiasribeiraopreto.com.br","date":"12 de September de 2025","format":false,"excerpt":"A Defesa Civil informou que entre sexta-feira (12) e domingo (14) uma parte do Estado de S\u00e3o Paulo segue com temperaturas elevadas por conta de uma massa de ar seco. No entanto, algumas regi\u00f5es registrar\u00e3o queda na temperatura por conta de uma frente fria. Massa de ar seco Nos pr\u00f3ximos\u2026","rel":"","context":"In &quot;Not\u00edcias de Ribeir\u00e3o Preto-SP e Regi\u00e3o&quot;","block_context":{"text":"Not\u00edcias de Ribeir\u00e3o Preto-SP e Regi\u00e3o","link":"https:\/\/noticiasribeiraopreto.com.br\/index.php\/category\/noticias-de-ribeirao-preto-sp-e-regiao-ismael-colosi\/"},"img":{"alt_text":"","src":"https:\/\/i0.wp.com\/noticiasribeiraopreto.com.br\/wp-content\/uploads\/2025\/09\/ribeirao-preto-aerea_2025-09-12_20-27-53.webp.webp?fit=1200%2C800&ssl=1&resize=350%2C200","width":350,"height":200,"srcset":"https:\/\/i0.wp.com\/noticiasribeiraopreto.com.br\/wp-content\/uploads\/2025\/09\/ribeirao-preto-aerea_2025-09-12_20-27-53.webp.webp?fit=1200%2C800&ssl=1&resize=350%2C200 1x, https:\/\/i0.wp.com\/noticiasribeiraopreto.com.br\/wp-content\/uploads\/2025\/09\/ribeirao-preto-aerea_2025-09-12_20-27-53.webp.webp?fit=1200%2C800&ssl=1&resize=525%2C300 1.5x, https:\/\/i0.wp.com\/noticiasribeiraopreto.com.br\/wp-content\/uploads\/2025\/09\/ribeirao-preto-aerea_2025-09-12_20-27-53.webp.webp?fit=1200%2C800&ssl=1&resize=700%2C400 2x, https:\/\/i0.wp.com\/noticiasribeiraopreto.com.br\/wp-content\/uploads\/2025\/09\/ribeirao-preto-aerea_2025-09-12_20-27-53.webp.webp?fit=1200%2C800&ssl=1&resize=1050%2C600 3x"},"classes":[]},{"id":51663,"url":"https:\/\/noticiasribeiraopreto.com.br\/index.php\/2024\/05\/29\/segunda-onda-de-frio-chega-ao-estado-de-sp-e-derruba-as-temperaturas\/","url_meta":{"origin":73356,"position":5},"title":"Segunda onda de frio chega ao estado de SP e derruba as temperaturas","author":"noticiasribeiraopreto.com.br","date":"29 de May de 2024","format":false,"excerpt":"A segunda onda de frio de 2024 come\u00e7ou a se formar e deve derrubar as temperaturas no estado S\u00e3o Paulo, a apartir da noite desta ter\u00e7a-feira (28). De acordo com os meteorologistas, ap\u00f3s a forma\u00e7\u00e3o de ciclone extratropical e sua frente fria na segunda (27), a alta p\u00f3s frontal avan\u00e7ar\u00e1\u2026","rel":"","context":"In &quot;Not\u00edcias de Ribeir\u00e3o Preto-SP e Regi\u00e3o&quot;","block_context":{"text":"Not\u00edcias de Ribeir\u00e3o Preto-SP e Regi\u00e3o","link":"https:\/\/noticiasribeiraopreto.com.br\/index.php\/category\/noticias-de-ribeirao-preto-sp-e-regiao-ismael-colosi\/"},"img":{"alt_text":"","src":"https:\/\/i0.wp.com\/noticiasribeiraopreto.com.br\/wp-content\/uploads\/2024\/04\/AnyConv.com__frio.webp.webp?fit=1200%2C800&ssl=1&resize=350%2C200","width":350,"height":200,"srcset":"https:\/\/i0.wp.com\/noticiasribeiraopreto.com.br\/wp-content\/uploads\/2024\/04\/AnyConv.com__frio.webp.webp?fit=1200%2C800&ssl=1&resize=350%2C200 1x, https:\/\/i0.wp.com\/noticiasribeiraopreto.com.br\/wp-content\/uploads\/2024\/04\/AnyConv.com__frio.webp.webp?fit=1200%2C800&ssl=1&resize=525%2C300 1.5x, https:\/\/i0.wp.com\/noticiasribeiraopreto.com.br\/wp-content\/uploads\/2024\/04\/AnyConv.com__frio.webp.webp?fit=1200%2C800&ssl=1&resize=700%2C400 2x, https:\/\/i0.wp.com\/noticiasribeiraopreto.com.br\/wp-content\/uploads\/2024\/04\/AnyConv.com__frio.webp.webp?fit=1200%2C800&ssl=1&resize=1050%2C600 3x"},"classes":[]}],"jetpack_sharing_enabled":true,"jetpack_shortlink":"https:\/\/wp.me\/peQAOb-j5a","_links":{"self":[{"href":"https:\/\/noticiasribeiraopreto.com.br\/index.php\/wp-json\/wp\/v2\/posts\/73356","targetHints":{"allow":["GET"]}}],"collection":[{"href":"https:\/\/noticiasribeiraopreto.com.br\/index.php\/wp-json\/wp\/v2\/posts"}],"about":[{"href":"https:\/\/noticiasribeiraopreto.com.br\/index.php\/wp-json\/wp\/v2\/types\/post"}],"author":[{"embeddable":true,"href":"https:\/\/noticiasribeiraopreto.com.br\/index.php\/wp-json\/wp\/v2\/users\/1"}],"replies":[{"embeddable":true,"href":"https:\/\/noticiasribeiraopreto.com.br\/index.php\/wp-json\/wp\/v2\/comments?post=73356"}],"version-history":[{"count":0,"href":"https:\/\/noticiasribeiraopreto.com.br\/index.php\/wp-json\/wp\/v2\/posts\/73356\/revisions"}],"wp:featuredmedia":[{"embeddable":true,"href":"https:\/\/noticiasribeiraopreto.com.br\/index.php\/wp-json\/wp\/v2\/media\/73357"}],"wp:attachment":[{"href":"https:\/\/noticiasribeiraopreto.com.br\/index.php\/wp-json\/wp\/v2\/media?parent=73356"}],"wp:term":[{"taxonomy":"category","embeddable":true,"href":"https:\/\/noticiasribeiraopreto.com.br\/index.php\/wp-json\/wp\/v2\/categories?post=73356"},{"taxonomy":"post_tag","embeddable":true,"href":"https:\/\/noticiasribeiraopreto.com.br\/index.php\/wp-json\/wp\/v2\/tags?post=73356"}],"curies":[{"name":"wp","href":"https:\/\/api.w.org\/{rel}","templated":true}]}}