{"id":73358,"date":"2025-06-30T18:43:25","date_gmt":"2025-06-30T21:43:25","guid":{"rendered":"https:\/\/noticiasribeiraopreto.com.br\/index.php\/2025\/06\/30\/governo-anuncia-r-782-bi-para-o-plano-safra-da-agricultura-familiar-2025-2026\/"},"modified":"2025-06-30T18:43:25","modified_gmt":"2025-06-30T21:43:25","slug":"governo-anuncia-r-782-bi-para-o-plano-safra-da-agricultura-familiar-2025-2026","status":"publish","type":"post","link":"https:\/\/noticiasribeiraopreto.com.br\/index.php\/2025\/06\/30\/governo-anuncia-r-782-bi-para-o-plano-safra-da-agricultura-familiar-2025-2026\/","title":{"rendered":"Governo anuncia R$ 78,2 bi para o Plano Safra da Agricultura Familiar 2025\/2026"},"content":{"rendered":"<div class='code-block code-block-1' style='margin: 8px 0 8px auto; text-align: right; display: block; clear: both;'>\n<p><a href=\"https:\/\/wa.link\/vpicfd\"><img data-recalc-dims=\"1\" class=\"wp-image-4922\" style=\"aspect-ratio: 2.0253164556962027; width: 561px; height: auto;\" src=\"https:\/\/i0.wp.com\/ismaelcolosi.com.br\/wp-content\/uploads\/2023\/11\/grupo-de-empregos-whatsapp-e-facebook-ismael-colosi-vagas.jpg?ssl=1\" alt=\"\" \/><\/a><\/p>\n<!-- \/wp:image -->\n<\/div>\n<p> <br \/>\n<\/p>\n<div>\n<p>O governo federal anunciou nesta segunda-feira (30), o <strong>Plano Safra da Agricultura Familiar 2025\/2026<\/strong>, com um <strong>volume recorde de R$ 78,2 bilh\u00f5es <\/strong>em cr\u00e9dito pelo <strong>Pronaf (Programa Nacional de Fortalecimento da Agricultura Familiar)<\/strong>. A cerimonia de lan\u00e7amento aconteceu no Pal\u00e1cio do Planalto, em Bras\u00edlia-DF.<\/p>\n<p>O valor representa um <strong>aumento de 2,89% em rela\u00e7\u00e3o \u00e0 safra anterior<\/strong>, que foi de R$ 76 bilh\u00f5es, e, segundo o Planalto, \u00e9 o maior j\u00e1 registrado na s\u00e9rie hist\u00f3rica.<\/p>\n<figure class=\"wp-block-pullquote\">\n<blockquote>\n<p>Al\u00e9m do valor recorde, conseguimos manter taxas de juros acess\u00edveis, especialmente para a produ\u00e7\u00e3o de alimentos essenciais, mesmo em um cen\u00e1rio econ\u00f4mico desafiador, garantindo que o agricultor familiar tenha condi\u00e7\u00f5es justas de financiamento<\/p>\n<p><cite>afirmou o ministro do Desenvolvimento Agr\u00e1rio e Agricultura Familiar, Paulo Teixeira.<\/cite><\/p><\/blockquote>\n<\/figure>\n<p><mark style=\"background-color:#fcb900\" class=\"has-inline-color\">Somadas todas as pol\u00edticas de apoio, <strong>o total a ser ofertado pelo governo para os pequenos produtores chega a R$ 89 bilh\u00f5es<\/strong><\/mark>, ante R$ 85,7 bilh\u00f5es registrados na temporada passada.<\/p>\n<p>A cifra inclui os recursos do <strong>Pronaf<\/strong>, <strong>pol\u00edticas de cr\u00e9dito rural<\/strong>, <strong>compras p\u00fablicas (R$ 3,7 bilh\u00f5es)<\/strong>, <strong>seguro agr\u00edcola (R$ 5,7 bilh\u00f5es pelo Proagro Mais)<\/strong>, <strong>assist\u00eancia t\u00e9cnica (R$ 240 milh\u00f5es)<\/strong> e <strong>garantia de pre\u00e7o m\u00ednimo (R$ 1,1 bilh\u00e3o para garantia-safra)<\/strong>.<\/p>\n<p>Outros R$ 42,2 milh\u00f5es foram direcionados para o <strong>PGPM-Bio<\/strong> <strong>(Pol\u00edtica de Garantia de Pre\u00e7os M\u00ednimos para Produtos da Sociobiodiversidade)<\/strong>.<\/p>\n<h2 class=\"wp-block-heading\"><strong>Taxas de juros<\/strong><\/h2>\n<p>As taxas de juros da a<strong>gricultura familiar <\/strong>variam de <strong>0,5% ao ano<\/strong> a <strong>8% ao ano<\/strong> para os financiamentos da <strong>pr\u00f3xima safra,<\/strong> conforme as modalidades de investimento e porte de produtor. <mark style=\"background-color:#fcb900\" class=\"has-inline-color\">Na safra atual, as taxas variam de 0,5% ao ano a 6% ao ano<\/mark>.<\/p>\n<p><strong>O aumento das taxas de juros foi de at\u00e9 dois pontos porcentuais<\/strong>. O governo manteve as taxas de juros em 3% ao ano, para custeio de agricultores familiares que produzam <strong>alimentos como arroz<\/strong>, <strong>feij\u00e3o<\/strong>, <strong>mandioca<\/strong>, <strong>frutas<\/strong>, <strong>verduras<\/strong>, <strong>leite <\/strong>e <strong>ovos<\/strong>.<\/p>\n<h3 class=\"wp-block-heading\"><strong>Maior incentivo<\/strong><\/h3>\n<p>Agricultores que optarem pela<strong> produ\u00e7\u00e3o sustent\u00e1vel de alimentos org\u00e2nicos<\/strong>, <strong>produtos da sociobiodiversidade<\/strong>, <strong>bioeconomia <\/strong>ou <strong>agroecologia <\/strong>ter\u00e3o incentivo maior, taxa de juro de 2% ao ano nas linhas de custeio, inalteradas ante o <strong>Plano Safra atual<\/strong>.<\/p>\n<p>Essa era uma das prioridades do <strong>Minist\u00e9rio do Desenvolvimento Agr\u00e1rio<\/strong> na constru\u00e7\u00e3o do <strong>Plano Safra da agricultura familiar<\/strong> j\u00e1 que \u00e9 uma linha considerada estrat\u00e9gica.<\/p>\n<p>Tamb\u00e9m foi mantida a taxa de juros de 3% para o Pronaf Investimento nas linhas de cr\u00e9dito do Pronaf Floresta, Pronaf Jovem, Pronaf Agroecologia, Pronaf Bioeconomia, Pronaf Conviv\u00eancia com o Semi\u00e1rido, Pronaf Produtivo Orientado e inclus\u00e3o de avicultura, ovinocultura e caprinocultura, conectividade no campo e equipamentos dentre os investimentos poss\u00edveis.<\/p>\n<p><em>*Com informa\u00e7\u00f5es de <strong>Isadora Duarte<\/strong> e <strong>Gabriel de Sousa<\/strong>, da<strong> Ag\u00eancia Estado<\/strong>.<\/em><\/p>\n<hr class=\"wp-block-separator has-alpha-channel-opacity\"\/>\n<p>SAIBA MAIS<\/p>\n<p>Ribeir\u00e3o Preto troca ou instala at\u00e9 40 postes de sinaliza\u00e7\u00e3o por m\u00eas, diz RP Mobi<\/p>\n<h2 class=\"wp-block-heading\"><strong>FIQUE ON<\/strong><\/h2>\n<p>Quer ficar por dentro de tudo que acontece em Ribeir\u00e3o Preto e regi\u00e3o? Ent\u00e3o siga os perfis do\u202facidade on\u202fno\u202f<a href=\"https:\/\/www.instagram.com\/acidadeonribeirao\" target=\"_blank\" rel=\"noreferrer noopener\">Instagram<\/a>\u202fe no\u202f<a href=\"https:\/\/www.facebook.com\/acidadeonribeirao\/\" target=\"_blank\" rel=\"noreferrer noopener\">Facebook<\/a>.<\/p>\n<p>Al\u00e9m disso, voc\u00ea pode receber as principais not\u00edcias diretamente no WhatsApp. Para isso, basta\u00a0<a href=\"https:\/\/chat.whatsapp.com\/BjKQZ9oJwlz8VVT50NuePq\" target=\"_blank\" rel=\"noreferrer noopener\">entrar no grupo clicando aqui<\/a>.<\/p>\n<p>Por fim, se quiser fazer uma den\u00fancia ou sugerir uma reportagem sobre Ribeir\u00e3o Preto e regi\u00e3o, envie uma mensagem pelo WhatsApp: (16) 99117-7802.<\/p>\n<p>VEJA TAMB\u00c9M<\/p>\n<p>Quando acontece a apura\u00e7\u00e3o do Festival de Parintins?<\/p>\n<p><!-- AI CONTENT END 1 -->\n<\/div>\n<p><script async src=\"\/\/www.instagram.com\/embed.js\"><\/script><br \/>\n<br \/><br \/>\n<br \/><a href=\"https:\/\/www.acidadeon.com\/ribeiraopreto\/politica\/governo-anuncia-r-782-bi-para-o-plano-safra-da-agricultura-familiar-2025-2026\/\">Source link <\/a><\/p>\n<!-- CONTENT END 1 -->\n","protected":false},"excerpt":{"rendered":"<p>O governo federal anunciou nesta segunda-feira (30), o Plano Safra da Agricultura Familiar 2025\/2026, com um volume recorde de R$ 78,2 bilh\u00f5es em cr\u00e9dito pelo&#8230;<\/p>\n","protected":false},"author":1,"featured_media":73359,"comment_status":"open","ping_status":"open","sticky":false,"template":"","format":"standard","meta":{"advanced_seo_description":"","jetpack_seo_html_title":"","jetpack_seo_noindex":false,"jetpack_post_was_ever_published":false,"_jetpack_newsletter_access":"","_jetpack_dont_email_post_to_subs":false,"_jetpack_newsletter_tier_id":0,"_jetpack_memberships_contains_paywalled_content":false,"_jetpack_memberships_contains_paid_content":false,"footnotes":"","jetpack_publicize_message":"","jetpack_publicize_feature_enabled":true,"jetpack_social_post_already_shared":true,"jetpack_social_options":{"image_generator_settings":{"template":"highway","default_image_id":0,"font":"","enabled":false},"version":2}},"categories":[11],"tags":[],"class_list":["post-73358","post","type-post","status-publish","format-standard","has-post-thumbnail","hentry","category-noticias-de-ribeirao-preto-sp-e-regiao-ismael-colosi"],"jetpack_publicize_connections":[],"jetpack_featured_media_url":"https:\/\/i0.wp.com\/noticiasribeiraopreto.com.br\/wp-content\/uploads\/2025\/06\/cb0058c4-826b-44b2-9005-1b14abada03c_2025-01-07_19-28-57_jpeg_2025-01-07_19-28-57.webp.webp?fit=1600%2C900&ssl=1","jetpack-related-posts":[{"id":69150,"url":"https:\/\/noticiasribeiraopreto.com.br\/index.php\/2025\/05\/02\/entenda-por-que-a-pf-esteve-na-sede-de-sindicato-em-ribeirao-preto\/","url_meta":{"origin":73358,"position":0},"title":"Entenda por que a PF esteve na sede de sindicato em Ribeir\u00e3o Preto","author":"noticiasribeiraopreto.com.br","date":"2 de May de 2025","format":false,"excerpt":"Moradores de Ribeir\u00e3o Preto registraram uma viatura da PF (Pol\u00edcia Federal) em frente ao Sindicato dos Trabalhadores nas Ind\u00fastrias da Fabrica\u00e7\u00e3o do \u00c1lcool, Etanol, Bioetanol, Biocombust\u00edvel, Qu\u00edmicas e Farmac\u00eauticas, localizado na rua Augusto Severo, na Vila Tib\u00e9rio, zona Oeste do munic\u00edpio, na tarde desta sexta-feira (2). >>>FIQUE POR DENTRO: Cooperativas\u2026","rel":"","context":"In &quot;Not\u00edcias de Ribeir\u00e3o Preto-SP e Regi\u00e3o&quot;","block_context":{"text":"Not\u00edcias de Ribeir\u00e3o Preto-SP e Regi\u00e3o","link":"https:\/\/noticiasribeiraopreto.com.br\/index.php\/category\/noticias-de-ribeirao-preto-sp-e-regiao-ismael-colosi\/"},"img":{"alt_text":"","src":"https:\/\/i0.wp.com\/noticiasribeiraopreto.com.br\/wp-content\/uploads\/2025\/05\/Copia-de-Copia-de-Copia-de-TAMANHO-EXATO-PARA-FOTOS-NO-SISTEMA-NOVO-2025-05-02T180625.014_2025-05-02_21-06-30.webp.webp?fit=1200%2C675&ssl=1&resize=350%2C200","width":350,"height":200,"srcset":"https:\/\/i0.wp.com\/noticiasribeiraopreto.com.br\/wp-content\/uploads\/2025\/05\/Copia-de-Copia-de-Copia-de-TAMANHO-EXATO-PARA-FOTOS-NO-SISTEMA-NOVO-2025-05-02T180625.014_2025-05-02_21-06-30.webp.webp?fit=1200%2C675&ssl=1&resize=350%2C200 1x, https:\/\/i0.wp.com\/noticiasribeiraopreto.com.br\/wp-content\/uploads\/2025\/05\/Copia-de-Copia-de-Copia-de-TAMANHO-EXATO-PARA-FOTOS-NO-SISTEMA-NOVO-2025-05-02T180625.014_2025-05-02_21-06-30.webp.webp?fit=1200%2C675&ssl=1&resize=525%2C300 1.5x, https:\/\/i0.wp.com\/noticiasribeiraopreto.com.br\/wp-content\/uploads\/2025\/05\/Copia-de-Copia-de-Copia-de-TAMANHO-EXATO-PARA-FOTOS-NO-SISTEMA-NOVO-2025-05-02T180625.014_2025-05-02_21-06-30.webp.webp?fit=1200%2C675&ssl=1&resize=700%2C400 2x, https:\/\/i0.wp.com\/noticiasribeiraopreto.com.br\/wp-content\/uploads\/2025\/05\/Copia-de-Copia-de-Copia-de-TAMANHO-EXATO-PARA-FOTOS-NO-SISTEMA-NOVO-2025-05-02T180625.014_2025-05-02_21-06-30.webp.webp?fit=1200%2C675&ssl=1&resize=1050%2C600 3x"},"classes":[]},{"id":69130,"url":"https:\/\/noticiasribeiraopreto.com.br\/index.php\/2025\/05\/02\/agrishow-alcanca-r-146-bilhoes-em-intencoes-de-negocios\/","url_meta":{"origin":73358,"position":1},"title":"Agrishow alcan\u00e7a R$ 14,6 bilh\u00f5es em inten\u00e7\u00f5es de neg\u00f3cios","author":"noticiasribeiraopreto.com.br","date":"2 de May de 2025","format":false,"excerpt":"A organiza\u00e7\u00e3o da Agrishow informou que alcan\u00e7ou R$ 14,6 bilh\u00f5es de inten\u00e7\u00f5es de neg\u00f3cios durante a 30\u00aa edi\u00e7\u00e3o da feira. O evento, que acontece em Ribeir\u00e3o Preto, termina nesta sexta-feira (2). O n\u00famero corresponde a um aumento de 7% em rela\u00e7\u00e3o a 2024, quando a feira alcan\u00e7ou R$ 13,6 bilh\u00f5es\u2026","rel":"","context":"In &quot;Not\u00edcias de Ribeir\u00e3o Preto-SP e Regi\u00e3o&quot;","block_context":{"text":"Not\u00edcias de Ribeir\u00e3o Preto-SP e Regi\u00e3o","link":"https:\/\/noticiasribeiraopreto.com.br\/index.php\/category\/noticias-de-ribeirao-preto-sp-e-regiao-ismael-colosi\/"},"img":{"alt_text":"","src":"https:\/\/i0.wp.com\/noticiasribeiraopreto.com.br\/wp-content\/uploads\/2025\/05\/Copia-de-Copia-de-Copia-de-TAMANHO-EXATO-PARA-FOTOS-NO-SISTEMA-NOVO-2025-05-02T152716.988_2025-05-02_18-27-21.webp.webp?fit=1200%2C675&ssl=1&resize=350%2C200","width":350,"height":200,"srcset":"https:\/\/i0.wp.com\/noticiasribeiraopreto.com.br\/wp-content\/uploads\/2025\/05\/Copia-de-Copia-de-Copia-de-TAMANHO-EXATO-PARA-FOTOS-NO-SISTEMA-NOVO-2025-05-02T152716.988_2025-05-02_18-27-21.webp.webp?fit=1200%2C675&ssl=1&resize=350%2C200 1x, https:\/\/i0.wp.com\/noticiasribeiraopreto.com.br\/wp-content\/uploads\/2025\/05\/Copia-de-Copia-de-Copia-de-TAMANHO-EXATO-PARA-FOTOS-NO-SISTEMA-NOVO-2025-05-02T152716.988_2025-05-02_18-27-21.webp.webp?fit=1200%2C675&ssl=1&resize=525%2C300 1.5x, https:\/\/i0.wp.com\/noticiasribeiraopreto.com.br\/wp-content\/uploads\/2025\/05\/Copia-de-Copia-de-Copia-de-TAMANHO-EXATO-PARA-FOTOS-NO-SISTEMA-NOVO-2025-05-02T152716.988_2025-05-02_18-27-21.webp.webp?fit=1200%2C675&ssl=1&resize=700%2C400 2x, https:\/\/i0.wp.com\/noticiasribeiraopreto.com.br\/wp-content\/uploads\/2025\/05\/Copia-de-Copia-de-Copia-de-TAMANHO-EXATO-PARA-FOTOS-NO-SISTEMA-NOVO-2025-05-02T152716.988_2025-05-02_18-27-21.webp.webp?fit=1200%2C675&ssl=1&resize=1050%2C600 3x"},"classes":[]},{"id":68657,"url":"https:\/\/noticiasribeiraopreto.com.br\/index.php\/2025\/04\/27\/na-abertura-da-agrishow-alckmin-defende-um-plano-safra-robusto-e-credito-mais-barato-para-a-industria\/","url_meta":{"origin":73358,"position":2},"title":"Na abertura da Agrishow, Alckmin defende um Plano Safra robusto e cr\u00e9dito mais barato para a ind\u00fastria","author":"noticiasribeiraopreto.com.br","date":"27 de April de 2025","format":false,"excerpt":"O vice-presidente Geraldo Alckmin (PSB) esteve presente na cerim\u00f4nia de abertura da Agrishow 2025, realizada neste domingo (27), em Ribeir\u00e3o Preto. Durante o evento, ele abordou o Plano Safra, destacando a import\u00e2ncia de um programa robusto que acompanhe o crescimento do setor agr\u00edcola. Alckmin afirmou ainda que levar\u00e1 pessoalmente ao\u2026","rel":"","context":"In &quot;Not\u00edcias de Ribeir\u00e3o Preto-SP e Regi\u00e3o&quot;","block_context":{"text":"Not\u00edcias de Ribeir\u00e3o Preto-SP e Regi\u00e3o","link":"https:\/\/noticiasribeiraopreto.com.br\/index.php\/category\/noticias-de-ribeirao-preto-sp-e-regiao-ismael-colosi\/"},"img":{"alt_text":"","src":"https:\/\/i0.wp.com\/noticiasribeiraopreto.com.br\/wp-content\/uploads\/2025\/04\/Copia-de-Copia-de-Copia-de-TAMANHO-EXATO-PARA-FOTOS-NO-SISTEMA-NOVO-20_2025-04-27_18-56-30.webp.webp?fit=1200%2C675&ssl=1&resize=350%2C200","width":350,"height":200,"srcset":"https:\/\/i0.wp.com\/noticiasribeiraopreto.com.br\/wp-content\/uploads\/2025\/04\/Copia-de-Copia-de-Copia-de-TAMANHO-EXATO-PARA-FOTOS-NO-SISTEMA-NOVO-20_2025-04-27_18-56-30.webp.webp?fit=1200%2C675&ssl=1&resize=350%2C200 1x, https:\/\/i0.wp.com\/noticiasribeiraopreto.com.br\/wp-content\/uploads\/2025\/04\/Copia-de-Copia-de-Copia-de-TAMANHO-EXATO-PARA-FOTOS-NO-SISTEMA-NOVO-20_2025-04-27_18-56-30.webp.webp?fit=1200%2C675&ssl=1&resize=525%2C300 1.5x, https:\/\/i0.wp.com\/noticiasribeiraopreto.com.br\/wp-content\/uploads\/2025\/04\/Copia-de-Copia-de-Copia-de-TAMANHO-EXATO-PARA-FOTOS-NO-SISTEMA-NOVO-20_2025-04-27_18-56-30.webp.webp?fit=1200%2C675&ssl=1&resize=700%2C400 2x, https:\/\/i0.wp.com\/noticiasribeiraopreto.com.br\/wp-content\/uploads\/2025\/04\/Copia-de-Copia-de-Copia-de-TAMANHO-EXATO-PARA-FOTOS-NO-SISTEMA-NOVO-20_2025-04-27_18-56-30.webp.webp?fit=1200%2C675&ssl=1&resize=1050%2C600 3x"},"classes":[]},{"id":69156,"url":"https:\/\/noticiasribeiraopreto.com.br\/index.php\/2025\/05\/02\/intencao-de-vendas-chega-a-r-146-bi-na-agrishow\/","url_meta":{"origin":73358,"position":3},"title":"Inten\u00e7\u00e3o de vendas chega a R$ 14,6 bi na Agrishow","author":"noticiasribeiraopreto.com.br","date":"2 de May de 2025","format":false,"excerpt":"A 30\u00aa edi\u00e7\u00e3o da Feira Internacional de Tecnologia Agr\u00edcola em A\u00e7\u00e3o (Agrishow 2025), que terminou nesta sexta-feira, 2 de maio, em Ribeir\u00e3o Preto, gerou um volume total de R$ 14,6 bilh\u00f5es em inten\u00e7\u00f5es de neg\u00f3cios, novo recorde desde 1994 e 7,35% superior aos R$ 13,6 bilh\u00f5es de 2024, acr\u00e9scimo de\u2026","rel":"","context":"In &quot;Not\u00edcias de Ribeir\u00e3o Preto-SP e Regi\u00e3o&quot;","block_context":{"text":"Not\u00edcias de Ribeir\u00e3o Preto-SP e Regi\u00e3o","link":"https:\/\/noticiasribeiraopreto.com.br\/index.php\/category\/noticias-de-ribeirao-preto-sp-e-regiao-ismael-colosi\/"},"img":{"alt_text":"","src":"https:\/\/i0.wp.com\/noticiasribeiraopreto.com.br\/wp-content\/uploads\/2025\/05\/Agrishow-Pub-Alfredo-Risk-scaled.jpg?fit=1200%2C800&ssl=1&resize=350%2C200","width":350,"height":200,"srcset":"https:\/\/i0.wp.com\/noticiasribeiraopreto.com.br\/wp-content\/uploads\/2025\/05\/Agrishow-Pub-Alfredo-Risk-scaled.jpg?fit=1200%2C800&ssl=1&resize=350%2C200 1x, https:\/\/i0.wp.com\/noticiasribeiraopreto.com.br\/wp-content\/uploads\/2025\/05\/Agrishow-Pub-Alfredo-Risk-scaled.jpg?fit=1200%2C800&ssl=1&resize=525%2C300 1.5x, https:\/\/i0.wp.com\/noticiasribeiraopreto.com.br\/wp-content\/uploads\/2025\/05\/Agrishow-Pub-Alfredo-Risk-scaled.jpg?fit=1200%2C800&ssl=1&resize=700%2C400 2x, https:\/\/i0.wp.com\/noticiasribeiraopreto.com.br\/wp-content\/uploads\/2025\/05\/Agrishow-Pub-Alfredo-Risk-scaled.jpg?fit=1200%2C800&ssl=1&resize=1050%2C600 3x"},"classes":[]},{"id":44699,"url":"https:\/\/noticiasribeiraopreto.com.br\/index.php\/2024\/03\/29\/produtores-de-16-estados-poderao-renegociar-dividas-do-credito-rural\/","url_meta":{"origin":73358,"position":4},"title":"Produtores de 16 estados poder\u00e3o renegociar d\u00edvidas do cr\u00e9dito rural","author":"noticiasribeiraopreto.com.br","date":"29 de March de 2024","format":false,"excerpt":"Produtores de 16 estados afetados por eventos clim\u00e1ticos ou pela queda de pre\u00e7os agr\u00edcolas poder\u00e3o renegociar d\u00edvidas do cr\u00e9dito rural para investimentos, autorizou nesta quinta-feira (28) o Conselho Monet\u00e1rio Nacional (CMN). Os pedidos precisam ser feitos at\u00e9 31 de maio. Em nota, o Minist\u00e9rio da Fazenda informou que a medida\u2026","rel":"","context":"In &quot;Not\u00edcias de Ribeir\u00e3o Preto-SP e Regi\u00e3o&quot;","block_context":{"text":"Not\u00edcias de Ribeir\u00e3o Preto-SP e Regi\u00e3o","link":"https:\/\/noticiasribeiraopreto.com.br\/index.php\/category\/noticias-de-ribeirao-preto-sp-e-regiao-ismael-colosi\/"},"img":{"alt_text":"","src":"https:\/\/i0.wp.com\/noticiasribeiraopreto.com.br\/wp-content\/uploads\/2024\/03\/imagem-9.jpg?fit=1170%2C700&ssl=1&resize=350%2C200","width":350,"height":200,"srcset":"https:\/\/i0.wp.com\/noticiasribeiraopreto.com.br\/wp-content\/uploads\/2024\/03\/imagem-9.jpg?fit=1170%2C700&ssl=1&resize=350%2C200 1x, https:\/\/i0.wp.com\/noticiasribeiraopreto.com.br\/wp-content\/uploads\/2024\/03\/imagem-9.jpg?fit=1170%2C700&ssl=1&resize=525%2C300 1.5x, https:\/\/i0.wp.com\/noticiasribeiraopreto.com.br\/wp-content\/uploads\/2024\/03\/imagem-9.jpg?fit=1170%2C700&ssl=1&resize=700%2C400 2x, https:\/\/i0.wp.com\/noticiasribeiraopreto.com.br\/wp-content\/uploads\/2024\/03\/imagem-9.jpg?fit=1170%2C700&ssl=1&resize=1050%2C600 3x"},"classes":[]},{"id":14682,"url":"https:\/\/noticiasribeiraopreto.com.br\/index.php\/2023\/12\/12\/justica-nega-pedido-do-safra-para-anular-assembleia-de-credores-da-americanas\/","url_meta":{"origin":73358,"position":5},"title":"Justi\u00e7a nega pedido do Safra para anular assembleia de credores da Americanas","author":"noticiasribeiraopreto.com.br","date":"12 de December de 2023","format":false,"excerpt":"A Justi\u00e7a do Rio de Janeiro negou o pedido do Banco Safra para anular a assembleia geral de credores que vai discutir o Plano de Recupera\u00e7\u00e3o Judicial da Americanas. Na peti\u00e7\u00e3o, o banco denunciava cinco tentativas de fraude no acordo e questionava a data da assembleia de credores. Para os\u2026","rel":"","context":"In &quot;Dinheiro e Investimento&quot;","block_context":{"text":"Dinheiro e Investimento","link":"https:\/\/noticiasribeiraopreto.com.br\/index.php\/category\/dinheiro-e-investimento-como-fazer-como-ganhar\/"},"img":{"alt_text":"","src":"https:\/\/i0.wp.com\/noticiasribeiraopreto.com.br\/wp-content\/uploads\/2023\/12\/Americanas-Foto-2021-Credito-Divulgacao-scaled-1-715x402.jpg?fit=715%2C402&ssl=1&resize=350%2C200","width":350,"height":200,"srcset":"https:\/\/i0.wp.com\/noticiasribeiraopreto.com.br\/wp-content\/uploads\/2023\/12\/Americanas-Foto-2021-Credito-Divulgacao-scaled-1-715x402.jpg?fit=715%2C402&ssl=1&resize=350%2C200 1x, https:\/\/i0.wp.com\/noticiasribeiraopreto.com.br\/wp-content\/uploads\/2023\/12\/Americanas-Foto-2021-Credito-Divulgacao-scaled-1-715x402.jpg?fit=715%2C402&ssl=1&resize=525%2C300 1.5x, https:\/\/i0.wp.com\/noticiasribeiraopreto.com.br\/wp-content\/uploads\/2023\/12\/Americanas-Foto-2021-Credito-Divulgacao-scaled-1-715x402.jpg?fit=715%2C402&ssl=1&resize=700%2C400 2x"},"classes":[]}],"jetpack_sharing_enabled":true,"jetpack_shortlink":"https:\/\/wp.me\/peQAOb-j5c","_links":{"self":[{"href":"https:\/\/noticiasribeiraopreto.com.br\/index.php\/wp-json\/wp\/v2\/posts\/73358","targetHints":{"allow":["GET"]}}],"collection":[{"href":"https:\/\/noticiasribeiraopreto.com.br\/index.php\/wp-json\/wp\/v2\/posts"}],"about":[{"href":"https:\/\/noticiasribeiraopreto.com.br\/index.php\/wp-json\/wp\/v2\/types\/post"}],"author":[{"embeddable":true,"href":"https:\/\/noticiasribeiraopreto.com.br\/index.php\/wp-json\/wp\/v2\/users\/1"}],"replies":[{"embeddable":true,"href":"https:\/\/noticiasribeiraopreto.com.br\/index.php\/wp-json\/wp\/v2\/comments?post=73358"}],"version-history":[{"count":0,"href":"https:\/\/noticiasribeiraopreto.com.br\/index.php\/wp-json\/wp\/v2\/posts\/73358\/revisions"}],"wp:featuredmedia":[{"embeddable":true,"href":"https:\/\/noticiasribeiraopreto.com.br\/index.php\/wp-json\/wp\/v2\/media\/73359"}],"wp:attachment":[{"href":"https:\/\/noticiasribeiraopreto.com.br\/index.php\/wp-json\/wp\/v2\/media?parent=73358"}],"wp:term":[{"taxonomy":"category","embeddable":true,"href":"https:\/\/noticiasribeiraopreto.com.br\/index.php\/wp-json\/wp\/v2\/categories?post=73358"},{"taxonomy":"post_tag","embeddable":true,"href":"https:\/\/noticiasribeiraopreto.com.br\/index.php\/wp-json\/wp\/v2\/tags?post=73358"}],"curies":[{"name":"wp","href":"https:\/\/api.w.org\/{rel}","templated":true}]}}