{"id":73527,"date":"2025-07-03T22:33:59","date_gmt":"2025-07-04T01:33:59","guid":{"rendered":"https:\/\/noticiasribeiraopreto.com.br\/index.php\/2025\/07\/03\/henrique-e-juliano-anunciam-show-em-ribeirao-preto-veja-quando\/"},"modified":"2025-07-03T22:33:59","modified_gmt":"2025-07-04T01:33:59","slug":"henrique-e-juliano-anunciam-show-em-ribeirao-preto-veja-quando","status":"publish","type":"post","link":"https:\/\/noticiasribeiraopreto.com.br\/index.php\/2025\/07\/03\/henrique-e-juliano-anunciam-show-em-ribeirao-preto-veja-quando\/","title":{"rendered":"Henrique e Juliano anunciam show em Ribeir\u00e3o Preto; veja quando"},"content":{"rendered":"<div class='code-block code-block-1' style='margin: 8px 0 8px auto; text-align: right; display: block; clear: both;'>\n<p><a href=\"https:\/\/wa.link\/vpicfd\"><img data-recalc-dims=\"1\" class=\"wp-image-4922\" style=\"aspect-ratio: 2.0253164556962027; width: 561px; height: auto;\" src=\"https:\/\/i0.wp.com\/ismaelcolosi.com.br\/wp-content\/uploads\/2023\/11\/grupo-de-empregos-whatsapp-e-facebook-ismael-colosi-vagas.jpg?ssl=1\" alt=\"\" \/><\/a><\/p>\n<!-- \/wp:image -->\n<\/div>\n<p> <br \/>\n<\/p>\n<p>A dupla <strong>Henrique e Juliano confirmou nesta quinta-feira (3) um show em Ribeir\u00e3o Preto<\/strong>, marcado para o dia 13 de setembro de 2025. <strong>Eles divulgaram a informa\u00e7\u00e3o pelas redes sociais oficiais<\/strong>.<\/p>\n<ul class=\"wp-block-list\">\n<li><strong>FIQUE POR DENTRO &#8211; Dia 9 de julho \u00e9 feriado no interior de SP? Veja o que significa a data<\/strong><\/li>\n<\/ul>\n<p>Os f\u00e3s poder\u00e3o comprar os ingressos a partir da pr\u00f3xima quinta-feira (10), \u00e0s 12h, pelo site &#8211; <a href=\"https:\/\/www.guicheweb.com.br\/\">clique aqui<\/a>. <strong>O local do show ainda n\u00e3o foi divulgado.<\/strong><\/p>\n<p><strong>Henrique e Juliano realizaram a \u00faltima apresenta\u00e7\u00e3o na cidade em agosto de 2024.<\/strong><\/p>\n<hr class=\"wp-block-separator has-alpha-channel-opacity\" \/>\n<p>SAIBA MAIS<\/p>\n<p>Clube da Viola grava DVD de 30 anos com participa\u00e7\u00f5es especiais em Ribeir\u00e3o Preto<\/p>\n<p><strong>FIQUE ON<\/strong><\/p>\n<p>Quer ficar por dentro de tudo que acontece em Ribeir\u00e3o Preto e regi\u00e3o? Ent\u00e3o siga os perfis do\u202facidade on\u202fno\u202f<a href=\"https:\/\/www.instagram.com\/acidadeonribeirao\" target=\"_blank\" rel=\"noreferrer noopener\">Instagram<\/a>\u202fe no\u202f<a href=\"https:\/\/www.facebook.com\/acidadeonribeirao\/\" target=\"_blank\" rel=\"noreferrer noopener\">Facebook<\/a>.<\/p>\n<p>Al\u00e9m disso, voc\u00ea pode receber as principais not\u00edcias diretamente no WhatsApp. Para isso, basta&nbsp;<a href=\"https:\/\/chat.whatsapp.com\/BjKQZ9oJwlz8VVT50NuePq\" target=\"_blank\" rel=\"noreferrer noopener\">entrar no grupo clicando aqui<\/a>.<\/p>\n<p>Por fim, se quiser fazer uma den\u00fancia ou sugerir uma reportagem sobre Ribeir\u00e3o Preto e regi\u00e3o, envie uma mensagem pelo WhatsApp: (16) 99117-7802.<\/p>\n<p>VEJA TAMB\u00c9M<\/p>\n<p>Por que Hugo Calderano foi impedido de viajar aos EUA?<\/p>\n<p>O post Henrique e Juliano anunciam show em Ribeir\u00e3o Preto; veja quando apareceu primeiro em ACidade ON Ribeir\u00e3o Preto.<\/p>\n<p><script async src=\"\/\/www.instagram.com\/embed.js\"><\/script><br \/>\n<br \/><br \/>\n<br \/><a href=\"https:\/\/www.acidadeon.com\/ribeiraopreto\/lazer-e-cultura\/henriquee-juliano-anunciam-show-em-ribeirao-preto-veja-quando\/\">Source link <\/a><\/p>\n<!-- CONTENT END 1 -->\n","protected":false},"excerpt":{"rendered":"<p>A dupla Henrique e Juliano confirmou nesta quinta-feira (3) um show em Ribeir\u00e3o Preto, marcado para o dia 13 de setembro de 2025. Eles divulgaram&#8230;<\/p>\n","protected":false},"author":1,"featured_media":73528,"comment_status":"open","ping_status":"open","sticky":false,"template":"","format":"standard","meta":{"advanced_seo_description":"","jetpack_seo_html_title":"","jetpack_seo_noindex":false,"jetpack_post_was_ever_published":false,"_jetpack_newsletter_access":"","_jetpack_dont_email_post_to_subs":false,"_jetpack_newsletter_tier_id":0,"_jetpack_memberships_contains_paywalled_content":false,"_jetpack_memberships_contains_paid_content":false,"footnotes":"","jetpack_publicize_message":"","jetpack_publicize_feature_enabled":true,"jetpack_social_post_already_shared":true,"jetpack_social_options":{"image_generator_settings":{"template":"highway","default_image_id":0,"font":"","enabled":false},"version":2}},"categories":[11],"tags":[],"class_list":["post-73527","post","type-post","status-publish","format-standard","has-post-thumbnail","hentry","category-noticias-de-ribeirao-preto-sp-e-regiao-ismael-colosi"],"jetpack_publicize_connections":[],"jetpack_featured_media_url":"https:\/\/i0.wp.com\/noticiasribeiraopreto.com.br\/wp-content\/uploads\/2025\/07\/entretenimento-henrique-juliano-musica-sertaneja-1714194436_2024-08-10_15-04-48_jpeg_2024-08-10_15-04-48.webp.webp?fit=1600%2C1067&ssl=1","jetpack-related-posts":[{"id":49304,"url":"https:\/\/noticiasribeiraopreto.com.br\/index.php\/2024\/05\/09\/saiba-onde-comprar-ingresso-para-o-show-de-henrique-e-juliano-em-ribeirao-preto\/","url_meta":{"origin":73527,"position":0},"title":"Saiba onde comprar ingresso para o show de Henrique e Juliano em Ribeir\u00e3o Preto","author":"noticiasribeiraopreto.com.br","date":"9 de May de 2024","format":false,"excerpt":"O in\u00edcio da venda de ingressos para o show da dupla sertaneja Henrique e Juliano, que acontece em Ribeir\u00e3o Preto no dia 10 de agosto, j\u00e1 tem data e locais definidos. O an\u00fancio feito pela organiza\u00e7\u00e3o do evento, no fim da tarde desta quinta-feira (9), \u00e9 de que as vendas\u2026","rel":"","context":"In &quot;Not\u00edcias de Ribeir\u00e3o Preto-SP e Regi\u00e3o&quot;","block_context":{"text":"Not\u00edcias de Ribeir\u00e3o Preto-SP e Regi\u00e3o","link":"https:\/\/noticiasribeiraopreto.com.br\/index.php\/category\/noticias-de-ribeirao-preto-sp-e-regiao-ismael-colosi\/"},"img":{"alt_text":"","src":"https:\/\/i0.wp.com\/noticiasribeiraopreto.com.br\/wp-content\/uploads\/2024\/05\/AnyConv.com__438241396_18435220777049984_331597487909274022_n_2024-05-09_22-01-45.webp.webp?fit=1200%2C675&ssl=1&resize=350%2C200","width":350,"height":200,"srcset":"https:\/\/i0.wp.com\/noticiasribeiraopreto.com.br\/wp-content\/uploads\/2024\/05\/AnyConv.com__438241396_18435220777049984_331597487909274022_n_2024-05-09_22-01-45.webp.webp?fit=1200%2C675&ssl=1&resize=350%2C200 1x, https:\/\/i0.wp.com\/noticiasribeiraopreto.com.br\/wp-content\/uploads\/2024\/05\/AnyConv.com__438241396_18435220777049984_331597487909274022_n_2024-05-09_22-01-45.webp.webp?fit=1200%2C675&ssl=1&resize=525%2C300 1.5x, https:\/\/i0.wp.com\/noticiasribeiraopreto.com.br\/wp-content\/uploads\/2024\/05\/AnyConv.com__438241396_18435220777049984_331597487909274022_n_2024-05-09_22-01-45.webp.webp?fit=1200%2C675&ssl=1&resize=700%2C400 2x, https:\/\/i0.wp.com\/noticiasribeiraopreto.com.br\/wp-content\/uploads\/2024\/05\/AnyConv.com__438241396_18435220777049984_331597487909274022_n_2024-05-09_22-01-45.webp.webp?fit=1200%2C675&ssl=1&resize=1050%2C600 3x"},"classes":[]},{"id":48910,"url":"https:\/\/noticiasribeiraopreto.com.br\/index.php\/2024\/05\/07\/veja-onde-sera-o-show-do-henrique-e-juliano-em-ribeirao-preto\/","url_meta":{"origin":73527,"position":1},"title":"Veja onde ser\u00e1 o show do Henrique e Juliano em Ribeir\u00e3o Preto","author":"noticiasribeiraopreto.com.br","date":"7 de May de 2024","format":false,"excerpt":"A dupla sertaneja Henrique e Juliano confirmou em abril, em uma rede social, que far\u00e1 show em Ribeir\u00e3o Preto no dia 10 de agosto. Na ocasi\u00e3o, n\u00e3o foi informado o local e nem o in\u00edcio da venda de ingressos. Nesta ter\u00e7a-feira (7), a organiza\u00e7\u00e3o do evento divulgou que o show\u2026","rel":"","context":"In &quot;Not\u00edcias de Ribeir\u00e3o Preto-SP e Regi\u00e3o&quot;","block_context":{"text":"Not\u00edcias de Ribeir\u00e3o Preto-SP e Regi\u00e3o","link":"https:\/\/noticiasribeiraopreto.com.br\/index.php\/category\/noticias-de-ribeirao-preto-sp-e-regiao-ismael-colosi\/"},"img":{"alt_text":"","src":"https:\/\/i0.wp.com\/noticiasribeiraopreto.com.br\/wp-content\/uploads\/2024\/05\/Capturar_2024-05-07_16-22-17_jpg_2024-05-07_16-22-17.webp.webp?fit=748%2C404&ssl=1&resize=350%2C200","width":350,"height":200,"srcset":"https:\/\/i0.wp.com\/noticiasribeiraopreto.com.br\/wp-content\/uploads\/2024\/05\/Capturar_2024-05-07_16-22-17_jpg_2024-05-07_16-22-17.webp.webp?fit=748%2C404&ssl=1&resize=350%2C200 1x, https:\/\/i0.wp.com\/noticiasribeiraopreto.com.br\/wp-content\/uploads\/2024\/05\/Capturar_2024-05-07_16-22-17_jpg_2024-05-07_16-22-17.webp.webp?fit=748%2C404&ssl=1&resize=525%2C300 1.5x, https:\/\/i0.wp.com\/noticiasribeiraopreto.com.br\/wp-content\/uploads\/2024\/05\/Capturar_2024-05-07_16-22-17_jpg_2024-05-07_16-22-17.webp.webp?fit=748%2C404&ssl=1&resize=700%2C400 2x"},"classes":[]},{"id":73834,"url":"https:\/\/noticiasribeiraopreto.com.br\/index.php\/2025\/07\/10\/henrique-e-juliano-em-ribeirao-preto-ingressos-variam-de-r-70-a-r-760-veja-onde-comprar\/","url_meta":{"origin":73527,"position":2},"title":"Henrique e Juliano em Ribeir\u00e3o Preto: ingressos variam de R$ 70 a R$ 760; veja onde comprar","author":"noticiasribeiraopreto.com.br","date":"10 de July de 2025","format":false,"excerpt":"A dupla Henrique e Juliano confirmou um show em Ribeir\u00e3o Preto para o dia 13 de setembro de 2025. A apresenta\u00e7\u00e3o vai acontecer no Parque Permanente de Exposi\u00e7\u00f5es. O an\u00fancio foi feito na \u00faltima quinta-feira (3), por meio das redes sociais oficiais dos artistas. As vendas de ingressos come\u00e7aram nesta\u2026","rel":"","context":"In &quot;Not\u00edcias de Ribeir\u00e3o Preto-SP e Regi\u00e3o&quot;","block_context":{"text":"Not\u00edcias de Ribeir\u00e3o Preto-SP e Regi\u00e3o","link":"https:\/\/noticiasribeiraopreto.com.br\/index.php\/category\/noticias-de-ribeirao-preto-sp-e-regiao-ismael-colosi\/"},"img":{"alt_text":"","src":"https:\/\/i0.wp.com\/noticiasribeiraopreto.com.br\/wp-content\/uploads\/2025\/07\/Copia-de-Copia-de-Copia-de-TAMANHO-EXATO-PARA-FOTOS-NO-SISTEMA-NOVO-2025-07-10T145131.060_2025-07-10_17-51-51.webp.webp?fit=1200%2C675&ssl=1&resize=350%2C200","width":350,"height":200,"srcset":"https:\/\/i0.wp.com\/noticiasribeiraopreto.com.br\/wp-content\/uploads\/2025\/07\/Copia-de-Copia-de-Copia-de-TAMANHO-EXATO-PARA-FOTOS-NO-SISTEMA-NOVO-2025-07-10T145131.060_2025-07-10_17-51-51.webp.webp?fit=1200%2C675&ssl=1&resize=350%2C200 1x, https:\/\/i0.wp.com\/noticiasribeiraopreto.com.br\/wp-content\/uploads\/2025\/07\/Copia-de-Copia-de-Copia-de-TAMANHO-EXATO-PARA-FOTOS-NO-SISTEMA-NOVO-2025-07-10T145131.060_2025-07-10_17-51-51.webp.webp?fit=1200%2C675&ssl=1&resize=525%2C300 1.5x, https:\/\/i0.wp.com\/noticiasribeiraopreto.com.br\/wp-content\/uploads\/2025\/07\/Copia-de-Copia-de-Copia-de-TAMANHO-EXATO-PARA-FOTOS-NO-SISTEMA-NOVO-2025-07-10T145131.060_2025-07-10_17-51-51.webp.webp?fit=1200%2C675&ssl=1&resize=700%2C400 2x, https:\/\/i0.wp.com\/noticiasribeiraopreto.com.br\/wp-content\/uploads\/2025\/07\/Copia-de-Copia-de-Copia-de-TAMANHO-EXATO-PARA-FOTOS-NO-SISTEMA-NOVO-2025-07-10T145131.060_2025-07-10_17-51-51.webp.webp?fit=1200%2C675&ssl=1&resize=1050%2C600 3x"},"classes":[]},{"id":46278,"url":"https:\/\/noticiasribeiraopreto.com.br\/index.php\/2024\/04\/10\/henrique-e-juliano-confirmam-show-em-ribeirao-preto\/","url_meta":{"origin":73527,"position":3},"title":"Henrique e Juliano confirmam show em Ribeir\u00e3o Preto","author":"noticiasribeiraopreto.com.br","date":"10 de April de 2024","format":false,"excerpt":"A dupla sertaneja Henrique e Juliano faz show em Ribeir\u00e3o Preto no dia 10 de agosto. A confirma\u00e7\u00e3o da data est\u00e1 em uma das redes sociais dos cantores. Ainda n\u00e3o h\u00e1 informa\u00e7\u00e3o sobre o local do evento e o in\u00edcio das vendas de ingressos. Sucessos da dupla Os irm\u00e3os s\u00e3o\u2026","rel":"","context":"In &quot;Not\u00edcias de Ribeir\u00e3o Preto-SP e Regi\u00e3o&quot;","block_context":{"text":"Not\u00edcias de Ribeir\u00e3o Preto-SP e Regi\u00e3o","link":"https:\/\/noticiasribeiraopreto.com.br\/index.php\/category\/noticias-de-ribeirao-preto-sp-e-regiao-ismael-colosi\/"},"img":{"alt_text":"","src":"https:\/\/i0.wp.com\/noticiasribeiraopreto.com.br\/wp-content\/uploads\/2024\/04\/Copia-de-Copia-de-TAMANHO-EXATO-PARA-FOTOS-NO-SISTEMA-NOVO-15.jpg?fit=1200%2C675&ssl=1&resize=350%2C200","width":350,"height":200,"srcset":"https:\/\/i0.wp.com\/noticiasribeiraopreto.com.br\/wp-content\/uploads\/2024\/04\/Copia-de-Copia-de-TAMANHO-EXATO-PARA-FOTOS-NO-SISTEMA-NOVO-15.jpg?fit=1200%2C675&ssl=1&resize=350%2C200 1x, https:\/\/i0.wp.com\/noticiasribeiraopreto.com.br\/wp-content\/uploads\/2024\/04\/Copia-de-Copia-de-TAMANHO-EXATO-PARA-FOTOS-NO-SISTEMA-NOVO-15.jpg?fit=1200%2C675&ssl=1&resize=525%2C300 1.5x, https:\/\/i0.wp.com\/noticiasribeiraopreto.com.br\/wp-content\/uploads\/2024\/04\/Copia-de-Copia-de-TAMANHO-EXATO-PARA-FOTOS-NO-SISTEMA-NOVO-15.jpg?fit=1200%2C675&ssl=1&resize=700%2C400 2x, https:\/\/i0.wp.com\/noticiasribeiraopreto.com.br\/wp-content\/uploads\/2024\/04\/Copia-de-Copia-de-TAMANHO-EXATO-PARA-FOTOS-NO-SISTEMA-NOVO-15.jpg?fit=1200%2C675&ssl=1&resize=1050%2C600 3x"},"classes":[]},{"id":49670,"url":"https:\/\/noticiasribeiraopreto.com.br\/index.php\/2024\/05\/12\/confira-as-atracoes-confirmadas-para-o-show-de-henrique-e-juliano-em-ribeirao-preto\/","url_meta":{"origin":73527,"position":4},"title":"Confira as atra\u00e7\u00f5es confirmadas para o show de Henrique e Juliano em Ribeir\u00e3o Preto","author":"noticiasribeiraopreto.com.br","date":"12 de May de 2024","format":false,"excerpt":"Durante o show da dupla sertaneja Henrique e Juliano, em Ribeir\u00e3o Preto, que acontecer\u00e1 no dia 10 de agosto, v\u00e1rias atra\u00e7\u00f5es confirmaram presen\u00e7a (veja abaixo). As apresenta\u00e7\u00f5es musicais acontecer\u00e3o no Parque Permanente de Exposi\u00e7\u00f5es. Al\u00e9m dos irm\u00e3os Henrique e Juliano, se apresentam no show: Nattan Rayane e Rafaela Clayton e\u2026","rel":"","context":"In &quot;Not\u00edcias de Ribeir\u00e3o Preto-SP e Regi\u00e3o&quot;","block_context":{"text":"Not\u00edcias de Ribeir\u00e3o Preto-SP e Regi\u00e3o","link":"https:\/\/noticiasribeiraopreto.com.br\/index.php\/category\/noticias-de-ribeirao-preto-sp-e-regiao-ismael-colosi\/"},"img":{"alt_text":"","src":"https:\/\/i0.wp.com\/noticiasribeiraopreto.com.br\/wp-content\/uploads\/2024\/05\/1715545076_acidadeon_logos_Prancheta-1-copia-12_edited.jpg?fit=1199%2C1200&ssl=1&resize=350%2C200","width":350,"height":200,"srcset":"https:\/\/i0.wp.com\/noticiasribeiraopreto.com.br\/wp-content\/uploads\/2024\/05\/1715545076_acidadeon_logos_Prancheta-1-copia-12_edited.jpg?fit=1199%2C1200&ssl=1&resize=350%2C200 1x, https:\/\/i0.wp.com\/noticiasribeiraopreto.com.br\/wp-content\/uploads\/2024\/05\/1715545076_acidadeon_logos_Prancheta-1-copia-12_edited.jpg?fit=1199%2C1200&ssl=1&resize=525%2C300 1.5x, https:\/\/i0.wp.com\/noticiasribeiraopreto.com.br\/wp-content\/uploads\/2024\/05\/1715545076_acidadeon_logos_Prancheta-1-copia-12_edited.jpg?fit=1199%2C1200&ssl=1&resize=700%2C400 2x, https:\/\/i0.wp.com\/noticiasribeiraopreto.com.br\/wp-content\/uploads\/2024\/05\/1715545076_acidadeon_logos_Prancheta-1-copia-12_edited.jpg?fit=1199%2C1200&ssl=1&resize=1050%2C600 3x"},"classes":[]},{"id":50024,"url":"https:\/\/noticiasribeiraopreto.com.br\/index.php\/2024\/05\/14\/saiba-como-comprar-ingressos-para-o-show-do-henrique-e-juliano-em-ribeirao-preto\/","url_meta":{"origin":73527,"position":5},"title":"Saiba como comprar ingressos para o show do Henrique e Juliano em Ribeir\u00e3o Preto","author":"noticiasribeiraopreto.com.br","date":"14 de May de 2024","format":false,"excerpt":"As vendas de ingressos para o show do Henrique e Juliano, em Ribeir\u00e3o Preto, est\u00e3o liberadas a partir desta ter\u00e7a-feira (14). As apresenta\u00e7\u00f5es da dupla sertaneja e das atra\u00e7\u00f5es especiais (veja abaixo) acontecem no dia 10 de agosto, no Parque Permanente de Exposi\u00e7\u00f5es. Os ingressos on-line podem ser adquiridos pelo\u2026","rel":"","context":"In &quot;Not\u00edcias de Ribeir\u00e3o Preto-SP e Regi\u00e3o&quot;","block_context":{"text":"Not\u00edcias de Ribeir\u00e3o Preto-SP e Regi\u00e3o","link":"https:\/\/noticiasribeiraopreto.com.br\/index.php\/category\/noticias-de-ribeirao-preto-sp-e-regiao-ismael-colosi\/"},"img":{"alt_text":"","src":"https:\/\/i0.wp.com\/noticiasribeiraopreto.com.br\/wp-content\/uploads\/2024\/05\/henrique-e-juliano-1_2024-05-14_14-42-58_jpg_2024-05-14_14-42-58.webp.webp?fit=448%2C259&ssl=1&resize=350%2C200","width":350,"height":200},"classes":[]}],"jetpack_sharing_enabled":true,"jetpack_shortlink":"https:\/\/wp.me\/peQAOb-j7V","_links":{"self":[{"href":"https:\/\/noticiasribeiraopreto.com.br\/index.php\/wp-json\/wp\/v2\/posts\/73527","targetHints":{"allow":["GET"]}}],"collection":[{"href":"https:\/\/noticiasribeiraopreto.com.br\/index.php\/wp-json\/wp\/v2\/posts"}],"about":[{"href":"https:\/\/noticiasribeiraopreto.com.br\/index.php\/wp-json\/wp\/v2\/types\/post"}],"author":[{"embeddable":true,"href":"https:\/\/noticiasribeiraopreto.com.br\/index.php\/wp-json\/wp\/v2\/users\/1"}],"replies":[{"embeddable":true,"href":"https:\/\/noticiasribeiraopreto.com.br\/index.php\/wp-json\/wp\/v2\/comments?post=73527"}],"version-history":[{"count":0,"href":"https:\/\/noticiasribeiraopreto.com.br\/index.php\/wp-json\/wp\/v2\/posts\/73527\/revisions"}],"wp:featuredmedia":[{"embeddable":true,"href":"https:\/\/noticiasribeiraopreto.com.br\/index.php\/wp-json\/wp\/v2\/media\/73528"}],"wp:attachment":[{"href":"https:\/\/noticiasribeiraopreto.com.br\/index.php\/wp-json\/wp\/v2\/media?parent=73527"}],"wp:term":[{"taxonomy":"category","embeddable":true,"href":"https:\/\/noticiasribeiraopreto.com.br\/index.php\/wp-json\/wp\/v2\/categories?post=73527"},{"taxonomy":"post_tag","embeddable":true,"href":"https:\/\/noticiasribeiraopreto.com.br\/index.php\/wp-json\/wp\/v2\/tags?post=73527"}],"curies":[{"name":"wp","href":"https:\/\/api.w.org\/{rel}","templated":true}]}}