{"id":73531,"date":"2025-07-04T08:31:17","date_gmt":"2025-07-04T11:31:17","guid":{"rendered":"https:\/\/noticiasribeiraopreto.com.br\/index.php\/2025\/07\/04\/trabalhador-e-resgatado-na-regiao\/"},"modified":"2025-07-04T08:31:17","modified_gmt":"2025-07-04T11:31:17","slug":"trabalhador-e-resgatado-na-regiao","status":"publish","type":"post","link":"https:\/\/noticiasribeiraopreto.com.br\/index.php\/2025\/07\/04\/trabalhador-e-resgatado-na-regiao\/","title":{"rendered":"Trabalhador \u00e9 resgatado na regi\u00e3o"},"content":{"rendered":"<div class='code-block code-block-1' style='margin: 8px 0 8px auto; text-align: right; display: block; clear: both;'>\n<p><a href=\"https:\/\/wa.link\/vpicfd\"><img data-recalc-dims=\"1\" class=\"wp-image-4922\" style=\"aspect-ratio: 2.0253164556962027; width: 561px; height: auto;\" src=\"https:\/\/i0.wp.com\/ismaelcolosi.com.br\/wp-content\/uploads\/2023\/11\/grupo-de-empregos-whatsapp-e-facebook-ismael-colosi-vagas.jpg?ssl=1\" alt=\"\" \/><\/a><\/p>\n<!-- \/wp:image -->\n<\/div>\n<p> <br \/>\n<\/p>\n<div id=\"\">\n<p>\n\t\t\t\t\t\t\t\t\t<span class=\"entry-meta-item penci-posted-on\"><i class=\"fa fa-clock-o\"\/><time class=\"entry-date published\" datetime=\"2025-07-04T08:30:03-03:00\">4 de julho de 2025 08:30<\/time><time class=\"updated\" datetime=\"2025-07-03T22:16:12-03:00\">3 de julho de 2025 22:16<\/time><\/span><span class=\"entry-meta-item penci-post-countview\"><span class=\"entry-meta-item penci-post-countview penci_post-meta_item\"><i class=\"fa fa-eye\"\/><span class=\"penci-post-countview-number penci-post-countview-p430489\">9<\/span><\/span><\/span>\t\t\t\t\t\t\t\t<\/p>\n<p><!-- .entry-meta --><br \/>\n\t\t\t\t\t\t\t\t<span class=\"penci-social-buttons penci-social-share-footer\"><span class=\"penci-social-share-text\">Compartilhar<\/span><a href=\"#\" class=\"penci-post-like penci_post-meta_item  single-like-button penci-social-item like\" data-post_id=\"430489\" title=\"Like\" data-like=\"Like\" data-unlike=\"Unlike\"><i class=\"fa fa-thumbs-o-up\"\/><span class=\"penci-share-number\">0<\/span><\/a><i class=\"fa fa-facebook\"\/><a class=\"penci-social-item twitter\" target=\"_blank\" rel=\"noopener\" title=\"\" href=\"https:\/\/twitter.com\/intent\/tweet?text=Trabalhador%20\u00e9%20resgatado%20na%20regi\u00e3o%20-%20https:\/\/www.tribunaribeirao.com.br\/trabalhador-e-resgatado-na-regiao\/\"><i class=\"fa fa-twitter\"\/><\/a><i class=\"fa fa-linkedin\"\/><i class=\"fa fa-whatsapp\"\/><i class=\"fa fa-telegram\"\/><i class=\"fa fa-envelope\"\/><\/span>\t\t\t\t\t\t\t<\/div>\n<div>\n<p>Um trabalhador rural foi resgatado de condi\u00e7\u00f5es an\u00e1logas \u00e0 escravid\u00e3o no munic\u00edpio de Santo Ant\u00f4nio da Alegria, na Regi\u00e3o Metropolitana de Ribeir\u00e3o Preto, na quarta-feira, 2 de julho. Trabalhou por dez anos de maneira totalmente informal e residindo em uma moradia em condi\u00e7\u00f5es prec\u00e1rias, al\u00e9m de ter consumido \u00e1gua contaminada por agrot\u00f3xicos. A a\u00e7\u00e3o foi conduzida pelo Minist\u00e9rio P\u00fablico do Trabalho da 15\u00aa Regi\u00e3o (MPT-15).<\/p>\n<p>Provocado por den\u00fancia, o procurador Gustavo Rizzo Ricardo, representante da Coordenadoria Nacional de Erradica\u00e7\u00e3o do Trabalho Escravo e Enfrentamento ao Tr\u00e1fico de Pessoas (Conaete), se deslocou \u00e0 zona rural da cidade e constatou o il\u00edcito. O trabalhador residia em um casebre em condi\u00e7\u00f5es degradantes que ficava dentro de uma propriedade de cultivo de caf\u00e9.<\/p>\n<p>A moradia n\u00e3o possu\u00eda boas condi\u00e7\u00f5es de higiene e conforto. N\u00e3o havia forro no teto; a fia\u00e7\u00e3o el\u00e9trica era exposta, de forma a aumentar os riscos de inc\u00eandio e eletrocuss\u00e3o; e o botij\u00e3o de g\u00e1s era mantido dentro do im\u00f3vel, em desacordo com as normas de seguran\u00e7a, dentre outras irregularidades.<\/p>\n<p>O trabalhador tomava \u00e1gua proveniente de uma mina. Segundo ele, o veneno utilizado na planta\u00e7\u00e3o era descartado pr\u00f3ximo \u00e0 mina, de forma que, eventualmente, ele sentia gosto amargo na boca ao consumir a \u00e1gua, possivelmente contaminada por agrot\u00f3xicos.<\/p>\n<p>O ruralista trabalhava h\u00e1 dez anos sem carteira de trabalho assinada e ganhava por di\u00e1ria. No caso de se ausentar do trabalho, mesmo que por motivo de sa\u00fade, o trabalhador n\u00e3o recebia qualquer remunera\u00e7\u00e3o; certa vez, quando acidentou o joelho, ficou sem receber qualquer valor remunerat\u00f3rio e dependeu da ajuda de familiares para poder se alimentar.<\/p>\n<p>\u201cDurante uma d\u00e9cada, o trabalhador nunca gozou de per\u00edodo de f\u00e9rias. Ele residia em condi\u00e7\u00f5es degradantes e foi obrigado at\u00e9 a consumir \u00e1gua envenenada. Trata-se de caso flagrante de redu\u00e7\u00e3o \u00e0 condi\u00e7\u00e3o an\u00e1loga \u00e0 escravid\u00e3o, em que lhe foram subtra\u00eddos os direitos humanos e trabalhistas mais b\u00e1sicos\u201d, lamentou o procurador.<\/p>\n<p>O procurador celebrou termo de ajuste de conduta (TAC) com o empregador, pelo qual ele se comprometeu a pagar ao trabalhador o montante de R$ 50 mil em verbas rescis\u00f3rias e de R$ 10 mil a t\u00edtulo de dano moral individual, de forma parcelada. A primeira parcela j\u00e1 foi paga ao obreiro.<\/p>\n<p><strong>De volta para a casa \u2013<\/strong> O MPT acompanhou o trabalhador at\u00e9 a cidade vizinha de Altin\u00f3polis, onde foi realizada a regulamenta\u00e7\u00e3o da sua situa\u00e7\u00e3o banc\u00e1ria, a fim de viabilizar o pagamento das parcelas rescis\u00f3rias. Na noite de anteontem, o trabalhador embarcou em um \u00f4nibus rumo \u00e0 cidade de S\u00e3o Paulo, onde ficar\u00e1 hospedado na casa de um irm\u00e3o.<\/p>\n<p>\u201c\u00c9 triste verificar que a pr\u00e1tica do trabalho escravo contempor\u00e2neo ainda persiste no estado mais rico da Federa\u00e7\u00e3o, que registra o maior PIB do pa\u00eds. O Minist\u00e9rio P\u00fablico continuar\u00e1 a empreender dilig\u00eancias pelo interior de S\u00e3o Paulo a fim de reprimir essa grave viola\u00e7\u00e3o \u00e0 dignidade da pessoa humana, bem como o fomento \u00e0 cria\u00e7\u00e3o de pol\u00edticas p\u00fablicas de preven\u00e7\u00e3o \u00e0 ocorr\u00eancia dessa chaga social\u201d, finaliza Rizzo Ricardo.<\/p>\n<p>Na regi\u00e3o de Ribeir\u00e3o Preto, as den\u00fancias de trabalho an\u00e1logo \u00e0 escravid\u00e3o ca\u00edram de 45 em 2023 para 35 no ano passado, dez den\u00fancias a menos e recuo de 22,22%. O n\u00famero de audi\u00eancias extrajudiciais conduzidas por procuradores do MPT-15 saltou de 86 para 91.<\/p>\n<p>\u00a0<\/p>\n<\/div>\n<p><script async src=\"\/\/platform.twitter.com\/widgets.js\" charset=\"utf-8\"><\/script><br \/>\n<br \/><br \/>\n<br \/><a href=\"https:\/\/www.tribunaribeirao.com.br\/trabalhador-e-resgatado-na-regiao\/\">Source link <\/a><\/p>\n<!-- CONTENT END 1 -->\n","protected":false},"excerpt":{"rendered":"<p>4 de julho de 2025 08:303 de julho de 2025 22:169 Compartilhar0 Um trabalhador rural foi resgatado de condi\u00e7\u00f5es an\u00e1logas \u00e0 escravid\u00e3o no munic\u00edpio de&#8230;<\/p>\n","protected":false},"author":1,"featured_media":73532,"comment_status":"open","ping_status":"open","sticky":false,"template":"","format":"standard","meta":{"advanced_seo_description":"","jetpack_seo_html_title":"","jetpack_seo_noindex":false,"jetpack_post_was_ever_published":false,"_jetpack_newsletter_access":"","_jetpack_dont_email_post_to_subs":false,"_jetpack_newsletter_tier_id":0,"_jetpack_memberships_contains_paywalled_content":false,"_jetpack_memberships_contains_paid_content":false,"footnotes":"","jetpack_publicize_message":"","jetpack_publicize_feature_enabled":true,"jetpack_social_post_already_shared":true,"jetpack_social_options":{"image_generator_settings":{"template":"highway","default_image_id":0,"font":"","enabled":false},"version":2}},"categories":[11],"tags":[],"class_list":["post-73531","post","type-post","status-publish","format-standard","has-post-thumbnail","hentry","category-noticias-de-ribeirao-preto-sp-e-regiao-ismael-colosi"],"jetpack_publicize_connections":[],"jetpack_featured_media_url":"https:\/\/i0.wp.com\/noticiasribeiraopreto.com.br\/wp-content\/uploads\/2025\/07\/Escravo-Divulgacao-MPT-02.jpg?fit=1200%2C1600&ssl=1","jetpack-related-posts":[{"id":73283,"url":"https:\/\/noticiasribeiraopreto.com.br\/index.php\/2025\/06\/28\/museu-casa-de-portinari-tem-programacao-especial-nas-ferias-de-julho-confira\/","url_meta":{"origin":73531,"position":0},"title":"Museu Casa de Portinari tem programa\u00e7\u00e3o especial nas f\u00e9rias de julho; Confira","author":"noticiasribeiraopreto.com.br","date":"28 de June de 2025","format":false,"excerpt":"O Museu Casa de Portinari, em Brodowski, na regi\u00e3o de Ribeir\u00e3o Preto, oferece uma programa\u00e7\u00e3o especial de f\u00e9rias gratuita com oficinas, brincadeiras, jogos e espa\u00e7os de leitura. O projeto \u201cF\u00e9rias no Museu\u201d estimula a criatividade e aproxima as crian\u00e7as do universo art\u00edstico de Portinari. As atividades acontecem na esplanada do\u2026","rel":"","context":"In &quot;Not\u00edcias de Ribeir\u00e3o Preto-SP e Regi\u00e3o&quot;","block_context":{"text":"Not\u00edcias de Ribeir\u00e3o Preto-SP e Regi\u00e3o","link":"https:\/\/noticiasribeiraopreto.com.br\/index.php\/category\/noticias-de-ribeirao-preto-sp-e-regiao-ismael-colosi\/"},"img":{"alt_text":"","src":"https:\/\/i0.wp.com\/noticiasribeiraopreto.com.br\/wp-content\/uploads\/2025\/06\/5b6b7a56-6e5e-497d-8fe3-fe7aeed37d26_2025-06-28_17-41-04.webp.webp?fit=1200%2C728&ssl=1&resize=350%2C200","width":350,"height":200,"srcset":"https:\/\/i0.wp.com\/noticiasribeiraopreto.com.br\/wp-content\/uploads\/2025\/06\/5b6b7a56-6e5e-497d-8fe3-fe7aeed37d26_2025-06-28_17-41-04.webp.webp?fit=1200%2C728&ssl=1&resize=350%2C200 1x, https:\/\/i0.wp.com\/noticiasribeiraopreto.com.br\/wp-content\/uploads\/2025\/06\/5b6b7a56-6e5e-497d-8fe3-fe7aeed37d26_2025-06-28_17-41-04.webp.webp?fit=1200%2C728&ssl=1&resize=525%2C300 1.5x, https:\/\/i0.wp.com\/noticiasribeiraopreto.com.br\/wp-content\/uploads\/2025\/06\/5b6b7a56-6e5e-497d-8fe3-fe7aeed37d26_2025-06-28_17-41-04.webp.webp?fit=1200%2C728&ssl=1&resize=700%2C400 2x, https:\/\/i0.wp.com\/noticiasribeiraopreto.com.br\/wp-content\/uploads\/2025\/06\/5b6b7a56-6e5e-497d-8fe3-fe7aeed37d26_2025-06-28_17-41-04.webp.webp?fit=1200%2C728&ssl=1&resize=1050%2C600 3x"},"classes":[]},{"id":69608,"url":"https:\/\/noticiasribeiraopreto.com.br\/index.php\/2025\/05\/07\/xico-sa-e-luciana-mello-participam-de-feira-do-livro-na-regiao-de-ribeirao-preto\/","url_meta":{"origin":73531,"position":1},"title":"Xico S\u00e1 e Luciana Mello participam de feira do livro na regi\u00e3o de Ribeir\u00e3o Preto","author":"noticiasribeiraopreto.com.br","date":"7 de May de 2025","format":false,"excerpt":"Entre os dias 8 e 11 de maio, Guar\u00e1, cidade na regi\u00e3o de Ribeir\u00e3o Preto, recebe a 7\u00aa edi\u00e7\u00e3o da Feira do Livro. Neste ano, a obra do escritor e desenhista Mauricio de Sousa \u00e9 homenageada. A programa\u00e7\u00e3o \u00e9 gratuita e acontece na pra\u00e7a Nove de Julho. O evento receber\u00e1\u2026","rel":"","context":"In &quot;Not\u00edcias de Ribeir\u00e3o Preto-SP e Regi\u00e3o&quot;","block_context":{"text":"Not\u00edcias de Ribeir\u00e3o Preto-SP e Regi\u00e3o","link":"https:\/\/noticiasribeiraopreto.com.br\/index.php\/category\/noticias-de-ribeirao-preto-sp-e-regiao-ismael-colosi\/"},"img":{"alt_text":"","src":"https:\/\/i0.wp.com\/noticiasribeiraopreto.com.br\/wp-content\/uploads\/2025\/05\/xico-sa-e-luciana-mello_2025-05-07_14-01-07.webp.webp?fit=1200%2C674&ssl=1&resize=350%2C200","width":350,"height":200,"srcset":"https:\/\/i0.wp.com\/noticiasribeiraopreto.com.br\/wp-content\/uploads\/2025\/05\/xico-sa-e-luciana-mello_2025-05-07_14-01-07.webp.webp?fit=1200%2C674&ssl=1&resize=350%2C200 1x, https:\/\/i0.wp.com\/noticiasribeiraopreto.com.br\/wp-content\/uploads\/2025\/05\/xico-sa-e-luciana-mello_2025-05-07_14-01-07.webp.webp?fit=1200%2C674&ssl=1&resize=525%2C300 1.5x, https:\/\/i0.wp.com\/noticiasribeiraopreto.com.br\/wp-content\/uploads\/2025\/05\/xico-sa-e-luciana-mello_2025-05-07_14-01-07.webp.webp?fit=1200%2C674&ssl=1&resize=700%2C400 2x, https:\/\/i0.wp.com\/noticiasribeiraopreto.com.br\/wp-content\/uploads\/2025\/05\/xico-sa-e-luciana-mello_2025-05-07_14-01-07.webp.webp?fit=1200%2C674&ssl=1&resize=1050%2C600 3x"},"classes":[]},{"id":24378,"url":"https:\/\/noticiasribeiraopreto.com.br\/index.php\/2024\/01\/04\/trecho-da-nove-de-julho-e-liberado\/","url_meta":{"origin":73531,"position":2},"title":"Trecho da Nove de Julho \u00e9 liberado","author":"noticiasribeiraopreto.com.br","date":"4 de January de 2024","format":false,"excerpt":"4 de janeiro de 2024 | 8:303 de janeiro de 2024 | 18:43 0A RP Mobi (Empresa de Mobilidade Urbana de Ribeir\u00e3o Preto) liberou no final da tarde desta quarta-feira, 3, o tr\u00e2nsito no cruzamento da avenida Nove de Julho com a rua S\u00e3o Jos\u00e9. A RP Mobi informa que\u2026","rel":"","context":"In &quot;Not\u00edcias de Ribeir\u00e3o Preto-SP e Regi\u00e3o&quot;","block_context":{"text":"Not\u00edcias de Ribeir\u00e3o Preto-SP e Regi\u00e3o","link":"https:\/\/noticiasribeiraopreto.com.br\/index.php\/category\/noticias-de-ribeirao-preto-sp-e-regiao-ismael-colosi\/"},"img":{"alt_text":"","src":"https:\/\/i0.wp.com\/noticiasribeiraopreto.com.br\/wp-content\/uploads\/2024\/01\/liberacao_nove_de_julho_1-scaled.jpeg?fit=968%2C645&ssl=1&resize=350%2C200","width":350,"height":200,"srcset":"https:\/\/i0.wp.com\/noticiasribeiraopreto.com.br\/wp-content\/uploads\/2024\/01\/liberacao_nove_de_julho_1-scaled.jpeg?fit=968%2C645&ssl=1&resize=350%2C200 1x, https:\/\/i0.wp.com\/noticiasribeiraopreto.com.br\/wp-content\/uploads\/2024\/01\/liberacao_nove_de_julho_1-scaled.jpeg?fit=968%2C645&ssl=1&resize=525%2C300 1.5x, https:\/\/i0.wp.com\/noticiasribeiraopreto.com.br\/wp-content\/uploads\/2024\/01\/liberacao_nove_de_julho_1-scaled.jpeg?fit=968%2C645&ssl=1&resize=700%2C400 2x"},"classes":[]},{"id":18395,"url":"https:\/\/noticiasribeiraopreto.com.br\/index.php\/2023\/12\/20\/prefeitura-de-ribeirao-preto-vai-fazer-nova-licitacao-para-obra-da-nove-de-julho\/","url_meta":{"origin":73531,"position":3},"title":"Prefeitura de Ribeir\u00e3o Preto vai fazer nova licita\u00e7\u00e3o para obra da Nove de Julho","author":"noticiasribeiraopreto.com.br","date":"20 de December de 2023","format":false,"excerpt":"A Prefeitura de Ribeir\u00e3o Preto vai precisar fazer uma nova licita\u00e7\u00e3o para concluir a obra da avenida Nove de Julho, na regi\u00e3o central da cidade. A Construtora Metropolitana, que venceu a primeira licita\u00e7\u00e3o j\u00e1 foi, inclusive, multada pela Prefeitura de Ribeir\u00e3o Preto por n\u00e3o respeitar o cronograma \u2013 contrato tamb\u00e9m\u2026","rel":"","context":"In &quot;Not\u00edcias de Ribeir\u00e3o Preto-SP e Regi\u00e3o&quot;","block_context":{"text":"Not\u00edcias de Ribeir\u00e3o Preto-SP e Regi\u00e3o","link":"https:\/\/noticiasribeiraopreto.com.br\/index.php\/category\/noticias-de-ribeirao-preto-sp-e-regiao-ismael-colosi\/"},"img":{"alt_text":"","src":"https:\/\/i0.wp.com\/noticiasribeiraopreto.com.br\/wp-content\/uploads\/2023\/12\/WhatsApp-Image-2023-12-20-at-10.47.41.jpeg?fit=1200%2C675&ssl=1&resize=350%2C200","width":350,"height":200,"srcset":"https:\/\/i0.wp.com\/noticiasribeiraopreto.com.br\/wp-content\/uploads\/2023\/12\/WhatsApp-Image-2023-12-20-at-10.47.41.jpeg?fit=1200%2C675&ssl=1&resize=350%2C200 1x, https:\/\/i0.wp.com\/noticiasribeiraopreto.com.br\/wp-content\/uploads\/2023\/12\/WhatsApp-Image-2023-12-20-at-10.47.41.jpeg?fit=1200%2C675&ssl=1&resize=525%2C300 1.5x, https:\/\/i0.wp.com\/noticiasribeiraopreto.com.br\/wp-content\/uploads\/2023\/12\/WhatsApp-Image-2023-12-20-at-10.47.41.jpeg?fit=1200%2C675&ssl=1&resize=700%2C400 2x, https:\/\/i0.wp.com\/noticiasribeiraopreto.com.br\/wp-content\/uploads\/2023\/12\/WhatsApp-Image-2023-12-20-at-10.47.41.jpeg?fit=1200%2C675&ssl=1&resize=1050%2C600 3x"},"classes":[]},{"id":83372,"url":"https:\/\/noticiasribeiraopreto.com.br\/index.php\/2026\/03\/17\/trecho-da-avenida-nove-de-julho-e-interditado-para-conserto-do-paralelepipedo\/","url_meta":{"origin":73531,"position":4},"title":"Trecho da avenida Nove de Julho \u00e9 interditado para conserto do paralelep\u00edpedo","author":"noticiasribeiraopreto.com.br","date":"17 de March de 2026","format":false,"excerpt":"O acesso \u00e0 avenida Independ\u00eancia pela pista Centro-bairro da avenida Nove de Julho, a partir da rua Floriano Peixoto, foi interditado emergencialmente na manh\u00e3 desta ter\u00e7a-feira (17), em Ribeir\u00e3o Preto. Segundo a RP Mobi, a medida \u00e9 necess\u00e1ria para a realiza\u00e7\u00e3o de obras de manuten\u00e7\u00e3o vi\u00e1ria no local. Os paralelep\u00edpedos\u2026","rel":"","context":"In &quot;Not\u00edcias de Ribeir\u00e3o Preto-SP e Regi\u00e3o&quot;","block_context":{"text":"Not\u00edcias de Ribeir\u00e3o Preto-SP e Regi\u00e3o","link":"https:\/\/noticiasribeiraopreto.com.br\/index.php\/category\/noticias-de-ribeirao-preto-sp-e-regiao-ismael-colosi\/"},"img":{"alt_text":"","src":"https:\/\/i0.wp.com\/noticiasribeiraopreto.com.br\/wp-content\/uploads\/2024\/04\/Copia-de-Copia-de-TAMANHO-EXATO-PARA-FOTOS-NO-SISTEMA-NOVO-24-1_2024-04-30_19-23-42_jpg.webp.webp?fit=1200%2C675&ssl=1&resize=350%2C200","width":350,"height":200,"srcset":"https:\/\/i0.wp.com\/noticiasribeiraopreto.com.br\/wp-content\/uploads\/2024\/04\/Copia-de-Copia-de-TAMANHO-EXATO-PARA-FOTOS-NO-SISTEMA-NOVO-24-1_2024-04-30_19-23-42_jpg.webp.webp?fit=1200%2C675&ssl=1&resize=350%2C200 1x, https:\/\/i0.wp.com\/noticiasribeiraopreto.com.br\/wp-content\/uploads\/2024\/04\/Copia-de-Copia-de-TAMANHO-EXATO-PARA-FOTOS-NO-SISTEMA-NOVO-24-1_2024-04-30_19-23-42_jpg.webp.webp?fit=1200%2C675&ssl=1&resize=525%2C300 1.5x, https:\/\/i0.wp.com\/noticiasribeiraopreto.com.br\/wp-content\/uploads\/2024\/04\/Copia-de-Copia-de-TAMANHO-EXATO-PARA-FOTOS-NO-SISTEMA-NOVO-24-1_2024-04-30_19-23-42_jpg.webp.webp?fit=1200%2C675&ssl=1&resize=700%2C400 2x, https:\/\/i0.wp.com\/noticiasribeiraopreto.com.br\/wp-content\/uploads\/2024\/04\/Copia-de-Copia-de-TAMANHO-EXATO-PARA-FOTOS-NO-SISTEMA-NOVO-24-1_2024-04-30_19-23-42_jpg.webp.webp?fit=1200%2C675&ssl=1&resize=1050%2C600 3x"},"classes":[]},{"id":83396,"url":"https:\/\/noticiasribeiraopreto.com.br\/index.php\/2026\/03\/17\/interdicao-emergencial-fecha-acesso-a-avenida-independencia-a-partir-da-nove-de-julho\/","url_meta":{"origin":73531,"position":5},"title":"Interdi\u00e7\u00e3o emergencial fecha acesso \u00e0 Avenida Independ\u00eancia a partir da Nove de Julho","author":"noticiasribeiraopreto.com.br","date":"17 de March de 2026","format":false,"excerpt":"\r \r \r 17 de mar\u00e7o de 2026 18:28 \r Compartilhar0 A RP Mobi informa que, na manh\u00e3 desta ter\u00e7a-feira, 17 de mar\u00e7o, foi iniciada uma interdi\u00e7\u00e3o emergencial no acesso \u00e0 Avenida Independ\u00eancia, para quem trafega pela pista Centro\/Bairro da Avenida Nove de Julho. A medida \u00e9 necess\u00e1ria para a\u2026","rel":"","context":"In &quot;Not\u00edcias de Ribeir\u00e3o Preto-SP e Regi\u00e3o&quot;","block_context":{"text":"Not\u00edcias de Ribeir\u00e3o Preto-SP e Regi\u00e3o","link":"https:\/\/noticiasribeiraopreto.com.br\/index.php\/category\/noticias-de-ribeirao-preto-sp-e-regiao-ismael-colosi\/"},"img":{"alt_text":"","src":"https:\/\/i0.wp.com\/noticiasribeiraopreto.com.br\/wp-content\/uploads\/2026\/03\/interdicao_-_av_nove_de_julho_capa_2_foto_fernando_gonzaga17-scaled.jpg?fit=1171%2C780&ssl=1&resize=350%2C200","width":350,"height":200,"srcset":"https:\/\/i0.wp.com\/noticiasribeiraopreto.com.br\/wp-content\/uploads\/2026\/03\/interdicao_-_av_nove_de_julho_capa_2_foto_fernando_gonzaga17-scaled.jpg?fit=1171%2C780&ssl=1&resize=350%2C200 1x, https:\/\/i0.wp.com\/noticiasribeiraopreto.com.br\/wp-content\/uploads\/2026\/03\/interdicao_-_av_nove_de_julho_capa_2_foto_fernando_gonzaga17-scaled.jpg?fit=1171%2C780&ssl=1&resize=525%2C300 1.5x, https:\/\/i0.wp.com\/noticiasribeiraopreto.com.br\/wp-content\/uploads\/2026\/03\/interdicao_-_av_nove_de_julho_capa_2_foto_fernando_gonzaga17-scaled.jpg?fit=1171%2C780&ssl=1&resize=700%2C400 2x, https:\/\/i0.wp.com\/noticiasribeiraopreto.com.br\/wp-content\/uploads\/2026\/03\/interdicao_-_av_nove_de_julho_capa_2_foto_fernando_gonzaga17-scaled.jpg?fit=1171%2C780&ssl=1&resize=1050%2C600 3x"},"classes":[]}],"jetpack_sharing_enabled":true,"jetpack_shortlink":"https:\/\/wp.me\/peQAOb-j7Z","_links":{"self":[{"href":"https:\/\/noticiasribeiraopreto.com.br\/index.php\/wp-json\/wp\/v2\/posts\/73531","targetHints":{"allow":["GET"]}}],"collection":[{"href":"https:\/\/noticiasribeiraopreto.com.br\/index.php\/wp-json\/wp\/v2\/posts"}],"about":[{"href":"https:\/\/noticiasribeiraopreto.com.br\/index.php\/wp-json\/wp\/v2\/types\/post"}],"author":[{"embeddable":true,"href":"https:\/\/noticiasribeiraopreto.com.br\/index.php\/wp-json\/wp\/v2\/users\/1"}],"replies":[{"embeddable":true,"href":"https:\/\/noticiasribeiraopreto.com.br\/index.php\/wp-json\/wp\/v2\/comments?post=73531"}],"version-history":[{"count":0,"href":"https:\/\/noticiasribeiraopreto.com.br\/index.php\/wp-json\/wp\/v2\/posts\/73531\/revisions"}],"wp:featuredmedia":[{"embeddable":true,"href":"https:\/\/noticiasribeiraopreto.com.br\/index.php\/wp-json\/wp\/v2\/media\/73532"}],"wp:attachment":[{"href":"https:\/\/noticiasribeiraopreto.com.br\/index.php\/wp-json\/wp\/v2\/media?parent=73531"}],"wp:term":[{"taxonomy":"category","embeddable":true,"href":"https:\/\/noticiasribeiraopreto.com.br\/index.php\/wp-json\/wp\/v2\/categories?post=73531"},{"taxonomy":"post_tag","embeddable":true,"href":"https:\/\/noticiasribeiraopreto.com.br\/index.php\/wp-json\/wp\/v2\/tags?post=73531"}],"curies":[{"name":"wp","href":"https:\/\/api.w.org\/{rel}","templated":true}]}}