{"id":73533,"date":"2025-07-04T10:35:05","date_gmt":"2025-07-04T13:35:05","guid":{"rendered":"https:\/\/noticiasribeiraopreto.com.br\/index.php\/2025\/07\/04\/identificado-homem-morto-em-operacao-contra-o-trafico-e-lavagem-de-dinheiro-em-ribeirao-preto\/"},"modified":"2025-07-04T10:35:05","modified_gmt":"2025-07-04T13:35:05","slug":"identificado-homem-morto-em-operacao-contra-o-trafico-e-lavagem-de-dinheiro-em-ribeirao-preto","status":"publish","type":"post","link":"https:\/\/noticiasribeiraopreto.com.br\/index.php\/2025\/07\/04\/identificado-homem-morto-em-operacao-contra-o-trafico-e-lavagem-de-dinheiro-em-ribeirao-preto\/","title":{"rendered":"Identificado homem morto em opera\u00e7\u00e3o contra o tr\u00e1fico e lavagem de dinheiro em Ribeir\u00e3o Preto"},"content":{"rendered":"<div class='code-block code-block-1' style='margin: 8px 0 8px auto; text-align: right; display: block; clear: both;'>\n<p><a href=\"https:\/\/wa.link\/vpicfd\"><img data-recalc-dims=\"1\" class=\"wp-image-4922\" style=\"aspect-ratio: 2.0253164556962027; width: 561px; height: auto;\" src=\"https:\/\/i0.wp.com\/ismaelcolosi.com.br\/wp-content\/uploads\/2023\/11\/grupo-de-empregos-whatsapp-e-facebook-ismael-colosi-vagas.jpg?ssl=1\" alt=\"\" \/><\/a><\/p>\n<!-- \/wp:image -->\n<\/div>\n<p> <br \/>\n<\/p>\n<div data-td-block-uid=\"tdi_95\">\n<div class=\"tdb-block-inner td-fix-index\">\n<p><strong>O homem morto nesta quinta-feira (3) durante a opera\u00e7\u00e3o Cash Out <strong>contra o tr\u00e1fico de drogas\u00a0e lavagem de dinheiro<\/strong><\/strong>, <strong>deflagrada pelo\u00a0<a href=\"https:\/\/www.mpsp.mp.br\/gaeco\">Gaeco (Grupo de Atua\u00e7\u00e3o Especial de Combate ao Crime Organizado)<\/a> com apoio da PM (Pol\u00edcia Militar), foi identificado.<\/strong><\/p>\n<p>Segundo o boletim de ocorr\u00eancia (BO), C\u00edcero Anderson Amorim Moreira estava em um apartamento, em um condom\u00ednio na Via Norte, quando foi alvo de um mandado de pris\u00e3o. A porta do im\u00f3vel precisou ser arrombada na a\u00e7\u00e3o.<\/p>\n<p>Conforme o registro pela PM, a esposa do suspeito e uma crian\u00e7a foram encontradas enquanto sa\u00edam do quarto. J\u00e1 o homem estava na cama. A PM disse que solicitou para que ele se levantasse. No entanto, de acordo com a pol\u00edcia, ele pegou uma arma no guarda-roupa ao lado da cama, quando os agentes reagiram. O homem morreu no local.<\/p>\n<p>A PM apreendeu uma pistola calibre 380 com\u00a0carregador que estaria com o suspeito. A numera\u00e7\u00e3o da arma estava suprimida.<\/p>\n<p>O caso foi registrado na CPJ (Central de Pol\u00edcia Judici\u00e1ria) como homic\u00eddio decorrente de oposi\u00e7\u00e3o \u00e0 interven\u00e7\u00e3o policial e localiza\u00e7\u00e3o e apreens\u00e3o de objeto para investiga\u00e7\u00e3o da Pol\u00edcia Civil.<\/p>\n<h2 class=\"wp-block-heading\"><strong>A opera\u00e7\u00e3o<\/strong><\/h2>\n<p>A opera\u00e7\u00e3o Cash Out prendeu, ao todo, cinco suspeitos \u2013 quatro em Ribeir\u00e3o Preto e um em Morro Agudo, a 70 quil\u00f4metros.\u00a0<\/p>\n<p>O Gaeco informou que foram movimentadas toneladas de entorpecente de outros estados e que foi determinado pela Justi\u00e7a o bloqueio de R$ 13 milh\u00f5es em nome dos investigados, al\u00e9m do sequestro de im\u00f3veis e apreens\u00e3o de ve\u00edculos, dinheiro em esp\u00e9cie e outros bens.<\/p>\n<p>Ainda de acordo com o Gaeco, o dinheiro do tr\u00e1fico era convertido em im\u00f3veis, ve\u00edculos e aplica\u00e7\u00f5es financeiras, principalmente em casas de aposta online.<\/p>\n<p><!-- AI CONTENT END 2 -->\n<\/div>\n<\/div>\n<p><br \/>\n<br \/><a href=\"https:\/\/www.acidadeon.com\/ribeiraopreto\/cotidiano\/identificado-homem-morto-em-operacao-contra-o-trafico-e-lavagem-de-dinheiro-em-ribeirao-preto\/\">Source link <\/a><\/p>\n<!-- CONTENT END 1 -->\n","protected":false},"excerpt":{"rendered":"<p>O homem morto nesta quinta-feira (3) durante a opera\u00e7\u00e3o Cash Out contra o tr\u00e1fico de drogas\u00a0e lavagem de dinheiro, deflagrada pelo\u00a0Gaeco (Grupo de Atua\u00e7\u00e3o Especial&#8230;<\/p>\n","protected":false},"author":1,"featured_media":73534,"comment_status":"open","ping_status":"open","sticky":false,"template":"","format":"standard","meta":{"advanced_seo_description":"","jetpack_seo_html_title":"","jetpack_seo_noindex":false,"jetpack_post_was_ever_published":false,"_jetpack_newsletter_access":"","_jetpack_dont_email_post_to_subs":false,"_jetpack_newsletter_tier_id":0,"_jetpack_memberships_contains_paywalled_content":false,"_jetpack_memberships_contains_paid_content":false,"footnotes":"","jetpack_publicize_message":"","jetpack_publicize_feature_enabled":true,"jetpack_social_post_already_shared":true,"jetpack_social_options":{"image_generator_settings":{"template":"highway","default_image_id":0,"font":"","enabled":false},"version":2}},"categories":[11],"tags":[],"class_list":["post-73533","post","type-post","status-publish","format-standard","has-post-thumbnail","hentry","category-noticias-de-ribeirao-preto-sp-e-regiao-ismael-colosi"],"jetpack_publicize_connections":[],"jetpack_featured_media_url":"https:\/\/i0.wp.com\/noticiasribeiraopreto.com.br\/wp-content\/uploads\/2025\/07\/OPERACAO_2025-07-04_12-31-03.webp.webp?fit=1200%2C691&ssl=1","jetpack-related-posts":[{"id":73481,"url":"https:\/\/noticiasribeiraopreto.com.br\/index.php\/2025\/07\/03\/operacao-contra-o-trafico-e-lavagem-de-dinheiro-deixa-um-morto-em-ribeirao-preto\/","url_meta":{"origin":73533,"position":0},"title":"Opera\u00e7\u00e3o contra o tr\u00e1fico e lavagem de dinheiro deixa um morto em Ribeir\u00e3o Preto","author":"noticiasribeiraopreto.com.br","date":"3 de July de 2025","format":false,"excerpt":"Uma opera\u00e7\u00e3o do Gaeco (Grupo de Atua\u00e7\u00e3o Especial de Combate ao Crime Organizado) contra o tr\u00e1fico de drogas\u00a0e lavagem de dinheiro, com apoio da PM (Pol\u00edcia Militar), deixou um morto na manh\u00e3 desta quinta-feira (3), em Ribeir\u00e3o Preto. Segundo o Gaeco, durante a opera\u00e7\u00e3o, batizada Cash Out, foram cumpridos seis\u2026","rel":"","context":"In &quot;Not\u00edcias de Ribeir\u00e3o Preto-SP e Regi\u00e3o&quot;","block_context":{"text":"Not\u00edcias de Ribeir\u00e3o Preto-SP e Regi\u00e3o","link":"https:\/\/noticiasribeiraopreto.com.br\/index.php\/category\/noticias-de-ribeirao-preto-sp-e-regiao-ismael-colosi\/"},"img":{"alt_text":"","src":"https:\/\/i0.wp.com\/noticiasribeiraopreto.com.br\/wp-content\/uploads\/2025\/07\/WhatsApp-Image-2025-07-03-at-09.48.27_2025-07-03_12-49-49.webp.webp?fit=1200%2C675&ssl=1&resize=350%2C200","width":350,"height":200,"srcset":"https:\/\/i0.wp.com\/noticiasribeiraopreto.com.br\/wp-content\/uploads\/2025\/07\/WhatsApp-Image-2025-07-03-at-09.48.27_2025-07-03_12-49-49.webp.webp?fit=1200%2C675&ssl=1&resize=350%2C200 1x, https:\/\/i0.wp.com\/noticiasribeiraopreto.com.br\/wp-content\/uploads\/2025\/07\/WhatsApp-Image-2025-07-03-at-09.48.27_2025-07-03_12-49-49.webp.webp?fit=1200%2C675&ssl=1&resize=525%2C300 1.5x, https:\/\/i0.wp.com\/noticiasribeiraopreto.com.br\/wp-content\/uploads\/2025\/07\/WhatsApp-Image-2025-07-03-at-09.48.27_2025-07-03_12-49-49.webp.webp?fit=1200%2C675&ssl=1&resize=700%2C400 2x, https:\/\/i0.wp.com\/noticiasribeiraopreto.com.br\/wp-content\/uploads\/2025\/07\/WhatsApp-Image-2025-07-03-at-09.48.27_2025-07-03_12-49-49.webp.webp?fit=1200%2C675&ssl=1&resize=1050%2C600 3x"},"classes":[]},{"id":61359,"url":"https:\/\/noticiasribeiraopreto.com.br\/index.php\/2024\/12\/10\/homem-apontado-como-lider-de-esquema-de-trafico-e-lavagem-de-dinheiro-e-preso-na-zona-sul-de-ribeirao\/","url_meta":{"origin":73533,"position":1},"title":"Homem apontado como l\u00edder de esquema de tr\u00e1fico e lavagem de dinheiro \u00e9 preso na zona Sul de Ribeir\u00e3o","author":"noticiasribeiraopreto.com.br","date":"10 de December de 2024","format":false,"excerpt":"A PF (Pol\u00edcia Federal) e o\u00a0Gaeco (Grupo de Atua\u00e7\u00e3o Especial de Combate ao Crime Organizado) prenderam nesta ter\u00e7a-feira (10), durante a opera\u00e7\u00e3o Chibarrada, um homem apontado como l\u00edder de um grupo criminoso com atua\u00e7\u00e3o no tr\u00e1fico de drogas e lavagem de dinheiro. A pris\u00e3o ocorreu na zona Sul de Ribeir\u00e3o\u2026","rel":"","context":"In &quot;Not\u00edcias de Ribeir\u00e3o Preto-SP e Regi\u00e3o&quot;","block_context":{"text":"Not\u00edcias de Ribeir\u00e3o Preto-SP e Regi\u00e3o","link":"https:\/\/noticiasribeiraopreto.com.br\/index.php\/category\/noticias-de-ribeirao-preto-sp-e-regiao-ismael-colosi\/"},"img":{"alt_text":"","src":"https:\/\/i0.wp.com\/noticiasribeiraopreto.com.br\/wp-content\/uploads\/2024\/12\/DINHEIRO_2024-12-10_17-49-34_jpg_2024-12-10_17-49-34.webp.webp?fit=1200%2C853&ssl=1&resize=350%2C200","width":350,"height":200,"srcset":"https:\/\/i0.wp.com\/noticiasribeiraopreto.com.br\/wp-content\/uploads\/2024\/12\/DINHEIRO_2024-12-10_17-49-34_jpg_2024-12-10_17-49-34.webp.webp?fit=1200%2C853&ssl=1&resize=350%2C200 1x, https:\/\/i0.wp.com\/noticiasribeiraopreto.com.br\/wp-content\/uploads\/2024\/12\/DINHEIRO_2024-12-10_17-49-34_jpg_2024-12-10_17-49-34.webp.webp?fit=1200%2C853&ssl=1&resize=525%2C300 1.5x, https:\/\/i0.wp.com\/noticiasribeiraopreto.com.br\/wp-content\/uploads\/2024\/12\/DINHEIRO_2024-12-10_17-49-34_jpg_2024-12-10_17-49-34.webp.webp?fit=1200%2C853&ssl=1&resize=700%2C400 2x, https:\/\/i0.wp.com\/noticiasribeiraopreto.com.br\/wp-content\/uploads\/2024\/12\/DINHEIRO_2024-12-10_17-49-34_jpg_2024-12-10_17-49-34.webp.webp?fit=1200%2C853&ssl=1&resize=1050%2C600 3x"},"classes":[]},{"id":61605,"url":"https:\/\/noticiasribeiraopreto.com.br\/index.php\/2024\/12\/17\/homem-morto-a-pauladas-em-briga-por-droga-e-identificado-em-ribeirao-preto\/","url_meta":{"origin":73533,"position":2},"title":"Homem morto a pauladas em briga por droga \u00e9 identificado em Ribeir\u00e3o Preto","author":"noticiasribeiraopreto.com.br","date":"17 de December de 2024","format":false,"excerpt":"A Pol\u00edcia Civil identificou o homem morto a pauladas na madrugada desta ter\u00e7a-feira (17), na Vila Virg\u00ednia, zona Oeste de Ribeir\u00e3o Preto. Segundo boletim de ocorr\u00eancia (BO), Matheus Galli Muraoka, 40 anos, foi encontrado pela PM (Pol\u00edcia Militar) com ferimentos na cabe\u00e7a e j\u00e1 sem vida, na avenida Bandeirantes. Ainda\u2026","rel":"","context":"In &quot;Not\u00edcias de Ribeir\u00e3o Preto-SP e Regi\u00e3o&quot;","block_context":{"text":"Not\u00edcias de Ribeir\u00e3o Preto-SP e Regi\u00e3o","link":"https:\/\/noticiasribeiraopreto.com.br\/index.php\/category\/noticias-de-ribeirao-preto-sp-e-regiao-ismael-colosi\/"},"img":{"alt_text":"","src":"https:\/\/i0.wp.com\/noticiasribeiraopreto.com.br\/wp-content\/uploads\/2024\/12\/cpj_1024x576_21012021092745.jpg?fit=1024%2C575&ssl=1&resize=350%2C200","width":350,"height":200,"srcset":"https:\/\/i0.wp.com\/noticiasribeiraopreto.com.br\/wp-content\/uploads\/2024\/12\/cpj_1024x576_21012021092745.jpg?fit=1024%2C575&ssl=1&resize=350%2C200 1x, https:\/\/i0.wp.com\/noticiasribeiraopreto.com.br\/wp-content\/uploads\/2024\/12\/cpj_1024x576_21012021092745.jpg?fit=1024%2C575&ssl=1&resize=525%2C300 1.5x, https:\/\/i0.wp.com\/noticiasribeiraopreto.com.br\/wp-content\/uploads\/2024\/12\/cpj_1024x576_21012021092745.jpg?fit=1024%2C575&ssl=1&resize=700%2C400 2x"},"classes":[]},{"id":80081,"url":"https:\/\/noticiasribeiraopreto.com.br\/index.php\/2025\/11\/14\/operacao-contra-o-pcc-termina-com-22-presos-e-um-morto\/","url_meta":{"origin":73533,"position":3},"title":"Opera\u00e7\u00e3o contra o PCC termina com 22 presos e um morto","author":"noticiasribeiraopreto.com.br","date":"14 de November de 2025","format":false,"excerpt":"A opera\u00e7\u00e3o Prisma deflagrada nesta sexta-feira (14) pelo Gaeco (Grupo de Atua\u00e7\u00e3o Especial de Combate ao Crime Organizado), com apoio da PM (Pol\u00edcia Militar), contra suspeitos de integrar o PCC (Primeiro Comando da Capital), prendeu 22 pessoas e deixou um morto. A a\u00e7\u00e3o aconteceu na regi\u00e3o de Ribeir\u00e3o Preto e\u2026","rel":"","context":"In &quot;Not\u00edcias de Ribeir\u00e3o Preto-SP e Regi\u00e3o&quot;","block_context":{"text":"Not\u00edcias de Ribeir\u00e3o Preto-SP e Regi\u00e3o","link":"https:\/\/noticiasribeiraopreto.com.br\/index.php\/category\/noticias-de-ribeirao-preto-sp-e-regiao-ismael-colosi\/"},"img":{"alt_text":"","src":"https:\/\/i0.wp.com\/noticiasribeiraopreto.com.br\/wp-content\/uploads\/2025\/11\/aguia_2025-11-14_13-34-42.webp.webp?fit=1200%2C683&ssl=1&resize=350%2C200","width":350,"height":200,"srcset":"https:\/\/i0.wp.com\/noticiasribeiraopreto.com.br\/wp-content\/uploads\/2025\/11\/aguia_2025-11-14_13-34-42.webp.webp?fit=1200%2C683&ssl=1&resize=350%2C200 1x, https:\/\/i0.wp.com\/noticiasribeiraopreto.com.br\/wp-content\/uploads\/2025\/11\/aguia_2025-11-14_13-34-42.webp.webp?fit=1200%2C683&ssl=1&resize=525%2C300 1.5x, https:\/\/i0.wp.com\/noticiasribeiraopreto.com.br\/wp-content\/uploads\/2025\/11\/aguia_2025-11-14_13-34-42.webp.webp?fit=1200%2C683&ssl=1&resize=700%2C400 2x, https:\/\/i0.wp.com\/noticiasribeiraopreto.com.br\/wp-content\/uploads\/2025\/11\/aguia_2025-11-14_13-34-42.webp.webp?fit=1200%2C683&ssl=1&resize=1050%2C600 3x"},"classes":[]},{"id":77698,"url":"https:\/\/noticiasribeiraopreto.com.br\/index.php\/2025\/09\/24\/identificado-homem-morto-apos-reagir-a-abordagem-do-baep-em-ribeirao-preto\/","url_meta":{"origin":73533,"position":4},"title":"Identificado homem morto ap\u00f3s reagir \u00e0 abordagem do Baep em Ribeir\u00e3o Preto","author":"noticiasribeiraopreto.com.br","date":"24 de September de 2025","format":false,"excerpt":"O homem morto na tarde desta ter\u00e7a-feira (23) durante uma abordagem do Baep (Batalh\u00e3o de A\u00e7\u00f5es Especiais de Pol\u00edcia), no Jardim Heitor Rigon, zona Norte de Ribeir\u00e3o Preto, foi identificado. Segundo o boletim de ocorr\u00eancia (BO), Maur\u00edcio Ferreira de Aquino, de 58 anos, estava em um carro Volkswagen Gol preto,\u2026","rel":"","context":"In &quot;Not\u00edcias de Ribeir\u00e3o Preto-SP e Regi\u00e3o&quot;","block_context":{"text":"Not\u00edcias de Ribeir\u00e3o Preto-SP e Regi\u00e3o","link":"https:\/\/noticiasribeiraopreto.com.br\/index.php\/category\/noticias-de-ribeirao-preto-sp-e-regiao-ismael-colosi\/"},"img":{"alt_text":"","src":"https:\/\/i0.wp.com\/noticiasribeiraopreto.com.br\/wp-content\/uploads\/2025\/09\/BAEP_2025-09-24_11-23-40.webp.webp?fit=1200%2C746&ssl=1&resize=350%2C200","width":350,"height":200,"srcset":"https:\/\/i0.wp.com\/noticiasribeiraopreto.com.br\/wp-content\/uploads\/2025\/09\/BAEP_2025-09-24_11-23-40.webp.webp?fit=1200%2C746&ssl=1&resize=350%2C200 1x, https:\/\/i0.wp.com\/noticiasribeiraopreto.com.br\/wp-content\/uploads\/2025\/09\/BAEP_2025-09-24_11-23-40.webp.webp?fit=1200%2C746&ssl=1&resize=525%2C300 1.5x, https:\/\/i0.wp.com\/noticiasribeiraopreto.com.br\/wp-content\/uploads\/2025\/09\/BAEP_2025-09-24_11-23-40.webp.webp?fit=1200%2C746&ssl=1&resize=700%2C400 2x, https:\/\/i0.wp.com\/noticiasribeiraopreto.com.br\/wp-content\/uploads\/2025\/09\/BAEP_2025-09-24_11-23-40.webp.webp?fit=1200%2C746&ssl=1&resize=1050%2C600 3x"},"classes":[]},{"id":63953,"url":"https:\/\/noticiasribeiraopreto.com.br\/index.php\/2025\/02\/26\/perseguicao-policial-termina-com-troca-de-tiros-e-um-morto-em-ribeirao-preto\/","url_meta":{"origin":73533,"position":5},"title":"Persegui\u00e7\u00e3o policial termina com troca de tiros e um morto em Ribeir\u00e3o Preto","author":"noticiasribeiraopreto.com.br","date":"26 de February de 2025","format":false,"excerpt":"Uma persegui\u00e7\u00e3o policial na noite desta ter\u00e7a-feira (25) terminou com troca de tiros e um homem suspeito de tr\u00e1fico de drogas morto, no Jardim Orestes Lopes de Camargo, zona Norte de Ribeir\u00e3o Preto. Segundo o boletim de ocorr\u00eancia (BO), Wendel Rigoberto Rosa teria atirado contra policiais militares do 11\u00ba Baep\u2026","rel":"","context":"In &quot;Not\u00edcias de Ribeir\u00e3o Preto-SP e Regi\u00e3o&quot;","block_context":{"text":"Not\u00edcias de Ribeir\u00e3o Preto-SP e Regi\u00e3o","link":"https:\/\/noticiasribeiraopreto.com.br\/index.php\/category\/noticias-de-ribeirao-preto-sp-e-regiao-ismael-colosi\/"},"img":{"alt_text":"","src":"https:\/\/i0.wp.com\/noticiasribeiraopreto.com.br\/wp-content\/uploads\/2025\/02\/JovemmortoporatiradoresemmotosemavenidadeRibeiroPreto_Tamanho_2_image.jpg?fit=1200%2C900&ssl=1&resize=350%2C200","width":350,"height":200,"srcset":"https:\/\/i0.wp.com\/noticiasribeiraopreto.com.br\/wp-content\/uploads\/2025\/02\/JovemmortoporatiradoresemmotosemavenidadeRibeiroPreto_Tamanho_2_image.jpg?fit=1200%2C900&ssl=1&resize=350%2C200 1x, https:\/\/i0.wp.com\/noticiasribeiraopreto.com.br\/wp-content\/uploads\/2025\/02\/JovemmortoporatiradoresemmotosemavenidadeRibeiroPreto_Tamanho_2_image.jpg?fit=1200%2C900&ssl=1&resize=525%2C300 1.5x, https:\/\/i0.wp.com\/noticiasribeiraopreto.com.br\/wp-content\/uploads\/2025\/02\/JovemmortoporatiradoresemmotosemavenidadeRibeiroPreto_Tamanho_2_image.jpg?fit=1200%2C900&ssl=1&resize=700%2C400 2x, https:\/\/i0.wp.com\/noticiasribeiraopreto.com.br\/wp-content\/uploads\/2025\/02\/JovemmortoporatiradoresemmotosemavenidadeRibeiroPreto_Tamanho_2_image.jpg?fit=1200%2C900&ssl=1&resize=1050%2C600 3x"},"classes":[]}],"jetpack_sharing_enabled":true,"jetpack_shortlink":"https:\/\/wp.me\/peQAOb-j81","_links":{"self":[{"href":"https:\/\/noticiasribeiraopreto.com.br\/index.php\/wp-json\/wp\/v2\/posts\/73533","targetHints":{"allow":["GET"]}}],"collection":[{"href":"https:\/\/noticiasribeiraopreto.com.br\/index.php\/wp-json\/wp\/v2\/posts"}],"about":[{"href":"https:\/\/noticiasribeiraopreto.com.br\/index.php\/wp-json\/wp\/v2\/types\/post"}],"author":[{"embeddable":true,"href":"https:\/\/noticiasribeiraopreto.com.br\/index.php\/wp-json\/wp\/v2\/users\/1"}],"replies":[{"embeddable":true,"href":"https:\/\/noticiasribeiraopreto.com.br\/index.php\/wp-json\/wp\/v2\/comments?post=73533"}],"version-history":[{"count":0,"href":"https:\/\/noticiasribeiraopreto.com.br\/index.php\/wp-json\/wp\/v2\/posts\/73533\/revisions"}],"wp:featuredmedia":[{"embeddable":true,"href":"https:\/\/noticiasribeiraopreto.com.br\/index.php\/wp-json\/wp\/v2\/media\/73534"}],"wp:attachment":[{"href":"https:\/\/noticiasribeiraopreto.com.br\/index.php\/wp-json\/wp\/v2\/media?parent=73533"}],"wp:term":[{"taxonomy":"category","embeddable":true,"href":"https:\/\/noticiasribeiraopreto.com.br\/index.php\/wp-json\/wp\/v2\/categories?post=73533"},{"taxonomy":"post_tag","embeddable":true,"href":"https:\/\/noticiasribeiraopreto.com.br\/index.php\/wp-json\/wp\/v2\/tags?post=73533"}],"curies":[{"name":"wp","href":"https:\/\/api.w.org\/{rel}","templated":true}]}}