{"id":73535,"date":"2025-07-04T10:41:58","date_gmt":"2025-07-04T13:41:58","guid":{"rendered":"https:\/\/noticiasribeiraopreto.com.br\/index.php\/2025\/07\/04\/defensoria-publica-realiza-mutirao-juridico-gratuito-em-praca-de-ribeirao-preto\/"},"modified":"2025-07-04T10:41:58","modified_gmt":"2025-07-04T13:41:58","slug":"defensoria-publica-realiza-mutirao-juridico-gratuito-em-praca-de-ribeirao-preto","status":"publish","type":"post","link":"https:\/\/noticiasribeiraopreto.com.br\/index.php\/2025\/07\/04\/defensoria-publica-realiza-mutirao-juridico-gratuito-em-praca-de-ribeirao-preto\/","title":{"rendered":"Defensoria P\u00fablica realiza mutir\u00e3o jur\u00eddico gratuito em pra\u00e7a de Ribeir\u00e3o Preto"},"content":{"rendered":"<div class='code-block code-block-1' style='margin: 8px 0 8px auto; text-align: right; display: block; clear: both;'>\n<p><a href=\"https:\/\/wa.link\/vpicfd\"><img data-recalc-dims=\"1\" class=\"wp-image-4922\" style=\"aspect-ratio: 2.0253164556962027; width: 561px; height: auto;\" src=\"https:\/\/i0.wp.com\/ismaelcolosi.com.br\/wp-content\/uploads\/2023\/11\/grupo-de-empregos-whatsapp-e-facebook-ismael-colosi-vagas.jpg?ssl=1\" alt=\"\" \/><\/a><\/p>\n<!-- \/wp:image -->\n<\/div>\n<p> <br \/>\n<\/p>\n<div data-td-block-uid=\"tdi_95\">\n<div class=\"tdb-block-inner td-fix-index\">\n<p><strong>A Defensoria P\u00fablica de S\u00e3o Paulo oferece atendimento jur\u00eddico gratuito \u00e0 popula\u00e7\u00e3o durante um mutir\u00e3o neste s\u00e1bado (5), das 9h \u00e0s 13h, em Ribeir\u00e3o Preto.<\/strong><\/p>\n<p>A <strong>a\u00e7\u00e3o <\/strong>ser\u00e1 na <strong>pra\u00e7a <\/strong>que fica na <strong>rua Edson Granzoto, 55, no bairro Adelino Simioni<\/strong>, entre as <strong>ruas Egydio Petean e Tenente Ademar Andrade<\/strong>, na <strong>zona Norte<\/strong>.<\/p>\n<p>Segundo a institui\u00e7\u00e3o, a assist\u00eancia jur\u00eddica ser\u00e1 nas \u00e1reas c\u00edvel, fam\u00edlia, criminal e viol\u00eancia dom\u00e9stica.<\/p>\n<p>O mutir\u00e3o integra o Programa de Atendimento Itinerante Territorializado da Defensoria, que tem como objetivo facilitar o acesso de pessoas em situa\u00e7\u00e3o de vulnerabilidade aos servi\u00e7os.<\/p>\n<h2 class=\"wp-block-heading\"><strong>Servi\u00e7o<\/strong><\/h2>\n<p><em>Mutir\u00e3o de atendimento jur\u00eddico gratuito da Defensoria P\u00fablica de S\u00e3o Paulo<\/em><\/p>\n<p><strong>Quando:<\/strong> S\u00e1bado, 5 de julho<br \/><strong>Hor\u00e1rio:<\/strong> Das 9h \u00e0s 13h<br \/><strong>Onde:<\/strong> Pra\u00e7a p\u00fablica na rua Edson Granzoto, 55, bairro Adelino Simioni \u2013 Ribeir\u00e3o Preto<br \/><strong>A\u00e7\u00e3o gratuita<\/strong><\/p>\n<p>SAIBA MAIS<\/p>\n<p>Frio vai continuar? Veja temperaturas no primeiro fim de semana de julho<\/p>\n<h3 class=\"wp-block-heading\"><strong>FIQUE ON<\/strong><\/h3>\n<p>Fique ligado em tudo que acontece em Ribeir\u00e3o Preto e regi\u00e3o. Siga os perfis do\u00a0<strong>acidade on\u00a0<\/strong>no\u00a0<a href=\"https:\/\/www.instagram.com\/acidadeonribeirao\" target=\"_blank\" rel=\"noreferrer noopener\">Instagram<\/a>\u00a0e no\u00a0<a href=\"https:\/\/www.facebook.com\/acidadeonribeirao\" target=\"_blank\" rel=\"noreferrer noopener\">Facebook<\/a>.<\/p>\n<p>Receba not\u00edcias do acidade on no WhatsApp. Para entrar no grupo, basta\u00a0<a href=\"https:\/\/chat.whatsapp.com\/BjKQZ9oJwlz8VVT50NuePq\" target=\"_blank\" rel=\"noreferrer noopener\">clicar aqui<\/a>.<\/p>\n<p>Fa\u00e7a uma den\u00fancia ou sugira uma reportagem sobre Ribeir\u00e3o Preto e regi\u00e3o pelo WhatsApp: 16 99117 7802.<\/p>\n<p>VEJA TAMB\u00c9M<\/p>\n<p>Qual \u00e9 o predador do jo\u00e3o-de-barro?<\/p>\n<p><!-- AI CONTENT END 1 -->\n<\/div>\n<\/div>\n<p><script async src=\"\/\/www.instagram.com\/embed.js\"><\/script><br \/>\n<br \/><br \/>\n<br \/><a href=\"https:\/\/www.acidadeon.com\/ribeiraopreto\/cotidiano\/defensoria-publica-realiza-mutirao-juridico-gratuito-em-praca-de-ribeirao-preto\/\">Source link <\/a><\/p>\n<!-- CONTENT END 1 -->\n","protected":false},"excerpt":{"rendered":"<p>A Defensoria P\u00fablica de S\u00e3o Paulo oferece atendimento jur\u00eddico gratuito \u00e0 popula\u00e7\u00e3o durante um mutir\u00e3o neste s\u00e1bado (5), das 9h \u00e0s 13h, em Ribeir\u00e3o Preto&#8230;.<\/p>\n","protected":false},"author":1,"featured_media":73536,"comment_status":"open","ping_status":"open","sticky":false,"template":"","format":"standard","meta":{"advanced_seo_description":"","jetpack_seo_html_title":"","jetpack_seo_noindex":false,"jetpack_post_was_ever_published":false,"_jetpack_newsletter_access":"","_jetpack_dont_email_post_to_subs":false,"_jetpack_newsletter_tier_id":0,"_jetpack_memberships_contains_paywalled_content":false,"_jetpack_memberships_contains_paid_content":false,"footnotes":"","jetpack_publicize_message":"","jetpack_publicize_feature_enabled":true,"jetpack_social_post_already_shared":true,"jetpack_social_options":{"image_generator_settings":{"template":"highway","default_image_id":0,"font":"","enabled":false},"version":2}},"categories":[11],"tags":[],"class_list":["post-73535","post","type-post","status-publish","format-standard","has-post-thumbnail","hentry","category-noticias-de-ribeirao-preto-sp-e-regiao-ismael-colosi"],"jetpack_publicize_connections":[],"jetpack_featured_media_url":"https:\/\/i0.wp.com\/noticiasribeiraopreto.com.br\/wp-content\/uploads\/2025\/07\/ADVOGADOS_2025-07-04_11-21-58.webp.webp?fit=1200%2C801&ssl=1","jetpack-related-posts":[{"id":74016,"url":"https:\/\/noticiasribeiraopreto.com.br\/index.php\/2025\/07\/14\/agosto-tera-mutirao-de-dna\/","url_meta":{"origin":73535,"position":0},"title":"Agosto ter\u00e1 mutir\u00e3o de DNA","author":"noticiasribeiraopreto.com.br","date":"14 de July de 2025","format":false,"excerpt":"14 de julho de 2025 16:3014 de julho de 2025 11:097 Compartilhar0 No pr\u00f3ximo dia 16 de agosto, a Defensoria P\u00fablica do Estado de S\u00e3o Paulo participar\u00e1 do mutir\u00e3o \u201cMeu Pai Tem Nome\u201d, uma mobiliza\u00e7\u00e3o nacional que busca enfrentar um dos desafios mais sens\u00edveis da inf\u00e2ncia brasileira: o reconhecimento de\u2026","rel":"","context":"In &quot;Not\u00edcias de Ribeir\u00e3o Preto-SP e Regi\u00e3o&quot;","block_context":{"text":"Not\u00edcias de Ribeir\u00e3o Preto-SP e Regi\u00e3o","link":"https:\/\/noticiasribeiraopreto.com.br\/index.php\/category\/noticias-de-ribeirao-preto-sp-e-regiao-ismael-colosi\/"},"img":{"alt_text":"","src":"https:\/\/i0.wp.com\/noticiasribeiraopreto.com.br\/wp-content\/uploads\/2025\/07\/ExameDNA-Reproducao-scaled.jpg?fit=667%2C500&ssl=1&resize=350%2C200","width":350,"height":200,"srcset":"https:\/\/i0.wp.com\/noticiasribeiraopreto.com.br\/wp-content\/uploads\/2025\/07\/ExameDNA-Reproducao-scaled.jpg?fit=667%2C500&ssl=1&resize=350%2C200 1x, https:\/\/i0.wp.com\/noticiasribeiraopreto.com.br\/wp-content\/uploads\/2025\/07\/ExameDNA-Reproducao-scaled.jpg?fit=667%2C500&ssl=1&resize=525%2C300 1.5x"},"classes":[]},{"id":75266,"url":"https:\/\/noticiasribeiraopreto.com.br\/index.php\/2025\/08\/06\/saude-estara-em-mutirao-de-dna\/","url_meta":{"origin":73535,"position":1},"title":"Sa\u00fade estar\u00e1 em mutir\u00e3o de DNA","author":"noticiasribeiraopreto.com.br","date":"6 de August de 2025","format":false,"excerpt":"6 de agosto de 2025 11:006 de agosto de 2025 09:4310 Compartilhar0 No pr\u00f3ximo dia 16 de agosto, das nove \u00e0s 13 horas, a prefeitura de Ribeir\u00e3o Preto, por meio da Secretaria Municipal da Sa\u00fade, e a Defensoria P\u00fablica do Estado de S\u00e3o Paulo participar\u00e3o do mutir\u00e3o \u201cMeu Pai Tem\u2026","rel":"","context":"In &quot;Not\u00edcias de Ribeir\u00e3o Preto-SP e Regi\u00e3o&quot;","block_context":{"text":"Not\u00edcias de Ribeir\u00e3o Preto-SP e Regi\u00e3o","link":"https:\/\/noticiasribeiraopreto.com.br\/index.php\/category\/noticias-de-ribeirao-preto-sp-e-regiao-ismael-colosi\/"},"img":{"alt_text":"","src":"https:\/\/i0.wp.com\/noticiasribeiraopreto.com.br\/wp-content\/uploads\/2025\/08\/ExameDNA-Reproducao.jpg?fit=918%2C688&ssl=1&resize=350%2C200","width":350,"height":200,"srcset":"https:\/\/i0.wp.com\/noticiasribeiraopreto.com.br\/wp-content\/uploads\/2025\/08\/ExameDNA-Reproducao.jpg?fit=918%2C688&ssl=1&resize=350%2C200 1x, https:\/\/i0.wp.com\/noticiasribeiraopreto.com.br\/wp-content\/uploads\/2025\/08\/ExameDNA-Reproducao.jpg?fit=918%2C688&ssl=1&resize=525%2C300 1.5x, https:\/\/i0.wp.com\/noticiasribeiraopreto.com.br\/wp-content\/uploads\/2025\/08\/ExameDNA-Reproducao.jpg?fit=918%2C688&ssl=1&resize=700%2C400 2x"},"classes":[]},{"id":75215,"url":"https:\/\/noticiasribeiraopreto.com.br\/index.php\/2025\/08\/05\/mutirao-oferece-exame-de-dna-gratuito-em-ribeirao-preto-veja-como-participar\/","url_meta":{"origin":73535,"position":2},"title":"Mutir\u00e3o oferece exame de DNA gratuito em Ribeir\u00e3o Preto; veja como participar","author":"noticiasribeiraopreto.com.br","date":"5 de August de 2025","format":false,"excerpt":"A a\u00e7\u00e3o nacional \u201cMeu Pai Tem Nome\u201d chega a Ribeir\u00e3o Preto no dia 16 de agosto e oferece atendimento gratuito para reconhecimento de paternidade, exames de DNA e orienta\u00e7\u00e3o jur\u00eddica. O mutir\u00e3o ser\u00e1 realizado das 9h \u00e0s 13h, na sede da Defensoria P\u00fablica, no bairro Nova Ribeir\u00e2nia. O objetivo da\u2026","rel":"","context":"In &quot;Not\u00edcias de Ribeir\u00e3o Preto-SP e Regi\u00e3o&quot;","block_context":{"text":"Not\u00edcias de Ribeir\u00e3o Preto-SP e Regi\u00e3o","link":"https:\/\/noticiasribeiraopreto.com.br\/index.php\/category\/noticias-de-ribeirao-preto-sp-e-regiao-ismael-colosi\/"},"img":{"alt_text":"","src":"https:\/\/i0.wp.com\/noticiasribeiraopreto.com.br\/wp-content\/uploads\/2025\/07\/certidao_de_nascimento_registro_civil_mcajr_abr_0403221132.webp.webp?fit=1170%2C700&ssl=1&resize=350%2C200","width":350,"height":200,"srcset":"https:\/\/i0.wp.com\/noticiasribeiraopreto.com.br\/wp-content\/uploads\/2025\/07\/certidao_de_nascimento_registro_civil_mcajr_abr_0403221132.webp.webp?fit=1170%2C700&ssl=1&resize=350%2C200 1x, https:\/\/i0.wp.com\/noticiasribeiraopreto.com.br\/wp-content\/uploads\/2025\/07\/certidao_de_nascimento_registro_civil_mcajr_abr_0403221132.webp.webp?fit=1170%2C700&ssl=1&resize=525%2C300 1.5x, https:\/\/i0.wp.com\/noticiasribeiraopreto.com.br\/wp-content\/uploads\/2025\/07\/certidao_de_nascimento_registro_civil_mcajr_abr_0403221132.webp.webp?fit=1170%2C700&ssl=1&resize=700%2C400 2x, https:\/\/i0.wp.com\/noticiasribeiraopreto.com.br\/wp-content\/uploads\/2025\/07\/certidao_de_nascimento_registro_civil_mcajr_abr_0403221132.webp.webp?fit=1170%2C700&ssl=1&resize=1050%2C600 3x"},"classes":[]},{"id":73873,"url":"https:\/\/noticiasribeiraopreto.com.br\/index.php\/2025\/07\/11\/ribeirao-preto-tem-mutirao-para-testes-de-dna-veja-como-participar\/","url_meta":{"origin":73535,"position":3},"title":"Ribeir\u00e3o Preto tem mutir\u00e3o para testes de DNA; Veja como participar","author":"noticiasribeiraopreto.com.br","date":"11 de July de 2025","format":false,"excerpt":"A Defensoria P\u00fablica do Estado de S\u00e3o Paulo promove, no dia 16 de agosto, o mutir\u00e3o \u201cMeu Pai Tem Nome\u201d em Ribeir\u00e3o Preto. A a\u00e7\u00e3o acontece na sede do \u00f3rg\u00e3o, localizada no Nova Ribeir\u00e2nia, zona Leste do munic\u00edpio. A a\u00e7\u00e3o faz parte de uma mobiliza\u00e7\u00e3o nacional para facilitar o reconhecimento\u2026","rel":"","context":"In &quot;Not\u00edcias de Ribeir\u00e3o Preto-SP e Regi\u00e3o&quot;","block_context":{"text":"Not\u00edcias de Ribeir\u00e3o Preto-SP e Regi\u00e3o","link":"https:\/\/noticiasribeiraopreto.com.br\/index.php\/category\/noticias-de-ribeirao-preto-sp-e-regiao-ismael-colosi\/"},"img":{"alt_text":"","src":"https:\/\/i0.wp.com\/noticiasribeiraopreto.com.br\/wp-content\/uploads\/2025\/07\/certidao_de_nascimento_registro_civil_mcajr_abr_0403221132.webp.webp?fit=1170%2C700&ssl=1&resize=350%2C200","width":350,"height":200,"srcset":"https:\/\/i0.wp.com\/noticiasribeiraopreto.com.br\/wp-content\/uploads\/2025\/07\/certidao_de_nascimento_registro_civil_mcajr_abr_0403221132.webp.webp?fit=1170%2C700&ssl=1&resize=350%2C200 1x, https:\/\/i0.wp.com\/noticiasribeiraopreto.com.br\/wp-content\/uploads\/2025\/07\/certidao_de_nascimento_registro_civil_mcajr_abr_0403221132.webp.webp?fit=1170%2C700&ssl=1&resize=525%2C300 1.5x, https:\/\/i0.wp.com\/noticiasribeiraopreto.com.br\/wp-content\/uploads\/2025\/07\/certidao_de_nascimento_registro_civil_mcajr_abr_0403221132.webp.webp?fit=1170%2C700&ssl=1&resize=700%2C400 2x, https:\/\/i0.wp.com\/noticiasribeiraopreto.com.br\/wp-content\/uploads\/2025\/07\/certidao_de_nascimento_registro_civil_mcajr_abr_0403221132.webp.webp?fit=1170%2C700&ssl=1&resize=1050%2C600 3x"},"classes":[]},{"id":84454,"url":"https:\/\/noticiasribeiraopreto.com.br\/index.php\/2026\/04\/09\/mutirao-oferece-rg-2a-via-de-certidoes-e-servicos-em-ribeirao-preto-veja-quando\/","url_meta":{"origin":73535,"position":4},"title":"Mutir\u00e3o oferece RG, 2\u00aa via de certid\u00f5es e servi\u00e7os em Ribeir\u00e3o Preto; veja quando","author":"noticiasribeiraopreto.com.br","date":"9 de April de 2026","format":false,"excerpt":"Ler o resumo da not\u00edcia Mutir\u00e3o \"Cidadania Itinerante\" oferece servi\u00e7os gratuitos de documenta\u00e7\u00e3o em Ribeir\u00e3o Preto entre 13 e 15 de abril. Atendimento ocorre na Esplanada do Theatro Pedro II, no Centro, com emiss\u00e3o de RG, certid\u00f5es e antecedentes criminais. P\u00fablico tamb\u00e9m pode buscar agendamento para CNH, orienta\u00e7\u00e3o do Procon\u2026","rel":"","context":"In &quot;Not\u00edcias de Ribeir\u00e3o Preto-SP e Regi\u00e3o&quot;","block_context":{"text":"Not\u00edcias de Ribeir\u00e3o Preto-SP e Regi\u00e3o","link":"https:\/\/noticiasribeiraopreto.com.br\/index.php\/category\/noticias-de-ribeirao-preto-sp-e-regiao-ismael-colosi\/"},"img":{"alt_text":"","src":"https:\/\/i0.wp.com\/noticiasribeiraopreto.com.br\/wp-content\/uploads\/2026\/04\/certidao_de_nascimento_registro_civil_mcajr_abr_0403221128.webp.webp?fit=770%2C513&ssl=1&resize=350%2C200","width":350,"height":200,"srcset":"https:\/\/i0.wp.com\/noticiasribeiraopreto.com.br\/wp-content\/uploads\/2026\/04\/certidao_de_nascimento_registro_civil_mcajr_abr_0403221128.webp.webp?fit=770%2C513&ssl=1&resize=350%2C200 1x, https:\/\/i0.wp.com\/noticiasribeiraopreto.com.br\/wp-content\/uploads\/2026\/04\/certidao_de_nascimento_registro_civil_mcajr_abr_0403221128.webp.webp?fit=770%2C513&ssl=1&resize=525%2C300 1.5x, https:\/\/i0.wp.com\/noticiasribeiraopreto.com.br\/wp-content\/uploads\/2026\/04\/certidao_de_nascimento_registro_civil_mcajr_abr_0403221128.webp.webp?fit=770%2C513&ssl=1&resize=700%2C400 2x"},"classes":[]},{"id":60994,"url":"https:\/\/noticiasribeiraopreto.com.br\/index.php\/2024\/12\/01\/defensoria-publica-de-ribeirao-preto-tera-novo-endereco-veja-onde\/","url_meta":{"origin":73535,"position":5},"title":"Defensoria P\u00fablica de Ribeir\u00e3o Preto ter\u00e1 novo endere\u00e7o; veja onde","author":"noticiasribeiraopreto.com.br","date":"1 de December de 2024","format":false,"excerpt":"A Defensoria P\u00fablica da Uni\u00e3o (DPU) de Ribeir\u00e3o Preto estar\u00e1 em novo endere\u00e7o a partir de 9 de dezembro. O atendimento jur\u00eddico gratuito ser\u00e1 realizado na avenida Itatiaia, n\u00ba 365, Jardim Sumar\u00e9, no mesmo pr\u00e9dio onde est\u00e1 localizada a sede do Minist\u00e9rio do Trabalho e Emprego (MTE). O hor\u00e1rio de\u2026","rel":"","context":"In &quot;Not\u00edcias de Ribeir\u00e3o Preto-SP e Regi\u00e3o&quot;","block_context":{"text":"Not\u00edcias de Ribeir\u00e3o Preto-SP e Regi\u00e3o","link":"https:\/\/noticiasribeiraopreto.com.br\/index.php\/category\/noticias-de-ribeirao-preto-sp-e-regiao-ismael-colosi\/"},"img":{"alt_text":"","src":"https:\/\/i0.wp.com\/noticiasribeiraopreto.com.br\/wp-content\/uploads\/2024\/12\/wooden-gavel-books-wooden-table_2024-12-01_17-59-38_jpg_2024-12-01_17-59-40-scaled.webp.webp?fit=1200%2C800&ssl=1&resize=350%2C200","width":350,"height":200,"srcset":"https:\/\/i0.wp.com\/noticiasribeiraopreto.com.br\/wp-content\/uploads\/2024\/12\/wooden-gavel-books-wooden-table_2024-12-01_17-59-38_jpg_2024-12-01_17-59-40-scaled.webp.webp?fit=1200%2C800&ssl=1&resize=350%2C200 1x, https:\/\/i0.wp.com\/noticiasribeiraopreto.com.br\/wp-content\/uploads\/2024\/12\/wooden-gavel-books-wooden-table_2024-12-01_17-59-38_jpg_2024-12-01_17-59-40-scaled.webp.webp?fit=1200%2C800&ssl=1&resize=525%2C300 1.5x, https:\/\/i0.wp.com\/noticiasribeiraopreto.com.br\/wp-content\/uploads\/2024\/12\/wooden-gavel-books-wooden-table_2024-12-01_17-59-38_jpg_2024-12-01_17-59-40-scaled.webp.webp?fit=1200%2C800&ssl=1&resize=700%2C400 2x, https:\/\/i0.wp.com\/noticiasribeiraopreto.com.br\/wp-content\/uploads\/2024\/12\/wooden-gavel-books-wooden-table_2024-12-01_17-59-38_jpg_2024-12-01_17-59-40-scaled.webp.webp?fit=1200%2C800&ssl=1&resize=1050%2C600 3x"},"classes":[]}],"jetpack_sharing_enabled":true,"jetpack_shortlink":"https:\/\/wp.me\/peQAOb-j83","_links":{"self":[{"href":"https:\/\/noticiasribeiraopreto.com.br\/index.php\/wp-json\/wp\/v2\/posts\/73535","targetHints":{"allow":["GET"]}}],"collection":[{"href":"https:\/\/noticiasribeiraopreto.com.br\/index.php\/wp-json\/wp\/v2\/posts"}],"about":[{"href":"https:\/\/noticiasribeiraopreto.com.br\/index.php\/wp-json\/wp\/v2\/types\/post"}],"author":[{"embeddable":true,"href":"https:\/\/noticiasribeiraopreto.com.br\/index.php\/wp-json\/wp\/v2\/users\/1"}],"replies":[{"embeddable":true,"href":"https:\/\/noticiasribeiraopreto.com.br\/index.php\/wp-json\/wp\/v2\/comments?post=73535"}],"version-history":[{"count":0,"href":"https:\/\/noticiasribeiraopreto.com.br\/index.php\/wp-json\/wp\/v2\/posts\/73535\/revisions"}],"wp:featuredmedia":[{"embeddable":true,"href":"https:\/\/noticiasribeiraopreto.com.br\/index.php\/wp-json\/wp\/v2\/media\/73536"}],"wp:attachment":[{"href":"https:\/\/noticiasribeiraopreto.com.br\/index.php\/wp-json\/wp\/v2\/media?parent=73535"}],"wp:term":[{"taxonomy":"category","embeddable":true,"href":"https:\/\/noticiasribeiraopreto.com.br\/index.php\/wp-json\/wp\/v2\/categories?post=73535"},{"taxonomy":"post_tag","embeddable":true,"href":"https:\/\/noticiasribeiraopreto.com.br\/index.php\/wp-json\/wp\/v2\/tags?post=73535"}],"curies":[{"name":"wp","href":"https:\/\/api.w.org\/{rel}","templated":true}]}}