{"id":73539,"date":"2025-07-04T11:45:47","date_gmt":"2025-07-04T14:45:47","guid":{"rendered":"https:\/\/noticiasribeiraopreto.com.br\/index.php\/2025\/07\/04\/suspeito-da-morte-de-nicaraguense-na-porta-da-igreja-e-preso\/"},"modified":"2025-07-04T11:45:47","modified_gmt":"2025-07-04T14:45:47","slug":"suspeito-da-morte-de-nicaraguense-na-porta-da-igreja-e-preso","status":"publish","type":"post","link":"https:\/\/noticiasribeiraopreto.com.br\/index.php\/2025\/07\/04\/suspeito-da-morte-de-nicaraguense-na-porta-da-igreja-e-preso\/","title":{"rendered":"Suspeito da morte de nicaraguense na porta da igreja \u00e9 preso"},"content":{"rendered":"<div class='code-block code-block-1' style='margin: 8px 0 8px auto; text-align: right; display: block; clear: both;'>\n<p><a href=\"https:\/\/wa.link\/vpicfd\"><img data-recalc-dims=\"1\" class=\"wp-image-4922\" style=\"aspect-ratio: 2.0253164556962027; width: 561px; height: auto;\" src=\"https:\/\/i0.wp.com\/ismaelcolosi.com.br\/wp-content\/uploads\/2023\/11\/grupo-de-empregos-whatsapp-e-facebook-ismael-colosi-vagas.jpg?ssl=1\" alt=\"\" \/><\/a><\/p>\n<!-- \/wp:image -->\n<\/div>\n<p> <br \/>\n<\/p>\n<div id=\"\">\n<p>\n\t\t\t\t\t\t\t\t\t<span class=\"entry-meta-item penci-posted-on\"><i class=\"fa fa-clock-o\"\/><time class=\"entry-date published updated\" datetime=\"2025-07-04T11:45:01-03:00\">4 de julho de 2025 11:45<\/time><\/span><span class=\"entry-meta-item penci-post-countview\"><span class=\"entry-meta-item penci-post-countview penci_post-meta_item\"><i class=\"fa fa-eye\"\/><span class=\"penci-post-countview-number penci-post-countview-p430523\">0<\/span><\/span><\/span>\t\t\t\t\t\t\t\t<\/p>\n<p><!-- .entry-meta --><br \/>\n\t\t\t\t\t\t\t\t<span class=\"penci-social-buttons penci-social-share-footer\"><span class=\"penci-social-share-text\">Compartilhar<\/span><a href=\"#\" class=\"penci-post-like penci_post-meta_item  single-like-button penci-social-item like\" data-post_id=\"430523\" title=\"Like\" data-like=\"Like\" data-unlike=\"Unlike\"><i class=\"fa fa-thumbs-o-up\"\/><span class=\"penci-share-number\">0<\/span><\/a><i class=\"fa fa-facebook\"\/><a class=\"penci-social-item twitter\" target=\"_blank\" rel=\"noopener\" title=\"\" href=\"https:\/\/twitter.com\/intent\/tweet?text=Suspeito%20da%20morte%20de%20nicaraguense%20na%20porta%20da%20igreja%20\u00e9%20preso%20-%20https:\/\/www.tribunaribeirao.com.br\/suspeito-da-morte-de-nicaraguense-na-porta-da-igreja-e-preso\/\"><i class=\"fa fa-twitter\"\/><\/a><i class=\"fa fa-linkedin\"\/><i class=\"fa fa-whatsapp\"\/><i class=\"fa fa-telegram\"\/><i class=\"fa fa-envelope\"\/><\/span>\t\t\t\t\t\t\t<\/div>\n<div>\n<p>Por: Adalberto Luque<\/p>\n<p>Foi preso nesta quinta-feira (3) o homem suspeito de matar a tiros um cidad\u00e3o da Nicar\u00e1gua. O crime ocorreu na frente da Igreja Santa Luzia, em Cravinhos, no dia 15 de junho de 2025.<\/p>\n<p>Jehizom Fernando Ferreira da Silva, de 27 anos, era procurado por ter matado a tiros Oscar Antonio Diaz. O crime pode ter ocorrido por ci\u00fame, j\u00e1 que o suspeito chegou a morar com a namorada da v\u00edtima.<\/p>\n<p>Ele foi preso na cidade de Santa Maria da Vit\u00f3ria, sert\u00e3o da Bahia. Deve ser trazido para Cravinhos, onde ser\u00e1 autuado e preso, uma vez que sua pris\u00e3o j\u00e1 havia sido decretada. O irm\u00e3o de Silva teria ajudado no crime e tamb\u00e9m \u00e9 considerado suspeito pela Pol\u00edcia. Ele segue foragido.<\/p>\n<p><strong>Relembre o caso<\/strong><\/p>\n<p>A mulher, tamb\u00e9m da Nicar\u00e1gua, cursava faculdade em Dourados (MS), onde manteve relacionamento com Silva. Ela teria rompido e iniciou um namoro com Diaz.<\/p>\n<p>Na \u00e9poca do crime, o casal estaria viajando de f\u00e9rias. Foram at\u00e9 a praia, no litoral paulista. Na volta, passaram por Cravinhos e se hospedaram na casa de parentes do ex.<\/p>\n<p>Silva ficou sabendo e teria sa\u00eddo de moto desde Dourados. De acordo com as investiga\u00e7\u00f5es, contou com a ajuda do irm\u00e3o para cometer o homic\u00eddio. O casal de nicaraguenses acompanhou a fam\u00edlia de Silva \u00e0 igreja, na avenida Pedro Duarte Amoroso, bairro Jo\u00e3o Berbel, em Cravinhos, regi\u00e3o metropolitana de Ribeir\u00e3o Preto.<\/p>\n<p>Na sa\u00edda da missa, Diaz foi morto com sete disparos. Silva teria fugido e s\u00f3 foi encontrado nesta quinta-feira. Ele deve responder por homic\u00eddio triplamente qualificado. N\u00e3o foi informado se ele j\u00e1 tem defensor.<\/p>\n<p>\u00a0<\/p>\n<p>_____<\/p>\n<p>\u00a0<\/p>\n<p>Jornal Tribuna Ribeir\u00e3o<br \/>Um Jornal com a cara de Ribeir\u00e3o!<\/p>\n<p>Impresso | WEB | Redes sociais<br \/>Tribuna Ribeir\u00e3o \u2013 Fone: (16) 3632-2200 \u2013 Whatsapp: (16) 98161-8743<br \/>Av. Bar\u00e3o do Bananal, 880 \u2013 Jardim Anhanguera, Ribeir\u00e3o Preto<\/p>\n<p>@tribunaribeirao<br \/>@meiaderibeirao<br \/>@dinoderibeirao<br \/>#TribunaRibeir\u00e3o<br \/>#News<br \/>#Not\u00edcia<br \/>#Ribeir\u00e3oPreto #Not\u00edciasDeRibeir\u00e3oPreto<br \/>#ClassificadosTribunaRibeir\u00e3o<br \/>#Jornalismo<br \/>#ClassificadosRibeir\u00e3o<\/p>\n<\/div>\n<p><script async src=\"\/\/platform.twitter.com\/widgets.js\" charset=\"utf-8\"><\/script><br \/>\n<br \/><br \/>\n<br \/><a href=\"https:\/\/www.tribunaribeirao.com.br\/suspeito-da-morte-de-nicaraguense-na-porta-da-igreja-e-preso\/\">Source link <\/a><\/p>\n<!-- CONTENT END 1 -->\n","protected":false},"excerpt":{"rendered":"<p>4 de julho de 2025 11:450 Compartilhar0 Por: Adalberto Luque Foi preso nesta quinta-feira (3) o homem suspeito de matar a tiros um cidad\u00e3o da&#8230;<\/p>\n","protected":false},"author":1,"featured_media":73540,"comment_status":"open","ping_status":"open","sticky":false,"template":"","format":"standard","meta":{"advanced_seo_description":"","jetpack_seo_html_title":"","jetpack_seo_noindex":false,"jetpack_post_was_ever_published":false,"_jetpack_newsletter_access":"","_jetpack_dont_email_post_to_subs":false,"_jetpack_newsletter_tier_id":0,"_jetpack_memberships_contains_paywalled_content":false,"_jetpack_memberships_contains_paid_content":false,"footnotes":"","jetpack_publicize_message":"","jetpack_publicize_feature_enabled":true,"jetpack_social_post_already_shared":true,"jetpack_social_options":{"image_generator_settings":{"template":"highway","default_image_id":0,"font":"","enabled":false},"version":2}},"categories":[11],"tags":[],"class_list":["post-73539","post","type-post","status-publish","format-standard","has-post-thumbnail","hentry","category-noticias-de-ribeirao-preto-sp-e-regiao-ismael-colosi"],"jetpack_publicize_connections":[],"jetpack_featured_media_url":"https:\/\/i0.wp.com\/noticiasribeiraopreto.com.br\/wp-content\/uploads\/2025\/07\/17jun2024homicidioigrejafotogooglestreetview.jpg?fit=1286%2C911&ssl=1","jetpack-related-posts":[{"id":16216,"url":"https:\/\/noticiasribeiraopreto.com.br\/index.php\/2023\/12\/15\/urgente-publicado-edital-para-144-vagas-e-cadastros-de-analistas-2\/","url_meta":{"origin":73539,"position":0},"title":"Urgente! Publicado edital para 144 vagas e cadastros de analistas","author":"noticiasribeiraopreto.com.br","date":"15 de December de 2023","format":false,"excerpt":"Foi publicado, no di\u00e1rio oficial da Uni\u00e3o desta sexta-feira, 15 de dezembro, o edital do novo concurso Capes (Coordena\u00e7\u00e3o de Aperfei\u00e7oamento de Pessoal de N\u00edvel Superior). A sele\u00e7\u00e3o j\u00e1 contava com contrato assinado com a banca desde o \u00faltimo dia 1 de dezembro e conta com oferta de 144 vagas,\u2026","rel":"","context":"In &quot;Vagas de Emprego em Ribeir\u00e3o Preto-SP&quot;","block_context":{"text":"Vagas de Emprego em Ribeir\u00e3o Preto-SP","link":"https:\/\/noticiasribeiraopreto.com.br\/index.php\/category\/empregos-classificados-vagas-trabalho\/vagas-de-empregos-em-ribeirao-preto-regiao-brasil\/"},"img":{"alt_text":"cap1","src":"https:\/\/i0.wp.com\/jcconcursos.com.br\/media\/uploads\/cap1.jpg?resize=350%2C200&ssl=1","width":350,"height":200,"srcset":"https:\/\/i0.wp.com\/jcconcursos.com.br\/media\/uploads\/cap1.jpg?resize=350%2C200&ssl=1 1x, https:\/\/i0.wp.com\/jcconcursos.com.br\/media\/uploads\/cap1.jpg?resize=525%2C300&ssl=1 1.5x, https:\/\/i0.wp.com\/jcconcursos.com.br\/media\/uploads\/cap1.jpg?resize=700%2C400&ssl=1 2x"},"classes":[]},{"id":23376,"url":"https:\/\/noticiasribeiraopreto.com.br\/index.php\/2024\/01\/02\/concurso-ministerio-da-pesca-e-aquicultura-e-autorizado-para-264-vagas-2\/","url_meta":{"origin":73539,"position":1},"title":"Concurso Minist\u00e9rio da Pesca e Aquicultura \u00e9 autorizado para 264 vagas","author":"noticiasribeiraopreto.com.br","date":"2 de January de 2024","format":false,"excerpt":"Um novo concurso Minist\u00e9rio da Pesca e Aquicultura (MPA) acaba de ser autorizado, nesta ter\u00e7a-feira, 2 de janeiro, por meio de portaria conjunta, publicada no di\u00e1rio oficial da Uni\u00e3o, pela ministra interina da Gest\u00e3o e da Inova\u00e7\u00e3o dos Servi\u00e7os P\u00fablicos, Cristima Kiomi Mori, e pelo ministro da Pesca, Carlos Cesar\u2026","rel":"","context":"In &quot;Vagas de Emprego em Ribeir\u00e3o Preto-SP&quot;","block_context":{"text":"Vagas de Emprego em Ribeir\u00e3o Preto-SP","link":"https:\/\/noticiasribeiraopreto.com.br\/index.php\/category\/empregos-classificados-vagas-trabalho\/vagas-de-empregos-em-ribeirao-preto-regiao-brasil\/"},"img":{"alt_text":"","src":"https:\/\/i0.wp.com\/noticiasribeiraopreto.com.br\/wp-content\/uploads\/2024\/01\/ministerio_da_pesca_e_aquicultura.jpg?fit=1200%2C675&ssl=1&resize=350%2C200","width":350,"height":200,"srcset":"https:\/\/i0.wp.com\/noticiasribeiraopreto.com.br\/wp-content\/uploads\/2024\/01\/ministerio_da_pesca_e_aquicultura.jpg?fit=1200%2C675&ssl=1&resize=350%2C200 1x, https:\/\/i0.wp.com\/noticiasribeiraopreto.com.br\/wp-content\/uploads\/2024\/01\/ministerio_da_pesca_e_aquicultura.jpg?fit=1200%2C675&ssl=1&resize=525%2C300 1.5x, https:\/\/i0.wp.com\/noticiasribeiraopreto.com.br\/wp-content\/uploads\/2024\/01\/ministerio_da_pesca_e_aquicultura.jpg?fit=1200%2C675&ssl=1&resize=700%2C400 2x, https:\/\/i0.wp.com\/noticiasribeiraopreto.com.br\/wp-content\/uploads\/2024\/01\/ministerio_da_pesca_e_aquicultura.jpg?fit=1200%2C675&ssl=1&resize=1050%2C600 3x"},"classes":[]},{"id":66270,"url":"https:\/\/noticiasribeiraopreto.com.br\/index.php\/2025\/03\/30\/jornal-da-franca-vereadores-votam-reformulacao-de-membros-no-conselho-municipal-de-saude-de-franca\/","url_meta":{"origin":73539,"position":2},"title":"Jornal da Franca &#8211; Vereadores votam reformula\u00e7\u00e3o de membros no Conselho Municipal de Sa\u00fade de Franca","author":"noticiasribeiraopreto.com.br","date":"30 de March de 2025","format":false,"excerpt":"compartilhar no whatsapp compartilhar no telegram compartilhar no facebook compartilhar no linkedin composi\u00e7\u00e3o busca assegurar uma Objetivo \u00e9 ter representa\u00e7\u00e3o equilibrada e participativa na gest\u00e3o das pol\u00edticas p\u00fablicas Os parlamentares votar\u00e3o na sess\u00e3o da pr\u00f3xima ter\u00e7a-feira o Projeto de Lei Ordin\u00e1ria n\u00ba 30\/2025, de autoria do prefeito Alexandre Ferreira (MDB),\u2026","rel":"","context":"In &quot;Not\u00edcias de Franca-SP&quot;","block_context":{"text":"Not\u00edcias de Franca-SP","link":"https:\/\/noticiasribeiraopreto.com.br\/index.php\/category\/noticias-de-ribeirao-preto-sp-e-regiao-ismael-colosi\/noticias-franca-sp\/"},"img":{"alt_text":"","src":"https:\/\/i0.wp.com\/noticiasribeiraopreto.com.br\/wp-content\/uploads\/2025\/03\/pLENARIO-21.jpg?fit=930%2C558&ssl=1&resize=350%2C200","width":350,"height":200,"srcset":"https:\/\/i0.wp.com\/noticiasribeiraopreto.com.br\/wp-content\/uploads\/2025\/03\/pLENARIO-21.jpg?fit=930%2C558&ssl=1&resize=350%2C200 1x, https:\/\/i0.wp.com\/noticiasribeiraopreto.com.br\/wp-content\/uploads\/2025\/03\/pLENARIO-21.jpg?fit=930%2C558&ssl=1&resize=525%2C300 1.5x, https:\/\/i0.wp.com\/noticiasribeiraopreto.com.br\/wp-content\/uploads\/2025\/03\/pLENARIO-21.jpg?fit=930%2C558&ssl=1&resize=700%2C400 2x"},"classes":[]},{"id":80938,"url":"https:\/\/noticiasribeiraopreto.com.br\/index.php\/2025\/12\/18\/oab-sp-e-ministerio-da-justica-avancam-na-implantacao-das-casas-de-justica-no-estado-de-sao-paulo\/","url_meta":{"origin":73539,"position":3},"title":"OAB SP e Minist\u00e9rio da Justi\u00e7a avan\u00e7am na implanta\u00e7\u00e3o das Casas de Justi\u00e7a no Estado de S\u00e3o Paulo","author":"noticiasribeiraopreto.com.br","date":"18 de December de 2025","format":false,"excerpt":"\r \r \r 18 de dezembro de 2025 13:43 \r Compartilhar0 A Ordem dos Advogados do Brasil Se\u00e7\u00e3o S\u00e3o Paulo (OAB SP) e o Minist\u00e9rio da Justi\u00e7a e Seguran\u00e7a P\u00fablica avan\u00e7am em uma nova etapa do programa Casas de Justi\u00e7a, iniciativa proposta pela Ordem paulista, com a assinatura de acordo\u2026","rel":"","context":"In &quot;Not\u00edcias de Ribeir\u00e3o Preto-SP e Regi\u00e3o&quot;","block_context":{"text":"Not\u00edcias de Ribeir\u00e3o Preto-SP e Regi\u00e3o","link":"https:\/\/noticiasribeiraopreto.com.br\/index.php\/category\/noticias-de-ribeirao-preto-sp-e-regiao-ismael-colosi\/"},"img":{"alt_text":"","src":"https:\/\/i0.wp.com\/noticiasribeiraopreto.com.br\/wp-content\/uploads\/2025\/12\/OAB-JF-Pimenta-Arquivo-scaled-1.jpg?fit=700%2C408&ssl=1&resize=350%2C200","width":350,"height":200,"srcset":"https:\/\/i0.wp.com\/noticiasribeiraopreto.com.br\/wp-content\/uploads\/2025\/12\/OAB-JF-Pimenta-Arquivo-scaled-1.jpg?fit=700%2C408&ssl=1&resize=350%2C200 1x, https:\/\/i0.wp.com\/noticiasribeiraopreto.com.br\/wp-content\/uploads\/2025\/12\/OAB-JF-Pimenta-Arquivo-scaled-1.jpg?fit=700%2C408&ssl=1&resize=525%2C300 1.5x, https:\/\/i0.wp.com\/noticiasribeiraopreto.com.br\/wp-content\/uploads\/2025\/12\/OAB-JF-Pimenta-Arquivo-scaled-1.jpg?fit=700%2C408&ssl=1&resize=700%2C400 2x"},"classes":[]},{"id":17299,"url":"https:\/\/noticiasribeiraopreto.com.br\/index.php\/2023\/12\/18\/concurso-casa-da-moedaurgente-publicado-edital-para-68-vagas-e-cadastros-2\/","url_meta":{"origin":73539,"position":4},"title":"Concurso Casa da Moeda:Urgente! Publicado edital para 68 vagas e cadastros","author":"noticiasribeiraopreto.com.br","date":"18 de December de 2023","format":false,"excerpt":"Foi publicado, no di\u00e1rio oficial da Uni\u00e3o desta segunda-feira, 18 de dezembro, o edital de abertura de inscri\u00e7\u00f5es do concurso Casa da Moeda. A oferta \u00e9 de 68 vagas, sendo 66 para ensino m\u00e9dio (52 vagas e 14 cadastros) e duas vagas para preenchimento imediato de\u00a0 n\u00edvel superior, com remunera\u00e7\u00f5es\u2026","rel":"","context":"In &quot;Vagas de Emprego em Ribeir\u00e3o Preto-SP&quot;","block_context":{"text":"Vagas de Emprego em Ribeir\u00e3o Preto-SP","link":"https:\/\/noticiasribeiraopreto.com.br\/index.php\/category\/empregos-classificados-vagas-trabalho\/vagas-de-empregos-em-ribeirao-preto-regiao-brasil\/"},"img":{"alt_text":"","src":"https:\/\/i0.wp.com\/noticiasribeiraopreto.com.br\/wp-content\/uploads\/2023\/12\/casamo.jpg?fit=481%2C351&ssl=1&resize=350%2C200","width":350,"height":200},"classes":[]},{"id":65068,"url":"https:\/\/noticiasribeiraopreto.com.br\/index.php\/2025\/03\/15\/jornal-da-franca-universitaria-de-franca-e-aprovada-em-estagio-de-pediatria-da-universidade-de-oxford\/","url_meta":{"origin":73539,"position":5},"title":"Jornal da Franca &#8211; Universit\u00e1ria de Franca \u00e9 aprovada em est\u00e1gio de Pediatria da Universidade de Oxford","author":"noticiasribeiraopreto.com.br","date":"15 de March de 2025","format":false,"excerpt":"compartilhar no whatsapp compartilhar no telegram compartilhar no facebook compartilhar no linkedin Aluna de Medicina da Unifran, obteve a oportunidade com o apoio da FAPESP e levar\u00e1 sua pesquisa para a Universidade de Oxford Da esquerda para direita, a aluna Ariane e professora Marisa Brunherotti A estudante de Franca, Ariane\u2026","rel":"","context":"In &quot;Not\u00edcias de Franca-SP&quot;","block_context":{"text":"Not\u00edcias de Franca-SP","link":"https:\/\/noticiasribeiraopreto.com.br\/index.php\/category\/noticias-de-ribeirao-preto-sp-e-regiao-ismael-colosi\/noticias-franca-sp\/"},"img":{"alt_text":"","src":"https:\/\/i0.wp.com\/noticiasribeiraopreto.com.br\/wp-content\/uploads\/2025\/03\/escolhida.jpg?fit=854%2C501&ssl=1&resize=350%2C200","width":350,"height":200,"srcset":"https:\/\/i0.wp.com\/noticiasribeiraopreto.com.br\/wp-content\/uploads\/2025\/03\/escolhida.jpg?fit=854%2C501&ssl=1&resize=350%2C200 1x, https:\/\/i0.wp.com\/noticiasribeiraopreto.com.br\/wp-content\/uploads\/2025\/03\/escolhida.jpg?fit=854%2C501&ssl=1&resize=525%2C300 1.5x, https:\/\/i0.wp.com\/noticiasribeiraopreto.com.br\/wp-content\/uploads\/2025\/03\/escolhida.jpg?fit=854%2C501&ssl=1&resize=700%2C400 2x"},"classes":[]}],"jetpack_sharing_enabled":true,"jetpack_shortlink":"https:\/\/wp.me\/peQAOb-j87","_links":{"self":[{"href":"https:\/\/noticiasribeiraopreto.com.br\/index.php\/wp-json\/wp\/v2\/posts\/73539","targetHints":{"allow":["GET"]}}],"collection":[{"href":"https:\/\/noticiasribeiraopreto.com.br\/index.php\/wp-json\/wp\/v2\/posts"}],"about":[{"href":"https:\/\/noticiasribeiraopreto.com.br\/index.php\/wp-json\/wp\/v2\/types\/post"}],"author":[{"embeddable":true,"href":"https:\/\/noticiasribeiraopreto.com.br\/index.php\/wp-json\/wp\/v2\/users\/1"}],"replies":[{"embeddable":true,"href":"https:\/\/noticiasribeiraopreto.com.br\/index.php\/wp-json\/wp\/v2\/comments?post=73539"}],"version-history":[{"count":0,"href":"https:\/\/noticiasribeiraopreto.com.br\/index.php\/wp-json\/wp\/v2\/posts\/73539\/revisions"}],"wp:featuredmedia":[{"embeddable":true,"href":"https:\/\/noticiasribeiraopreto.com.br\/index.php\/wp-json\/wp\/v2\/media\/73540"}],"wp:attachment":[{"href":"https:\/\/noticiasribeiraopreto.com.br\/index.php\/wp-json\/wp\/v2\/media?parent=73539"}],"wp:term":[{"taxonomy":"category","embeddable":true,"href":"https:\/\/noticiasribeiraopreto.com.br\/index.php\/wp-json\/wp\/v2\/categories?post=73539"},{"taxonomy":"post_tag","embeddable":true,"href":"https:\/\/noticiasribeiraopreto.com.br\/index.php\/wp-json\/wp\/v2\/tags?post=73539"}],"curies":[{"name":"wp","href":"https:\/\/api.w.org\/{rel}","templated":true}]}}