{"id":73541,"date":"2025-07-04T11:56:03","date_gmt":"2025-07-04T14:56:03","guid":{"rendered":"https:\/\/noticiasribeiraopreto.com.br\/index.php\/2025\/07\/04\/destinacao-de-imposto-de-renda-supera-meta-e-cresce-3-em-rp\/"},"modified":"2025-07-04T11:56:03","modified_gmt":"2025-07-04T14:56:03","slug":"destinacao-de-imposto-de-renda-supera-meta-e-cresce-3-em-rp","status":"publish","type":"post","link":"https:\/\/noticiasribeiraopreto.com.br\/index.php\/2025\/07\/04\/destinacao-de-imposto-de-renda-supera-meta-e-cresce-3-em-rp\/","title":{"rendered":"Destina\u00e7\u00e3o de Imposto de Renda supera meta e cresce 3% em RP\u00a0"},"content":{"rendered":"<div class='code-block code-block-1' style='margin: 8px 0 8px auto; text-align: right; display: block; clear: both;'>\n<p><a href=\"https:\/\/wa.link\/vpicfd\"><img data-recalc-dims=\"1\" class=\"wp-image-4922\" style=\"aspect-ratio: 2.0253164556962027; width: 561px; height: auto;\" src=\"https:\/\/i0.wp.com\/ismaelcolosi.com.br\/wp-content\/uploads\/2023\/11\/grupo-de-empregos-whatsapp-e-facebook-ismael-colosi-vagas.jpg?ssl=1\" alt=\"\" \/><\/a><\/p>\n<!-- \/wp:image -->\n<\/div>\n<p> <br \/>\n<\/p>\n<div>\n<p>A cidade de Ribeir\u00e3o Preto (SP) deu bom exemplo novamente e registrou, em 2025 (com base no ano-exerc\u00edcio 2024), o montante de R$ 5.151.606,45 em destina\u00e7\u00f5es de parte do Imposto de Renda (Pessoa F\u00edsica) aos fundos municipais da Crian\u00e7a e do Adolescente, e do Idoso. Trata-se de um crescimento de 3% na compara\u00e7\u00e3o com o total destinado em 2024 (com base no ano-exerc\u00edcio 2023) que foi de R$ 5.002.334,53. O n\u00famero de contribuintes ribeir\u00e3o-pretanos, que optaram pela destina\u00e7\u00e3o, subiu de 1.565 (2024) para 1.858 (2025), alta de 18,5%.<\/p>\n<p>A performance desse ano manteve Ribeir\u00e3o Preto no 2\u00ba lugar no ranking estadual de destina\u00e7\u00f5es, atr\u00e1s apenas de S\u00e3o Paulo (capital), e fez a cidade alcan\u00e7ar o 10\u00ba lugar do ranking nacional, avan\u00e7ando uma posi\u00e7\u00e3o.<\/p>\n<p>Um dos fatores que ajudaram a melhorar esse resultado foi o Movimento Destina Ribeir\u00e3o, liderado por Entidades Setoriais da cidade em conjunto com a Receita Federal e a Prefeitura de RP.<\/p>\n<p>\u201cNossa meta era a de pelo menos igualar o resultado de 2024, e conseguimos super\u00e1-lo8. Foi um crescimento pequeno, mas *positivo! Nossa mensagem de incentivo \u00e0 destina\u00e7\u00e3o chegou mais longe e alcan\u00e7ou mais pessoas\u201d, afirma Paulo C\u00e9sar Garcia Lopes, presidente do Sincovarp e da CDL RP, institui\u00e7\u00f5es que representam oficialmente o Com\u00e9rcio Varejista da cidade e integram o Comit\u00ea Organizador da iniciativa.<\/p>\n<p>Segundo Dem\u00e9trio Luiz Pedro Bom Junior, presidente da Aescon\/Casa do Contabilista (Associa\u00e7\u00e3o das Empresas de Servi\u00e7os Cont\u00e1beis), uma das organizadoras do projeto, \u201cAinda h\u00e1 muito a ser feito no sentido de conscientizar a sociedade sobre a import\u00e2ncia da destina\u00e7\u00e3o de parte do IR \u00e0s causas sociais e a classe cont\u00e1bil tem um papel important\u00edssimo nesse contexto. \u00c9 um trabalho \u00e1rduo que requer resili\u00eancia e persist\u00eancia\u201d, destaca.<\/p>\n<p>\u201cEssa articula\u00e7\u00e3o de for\u00e7as entre as entidades setoriais (que representam a Sociedade Civil Organizada) e o poder p\u00fablico, tem sido muito importante para Ribeir\u00e3o Preto. Estamos nos esfor\u00e7ando para que esses recursos, ao inv\u00e9s de irem para Bras\u00edlia, fiquem na cidade ajudando a fazer o bem, fortalecendo a economia local e gerando mais empregos e oportunidades aqui\u201d, observa Andr\u00e9 Rezende, um dos coordenadores do Comit\u00ea Organizador.<\/p>\n<p>O avan\u00e7o nos n\u00fameros e a consolida\u00e7\u00e3o do Destina Ribeir\u00e3o foram comemorados pelo Prefeito de Ribeir\u00e3o Preto, Ricardo Silva. Idealizador da pol\u00edtica p\u00fablica que transformou a destina\u00e7\u00e3o do Imposto de Renda em um instrumento permanente de fortalecimento das pol\u00edticas sociais do munic\u00edpio, ele refor\u00e7ou a import\u00e2ncia da mobiliza\u00e7\u00e3o coletiva e do protagonismo local.<\/p>\n<p>\u201c\u00c9 uma alegria ver a pol\u00edtica p\u00fablica do Destina Ribeir\u00e3o dando resultados concretos e se consolidando como instrumento de transforma\u00e7\u00e3o social. Quando institu\u00edmos o programa, nosso objetivo era simples e poderoso: permitir que mais recursos permanecessem em nossa cidade, investidos em projetos que cuidam de crian\u00e7as, adolescentes e idosos. Hoje, com esse crescimento e a mobiliza\u00e7\u00e3o crescente da sociedade civil, temos a certeza de que estamos no caminho certo. Ribeir\u00e3o mostra, mais uma vez, que quando o poder p\u00fablico e a sociedade se unem, o resultado \u00e9 mais justi\u00e7a social e mais oportunidade para todos\u201d, destaca o prefeito.<\/p>\n<p>Pr\u00f3xima fase<br \/>Passado o prazo de declara\u00e7\u00e3o do IR (ano-exerc\u00edcio 2024), o Destina Ribeir\u00e3o j\u00e1 se mobiliza para estimular doa\u00e7\u00f5es at\u00e9 o final de 2025. A campanha entrar\u00e1 em nova fase acompanhando o per\u00edodo em que os contribuintes PF ou PJ (no caso, apenas empresas tributadas pelo regime de lucro real) podem destinar at\u00e9 6% do IR devido ao fundo ou projeto que deseje apoiar, respectivamente: Fundo dos Direitos da Crian\u00e7a e do Adolescente e Fundo do Idoso, al\u00e9m de projetos culturais (via Lei Rouanet), esportivos e paradesportivos (via Lei de Incentivo ao Esporte), de combate ao c\u00e2ncer (via Pronon \u2013 Programa Nacional de Apoio \u00e0 Aten\u00e7\u00e3o Oncol\u00f3gica), e de apoio \u00e0 sa\u00fade da pessoa com defici\u00eancia (via Pronas\/PCD \u2013 Programa de Apoio \u00e0 Aten\u00e7\u00e3o da Sa\u00fade da Pessoa com Defici\u00eancia). Acesse www.gov.br\/receitafederal ou www.casadocontabilista.com.br, e saiba mais.<\/p>\n<p>Virou lei<br \/>Outra conquista resultante da articula\u00e7\u00e3o das entidades com o poder p\u00fablico \u00e9 o Projeto de Lei Complementar n\u00ba 23\/2025, que instituiu oficialmente o programa \u201cDestina Ribeir\u00e3o\u201d que ser\u00e1 pol\u00edtica p\u00fablica em car\u00e1ter permanente. A aprova\u00e7\u00e3o ocorreu na sess\u00e3o ordin\u00e1ria da C\u00e2mara de Vereadores, realizada em 9 de junho de 2025.<\/p>\n<p>O PL, de autoria do executivo municipal, prev\u00ea que os contribuintes aderentes ao Destina Ribeir\u00e3o poder\u00e3o receber benef\u00edcios fiscais, como abatimento de juros e multas em d\u00edvidas tribut\u00e1rias e isen\u00e7\u00e3o da Taxa de Licen\u00e7a de Funcionamento, desde que efetuem doa\u00e7\u00f5es equivalentes aos valores desses abatimentos aos fundos municipais do Idoso e da Crian\u00e7a e do Adolescente.<\/p>\n<p>Institui\u00e7\u00f5es engajadas no Destina Ribeir\u00e3o:<br \/>Aescon\/Casa do Contabilista (Associa\u00e7\u00e3o das Empresas de Servi\u00e7os Cont\u00e1beis), Sincovarp (Sindicato do Com\u00e9rcio Varejista), CDL RP (C\u00e2mara de Dirigentes Lojistas), Receita Federal, Prefeitura de Ribeir\u00e3o Preto, C\u00e2mara Municipal de Ribeir\u00e3o Preto, Sebrae-SP, Aeaarp (Associa\u00e7\u00e3o de Engenharia, Arquitetura e Agronomia), Ciesp (Centro das Ind\u00fastrias do Estado de S\u00e3o Paulo\/Regional RP), Sincomerciarios RP (Sindicato dos Empregados do Com\u00e9rcio), Instituto Ribeir\u00e3o 2030, SinHoRes Nordeste Paulista (Sindicato de Hot\u00e9is, Restaurantes, Bares e Similares), Abrasel (Associa\u00e7\u00e3o Brasileira de Bares e Restaurantes\/Alta Mogiana), Sindtur (Sindicato de Turismo, Hospitalidade, Servi\u00e7os e Mercado Imobili\u00e1rio de RP), Acirp (Associa\u00e7\u00e3o Comercial e Industrial), Observat\u00f3rio Social de RP, RC&amp;VB (Ribeir\u00e3o Convention &amp; Visitors Bureau), Associa\u00e7\u00e3o N\u00facleo Postos RP e Sindicato do Com\u00e9rcio Varejista de Feirantes e Ambulantes.<\/p>\n<\/div>\n<p><br \/>\n<br \/><a href=\"https:\/\/www.tribunaribeirao.com.br\/destinacao-de-imposto-de-renda-supera-meta-e-cresce-3-em-rp\/\">Source link <\/a><\/p>\n<!-- CONTENT END 1 -->\n","protected":false},"excerpt":{"rendered":"<p>A cidade de Ribeir\u00e3o Preto (SP) deu bom exemplo novamente e registrou, em 2025 (com base no ano-exerc\u00edcio 2024), o montante de R$ 5.151.606,45 em&#8230;<\/p>\n","protected":false},"author":1,"featured_media":73542,"comment_status":"open","ping_status":"open","sticky":false,"template":"","format":"standard","meta":{"advanced_seo_description":"","jetpack_seo_html_title":"","jetpack_seo_noindex":false,"jetpack_post_was_ever_published":false,"_jetpack_newsletter_access":"","_jetpack_dont_email_post_to_subs":false,"_jetpack_newsletter_tier_id":0,"_jetpack_memberships_contains_paywalled_content":false,"_jetpack_memberships_contains_paid_content":false,"footnotes":"","jetpack_publicize_message":"","jetpack_publicize_feature_enabled":true,"jetpack_social_post_already_shared":true,"jetpack_social_options":{"image_generator_settings":{"template":"highway","default_image_id":0,"font":"","enabled":false},"version":2}},"categories":[11],"tags":[],"class_list":["post-73541","post","type-post","status-publish","format-standard","has-post-thumbnail","hentry","category-noticias-de-ribeirao-preto-sp-e-regiao-ismael-colosi"],"jetpack_publicize_connections":[],"jetpack_featured_media_url":"https:\/\/i0.wp.com\/noticiasribeiraopreto.com.br\/wp-content\/uploads\/2025\/07\/imposto-de-renda.jpeg?fit=1600%2C1066&ssl=1","jetpack-related-posts":[{"id":40841,"url":"https:\/\/noticiasribeiraopreto.com.br\/index.php\/2024\/03\/05\/receita-federal-e-casa-do-contabilista-ministram-palestra-sobre-aumento-das-destinacoes-do-imposto-de-renda\/","url_meta":{"origin":73541,"position":0},"title":"Receita Federal e Casa do Contabilista ministram palestra sobre aumento das destina\u00e7\u00f5es do IR","author":"noticiasribeiraopreto.com.br","date":"5 de March de 2024","format":false,"excerpt":"5 de mar\u00e7o de 2024 | 15:585 de mar\u00e7o de 2024 | 16:04 0A Delegacia da Receita Federal em Ribeir\u00e3o Preto e a Casa do Contabilista de Ribeir\u00e3o Preto realizaram, na manh\u00e3 desta ter\u00e7a-feira (05\/03), no edif\u00edcio da Receita Federal, palestra para divulga\u00e7\u00e3o de campanha para incremento das destina\u00e7\u00f5es de\u2026","rel":"","context":"In &quot;Not\u00edcias de Ribeir\u00e3o Preto-SP e Regi\u00e3o&quot;","block_context":{"text":"Not\u00edcias de Ribeir\u00e3o Preto-SP e Regi\u00e3o","link":"https:\/\/noticiasribeiraopreto.com.br\/index.php\/category\/noticias-de-ribeirao-preto-sp-e-regiao-ismael-colosi\/"},"img":{"alt_text":"","src":"https:\/\/i0.wp.com\/noticiasribeiraopreto.com.br\/wp-content\/uploads\/2024\/03\/WhatsApp-Image-2024-03-05-at-11.03.47-scaled.jpeg?fit=860%2C645&ssl=1&resize=350%2C200","width":350,"height":200,"srcset":"https:\/\/i0.wp.com\/noticiasribeiraopreto.com.br\/wp-content\/uploads\/2024\/03\/WhatsApp-Image-2024-03-05-at-11.03.47-scaled.jpeg?fit=860%2C645&ssl=1&resize=350%2C200 1x, https:\/\/i0.wp.com\/noticiasribeiraopreto.com.br\/wp-content\/uploads\/2024\/03\/WhatsApp-Image-2024-03-05-at-11.03.47-scaled.jpeg?fit=860%2C645&ssl=1&resize=525%2C300 1.5x, https:\/\/i0.wp.com\/noticiasribeiraopreto.com.br\/wp-content\/uploads\/2024\/03\/WhatsApp-Image-2024-03-05-at-11.03.47-scaled.jpeg?fit=860%2C645&ssl=1&resize=700%2C400 2x"},"classes":[]},{"id":69053,"url":"https:\/\/noticiasribeiraopreto.com.br\/index.php\/2025\/05\/01\/doacao-do-ir-atrai-r-500-mil\/","url_meta":{"origin":73541,"position":1},"title":"Doa\u00e7\u00e3o do IR atrai R$ 500 mil \u00a0","author":"noticiasribeiraopreto.com.br","date":"1 de May de 2025","format":false,"excerpt":"Contribuintes de Ribeir\u00e3o Preto t\u00eam at\u00e9 30 de maio para destinar at\u00e9 3% do Imposto de Renda devido a fundos municipais que apoiam crian\u00e7as, adolescentes e idosos. Essa a\u00e7\u00e3o, al\u00e9m de n\u00e3o acarretar custos adicionais, representa um importante refor\u00e7o financeiro para entidades assistenciais.\u00a0\u00a0Segundo levantamento da Associa\u00e7\u00e3o das Empresas de Servi\u00e7os\u2026","rel":"","context":"In &quot;Not\u00edcias de Ribeir\u00e3o Preto-SP e Regi\u00e3o&quot;","block_context":{"text":"Not\u00edcias de Ribeir\u00e3o Preto-SP e Regi\u00e3o","link":"https:\/\/noticiasribeiraopreto.com.br\/index.php\/category\/noticias-de-ribeirao-preto-sp-e-regiao-ismael-colosi\/"},"img":{"alt_text":"","src":"https:\/\/i0.wp.com\/noticiasribeiraopreto.com.br\/wp-content\/uploads\/2025\/05\/CriancaIR-Divulgacao-scaled.jpg?fit=800%2C417&ssl=1&resize=350%2C200","width":350,"height":200,"srcset":"https:\/\/i0.wp.com\/noticiasribeiraopreto.com.br\/wp-content\/uploads\/2025\/05\/CriancaIR-Divulgacao-scaled.jpg?fit=800%2C417&ssl=1&resize=350%2C200 1x, https:\/\/i0.wp.com\/noticiasribeiraopreto.com.br\/wp-content\/uploads\/2025\/05\/CriancaIR-Divulgacao-scaled.jpg?fit=800%2C417&ssl=1&resize=525%2C300 1.5x, https:\/\/i0.wp.com\/noticiasribeiraopreto.com.br\/wp-content\/uploads\/2025\/05\/CriancaIR-Divulgacao-scaled.jpg?fit=800%2C417&ssl=1&resize=700%2C400 2x"},"classes":[]},{"id":71778,"url":"https:\/\/noticiasribeiraopreto.com.br\/index.php\/2025\/06\/10\/camara-aprova-o-destina-ribeirao\/","url_meta":{"origin":73541,"position":2},"title":"C\u00e2mara aprova o \u2018Destina Ribeir\u00e3o\u2019","author":"noticiasribeiraopreto.com.br","date":"10 de June de 2025","format":false,"excerpt":"A C\u00e2mara de Vereadores aprovou, na sess\u00e3o desta segunda-feira, 9 de junho, a reda\u00e7\u00e3o final do o projeto de lei da prefeitura de Ribeir\u00e3o Preto que institui na cidade o Programa Destina Ribeir\u00e3o. A proposta tem o objetivo de conscientizar os contribuintes sobre a possibilidade de destinar parte do Imposto\u2026","rel":"","context":"In &quot;Not\u00edcias de Ribeir\u00e3o Preto-SP e Regi\u00e3o&quot;","block_context":{"text":"Not\u00edcias de Ribeir\u00e3o Preto-SP e Regi\u00e3o","link":"https:\/\/noticiasribeiraopreto.com.br\/index.php\/category\/noticias-de-ribeirao-preto-sp-e-regiao-ismael-colosi\/"},"img":{"alt_text":"","src":"https:\/\/i0.wp.com\/noticiasribeiraopreto.com.br\/wp-content\/uploads\/2025\/06\/tmp99_CriancaIR-Max-Gallao-Mesquita-scaled.jpg?fit=750%2C500&ssl=1&resize=350%2C200","width":350,"height":200,"srcset":"https:\/\/i0.wp.com\/noticiasribeiraopreto.com.br\/wp-content\/uploads\/2025\/06\/tmp99_CriancaIR-Max-Gallao-Mesquita-scaled.jpg?fit=750%2C500&ssl=1&resize=350%2C200 1x, https:\/\/i0.wp.com\/noticiasribeiraopreto.com.br\/wp-content\/uploads\/2025\/06\/tmp99_CriancaIR-Max-Gallao-Mesquita-scaled.jpg?fit=750%2C500&ssl=1&resize=525%2C300 1.5x, https:\/\/i0.wp.com\/noticiasribeiraopreto.com.br\/wp-content\/uploads\/2025\/06\/tmp99_CriancaIR-Max-Gallao-Mesquita-scaled.jpg?fit=750%2C500&ssl=1&resize=700%2C400 2x"},"classes":[]},{"id":41029,"url":"https:\/\/noticiasribeiraopreto.com.br\/index.php\/2024\/03\/06\/ir-pode-render-r-135-mi-a-fundos\/","url_meta":{"origin":73541,"position":3},"title":"IR pode render R$ 135 mi a fundos \u00a0","author":"noticiasribeiraopreto.com.br","date":"6 de March de 2024","format":false,"excerpt":"A Delegacia da Receita Federal em Ribeir\u00e3o Preto e a Casa do Contabilista realizaram, na manh\u00e3 desta ter\u00e7a-feira, 5 de mar\u00e7o, palestra para divulga\u00e7\u00e3o de campanha visando o aumento das destina\u00e7\u00f5es de Imposto de Renda para o Fundo Municipal dos Direitos da Crian\u00e7a e do Adolescente (FDCA) e ao Fundo\u2026","rel":"","context":"In &quot;Not\u00edcias de Ribeir\u00e3o Preto-SP e Regi\u00e3o&quot;","block_context":{"text":"Not\u00edcias de Ribeir\u00e3o Preto-SP e Regi\u00e3o","link":"https:\/\/noticiasribeiraopreto.com.br\/index.php\/category\/noticias-de-ribeirao-preto-sp-e-regiao-ismael-colosi\/"},"img":{"alt_text":"","src":"https:\/\/i0.wp.com\/noticiasribeiraopreto.com.br\/wp-content\/uploads\/2024\/03\/CriancaIR-Divulgacao-02-scaled.jpeg?fit=860%2C645&ssl=1&resize=350%2C200","width":350,"height":200,"srcset":"https:\/\/i0.wp.com\/noticiasribeiraopreto.com.br\/wp-content\/uploads\/2024\/03\/CriancaIR-Divulgacao-02-scaled.jpeg?fit=860%2C645&ssl=1&resize=350%2C200 1x, https:\/\/i0.wp.com\/noticiasribeiraopreto.com.br\/wp-content\/uploads\/2024\/03\/CriancaIR-Divulgacao-02-scaled.jpeg?fit=860%2C645&ssl=1&resize=525%2C300 1.5x, https:\/\/i0.wp.com\/noticiasribeiraopreto.com.br\/wp-content\/uploads\/2024\/03\/CriancaIR-Divulgacao-02-scaled.jpeg?fit=860%2C645&ssl=1&resize=700%2C400 2x"},"classes":[]},{"id":70152,"url":"https:\/\/noticiasribeiraopreto.com.br\/index.php\/2025\/05\/23\/prefeitura-assume-o-destina-ribeirao\/","url_meta":{"origin":73541,"position":4},"title":"Prefeitura assume o \u2018Destina Ribeir\u00e3o\u2019\u00a0","author":"noticiasribeiraopreto.com.br","date":"23 de May de 2025","format":false,"excerpt":"O prefeito Ricardo Silva (PSD) lan\u00e7ou nesta quinta-feira, 22 de maio, em cerim\u00f4nia realizada no Centro Administrativo Prefeito Jos\u00e9 de Magalh\u00e3es, o Programa Destina Ribeir\u00e3o, que visa conscientizar os contribuintes sobre a possibilidade de destinar parte do Imposto de Renda aos Conselhos Municipais dos Direitos da Crian\u00e7a, do Adolescente e\u2026","rel":"","context":"In &quot;Not\u00edcias de Ribeir\u00e3o Preto-SP e Regi\u00e3o&quot;","block_context":{"text":"Not\u00edcias de Ribeir\u00e3o Preto-SP e Regi\u00e3o","link":"https:\/\/noticiasribeiraopreto.com.br\/index.php\/category\/noticias-de-ribeirao-preto-sp-e-regiao-ismael-colosi\/"},"img":{"alt_text":"","src":"https:\/\/i0.wp.com\/noticiasribeiraopreto.com.br\/wp-content\/uploads\/2025\/05\/CriancaIR-Max-Gallao-Mesquita-04.jpg?fit=1200%2C769&ssl=1&resize=350%2C200","width":350,"height":200,"srcset":"https:\/\/i0.wp.com\/noticiasribeiraopreto.com.br\/wp-content\/uploads\/2025\/05\/CriancaIR-Max-Gallao-Mesquita-04.jpg?fit=1200%2C769&ssl=1&resize=350%2C200 1x, https:\/\/i0.wp.com\/noticiasribeiraopreto.com.br\/wp-content\/uploads\/2025\/05\/CriancaIR-Max-Gallao-Mesquita-04.jpg?fit=1200%2C769&ssl=1&resize=525%2C300 1.5x, https:\/\/i0.wp.com\/noticiasribeiraopreto.com.br\/wp-content\/uploads\/2025\/05\/CriancaIR-Max-Gallao-Mesquita-04.jpg?fit=1200%2C769&ssl=1&resize=700%2C400 2x, https:\/\/i0.wp.com\/noticiasribeiraopreto.com.br\/wp-content\/uploads\/2025\/05\/CriancaIR-Max-Gallao-Mesquita-04.jpg?fit=1200%2C769&ssl=1&resize=1050%2C600 3x"},"classes":[]},{"id":80294,"url":"https:\/\/noticiasribeiraopreto.com.br\/index.php\/2025\/11\/19\/decreto-confirma-aumento-do-iptu-em-ribeirao\/","url_meta":{"origin":73541,"position":5},"title":"Decreto confirma \u2028aumento do IPTU em Ribeir\u00e3o","author":"noticiasribeiraopreto.com.br","date":"19 de November de 2025","format":false,"excerpt":"Decreto n\u00famero 256\/2025, publicado no Di\u00e1rio Oficial do Munic\u00edpio (DOM) desta ter\u00e7a-feira, 18 de novembro, confirma reajuste de 4,49% no valor do Imposto Predial Territorial Urbano (IPTU) de 2026 em Ribeir\u00e3o Preto, 0,11 ponto percentual abaixo dos 4,60% deste ano. Tamb\u00e9m \u00e9 bem inferior aos 6,14% de 2024, aos 6,46%\u2026","rel":"","context":"In &quot;Not\u00edcias de Ribeir\u00e3o Preto-SP e Regi\u00e3o&quot;","block_context":{"text":"Not\u00edcias de Ribeir\u00e3o Preto-SP e Regi\u00e3o","link":"https:\/\/noticiasribeiraopreto.com.br\/index.php\/category\/noticias-de-ribeirao-preto-sp-e-regiao-ismael-colosi\/"},"img":{"alt_text":"","src":"https:\/\/i0.wp.com\/noticiasribeiraopreto.com.br\/wp-content\/uploads\/2025\/11\/iptu.jpg?fit=700%2C450&ssl=1&resize=350%2C200","width":350,"height":200,"srcset":"https:\/\/i0.wp.com\/noticiasribeiraopreto.com.br\/wp-content\/uploads\/2025\/11\/iptu.jpg?fit=700%2C450&ssl=1&resize=350%2C200 1x, https:\/\/i0.wp.com\/noticiasribeiraopreto.com.br\/wp-content\/uploads\/2025\/11\/iptu.jpg?fit=700%2C450&ssl=1&resize=525%2C300 1.5x, https:\/\/i0.wp.com\/noticiasribeiraopreto.com.br\/wp-content\/uploads\/2025\/11\/iptu.jpg?fit=700%2C450&ssl=1&resize=700%2C400 2x"},"classes":[]}],"jetpack_sharing_enabled":true,"jetpack_shortlink":"https:\/\/wp.me\/peQAOb-j89","_links":{"self":[{"href":"https:\/\/noticiasribeiraopreto.com.br\/index.php\/wp-json\/wp\/v2\/posts\/73541","targetHints":{"allow":["GET"]}}],"collection":[{"href":"https:\/\/noticiasribeiraopreto.com.br\/index.php\/wp-json\/wp\/v2\/posts"}],"about":[{"href":"https:\/\/noticiasribeiraopreto.com.br\/index.php\/wp-json\/wp\/v2\/types\/post"}],"author":[{"embeddable":true,"href":"https:\/\/noticiasribeiraopreto.com.br\/index.php\/wp-json\/wp\/v2\/users\/1"}],"replies":[{"embeddable":true,"href":"https:\/\/noticiasribeiraopreto.com.br\/index.php\/wp-json\/wp\/v2\/comments?post=73541"}],"version-history":[{"count":0,"href":"https:\/\/noticiasribeiraopreto.com.br\/index.php\/wp-json\/wp\/v2\/posts\/73541\/revisions"}],"wp:featuredmedia":[{"embeddable":true,"href":"https:\/\/noticiasribeiraopreto.com.br\/index.php\/wp-json\/wp\/v2\/media\/73542"}],"wp:attachment":[{"href":"https:\/\/noticiasribeiraopreto.com.br\/index.php\/wp-json\/wp\/v2\/media?parent=73541"}],"wp:term":[{"taxonomy":"category","embeddable":true,"href":"https:\/\/noticiasribeiraopreto.com.br\/index.php\/wp-json\/wp\/v2\/categories?post=73541"},{"taxonomy":"post_tag","embeddable":true,"href":"https:\/\/noticiasribeiraopreto.com.br\/index.php\/wp-json\/wp\/v2\/tags?post=73541"}],"curies":[{"name":"wp","href":"https:\/\/api.w.org\/{rel}","templated":true}]}}