{"id":73545,"date":"2025-07-04T13:40:09","date_gmt":"2025-07-04T16:40:09","guid":{"rendered":"https:\/\/noticiasribeiraopreto.com.br\/index.php\/2025\/07\/04\/multa-por-camera-em-ribeirao-preto-entenda-se-mensagem-no-celular-e-falsa-ou-verdadeira\/"},"modified":"2025-07-04T13:40:09","modified_gmt":"2025-07-04T16:40:09","slug":"multa-por-camera-em-ribeirao-preto-entenda-se-mensagem-no-celular-e-falsa-ou-verdadeira","status":"publish","type":"post","link":"https:\/\/noticiasribeiraopreto.com.br\/index.php\/2025\/07\/04\/multa-por-camera-em-ribeirao-preto-entenda-se-mensagem-no-celular-e-falsa-ou-verdadeira\/","title":{"rendered":"Multa por c\u00e2mera em Ribeir\u00e3o Preto? Entenda se mensagem no celular \u00e9 falsa ou verdadeira"},"content":{"rendered":"<div class='code-block code-block-1' style='margin: 8px 0 8px auto; text-align: right; display: block; clear: both;'>\n<p><a href=\"https:\/\/wa.link\/vpicfd\"><img data-recalc-dims=\"1\" class=\"wp-image-4922\" style=\"aspect-ratio: 2.0253164556962027; width: 561px; height: auto;\" src=\"https:\/\/i0.wp.com\/ismaelcolosi.com.br\/wp-content\/uploads\/2023\/11\/grupo-de-empregos-whatsapp-e-facebook-ismael-colosi-vagas.jpg?ssl=1\" alt=\"\" \/><\/a><\/p>\n<!-- \/wp:image -->\n<\/div>\n<p> <br \/>\n<\/p>\n<div data-td-block-uid=\"tdi_95\">\n<div class=\"tdb-block-inner td-fix-index\">\n<p><strong>Uma mensagem que circula pelos celulares fala sobre supostos pontos de monitoramento por c\u00e2meras nas principais avenidas de Ribeir\u00e3o Preto e multas para motoristas no tr\u00e2nsito. <\/strong><\/p>\n<p>Segundo a mensagem, h\u00e1 <strong>infra\u00e7\u00f5es <\/strong>como <strong>avan\u00e7ar o sem\u00e1foro, usar o celular e at\u00e9 transitar com os bra\u00e7os para fora do ve\u00edculo<\/strong>, sendo que essas a\u00e7\u00f5es seriam fiscalizadas por videomonitoramento.<\/p>\n<p>Para esclarecer essa situa\u00e7\u00e3o, o <strong>acidade on<\/strong> entrou em contato com a RP Mobi, empresa respons\u00e1vel por gerenciar o tr\u00e2nsito na cidade. <\/p>\n<p>A resposta \u00e9 que a mensagem \u00e9 falsa. A RP Mobi explicou que n\u00e3o h\u00e1 c\u00e2meras nas vias municipais para fiscaliza\u00e7\u00e3o ou autua\u00e7\u00e3o de motoristas.<\/p>\n<figure class=\"wp-block-pullquote\">\n<blockquote>\n<p>Atualmente, Ribeir\u00e3o Preto j\u00e1 conta com equipamentos de fiscaliza\u00e7\u00e3o eletr\u00f4nica (os radares), devidamente sinalizados e em funcionamento conforme a legisla\u00e7\u00e3o de tr\u00e2nsito. N\u00e3o houve nenhuma altera\u00e7\u00e3o recente ou nova implanta\u00e7\u00e3o como aponta o conte\u00fado divulgado, <\/p>\n<p><cite><strong>disse a RP Mobi.<\/strong><\/cite><\/p><\/blockquote>\n<\/figure>\n<p>A empresa tamb\u00e9m destacou que qualquer novidade sobre fiscaliza\u00e7\u00e3o sempre \u00e9 comunicada oficialmente pelos canais da Prefeitura de Ribeir\u00e3o Preto e da pr\u00f3pria RP Mobi. <\/p>\n<figure class=\"wp-block-pullquote\">\n<blockquote>\n<p>A popula\u00e7\u00e3o pode e deve buscar informa\u00e7\u00f5es verdadeiras nos canais oficiais e evitar o compartilhamento de conte\u00fados sem confirma\u00e7\u00e3o, que podem causar confus\u00e3o e desinforma\u00e7\u00e3o, <\/p>\n<p><cite><strong>orientou a empresa.<\/strong><\/cite><\/p><\/blockquote>\n<\/figure>\n<h2 class=\"wp-block-heading\"><strong>Leia a nota da RP Mobi na \u00edntegra:<\/strong><\/h2>\n<p><em>\u201cA RP Mobi informa que \u00e9 falsa a mensagem que tem circulado em aplicativos de mensagens sobre uma suposta instala\u00e7\u00e3o de novos pontos de monitoramento por c\u00e2meras para aplica\u00e7\u00e3o de multas de tr\u00e2nsito. Atualmente, Ribeir\u00e3o Preto j\u00e1 conta com equipamentos de fiscaliza\u00e7\u00e3o eletr\u00f4nica (os radares), devidamente sinalizados e em funcionamento conforme a legisla\u00e7\u00e3o de tr\u00e2nsito. N\u00e3o houve nenhuma altera\u00e7\u00e3o recente ou nova implanta\u00e7\u00e3o como aponta o conte\u00fado divulgado. A RP Mobi refor\u00e7a que qualquer atualiza\u00e7\u00e3o ou opera\u00e7\u00e3o relacionada \u00e0 fiscaliza\u00e7\u00e3o no munic\u00edpio \u00e9 sempre comunicada oficialmente por meio dos canais da Prefeitura de Ribeir\u00e3o Preto e da pr\u00f3pria entidade executiva de tr\u00e2nsito. A popula\u00e7\u00e3o pode e deve buscar informa\u00e7\u00f5es verdadeiras nos canais oficiais e evitar o compartilhamento de conte\u00fados sem confirma\u00e7\u00e3o, que podem causar confus\u00e3o e desinforma\u00e7\u00e3o\u201d.<\/em><\/p>\n<p>SAIBA MAIS<\/p>\n<p>Identificado homem morto em opera\u00e7\u00e3o contra o tr\u00e1fico e lavagem de dinheiro em Ribeir\u00e3o Preto<\/p>\n<h3 class=\"wp-block-heading\"><strong>FIQUE ON<\/strong><\/h3>\n<p>Fique ligado em tudo que acontece em Ribeir\u00e3o Preto e regi\u00e3o. Siga os perfis do\u00a0<strong>acidade on\u00a0<\/strong>no\u00a0<a href=\"https:\/\/www.instagram.com\/acidadeonribeirao\" target=\"_blank\" rel=\"noreferrer noopener\">Instagram<\/a>\u00a0e no\u00a0<a href=\"https:\/\/www.facebook.com\/acidadeonribeirao\" target=\"_blank\" rel=\"noreferrer noopener\">Facebook<\/a>.<\/p>\n<p>Receba not\u00edcias do acidade on no WhatsApp. Para entrar no grupo, basta\u00a0<a href=\"https:\/\/chat.whatsapp.com\/BjKQZ9oJwlz8VVT50NuePq\" target=\"_blank\" rel=\"noreferrer noopener\">clicar aqui<\/a>.<\/p>\n<p>Fa\u00e7a uma den\u00fancia ou sugira uma reportagem sobre Ribeir\u00e3o Preto e regi\u00e3o pelo WhatsApp: 16 99117 7802.<\/p>\n<p>VEJA TAMB\u00c9M<\/p>\n<p>Qual \u00e9 o predador do jo\u00e3o-de-barro?<\/p>\n<p><!-- AI CONTENT END 1 -->\n<\/div>\n<\/div>\n<p><script async src=\"\/\/www.instagram.com\/embed.js\"><\/script><br \/>\n<br \/><br \/>\n<br \/><a href=\"https:\/\/www.acidadeon.com\/ribeiraopreto\/cotidiano\/multa-por-camera-em-ribeirao-preto-entenda-se-mensagem-no-celular-e-falsa-ou-verdadeira\/\">Source link <\/a><\/p>\n<!-- CONTENT END 1 -->\n","protected":false},"excerpt":{"rendered":"<p>Uma mensagem que circula pelos celulares fala sobre supostos pontos de monitoramento por c\u00e2meras nas principais avenidas de Ribeir\u00e3o Preto e multas para motoristas no&#8230;<\/p>\n","protected":false},"author":1,"featured_media":73546,"comment_status":"open","ping_status":"open","sticky":false,"template":"","format":"standard","meta":{"advanced_seo_description":"","jetpack_seo_html_title":"","jetpack_seo_noindex":false,"jetpack_post_was_ever_published":false,"_jetpack_newsletter_access":"","_jetpack_dont_email_post_to_subs":false,"_jetpack_newsletter_tier_id":0,"_jetpack_memberships_contains_paywalled_content":false,"_jetpack_memberships_contains_paid_content":false,"footnotes":"","jetpack_publicize_message":"","jetpack_publicize_feature_enabled":true,"jetpack_social_post_already_shared":true,"jetpack_social_options":{"image_generator_settings":{"template":"highway","default_image_id":0,"font":"","enabled":false},"version":2}},"categories":[11],"tags":[],"class_list":["post-73545","post","type-post","status-publish","format-standard","has-post-thumbnail","hentry","category-noticias-de-ribeirao-preto-sp-e-regiao-ismael-colosi"],"jetpack_publicize_connections":[],"jetpack_featured_media_url":"https:\/\/i0.wp.com\/noticiasribeiraopreto.com.br\/wp-content\/uploads\/2025\/07\/avenida-saudade_2025-01-01_16-37-23_jpg_2025-01-01_16-37-23.webp.webp?fit=1200%2C900&ssl=1","jetpack-related-posts":[{"id":59896,"url":"https:\/\/noticiasribeiraopreto.com.br\/index.php\/2024\/11\/01\/rp-mobi-inicia-fiscalizacao-nos-novos-corredores-de-onibus-em-ribeirao-preto\/","url_meta":{"origin":73545,"position":0},"title":"RP Mobi Inicia Fiscaliza\u00e7\u00e3o nos Novos Corredores de \u00d4nibus em Ribeir\u00e3o Preto","author":"noticiasribeiraopreto.com.br","date":"1 de November de 2024","format":false,"excerpt":"O programa RP Mobi, respons\u00e1vel por implementar melhorias na mobilidade urbana de Ribeir\u00e3o Preto, iniciou uma nova etapa de fiscaliza\u00e7\u00e3o nos rec\u00e9m-inaugurados corredores de \u00f4nibus. O objetivo \u00e9 assegurar que as vias exclusivas para o transporte coletivo sejam respeitadas, promovendo maior agilidade e seguran\u00e7a para os usu\u00e1rios e condutores de\u2026","rel":"","context":"In &quot;Not\u00edcias de Ribeir\u00e3o Preto-SP e Regi\u00e3o&quot;","block_context":{"text":"Not\u00edcias de Ribeir\u00e3o Preto-SP e Regi\u00e3o","link":"https:\/\/noticiasribeiraopreto.com.br\/index.php\/category\/noticias-de-ribeirao-preto-sp-e-regiao-ismael-colosi\/"},"img":{"alt_text":"","src":"https:\/\/i0.wp.com\/noticiasribeiraopreto.com.br\/wp-content\/uploads\/2024\/11\/3_fiscalizacao_corredores_central_-_foto_fernando_gonzaga_6.jpeg?fit=1200%2C800&ssl=1&resize=350%2C200","width":350,"height":200,"srcset":"https:\/\/i0.wp.com\/noticiasribeiraopreto.com.br\/wp-content\/uploads\/2024\/11\/3_fiscalizacao_corredores_central_-_foto_fernando_gonzaga_6.jpeg?fit=1200%2C800&ssl=1&resize=350%2C200 1x, https:\/\/i0.wp.com\/noticiasribeiraopreto.com.br\/wp-content\/uploads\/2024\/11\/3_fiscalizacao_corredores_central_-_foto_fernando_gonzaga_6.jpeg?fit=1200%2C800&ssl=1&resize=525%2C300 1.5x, https:\/\/i0.wp.com\/noticiasribeiraopreto.com.br\/wp-content\/uploads\/2024\/11\/3_fiscalizacao_corredores_central_-_foto_fernando_gonzaga_6.jpeg?fit=1200%2C800&ssl=1&resize=700%2C400 2x, https:\/\/i0.wp.com\/noticiasribeiraopreto.com.br\/wp-content\/uploads\/2024\/11\/3_fiscalizacao_corredores_central_-_foto_fernando_gonzaga_6.jpeg?fit=1200%2C800&ssl=1&resize=1050%2C600 3x"},"classes":[]},{"id":65822,"url":"https:\/\/noticiasribeiraopreto.com.br\/index.php\/2025\/03\/24\/saiba-quais-sao-as-avenidas-de-ribeirao-preto-com-maior-numero-de-multas-registradas\/","url_meta":{"origin":73545,"position":1},"title":"Saiba quais s\u00e3o as avenidas de Ribeir\u00e3o Preto com maior n\u00famero de multas registradas","author":"noticiasribeiraopreto.com.br","date":"24 de March de 2025","format":false,"excerpt":"Em Ribeir\u00e3o Preto, a RP Mobi registrou 40.362 multas nos dois primeiros meses deste ano, o que corresponde a uma m\u00e9dia de 28 infra\u00e7\u00f5es por hora. Em janeiro, foram 23.753 multas aplicadas, enquanto em fevereiro, 16.609 motoristas receberam infra\u00e7\u00f5es. Confira os locais: Avenida Marechal Costa e Silva 3.297 multas Avenida\u2026","rel":"","context":"In &quot;Not\u00edcias de Ribeir\u00e3o Preto-SP e Regi\u00e3o&quot;","block_context":{"text":"Not\u00edcias de Ribeir\u00e3o Preto-SP e Regi\u00e3o","link":"https:\/\/noticiasribeiraopreto.com.br\/index.php\/category\/noticias-de-ribeirao-preto-sp-e-regiao-ismael-colosi\/"},"img":{"alt_text":"","src":"https:\/\/i0.wp.com\/noticiasribeiraopreto.com.br\/wp-content\/uploads\/2025\/03\/Copia-de-Copia-de-Copia-de-TAMANHO-EXATO-PARA-FOTOS-NO-SISTEMA-NOVO-2025-03-24T203219.624_2025-03-24_23-34-48_png_2025-03-24_23-34-48.webp.webp?fit=1200%2C675&ssl=1&resize=350%2C200","width":350,"height":200,"srcset":"https:\/\/i0.wp.com\/noticiasribeiraopreto.com.br\/wp-content\/uploads\/2025\/03\/Copia-de-Copia-de-Copia-de-TAMANHO-EXATO-PARA-FOTOS-NO-SISTEMA-NOVO-2025-03-24T203219.624_2025-03-24_23-34-48_png_2025-03-24_23-34-48.webp.webp?fit=1200%2C675&ssl=1&resize=350%2C200 1x, https:\/\/i0.wp.com\/noticiasribeiraopreto.com.br\/wp-content\/uploads\/2025\/03\/Copia-de-Copia-de-Copia-de-TAMANHO-EXATO-PARA-FOTOS-NO-SISTEMA-NOVO-2025-03-24T203219.624_2025-03-24_23-34-48_png_2025-03-24_23-34-48.webp.webp?fit=1200%2C675&ssl=1&resize=525%2C300 1.5x, https:\/\/i0.wp.com\/noticiasribeiraopreto.com.br\/wp-content\/uploads\/2025\/03\/Copia-de-Copia-de-Copia-de-TAMANHO-EXATO-PARA-FOTOS-NO-SISTEMA-NOVO-2025-03-24T203219.624_2025-03-24_23-34-48_png_2025-03-24_23-34-48.webp.webp?fit=1200%2C675&ssl=1&resize=700%2C400 2x, https:\/\/i0.wp.com\/noticiasribeiraopreto.com.br\/wp-content\/uploads\/2025\/03\/Copia-de-Copia-de-Copia-de-TAMANHO-EXATO-PARA-FOTOS-NO-SISTEMA-NOVO-2025-03-24T203219.624_2025-03-24_23-34-48_png_2025-03-24_23-34-48.webp.webp?fit=1200%2C675&ssl=1&resize=1050%2C600 3x"},"classes":[]},{"id":75121,"url":"https:\/\/noticiasribeiraopreto.com.br\/index.php\/2025\/08\/04\/rp-mobi-comeca-fiscalizacao-das-novas-vagas-de-area-azul-no-centro-veja-onde\/","url_meta":{"origin":73545,"position":2},"title":"RP Mobi come\u00e7a fiscaliza\u00e7\u00e3o das novas vagas de \u00c1rea Azul no Centro; Veja onde","author":"noticiasribeiraopreto.com.br","date":"4 de August de 2025","format":false,"excerpt":"A RP Mobi, empresa respons\u00e1vel pelo gerenciamento do tr\u00e2nsito em\u00a0Ribeir\u00e3o Preto, deve come\u00e7ar a fiscalizar as novas vagas da\u00a0\u00c1rea Azul\u00a0no Centro a partir desta segunda-feira (4). S\u00e3o 85 vagas de estacionamento rotativo na\u00a0rua Floriano Peixoto, entre a\u00a0avenida Francisco Junqueira\u00a0at\u00e9 a\u00a0avenida Nove de Julho, al\u00e9m de quatro vagas para idosos e\u2026","rel":"","context":"In &quot;Not\u00edcias de Ribeir\u00e3o Preto-SP e Regi\u00e3o&quot;","block_context":{"text":"Not\u00edcias de Ribeir\u00e3o Preto-SP e Regi\u00e3o","link":"https:\/\/noticiasribeiraopreto.com.br\/index.php\/category\/noticias-de-ribeirao-preto-sp-e-regiao-ismael-colosi\/"},"img":{"alt_text":"","src":"https:\/\/i0.wp.com\/noticiasribeiraopreto.com.br\/wp-content\/uploads\/2025\/08\/Copia-de-Copia-de-Copia-de-TAMANHO-EXATO-PARA-FOTOS-NO-SISTEMA-NOVO-98_2024-11-14_23-08-46_png_2024-11-14_23-08-46.webp.webp?fit=1200%2C675&ssl=1&resize=350%2C200","width":350,"height":200,"srcset":"https:\/\/i0.wp.com\/noticiasribeiraopreto.com.br\/wp-content\/uploads\/2025\/08\/Copia-de-Copia-de-Copia-de-TAMANHO-EXATO-PARA-FOTOS-NO-SISTEMA-NOVO-98_2024-11-14_23-08-46_png_2024-11-14_23-08-46.webp.webp?fit=1200%2C675&ssl=1&resize=350%2C200 1x, https:\/\/i0.wp.com\/noticiasribeiraopreto.com.br\/wp-content\/uploads\/2025\/08\/Copia-de-Copia-de-Copia-de-TAMANHO-EXATO-PARA-FOTOS-NO-SISTEMA-NOVO-98_2024-11-14_23-08-46_png_2024-11-14_23-08-46.webp.webp?fit=1200%2C675&ssl=1&resize=525%2C300 1.5x, https:\/\/i0.wp.com\/noticiasribeiraopreto.com.br\/wp-content\/uploads\/2025\/08\/Copia-de-Copia-de-Copia-de-TAMANHO-EXATO-PARA-FOTOS-NO-SISTEMA-NOVO-98_2024-11-14_23-08-46_png_2024-11-14_23-08-46.webp.webp?fit=1200%2C675&ssl=1&resize=700%2C400 2x, https:\/\/i0.wp.com\/noticiasribeiraopreto.com.br\/wp-content\/uploads\/2025\/08\/Copia-de-Copia-de-Copia-de-TAMANHO-EXATO-PARA-FOTOS-NO-SISTEMA-NOVO-98_2024-11-14_23-08-46_png_2024-11-14_23-08-46.webp.webp?fit=1200%2C675&ssl=1&resize=1050%2C600 3x"},"classes":[]},{"id":81481,"url":"https:\/\/noticiasribeiraopreto.com.br\/index.php\/2026\/01\/07\/sindicato-repudia-forma-como-anuncio-de-radares-fixos-foi-feito\/","url_meta":{"origin":73545,"position":3},"title":"Sindicato repudia forma como an\u00fancio de radares fixos foi feito","author":"noticiasribeiraopreto.com.br","date":"7 de January de 2026","format":false,"excerpt":"Entidade que representa os agentes de tr\u00e2nsito de Ribeir\u00e3o Preto publicou manifesto em que critica a forma como o an\u00fancio sobre o fim dos radares m\u00f3veis foi feito pelo prefeito Ricardo Silva O Sindicato dos Trabalhadores no Sistema de Opera\u00e7\u00e3o, Sinaliza\u00e7\u00e3o, Fiscaliza\u00e7\u00e3o, Manuten\u00e7\u00e3o e Planejamento Vi\u00e1rio e Urbano do Estado\u2026","rel":"","context":"In &quot;Not\u00edcias de Ribeir\u00e3o Preto-SP e Regi\u00e3o&quot;","block_context":{"text":"Not\u00edcias de Ribeir\u00e3o Preto-SP e Regi\u00e3o","link":"https:\/\/noticiasribeiraopreto.com.br\/index.php\/category\/noticias-de-ribeirao-preto-sp-e-regiao-ismael-colosi\/"},"img":{"alt_text":"","src":"https:\/\/i0.wp.com\/noticiasribeiraopreto.com.br\/wp-content\/uploads\/2026\/01\/1-agentes-insta-ricardo-1.jpeg?fit=435%2C780&ssl=1&resize=350%2C200","width":350,"height":200},"classes":[]},{"id":69265,"url":"https:\/\/noticiasribeiraopreto.com.br\/index.php\/2025\/05\/04\/acoes-tentam-conscientizar-motoristas-tribuna-ribeirao\/","url_meta":{"origin":73545,"position":4},"title":"A\u00e7\u00f5es tentam conscientizar motoristas\u00a0 &#8211; Tribuna Ribeir\u00e3o","author":"noticiasribeiraopreto.com.br","date":"4 de May de 2025","format":false,"excerpt":"Para tentar diminuir os acidentes de tr\u00e2nsito e reduzir o n\u00famero de infra\u00e7\u00f5es registradas em Ribeir\u00e3o Preto a RP Mobi, empresa municipal respons\u00e1vel pelo gerenciamento do tr\u00e2nsito na cidade, intensificou as a\u00e7\u00f5es educativas junto a motoristas e pedestres com a cria\u00e7\u00e3o do Programa de Educa\u00e7\u00e3o para o Tr\u00e2nsito Educa Mobi.\u00a0\u00a0\u2026","rel":"","context":"In &quot;Not\u00edcias de Ribeir\u00e3o Preto-SP e Regi\u00e3o&quot;","block_context":{"text":"Not\u00edcias de Ribeir\u00e3o Preto-SP e Regi\u00e3o","link":"https:\/\/noticiasribeiraopreto.com.br\/index.php\/category\/noticias-de-ribeirao-preto-sp-e-regiao-ismael-colosi\/"},"img":{"alt_text":"","src":"https:\/\/i0.wp.com\/noticiasribeiraopreto.com.br\/wp-content\/uploads\/2025\/05\/1-blitz-transito.jpg?fit=1000%2C666&ssl=1&resize=350%2C200","width":350,"height":200,"srcset":"https:\/\/i0.wp.com\/noticiasribeiraopreto.com.br\/wp-content\/uploads\/2025\/05\/1-blitz-transito.jpg?fit=1000%2C666&ssl=1&resize=350%2C200 1x, https:\/\/i0.wp.com\/noticiasribeiraopreto.com.br\/wp-content\/uploads\/2025\/05\/1-blitz-transito.jpg?fit=1000%2C666&ssl=1&resize=525%2C300 1.5x, https:\/\/i0.wp.com\/noticiasribeiraopreto.com.br\/wp-content\/uploads\/2025\/05\/1-blitz-transito.jpg?fit=1000%2C666&ssl=1&resize=700%2C400 2x"},"classes":[]},{"id":74977,"url":"https:\/\/noticiasribeiraopreto.com.br\/index.php\/2025\/07\/31\/carro-forte-pega-fogo-na-avenida-maurilio-biagi-veja-video\/","url_meta":{"origin":73545,"position":5},"title":"Carro-forte pega fogo na avenida Maur\u00edlio Biagi; veja v\u00eddeo","author":"noticiasribeiraopreto.com.br","date":"31 de July de 2025","format":false,"excerpt":"Um carro-forte pegou fogo no fim da tarde desta quinta-feira (31) na avenida Maur\u00edlio Biagi, em Ribeir\u00e3o Preto. Motoristas que trafegavam pela via relataram congestionamento total no trecho. Equipes da RP Mobi atuam no local para organizar o tr\u00e2nsito. A Pol\u00edcia Militar e o Corpo de Bombeiros tamb\u00e9m est\u00e3o no\u2026","rel":"","context":"In &quot;Not\u00edcias de Ribeir\u00e3o Preto-SP e Regi\u00e3o&quot;","block_context":{"text":"Not\u00edcias de Ribeir\u00e3o Preto-SP e Regi\u00e3o","link":"https:\/\/noticiasribeiraopreto.com.br\/index.php\/category\/noticias-de-ribeirao-preto-sp-e-regiao-ismael-colosi\/"},"img":{"alt_text":"","src":"https:\/\/i0.wp.com\/noticiasribeiraopreto.com.br\/wp-content\/uploads\/2025\/07\/Copia-de-Copia-de-Copia-de-TAMANHO-EXATO-PARA-FOTOS-NO-SISTEMA-NOVO-2025-07-31T182346.182_2025-07-31_21-23-59.webp.webp?fit=1200%2C675&ssl=1&resize=350%2C200","width":350,"height":200,"srcset":"https:\/\/i0.wp.com\/noticiasribeiraopreto.com.br\/wp-content\/uploads\/2025\/07\/Copia-de-Copia-de-Copia-de-TAMANHO-EXATO-PARA-FOTOS-NO-SISTEMA-NOVO-2025-07-31T182346.182_2025-07-31_21-23-59.webp.webp?fit=1200%2C675&ssl=1&resize=350%2C200 1x, https:\/\/i0.wp.com\/noticiasribeiraopreto.com.br\/wp-content\/uploads\/2025\/07\/Copia-de-Copia-de-Copia-de-TAMANHO-EXATO-PARA-FOTOS-NO-SISTEMA-NOVO-2025-07-31T182346.182_2025-07-31_21-23-59.webp.webp?fit=1200%2C675&ssl=1&resize=525%2C300 1.5x, https:\/\/i0.wp.com\/noticiasribeiraopreto.com.br\/wp-content\/uploads\/2025\/07\/Copia-de-Copia-de-Copia-de-TAMANHO-EXATO-PARA-FOTOS-NO-SISTEMA-NOVO-2025-07-31T182346.182_2025-07-31_21-23-59.webp.webp?fit=1200%2C675&ssl=1&resize=700%2C400 2x, https:\/\/i0.wp.com\/noticiasribeiraopreto.com.br\/wp-content\/uploads\/2025\/07\/Copia-de-Copia-de-Copia-de-TAMANHO-EXATO-PARA-FOTOS-NO-SISTEMA-NOVO-2025-07-31T182346.182_2025-07-31_21-23-59.webp.webp?fit=1200%2C675&ssl=1&resize=1050%2C600 3x"},"classes":[]}],"jetpack_sharing_enabled":true,"jetpack_shortlink":"https:\/\/wp.me\/peQAOb-j8d","_links":{"self":[{"href":"https:\/\/noticiasribeiraopreto.com.br\/index.php\/wp-json\/wp\/v2\/posts\/73545","targetHints":{"allow":["GET"]}}],"collection":[{"href":"https:\/\/noticiasribeiraopreto.com.br\/index.php\/wp-json\/wp\/v2\/posts"}],"about":[{"href":"https:\/\/noticiasribeiraopreto.com.br\/index.php\/wp-json\/wp\/v2\/types\/post"}],"author":[{"embeddable":true,"href":"https:\/\/noticiasribeiraopreto.com.br\/index.php\/wp-json\/wp\/v2\/users\/1"}],"replies":[{"embeddable":true,"href":"https:\/\/noticiasribeiraopreto.com.br\/index.php\/wp-json\/wp\/v2\/comments?post=73545"}],"version-history":[{"count":0,"href":"https:\/\/noticiasribeiraopreto.com.br\/index.php\/wp-json\/wp\/v2\/posts\/73545\/revisions"}],"wp:featuredmedia":[{"embeddable":true,"href":"https:\/\/noticiasribeiraopreto.com.br\/index.php\/wp-json\/wp\/v2\/media\/73546"}],"wp:attachment":[{"href":"https:\/\/noticiasribeiraopreto.com.br\/index.php\/wp-json\/wp\/v2\/media?parent=73545"}],"wp:term":[{"taxonomy":"category","embeddable":true,"href":"https:\/\/noticiasribeiraopreto.com.br\/index.php\/wp-json\/wp\/v2\/categories?post=73545"},{"taxonomy":"post_tag","embeddable":true,"href":"https:\/\/noticiasribeiraopreto.com.br\/index.php\/wp-json\/wp\/v2\/tags?post=73545"}],"curies":[{"name":"wp","href":"https:\/\/api.w.org\/{rel}","templated":true}]}}