{"id":73547,"date":"2025-07-04T13:47:34","date_gmt":"2025-07-04T16:47:34","guid":{"rendered":"https:\/\/noticiasribeiraopreto.com.br\/index.php\/2025\/07\/04\/teatro-paulo-ricardo-e-aeromodelismo-o-que-fazer-no-fim-de-semana-em-ribeirao-e-regiao\/"},"modified":"2025-07-04T13:47:34","modified_gmt":"2025-07-04T16:47:34","slug":"teatro-paulo-ricardo-e-aeromodelismo-o-que-fazer-no-fim-de-semana-em-ribeirao-e-regiao","status":"publish","type":"post","link":"https:\/\/noticiasribeiraopreto.com.br\/index.php\/2025\/07\/04\/teatro-paulo-ricardo-e-aeromodelismo-o-que-fazer-no-fim-de-semana-em-ribeirao-e-regiao\/","title":{"rendered":"Teatro, Paulo Ricardo e aeromodelismo: o que fazer no fim de semana em Ribeir\u00e3o e regi\u00e3o?"},"content":{"rendered":"<div class='code-block code-block-1' style='margin: 8px 0 8px auto; text-align: right; display: block; clear: both;'>\n<p><a href=\"https:\/\/wa.link\/vpicfd\"><img data-recalc-dims=\"1\" class=\"wp-image-4922\" style=\"aspect-ratio: 2.0253164556962027; width: 561px; height: auto;\" src=\"https:\/\/i0.wp.com\/ismaelcolosi.com.br\/wp-content\/uploads\/2023\/11\/grupo-de-empregos-whatsapp-e-facebook-ismael-colosi-vagas.jpg?ssl=1\" alt=\"\" \/><\/a><\/p>\n<!-- \/wp:image -->\n<\/div>\n<p> <br \/>\n<\/p>\n<div>\n<p>O fim de semana em <strong>Ribeir\u00e3o Preto<\/strong> e regi\u00e3o conta com diversas <strong>op\u00e7\u00f5es de lazer<\/strong> para quem deseja aproveitar fora de casa. <\/p>\n<p>Os destaques da programa\u00e7\u00e3o s\u00e3o: a apresenta\u00e7\u00e3o de Vera Fisher e Leonardo Franco no <strong>Theatro Pedro II<\/strong>, o show de Paulo Ricardo no <strong>Multiplan Hall<\/strong> e o encontro de aeromodelismo em <strong>Sert\u00e3ozinho<\/strong>. Veja a programa\u00e7\u00e3o completa:<\/p>\n<h2 class=\"wp-block-heading\"><strong>O Casal Mais Sexy da Am\u00e9rica<\/strong><\/h2>\n<p>O Theatro Pedro II, em Ribeir\u00e3o Preto, recebe neste fim de semana os atores\u00a0<strong>Vera Fischer\u00a0<\/strong>e\u00a0<strong>Leonardo Franco<\/strong>\u00a0na com\u00e9dia \u201cO Casal Mais Sexy da Am\u00e9rica\u201d. O elenco tamb\u00e9m conta com a participa\u00e7\u00e3o de<strong>\u00a0Vitor Thir\u00e9. <\/strong><\/p>\n<p>A\u00a0<strong>com\u00e9dia in\u00e9dita no Brasil<\/strong>\u00a0acompanha o reencontro, ap\u00f3s tr\u00eas d\u00e9cadas, de dois astros da TV que marcaram \u00e9poca como\u00a0<em>\u201co casal mais sexy da Am\u00e9rica\u201d<\/em>. Agora, sozinhos e inseguros, se reencontram em um quarto de hotel.<\/p>\n<p>As sess\u00f5es acontecem<strong> sexta-feira (4)<\/strong> e <strong>s\u00e1bado (5)<\/strong>, \u00e0s 20h. Os ingressos podem ser adquiridos on-line, atrav\u00e9s do site\u00a0<strong><a href=\"https:\/\/megabilheteria.com\/evento\/temporada?id=20190430095139\">MegaBilheteria \u00a0(clique aqui)<\/a><\/strong>. Os pre\u00e7os variam entre\u00a0<strong>R$ 100 a R$ 220<\/strong>.<\/p>\n<p><strong>Quando:\u00a0<\/strong>4 e 5 de julho, sexta-feira e s\u00e1bado <strong><br \/>Hor\u00e1rio:\u00a0<\/strong>20h <strong><br \/>Local:\u00a0<\/strong>Theatro Pedro II | rua \u00c1lvares Cabral, 370 \u2013 Centro <strong><br \/>Ingressos: <\/strong><strong>A partir de R$ 100<\/strong><\/p>\n<h2 class=\"wp-block-heading\"><strong>Paulo Ricardo<\/strong><\/h2>\n<p>O cantor Paulo Ricardo apresenta neste <strong>s\u00e1bado (5)<\/strong>, no <strong>Multiplan Hall<\/strong>, localizado no <strong>Ribeir\u00e3o Shopping<\/strong>, o show de sua turn\u00ea \u201c<strong>Paulo Ricardo XL<\/strong>\u201d, que celebra os 40 anos de carreira do astro. Os ingressos podem ser adquiridos <strong>on-line <a href=\"https:\/\/www.ticketmaster.com.br\/event\/paulo-ricardo-ribeirao-preto\">(clique aqui)<\/a><\/strong>.<\/p>\n<p><strong>Quando:<\/strong> 5 de julho, s\u00e1bado<br \/><strong>Hor\u00e1rio:<\/strong> Port\u00f5es abrem \u00e0s 19h | show \u00e0s 21h<br \/><strong>Onde:<\/strong> Multiplan Hall<br \/><strong>Ingressos: <\/strong>A partir de R$ 125<\/p>\n<h2 class=\"wp-block-heading\"><strong>Encontro Nacional de Aeromodelismo<\/strong><\/h2>\n<p>O <strong>Encontro Nacional de Aeromodelismo <\/strong>acontece no s\u00e1bado (5) e no domingo (6), das 8h \u00e0s 17h, no Parque Ecol\u00f3gico e de Lazer \u201cGustavo Simioni\u201d, local conhecido como \u201c<strong>Prainha de Sert\u00e3ozinho<\/strong>\u201d. Haver\u00e1 <strong>exibi\u00e7\u00f5es com aeronaves de diversos tipos <\/strong>e<strong> voos acrob\u00e1ticos<\/strong>, com manobras radicais.<\/p>\n<p><strong>Quando:\u00a0<\/strong>5 e 6 de julho, s\u00e1bado e domingo<strong><br \/>Hor\u00e1rio:\u00a0<\/strong>8h \u00e0s 17h<strong><br \/>Local:\u00a0<\/strong>Parque Ecol\u00f3gico e de Lazer \u201cGustavo Simioni\u201d (Prainha de Sert\u00e3ozinho) | avenida Doutor Romeu Bonini, s\/n\u00ba \u2013 \u00c1gua Vermelha, Sert\u00e3ozinho<strong><br \/>Entrada gratuita<\/strong><\/p>\n<h2 class=\"wp-block-heading\"><strong>Aminas<\/strong><strong\/><\/h2>\n<p>O grupo de rock e grunge formado por <strong>Sharah Bertocco, Laura Martini e Maiara Munhos<\/strong> apresenta vers\u00f5es cl\u00e1ssicas do rock no <strong>Sesc Ribeir\u00e3o Preto<\/strong>, neste <strong>domingo (6)<\/strong>, a partir das <strong>16h<\/strong>. O show acontece na \u00e1rea de conviv\u00eancia da unidade.<\/p>\n<p><strong>Quando:\u00a0<\/strong>6 de julho, domingo \u00a0\u00a0<strong><br \/>Hor\u00e1rio:\u00a0<\/strong>16h<br \/><strong>Local:\u00a0<\/strong>\u00c1rea de conviv\u00eancia Sesc Ribeir\u00e3o Preto | rua Tibiri\u00e7\u00e1, 50 \u2013 Centro<br \/><strong>Entrada gratuita<\/strong><\/p>\n<h2 class=\"wp-block-heading\"><strong>Aurah \u2013 Uma Viagem Pelos Cl\u00e1ssicos<\/strong><\/h2>\n<p>Nesta <strong>sexta-feira (4)<\/strong>, no <strong>Hard Rock Caf\u00e9 <\/strong>acontece o show da banda<strong> Aurah<\/strong>, que promete uma verdadeira viagem pelos cl\u00e1ssicos do rock, com um repert\u00f3rio que passeia por nomes como<strong> Skank<\/strong>, <strong>Europe<\/strong>,<strong> Queen, Foreigner<\/strong>, <strong>Jota Quest <\/strong>e muito mais. Os ingressos podem ser adquiridos <strong>on-line <a href=\"https:\/\/www.sympla.com.br\/evento\/aurah-uma-viagem-pelos-classicos\/2976408\">(clique aqui)<\/a><\/strong>, por <strong>R$ 60<\/strong>.<\/p>\n<p><strong>Quando: <\/strong>4 de julho, sexta-feira \u00a0<strong><br \/>Hor\u00e1rio:<\/strong>\u00a018h<strong><br \/>Local:\u00a0<\/strong>Hard Rock Caf\u00e9 | rua Edgar Rodrigues, 200 \u2013 Santa Cruz \u00a0\u00a0\u00a0<strong><br \/>Ingressos: <\/strong>R$ 60<\/p>\n<h2 class=\"wp-block-heading\"><strong>Feirinha do Produtor<\/strong><\/h2>\n<p>A <strong>Galeria Renato Aguiar recebe <\/strong>a tradicional <strong>Feirinha do Produtor<\/strong>, com fabricantes locais e diversas op\u00e7\u00f5es gastron\u00f4micas artesanais. A entrada \u00e9 <strong>gratuita<\/strong>. O evento acontece nesta <strong>sexta-feira (4)<\/strong>, das 16h \u00e0s 21h, e ser\u00e1 acompanhada de uma <strong>festa julina<\/strong>.<\/p>\n<p>J\u00e1 no <strong>s\u00e1bado (5)<\/strong>, a feirinha acontece 9h \u00e0s 13, e contar\u00e1 com diversas op\u00e7\u00f5es gastron\u00f4micas entre massas, granola, mel, geleias, p\u00e3es de fermenta\u00e7\u00e3o natural, balas caseiras, iogurte e mais.<\/p>\n<p><strong>Quando:\u00a0<\/strong>4 e 5 de julho (sexta-feira e s\u00e1bado)<strong><br \/>Hor\u00e1rio:<\/strong>\u00a0das 16h \u00e0s 21h | das 9h \u00e0s 13h <strong><br \/>Local:<\/strong>\u00a0Galeria Renato Aguiar | rua Jos\u00e9 Ferreira da Costa, 345 \u2013 Jardim Nova Alian\u00e7a Sul \u00a0<strong><br \/>Entrada gratuita \u00a0<\/strong><\/p>\n<h2 class=\"wp-block-heading\"><strong>Arrai\u00e1 Sesi<\/strong><\/h2>\n<p>Neste <strong>s\u00e1bado (5)<\/strong>, a partir das <strong>17h<\/strong>, acontece o<strong> arrai\u00e1 gratuito <\/strong>do<strong> Sesi Ribeir\u00e3o Preto<\/strong>. A noite contar\u00e1 com comidas t\u00edpicas, brincadeiras e muito forr\u00f3 ao vivo. A programa\u00e7\u00e3o inclui brinquedos como pula-pula, escorregador, touro mec\u00e2nico e brincadeiras t\u00edpicas. \u00a0<\/p>\n<p><strong>Quando: <\/strong>5 de julho, s\u00e1bado \u00a0<strong><br \/>Hor\u00e1rio:<\/strong>\u00a017h<strong><br \/>Local:\u00a0<\/strong>Sesi Ribeir\u00e3o Preto | rua Artur Jos\u00e9 Suzana \u2013 Jardim Castelo Branco<br \/><strong>Entrada gratuita \u00a0<\/strong><\/p>\n<h2 class=\"wp-block-heading\"><strong>Arena The Wall \u2013 O Filme<\/strong><\/h2>\n<p>A experi\u00eancia imersiva que combina cinema, m\u00fasica ao vivo e hist\u00f3ria do rock progressivo chega ao\u00a0<strong>Teatro de Arena de Ribeir\u00e3o Preto<\/strong>, neste\u00a0<strong>s\u00e1bado (5)<\/strong>, a partir das\u00a0<strong>17h<\/strong><strong>.<\/strong> O espet\u00e1culo \u00e9 dividido em dois atos. O filme conta com a trilha sonora ao vivo feito pela banda\u00a0<strong>Echoes Pink Floyd S\u00e3o Paulo<\/strong>, ainda h\u00e1 um<strong> tributo especial<\/strong>\u00a0aos grandes cl\u00e1ssicos do\u00a0<strong>Pink Floyd<\/strong> e ao rock progressivo nacional com a banda\u00a0<strong>Seo Pereira<\/strong>.<\/p>\n<p>Os ingressos podem ser adquiridos\u00a0<strong>on-line<\/strong>\u00a0atrav\u00e9s da plataforma\u00a0<strong>Ticket Pag<\/strong>\u00a0<strong><a href=\"https:\/\/www.ticketpag.com.br\/arena-the-wall\">(clique aqui)<\/a> <\/strong>ou presencialmente nos pontos f\u00edsicos: Mundo Vinyl, na rua Triunfo, 1349 \u2013 Sala 412, ou no Mercad\u00e3o Sports Bar, na avenida L\u00edgia Latuf Salom\u00e3o, 605 \u2013 Box 96.\u00a0O bilhete custa\u00a0<strong>R$ 50<\/strong>.<\/p>\n<p><strong>Quando: <\/strong>5 de julho, s\u00e1bado \u00a0<strong><br \/>Hor\u00e1rio:<\/strong>\u00a017h<strong><br \/>Local:\u00a0<\/strong>Teatro de Arena | Jardim Mosteiro \u00a0<br \/><strong>Ingressos: <\/strong><strong>R$ 50<\/strong><\/p>\n<h2 class=\"wp-block-heading\"><strong>A Hist\u00f3ria e a Arte da Nossa Catedral<\/strong><\/h2>\n<p>O Shopping Santa \u00darsula, no Centro de\u00a0<strong>Ribeir\u00e3o Preto<\/strong>, recebe\u00a0<strong>at\u00e9 o dia 31 de julho<\/strong>, uma exposi\u00e7\u00e3o que busca sensibilizar a popula\u00e7\u00e3o sobre a\u00a0<strong>situa\u00e7\u00e3o estrutural\u00a0<\/strong>enfrentada pela\u00a0<strong>Catedral Metropolitana<\/strong>. A\u00a0<strong>visita\u00e7\u00e3o \u00e9 gratuita<\/strong>\u00a0e aberta ao p\u00fablico durante o hor\u00e1rio de funcionamento do estabelecimento.<\/p>\n<p><strong>Quando:\u00a0<\/strong><strong>at\u00e9 31 de julho <\/strong><strong><br \/>Hor\u00e1rio:<\/strong> segunda a s\u00e1bado das 9h \u00e0s 21 e domingos e feriados das 11h \u00e0s 21h<strong><br \/>Local:\u00a0<\/strong>Shopping Santa \u00darsula | rua S\u00e3o Jos\u00e9, 933 \u2013 Higen\u00f3polis \u00a0\u00a0<strong><br \/>Entrada gratuita <\/strong><strong\/><\/p>\n<h2 class=\"wp-block-heading\"><strong>Jogo com recrea\u00e7\u00e3o<\/strong><strong\/><\/h2>\n<p>No<strong> domingo (6)<\/strong>, a partir das <strong>16h30<\/strong>, antes do jogo entre o <strong>Botafogo-SP <\/strong>e <strong>Novorizontino<\/strong>, v\u00e1lido pela <strong>S\u00e9rie B do Campeonato Brasileiro<\/strong>, o <strong>Hard Rock Caf\u00e9 <\/strong>realiza a primeira edi\u00e7\u00e3o da <strong>Football Experience<\/strong>, que oferece oficinas para crian\u00e7as e servi\u00e7o de bar e restaurante com vista privilegiada para o jogo. Os ingressos podem ser adquiridos<strong> on-line <a href=\"https:\/\/www.sympla.com.br\/evento\/football-experience-jogo-botafogo-x-novorizontino\/2995111?\">(clique aqui)<\/a><\/strong>.<\/p>\n<p><strong>Quando:\u00a0<\/strong>6 de julho, domingo<strong><br \/>Hor\u00e1rio:\u00a0<\/strong>A partir das 16h30<strong><br \/>Local:\u00a0<\/strong>Hard Rock Caf\u00e9 | rua Edgar Rodrigues, 200 \u2013 Ribeirania<br \/><strong>Ingressos: <\/strong>A partir de R$ 54,90<\/p>\n<h2 class=\"wp-block-heading\"><strong>Melhores do Mundo | Hermanoteu Na Terra de Godah<\/strong><\/h2>\n<p>Celebrando 30 anos de carreira, a companhia de com\u00e9dia <strong>Os Melhores do Mundo<\/strong> segue com a sua turn\u00ea nacional de \u201c<strong>Hermanoteu na Terra de Godah<\/strong>\u201d. Na pe\u00e7a, <strong>Hermanoteu<\/strong> e <strong>Isaac <\/strong>anunciam o momento universalmente conhecido em que Mois\u00e9s abre o Mar Vermelho.<\/p>\n<p><strong>Quando: <\/strong>6 de junho, domingo<strong><br \/>Hor\u00e1rio:<\/strong>\u00a0A partir das 19h <strong><br \/>Local:\u00a0<\/strong>Theatro Pedro II \u2013 R. \u00c1lvares Cabral, 370 \u2013 Centro<\/p>\n<p>Ingressos: a partir de R$ 65 \u2013 <a href=\"https:\/\/ingressodigital.com\/evento\/15697\/melhores-do-mundo-%7C-hermanoteu-na-terra-de-godah\">clique aqui<\/a><\/p>\n<h2 class=\"wp-block-heading\"><strong>FACT\u00d3TUM<\/strong><\/h2>\n<p>A\u00a0<strong>Casa Cotrim Belas Artes<\/strong>, em\u00a0<strong>Ribeir\u00e3o Preto<\/strong> recebe a exposi\u00e7\u00e3o \u201c<strong>FACT\u00d3TUM<\/strong>\u201d, do poeta visual e multiartista\u00a0<strong>Gast\u00e3o Debreix<\/strong>. A entrada \u00e9\u00a0<strong>gratuita<\/strong>\u00a0e a mostra permanece em cartaz at\u00e9 o dia\u00a0<strong>25 de julho<\/strong>. Todo o processo da obra \u00e9 assinada pelo artista e conta com sobreposi\u00e7\u00e3o de camadas, gestos e signos.<\/p>\n<p><strong>Quando: <\/strong>at\u00e9 25 de julho <strong><br \/>Hor\u00e1rio:\u00a0<\/strong>Segunda a sexta-feira, das 19h \u00e0s 22h<strong><br \/>Local:\u00a0<\/strong>Casa Cotrim Belas Artes | rua Jo\u00e3o Godoy, 490 \u2013 Jardim America<strong><br \/>Entrada gratuita<\/strong><\/p>\n<h2 class=\"wp-block-heading\"><strong>Science Place Show<\/strong><\/h2>\n<p>Neste <strong>s\u00e1bado (5)<\/strong> e <strong>domingo (6)<\/strong> acontece a estreia do <strong>Science Place Show<\/strong>, um espet\u00e1culo cient\u00edfico din\u00e2mico e educativo que conta com tr\u00eas sess\u00f5es di\u00e1rias, \u00e0s\u00a0<strong>9h, 15h e 19h. <\/strong>O show \u00e9 gratuito e ser\u00e1 realizado no espa\u00e7o do\u00a0<strong>Circuito Tecnol\u00f3gico de F\u00e9rias<\/strong>, do <strong>Novo Shopping<\/strong>, localizado no\u00a0<strong>Corredor de Acesso \u00e0 Portaria 5<\/strong>.<\/p>\n<p><strong>Quando: <\/strong>5 e 6 de julho, s\u00e1bado e domingo \u00a0<strong>\u00a0<br \/>Hor\u00e1rio:<\/strong>\u00a014h, 16h e 18h<br \/><strong>Local:\u00a0<\/strong>Novo Shopping \u00a0\u00a0<strong><br \/>Entrada gratuita \u00a0<\/strong><\/p>\n<h2 class=\"wp-block-heading\"><strong>Espet\u00e1culo Abracadabra<\/strong><\/h2>\n<p>O espet\u00e1culo \u201c<strong>Abracadabra \u2013 O Circo Musical<\/strong>\u201d segue por mais um fim de semana em\u00a0<strong>Ribeir\u00e3o Preto. <\/strong>Criado por\u00a0<strong>Frederico Reder<\/strong>, esta temporada conta com nomes como\u00a0<strong>Ded\u00e9 Santana, Diego Hyp\u00f3lito\u00a0<\/strong>e\u00a0<strong>Tio Paulo<\/strong>. O espet\u00e1culo conta com m\u00fasica ao vivo, anim\u00e1gicos, brinquedos e pra\u00e7a de alimenta\u00e7\u00e3o. <strong>Os ingressos est\u00e3o dispon\u00edveis\u00a0on-line<\/strong>\u00a0(<a href=\"https:\/\/uhuu.com\/comprar-ingressos\/sp\/ribeirao-preto\/reder-circus-dede-santana-e-tio-paulo-em-abracadabra-14603?queueittoken=e_principal~q_4dadbacf-b587-41ba-8425-5e6457569a5b~ts_1746659386~ce_true~rt_safetynet~h_375d37f8c12fec4c1d48460921d38408354aafd330b45a64caff5dd3895c3277#\/fluxo-de-selecao\">clique aqui<\/a>), com sess\u00f5es de quinta a domingo, com hor\u00e1rios a partir das 15h.<\/p>\n<p> \u00a0<br \/><strong>Local:<\/strong>\u00a0Reeder Circus | via Dr. Jeremias de Paula Martins \u2013 Jardim Zinato<br \/><strong>Hor\u00e1rio: <\/strong>Sess\u00f5es a partir das 15h (dependendo do dia)<br \/><strong>Ingressos: <\/strong>A partir de R$ 44<\/p>\n<h2 class=\"wp-block-heading\"><strong>Reciclarte<\/strong><\/h2>\n<p>Acontece neste <strong>s\u00e1bado (5)<\/strong>, a oficina \u201cReciclarte\u201d, no <strong>Museu Casa de Portinari<\/strong>. A atividade prop\u00f5e uma experi\u00eancia criativa e sustent\u00e1vel com o uso de materiais recicl\u00e1veis, como caixas de ovos e papel\u00e3o.<\/p>\n<p><strong>Quando: <\/strong>5 de julho, s\u00e1bado \u00a0<strong><br \/>Hor\u00e1rio:<\/strong>\u00a0Das 10h \u00e0s 12h e das 14h \u00e0s 16h <strong><br \/>Local:\u00a0<\/strong>Esplanada do Museu \u2013 Brodowski \u00a0\u00a0\u00a0\u00a0\u00a0<strong><br \/>Entrada gratuita<\/strong><\/p>\n<h2 class=\"wp-block-heading\"><strong>Feira de Artesanato<\/strong><\/h2>\n<p>Todos os s\u00e1bado e domingos de julho acontece a tradicional feira de artesanato do Museu Casa de Portinari, que re\u00fane artes\u00f5es de Brodowski, valoriza a produ\u00e7\u00e3o manual e fortalece a economia criativa local.<\/p>\n<p><strong>Quando: <\/strong>todos os s\u00e1bados e domingos de julho \u00a0<strong><br \/>Hor\u00e1rio:<\/strong>\u00a0Das 10h \u00e0s 16h <strong><br \/>Local:\u00a0<\/strong>Sesc Ribeir\u00e3o Preto | rua Tibiri\u00e7\u00e1, 50 \u2013 Centro \u00a0\u00a0\u00a0<strong><br \/>Entrada gratuita<\/strong><\/p>\n<hr class=\"wp-block-separator has-alpha-channel-opacity\"\/>\n<p>SAIBA MAIS<br \/>Frio vai continuar? Veja temperaturas no primeiro fim de semana de julho<\/p>\n<h3 class=\"wp-block-heading\"><strong>FIQUE ON<\/strong><\/h3>\n<p>Quer ficar por dentro de tudo que acontece em Ribeir\u00e3o Preto e regi\u00e3o? Ent\u00e3o siga os perfis do\u202facidade on\u202fno\u202f<a href=\"https:\/\/www.instagram.com\/acidadeonribeirao\" target=\"_blank\" rel=\"noreferrer noopener\">Instagram<\/a>\u202fe no\u202f<a href=\"https:\/\/www.facebook.com\/acidadeonribeirao\/\" target=\"_blank\" rel=\"noreferrer noopener\">Facebook<\/a>.<\/p>\n<p>Al\u00e9m disso, voc\u00ea pode receber as principais not\u00edcias diretamente no WhatsApp. Para isso, basta\u00a0<a href=\"https:\/\/chat.whatsapp.com\/BjKQZ9oJwlz8VVT50NuePq\" target=\"_blank\" rel=\"noreferrer noopener\">entrar no grupo clicando aqui<\/a>.<\/p>\n<p>Por fim, se quiser fazer uma den\u00fancia ou sugerir uma reportagem sobre Ribeir\u00e3o Preto e regi\u00e3o, envie uma mensagem pelo WhatsApp: (16) 99117-7802.<\/p>\n<p>VEJA TAMB\u00c9M<br \/>Qual livro de Jorge Amado foi criticado por vereadora bolsonarista?<\/p>\n<p><!-- AI CONTENT END 1 -->\n<\/div>\n<p><script async src=\"\/\/www.instagram.com\/embed.js\"><\/script><br \/>\n<br \/><br \/>\n<br \/><a href=\"https:\/\/www.acidadeon.com\/ribeiraopreto\/lazer-e-cultura\/teatro-paulo-ricardo-e-aeromodelismo-o-que-fazer-no-fim-de-semana-em-ribeirao-e-regiao\/\">Source link <\/a><\/p>\n<!-- CONTENT END 1 -->\n","protected":false},"excerpt":{"rendered":"<p>O fim de semana em Ribeir\u00e3o Preto e regi\u00e3o conta com diversas op\u00e7\u00f5es de lazer para quem deseja aproveitar fora de casa. Os destaques da&#8230;<\/p>\n","protected":false},"author":1,"featured_media":73548,"comment_status":"open","ping_status":"open","sticky":false,"template":"","format":"standard","meta":{"advanced_seo_description":"","jetpack_seo_html_title":"","jetpack_seo_noindex":false,"jetpack_post_was_ever_published":false,"_jetpack_newsletter_access":"","_jetpack_dont_email_post_to_subs":false,"_jetpack_newsletter_tier_id":0,"_jetpack_memberships_contains_paywalled_content":false,"_jetpack_memberships_contains_paid_content":false,"footnotes":"","jetpack_publicize_message":"","jetpack_publicize_feature_enabled":true,"jetpack_social_post_already_shared":true,"jetpack_social_options":{"image_generator_settings":{"template":"highway","default_image_id":0,"font":"","enabled":false},"version":2}},"categories":[11],"tags":[],"class_list":["post-73547","post","type-post","status-publish","format-standard","has-post-thumbnail","hentry","category-noticias-de-ribeirao-preto-sp-e-regiao-ismael-colosi"],"jetpack_publicize_connections":[],"jetpack_featured_media_url":"https:\/\/i0.wp.com\/noticiasribeiraopreto.com.br\/wp-content\/uploads\/2025\/07\/Copia-de-Copia-de-Copia-de-TAMANHO-EXATO-PARA-FOTOS-NO-SISTEMA-NOVO-2025-07-04T121048.915_2025-07-04_15-11-02.webp.webp?fit=1200%2C675&ssl=1","jetpack-related-posts":[{"id":66859,"url":"https:\/\/noticiasribeiraopreto.com.br\/index.php\/2025\/04\/06\/vera-fischer-se-apresenta-com-leonardo-franco-no-theatro-pedro-ii-em-ribeirao-preto\/","url_meta":{"origin":73547,"position":0},"title":"Vera Fischer se apresenta com Leonardo Franco no Theatro Pedro II em Ribeir\u00e3o Preto","author":"noticiasribeiraopreto.com.br","date":"6 de April de 2025","format":false,"excerpt":"A atriz Vera Fischer chega ao Theatro Pedro II, em Ribeir\u00e3o Preto, para apresenta\u00e7\u00e3o da pe\u00e7a \u201cO Casal Mais Sexy da Am\u00e9rica\u201d. O espet\u00e1culo, que tamb\u00e9m conta com os atores Leonardo Franco e Vitor Thir\u00e9, ser\u00e1 apresentado nos dias 4 e 5 de julho, a partir das 20h. Os ingressos\u2026","rel":"","context":"In &quot;Not\u00edcias de Ribeir\u00e3o Preto-SP e Regi\u00e3o&quot;","block_context":{"text":"Not\u00edcias de Ribeir\u00e3o Preto-SP e Regi\u00e3o","link":"https:\/\/noticiasribeiraopreto.com.br\/index.php\/category\/noticias-de-ribeirao-preto-sp-e-regiao-ismael-colosi\/"},"img":{"alt_text":"","src":"https:\/\/i0.wp.com\/noticiasribeiraopreto.com.br\/wp-content\/uploads\/2025\/04\/vera-fischer_2025-04-06_16-37-11_jpg_2025-04-06_16-37-11.webp.webp?fit=1078%2C825&ssl=1&resize=350%2C200","width":350,"height":200,"srcset":"https:\/\/i0.wp.com\/noticiasribeiraopreto.com.br\/wp-content\/uploads\/2025\/04\/vera-fischer_2025-04-06_16-37-11_jpg_2025-04-06_16-37-11.webp.webp?fit=1078%2C825&ssl=1&resize=350%2C200 1x, https:\/\/i0.wp.com\/noticiasribeiraopreto.com.br\/wp-content\/uploads\/2025\/04\/vera-fischer_2025-04-06_16-37-11_jpg_2025-04-06_16-37-11.webp.webp?fit=1078%2C825&ssl=1&resize=525%2C300 1.5x, https:\/\/i0.wp.com\/noticiasribeiraopreto.com.br\/wp-content\/uploads\/2025\/04\/vera-fischer_2025-04-06_16-37-11_jpg_2025-04-06_16-37-11.webp.webp?fit=1078%2C825&ssl=1&resize=700%2C400 2x, https:\/\/i0.wp.com\/noticiasribeiraopreto.com.br\/wp-content\/uploads\/2025\/04\/vera-fischer_2025-04-06_16-37-11_jpg_2025-04-06_16-37-11.webp.webp?fit=1078%2C825&ssl=1&resize=1050%2C600 3x"},"classes":[]},{"id":72814,"url":"https:\/\/noticiasribeiraopreto.com.br\/index.php\/2025\/06\/21\/theatro-pedro-ii-recebe-peca-com-vera-fisher-e-leonardo-franco-veja-quando\/","url_meta":{"origin":73547,"position":1},"title":"Theatro Pedro II recebe pe\u00e7a com Vera Fisher e Leonardo Franco; veja quando","author":"noticiasribeiraopreto.com.br","date":"21 de June de 2025","format":false,"excerpt":"O Theatro Pedro II, em Ribeir\u00e3o Preto, recebe nos dias 4 e 5 de julho os atores Vera Fischer e Leonardo Franco na com\u00e9dia \u201cO Casal Mais Sexy da Am\u00e9rica\u201d. O elenco tamb\u00e9m conta com a participa\u00e7\u00e3o de Vitor Thir\u00e9. A com\u00e9dia in\u00e9dita no Brasil acompanha o reencontro, ap\u00f3s tr\u00eas\u2026","rel":"","context":"In &quot;Not\u00edcias de Ribeir\u00e3o Preto-SP e Regi\u00e3o&quot;","block_context":{"text":"Not\u00edcias de Ribeir\u00e3o Preto-SP e Regi\u00e3o","link":"https:\/\/noticiasribeiraopreto.com.br\/index.php\/category\/noticias-de-ribeirao-preto-sp-e-regiao-ismael-colosi\/"},"img":{"alt_text":"","src":"https:\/\/i0.wp.com\/noticiasribeiraopreto.com.br\/wp-content\/uploads\/2025\/06\/vera-fischer_2025-04-06_16-37-11_jpg_2025-04-06_16-37-11.webp.webp?fit=1078%2C825&ssl=1&resize=350%2C200","width":350,"height":200,"srcset":"https:\/\/i0.wp.com\/noticiasribeiraopreto.com.br\/wp-content\/uploads\/2025\/06\/vera-fischer_2025-04-06_16-37-11_jpg_2025-04-06_16-37-11.webp.webp?fit=1078%2C825&ssl=1&resize=350%2C200 1x, https:\/\/i0.wp.com\/noticiasribeiraopreto.com.br\/wp-content\/uploads\/2025\/06\/vera-fischer_2025-04-06_16-37-11_jpg_2025-04-06_16-37-11.webp.webp?fit=1078%2C825&ssl=1&resize=525%2C300 1.5x, https:\/\/i0.wp.com\/noticiasribeiraopreto.com.br\/wp-content\/uploads\/2025\/06\/vera-fischer_2025-04-06_16-37-11_jpg_2025-04-06_16-37-11.webp.webp?fit=1078%2C825&ssl=1&resize=700%2C400 2x, https:\/\/i0.wp.com\/noticiasribeiraopreto.com.br\/wp-content\/uploads\/2025\/06\/vera-fischer_2025-04-06_16-37-11_jpg_2025-04-06_16-37-11.webp.webp?fit=1078%2C825&ssl=1&resize=1050%2C600 3x"},"classes":[]},{"id":73553,"url":"https:\/\/noticiasribeiraopreto.com.br\/index.php\/2025\/07\/04\/vera-fischer-em-cartaz-no-pedro-ii\/","url_meta":{"origin":73547,"position":2},"title":"Vera Fischer em cartaz no Pedro II","author":"noticiasribeiraopreto.com.br","date":"4 de July de 2025","format":false,"excerpt":"In\u00e9dita no Brasil, a com\u00e9dia \u201cO Casal Mais Sexy da Am\u00e9rica\u201d, escrita por Ken Levine, dirigida pelo premiado ribeir\u00e3o-pretano Tadeu Aguiar e estrelada por Vera Fischer, Leonardo Franco e Vitor Thir\u00e9, estar\u00e1 em cartaz no Theatro Pedro II, em Ribeir\u00e3o Preto, neste final de semana, dias 4 e 5 de\u2026","rel":"","context":"In &quot;Not\u00edcias de Ribeir\u00e3o Preto-SP e Regi\u00e3o&quot;","block_context":{"text":"Not\u00edcias de Ribeir\u00e3o Preto-SP e Regi\u00e3o","link":"https:\/\/noticiasribeiraopreto.com.br\/index.php\/category\/noticias-de-ribeirao-preto-sp-e-regiao-ismael-colosi\/"},"img":{"alt_text":"","src":"https:\/\/i0.wp.com\/noticiasribeiraopreto.com.br\/wp-content\/uploads\/2025\/07\/Sexy-Divulgacao-03.jpg?fit=826%2C1200&ssl=1&resize=350%2C200","width":350,"height":200,"srcset":"https:\/\/i0.wp.com\/noticiasribeiraopreto.com.br\/wp-content\/uploads\/2025\/07\/Sexy-Divulgacao-03.jpg?fit=826%2C1200&ssl=1&resize=350%2C200 1x, https:\/\/i0.wp.com\/noticiasribeiraopreto.com.br\/wp-content\/uploads\/2025\/07\/Sexy-Divulgacao-03.jpg?fit=826%2C1200&ssl=1&resize=525%2C300 1.5x, https:\/\/i0.wp.com\/noticiasribeiraopreto.com.br\/wp-content\/uploads\/2025\/07\/Sexy-Divulgacao-03.jpg?fit=826%2C1200&ssl=1&resize=700%2C400 2x"},"classes":[]},{"id":68860,"url":"https:\/\/noticiasribeiraopreto.com.br\/index.php\/2025\/04\/29\/comedia-inedita-traz-vera-fischer-para-rp\/","url_meta":{"origin":73547,"position":3},"title":"Com\u00e9dia in\u00e9dita traz Vera Fischer para RP\u00a0","author":"noticiasribeiraopreto.com.br","date":"29 de April de 2025","format":false,"excerpt":"In\u00e9dita no Brasil, a com\u00e9dia \u201cO Casal Mais Sexy da Am\u00e9rica\u201d, escrita por Ken Levine, dirigida pelo premiado ribeir\u00e3o-pretano Tadeu Aguiar e estrelada por Vera Fischer, Leonardo Franco e Vitor Thir\u00e9, estar\u00e1 em cartaz no Theatro Pedro II, em Ribeir\u00e3o Preto, nos dias 4 e 5 de julho, sexta-feira e\u2026","rel":"","context":"In &quot;Not\u00edcias de Ribeir\u00e3o Preto-SP e Regi\u00e3o&quot;","block_context":{"text":"Not\u00edcias de Ribeir\u00e3o Preto-SP e Regi\u00e3o","link":"https:\/\/noticiasribeiraopreto.com.br\/index.php\/category\/noticias-de-ribeirao-preto-sp-e-regiao-ismael-colosi\/"},"img":{"alt_text":"","src":"https:\/\/i0.wp.com\/noticiasribeiraopreto.com.br\/wp-content\/uploads\/2025\/04\/Sexy-Cas-Divulgacao-scaled.jpg?fit=800%2C532&ssl=1&resize=350%2C200","width":350,"height":200,"srcset":"https:\/\/i0.wp.com\/noticiasribeiraopreto.com.br\/wp-content\/uploads\/2025\/04\/Sexy-Cas-Divulgacao-scaled.jpg?fit=800%2C532&ssl=1&resize=350%2C200 1x, https:\/\/i0.wp.com\/noticiasribeiraopreto.com.br\/wp-content\/uploads\/2025\/04\/Sexy-Cas-Divulgacao-scaled.jpg?fit=800%2C532&ssl=1&resize=525%2C300 1.5x, https:\/\/i0.wp.com\/noticiasribeiraopreto.com.br\/wp-content\/uploads\/2025\/04\/Sexy-Cas-Divulgacao-scaled.jpg?fit=800%2C532&ssl=1&resize=700%2C400 2x"},"classes":[]},{"id":75032,"url":"https:\/\/noticiasribeiraopreto.com.br\/index.php\/2025\/08\/01\/theatro-pedro-ii-recebe-stand-up-show-infantil-e-tributo-aos-beatles-no-fim-de-semana\/","url_meta":{"origin":73547,"position":4},"title":"Theatro Pedro II recebe stand-up, show infantil e tributo aos Beatles no fim de semana","author":"noticiasribeiraopreto.com.br","date":"1 de August de 2025","format":false,"excerpt":"O Theatro Pedro II, em Ribeir\u00e3o Preto, conta com uma programa\u00e7\u00e3o especial que promete agradar todos os gostos neste fim de semana. Entre as atra\u00e7\u00f5es, est\u00e3o o show infantil de Mussa, o stand-up de Gio Lisboa e a banda Hey Jude com um tributo aos Beatles. Show do Mussa O\u2026","rel":"","context":"In &quot;Not\u00edcias de Ribeir\u00e3o Preto-SP e Regi\u00e3o&quot;","block_context":{"text":"Not\u00edcias de Ribeir\u00e3o Preto-SP e Regi\u00e3o","link":"https:\/\/noticiasribeiraopreto.com.br\/index.php\/category\/noticias-de-ribeirao-preto-sp-e-regiao-ismael-colosi\/"},"img":{"alt_text":"","src":"https:\/\/i0.wp.com\/noticiasribeiraopreto.com.br\/wp-content\/uploads\/2025\/08\/Copia-de-Copia-de-Copia-de-TAMANHO-EXATO-PARA-FOTOS-NO-SISTEMA-NOVO-71_2025-08-01_16-45-02.webp.webp?fit=1200%2C675&ssl=1&resize=350%2C200","width":350,"height":200,"srcset":"https:\/\/i0.wp.com\/noticiasribeiraopreto.com.br\/wp-content\/uploads\/2025\/08\/Copia-de-Copia-de-Copia-de-TAMANHO-EXATO-PARA-FOTOS-NO-SISTEMA-NOVO-71_2025-08-01_16-45-02.webp.webp?fit=1200%2C675&ssl=1&resize=350%2C200 1x, https:\/\/i0.wp.com\/noticiasribeiraopreto.com.br\/wp-content\/uploads\/2025\/08\/Copia-de-Copia-de-Copia-de-TAMANHO-EXATO-PARA-FOTOS-NO-SISTEMA-NOVO-71_2025-08-01_16-45-02.webp.webp?fit=1200%2C675&ssl=1&resize=525%2C300 1.5x, https:\/\/i0.wp.com\/noticiasribeiraopreto.com.br\/wp-content\/uploads\/2025\/08\/Copia-de-Copia-de-Copia-de-TAMANHO-EXATO-PARA-FOTOS-NO-SISTEMA-NOVO-71_2025-08-01_16-45-02.webp.webp?fit=1200%2C675&ssl=1&resize=700%2C400 2x, https:\/\/i0.wp.com\/noticiasribeiraopreto.com.br\/wp-content\/uploads\/2025\/08\/Copia-de-Copia-de-Copia-de-TAMANHO-EXATO-PARA-FOTOS-NO-SISTEMA-NOVO-71_2025-08-01_16-45-02.webp.webp?fit=1200%2C675&ssl=1&resize=1050%2C600 3x"},"classes":[]},{"id":84217,"url":"https:\/\/noticiasribeiraopreto.com.br\/index.php\/2026\/04\/04\/theatro-pedro-ii-recebe-a-comedia-agora-e-que-sao-elas\/","url_meta":{"origin":73547,"position":5},"title":"Theatro Pedro II recebe a com\u00e9dia \u2018Agora \u00c9 que S\u00e3o Elas!\u2019","author":"noticiasribeiraopreto.com.br","date":"4 de April de 2026","format":false,"excerpt":"Ler o resumo da not\u00edcia Theatro Pedro II recebe a com\u00e9dia \u2018Agora \u00c9 que S\u00e3o Elas!\u2019 O Theatro Pedro II, em Ribeir\u00e3o Preto, recebe no pr\u00f3ximo dia 12 de abril, \u00e0s 18h, a com\u00e9dia \u201cAgora \u00c9 que S\u00e3o Elas!\u201d, com J\u00falia Rabello, Maria Clara Gueiros e Priscila Castello Branco. O\u2026","rel":"","context":"In &quot;Not\u00edcias de Ribeir\u00e3o Preto-SP e Regi\u00e3o&quot;","block_context":{"text":"Not\u00edcias de Ribeir\u00e3o Preto-SP e Regi\u00e3o","link":"https:\/\/noticiasribeiraopreto.com.br\/index.php\/category\/noticias-de-ribeirao-preto-sp-e-regiao-ismael-colosi\/"},"img":{"alt_text":"","src":"https:\/\/i0.wp.com\/noticiasribeiraopreto.com.br\/wp-content\/uploads\/2026\/04\/theatro-pedro-ii_2026-04-04_21-12-38.webp.webp?fit=1200%2C674&ssl=1&resize=350%2C200","width":350,"height":200,"srcset":"https:\/\/i0.wp.com\/noticiasribeiraopreto.com.br\/wp-content\/uploads\/2026\/04\/theatro-pedro-ii_2026-04-04_21-12-38.webp.webp?fit=1200%2C674&ssl=1&resize=350%2C200 1x, https:\/\/i0.wp.com\/noticiasribeiraopreto.com.br\/wp-content\/uploads\/2026\/04\/theatro-pedro-ii_2026-04-04_21-12-38.webp.webp?fit=1200%2C674&ssl=1&resize=525%2C300 1.5x, https:\/\/i0.wp.com\/noticiasribeiraopreto.com.br\/wp-content\/uploads\/2026\/04\/theatro-pedro-ii_2026-04-04_21-12-38.webp.webp?fit=1200%2C674&ssl=1&resize=700%2C400 2x, https:\/\/i0.wp.com\/noticiasribeiraopreto.com.br\/wp-content\/uploads\/2026\/04\/theatro-pedro-ii_2026-04-04_21-12-38.webp.webp?fit=1200%2C674&ssl=1&resize=1050%2C600 3x"},"classes":[]}],"jetpack_sharing_enabled":true,"jetpack_shortlink":"https:\/\/wp.me\/peQAOb-j8f","_links":{"self":[{"href":"https:\/\/noticiasribeiraopreto.com.br\/index.php\/wp-json\/wp\/v2\/posts\/73547","targetHints":{"allow":["GET"]}}],"collection":[{"href":"https:\/\/noticiasribeiraopreto.com.br\/index.php\/wp-json\/wp\/v2\/posts"}],"about":[{"href":"https:\/\/noticiasribeiraopreto.com.br\/index.php\/wp-json\/wp\/v2\/types\/post"}],"author":[{"embeddable":true,"href":"https:\/\/noticiasribeiraopreto.com.br\/index.php\/wp-json\/wp\/v2\/users\/1"}],"replies":[{"embeddable":true,"href":"https:\/\/noticiasribeiraopreto.com.br\/index.php\/wp-json\/wp\/v2\/comments?post=73547"}],"version-history":[{"count":0,"href":"https:\/\/noticiasribeiraopreto.com.br\/index.php\/wp-json\/wp\/v2\/posts\/73547\/revisions"}],"wp:featuredmedia":[{"embeddable":true,"href":"https:\/\/noticiasribeiraopreto.com.br\/index.php\/wp-json\/wp\/v2\/media\/73548"}],"wp:attachment":[{"href":"https:\/\/noticiasribeiraopreto.com.br\/index.php\/wp-json\/wp\/v2\/media?parent=73547"}],"wp:term":[{"taxonomy":"category","embeddable":true,"href":"https:\/\/noticiasribeiraopreto.com.br\/index.php\/wp-json\/wp\/v2\/categories?post=73547"},{"taxonomy":"post_tag","embeddable":true,"href":"https:\/\/noticiasribeiraopreto.com.br\/index.php\/wp-json\/wp\/v2\/tags?post=73547"}],"curies":[{"name":"wp","href":"https:\/\/api.w.org\/{rel}","templated":true}]}}