{"id":73549,"date":"2025-07-04T13:54:34","date_gmt":"2025-07-04T16:54:34","guid":{"rendered":"https:\/\/noticiasribeiraopreto.com.br\/index.php\/2025\/07\/04\/casacor-antecipa-programacao-e-inaugura-exposicao-gratuita-em-ribeirao-preto\/"},"modified":"2025-07-04T13:54:34","modified_gmt":"2025-07-04T16:54:34","slug":"casacor-antecipa-programacao-e-inaugura-exposicao-gratuita-em-ribeirao-preto","status":"publish","type":"post","link":"https:\/\/noticiasribeiraopreto.com.br\/index.php\/2025\/07\/04\/casacor-antecipa-programacao-e-inaugura-exposicao-gratuita-em-ribeirao-preto\/","title":{"rendered":"Casacor antecipa programa\u00e7\u00e3o e inaugura exposi\u00e7\u00e3o gratuita em Ribeir\u00e3o Preto"},"content":{"rendered":"<div class='code-block code-block-1' style='margin: 8px 0 8px auto; text-align: right; display: block; clear: both;'>\n<p><a href=\"https:\/\/wa.link\/vpicfd\"><img data-recalc-dims=\"1\" class=\"wp-image-4922\" style=\"aspect-ratio: 2.0253164556962027; width: 561px; height: auto;\" src=\"https:\/\/i0.wp.com\/ismaelcolosi.com.br\/wp-content\/uploads\/2023\/11\/grupo-de-empregos-whatsapp-e-facebook-ismael-colosi-vagas.jpg?ssl=1\" alt=\"\" \/><\/a><\/p>\n<!-- \/wp:image -->\n<\/div>\n<p> <br \/>\n<\/p>\n<div>\n<p>A 7\u00aa edi\u00e7\u00e3o da <strong>Casacor Ribeir\u00e3o Preto <\/strong>ainda n\u00e3o come\u00e7ou oficialmente, contudo, j\u00e1 movimenta o <strong>cen\u00e1rio cultural<\/strong> do munic\u00edpio.<\/p>\n<p>Como parte das a\u00e7\u00f5es que antecedem o evento, a exposi\u00e7\u00e3o \u201c<strong>Caminho se conhece andando<\/strong>\u201d segue acontecendo no lobby do Hotel Tryp, localizado no Jardim Nova Alian\u00e7a. <strong><mark style=\"background-color:#fcb900\" class=\"has-inline-color\">A visita\u00e7\u00e3o \u00e9 gratuita e fica aberta ao p\u00fablico at\u00e9 o final de julho.<\/mark><\/strong><\/p>\n<p>A <strong>Casacor 2025<\/strong> acontece entre os dias entre os dias <strong>19 de agosto <\/strong>e <strong>12 de outubro<\/strong>, em uma \u00e1rea de 1.835 m\u00b2, no bairro Alto da Boa Vista, na zona Sul de <strong>Ribeir\u00e3o Preto<\/strong>.<\/p>\n<p>O tema deste ano \u00e9 \u201c<strong>Semear Sonhos<\/strong>\u201d e vai reunir <strong>mais de 35 ambientes<\/strong>, apresentando as principais tend\u00eancias e inova\u00e7\u00f5es em arquitetura, design de interiores e paisagismo.<\/p>\n<p>\u201cCom o Arter Atelier, temos arte, hist\u00f3ria e afeto reunidos em uma exposi\u00e7\u00e3o que traduz muito bem o esp\u00edrito que queremos levar \u00e0 edi\u00e7\u00e3o deste ano\u201d, diz Maur\u00edcio Siqueira, diretor da <strong>Casacor Ribeir\u00e3o Preto<\/strong>.<\/p>\n<h2 class=\"wp-block-heading\"><strong>\u2018Caminho se conhece andando\u2019<\/strong><\/h2>\n<p>A exposi\u00e7\u00e3o \u00e9 assinada pelo Arter Atelier, coletivo art\u00edstico das artistas pl\u00e1sticas <strong>Maysa Pettes<\/strong> e <strong>Ana Ism\u00e9ria Velludo<\/strong>, e re\u00fane oito obras que refletem duas d\u00e9cadas de cria\u00e7\u00e3o conjunta entre m\u00e3e e filha.<\/p>\n<p>O coletivo participar da <strong>Casacor Ribeir\u00e3o Preto<\/strong> desde a primeira edi\u00e7\u00e3o da mostra anual. \u201cA obra de arte, al\u00e9m de preencher e somar esteticamente, traz personalidade e hist\u00f3ria aos ambientes\u201d, afirma Ana Ism\u00e9ria Velludo.<\/p>\n<h3 class=\"wp-block-heading\"><strong>Servi\u00e7o<\/strong><\/h3>\n<p><em>Exposi\u00e7\u00e3o \u2018Caminho se conhece andando\u2019<\/em><\/p>\n<p>Quando: at\u00e9 o final de julho<\/p>\n<p>Local: Hotel Tryp Ribeir\u00e3o \u2013 avenida Dr. Jos\u00e9 Ces\u00e1rio Monteiro da Silva, 150 \u2013 Jardim Nova Alian\u00e7a, Ribeir\u00e3o Preto<\/p>\n<p>Entrada: gratuita<\/p>\n<hr class=\"wp-block-separator has-alpha-channel-opacity\"\/>\n<p>SAIBA MAIS<\/p>\n<p>Henrique e Juliano anunciam show em Ribeir\u00e3o Preto; veja quando<\/p>\n<p><strong>FIQUE ON<\/strong><\/p>\n<p>Quer ficar por dentro de tudo que acontece em Ribeir\u00e3o Preto e regi\u00e3o? Ent\u00e3o siga os perfis do\u202facidade on\u202fno\u202f<a href=\"https:\/\/www.instagram.com\/acidadeonribeirao\" target=\"_blank\" rel=\"noreferrer noopener\">Instagram<\/a>\u202fe no\u202f<a href=\"https:\/\/www.facebook.com\/acidadeonribeirao\/\" target=\"_blank\" rel=\"noreferrer noopener\">Facebook<\/a>.<\/p>\n<p>Al\u00e9m disso, voc\u00ea pode receber as principais not\u00edcias diretamente no WhatsApp. Para isso, basta\u00a0<a href=\"https:\/\/chat.whatsapp.com\/BjKQZ9oJwlz8VVT50NuePq\" target=\"_blank\" rel=\"noreferrer noopener\">entrar no grupo clicando aqui<\/a>.<\/p>\n<p>Por fim, se quiser fazer uma den\u00fancia ou sugerir uma reportagem sobre Ribeir\u00e3o Preto e regi\u00e3o, envie uma mensagem pelo WhatsApp: (16) 99117-7802.<\/p>\n<p>VEJA TAMB\u00c9M<\/p>\n<p>Qual livro de Jorge Amado foi criticado por vereadora bolsonarista?<\/p>\n<p><!-- AI CONTENT END 1 -->\n<\/div>\n<p><script async src=\"\/\/www.instagram.com\/embed.js\"><\/script><br \/>\n<br \/><br \/>\n<br \/><a href=\"https:\/\/www.acidadeon.com\/ribeiraopreto\/lazer-e-cultura\/giro-lazer-e-cultura\/casacor-antecipa-programacao-e-inaugura-exposicao-gratuita-em-ribeirao-preto\/\">Source link <\/a><\/p>\n<!-- CONTENT END 1 -->\n","protected":false},"excerpt":{"rendered":"<p>A 7\u00aa edi\u00e7\u00e3o da Casacor Ribeir\u00e3o Preto ainda n\u00e3o come\u00e7ou oficialmente, contudo, j\u00e1 movimenta o cen\u00e1rio cultural do munic\u00edpio. Como parte das a\u00e7\u00f5es que antecedem&#8230;<\/p>\n","protected":false},"author":1,"featured_media":73550,"comment_status":"open","ping_status":"open","sticky":false,"template":"","format":"standard","meta":{"advanced_seo_description":"","jetpack_seo_html_title":"","jetpack_seo_noindex":false,"jetpack_post_was_ever_published":false,"_jetpack_newsletter_access":"","_jetpack_dont_email_post_to_subs":false,"_jetpack_newsletter_tier_id":0,"_jetpack_memberships_contains_paywalled_content":false,"_jetpack_memberships_contains_paid_content":false,"footnotes":"","jetpack_publicize_message":"","jetpack_publicize_feature_enabled":true,"jetpack_social_post_already_shared":true,"jetpack_social_options":{"image_generator_settings":{"template":"highway","default_image_id":0,"font":"","enabled":false},"version":2}},"categories":[11],"tags":[],"class_list":["post-73549","post","type-post","status-publish","format-standard","has-post-thumbnail","hentry","category-noticias-de-ribeirao-preto-sp-e-regiao-ismael-colosi"],"jetpack_publicize_connections":[],"jetpack_featured_media_url":"https:\/\/i0.wp.com\/noticiasribeiraopreto.com.br\/wp-content\/uploads\/2025\/07\/Copia-de-Copia-de-Copia-de-TAMANHO-EXATO-PARA-FOTOS-NO-SISTEMA-NOVO-2025-07-04T111912.635_2025-07-04_14-19-19.webp.webp?fit=1200%2C675&ssl=1","jetpack-related-posts":[{"id":55516,"url":"https:\/\/noticiasribeiraopreto.com.br\/index.php\/2024\/08\/02\/veja-como-comprar-ingressos-com-descontos-para-a-casacor-ribeirao-preto\/","url_meta":{"origin":73549,"position":0},"title":"Veja como comprar ingressos com descontos para a Casacor Ribeir\u00e3o Preto","author":"noticiasribeiraopreto.com.br","date":"2 de August de 2024","format":false,"excerpt":"Os ingressos para a Casacor Ribeir\u00e3o Preto, que acontece entre os dias 20 de agosto e 20 de outubro, podem ser adquiridos de forma on-line e com desconto, a partir desta sexta-feira (2). Os interessados em visitar o evento, que apresenta inspira\u00e7\u00f5es nos segmentos de arquitetura, paisagismo, arte e design\u2026","rel":"","context":"In &quot;Not\u00edcias de Ribeir\u00e3o Preto-SP e Regi\u00e3o&quot;","block_context":{"text":"Not\u00edcias de Ribeir\u00e3o Preto-SP e Regi\u00e3o","link":"https:\/\/noticiasribeiraopreto.com.br\/index.php\/category\/noticias-de-ribeirao-preto-sp-e-regiao-ismael-colosi\/"},"img":{"alt_text":"","src":"https:\/\/i0.wp.com\/noticiasribeiraopreto.com.br\/wp-content\/uploads\/2024\/08\/Copia-de-Copia-de-TAMANHO-EXATO-PARA-FOTOS-NO-SISTEMA-NOVO-2024-08-02T155836.169_2024-08-02_18-58-41_png_2024-08-02_18-58-41.webp.webp?fit=1200%2C675&ssl=1&resize=350%2C200","width":350,"height":200,"srcset":"https:\/\/i0.wp.com\/noticiasribeiraopreto.com.br\/wp-content\/uploads\/2024\/08\/Copia-de-Copia-de-TAMANHO-EXATO-PARA-FOTOS-NO-SISTEMA-NOVO-2024-08-02T155836.169_2024-08-02_18-58-41_png_2024-08-02_18-58-41.webp.webp?fit=1200%2C675&ssl=1&resize=350%2C200 1x, https:\/\/i0.wp.com\/noticiasribeiraopreto.com.br\/wp-content\/uploads\/2024\/08\/Copia-de-Copia-de-TAMANHO-EXATO-PARA-FOTOS-NO-SISTEMA-NOVO-2024-08-02T155836.169_2024-08-02_18-58-41_png_2024-08-02_18-58-41.webp.webp?fit=1200%2C675&ssl=1&resize=525%2C300 1.5x, https:\/\/i0.wp.com\/noticiasribeiraopreto.com.br\/wp-content\/uploads\/2024\/08\/Copia-de-Copia-de-TAMANHO-EXATO-PARA-FOTOS-NO-SISTEMA-NOVO-2024-08-02T155836.169_2024-08-02_18-58-41_png_2024-08-02_18-58-41.webp.webp?fit=1200%2C675&ssl=1&resize=700%2C400 2x, https:\/\/i0.wp.com\/noticiasribeiraopreto.com.br\/wp-content\/uploads\/2024\/08\/Copia-de-Copia-de-TAMANHO-EXATO-PARA-FOTOS-NO-SISTEMA-NOVO-2024-08-02T155836.169_2024-08-02_18-58-41_png_2024-08-02_18-58-41.webp.webp?fit=1200%2C675&ssl=1&resize=1050%2C600 3x"},"classes":[]},{"id":56973,"url":"https:\/\/noticiasribeiraopreto.com.br\/index.php\/2024\/08\/19\/mostra-casacor-ribeirao-preto-2024-comeca-nesta-terca-feira\/","url_meta":{"origin":73549,"position":1},"title":"Mostra Casacor Ribeir\u00e3o Preto 2024 come\u00e7a nesta ter\u00e7a-feira","author":"noticiasribeiraopreto.com.br","date":"19 de August de 2024","format":false,"excerpt":"Expondo mais de 30 ambientes com tend\u00eancias de arquitetura, design de interiores e paisagismo, a edi\u00e7\u00e3o 2024 da Casacor Ribeir\u00e3o Preto ser\u00e1 aberta nesta ter\u00e7a-feira (20). A mostra, que tem como tema \u201cDe Presente o Agora\u201d, segue at\u00e9 o dia 20 de outubro. Solu\u00e7\u00f5es sustent\u00e1veis, tecnol\u00f3gicas, arte e paisagismo tamb\u00e9m\u2026","rel":"","context":"In &quot;Not\u00edcias de Ribeir\u00e3o Preto-SP e Regi\u00e3o&quot;","block_context":{"text":"Not\u00edcias de Ribeir\u00e3o Preto-SP e Regi\u00e3o","link":"https:\/\/noticiasribeiraopreto.com.br\/index.php\/category\/noticias-de-ribeirao-preto-sp-e-regiao-ismael-colosi\/"},"img":{"alt_text":"","src":"https:\/\/i0.wp.com\/noticiasribeiraopreto.com.br\/wp-content\/uploads\/2024\/08\/casacor_2024-08-19_20-15-08_jpeg_2024-08-19_20-15-08.webp.webp?fit=1200%2C800&ssl=1&resize=350%2C200","width":350,"height":200,"srcset":"https:\/\/i0.wp.com\/noticiasribeiraopreto.com.br\/wp-content\/uploads\/2024\/08\/casacor_2024-08-19_20-15-08_jpeg_2024-08-19_20-15-08.webp.webp?fit=1200%2C800&ssl=1&resize=350%2C200 1x, https:\/\/i0.wp.com\/noticiasribeiraopreto.com.br\/wp-content\/uploads\/2024\/08\/casacor_2024-08-19_20-15-08_jpeg_2024-08-19_20-15-08.webp.webp?fit=1200%2C800&ssl=1&resize=525%2C300 1.5x, https:\/\/i0.wp.com\/noticiasribeiraopreto.com.br\/wp-content\/uploads\/2024\/08\/casacor_2024-08-19_20-15-08_jpeg_2024-08-19_20-15-08.webp.webp?fit=1200%2C800&ssl=1&resize=700%2C400 2x, https:\/\/i0.wp.com\/noticiasribeiraopreto.com.br\/wp-content\/uploads\/2024\/08\/casacor_2024-08-19_20-15-08_jpeg_2024-08-19_20-15-08.webp.webp?fit=1200%2C800&ssl=1&resize=1050%2C600 3x"},"classes":[]},{"id":65876,"url":"https:\/\/noticiasribeiraopreto.com.br\/index.php\/2025\/03\/25\/casacor-revela-sede-da-proxima-edicao-em-ribeirao-preto-confira\/","url_meta":{"origin":73549,"position":2},"title":"Casacor revela sede da pr\u00f3xima edi\u00e7\u00e3o em Ribeir\u00e3o Preto; Confira","author":"noticiasribeiraopreto.com.br","date":"25 de March de 2025","format":false,"excerpt":"A Casacor Ribeir\u00e3o Preto divulgou nesta ter\u00e7a-feira (25) o im\u00f3vel que sediar\u00e1 a 7\u00aa edi\u00e7\u00e3o. O evento est\u00e1 previsto para acontecer entre os dias 19 de agosto e 12 de outubro, no bairro Alto da Boa Vista, na zona Sul de Ribeir\u00e3o Preto. As casas est\u00e3o localizadas na avenida Anhanguera,\u2026","rel":"","context":"In &quot;Not\u00edcias de Ribeir\u00e3o Preto-SP e Regi\u00e3o&quot;","block_context":{"text":"Not\u00edcias de Ribeir\u00e3o Preto-SP e Regi\u00e3o","link":"https:\/\/noticiasribeiraopreto.com.br\/index.php\/category\/noticias-de-ribeirao-preto-sp-e-regiao-ismael-colosi\/"},"img":{"alt_text":"","src":"https:\/\/i0.wp.com\/noticiasribeiraopreto.com.br\/wp-content\/uploads\/2025\/03\/Copia-de-Copia-de-Copia-de-TAMANHO-EXATO-PARA-FOTOS-NO-SISTEMA-NOVO-34_2025-03-25_16-30-11_jpg_2025-03-25_16-30-11.webp.webp?fit=1200%2C675&ssl=1&resize=350%2C200","width":350,"height":200,"srcset":"https:\/\/i0.wp.com\/noticiasribeiraopreto.com.br\/wp-content\/uploads\/2025\/03\/Copia-de-Copia-de-Copia-de-TAMANHO-EXATO-PARA-FOTOS-NO-SISTEMA-NOVO-34_2025-03-25_16-30-11_jpg_2025-03-25_16-30-11.webp.webp?fit=1200%2C675&ssl=1&resize=350%2C200 1x, https:\/\/i0.wp.com\/noticiasribeiraopreto.com.br\/wp-content\/uploads\/2025\/03\/Copia-de-Copia-de-Copia-de-TAMANHO-EXATO-PARA-FOTOS-NO-SISTEMA-NOVO-34_2025-03-25_16-30-11_jpg_2025-03-25_16-30-11.webp.webp?fit=1200%2C675&ssl=1&resize=525%2C300 1.5x, https:\/\/i0.wp.com\/noticiasribeiraopreto.com.br\/wp-content\/uploads\/2025\/03\/Copia-de-Copia-de-Copia-de-TAMANHO-EXATO-PARA-FOTOS-NO-SISTEMA-NOVO-34_2025-03-25_16-30-11_jpg_2025-03-25_16-30-11.webp.webp?fit=1200%2C675&ssl=1&resize=700%2C400 2x, https:\/\/i0.wp.com\/noticiasribeiraopreto.com.br\/wp-content\/uploads\/2025\/03\/Copia-de-Copia-de-Copia-de-TAMANHO-EXATO-PARA-FOTOS-NO-SISTEMA-NOVO-34_2025-03-25_16-30-11_jpg_2025-03-25_16-30-11.webp.webp?fit=1200%2C675&ssl=1&resize=1050%2C600 3x"},"classes":[]},{"id":77859,"url":"https:\/\/noticiasribeiraopreto.com.br\/index.php\/2025\/09\/26\/casacor-ribeirao-preto-entra-na-reta-final-com-destaques-na-gastronomia\/","url_meta":{"origin":73549,"position":3},"title":"Casacor Ribeir\u00e3o Preto entra na reta final com destaques na gastronomia","author":"noticiasribeiraopreto.com.br","date":"26 de September de 2025","format":false,"excerpt":"A Casacor Ribeir\u00e3o Preto 2025 entra em sua reta final. A mostra de arquitetura e decora\u00e7\u00e3o segue at\u00e9 o dia 12 de outubro e re\u00fane mais de 30 ambientes que exploram o tema \u201cSemear Sonhos\u201d. A gastronomia \u00e9 um dos destaques da edi\u00e7\u00e3o. S\u00e3o tr\u00eas opera\u00e7\u00f5es exclusivas: o Restaurante Brisa,\u2026","rel":"","context":"In &quot;Not\u00edcias de Ribeir\u00e3o Preto-SP e Regi\u00e3o&quot;","block_context":{"text":"Not\u00edcias de Ribeir\u00e3o Preto-SP e Regi\u00e3o","link":"https:\/\/noticiasribeiraopreto.com.br\/index.php\/category\/noticias-de-ribeirao-preto-sp-e-regiao-ismael-colosi\/"},"img":{"alt_text":"","src":"https:\/\/i0.wp.com\/noticiasribeiraopreto.com.br\/wp-content\/uploads\/2025\/09\/carina-maisa_2025-09-26_17-43-17.webp.webp?fit=1200%2C800&ssl=1&resize=350%2C200","width":350,"height":200,"srcset":"https:\/\/i0.wp.com\/noticiasribeiraopreto.com.br\/wp-content\/uploads\/2025\/09\/carina-maisa_2025-09-26_17-43-17.webp.webp?fit=1200%2C800&ssl=1&resize=350%2C200 1x, https:\/\/i0.wp.com\/noticiasribeiraopreto.com.br\/wp-content\/uploads\/2025\/09\/carina-maisa_2025-09-26_17-43-17.webp.webp?fit=1200%2C800&ssl=1&resize=525%2C300 1.5x, https:\/\/i0.wp.com\/noticiasribeiraopreto.com.br\/wp-content\/uploads\/2025\/09\/carina-maisa_2025-09-26_17-43-17.webp.webp?fit=1200%2C800&ssl=1&resize=700%2C400 2x, https:\/\/i0.wp.com\/noticiasribeiraopreto.com.br\/wp-content\/uploads\/2025\/09\/carina-maisa_2025-09-26_17-43-17.webp.webp?fit=1200%2C800&ssl=1&resize=1050%2C600 3x"},"classes":[]},{"id":75378,"url":"https:\/\/noticiasribeiraopreto.com.br\/index.php\/2025\/08\/07\/casacor-ribeirao-preto-inicia-pre-venda-de-ingressos-com-desconto\/","url_meta":{"origin":73549,"position":4},"title":"Casacor Ribeir\u00e3o Preto inicia pr\u00e9-venda de ingressos com desconto","author":"noticiasribeiraopreto.com.br","date":"7 de August de 2025","format":false,"excerpt":"A Casacor Ribeir\u00e3o Preto 2025 come\u00e7ou a pr\u00e9-venda de ingressos com desconto de 30%. A mostra de arquitetura e decora\u00e7\u00e3o come\u00e7a no pr\u00f3ximo dia 19 de agosto e as entradas custam a partir de R$ 68 (j\u00e1 com desconto). A partir da abertura ao p\u00fablico, os visitantes poder\u00e3o adquirir os\u2026","rel":"","context":"In &quot;Not\u00edcias de Ribeir\u00e3o Preto-SP e Regi\u00e3o&quot;","block_context":{"text":"Not\u00edcias de Ribeir\u00e3o Preto-SP e Regi\u00e3o","link":"https:\/\/noticiasribeiraopreto.com.br\/index.php\/category\/noticias-de-ribeirao-preto-sp-e-regiao-ismael-colosi\/"},"img":{"alt_text":"","src":"https:\/\/i0.wp.com\/noticiasribeiraopreto.com.br\/wp-content\/uploads\/2025\/08\/casacor-ribeirao-preto-2_2025-08-07_20-07-50.webp.webp?fit=1200%2C800&ssl=1&resize=350%2C200","width":350,"height":200,"srcset":"https:\/\/i0.wp.com\/noticiasribeiraopreto.com.br\/wp-content\/uploads\/2025\/08\/casacor-ribeirao-preto-2_2025-08-07_20-07-50.webp.webp?fit=1200%2C800&ssl=1&resize=350%2C200 1x, https:\/\/i0.wp.com\/noticiasribeiraopreto.com.br\/wp-content\/uploads\/2025\/08\/casacor-ribeirao-preto-2_2025-08-07_20-07-50.webp.webp?fit=1200%2C800&ssl=1&resize=525%2C300 1.5x, https:\/\/i0.wp.com\/noticiasribeiraopreto.com.br\/wp-content\/uploads\/2025\/08\/casacor-ribeirao-preto-2_2025-08-07_20-07-50.webp.webp?fit=1200%2C800&ssl=1&resize=700%2C400 2x, https:\/\/i0.wp.com\/noticiasribeiraopreto.com.br\/wp-content\/uploads\/2025\/08\/casacor-ribeirao-preto-2_2025-08-07_20-07-50.webp.webp?fit=1200%2C800&ssl=1&resize=1050%2C600 3x"},"classes":[]},{"id":55402,"url":"https:\/\/noticiasribeiraopreto.com.br\/index.php\/2024\/08\/01\/gastronomia-na-casacor-ribeirao-preto-mostra-ganha-cardapios-especiais\/","url_meta":{"origin":73549,"position":5},"title":"Gastronomia na Casacor Ribeir\u00e3o Preto; mostra ganha card\u00e1pios especiais","author":"noticiasribeiraopreto.com.br","date":"1 de August de 2024","format":false,"excerpt":"A gastronomia tamb\u00e9m marca presen\u00e7a na Casacor Ribeir\u00e3o Preto, que acontece entre os dias 20 de agosto e 20 de outubro. O evento que apresenta inspira\u00e7\u00f5es nos segmentos de arquitetura, paisagismo, arte e design de interiores, vai ganhar card\u00e1pios especiais com espa\u00e7os operados por estabelecimentos da cidade. O Latulia Restaurante\u2026","rel":"","context":"In &quot;Not\u00edcias de Ribeir\u00e3o Preto-SP e Regi\u00e3o&quot;","block_context":{"text":"Not\u00edcias de Ribeir\u00e3o Preto-SP e Regi\u00e3o","link":"https:\/\/noticiasribeiraopreto.com.br\/index.php\/category\/noticias-de-ribeirao-preto-sp-e-regiao-ismael-colosi\/"},"img":{"alt_text":"","src":"https:\/\/i0.wp.com\/noticiasribeiraopreto.com.br\/wp-content\/uploads\/2024\/08\/casacor_2024-08-01_17-57-53_jpeg_2024-08-01_17-57-53.webp.webp?fit=1200%2C900&ssl=1&resize=350%2C200","width":350,"height":200,"srcset":"https:\/\/i0.wp.com\/noticiasribeiraopreto.com.br\/wp-content\/uploads\/2024\/08\/casacor_2024-08-01_17-57-53_jpeg_2024-08-01_17-57-53.webp.webp?fit=1200%2C900&ssl=1&resize=350%2C200 1x, https:\/\/i0.wp.com\/noticiasribeiraopreto.com.br\/wp-content\/uploads\/2024\/08\/casacor_2024-08-01_17-57-53_jpeg_2024-08-01_17-57-53.webp.webp?fit=1200%2C900&ssl=1&resize=525%2C300 1.5x, https:\/\/i0.wp.com\/noticiasribeiraopreto.com.br\/wp-content\/uploads\/2024\/08\/casacor_2024-08-01_17-57-53_jpeg_2024-08-01_17-57-53.webp.webp?fit=1200%2C900&ssl=1&resize=700%2C400 2x, https:\/\/i0.wp.com\/noticiasribeiraopreto.com.br\/wp-content\/uploads\/2024\/08\/casacor_2024-08-01_17-57-53_jpeg_2024-08-01_17-57-53.webp.webp?fit=1200%2C900&ssl=1&resize=1050%2C600 3x"},"classes":[]}],"jetpack_sharing_enabled":true,"jetpack_shortlink":"https:\/\/wp.me\/peQAOb-j8h","_links":{"self":[{"href":"https:\/\/noticiasribeiraopreto.com.br\/index.php\/wp-json\/wp\/v2\/posts\/73549","targetHints":{"allow":["GET"]}}],"collection":[{"href":"https:\/\/noticiasribeiraopreto.com.br\/index.php\/wp-json\/wp\/v2\/posts"}],"about":[{"href":"https:\/\/noticiasribeiraopreto.com.br\/index.php\/wp-json\/wp\/v2\/types\/post"}],"author":[{"embeddable":true,"href":"https:\/\/noticiasribeiraopreto.com.br\/index.php\/wp-json\/wp\/v2\/users\/1"}],"replies":[{"embeddable":true,"href":"https:\/\/noticiasribeiraopreto.com.br\/index.php\/wp-json\/wp\/v2\/comments?post=73549"}],"version-history":[{"count":0,"href":"https:\/\/noticiasribeiraopreto.com.br\/index.php\/wp-json\/wp\/v2\/posts\/73549\/revisions"}],"wp:featuredmedia":[{"embeddable":true,"href":"https:\/\/noticiasribeiraopreto.com.br\/index.php\/wp-json\/wp\/v2\/media\/73550"}],"wp:attachment":[{"href":"https:\/\/noticiasribeiraopreto.com.br\/index.php\/wp-json\/wp\/v2\/media?parent=73549"}],"wp:term":[{"taxonomy":"category","embeddable":true,"href":"https:\/\/noticiasribeiraopreto.com.br\/index.php\/wp-json\/wp\/v2\/categories?post=73549"},{"taxonomy":"post_tag","embeddable":true,"href":"https:\/\/noticiasribeiraopreto.com.br\/index.php\/wp-json\/wp\/v2\/tags?post=73549"}],"curies":[{"name":"wp","href":"https:\/\/api.w.org\/{rel}","templated":true}]}}