{"id":73551,"date":"2025-07-04T14:01:07","date_gmt":"2025-07-04T17:01:07","guid":{"rendered":"https:\/\/noticiasribeiraopreto.com.br\/index.php\/2025\/07\/04\/suspeito-de-envolvimento-na-morte-de-nicaraguense-na-regiao-de-ribeirao-preto-e-preso-na-bahia\/"},"modified":"2025-07-04T14:01:07","modified_gmt":"2025-07-04T17:01:07","slug":"suspeito-de-envolvimento-na-morte-de-nicaraguense-na-regiao-de-ribeirao-preto-e-preso-na-bahia","status":"publish","type":"post","link":"https:\/\/noticiasribeiraopreto.com.br\/index.php\/2025\/07\/04\/suspeito-de-envolvimento-na-morte-de-nicaraguense-na-regiao-de-ribeirao-preto-e-preso-na-bahia\/","title":{"rendered":"Suspeito de\u00a0envolvimento na morte de nicaraguense\u00a0na regi\u00e3o de Ribeir\u00e3o Preto \u00e9 preso na Bahia"},"content":{"rendered":"<div class='code-block code-block-1' style='margin: 8px 0 8px auto; text-align: right; display: block; clear: both;'>\n<p><a href=\"https:\/\/wa.link\/vpicfd\"><img data-recalc-dims=\"1\" class=\"wp-image-4922\" style=\"aspect-ratio: 2.0253164556962027; width: 561px; height: auto;\" src=\"https:\/\/i0.wp.com\/ismaelcolosi.com.br\/wp-content\/uploads\/2023\/11\/grupo-de-empregos-whatsapp-e-facebook-ismael-colosi-vagas.jpg?ssl=1\" alt=\"\" \/><\/a><\/p>\n<!-- \/wp:image -->\n<\/div>\n<p> <br \/>\n<\/p>\n<div data-td-block-uid=\"tdi_95\">\n<div class=\"tdb-block-inner td-fix-index\">\n<p><strong>O suspeito de envolvimento na morte de um nicaraguense\u00a0em\u00a0Cravinhos, na regi\u00e3o de Ribeir\u00e3o Preto, foi preso nesta quinta-feira (3), no estado da Bahia. <\/strong>O <strong>crime <\/strong>ocorreu em <strong>junho de 2024<\/strong>, quando a\u00a0v\u00edtima, <strong><strong>Oscar Ant\u00f4nio Diaz<\/strong><\/strong>,<strong> de 39 anos<\/strong>, sa\u00eda de uma <strong>igreja <\/strong>com a <strong>namorada<\/strong>, no <strong>bairro Jo\u00e3o Berbel<\/strong>.<\/p>\n<p>A pris\u00e3o de <strong>Jehizom Fernando Ferreira da Silva<\/strong>, de <strong>27 anos<\/strong>,\u00a0ocorreu em\u00a0<strong>Santa Maria da Vit\u00f3ria<\/strong>, munic\u00edpio no Oeste baiano. <\/p>\n<p>Ele \u00e9 irm\u00e3o de Josu\u00e9 Ferreira da Silva, ex-namorado da mulher que estava com a v\u00edtima no dia do crime. <\/p>\n<p>As investiga\u00e7\u00f5es apontaram que Josu\u00e9 n\u00e3o aceitava o fim do relacionamento e teria viajado de Dourados (MS) at\u00e9 Cravinhos para cometer o crime. A v\u00edtima foi atinguida por sete disparos.<\/p>\n<p>Ainda conforme a pol\u00edcia, a arma utilizada no assassinato teria sido entregue por Jehizom ao irm\u00e3o. O suspeito, por\u00e9m, n\u00e3o foi encontrado. <\/p>\n<p>SAIBA MAIS<\/p>\n<p>Identificado homem morto em opera\u00e7\u00e3o contra o tr\u00e1fico e lavagem de dinheiro em Ribeir\u00e3o Preto<\/p>\n<h2 class=\"wp-block-heading\"><strong>FIQUE ON<\/strong><\/h2>\n<p>Fique ligado em tudo que acontece em Ribeir\u00e3o Preto e regi\u00e3o. Siga os perfis do\u00a0<strong>acidade on\u00a0<\/strong>no\u00a0<a href=\"https:\/\/www.instagram.com\/acidadeonribeirao\" target=\"_blank\" rel=\"noreferrer noopener\">Instagram<\/a>\u00a0e no\u00a0<a href=\"https:\/\/www.facebook.com\/acidadeonribeirao\" target=\"_blank\" rel=\"noreferrer noopener\">Facebook<\/a>.<\/p>\n<p>Receba not\u00edcias do acidade on no WhatsApp. Para entrar no grupo, basta\u00a0<a href=\"https:\/\/chat.whatsapp.com\/BjKQZ9oJwlz8VVT50NuePq\" target=\"_blank\" rel=\"noreferrer noopener\">clicar aqui<\/a>.<\/p>\n<p>Fa\u00e7a uma den\u00fancia ou sugira uma reportagem sobre Ribeir\u00e3o Preto e regi\u00e3o pelo WhatsApp: 16 99117 7802.<\/p>\n<p>VEJA TAMB\u00c9M<\/p>\n<p>Qual \u00e9 o predador do jo\u00e3o-de-barro?<\/p>\n<p><!-- AI CONTENT END 1 -->\n<\/div>\n<\/div>\n<p><script async src=\"\/\/www.instagram.com\/embed.js\"><\/script><br \/>\n<br \/><br \/>\n<br \/><a href=\"https:\/\/www.acidadeon.com\/ribeiraopreto\/cotidiano\/suspeito-de-envolvimento-na-morte-de-nicaraguense-na-regiao-de-ribeirao-preto-e-preso-na-bahia\/\">Source link <\/a><\/p>\n<!-- CONTENT END 1 -->\n","protected":false},"excerpt":{"rendered":"<p>O suspeito de envolvimento na morte de um nicaraguense\u00a0em\u00a0Cravinhos, na regi\u00e3o de Ribeir\u00e3o Preto, foi preso nesta quinta-feira (3), no estado da Bahia. O crime&#8230;<\/p>\n","protected":false},"author":1,"featured_media":73552,"comment_status":"open","ping_status":"open","sticky":false,"template":"","format":"standard","meta":{"advanced_seo_description":"","jetpack_seo_html_title":"","jetpack_seo_noindex":false,"jetpack_post_was_ever_published":false,"_jetpack_newsletter_access":"","_jetpack_dont_email_post_to_subs":false,"_jetpack_newsletter_tier_id":0,"_jetpack_memberships_contains_paywalled_content":false,"_jetpack_memberships_contains_paid_content":false,"footnotes":"","jetpack_publicize_message":"","jetpack_publicize_feature_enabled":true,"jetpack_social_post_already_shared":true,"jetpack_social_options":{"image_generator_settings":{"template":"highway","default_image_id":0,"font":"","enabled":false},"version":2}},"categories":[11],"tags":[],"class_list":["post-73551","post","type-post","status-publish","format-standard","has-post-thumbnail","hentry","category-noticias-de-ribeirao-preto-sp-e-regiao-ismael-colosi"],"jetpack_publicize_connections":[],"jetpack_featured_media_url":"https:\/\/i0.wp.com\/noticiasribeiraopreto.com.br\/wp-content\/uploads\/2025\/07\/WhatsApp-Image-2025-07-04-at-11.06.02_2025-07-04_14-17-28.webp.webp?fit=1200%2C955&ssl=1","jetpack-related-posts":[{"id":73539,"url":"https:\/\/noticiasribeiraopreto.com.br\/index.php\/2025\/07\/04\/suspeito-da-morte-de-nicaraguense-na-porta-da-igreja-e-preso\/","url_meta":{"origin":73551,"position":0},"title":"Suspeito da morte de nicaraguense na porta da igreja \u00e9 preso","author":"noticiasribeiraopreto.com.br","date":"4 de July de 2025","format":false,"excerpt":"4 de julho de 2025 11:450 Compartilhar0 Por: Adalberto Luque Foi preso nesta quinta-feira (3) o homem suspeito de matar a tiros um cidad\u00e3o da Nicar\u00e1gua. O crime ocorreu na frente da Igreja Santa Luzia, em Cravinhos, no dia 15 de junho de 2025. Jehizom Fernando Ferreira da Silva, de\u2026","rel":"","context":"In &quot;Not\u00edcias de Ribeir\u00e3o Preto-SP e Regi\u00e3o&quot;","block_context":{"text":"Not\u00edcias de Ribeir\u00e3o Preto-SP e Regi\u00e3o","link":"https:\/\/noticiasribeiraopreto.com.br\/index.php\/category\/noticias-de-ribeirao-preto-sp-e-regiao-ismael-colosi\/"},"img":{"alt_text":"","src":"https:\/\/i0.wp.com\/noticiasribeiraopreto.com.br\/wp-content\/uploads\/2025\/07\/17jun2024homicidioigrejafotogooglestreetview.jpg?fit=1200%2C850&ssl=1&resize=350%2C200","width":350,"height":200,"srcset":"https:\/\/i0.wp.com\/noticiasribeiraopreto.com.br\/wp-content\/uploads\/2025\/07\/17jun2024homicidioigrejafotogooglestreetview.jpg?fit=1200%2C850&ssl=1&resize=350%2C200 1x, https:\/\/i0.wp.com\/noticiasribeiraopreto.com.br\/wp-content\/uploads\/2025\/07\/17jun2024homicidioigrejafotogooglestreetview.jpg?fit=1200%2C850&ssl=1&resize=525%2C300 1.5x, https:\/\/i0.wp.com\/noticiasribeiraopreto.com.br\/wp-content\/uploads\/2025\/07\/17jun2024homicidioigrejafotogooglestreetview.jpg?fit=1200%2C850&ssl=1&resize=700%2C400 2x, https:\/\/i0.wp.com\/noticiasribeiraopreto.com.br\/wp-content\/uploads\/2025\/07\/17jun2024homicidioigrejafotogooglestreetview.jpg?fit=1200%2C850&ssl=1&resize=1050%2C600 3x"},"classes":[]},{"id":70775,"url":"https:\/\/noticiasribeiraopreto.com.br\/index.php\/2025\/05\/29\/suspeito-de-envolvimento-na-morte-de-empresario-se-apresenta-a-policia-em-cravinhos\/","url_meta":{"origin":73551,"position":1},"title":"Suspeito de envolvimento na morte de empres\u00e1rio se apresenta \u00e0 pol\u00edcia em Cravinhos","author":"noticiasribeiraopreto.com.br","date":"29 de May de 2025","format":false,"excerpt":"Tadeu Almeida Silva, funcion\u00e1rio da empresa onde ocorreu o crime e apontado como suspeito de participa\u00e7\u00e3o na morte do empres\u00e1rio Nelson Francisco Carreira Filho, em 16 de maio, se apresentou \u00e0 Delegacia de Pol\u00edcia de Cravinhos, na regi\u00e3o de Ribeir\u00e3o Preto, nesta quinta-feira (29). Imagens de c\u00e2meras de seguran\u00e7a identificaram\u2026","rel":"","context":"In &quot;Not\u00edcias de Ribeir\u00e3o Preto-SP e Regi\u00e3o&quot;","block_context":{"text":"Not\u00edcias de Ribeir\u00e3o Preto-SP e Regi\u00e3o","link":"https:\/\/noticiasribeiraopreto.com.br\/index.php\/category\/noticias-de-ribeirao-preto-sp-e-regiao-ismael-colosi\/"},"img":{"alt_text":"","src":"https:\/\/i0.wp.com\/noticiasribeiraopreto.com.br\/wp-content\/uploads\/2025\/05\/Copia-de-Copia-de-Copia-de-TAMANHO-EXATO-PARA-FOTOS-NO-SISTEMA-NOVO-2025-05-29T163108.869_2025-05-29_19-31-37.webp.webp?fit=1200%2C675&ssl=1&resize=350%2C200","width":350,"height":200,"srcset":"https:\/\/i0.wp.com\/noticiasribeiraopreto.com.br\/wp-content\/uploads\/2025\/05\/Copia-de-Copia-de-Copia-de-TAMANHO-EXATO-PARA-FOTOS-NO-SISTEMA-NOVO-2025-05-29T163108.869_2025-05-29_19-31-37.webp.webp?fit=1200%2C675&ssl=1&resize=350%2C200 1x, https:\/\/i0.wp.com\/noticiasribeiraopreto.com.br\/wp-content\/uploads\/2025\/05\/Copia-de-Copia-de-Copia-de-TAMANHO-EXATO-PARA-FOTOS-NO-SISTEMA-NOVO-2025-05-29T163108.869_2025-05-29_19-31-37.webp.webp?fit=1200%2C675&ssl=1&resize=525%2C300 1.5x, https:\/\/i0.wp.com\/noticiasribeiraopreto.com.br\/wp-content\/uploads\/2025\/05\/Copia-de-Copia-de-Copia-de-TAMANHO-EXATO-PARA-FOTOS-NO-SISTEMA-NOVO-2025-05-29T163108.869_2025-05-29_19-31-37.webp.webp?fit=1200%2C675&ssl=1&resize=700%2C400 2x, https:\/\/i0.wp.com\/noticiasribeiraopreto.com.br\/wp-content\/uploads\/2025\/05\/Copia-de-Copia-de-Copia-de-TAMANHO-EXATO-PARA-FOTOS-NO-SISTEMA-NOVO-2025-05-29T163108.869_2025-05-29_19-31-37.webp.webp?fit=1200%2C675&ssl=1&resize=1050%2C600 3x"},"classes":[]},{"id":37010,"url":"https:\/\/noticiasribeiraopreto.com.br\/index.php\/2024\/02\/13\/suspeito-de-envolvimento-na-morte-de-policial-aposentado-e-preso-na-regiao-de-ribeirao\/","url_meta":{"origin":73551,"position":2},"title":"Suspeito de envolvimento na morte de policial aposentado \u00e9 preso na regi\u00e3o de Ribeir\u00e3o","author":"noticiasribeiraopreto.com.br","date":"13 de February de 2024","format":false,"excerpt":"A Pol\u00edcia Militar prendeu um suspeito de envolvimento na morte do policial reformado Darie Alves Tremura, de 63 anos. A v\u00edtima foi morta durante uma tentativa de assalto na rua Tibiri\u00e7\u00e1, Centro de Ribeir\u00e3o Preto. De acordo com o boletim de ocorr\u00eancia (BO), o suspeito foi preso na rodovia Mario\u2026","rel":"","context":"In &quot;Not\u00edcias de Ribeir\u00e3o Preto-SP e Regi\u00e3o&quot;","block_context":{"text":"Not\u00edcias de Ribeir\u00e3o Preto-SP e Regi\u00e3o","link":"https:\/\/noticiasribeiraopreto.com.br\/index.php\/category\/noticias-de-ribeirao-preto-sp-e-regiao-ismael-colosi\/"},"img":{"alt_text":"","src":"https:\/\/i0.wp.com\/noticiasribeiraopreto.com.br\/wp-content\/uploads\/2024\/02\/1707854789_WhatsApp-Image-2024-02-12-at-16.27.00.jpeg?fit=1200%2C675&ssl=1&resize=350%2C200","width":350,"height":200,"srcset":"https:\/\/i0.wp.com\/noticiasribeiraopreto.com.br\/wp-content\/uploads\/2024\/02\/1707854789_WhatsApp-Image-2024-02-12-at-16.27.00.jpeg?fit=1200%2C675&ssl=1&resize=350%2C200 1x, https:\/\/i0.wp.com\/noticiasribeiraopreto.com.br\/wp-content\/uploads\/2024\/02\/1707854789_WhatsApp-Image-2024-02-12-at-16.27.00.jpeg?fit=1200%2C675&ssl=1&resize=525%2C300 1.5x, https:\/\/i0.wp.com\/noticiasribeiraopreto.com.br\/wp-content\/uploads\/2024\/02\/1707854789_WhatsApp-Image-2024-02-12-at-16.27.00.jpeg?fit=1200%2C675&ssl=1&resize=700%2C400 2x, https:\/\/i0.wp.com\/noticiasribeiraopreto.com.br\/wp-content\/uploads\/2024\/02\/1707854789_WhatsApp-Image-2024-02-12-at-16.27.00.jpeg?fit=1200%2C675&ssl=1&resize=1050%2C600 3x"},"classes":[]},{"id":85264,"url":"https:\/\/noticiasribeiraopreto.com.br\/index.php\/2026\/04\/27\/mais-uma-mulher-e-vitima-de-feminicidio-em-rp\/","url_meta":{"origin":73551,"position":3},"title":"Mais uma mulher \u00e9 v\u00edtima de feminic\u00eddio em RP","author":"noticiasribeiraopreto.com.br","date":"27 de April de 2026","format":false,"excerpt":"\r Crime ocorreu na zona Norte da cidade e suspeito, que confessou o crime, foi preso horas depois na regi\u00e3o\r \r 27 de abril de 2026 09:53 \r Compartilhar1 | Por: Adalberto Luque | Uma mulher de 24 anos foi morta, neste s\u00e1bado (25) a facadas. O crime teria sido\u2026","rel":"","context":"In &quot;Not\u00edcias de Ribeir\u00e3o Preto-SP e Regi\u00e3o&quot;","block_context":{"text":"Not\u00edcias de Ribeir\u00e3o Preto-SP e Regi\u00e3o","link":"https:\/\/noticiasribeiraopreto.com.br\/index.php\/category\/noticias-de-ribeirao-preto-sp-e-regiao-ismael-colosi\/"},"img":{"alt_text":"","src":"https:\/\/i0.wp.com\/noticiasribeiraopreto.com.br\/wp-content\/uploads\/2026\/04\/27-abr-2026-feminicidiorp-scaled.jpg?fit=1200%2C670&ssl=1&resize=350%2C200","width":350,"height":200,"srcset":"https:\/\/i0.wp.com\/noticiasribeiraopreto.com.br\/wp-content\/uploads\/2026\/04\/27-abr-2026-feminicidiorp-scaled.jpg?fit=1200%2C670&ssl=1&resize=350%2C200 1x, https:\/\/i0.wp.com\/noticiasribeiraopreto.com.br\/wp-content\/uploads\/2026\/04\/27-abr-2026-feminicidiorp-scaled.jpg?fit=1200%2C670&ssl=1&resize=525%2C300 1.5x, https:\/\/i0.wp.com\/noticiasribeiraopreto.com.br\/wp-content\/uploads\/2026\/04\/27-abr-2026-feminicidiorp-scaled.jpg?fit=1200%2C670&ssl=1&resize=700%2C400 2x, https:\/\/i0.wp.com\/noticiasribeiraopreto.com.br\/wp-content\/uploads\/2026\/04\/27-abr-2026-feminicidiorp-scaled.jpg?fit=1200%2C670&ssl=1&resize=1050%2C600 3x"},"classes":[]},{"id":70636,"url":"https:\/\/noticiasribeiraopreto.com.br\/index.php\/2025\/05\/28\/veja-quem-e-quem-no-caso-da-morte-de-empresario-em-cravinhos\/","url_meta":{"origin":73551,"position":4},"title":"Veja quem \u00e9 quem no caso da morte de empres\u00e1rio em Cravinhos","author":"noticiasribeiraopreto.com.br","date":"28 de May de 2025","format":false,"excerpt":"A pol\u00edcia procura por tr\u00eas pessoas suspeitas de envolvimento na morte do empres\u00e1rio Nelson Francisco Carreira Filho, que desapareceu no dia 16 de maio ap\u00f3s reuni\u00e3o em Cravinhos. O delegado Sebasti\u00e3o Picinato acredita que Nelson foi morto dentro da f\u00e1brica de Marlon Couto Paula J\u00fanior. Na noite de ter\u00e7a-feira (27),\u2026","rel":"","context":"In &quot;Not\u00edcias de Ribeir\u00e3o Preto-SP e Regi\u00e3o&quot;","block_context":{"text":"Not\u00edcias de Ribeir\u00e3o Preto-SP e Regi\u00e3o","link":"https:\/\/noticiasribeiraopreto.com.br\/index.php\/category\/noticias-de-ribeirao-preto-sp-e-regiao-ismael-colosi\/"},"img":{"alt_text":"","src":"https:\/\/i0.wp.com\/noticiasribeiraopreto.com.br\/wp-content\/uploads\/2025\/05\/MARLON-COUTO_2025-05-28_16-15-29.webp.webp?fit=1143%2C824&ssl=1&resize=350%2C200","width":350,"height":200,"srcset":"https:\/\/i0.wp.com\/noticiasribeiraopreto.com.br\/wp-content\/uploads\/2025\/05\/MARLON-COUTO_2025-05-28_16-15-29.webp.webp?fit=1143%2C824&ssl=1&resize=350%2C200 1x, https:\/\/i0.wp.com\/noticiasribeiraopreto.com.br\/wp-content\/uploads\/2025\/05\/MARLON-COUTO_2025-05-28_16-15-29.webp.webp?fit=1143%2C824&ssl=1&resize=525%2C300 1.5x, https:\/\/i0.wp.com\/noticiasribeiraopreto.com.br\/wp-content\/uploads\/2025\/05\/MARLON-COUTO_2025-05-28_16-15-29.webp.webp?fit=1143%2C824&ssl=1&resize=700%2C400 2x, https:\/\/i0.wp.com\/noticiasribeiraopreto.com.br\/wp-content\/uploads\/2025\/05\/MARLON-COUTO_2025-05-28_16-15-29.webp.webp?fit=1143%2C824&ssl=1&resize=1050%2C600 3x"},"classes":[]},{"id":71313,"url":"https:\/\/noticiasribeiraopreto.com.br\/index.php\/2025\/06\/04\/foragida-se-entrega-a-policia-em-cravinhos\/","url_meta":{"origin":73551,"position":5},"title":"Foragida se entrega \u00e0 pol\u00edcia em Cravinhos","author":"noticiasribeiraopreto.com.br","date":"4 de June de 2025","format":false,"excerpt":"4 de junho de 2025 19:233 Compartilhar0 Marcela Silva de Almeida, suspeita de envolvimento na morte do empres\u00e1rio Nelson Francisco Carreira Filho, de 44 anos, apresentou-se na Delegacia de Pol\u00edcia de Cravinhos, na regi\u00e3o de Ribeir\u00e3o Preto, na tarde desta quarta-feira (4). Ela era considerada foragida desde o in\u00edcio das\u2026","rel":"","context":"In &quot;Not\u00edcias de Ribeir\u00e3o Preto-SP e Regi\u00e3o&quot;","block_context":{"text":"Not\u00edcias de Ribeir\u00e3o Preto-SP e Regi\u00e3o","link":"https:\/\/noticiasribeiraopreto.com.br\/index.php\/category\/noticias-de-ribeirao-preto-sp-e-regiao-ismael-colosi\/"},"img":{"alt_text":"","src":"https:\/\/i0.wp.com\/noticiasribeiraopreto.com.br\/wp-content\/uploads\/2025\/06\/marcela1.jpg?fit=602%2C441&ssl=1&resize=350%2C200","width":350,"height":200,"srcset":"https:\/\/i0.wp.com\/noticiasribeiraopreto.com.br\/wp-content\/uploads\/2025\/06\/marcela1.jpg?fit=602%2C441&ssl=1&resize=350%2C200 1x, https:\/\/i0.wp.com\/noticiasribeiraopreto.com.br\/wp-content\/uploads\/2025\/06\/marcela1.jpg?fit=602%2C441&ssl=1&resize=525%2C300 1.5x"},"classes":[]}],"jetpack_sharing_enabled":true,"jetpack_shortlink":"https:\/\/wp.me\/peQAOb-j8j","_links":{"self":[{"href":"https:\/\/noticiasribeiraopreto.com.br\/index.php\/wp-json\/wp\/v2\/posts\/73551","targetHints":{"allow":["GET"]}}],"collection":[{"href":"https:\/\/noticiasribeiraopreto.com.br\/index.php\/wp-json\/wp\/v2\/posts"}],"about":[{"href":"https:\/\/noticiasribeiraopreto.com.br\/index.php\/wp-json\/wp\/v2\/types\/post"}],"author":[{"embeddable":true,"href":"https:\/\/noticiasribeiraopreto.com.br\/index.php\/wp-json\/wp\/v2\/users\/1"}],"replies":[{"embeddable":true,"href":"https:\/\/noticiasribeiraopreto.com.br\/index.php\/wp-json\/wp\/v2\/comments?post=73551"}],"version-history":[{"count":0,"href":"https:\/\/noticiasribeiraopreto.com.br\/index.php\/wp-json\/wp\/v2\/posts\/73551\/revisions"}],"wp:featuredmedia":[{"embeddable":true,"href":"https:\/\/noticiasribeiraopreto.com.br\/index.php\/wp-json\/wp\/v2\/media\/73552"}],"wp:attachment":[{"href":"https:\/\/noticiasribeiraopreto.com.br\/index.php\/wp-json\/wp\/v2\/media?parent=73551"}],"wp:term":[{"taxonomy":"category","embeddable":true,"href":"https:\/\/noticiasribeiraopreto.com.br\/index.php\/wp-json\/wp\/v2\/categories?post=73551"},{"taxonomy":"post_tag","embeddable":true,"href":"https:\/\/noticiasribeiraopreto.com.br\/index.php\/wp-json\/wp\/v2\/tags?post=73551"}],"curies":[{"name":"wp","href":"https:\/\/api.w.org\/{rel}","templated":true}]}}