{"id":73553,"date":"2025-07-04T15:05:34","date_gmt":"2025-07-04T18:05:34","guid":{"rendered":"https:\/\/noticiasribeiraopreto.com.br\/index.php\/2025\/07\/04\/vera-fischer-em-cartaz-no-pedro-ii\/"},"modified":"2025-07-04T15:05:34","modified_gmt":"2025-07-04T18:05:34","slug":"vera-fischer-em-cartaz-no-pedro-ii","status":"publish","type":"post","link":"https:\/\/noticiasribeiraopreto.com.br\/index.php\/2025\/07\/04\/vera-fischer-em-cartaz-no-pedro-ii\/","title":{"rendered":"Vera Fischer em cartaz no Pedro II"},"content":{"rendered":"<div class='code-block code-block-1' style='margin: 8px 0 8px auto; text-align: right; display: block; clear: both;'>\n<p><a href=\"https:\/\/wa.link\/vpicfd\"><img data-recalc-dims=\"1\" class=\"wp-image-4922\" style=\"aspect-ratio: 2.0253164556962027; width: 561px; height: auto;\" src=\"https:\/\/i0.wp.com\/ismaelcolosi.com.br\/wp-content\/uploads\/2023\/11\/grupo-de-empregos-whatsapp-e-facebook-ismael-colosi-vagas.jpg?ssl=1\" alt=\"\" \/><\/a><\/p>\n<!-- \/wp:image -->\n<\/div>\n<p> <br \/>\n<\/p>\n<div>\n<p>In\u00e9dita no Brasil, a com\u00e9dia \u201cO Casal Mais Sexy da Am\u00e9rica\u201d, escrita por Ken Levine, dirigida pelo premiado ribeir\u00e3o-pretano Tadeu Aguiar e estrelada por Vera Fischer, Leonardo Franco e Vitor Thir\u00e9, estar\u00e1 em cartaz no Theatro Pedro II, em Ribeir\u00e3o Preto, neste final de semana, dias 4 e 5 de julho, sexta-feira e s\u00e1bado, \u00e0s 20 horas.<\/p>\n<p>Divertida e inteligente, a pe\u00e7a trata do reencontro, depois de tr\u00eas d\u00e9cadas, de dois astros de TV que, por muito tempo, foram considerados \u201co casal mais sexy da Am\u00e9rica\u201d e brilhavam numa s\u00e9rie que era uma das mais populares da televis\u00e3o.<\/p>\n<p>Hoje, Susan White (Vera Fischer) e Robert McAllister (Leonardo Franco) s\u00e3o dois atores superpremiados, experientes, cheios de vitalidade, que buscam um lugar em cena, mas que, por conta das suas idades, encontram dificuldades para encontrar trabalho.<\/p>\n<p>Casados com pessoas diferentes enquanto protagonizavam a s\u00e9rie, os dois tiveram que reprimir o amor que sentiam um pelo outro, mas, agora, est\u00e3o sozinhos, solteiros e absolutamente inseguros, frente a frente, em um quarto de hotel, onde, por v\u00e1rias vezes s\u00e3o interrompidos pelas divertidas entradas do Boy do Hotel (Vitor Thir\u00e9) que os obriga a encarar a atualidade.<\/p>\n<p>Em cena, humor, amor e tens\u00e3o dram\u00e1tica fluem atrav\u00e9s das reviravoltas de um roteiro habilidoso que trata de etarismo, igualdade de g\u00eanero, ass\u00e9dio sexual, \u00e9tica no trabalho. Nessa com\u00e9dia elegante, atrav\u00e9s de um divertido acerto de contas, vemos os personagens dessa hist\u00f3ria se abrirem e compartilharem seus pensamentos, sentimentos, sonhos e vulnerabilidades mais \u00edntimos.<\/p>\n<p>O cen\u00e1rio \u00e9 de Nat\u00e1lia Lana, com figurino de Dani Vidal &amp; Ney Madeira. O desenho de luz \u00e9 de S\u00e9rgio Martins, com dire\u00e7\u00e3o de movimento de Sueli Guerra, coordena\u00e7\u00e3o de produ\u00e7\u00e3o de Norma Thir\u00e9 e produ\u00e7\u00e3o geral de Eduardo Bakr. O evento \u00e9 uma realiza\u00e7\u00e3o de Estamos Aqui Produ\u00e7\u00f5es Art\u00edsticas.<\/p>\n<p><strong>Ingressos <\/strong><strong>\u2013 <\/strong>Os ingressos para sexta-feira, 4 de julho, custam R$ 200 (plateia A), R$ 180 (plateia B e frisa), R$ 120 (balc\u00e3o nobre) e R$ 100 (balc\u00e3o simples). \u00a0A meia-entrada sai por R$ 100, R$ 90, R$ 60 e R$ 50, respectivamente. O pre\u00e7o sobe para dois setores no s\u00e1bado (5).<\/p>\n<p>Est\u00e3o sendo vendidos por R$ 220 (plateia A), R$ 200 (plateia B e frisa), R$ 120 (balc\u00e3o nobre) e R$ 100 (balc\u00e3o simples). A meia sai por R$ 110, R$ 100, R$ 60 e R$ 50, respectivamente.,<br \/>Est\u00e3o \u00e0 venda no guich\u00ea do teatro e no site do Mega Bilheteria (megabilheteria.com).<\/p>\n<p>A meia-entrada vale para estudantes, pessoa com defici\u00eancia e um acompanhante, idosos (pessoas com mais de 60 anos), diretores, coordenadores pedag\u00f3gicos, supervisores e titulares de cargos do quadro de apoio das escolas das redes estadual e municipais, professores da rede p\u00fablica estadual e das redes municipais de ensino<\/p>\n<p>O Theatro Pedro II informa que n\u00e3o \u00e9 permitido crian\u00e7as menores de 12 anos na fila A dos setores balc\u00e3o nobre e balc\u00e3o simples, por determina\u00e7\u00e3o do Minist\u00e9rio P\u00fablico de S\u00e3o Paulo (MPSP), devido a altura do guarda corpo.\u00a0 Ingressos para cadeirantes s\u00e3o destinados ao setor frisa do teatro.<\/p>\n<p>Importante ressaltar que n\u00e3o ser\u00e1 permitida em nenhuma hip\u00f3tese a entrada ap\u00f3s o in\u00edcio do espet\u00e1culo, n\u00e3o havendo troca de ingresso e nem devolu\u00e7\u00e3o do dinheiro. A pe\u00e7a ter\u00e1 in\u00edcio no hor\u00e1rio marcado. Para melhor conserva\u00e7\u00e3o do Theatro Pedro II \u00e9 proibido o consumo de bebidas e alimentos dentro das salas de espet\u00e1culos.<\/p>\n<p>Fica na\u00a0rua\u00a0\u00c1lvares Cabral n\u00ba 370, no Quarteir\u00e3o Paulista, Centro\u00a0Hist\u00f3rico de Ribeir\u00e3o Preto. O local tem capacidade para 1.588 pessoas, mas parte foi interditada por seguran\u00e7a. Atualmente conta com 1.200 lugares. O telefone para mais informa\u00e7\u00f5es \u00e9 (16) 3977-8111.<\/p>\n<p>Ou acesse o site oficial do Theatro Pedro II (<a href=\"http:\/\/www.theatropedro2.com.br\">www.theatropedro2.com.br<\/a>). O espet\u00e1culo n\u00e3o \u00e9 recomendado para menores de 14 anos devido ao hor\u00e1rio.\u00a0O espa\u00e7o \u00e9 o terceiro maior teatro de \u00f3pera do Brasil. O uso de m\u00e1scara \u00e9 opcional.<\/p>\n<p><em><br \/><\/em><strong>Servi\u00e7o<br \/>Espet\u00e1culo: <\/strong>\u201cO Casal Mais Sexy da Am\u00e9rica\u201d<br \/><strong>Texto: <\/strong>Ken Levine<br \/><strong>Dire\u00e7\u00e3o: <\/strong>Tadeu Aguiar<br \/><strong>Elenco:<\/strong><br \/>Vera Fischer, Leonardo Franco e Vitor Thir\u00e9<br \/><strong>Quando: <\/strong>sexta-feira, 4 de julho<strong><br \/>Sess\u00e3o: <\/strong>20 horas<strong><br \/>Ingressos<br \/>Plateia A<br \/><\/strong>R$ 200 (inteira)<br \/>e R$ 100 (meia)\u00a0<strong><br \/>Plateia B e frisa<br \/><\/strong>R$ 180 (inteira)<br \/>e R$ 90 (meia)\u00a0<strong><br \/>Balc\u00e3o nobre<br \/><\/strong>R$ 120 (inteira)<br \/>e R$ 60 (meia)\u00a0<strong><br \/>Balc\u00e3o simples<br \/><\/strong>R$ 100 (inteira)<br \/>e R$ 50 (meia)<br \/><strong>Quando:<br \/><\/strong>s\u00e1bado,<strong><br \/><\/strong>5 de julho<strong><br \/>Sess\u00e3o:<br \/><\/strong>20 horas<strong><br \/>Ingressos<br \/>Plateia A<br \/><\/strong>R$ 220 (inteira)<br \/>e R$ 110 (meia)\u00a0<strong><br \/>Plateia B e frisa<br \/><\/strong>R$ 200 (inteira)<br \/>e R$ 100 (meia)\u00a0<strong><br \/>Balc\u00e3o nobre<br \/><\/strong>R$ 120 (inteira)<br \/>e R$ 60 (meia)\u00a0<strong><br \/>Balc\u00e3o simples<br \/><\/strong>R$ 100 (inteira)<br \/>e R$ 50 (meia)\u00a0<strong><br \/>Onde:<\/strong><br \/>Theatro<br \/>Pedro II<br \/><strong>Endere\u00e7o:<\/strong><br \/>rua<br \/>\u00c1lvares<br \/>Cabral<br \/>n\u00ba 370,<br \/>Centro<br \/><strong>Capacidade:<\/strong><br \/>1.200 pessoas<br \/><strong>Telefone:<\/strong> (16)<br \/>3977-8111<strong><br \/>Classifica\u00e7\u00e3o:<\/strong><br \/>12 anos<br \/><strong>Vendas:<\/strong><br \/>guich\u00ea do<br \/>teatro e site<br \/><a href=\"http:\/\/www.megabilheteria.com\">www.megabilheteria.com<\/a><br \/><strong>Bilheteria:<\/strong> a partir<br \/>das 14 horas<br \/><strong>Informa\u00e7\u00f5es:<\/strong> (16)<br \/>3977-8111 ou<br \/><a href=\"http:\/\/www.theatropedro2.com.br\">www.theatropedro2.com.br<\/a><\/p>\n<p>\u00a0<\/p>\n<\/div>\n<p><br \/>\n<br \/><a href=\"https:\/\/www.tribunaribeirao.com.br\/vera-fischer-em-cartaz-no-pedro-ii\/\">Source link <\/a><\/p>\n<!-- CONTENT END 1 -->\n","protected":false},"excerpt":{"rendered":"<p>In\u00e9dita no Brasil, a com\u00e9dia \u201cO Casal Mais Sexy da Am\u00e9rica\u201d, escrita por Ken Levine, dirigida pelo premiado ribeir\u00e3o-pretano Tadeu Aguiar e estrelada por Vera&#8230;<\/p>\n","protected":false},"author":1,"featured_media":73554,"comment_status":"open","ping_status":"open","sticky":false,"template":"","format":"standard","meta":{"advanced_seo_description":"","jetpack_seo_html_title":"","jetpack_seo_noindex":false,"jetpack_post_was_ever_published":false,"_jetpack_newsletter_access":"","_jetpack_dont_email_post_to_subs":false,"_jetpack_newsletter_tier_id":0,"_jetpack_memberships_contains_paywalled_content":false,"_jetpack_memberships_contains_paid_content":false,"footnotes":"","jetpack_publicize_message":"","jetpack_publicize_feature_enabled":true,"jetpack_social_post_already_shared":true,"jetpack_social_options":{"image_generator_settings":{"template":"highway","default_image_id":0,"font":"","enabled":false},"version":2}},"categories":[11],"tags":[],"class_list":["post-73553","post","type-post","status-publish","format-standard","has-post-thumbnail","hentry","category-noticias-de-ribeirao-preto-sp-e-regiao-ismael-colosi"],"jetpack_publicize_connections":[],"jetpack_featured_media_url":"https:\/\/i0.wp.com\/noticiasribeiraopreto.com.br\/wp-content\/uploads\/2025\/07\/Sexy-Divulgacao-03.jpg?fit=1170%2C1700&ssl=1","jetpack-related-posts":[{"id":66859,"url":"https:\/\/noticiasribeiraopreto.com.br\/index.php\/2025\/04\/06\/vera-fischer-se-apresenta-com-leonardo-franco-no-theatro-pedro-ii-em-ribeirao-preto\/","url_meta":{"origin":73553,"position":0},"title":"Vera Fischer se apresenta com Leonardo Franco no Theatro Pedro II em Ribeir\u00e3o Preto","author":"noticiasribeiraopreto.com.br","date":"6 de April de 2025","format":false,"excerpt":"A atriz Vera Fischer chega ao Theatro Pedro II, em Ribeir\u00e3o Preto, para apresenta\u00e7\u00e3o da pe\u00e7a \u201cO Casal Mais Sexy da Am\u00e9rica\u201d. O espet\u00e1culo, que tamb\u00e9m conta com os atores Leonardo Franco e Vitor Thir\u00e9, ser\u00e1 apresentado nos dias 4 e 5 de julho, a partir das 20h. Os ingressos\u2026","rel":"","context":"In &quot;Not\u00edcias de Ribeir\u00e3o Preto-SP e Regi\u00e3o&quot;","block_context":{"text":"Not\u00edcias de Ribeir\u00e3o Preto-SP e Regi\u00e3o","link":"https:\/\/noticiasribeiraopreto.com.br\/index.php\/category\/noticias-de-ribeirao-preto-sp-e-regiao-ismael-colosi\/"},"img":{"alt_text":"","src":"https:\/\/i0.wp.com\/noticiasribeiraopreto.com.br\/wp-content\/uploads\/2025\/04\/vera-fischer_2025-04-06_16-37-11_jpg_2025-04-06_16-37-11.webp.webp?fit=1078%2C825&ssl=1&resize=350%2C200","width":350,"height":200,"srcset":"https:\/\/i0.wp.com\/noticiasribeiraopreto.com.br\/wp-content\/uploads\/2025\/04\/vera-fischer_2025-04-06_16-37-11_jpg_2025-04-06_16-37-11.webp.webp?fit=1078%2C825&ssl=1&resize=350%2C200 1x, https:\/\/i0.wp.com\/noticiasribeiraopreto.com.br\/wp-content\/uploads\/2025\/04\/vera-fischer_2025-04-06_16-37-11_jpg_2025-04-06_16-37-11.webp.webp?fit=1078%2C825&ssl=1&resize=525%2C300 1.5x, https:\/\/i0.wp.com\/noticiasribeiraopreto.com.br\/wp-content\/uploads\/2025\/04\/vera-fischer_2025-04-06_16-37-11_jpg_2025-04-06_16-37-11.webp.webp?fit=1078%2C825&ssl=1&resize=700%2C400 2x, https:\/\/i0.wp.com\/noticiasribeiraopreto.com.br\/wp-content\/uploads\/2025\/04\/vera-fischer_2025-04-06_16-37-11_jpg_2025-04-06_16-37-11.webp.webp?fit=1078%2C825&ssl=1&resize=1050%2C600 3x"},"classes":[]},{"id":72814,"url":"https:\/\/noticiasribeiraopreto.com.br\/index.php\/2025\/06\/21\/theatro-pedro-ii-recebe-peca-com-vera-fisher-e-leonardo-franco-veja-quando\/","url_meta":{"origin":73553,"position":1},"title":"Theatro Pedro II recebe pe\u00e7a com Vera Fisher e Leonardo Franco; veja quando","author":"noticiasribeiraopreto.com.br","date":"21 de June de 2025","format":false,"excerpt":"O Theatro Pedro II, em Ribeir\u00e3o Preto, recebe nos dias 4 e 5 de julho os atores Vera Fischer e Leonardo Franco na com\u00e9dia \u201cO Casal Mais Sexy da Am\u00e9rica\u201d. O elenco tamb\u00e9m conta com a participa\u00e7\u00e3o de Vitor Thir\u00e9. A com\u00e9dia in\u00e9dita no Brasil acompanha o reencontro, ap\u00f3s tr\u00eas\u2026","rel":"","context":"In &quot;Not\u00edcias de Ribeir\u00e3o Preto-SP e Regi\u00e3o&quot;","block_context":{"text":"Not\u00edcias de Ribeir\u00e3o Preto-SP e Regi\u00e3o","link":"https:\/\/noticiasribeiraopreto.com.br\/index.php\/category\/noticias-de-ribeirao-preto-sp-e-regiao-ismael-colosi\/"},"img":{"alt_text":"","src":"https:\/\/i0.wp.com\/noticiasribeiraopreto.com.br\/wp-content\/uploads\/2025\/06\/vera-fischer_2025-04-06_16-37-11_jpg_2025-04-06_16-37-11.webp.webp?fit=1078%2C825&ssl=1&resize=350%2C200","width":350,"height":200,"srcset":"https:\/\/i0.wp.com\/noticiasribeiraopreto.com.br\/wp-content\/uploads\/2025\/06\/vera-fischer_2025-04-06_16-37-11_jpg_2025-04-06_16-37-11.webp.webp?fit=1078%2C825&ssl=1&resize=350%2C200 1x, https:\/\/i0.wp.com\/noticiasribeiraopreto.com.br\/wp-content\/uploads\/2025\/06\/vera-fischer_2025-04-06_16-37-11_jpg_2025-04-06_16-37-11.webp.webp?fit=1078%2C825&ssl=1&resize=525%2C300 1.5x, https:\/\/i0.wp.com\/noticiasribeiraopreto.com.br\/wp-content\/uploads\/2025\/06\/vera-fischer_2025-04-06_16-37-11_jpg_2025-04-06_16-37-11.webp.webp?fit=1078%2C825&ssl=1&resize=700%2C400 2x, https:\/\/i0.wp.com\/noticiasribeiraopreto.com.br\/wp-content\/uploads\/2025\/06\/vera-fischer_2025-04-06_16-37-11_jpg_2025-04-06_16-37-11.webp.webp?fit=1078%2C825&ssl=1&resize=1050%2C600 3x"},"classes":[]},{"id":68860,"url":"https:\/\/noticiasribeiraopreto.com.br\/index.php\/2025\/04\/29\/comedia-inedita-traz-vera-fischer-para-rp\/","url_meta":{"origin":73553,"position":2},"title":"Com\u00e9dia in\u00e9dita traz Vera Fischer para RP\u00a0","author":"noticiasribeiraopreto.com.br","date":"29 de April de 2025","format":false,"excerpt":"In\u00e9dita no Brasil, a com\u00e9dia \u201cO Casal Mais Sexy da Am\u00e9rica\u201d, escrita por Ken Levine, dirigida pelo premiado ribeir\u00e3o-pretano Tadeu Aguiar e estrelada por Vera Fischer, Leonardo Franco e Vitor Thir\u00e9, estar\u00e1 em cartaz no Theatro Pedro II, em Ribeir\u00e3o Preto, nos dias 4 e 5 de julho, sexta-feira e\u2026","rel":"","context":"In &quot;Not\u00edcias de Ribeir\u00e3o Preto-SP e Regi\u00e3o&quot;","block_context":{"text":"Not\u00edcias de Ribeir\u00e3o Preto-SP e Regi\u00e3o","link":"https:\/\/noticiasribeiraopreto.com.br\/index.php\/category\/noticias-de-ribeirao-preto-sp-e-regiao-ismael-colosi\/"},"img":{"alt_text":"","src":"https:\/\/i0.wp.com\/noticiasribeiraopreto.com.br\/wp-content\/uploads\/2025\/04\/Sexy-Cas-Divulgacao-scaled.jpg?fit=800%2C532&ssl=1&resize=350%2C200","width":350,"height":200,"srcset":"https:\/\/i0.wp.com\/noticiasribeiraopreto.com.br\/wp-content\/uploads\/2025\/04\/Sexy-Cas-Divulgacao-scaled.jpg?fit=800%2C532&ssl=1&resize=350%2C200 1x, https:\/\/i0.wp.com\/noticiasribeiraopreto.com.br\/wp-content\/uploads\/2025\/04\/Sexy-Cas-Divulgacao-scaled.jpg?fit=800%2C532&ssl=1&resize=525%2C300 1.5x, https:\/\/i0.wp.com\/noticiasribeiraopreto.com.br\/wp-content\/uploads\/2025\/04\/Sexy-Cas-Divulgacao-scaled.jpg?fit=800%2C532&ssl=1&resize=700%2C400 2x"},"classes":[]},{"id":73547,"url":"https:\/\/noticiasribeiraopreto.com.br\/index.php\/2025\/07\/04\/teatro-paulo-ricardo-e-aeromodelismo-o-que-fazer-no-fim-de-semana-em-ribeirao-e-regiao\/","url_meta":{"origin":73553,"position":3},"title":"Teatro, Paulo Ricardo e aeromodelismo: o que fazer no fim de semana em Ribeir\u00e3o e regi\u00e3o?","author":"noticiasribeiraopreto.com.br","date":"4 de July de 2025","format":false,"excerpt":"O fim de semana em Ribeir\u00e3o Preto e regi\u00e3o conta com diversas op\u00e7\u00f5es de lazer para quem deseja aproveitar fora de casa. Os destaques da programa\u00e7\u00e3o s\u00e3o: a apresenta\u00e7\u00e3o de Vera Fisher e Leonardo Franco no Theatro Pedro II, o show de Paulo Ricardo no Multiplan Hall e o encontro\u2026","rel":"","context":"In &quot;Not\u00edcias de Ribeir\u00e3o Preto-SP e Regi\u00e3o&quot;","block_context":{"text":"Not\u00edcias de Ribeir\u00e3o Preto-SP e Regi\u00e3o","link":"https:\/\/noticiasribeiraopreto.com.br\/index.php\/category\/noticias-de-ribeirao-preto-sp-e-regiao-ismael-colosi\/"},"img":{"alt_text":"","src":"https:\/\/i0.wp.com\/noticiasribeiraopreto.com.br\/wp-content\/uploads\/2025\/07\/Copia-de-Copia-de-Copia-de-TAMANHO-EXATO-PARA-FOTOS-NO-SISTEMA-NOVO-2025-07-04T121048.915_2025-07-04_15-11-02.webp.webp?fit=1200%2C675&ssl=1&resize=350%2C200","width":350,"height":200,"srcset":"https:\/\/i0.wp.com\/noticiasribeiraopreto.com.br\/wp-content\/uploads\/2025\/07\/Copia-de-Copia-de-Copia-de-TAMANHO-EXATO-PARA-FOTOS-NO-SISTEMA-NOVO-2025-07-04T121048.915_2025-07-04_15-11-02.webp.webp?fit=1200%2C675&ssl=1&resize=350%2C200 1x, https:\/\/i0.wp.com\/noticiasribeiraopreto.com.br\/wp-content\/uploads\/2025\/07\/Copia-de-Copia-de-Copia-de-TAMANHO-EXATO-PARA-FOTOS-NO-SISTEMA-NOVO-2025-07-04T121048.915_2025-07-04_15-11-02.webp.webp?fit=1200%2C675&ssl=1&resize=525%2C300 1.5x, https:\/\/i0.wp.com\/noticiasribeiraopreto.com.br\/wp-content\/uploads\/2025\/07\/Copia-de-Copia-de-Copia-de-TAMANHO-EXATO-PARA-FOTOS-NO-SISTEMA-NOVO-2025-07-04T121048.915_2025-07-04_15-11-02.webp.webp?fit=1200%2C675&ssl=1&resize=700%2C400 2x, https:\/\/i0.wp.com\/noticiasribeiraopreto.com.br\/wp-content\/uploads\/2025\/07\/Copia-de-Copia-de-Copia-de-TAMANHO-EXATO-PARA-FOTOS-NO-SISTEMA-NOVO-2025-07-04T121048.915_2025-07-04_15-11-02.webp.webp?fit=1200%2C675&ssl=1&resize=1050%2C600 3x"},"classes":[]},{"id":84454,"url":"https:\/\/noticiasribeiraopreto.com.br\/index.php\/2026\/04\/09\/mutirao-oferece-rg-2a-via-de-certidoes-e-servicos-em-ribeirao-preto-veja-quando\/","url_meta":{"origin":73553,"position":4},"title":"Mutir\u00e3o oferece RG, 2\u00aa via de certid\u00f5es e servi\u00e7os em Ribeir\u00e3o Preto; veja quando","author":"noticiasribeiraopreto.com.br","date":"9 de April de 2026","format":false,"excerpt":"Ler o resumo da not\u00edcia Mutir\u00e3o \"Cidadania Itinerante\" oferece servi\u00e7os gratuitos de documenta\u00e7\u00e3o em Ribeir\u00e3o Preto entre 13 e 15 de abril. Atendimento ocorre na Esplanada do Theatro Pedro II, no Centro, com emiss\u00e3o de RG, certid\u00f5es e antecedentes criminais. P\u00fablico tamb\u00e9m pode buscar agendamento para CNH, orienta\u00e7\u00e3o do Procon\u2026","rel":"","context":"In &quot;Not\u00edcias de Ribeir\u00e3o Preto-SP e Regi\u00e3o&quot;","block_context":{"text":"Not\u00edcias de Ribeir\u00e3o Preto-SP e Regi\u00e3o","link":"https:\/\/noticiasribeiraopreto.com.br\/index.php\/category\/noticias-de-ribeirao-preto-sp-e-regiao-ismael-colosi\/"},"img":{"alt_text":"","src":"https:\/\/i0.wp.com\/noticiasribeiraopreto.com.br\/wp-content\/uploads\/2026\/04\/certidao_de_nascimento_registro_civil_mcajr_abr_0403221128.webp.webp?fit=770%2C513&ssl=1&resize=350%2C200","width":350,"height":200,"srcset":"https:\/\/i0.wp.com\/noticiasribeiraopreto.com.br\/wp-content\/uploads\/2026\/04\/certidao_de_nascimento_registro_civil_mcajr_abr_0403221128.webp.webp?fit=770%2C513&ssl=1&resize=350%2C200 1x, https:\/\/i0.wp.com\/noticiasribeiraopreto.com.br\/wp-content\/uploads\/2026\/04\/certidao_de_nascimento_registro_civil_mcajr_abr_0403221128.webp.webp?fit=770%2C513&ssl=1&resize=525%2C300 1.5x, https:\/\/i0.wp.com\/noticiasribeiraopreto.com.br\/wp-content\/uploads\/2026\/04\/certidao_de_nascimento_registro_civil_mcajr_abr_0403221128.webp.webp?fit=770%2C513&ssl=1&resize=700%2C400 2x"},"classes":[]},{"id":59311,"url":"https:\/\/noticiasribeiraopreto.com.br\/index.php\/2024\/10\/21\/vera-holtz-estrela-peca-em-ribeirao-preto-veja-quando\/","url_meta":{"origin":73553,"position":5},"title":"Vera Holtz estrela pe\u00e7a em Ribeir\u00e3o Preto; Veja quando","author":"noticiasribeiraopreto.com.br","date":"21 de October de 2024","format":false,"excerpt":"A atriz Vera Holtz ir\u00e1 estrelar o monologo premiado \u201cFic\u00e7\u00f5es\u201d, de Rodrigo Portella, no Theatro Pedro II, em Ribeir\u00e3o Preto. S\u00e3o duas apresenta\u00e7\u00f5es, que acontecem nos dias 15 e 16 de novembro, \u00e0s 20h. Os ingressos j\u00e1 s\u00e3o vendidos pela internet \u2013 veja mais abaixo. A pe\u00e7a \u00e9 inspirada no\u2026","rel":"","context":"In &quot;Not\u00edcias de Ribeir\u00e3o Preto-SP e Regi\u00e3o&quot;","block_context":{"text":"Not\u00edcias de Ribeir\u00e3o Preto-SP e Regi\u00e3o","link":"https:\/\/noticiasribeiraopreto.com.br\/index.php\/category\/noticias-de-ribeirao-preto-sp-e-regiao-ismael-colosi\/"},"img":{"alt_text":"","src":"https:\/\/i0.wp.com\/noticiasribeiraopreto.com.br\/wp-content\/uploads\/2024\/10\/Copia-de-Copia-de-Copia-de-TAMANHO-EXATO-PARA-FOTOS-NO-SISTEMA-NOVO-17_2024-10-21_12-33-11_jpg_2024-10-21_12-33-11.webp.webp?fit=1200%2C675&ssl=1&resize=350%2C200","width":350,"height":200,"srcset":"https:\/\/i0.wp.com\/noticiasribeiraopreto.com.br\/wp-content\/uploads\/2024\/10\/Copia-de-Copia-de-Copia-de-TAMANHO-EXATO-PARA-FOTOS-NO-SISTEMA-NOVO-17_2024-10-21_12-33-11_jpg_2024-10-21_12-33-11.webp.webp?fit=1200%2C675&ssl=1&resize=350%2C200 1x, https:\/\/i0.wp.com\/noticiasribeiraopreto.com.br\/wp-content\/uploads\/2024\/10\/Copia-de-Copia-de-Copia-de-TAMANHO-EXATO-PARA-FOTOS-NO-SISTEMA-NOVO-17_2024-10-21_12-33-11_jpg_2024-10-21_12-33-11.webp.webp?fit=1200%2C675&ssl=1&resize=525%2C300 1.5x, https:\/\/i0.wp.com\/noticiasribeiraopreto.com.br\/wp-content\/uploads\/2024\/10\/Copia-de-Copia-de-Copia-de-TAMANHO-EXATO-PARA-FOTOS-NO-SISTEMA-NOVO-17_2024-10-21_12-33-11_jpg_2024-10-21_12-33-11.webp.webp?fit=1200%2C675&ssl=1&resize=700%2C400 2x, https:\/\/i0.wp.com\/noticiasribeiraopreto.com.br\/wp-content\/uploads\/2024\/10\/Copia-de-Copia-de-Copia-de-TAMANHO-EXATO-PARA-FOTOS-NO-SISTEMA-NOVO-17_2024-10-21_12-33-11_jpg_2024-10-21_12-33-11.webp.webp?fit=1200%2C675&ssl=1&resize=1050%2C600 3x"},"classes":[]}],"jetpack_sharing_enabled":true,"jetpack_shortlink":"https:\/\/wp.me\/peQAOb-j8l","_links":{"self":[{"href":"https:\/\/noticiasribeiraopreto.com.br\/index.php\/wp-json\/wp\/v2\/posts\/73553","targetHints":{"allow":["GET"]}}],"collection":[{"href":"https:\/\/noticiasribeiraopreto.com.br\/index.php\/wp-json\/wp\/v2\/posts"}],"about":[{"href":"https:\/\/noticiasribeiraopreto.com.br\/index.php\/wp-json\/wp\/v2\/types\/post"}],"author":[{"embeddable":true,"href":"https:\/\/noticiasribeiraopreto.com.br\/index.php\/wp-json\/wp\/v2\/users\/1"}],"replies":[{"embeddable":true,"href":"https:\/\/noticiasribeiraopreto.com.br\/index.php\/wp-json\/wp\/v2\/comments?post=73553"}],"version-history":[{"count":0,"href":"https:\/\/noticiasribeiraopreto.com.br\/index.php\/wp-json\/wp\/v2\/posts\/73553\/revisions"}],"wp:featuredmedia":[{"embeddable":true,"href":"https:\/\/noticiasribeiraopreto.com.br\/index.php\/wp-json\/wp\/v2\/media\/73554"}],"wp:attachment":[{"href":"https:\/\/noticiasribeiraopreto.com.br\/index.php\/wp-json\/wp\/v2\/media?parent=73553"}],"wp:term":[{"taxonomy":"category","embeddable":true,"href":"https:\/\/noticiasribeiraopreto.com.br\/index.php\/wp-json\/wp\/v2\/categories?post=73553"},{"taxonomy":"post_tag","embeddable":true,"href":"https:\/\/noticiasribeiraopreto.com.br\/index.php\/wp-json\/wp\/v2\/tags?post=73553"}],"curies":[{"name":"wp","href":"https:\/\/api.w.org\/{rel}","templated":true}]}}