{"id":73557,"date":"2025-07-04T16:40:27","date_gmt":"2025-07-04T19:40:27","guid":{"rendered":"https:\/\/noticiasribeiraopreto.com.br\/index.php\/2025\/07\/04\/entenda-a-lei-que-obriga-bares-e-restaurantes-de-ribeirao-preto-a-oferecerem-wi-fi-gratuito\/"},"modified":"2025-07-04T16:40:27","modified_gmt":"2025-07-04T19:40:27","slug":"entenda-a-lei-que-obriga-bares-e-restaurantes-de-ribeirao-preto-a-oferecerem-wi-fi-gratuito","status":"publish","type":"post","link":"https:\/\/noticiasribeiraopreto.com.br\/index.php\/2025\/07\/04\/entenda-a-lei-que-obriga-bares-e-restaurantes-de-ribeirao-preto-a-oferecerem-wi-fi-gratuito\/","title":{"rendered":"Entenda a lei que obriga bares e restaurantes de Ribeir\u00e3o Preto a oferecerem Wi-Fi gratuito"},"content":{"rendered":"<div class='code-block code-block-1' style='margin: 8px 0 8px auto; text-align: right; display: block; clear: both;'>\n<p><a href=\"https:\/\/wa.link\/vpicfd\"><img data-recalc-dims=\"1\" class=\"wp-image-4922\" style=\"aspect-ratio: 2.0253164556962027; width: 561px; height: auto;\" src=\"https:\/\/i0.wp.com\/ismaelcolosi.com.br\/wp-content\/uploads\/2023\/11\/grupo-de-empregos-whatsapp-e-facebook-ismael-colosi-vagas.jpg?ssl=1\" alt=\"\" \/><\/a><\/p>\n<!-- \/wp:image -->\n<\/div>\n<p> <br \/>\n<\/p>\n<div>\n<p><strong>Bares<\/strong>, <strong>restaurantes <\/strong>e <strong>demais estabelecimentos comerciais<\/strong> de <strong>Ribeir\u00e3o Preto<\/strong> que adotarem o card\u00e1pio digital dever\u00e3o oferecer <strong>acesso gratuito \u00e0 internet aos clientes<\/strong>, a partir da segunda quinzena de julho.<\/p>\n<p>O<strong> <a href=\"https:\/\/publico.camararibeiraopreto.sp.gov.br\/pysc\/download_materia_pysc?cod_materia=NDMzNDYy&amp;texto_original=1\" target=\"_blank\" rel=\"noreferrer noopener\">projeto do vereador Paulo Modas (PSD)<\/a><\/strong>, aprovado pela <strong>C\u00e2mara Municipal<\/strong> em maio, foi sancionado pelo <strong>prefeito Ricardo Silva (PSD)<\/strong> e transformado em lei, conforme publica\u00e7\u00e3o no <a href=\"https:\/\/cespro.com.br\/visualizarDiarioOficialLeituraDigital.php?cdMunicipio=9314&amp;dtDiario=2025-06-03&amp;nrEdicao=12169\" target=\"_blank\" rel=\"noreferrer noopener\">Di\u00e1rio Oficial do Munic\u00edpio do dia 3 de junho<\/a>.<\/p>\n<p>O prazo para entrar em vigor, no entanto, foi fixado em 45 dias ap\u00f3s a publica\u00e7\u00e3o. Sendo assim, a<strong> Lei Municipal n\u00ba 15.078\/2025<\/strong> come\u00e7a a valer a partir do dia <strong>18 de julho<\/strong> <strong>de 2025<\/strong>.<\/p>\n<h2 class=\"wp-block-heading\"><strong>Acesso gratuito \u00e0 internet<\/strong><\/h2>\n<p>De acordo com o texto da nova lei, os estabelecimentos comerciais devem disponibilizar de <strong>forma clara<\/strong> e <strong>vis\u00edvel a senha do Wi-Fi para todos os clientes<\/strong>, quando o card\u00e1pio for disponibilidade de forma digital.<\/p>\n<p>Al\u00e9m disso, nos casos em que o consumidor n\u00e3o consiga acessar o card\u00e1pio digital, <strong>o local ser\u00e1 obrigado a fornecer um dispositivo m\u00f3vel para consulta<\/strong> ou, alternativamente, um <strong>card\u00e1pio impresso<\/strong>.<\/p>\n<p>\u201cTecnologia deve ser usada para facilitar, n\u00e3o para excluir. H\u00e1 pessoas que n\u00e3o t\u00eam internet no celular e acabam passando vergonha ou ficando impossibilitadas de fazer um pedido\u201d, afirmou o vereador Paulo Modas.<\/p>\n<hr class=\"wp-block-separator has-alpha-channel-opacity\"\/>\n<p>SAIBA MAIS<\/p>\n<p>Multa por c\u00e2mera em Ribeir\u00e3o Preto? Entenda se mensagem no celular \u00e9 falsa ou verdadeira<\/p>\n<p><strong>FIQUE ON<\/strong><\/p>\n<p>Quer ficar por dentro de tudo que acontece em Ribeir\u00e3o Preto e regi\u00e3o? Ent\u00e3o siga os perfis do\u202facidade on\u202fno\u202f<a href=\"https:\/\/www.instagram.com\/acidadeonribeirao\" target=\"_blank\" rel=\"noreferrer noopener\">Instagram<\/a>\u202fe no\u202f<a href=\"https:\/\/www.facebook.com\/acidadeonribeirao\/\" target=\"_blank\" rel=\"noreferrer noopener\">Facebook<\/a>.<\/p>\n<p>Al\u00e9m disso, voc\u00ea pode receber as principais not\u00edcias diretamente no WhatsApp. Para isso, basta\u00a0<a href=\"https:\/\/chat.whatsapp.com\/BjKQZ9oJwlz8VVT50NuePq\" target=\"_blank\" rel=\"noreferrer noopener\">entrar no grupo clicando aqui<\/a>.<\/p>\n<p>Por fim, se quiser fazer uma den\u00fancia ou sugerir uma reportagem sobre Ribeir\u00e3o Preto e regi\u00e3o, envie uma mensagem pelo WhatsApp: (16) 99117-7802.<\/p>\n<p>VEJA TAMB\u00c9M<\/p>\n<p>Como est\u00e1 Estela, de \u2018A Viagem\u2019, hoje?<\/p>\n<p><!-- AI CONTENT END 1 -->\n<\/div>\n<p><script async src=\"\/\/www.instagram.com\/embed.js\"><\/script><br \/>\n<br \/><br \/>\n<br \/><a href=\"https:\/\/www.acidadeon.com\/ribeiraopreto\/politica\/entenda-a-lei-que-obriga-bares-e-restaurantes-de-ribeirao-preto-a-oferecerem-wi-fi-gratuito\/\">Source link <\/a><\/p>\n<!-- CONTENT END 1 -->\n","protected":false},"excerpt":{"rendered":"<p>Bares, restaurantes e demais estabelecimentos comerciais de Ribeir\u00e3o Preto que adotarem o card\u00e1pio digital dever\u00e3o oferecer acesso gratuito \u00e0 internet aos clientes, a partir da&#8230;<\/p>\n","protected":false},"author":1,"featured_media":73558,"comment_status":"open","ping_status":"open","sticky":false,"template":"","format":"standard","meta":{"advanced_seo_description":"","jetpack_seo_html_title":"","jetpack_seo_noindex":false,"jetpack_post_was_ever_published":false,"_jetpack_newsletter_access":"","_jetpack_dont_email_post_to_subs":false,"_jetpack_newsletter_tier_id":0,"_jetpack_memberships_contains_paywalled_content":false,"_jetpack_memberships_contains_paid_content":false,"footnotes":"","jetpack_publicize_message":"","jetpack_publicize_feature_enabled":true,"jetpack_social_post_already_shared":true,"jetpack_social_options":{"image_generator_settings":{"template":"highway","default_image_id":0,"font":"","enabled":false},"version":2}},"categories":[11],"tags":[],"class_list":["post-73557","post","type-post","status-publish","format-standard","has-post-thumbnail","hentry","category-noticias-de-ribeirao-preto-sp-e-regiao-ismael-colosi"],"jetpack_publicize_connections":[],"jetpack_featured_media_url":"https:\/\/i0.wp.com\/noticiasribeiraopreto.com.br\/wp-content\/uploads\/2025\/07\/side-view-hands-scanning-qr-code_2025-07-04_18-54-52.webp.webp?fit=1200%2C798&ssl=1","jetpack-related-posts":[{"id":84498,"url":"https:\/\/noticiasribeiraopreto.com.br\/index.php\/2026\/04\/10\/nova-regra-exige-publicacao-de-curriculos-de-comissionados-em-ribeirao-preto\/","url_meta":{"origin":73557,"position":0},"title":"Nova regra exige publica\u00e7\u00e3o de curr\u00edculos de comissionados em Ribeir\u00e3o Preto","author":"noticiasribeiraopreto.com.br","date":"10 de April de 2026","format":false,"excerpt":"Ler o resumo da not\u00edcia O prefeito de Ribeir\u00e3o Preto, Ricardo Silva (PSD), sancionou lei que obriga a publica\u00e7\u00e3o de curr\u00edculos de ocupantes de cargos comissionados. A legisla\u00e7\u00e3o, de autoria do vereador Andr\u00e9 Rodini (Novo), foi aprovada pela C\u00e2mara em mar\u00e7o e publicada no Di\u00e1rio Oficial Municipal na quarta-feira (8).\u2026","rel":"","context":"In &quot;Not\u00edcias de Ribeir\u00e3o Preto-SP e Regi\u00e3o&quot;","block_context":{"text":"Not\u00edcias de Ribeir\u00e3o Preto-SP e Regi\u00e3o","link":"https:\/\/noticiasribeiraopreto.com.br\/index.php\/category\/noticias-de-ribeirao-preto-sp-e-regiao-ismael-colosi\/"},"img":{"alt_text":"","src":"https:\/\/i0.wp.com\/noticiasribeiraopreto.com.br\/wp-content\/uploads\/2026\/04\/ribeirao-preto-prefeitura.jpg?fit=1200%2C900&ssl=1&resize=350%2C200","width":350,"height":200,"srcset":"https:\/\/i0.wp.com\/noticiasribeiraopreto.com.br\/wp-content\/uploads\/2026\/04\/ribeirao-preto-prefeitura.jpg?fit=1200%2C900&ssl=1&resize=350%2C200 1x, https:\/\/i0.wp.com\/noticiasribeiraopreto.com.br\/wp-content\/uploads\/2026\/04\/ribeirao-preto-prefeitura.jpg?fit=1200%2C900&ssl=1&resize=525%2C300 1.5x, https:\/\/i0.wp.com\/noticiasribeiraopreto.com.br\/wp-content\/uploads\/2026\/04\/ribeirao-preto-prefeitura.jpg?fit=1200%2C900&ssl=1&resize=700%2C400 2x, https:\/\/i0.wp.com\/noticiasribeiraopreto.com.br\/wp-content\/uploads\/2026\/04\/ribeirao-preto-prefeitura.jpg?fit=1200%2C900&ssl=1&resize=1050%2C600 3x"},"classes":[]},{"id":73572,"url":"https:\/\/noticiasribeiraopreto.com.br\/index.php\/2025\/07\/04\/jean-vicente-e-nomeado-novo-secretario-de-governo-de-ribeirao-preto\/","url_meta":{"origin":73557,"position":1},"title":"Jean Vicente \u00e9 nomeado novo secret\u00e1rio de Governo de Ribeir\u00e3o Preto","author":"noticiasribeiraopreto.com.br","date":"4 de July de 2025","format":false,"excerpt":"O prefeito Ricardo Silva (PSD) nomeou o jornalista Jean Vicente como novo secret\u00e1rio de Governo da Prefeitura de Ribeir\u00e3o Preto, nesta sexta-feira (4). Ele ocupava a fun\u00e7\u00e3o de secret\u00e1rio adjunto da pasta e agora assume oficialmente o comando da Secretaria. Jean vai substituir o ex-secret\u00e1rio Jo\u00e3o Augusto do Carmo, que\u2026","rel":"","context":"In &quot;Not\u00edcias de Ribeir\u00e3o Preto-SP e Regi\u00e3o&quot;","block_context":{"text":"Not\u00edcias de Ribeir\u00e3o Preto-SP e Regi\u00e3o","link":"https:\/\/noticiasribeiraopreto.com.br\/index.php\/category\/noticias-de-ribeirao-preto-sp-e-regiao-ismael-colosi\/"},"img":{"alt_text":"","src":"https:\/\/i0.wp.com\/noticiasribeiraopreto.com.br\/wp-content\/uploads\/2025\/07\/Copia-de-Copia-de-Copia-de-TAMANHO-EXATO-PARA-FOTOS-NO-SISTEMA-NOVO-2025-07-04T164454.070_2025-07-04_19-45-04.webp.webp?fit=1200%2C675&ssl=1&resize=350%2C200","width":350,"height":200,"srcset":"https:\/\/i0.wp.com\/noticiasribeiraopreto.com.br\/wp-content\/uploads\/2025\/07\/Copia-de-Copia-de-Copia-de-TAMANHO-EXATO-PARA-FOTOS-NO-SISTEMA-NOVO-2025-07-04T164454.070_2025-07-04_19-45-04.webp.webp?fit=1200%2C675&ssl=1&resize=350%2C200 1x, https:\/\/i0.wp.com\/noticiasribeiraopreto.com.br\/wp-content\/uploads\/2025\/07\/Copia-de-Copia-de-Copia-de-TAMANHO-EXATO-PARA-FOTOS-NO-SISTEMA-NOVO-2025-07-04T164454.070_2025-07-04_19-45-04.webp.webp?fit=1200%2C675&ssl=1&resize=525%2C300 1.5x, https:\/\/i0.wp.com\/noticiasribeiraopreto.com.br\/wp-content\/uploads\/2025\/07\/Copia-de-Copia-de-Copia-de-TAMANHO-EXATO-PARA-FOTOS-NO-SISTEMA-NOVO-2025-07-04T164454.070_2025-07-04_19-45-04.webp.webp?fit=1200%2C675&ssl=1&resize=700%2C400 2x, https:\/\/i0.wp.com\/noticiasribeiraopreto.com.br\/wp-content\/uploads\/2025\/07\/Copia-de-Copia-de-Copia-de-TAMANHO-EXATO-PARA-FOTOS-NO-SISTEMA-NOVO-2025-07-04T164454.070_2025-07-04_19-45-04.webp.webp?fit=1200%2C675&ssl=1&resize=1050%2C600 3x"},"classes":[]},{"id":73537,"url":"https:\/\/noticiasribeiraopreto.com.br\/index.php\/2025\/07\/04\/locais-com-cardapio-digital-terao-de-oferecer-internet\/","url_meta":{"origin":73557,"position":2},"title":"Locais com card\u00e1pio digital ter\u00e3o de oferecer internet","author":"noticiasribeiraopreto.com.br","date":"4 de July de 2025","format":false,"excerpt":"4 de julho de 2025 11:211 Compartilhar0 A partir da segunda quinzena de julho, bares, restaurantes e outros estabelecimentos comerciais de Ribeir\u00e3o Preto que disponibilizarem card\u00e1pios exclusivamente digitais ter\u00e3o de oferecer internet gratuita aos clientes. O projeto do vereador Paulo Modas (PSD) foi sancionado pelo prefeito Ricardo Silva (PSD) e\u2026","rel":"","context":"In &quot;Not\u00edcias de Ribeir\u00e3o Preto-SP e Regi\u00e3o&quot;","block_context":{"text":"Not\u00edcias de Ribeir\u00e3o Preto-SP e Regi\u00e3o","link":"https:\/\/noticiasribeiraopreto.com.br\/index.php\/category\/noticias-de-ribeirao-preto-sp-e-regiao-ismael-colosi\/"},"img":{"alt_text":"","src":"https:\/\/i0.wp.com\/noticiasribeiraopreto.com.br\/wp-content\/uploads\/2025\/07\/Cardapio-Reproducao.jpeg?fit=940%2C627&ssl=1&resize=350%2C200","width":350,"height":200,"srcset":"https:\/\/i0.wp.com\/noticiasribeiraopreto.com.br\/wp-content\/uploads\/2025\/07\/Cardapio-Reproducao.jpeg?fit=940%2C627&ssl=1&resize=350%2C200 1x, https:\/\/i0.wp.com\/noticiasribeiraopreto.com.br\/wp-content\/uploads\/2025\/07\/Cardapio-Reproducao.jpeg?fit=940%2C627&ssl=1&resize=525%2C300 1.5x, https:\/\/i0.wp.com\/noticiasribeiraopreto.com.br\/wp-content\/uploads\/2025\/07\/Cardapio-Reproducao.jpeg?fit=940%2C627&ssl=1&resize=700%2C400 2x"},"classes":[]},{"id":53915,"url":"https:\/\/noticiasribeiraopreto.com.br\/index.php\/2024\/06\/26\/lei-sobre-agua-de-graca-em-bares-e-restaurantes-de-sp-e-barrada-por-tribunal\/","url_meta":{"origin":73557,"position":3},"title":"Lei sobre \u00e1gua de gra\u00e7a em bares e restaurantes de SP \u00e9 barrada por tribunal","author":"noticiasribeiraopreto.com.br","date":"26 de June de 2024","format":false,"excerpt":"O TJ-SP (Tribunal de Justi\u00e7a de S\u00e3o Paulo) declarou inconstitucional a lei estadual 17.747\/2023, que obrigava bares e restaurantes a servirem \u00e1gua pot\u00e1vel filtrada \u00e0 vontade aos clientes. A decis\u00e3o foi por maioria de votos. A lei estava suspensa desde setembro do ano passado. A desembargadora Luciana Bresciani, relatora da\u2026","rel":"","context":"In &quot;Not\u00edcias de Ribeir\u00e3o Preto-SP e Regi\u00e3o&quot;","block_context":{"text":"Not\u00edcias de Ribeir\u00e3o Preto-SP e Regi\u00e3o","link":"https:\/\/noticiasribeiraopreto.com.br\/index.php\/category\/noticias-de-ribeirao-preto-sp-e-regiao-ismael-colosi\/"},"img":{"alt_text":"","src":"https:\/\/i0.wp.com\/noticiasribeiraopreto.com.br\/wp-content\/uploads\/2024\/06\/AnyConv.com__agua-bar_2024-06-25_20-10-11.webp.webp?fit=1200%2C800&ssl=1&resize=350%2C200","width":350,"height":200,"srcset":"https:\/\/i0.wp.com\/noticiasribeiraopreto.com.br\/wp-content\/uploads\/2024\/06\/AnyConv.com__agua-bar_2024-06-25_20-10-11.webp.webp?fit=1200%2C800&ssl=1&resize=350%2C200 1x, https:\/\/i0.wp.com\/noticiasribeiraopreto.com.br\/wp-content\/uploads\/2024\/06\/AnyConv.com__agua-bar_2024-06-25_20-10-11.webp.webp?fit=1200%2C800&ssl=1&resize=525%2C300 1.5x, https:\/\/i0.wp.com\/noticiasribeiraopreto.com.br\/wp-content\/uploads\/2024\/06\/AnyConv.com__agua-bar_2024-06-25_20-10-11.webp.webp?fit=1200%2C800&ssl=1&resize=700%2C400 2x, https:\/\/i0.wp.com\/noticiasribeiraopreto.com.br\/wp-content\/uploads\/2024\/06\/AnyConv.com__agua-bar_2024-06-25_20-10-11.webp.webp?fit=1200%2C800&ssl=1&resize=1050%2C600 3x"},"classes":[]},{"id":73838,"url":"https:\/\/noticiasribeiraopreto.com.br\/index.php\/2025\/07\/10\/ribeirao-preto-apresenta-nova-proposta-sobre-sossego-publico-apos-veto-a-projeto-das-adegas\/","url_meta":{"origin":73557,"position":4},"title":"Ribeir\u00e3o Preto apresenta nova proposta sobre sossego p\u00fablico ap\u00f3s veto a projeto das adegas","author":"noticiasribeiraopreto.com.br","date":"10 de July de 2025","format":false,"excerpt":"A Prefeitura de Ribeir\u00e3o Preto apresentou na manh\u00e3 quinta-feira (10), um novo projeto de lei que estabelece puni\u00e7\u00f5es a estabelecimentos que contribuam direta ou indiretamente para a realiza\u00e7\u00e3o de atividades que comprometam o sossego, a sa\u00fade p\u00fablica, o meio-ambiente, os bons costumes e o direito de vizinhan\u00e7a. O texto surge\u2026","rel":"","context":"In &quot;Not\u00edcias de Ribeir\u00e3o Preto-SP e Regi\u00e3o&quot;","block_context":{"text":"Not\u00edcias de Ribeir\u00e3o Preto-SP e Regi\u00e3o","link":"https:\/\/noticiasribeiraopreto.com.br\/index.php\/category\/noticias-de-ribeirao-preto-sp-e-regiao-ismael-colosi\/"},"img":{"alt_text":"","src":"https:\/\/i0.wp.com\/noticiasribeiraopreto.com.br\/wp-content\/uploads\/2025\/06\/pexels-elevate-1269043_2024-06-21_14-40-13_jpg_2024-06-21_14-40-16-scaled.webp.webp?fit=1200%2C801&ssl=1&resize=350%2C200","width":350,"height":200,"srcset":"https:\/\/i0.wp.com\/noticiasribeiraopreto.com.br\/wp-content\/uploads\/2025\/06\/pexels-elevate-1269043_2024-06-21_14-40-13_jpg_2024-06-21_14-40-16-scaled.webp.webp?fit=1200%2C801&ssl=1&resize=350%2C200 1x, https:\/\/i0.wp.com\/noticiasribeiraopreto.com.br\/wp-content\/uploads\/2025\/06\/pexels-elevate-1269043_2024-06-21_14-40-13_jpg_2024-06-21_14-40-16-scaled.webp.webp?fit=1200%2C801&ssl=1&resize=525%2C300 1.5x, https:\/\/i0.wp.com\/noticiasribeiraopreto.com.br\/wp-content\/uploads\/2025\/06\/pexels-elevate-1269043_2024-06-21_14-40-13_jpg_2024-06-21_14-40-16-scaled.webp.webp?fit=1200%2C801&ssl=1&resize=700%2C400 2x, https:\/\/i0.wp.com\/noticiasribeiraopreto.com.br\/wp-content\/uploads\/2025\/06\/pexels-elevate-1269043_2024-06-21_14-40-13_jpg_2024-06-21_14-40-16-scaled.webp.webp?fit=1200%2C801&ssl=1&resize=1050%2C600 3x"},"classes":[]},{"id":76323,"url":"https:\/\/noticiasribeiraopreto.com.br\/index.php\/2025\/08\/26\/trecho-de-avenida-na-zona-sul-de-ribeirao-preto-ganha-novo-nome\/","url_meta":{"origin":73557,"position":5},"title":"Trecho de avenida na zona Sul de Ribeir\u00e3o Preto ganha novo nome","author":"noticiasribeiraopreto.com.br","date":"26 de August de 2025","format":false,"excerpt":"O prefeito de Ribeir\u00e3o Preto, Ricardo Silva (PSD), promulgou a lei que muda o nome de trecho da avenida Presidente Vargas, na zona Sul. A partir desta ter\u00e7a-feira (26), o trecho que vai do sistema de lazer Nair Guilhermina Pinheiro Nogueira at\u00e9 o Anel Vi\u00e1rio Sul, passa a se chamar\u2026","rel":"","context":"In &quot;Not\u00edcias de Ribeir\u00e3o Preto-SP e Regi\u00e3o&quot;","block_context":{"text":"Not\u00edcias de Ribeir\u00e3o Preto-SP e Regi\u00e3o","link":"https:\/\/noticiasribeiraopreto.com.br\/index.php\/category\/noticias-de-ribeirao-preto-sp-e-regiao-ismael-colosi\/"},"img":{"alt_text":"","src":"https:\/\/i0.wp.com\/noticiasribeiraopreto.com.br\/wp-content\/uploads\/2025\/07\/vargas_2025-07-11_17-55-51.webp.webp?fit=986%2C628&ssl=1&resize=350%2C200","width":350,"height":200,"srcset":"https:\/\/i0.wp.com\/noticiasribeiraopreto.com.br\/wp-content\/uploads\/2025\/07\/vargas_2025-07-11_17-55-51.webp.webp?fit=986%2C628&ssl=1&resize=350%2C200 1x, https:\/\/i0.wp.com\/noticiasribeiraopreto.com.br\/wp-content\/uploads\/2025\/07\/vargas_2025-07-11_17-55-51.webp.webp?fit=986%2C628&ssl=1&resize=525%2C300 1.5x, https:\/\/i0.wp.com\/noticiasribeiraopreto.com.br\/wp-content\/uploads\/2025\/07\/vargas_2025-07-11_17-55-51.webp.webp?fit=986%2C628&ssl=1&resize=700%2C400 2x"},"classes":[]}],"jetpack_sharing_enabled":true,"jetpack_shortlink":"https:\/\/wp.me\/peQAOb-j8p","_links":{"self":[{"href":"https:\/\/noticiasribeiraopreto.com.br\/index.php\/wp-json\/wp\/v2\/posts\/73557","targetHints":{"allow":["GET"]}}],"collection":[{"href":"https:\/\/noticiasribeiraopreto.com.br\/index.php\/wp-json\/wp\/v2\/posts"}],"about":[{"href":"https:\/\/noticiasribeiraopreto.com.br\/index.php\/wp-json\/wp\/v2\/types\/post"}],"author":[{"embeddable":true,"href":"https:\/\/noticiasribeiraopreto.com.br\/index.php\/wp-json\/wp\/v2\/users\/1"}],"replies":[{"embeddable":true,"href":"https:\/\/noticiasribeiraopreto.com.br\/index.php\/wp-json\/wp\/v2\/comments?post=73557"}],"version-history":[{"count":0,"href":"https:\/\/noticiasribeiraopreto.com.br\/index.php\/wp-json\/wp\/v2\/posts\/73557\/revisions"}],"wp:featuredmedia":[{"embeddable":true,"href":"https:\/\/noticiasribeiraopreto.com.br\/index.php\/wp-json\/wp\/v2\/media\/73558"}],"wp:attachment":[{"href":"https:\/\/noticiasribeiraopreto.com.br\/index.php\/wp-json\/wp\/v2\/media?parent=73557"}],"wp:term":[{"taxonomy":"category","embeddable":true,"href":"https:\/\/noticiasribeiraopreto.com.br\/index.php\/wp-json\/wp\/v2\/categories?post=73557"},{"taxonomy":"post_tag","embeddable":true,"href":"https:\/\/noticiasribeiraopreto.com.br\/index.php\/wp-json\/wp\/v2\/tags?post=73557"}],"curies":[{"name":"wp","href":"https:\/\/api.w.org\/{rel}","templated":true}]}}