{"id":73559,"date":"2025-07-04T16:47:53","date_gmt":"2025-07-04T19:47:53","guid":{"rendered":"https:\/\/noticiasribeiraopreto.com.br\/index.php\/2025\/07\/04\/ribeirao-preto-recebe-52a-edicao-da-feira-do-livro-espirita-veja-programacao\/"},"modified":"2025-07-04T16:47:53","modified_gmt":"2025-07-04T19:47:53","slug":"ribeirao-preto-recebe-52a-edicao-da-feira-do-livro-espirita-veja-programacao","status":"publish","type":"post","link":"https:\/\/noticiasribeiraopreto.com.br\/index.php\/2025\/07\/04\/ribeirao-preto-recebe-52a-edicao-da-feira-do-livro-espirita-veja-programacao\/","title":{"rendered":"Ribeir\u00e3o Preto recebe 52\u00aa edi\u00e7\u00e3o da Feira do Livro Esp\u00edrita; Veja programa\u00e7\u00e3o"},"content":{"rendered":"<div class='code-block code-block-1' style='margin: 8px 0 8px auto; text-align: right; display: block; clear: both;'>\n<p><a href=\"https:\/\/wa.link\/vpicfd\"><img data-recalc-dims=\"1\" class=\"wp-image-4922\" style=\"aspect-ratio: 2.0253164556962027; width: 561px; height: auto;\" src=\"https:\/\/i0.wp.com\/ismaelcolosi.com.br\/wp-content\/uploads\/2023\/11\/grupo-de-empregos-whatsapp-e-facebook-ismael-colosi-vagas.jpg?ssl=1\" alt=\"\" \/><\/a><\/p>\n<!-- \/wp:image -->\n<\/div>\n<p> <br \/>\n<\/p>\n<div data-td-block-uid=\"tdi_95\">\n<div class=\"tdb-block-inner td-fix-index\">\n<p>Ribeir\u00e3o Preto recebe, entre os dias <strong>4 e 13 de julho<\/strong>, na <strong>Pra\u00e7a XV de Novembro<\/strong>, um dos mais tradicionais eventos da cidade: a <strong>52\u00aa Feira do Livro Esp\u00edrita de Ribeir\u00e3o Preto<\/strong>. A programa\u00e7\u00e3o <strong>gratuita<\/strong> une literatura, arte, espiritualidade e reflex\u00e3o.<\/p>\n<p>A abertura da feira est\u00e1 prevista para \u00e0s <strong>19h<\/strong>, nesta <strong>sexta-feira (4)<\/strong>, e contar\u00e1 com a presen\u00e7a da autora <strong>Marli Sim\u00f5es Fabris<\/strong>. Nos demais dias, a programa\u00e7\u00e3o acontece das <strong>8h \u00e0s 21h<\/strong>, com exce\u00e7\u00e3o do <strong>\u00faltimo dia (13)<\/strong>, quando o encerramento acontece \u00e0s <strong>13h<\/strong>.<\/p>\n<h2 class=\"wp-block-heading\"><strong>Estrutura<\/strong><\/h2>\n<p>Al\u00e9m de palestras e encontros, o evento contar\u00e1 com estandes de vendas de livros com <strong>mais de 700 t\u00edtulos dispon\u00edveis<\/strong>. Os leitores poder\u00e3o encontrar todos os g\u00eaneros da literatura esp\u00edrita, desde romances e contos at\u00e9 estudos cient\u00edficos, poesias, obras filos\u00f3ficas e livros infanto-juvenis.<\/p>\n<p>Haver\u00e1 tamb\u00e9m o \u201cBibliotroca\u201d, um espa\u00e7o dedicado para troca e doa\u00e7\u00e3o de livros usados com centenas de exemplares. Todos poder\u00e3o levar dois livros usados gratuitamente.<\/p>\n<h3 class=\"wp-block-heading\"><strong>Programa\u00e7\u00e3o<\/strong><\/h3>\n<p><strong><mark style=\"background-color:#fcb900\" class=\"has-inline-color\">Sexta-feira (4)<\/mark><\/strong><\/p>\n<ul class=\"wp-block-list\">\n<li><strong>19h30 <\/strong>\u2013 Palestra \u201cReencarna\u00e7\u00e3o, amor e justi\u00e7a divina\u201d, com Marli Sim\u00f5es Fabris<\/li>\n<li><strong>20h<\/strong> \u2013 Noite de aut\u00f3grafos com Marli Sim\u00f5es Fabris e lan\u00e7amento do romance medi\u00fanico \u201cNas terras da Espanha\u201d<\/li>\n<li>Apresenta\u00e7\u00e3o de piano e canto com Maria Cristina, Maria Alice, Suzana Samorano, Solange Moretti<\/li>\n<\/ul>\n<p><strong><mark style=\"background-color:#fcb900\" class=\"has-inline-color\">S\u00e1bado (5)<\/mark><\/strong><\/p>\n<ul class=\"wp-block-list\">\n<li><strong>9h30<\/strong> \u2013 Abertura official\u00a0\u2013 apresenta\u00e7\u00e3o do Coral Vozes da Uni\u00e3o<\/li>\n<li><strong>10h <\/strong>\u2013 Palestra e sess\u00e3o de aut\u00f3grafos, com Denise Lino<\/li>\n<li><strong>19h30 <\/strong>\u2013 Palestra \u201cO Reino dos C\u00e9us\u201d, com Regina Baldovino<\/li>\n<li>Apresenta\u00e7\u00e3o de Silvia Pantoni, Ismael Sales e Lara Jardim<\/li>\n<\/ul>\n<p><strong><mark style=\"background-color:#fcb900\" class=\"has-inline-color\">Domingo (6)<\/mark><\/strong><\/p>\n<ul class=\"wp-block-list\">\n<li><strong>9h <\/strong>\u2013 Domingo Feliz, programa\u00e7\u00e3o infantil<\/li>\n<li><strong>10h <\/strong>\u2013 Programa Literatura Esp\u00edrita e Semin\u00e1rio \u201cVida e obra de Am\u00e9lia Rodrigues\u201d, com Denise Lino, Regina Baldovino e Edegar T\u00e3o | na Unifica\u00e7\u00e3o Kardecista<\/li>\n<li><strong>19h30 \u2013 <\/strong>Palestra \u201cO C\u00e9u e o Inferno entre a cren\u00e7a e o mito \u2013 a realidade e a consci\u00eancia\u201d, com Andr\u00e9 Bordini<\/li>\n<li>Apresenta\u00e7\u00e3o de poesia, viol\u00e3o e canto com M\u00e1rcia Mondim e Audrey Almeida<\/li>\n<\/ul>\n<p><strong><mark style=\"background-color:#fcb900\" class=\"has-inline-color\">Segunda-feira (7)<\/mark><\/strong><\/p>\n<ul class=\"wp-block-list\">\n<li><strong>19h30<\/strong> \u2013 Palestra \u201cO C\u00e9u e o Inferno \u2013 responsabilidade e salva\u00e7\u00e3o\u201d, com L\u00edvia Moraes<\/li>\n<li>Apresenta\u00e7\u00e3o de viol\u00e3o e canto com Fernando Fernandes<\/li>\n<\/ul>\n<p><strong><mark style=\"background-color:#fcb900\" class=\"has-inline-color\">Ter\u00e7a-feira (8)<\/mark><\/strong><\/p>\n<ul class=\"wp-block-list\">\n<li><strong>19h30<\/strong> \u2013 Palestra \u201cO porvir e o nada\u201d, com Victor Costa Curta<\/li>\n<li>Apresenta\u00e7\u00e3o de piano e canto com Carla Alyria e Isadora Caldas<\/li>\n<\/ul>\n<p><strong><mark style=\"background-color:#fcb900\" class=\"has-inline-color\">Quarta-feira (9)<\/mark><\/strong><\/p>\n<ul class=\"wp-block-list\">\n<li><strong>9h<\/strong>\u00a0\u2013 Encontro de corais na pra\u00e7a<\/li>\n<li><strong>19h30<\/strong> \u2013 Palestra \u201cSemeador e Colheita \u2013 Lei de Causa e Efeito\u201d, com Aldo Poltronieri<\/li>\n<li>Apresenta\u00e7\u00e3o do Sexteto Colibri<\/li>\n<\/ul>\n<p><strong><mark style=\"background-color:#fcb900\" class=\"has-inline-color\">\u00a0Quinta-feira (10)<\/mark><\/strong><\/p>\n<ul class=\"wp-block-list\">\n<li><strong>19h30<\/strong> \u2013 Palestra musicada com Benedito Marques e Grupo Notas de Luz<\/li>\n<li>Apresenta\u00e7\u00e3o art\u00edstica\u00a0da Fam\u00edlia Lima (canto e viol\u00e3o) e Carlos Crus (poesia)<\/li>\n<\/ul>\n<p><strong><mark style=\"background-color:#fcb900\" class=\"has-inline-color\">Sexta-feira (11)<\/mark><\/strong><\/p>\n<ul class=\"wp-block-list\">\n<li><strong>19h30 <\/strong>\u2013 Palestra \u201cEu no C\u00e9u ou no Inferno\u201d, com Francisco Cruz<\/li>\n<li>Apresenta\u00e7\u00e3o do Som do Bem com Fabiana Gatto e Renan Amoroso<\/li>\n<\/ul>\n<p><strong><mark style=\"background-color:#fcb900\" class=\"has-inline-color\">S\u00e1bado (12)<\/mark><\/strong><\/p>\n<ul class=\"wp-block-list\">\n<li><strong>9h30 <\/strong>\u2013 Palestra \u201cTerapia do Amor\u201d, com Roosvelt Adolphato Tiago<\/li>\n<li><strong>10h \u2013 <\/strong>Manh\u00e3 de aut\u00f3grafos, com Roosvelt Adolphato Tiago e J\u00f4 Andrade<\/li>\n<li>Apresenta\u00e7\u00e3o do Coral Vozes da Uni\u00e3o<\/li>\n<li><strong>19h30<\/strong> \u2013 Apresenta\u00e7\u00e3o do Grupo de Teatro Pequeninos de Jesus, com a pe\u00e7a \u201cAparecida do Fogo Selvagem\u201d<\/li>\n<\/ul>\n<p><strong><mark style=\"background-color:#fcb900\" class=\"has-inline-color\">Domingo (13)<\/mark><\/strong><\/p>\n<ul class=\"wp-block-list\">\n<li><strong>9h \u2013<\/strong> Ei Feira (Encontro Interativo de Jovens Esp\u00edritas)<\/li>\n<\/ul>\n<p>SAIBA MAIS<\/p>\n<p>Teatro, Paulo Ricardo e aeromodelismo: o que fazer no fim de semana em Ribeir\u00e3o e regi\u00e3o?<\/p>\n<h4 class=\"wp-block-heading\"><strong>FIQUE ON<\/strong><\/h4>\n<p>Quer ficar por dentro de tudo que acontece em Ribeir\u00e3o Preto e regi\u00e3o? Ent\u00e3o siga os perfis do\u202facidade on\u202fno\u202f<a href=\"https:\/\/www.instagram.com\/acidadeonribeirao\" target=\"_blank\" rel=\"noreferrer noopener\">Instagram<\/a>\u202fe no\u202f<a href=\"https:\/\/www.facebook.com\/acidadeonribeirao\/\" target=\"_blank\" rel=\"noreferrer noopener\">Facebook<\/a>.<\/p>\n<p>Al\u00e9m disso, voc\u00ea pode receber as principais not\u00edcias diretamente no WhatsApp. Para isso, basta\u00a0<a href=\"https:\/\/chat.whatsapp.com\/BjKQZ9oJwlz8VVT50NuePq\" target=\"_blank\" rel=\"noreferrer noopener\">entrar no grupo clicando aqui<\/a>.<\/p>\n<p>Por fim, se quiser fazer uma den\u00fancia ou sugerir uma reportagem sobre Ribeir\u00e3o Preto e regi\u00e3o, envie uma mensagem pelo WhatsApp: (16) 99117-7802.<\/p>\n<p>VEJA TAMB\u00c9M<\/p>\n<p>Quantos anos tinha a m\u00e3e do Pedro Bial?<\/p>\n<p><!-- AI CONTENT END 1 -->\n<\/div>\n<\/div>\n<p><script async src=\"\/\/www.instagram.com\/embed.js\"><\/script><br \/>\n<br \/><br \/>\n<br \/><a href=\"https:\/\/www.acidadeon.com\/ribeiraopreto\/lazer-e-cultura\/ribeirao-preto-recebe-52a-edicao-da-feira-do-livro-espirita-veja-programacao\/\">Source link <\/a><\/p>\n<!-- CONTENT END 1 -->\n","protected":false},"excerpt":{"rendered":"<p>Ribeir\u00e3o Preto recebe, entre os dias 4 e 13 de julho, na Pra\u00e7a XV de Novembro, um dos mais tradicionais eventos da cidade: a 52\u00aa&#8230;<\/p>\n","protected":false},"author":1,"featured_media":73560,"comment_status":"open","ping_status":"open","sticky":false,"template":"","format":"standard","meta":{"advanced_seo_description":"","jetpack_seo_html_title":"","jetpack_seo_noindex":false,"jetpack_post_was_ever_published":false,"_jetpack_newsletter_access":"","_jetpack_dont_email_post_to_subs":false,"_jetpack_newsletter_tier_id":0,"_jetpack_memberships_contains_paywalled_content":false,"_jetpack_memberships_contains_paid_content":false,"footnotes":"","jetpack_publicize_message":"","jetpack_publicize_feature_enabled":true,"jetpack_social_post_already_shared":true,"jetpack_social_options":{"image_generator_settings":{"template":"highway","default_image_id":0,"font":"","enabled":false},"version":2}},"categories":[11],"tags":[],"class_list":["post-73559","post","type-post","status-publish","format-standard","has-post-thumbnail","hentry","category-noticias-de-ribeirao-preto-sp-e-regiao-ismael-colosi"],"jetpack_publicize_connections":[],"jetpack_featured_media_url":"https:\/\/i0.wp.com\/noticiasribeiraopreto.com.br\/wp-content\/uploads\/2025\/07\/962b1833-950f-4320-9bbd-721995333f7c_2025-07-04_15-32-29.webp.webp?fit=1200%2C554&ssl=1","jetpack-related-posts":[{"id":73594,"url":"https:\/\/noticiasribeiraopreto.com.br\/index.php\/2025\/07\/05\/especialista-em-negocios-globais-lanca-livro-em-ribeirao-preto\/","url_meta":{"origin":73559,"position":0},"title":"Especialista em neg\u00f3cios globais lan\u00e7a livro em Ribeir\u00e3o Preto","author":"noticiasribeiraopreto.com.br","date":"5 de July de 2025","format":false,"excerpt":"A empres\u00e1ria e especialista em negocia\u00e7\u00f5es internacionais Nat\u00e1lia Mondelli lan\u00e7a neste s\u00e1bado (5), em Ribeir\u00e3o Preto, o livro \u201cO Mundo \u00e9 Seu: neg\u00f3cio fechado!\u201d. O evento ser\u00e1 a partir das 18h, na Livraria da Vila do Shopping Iguatemi. Na obra, a autora compartilha hist\u00f3rias reais, dicas pr\u00e1ticas e aprendizados para\u2026","rel":"","context":"In &quot;Not\u00edcias de Ribeir\u00e3o Preto-SP e Regi\u00e3o&quot;","block_context":{"text":"Not\u00edcias de Ribeir\u00e3o Preto-SP e Regi\u00e3o","link":"https:\/\/noticiasribeiraopreto.com.br\/index.php\/category\/noticias-de-ribeirao-preto-sp-e-regiao-ismael-colosi\/"},"img":{"alt_text":"","src":"https:\/\/i0.wp.com\/noticiasribeiraopreto.com.br\/wp-content\/uploads\/2025\/07\/livro-lancamento_2025-07-05_14-39-09.webp.webp?fit=1200%2C675&ssl=1&resize=350%2C200","width":350,"height":200,"srcset":"https:\/\/i0.wp.com\/noticiasribeiraopreto.com.br\/wp-content\/uploads\/2025\/07\/livro-lancamento_2025-07-05_14-39-09.webp.webp?fit=1200%2C675&ssl=1&resize=350%2C200 1x, https:\/\/i0.wp.com\/noticiasribeiraopreto.com.br\/wp-content\/uploads\/2025\/07\/livro-lancamento_2025-07-05_14-39-09.webp.webp?fit=1200%2C675&ssl=1&resize=525%2C300 1.5x, https:\/\/i0.wp.com\/noticiasribeiraopreto.com.br\/wp-content\/uploads\/2025\/07\/livro-lancamento_2025-07-05_14-39-09.webp.webp?fit=1200%2C675&ssl=1&resize=700%2C400 2x, https:\/\/i0.wp.com\/noticiasribeiraopreto.com.br\/wp-content\/uploads\/2025\/07\/livro-lancamento_2025-07-05_14-39-09.webp.webp?fit=1200%2C675&ssl=1&resize=1050%2C600 3x"},"classes":[]},{"id":67726,"url":"https:\/\/noticiasribeiraopreto.com.br\/index.php\/2025\/04\/17\/senac-realiza-semana-de-leitura-em-ribeirao-preto-veja-quando\/","url_meta":{"origin":73559,"position":1},"title":"Senac realiza Semana de Leitura em Ribeir\u00e3o Preto; Veja quando","author":"noticiasribeiraopreto.com.br","date":"17 de April de 2025","format":false,"excerpt":"Acontece entre os dias 22 e 26 de abril, em Ribeir\u00e3o Preto, a 10\u00aa edi\u00e7\u00e3o da Semana Senac de Leitura com o tema \u201cCultura e Conviv\u00eancia: a biblioteca al\u00e9m dos livros\u201d. O evento \u00e9 gratuito e conta com uma programa\u00e7\u00e3o diversificada, que vai de exposi\u00e7\u00f5es e palestras a apresenta\u00e7\u00f5es art\u00edsticas\u2026","rel":"","context":"In &quot;Not\u00edcias de Ribeir\u00e3o Preto-SP e Regi\u00e3o&quot;","block_context":{"text":"Not\u00edcias de Ribeir\u00e3o Preto-SP e Regi\u00e3o","link":"https:\/\/noticiasribeiraopreto.com.br\/index.php\/category\/noticias-de-ribeirao-preto-sp-e-regiao-ismael-colosi\/"},"img":{"alt_text":"","src":"https:\/\/i0.wp.com\/noticiasribeiraopreto.com.br\/wp-content\/uploads\/2025\/04\/Senac-Semana-de-Leitura_2025-04-17_16-32-13.webp.webp?fit=1200%2C675&ssl=1&resize=350%2C200","width":350,"height":200,"srcset":"https:\/\/i0.wp.com\/noticiasribeiraopreto.com.br\/wp-content\/uploads\/2025\/04\/Senac-Semana-de-Leitura_2025-04-17_16-32-13.webp.webp?fit=1200%2C675&ssl=1&resize=350%2C200 1x, https:\/\/i0.wp.com\/noticiasribeiraopreto.com.br\/wp-content\/uploads\/2025\/04\/Senac-Semana-de-Leitura_2025-04-17_16-32-13.webp.webp?fit=1200%2C675&ssl=1&resize=525%2C300 1.5x, https:\/\/i0.wp.com\/noticiasribeiraopreto.com.br\/wp-content\/uploads\/2025\/04\/Senac-Semana-de-Leitura_2025-04-17_16-32-13.webp.webp?fit=1200%2C675&ssl=1&resize=700%2C400 2x, https:\/\/i0.wp.com\/noticiasribeiraopreto.com.br\/wp-content\/uploads\/2025\/04\/Senac-Semana-de-Leitura_2025-04-17_16-32-13.webp.webp?fit=1200%2C675&ssl=1&resize=1050%2C600 3x"},"classes":[]},{"id":55352,"url":"https:\/\/noticiasribeiraopreto.com.br\/index.php\/2024\/08\/01\/veja-a-programacao-do-primeiro-dia-da-feira-do-livro-de-ribeirao-preto\/","url_meta":{"origin":73559,"position":2},"title":"Veja a programa\u00e7\u00e3o do primeiro dia da Feira do Livro de Ribeir\u00e3o Preto","author":"noticiasribeiraopreto.com.br","date":"1 de August de 2024","format":false,"excerpt":"A 23\u00aa edi\u00e7\u00e3o da Feira Internacional do Livro de Ribeir\u00e3o Preto inicia nesta quinta-feira (1\u00ba de agosto) e segue at\u00e9 o dia 11 de agosto, com uma programa\u00e7\u00e3o com mais de 400 atividades gratuitas que acontecem principalmente na Pra\u00e7a XV, Esplanada do Theatro Pedro II e o no Theatro Pedro\u2026","rel":"","context":"In &quot;Not\u00edcias de Ribeir\u00e3o Preto-SP e Regi\u00e3o&quot;","block_context":{"text":"Not\u00edcias de Ribeir\u00e3o Preto-SP e Regi\u00e3o","link":"https:\/\/noticiasribeiraopreto.com.br\/index.php\/category\/noticias-de-ribeirao-preto-sp-e-regiao-ismael-colosi\/"},"img":{"alt_text":"","src":"https:\/\/i0.wp.com\/noticiasribeiraopreto.com.br\/wp-content\/uploads\/2024\/08\/Copia-de-Copia-de-TAMANHO-EXATO-PARA-FOTOS-NO-SISTEMA-NOVO-20_2024-07-31_11-31-49_jpg_2024-07-31_11-31-49.webp.webp?fit=1200%2C675&ssl=1&resize=350%2C200","width":350,"height":200,"srcset":"https:\/\/i0.wp.com\/noticiasribeiraopreto.com.br\/wp-content\/uploads\/2024\/08\/Copia-de-Copia-de-TAMANHO-EXATO-PARA-FOTOS-NO-SISTEMA-NOVO-20_2024-07-31_11-31-49_jpg_2024-07-31_11-31-49.webp.webp?fit=1200%2C675&ssl=1&resize=350%2C200 1x, https:\/\/i0.wp.com\/noticiasribeiraopreto.com.br\/wp-content\/uploads\/2024\/08\/Copia-de-Copia-de-TAMANHO-EXATO-PARA-FOTOS-NO-SISTEMA-NOVO-20_2024-07-31_11-31-49_jpg_2024-07-31_11-31-49.webp.webp?fit=1200%2C675&ssl=1&resize=525%2C300 1.5x, https:\/\/i0.wp.com\/noticiasribeiraopreto.com.br\/wp-content\/uploads\/2024\/08\/Copia-de-Copia-de-TAMANHO-EXATO-PARA-FOTOS-NO-SISTEMA-NOVO-20_2024-07-31_11-31-49_jpg_2024-07-31_11-31-49.webp.webp?fit=1200%2C675&ssl=1&resize=700%2C400 2x, https:\/\/i0.wp.com\/noticiasribeiraopreto.com.br\/wp-content\/uploads\/2024\/08\/Copia-de-Copia-de-TAMANHO-EXATO-PARA-FOTOS-NO-SISTEMA-NOVO-20_2024-07-31_11-31-49_jpg_2024-07-31_11-31-49.webp.webp?fit=1200%2C675&ssl=1&resize=1050%2C600 3x"},"classes":[]},{"id":58936,"url":"https:\/\/noticiasribeiraopreto.com.br\/index.php\/2024\/10\/09\/dia-das-criancas-onibus-livro-vivo-estreia-em-ribeirao-preto\/","url_meta":{"origin":73559,"position":3},"title":"Dia das Crian\u00e7as: \u00d4nibus Livro Vivo estreia em Ribeir\u00e3o Preto","author":"noticiasribeiraopreto.com.br","date":"9 de October de 2024","format":false,"excerpt":"O Ribeir\u00e3o Shopping, na zona Sul de Ribeir\u00e3o Preto, recebe neste s\u00e1bado (12), marcado pelo Dia das Crian\u00e7as, o \u00d4nibus Livro Vivo, um ve\u00edculo itinerante que levar\u00e1 literatura a diversas pessoas. O projeto, que foi lan\u00e7ado durante a 23\u00aa edi\u00e7\u00e3o da Feira Internacional do Livro de Ribeir\u00e3o Preto, ficar\u00e1 dispon\u00edvel\u2026","rel":"","context":"In &quot;Not\u00edcias de Ribeir\u00e3o Preto-SP e Regi\u00e3o&quot;","block_context":{"text":"Not\u00edcias de Ribeir\u00e3o Preto-SP e Regi\u00e3o","link":"https:\/\/noticiasribeiraopreto.com.br\/index.php\/category\/noticias-de-ribeirao-preto-sp-e-regiao-ismael-colosi\/"},"img":{"alt_text":"","src":"https:\/\/i0.wp.com\/noticiasribeiraopreto.com.br\/wp-content\/uploads\/2024\/10\/Onibus-Livro-Vivo-1_2024-10-09_12-30-29_jpeg_2024-10-09_12-30-30-scaled.webp.webp?fit=1200%2C805&ssl=1&resize=350%2C200","width":350,"height":200,"srcset":"https:\/\/i0.wp.com\/noticiasribeiraopreto.com.br\/wp-content\/uploads\/2024\/10\/Onibus-Livro-Vivo-1_2024-10-09_12-30-29_jpeg_2024-10-09_12-30-30-scaled.webp.webp?fit=1200%2C805&ssl=1&resize=350%2C200 1x, https:\/\/i0.wp.com\/noticiasribeiraopreto.com.br\/wp-content\/uploads\/2024\/10\/Onibus-Livro-Vivo-1_2024-10-09_12-30-29_jpeg_2024-10-09_12-30-30-scaled.webp.webp?fit=1200%2C805&ssl=1&resize=525%2C300 1.5x, https:\/\/i0.wp.com\/noticiasribeiraopreto.com.br\/wp-content\/uploads\/2024\/10\/Onibus-Livro-Vivo-1_2024-10-09_12-30-29_jpeg_2024-10-09_12-30-30-scaled.webp.webp?fit=1200%2C805&ssl=1&resize=700%2C400 2x, https:\/\/i0.wp.com\/noticiasribeiraopreto.com.br\/wp-content\/uploads\/2024\/10\/Onibus-Livro-Vivo-1_2024-10-09_12-30-29_jpeg_2024-10-09_12-30-30-scaled.webp.webp?fit=1200%2C805&ssl=1&resize=1050%2C600 3x"},"classes":[]},{"id":54274,"url":"https:\/\/noticiasribeiraopreto.com.br\/index.php\/2024\/07\/05\/confira-a-programacao-da-feira-internacional-do-livro-de-ribeirao-preto-2024\/","url_meta":{"origin":73559,"position":4},"title":"Confira a programa\u00e7\u00e3o da Feira Internacional do Livro de Ribeir\u00e3o Preto 2024","author":"noticiasribeiraopreto.com.br","date":"5 de July de 2024","format":false,"excerpt":"A 23\u00aa edi\u00e7\u00e3o da FIL (Feira Internacional do Livro de Ribeir\u00e3o Preto) come\u00e7a no pr\u00f3ximo dia 1\u00ba de agosto. O tema central deste ano \u00e9: \u201cCotidianos po\u00e9ticos: Do \u00e9pico de Cam\u00f5es \u00e0s batalhas de rua\u201d. A programa\u00e7\u00e3o completa da feira foi divulgada nesta sexta-feira (5). Nesta edi\u00e7\u00e3o, cinco autores s\u00e3o\u2026","rel":"","context":"In &quot;Not\u00edcias de Ribeir\u00e3o Preto-SP e Regi\u00e3o&quot;","block_context":{"text":"Not\u00edcias de Ribeir\u00e3o Preto-SP e Regi\u00e3o","link":"https:\/\/noticiasribeiraopreto.com.br\/index.php\/category\/noticias-de-ribeirao-preto-sp-e-regiao-ismael-colosi\/"},"img":{"alt_text":"","src":"https:\/\/i0.wp.com\/noticiasribeiraopreto.com.br\/wp-content\/uploads\/2024\/07\/WhatsApp-Image-2024-07-05-at-11.23.19_2024-07-05_15-02-58_jpeg_2024-07-05_15-02-58.webp.webp?fit=1200%2C675&ssl=1&resize=350%2C200","width":350,"height":200,"srcset":"https:\/\/i0.wp.com\/noticiasribeiraopreto.com.br\/wp-content\/uploads\/2024\/07\/WhatsApp-Image-2024-07-05-at-11.23.19_2024-07-05_15-02-58_jpeg_2024-07-05_15-02-58.webp.webp?fit=1200%2C675&ssl=1&resize=350%2C200 1x, https:\/\/i0.wp.com\/noticiasribeiraopreto.com.br\/wp-content\/uploads\/2024\/07\/WhatsApp-Image-2024-07-05-at-11.23.19_2024-07-05_15-02-58_jpeg_2024-07-05_15-02-58.webp.webp?fit=1200%2C675&ssl=1&resize=525%2C300 1.5x, https:\/\/i0.wp.com\/noticiasribeiraopreto.com.br\/wp-content\/uploads\/2024\/07\/WhatsApp-Image-2024-07-05-at-11.23.19_2024-07-05_15-02-58_jpeg_2024-07-05_15-02-58.webp.webp?fit=1200%2C675&ssl=1&resize=700%2C400 2x, https:\/\/i0.wp.com\/noticiasribeiraopreto.com.br\/wp-content\/uploads\/2024\/07\/WhatsApp-Image-2024-07-05-at-11.23.19_2024-07-05_15-02-58_jpeg_2024-07-05_15-02-58.webp.webp?fit=1200%2C675&ssl=1&resize=1050%2C600 3x"},"classes":[]},{"id":73574,"url":"https:\/\/noticiasribeiraopreto.com.br\/index.php\/2025\/07\/04\/peregrinos-da-regiao-de-ribeirao-preto-perdem-r-464-mil-apos-golpe-de-agencia-de-viagens\/","url_meta":{"origin":73559,"position":5},"title":"Peregrinos da regi\u00e3o de Ribeir\u00e3o Preto perdem R$ 464 mil ap\u00f3s golpe de ag\u00eancia de viagens","author":"noticiasribeiraopreto.com.br","date":"4 de July de 2025","format":false,"excerpt":"Um grupo de 29 peregrinos de Orl\u00e2ndia e S\u00e3o Joaquim da Barra, na regi\u00e3o de Ribeir\u00e3o Preto, perdeu R$ 464 mil ap\u00f3s contratar pacotes para o Jubileu da Esperan\u00e7a, em Roma. A viagem foi cancelada dias antes do embarque, e a ag\u00eancia respons\u00e1vel alegou crise financeira. O cancelamento surpreendeu os\u2026","rel":"","context":"In &quot;Not\u00edcias de Ribeir\u00e3o Preto-SP e Regi\u00e3o&quot;","block_context":{"text":"Not\u00edcias de Ribeir\u00e3o Preto-SP e Regi\u00e3o","link":"https:\/\/noticiasribeiraopreto.com.br\/index.php\/category\/noticias-de-ribeirao-preto-sp-e-regiao-ismael-colosi\/"},"img":{"alt_text":"","src":"https:\/\/i0.wp.com\/noticiasribeiraopreto.com.br\/wp-content\/uploads\/2025\/07\/Imagem-do-WhatsApp-de-2025-07-04-as-20.21.28_5a841ac5_2025-07-04_23-22-47.webp.webp?fit=1200%2C668&ssl=1&resize=350%2C200","width":350,"height":200,"srcset":"https:\/\/i0.wp.com\/noticiasribeiraopreto.com.br\/wp-content\/uploads\/2025\/07\/Imagem-do-WhatsApp-de-2025-07-04-as-20.21.28_5a841ac5_2025-07-04_23-22-47.webp.webp?fit=1200%2C668&ssl=1&resize=350%2C200 1x, https:\/\/i0.wp.com\/noticiasribeiraopreto.com.br\/wp-content\/uploads\/2025\/07\/Imagem-do-WhatsApp-de-2025-07-04-as-20.21.28_5a841ac5_2025-07-04_23-22-47.webp.webp?fit=1200%2C668&ssl=1&resize=525%2C300 1.5x, https:\/\/i0.wp.com\/noticiasribeiraopreto.com.br\/wp-content\/uploads\/2025\/07\/Imagem-do-WhatsApp-de-2025-07-04-as-20.21.28_5a841ac5_2025-07-04_23-22-47.webp.webp?fit=1200%2C668&ssl=1&resize=700%2C400 2x, https:\/\/i0.wp.com\/noticiasribeiraopreto.com.br\/wp-content\/uploads\/2025\/07\/Imagem-do-WhatsApp-de-2025-07-04-as-20.21.28_5a841ac5_2025-07-04_23-22-47.webp.webp?fit=1200%2C668&ssl=1&resize=1050%2C600 3x"},"classes":[]}],"jetpack_sharing_enabled":true,"jetpack_shortlink":"https:\/\/wp.me\/peQAOb-j8r","_links":{"self":[{"href":"https:\/\/noticiasribeiraopreto.com.br\/index.php\/wp-json\/wp\/v2\/posts\/73559","targetHints":{"allow":["GET"]}}],"collection":[{"href":"https:\/\/noticiasribeiraopreto.com.br\/index.php\/wp-json\/wp\/v2\/posts"}],"about":[{"href":"https:\/\/noticiasribeiraopreto.com.br\/index.php\/wp-json\/wp\/v2\/types\/post"}],"author":[{"embeddable":true,"href":"https:\/\/noticiasribeiraopreto.com.br\/index.php\/wp-json\/wp\/v2\/users\/1"}],"replies":[{"embeddable":true,"href":"https:\/\/noticiasribeiraopreto.com.br\/index.php\/wp-json\/wp\/v2\/comments?post=73559"}],"version-history":[{"count":0,"href":"https:\/\/noticiasribeiraopreto.com.br\/index.php\/wp-json\/wp\/v2\/posts\/73559\/revisions"}],"wp:featuredmedia":[{"embeddable":true,"href":"https:\/\/noticiasribeiraopreto.com.br\/index.php\/wp-json\/wp\/v2\/media\/73560"}],"wp:attachment":[{"href":"https:\/\/noticiasribeiraopreto.com.br\/index.php\/wp-json\/wp\/v2\/media?parent=73559"}],"wp:term":[{"taxonomy":"category","embeddable":true,"href":"https:\/\/noticiasribeiraopreto.com.br\/index.php\/wp-json\/wp\/v2\/categories?post=73559"},{"taxonomy":"post_tag","embeddable":true,"href":"https:\/\/noticiasribeiraopreto.com.br\/index.php\/wp-json\/wp\/v2\/tags?post=73559"}],"curies":[{"name":"wp","href":"https:\/\/api.w.org\/{rel}","templated":true}]}}