{"id":73561,"date":"2025-07-04T17:03:53","date_gmt":"2025-07-04T20:03:53","guid":{"rendered":"https:\/\/noticiasribeiraopreto.com.br\/index.php\/2025\/07\/04\/botafogo-anuncia-tecnico-para-copa-paulista\/"},"modified":"2025-07-04T17:03:53","modified_gmt":"2025-07-04T20:03:53","slug":"botafogo-anuncia-tecnico-para-copa-paulista","status":"publish","type":"post","link":"https:\/\/noticiasribeiraopreto.com.br\/index.php\/2025\/07\/04\/botafogo-anuncia-tecnico-para-copa-paulista\/","title":{"rendered":"Botafogo anuncia t\u00e9cnico para Copa Paulista"},"content":{"rendered":"<div class='code-block code-block-1' style='margin: 8px 0 8px auto; text-align: right; display: block; clear: both;'>\n<p><a href=\"https:\/\/wa.link\/vpicfd\"><img data-recalc-dims=\"1\" class=\"wp-image-4922\" style=\"aspect-ratio: 2.0253164556962027; width: 561px; height: auto;\" src=\"https:\/\/i0.wp.com\/ismaelcolosi.com.br\/wp-content\/uploads\/2023\/11\/grupo-de-empregos-whatsapp-e-facebook-ismael-colosi-vagas.jpg?ssl=1\" alt=\"\" \/><\/a><\/p>\n<!-- \/wp:image -->\n<\/div>\n<p> <br \/>\n<\/p>\n<div id=\"\">\n<h2 class=\"penci-post-subtitle\">R\u00e9gis Angeli ocupar\u00e1 cargo que era do auxiliar Ivan Izzo<\/h2>\n<p>\n\t\t\t\t\t\t\t\t\t<span class=\"entry-meta-item penci-posted-on\"><i class=\"fa fa-clock-o\"\/><time class=\"entry-date published\" datetime=\"2025-07-04T16:56:41-03:00\">4 de julho de 2025 16:56<\/time><time class=\"updated\" datetime=\"2025-07-04T16:58:11-03:00\">4 de julho de 2025 16:58<\/time><\/span><span class=\"entry-meta-item penci-post-countview\"><span class=\"entry-meta-item penci-post-countview penci_post-meta_item\"><i class=\"fa fa-eye\"\/><span class=\"penci-post-countview-number penci-post-countview-p430567\">3<\/span><\/span><\/span>\t\t\t\t\t\t\t\t<\/p>\n<p><!-- .entry-meta --><br \/>\n\t\t\t\t\t\t\t\t<span class=\"penci-social-buttons penci-social-share-footer\"><span class=\"penci-social-share-text\">Compartilhar<\/span><a href=\"#\" class=\"penci-post-like penci_post-meta_item  single-like-button penci-social-item like\" data-post_id=\"430567\" title=\"Like\" data-like=\"Like\" data-unlike=\"Unlike\"><i class=\"fa fa-thumbs-o-up\"\/><span class=\"penci-share-number\">1<\/span><\/a><i class=\"fa fa-facebook\"\/><a class=\"penci-social-item twitter\" target=\"_blank\" rel=\"noopener\" title=\"\" href=\"https:\/\/twitter.com\/intent\/tweet?text=Botafogo%20anuncia%20t\u00e9cnico%20para%20Copa%20Paulista%20-%20https:\/\/www.tribunaribeirao.com.br\/botafogo-anuncia-tecnico-para-copa-paulista\/\"><i class=\"fa fa-twitter\"\/><\/a><i class=\"fa fa-linkedin\"\/><i class=\"fa fa-whatsapp\"\/><i class=\"fa fa-telegram\"\/><i class=\"fa fa-envelope\"\/><\/span>\t\t\t\t\t\t\t<\/div>\n<div>\n<p><strong><em>Por Hugo Luque<\/em><\/strong><\/p>\n<p>R\u00e9gis Angeli foi anunciado nesta sexta-feira (4) como o novo t\u00e9cnico do \u201ctime B\u201d do Botafogo, que disputa a Copa Paulista. O profissional ter\u00e1 a miss\u00e3o de classificar o time para o mata-mata ap\u00f3s o p\u00e9ssimo in\u00edcio de competi\u00e7\u00e3o.<\/p>\n<p>Natural de Ribeir\u00e3o Preto e filho do ex-jogador Antoninho, maior artilheiro da hist\u00f3ria do Pantera, Angeli tamb\u00e9m foi jogador do clube. Como atleta, atuou ainda por Ponte Preta, Mogi Mirim e Kashiwa Reysol, do Jap\u00e3o.<\/p>\n<p>J\u00e1 como treinador, passou pelo Tricolor no in\u00edcio da carreira, em 2011, de forma interina, e depois retornou para ser auxiliar t\u00e9cnico em 2015 e 2020, cargo que tamb\u00e9m ocupou em equipes como Vit\u00f3ria, Chapecoense, Atl\u00e9tico-GO e, mais recentemente, Gr\u00eamio, Am\u00e9rica-MG e Cear\u00e1. Angeli ainda comandou EC S\u00e3o Bernardo, Monte Azul, Rio Preto e Comercial \u2013 seu \u00faltimo trabalho como t\u00e9cnico principal, em 2021.<\/p>\n<p>A contrata\u00e7\u00e3o de Angeli, que ter\u00e1 tamb\u00e9m a fun\u00e7\u00e3o de integrar as categorias de base e o elenco principal, n\u00e3o interfere no trabalho de Allan Aal, que faz boa campanha com o \u201ctime A\u201d e continua no comando na S\u00e9rie B do Campeonato Brasileiro.<\/p>\n<p>Lanterna do Grupo 2, com um ponto, o Bota volta a campo pela Copa Paulista na quarta-feira, \u00e0s 15h, em casa, contra a Itapirense. Antes, recebe o Novorizontino no domingo, \u00e0s 18h30, pela S\u00e9rie B.<\/p>\n<\/div>\n<p><script async src=\"\/\/platform.twitter.com\/widgets.js\" charset=\"utf-8\"><\/script><br \/>\n<br \/><br \/>\n<br \/><a href=\"https:\/\/www.tribunaribeirao.com.br\/botafogo-anuncia-tecnico-para-copa-paulista\/\">Source link <\/a><\/p>\n<!-- CONTENT END 1 -->\n","protected":false},"excerpt":{"rendered":"<p>R\u00e9gis Angeli ocupar\u00e1 cargo que era do auxiliar Ivan Izzo 4 de julho de 2025 16:564 de julho de 2025 16:583 Compartilhar1 Por Hugo Luque&#8230;<\/p>\n","protected":false},"author":1,"featured_media":73562,"comment_status":"open","ping_status":"open","sticky":false,"template":"","format":"standard","meta":{"advanced_seo_description":"","jetpack_seo_html_title":"","jetpack_seo_noindex":false,"jetpack_post_was_ever_published":false,"_jetpack_newsletter_access":"","_jetpack_dont_email_post_to_subs":false,"_jetpack_newsletter_tier_id":0,"_jetpack_memberships_contains_paywalled_content":false,"_jetpack_memberships_contains_paid_content":false,"footnotes":"","jetpack_publicize_message":"","jetpack_publicize_feature_enabled":true,"jetpack_social_post_already_shared":true,"jetpack_social_options":{"image_generator_settings":{"template":"highway","default_image_id":0,"font":"","enabled":false},"version":2}},"categories":[11],"tags":[],"class_list":["post-73561","post","type-post","status-publish","format-standard","has-post-thumbnail","hentry","category-noticias-de-ribeirao-preto-sp-e-regiao-ismael-colosi"],"jetpack_publicize_connections":[],"jetpack_featured_media_url":"https:\/\/i0.wp.com\/noticiasribeiraopreto.com.br\/wp-content\/uploads\/2025\/07\/1-TEC-Regis-Angeli-Divulgacao_Botafogo.jpeg?fit=848%2C450&ssl=1","jetpack-related-posts":[{"id":73283,"url":"https:\/\/noticiasribeiraopreto.com.br\/index.php\/2025\/06\/28\/museu-casa-de-portinari-tem-programacao-especial-nas-ferias-de-julho-confira\/","url_meta":{"origin":73561,"position":0},"title":"Museu Casa de Portinari tem programa\u00e7\u00e3o especial nas f\u00e9rias de julho; Confira","author":"noticiasribeiraopreto.com.br","date":"28 de June de 2025","format":false,"excerpt":"O Museu Casa de Portinari, em Brodowski, na regi\u00e3o de Ribeir\u00e3o Preto, oferece uma programa\u00e7\u00e3o especial de f\u00e9rias gratuita com oficinas, brincadeiras, jogos e espa\u00e7os de leitura. O projeto \u201cF\u00e9rias no Museu\u201d estimula a criatividade e aproxima as crian\u00e7as do universo art\u00edstico de Portinari. As atividades acontecem na esplanada do\u2026","rel":"","context":"In &quot;Not\u00edcias de Ribeir\u00e3o Preto-SP e Regi\u00e3o&quot;","block_context":{"text":"Not\u00edcias de Ribeir\u00e3o Preto-SP e Regi\u00e3o","link":"https:\/\/noticiasribeiraopreto.com.br\/index.php\/category\/noticias-de-ribeirao-preto-sp-e-regiao-ismael-colosi\/"},"img":{"alt_text":"","src":"https:\/\/i0.wp.com\/noticiasribeiraopreto.com.br\/wp-content\/uploads\/2025\/06\/5b6b7a56-6e5e-497d-8fe3-fe7aeed37d26_2025-06-28_17-41-04.webp.webp?fit=1200%2C728&ssl=1&resize=350%2C200","width":350,"height":200,"srcset":"https:\/\/i0.wp.com\/noticiasribeiraopreto.com.br\/wp-content\/uploads\/2025\/06\/5b6b7a56-6e5e-497d-8fe3-fe7aeed37d26_2025-06-28_17-41-04.webp.webp?fit=1200%2C728&ssl=1&resize=350%2C200 1x, https:\/\/i0.wp.com\/noticiasribeiraopreto.com.br\/wp-content\/uploads\/2025\/06\/5b6b7a56-6e5e-497d-8fe3-fe7aeed37d26_2025-06-28_17-41-04.webp.webp?fit=1200%2C728&ssl=1&resize=525%2C300 1.5x, https:\/\/i0.wp.com\/noticiasribeiraopreto.com.br\/wp-content\/uploads\/2025\/06\/5b6b7a56-6e5e-497d-8fe3-fe7aeed37d26_2025-06-28_17-41-04.webp.webp?fit=1200%2C728&ssl=1&resize=700%2C400 2x, https:\/\/i0.wp.com\/noticiasribeiraopreto.com.br\/wp-content\/uploads\/2025\/06\/5b6b7a56-6e5e-497d-8fe3-fe7aeed37d26_2025-06-28_17-41-04.webp.webp?fit=1200%2C728&ssl=1&resize=1050%2C600 3x"},"classes":[]},{"id":84766,"url":"https:\/\/noticiasribeiraopreto.com.br\/index.php\/2026\/04\/15\/ribeirao-preto-abre-vagas-para-cursos-profissionalizantes-gratuitos-veja-opcoes\/","url_meta":{"origin":73561,"position":1},"title":"Ribeir\u00e3o Preto abre vagas para cursos profissionalizantes gratuitos; Veja op\u00e7\u00f5es","author":"noticiasribeiraopreto.com.br","date":"15 de April de 2026","format":false,"excerpt":"Ler o resumo da not\u00edcia Escola de Educa\u00e7\u00e3o Profissional Dr. Celso Charuri, em Ribeir\u00e3o Preto, oferece vagas para cursos gratuitos de capacita\u00e7\u00e3o em parceria com o SENAI. Inscri\u00e7\u00f5es devem ser feitas na secretaria da escola, na Av. Luiz Galv\u00e3o C\u00e9sar, 273, bairro Planalto Verde, de segunda a sexta-feira. Documentos necess\u00e1rios:\u2026","rel":"","context":"In &quot;Not\u00edcias de Ribeir\u00e3o Preto-SP e Regi\u00e3o&quot;","block_context":{"text":"Not\u00edcias de Ribeir\u00e3o Preto-SP e Regi\u00e3o","link":"https:\/\/noticiasribeiraopreto.com.br\/index.php\/category\/noticias-de-ribeirao-preto-sp-e-regiao-ismael-colosi\/"},"img":{"alt_text":"","src":"https:\/\/i0.wp.com\/noticiasribeiraopreto.com.br\/wp-content\/uploads\/2024\/06\/cursoscelsocharuri_-_cursos_inclusao_produtiva_costura_-_foto_guilherme_sircili_2_2024-06-10_22-08-18_jpg_2024-06-10_22-08-18.webp.webp?fit=1200%2C799&ssl=1&resize=350%2C200","width":350,"height":200,"srcset":"https:\/\/i0.wp.com\/noticiasribeiraopreto.com.br\/wp-content\/uploads\/2024\/06\/cursoscelsocharuri_-_cursos_inclusao_produtiva_costura_-_foto_guilherme_sircili_2_2024-06-10_22-08-18_jpg_2024-06-10_22-08-18.webp.webp?fit=1200%2C799&ssl=1&resize=350%2C200 1x, https:\/\/i0.wp.com\/noticiasribeiraopreto.com.br\/wp-content\/uploads\/2024\/06\/cursoscelsocharuri_-_cursos_inclusao_produtiva_costura_-_foto_guilherme_sircili_2_2024-06-10_22-08-18_jpg_2024-06-10_22-08-18.webp.webp?fit=1200%2C799&ssl=1&resize=525%2C300 1.5x, https:\/\/i0.wp.com\/noticiasribeiraopreto.com.br\/wp-content\/uploads\/2024\/06\/cursoscelsocharuri_-_cursos_inclusao_produtiva_costura_-_foto_guilherme_sircili_2_2024-06-10_22-08-18_jpg_2024-06-10_22-08-18.webp.webp?fit=1200%2C799&ssl=1&resize=700%2C400 2x, https:\/\/i0.wp.com\/noticiasribeiraopreto.com.br\/wp-content\/uploads\/2024\/06\/cursoscelsocharuri_-_cursos_inclusao_produtiva_costura_-_foto_guilherme_sircili_2_2024-06-10_22-08-18_jpg_2024-06-10_22-08-18.webp.webp?fit=1200%2C799&ssl=1&resize=1050%2C600 3x"},"classes":[]},{"id":61546,"url":"https:\/\/noticiasribeiraopreto.com.br\/index.php\/2024\/12\/16\/vou-deixar-a-avenida-nove-de-julho-fluindo-afirma-nogueira\/","url_meta":{"origin":73561,"position":2},"title":"&#8216;Vou deixar a avenida Nove de Julho fluindo&#8217;, afirma Nogueira","author":"noticiasribeiraopreto.com.br","date":"16 de December de 2024","format":false,"excerpt":"Ap\u00f3s dois mandatos \u00e0 frente da Prefeitura de Ribeir\u00e3o Preto, Ant\u00f4nio Duarte Nogueira J\u00fanior (PSDB) chega \u00e0s \u00faltimas semanas de seu governo. Em conversa com o acidade on, o prefeito disse que a prioridade da nova gest\u00e3o deve ser as obras e afirmou que deixar\u00e1 a avenida Nove de Julho\u2026","rel":"","context":"In &quot;Not\u00edcias de Ribeir\u00e3o Preto-SP e Regi\u00e3o&quot;","block_context":{"text":"Not\u00edcias de Ribeir\u00e3o Preto-SP e Regi\u00e3o","link":"https:\/\/noticiasribeiraopreto.com.br\/index.php\/category\/noticias-de-ribeirao-preto-sp-e-regiao-ismael-colosi\/"},"img":{"alt_text":"","src":"https:\/\/i0.wp.com\/noticiasribeiraopreto.com.br\/wp-content\/uploads\/2024\/12\/Copia-de-Copia-de-Copia-de-TAMANHO-EXATO-PARA-FOTOS-NO-SISTEMA-NOVO-2024-12-16T131213.695_2024-12-16_16-12-28_png_2024-12-16_16-12-28.webp.webp?fit=1200%2C675&ssl=1&resize=350%2C200","width":350,"height":200,"srcset":"https:\/\/i0.wp.com\/noticiasribeiraopreto.com.br\/wp-content\/uploads\/2024\/12\/Copia-de-Copia-de-Copia-de-TAMANHO-EXATO-PARA-FOTOS-NO-SISTEMA-NOVO-2024-12-16T131213.695_2024-12-16_16-12-28_png_2024-12-16_16-12-28.webp.webp?fit=1200%2C675&ssl=1&resize=350%2C200 1x, https:\/\/i0.wp.com\/noticiasribeiraopreto.com.br\/wp-content\/uploads\/2024\/12\/Copia-de-Copia-de-Copia-de-TAMANHO-EXATO-PARA-FOTOS-NO-SISTEMA-NOVO-2024-12-16T131213.695_2024-12-16_16-12-28_png_2024-12-16_16-12-28.webp.webp?fit=1200%2C675&ssl=1&resize=525%2C300 1.5x, https:\/\/i0.wp.com\/noticiasribeiraopreto.com.br\/wp-content\/uploads\/2024\/12\/Copia-de-Copia-de-Copia-de-TAMANHO-EXATO-PARA-FOTOS-NO-SISTEMA-NOVO-2024-12-16T131213.695_2024-12-16_16-12-28_png_2024-12-16_16-12-28.webp.webp?fit=1200%2C675&ssl=1&resize=700%2C400 2x, https:\/\/i0.wp.com\/noticiasribeiraopreto.com.br\/wp-content\/uploads\/2024\/12\/Copia-de-Copia-de-Copia-de-TAMANHO-EXATO-PARA-FOTOS-NO-SISTEMA-NOVO-2024-12-16T131213.695_2024-12-16_16-12-28_png_2024-12-16_16-12-28.webp.webp?fit=1200%2C675&ssl=1&resize=1050%2C600 3x"},"classes":[]},{"id":61575,"url":"https:\/\/noticiasribeiraopreto.com.br\/index.php\/2024\/12\/16\/vou-deixar-a-avenida-nove-de-julho-fluindo-afirma-nogueira-2\/","url_meta":{"origin":73561,"position":3},"title":"&#8216;Vou deixar a avenida Nove de Julho fluindo&#8217;, afirma Nogueira","author":"noticiasribeiraopreto.com.br","date":"16 de December de 2024","format":false,"excerpt":"Ap\u00f3s dois mandatos \u00e0 frente da Prefeitura de Ribeir\u00e3o Preto, Ant\u00f4nio Duarte Nogueira J\u00fanior (PSDB) chega \u00e0s \u00faltimas semanas de seu governo. Em conversa com o acidade on, o prefeito disse a nova gest\u00e3o deve dar aten\u00e7\u00e3o as obras e afirmou que deixar\u00e1 a avenida Nove de Julho com o\u2026","rel":"","context":"In &quot;Not\u00edcias de Ribeir\u00e3o Preto-SP e Regi\u00e3o&quot;","block_context":{"text":"Not\u00edcias de Ribeir\u00e3o Preto-SP e Regi\u00e3o","link":"https:\/\/noticiasribeiraopreto.com.br\/index.php\/category\/noticias-de-ribeirao-preto-sp-e-regiao-ismael-colosi\/"},"img":{"alt_text":"","src":"https:\/\/i0.wp.com\/noticiasribeiraopreto.com.br\/wp-content\/uploads\/2024\/12\/Copia-de-Copia-de-Copia-de-TAMANHO-EXATO-PARA-FOTOS-NO-SISTEMA-NOVO-2024-12-16T131213.695_2024-12-16_16-12-28_png_2024-12-16_16-12-28.webp.webp?fit=1200%2C675&ssl=1&resize=350%2C200","width":350,"height":200,"srcset":"https:\/\/i0.wp.com\/noticiasribeiraopreto.com.br\/wp-content\/uploads\/2024\/12\/Copia-de-Copia-de-Copia-de-TAMANHO-EXATO-PARA-FOTOS-NO-SISTEMA-NOVO-2024-12-16T131213.695_2024-12-16_16-12-28_png_2024-12-16_16-12-28.webp.webp?fit=1200%2C675&ssl=1&resize=350%2C200 1x, https:\/\/i0.wp.com\/noticiasribeiraopreto.com.br\/wp-content\/uploads\/2024\/12\/Copia-de-Copia-de-Copia-de-TAMANHO-EXATO-PARA-FOTOS-NO-SISTEMA-NOVO-2024-12-16T131213.695_2024-12-16_16-12-28_png_2024-12-16_16-12-28.webp.webp?fit=1200%2C675&ssl=1&resize=525%2C300 1.5x, https:\/\/i0.wp.com\/noticiasribeiraopreto.com.br\/wp-content\/uploads\/2024\/12\/Copia-de-Copia-de-Copia-de-TAMANHO-EXATO-PARA-FOTOS-NO-SISTEMA-NOVO-2024-12-16T131213.695_2024-12-16_16-12-28_png_2024-12-16_16-12-28.webp.webp?fit=1200%2C675&ssl=1&resize=700%2C400 2x, https:\/\/i0.wp.com\/noticiasribeiraopreto.com.br\/wp-content\/uploads\/2024\/12\/Copia-de-Copia-de-Copia-de-TAMANHO-EXATO-PARA-FOTOS-NO-SISTEMA-NOVO-2024-12-16T131213.695_2024-12-16_16-12-28_png_2024-12-16_16-12-28.webp.webp?fit=1200%2C675&ssl=1&resize=1050%2C600 3x"},"classes":[]},{"id":54552,"url":"https:\/\/noticiasribeiraopreto.com.br\/index.php\/2024\/07\/12\/ferias-no-museu-casa-de-portinari-promove-programacao-gratuita-confira\/","url_meta":{"origin":73561,"position":4},"title":"F\u00e9rias no Museu: Casa de Portinari promove programa\u00e7\u00e3o gratuita; Confira","author":"noticiasribeiraopreto.com.br","date":"12 de July de 2024","format":false,"excerpt":"O Museu Casa de Portinari promove uma programa\u00e7\u00e3o gratuita para o projeto \u201cF\u00e9rias no Museu\u201d que acontece at\u00e9 o dia 31 de julho. Entre as principais atividades est\u00e3o: oficinas, ateli\u00ea ao vivo, palestra e brincadeiras . Confira a agenda completa: Oficina de fantoche A oficina \u201cMenina de Fita e Palaninho\u201d\u2026","rel":"","context":"In &quot;Not\u00edcias de Ribeir\u00e3o Preto-SP e Regi\u00e3o&quot;","block_context":{"text":"Not\u00edcias de Ribeir\u00e3o Preto-SP e Regi\u00e3o","link":"https:\/\/noticiasribeiraopreto.com.br\/index.php\/category\/noticias-de-ribeirao-preto-sp-e-regiao-ismael-colosi\/"},"img":{"alt_text":"","src":"https:\/\/i0.wp.com\/noticiasribeiraopreto.com.br\/wp-content\/uploads\/2024\/07\/e592a339-3e52-4970-943d-2d20643e9b7b_2024-07-12_14-30-44_jpeg_2024-07-12_14-30-45.webp.webp?fit=1200%2C1200&ssl=1&resize=350%2C200","width":350,"height":200,"srcset":"https:\/\/i0.wp.com\/noticiasribeiraopreto.com.br\/wp-content\/uploads\/2024\/07\/e592a339-3e52-4970-943d-2d20643e9b7b_2024-07-12_14-30-44_jpeg_2024-07-12_14-30-45.webp.webp?fit=1200%2C1200&ssl=1&resize=350%2C200 1x, https:\/\/i0.wp.com\/noticiasribeiraopreto.com.br\/wp-content\/uploads\/2024\/07\/e592a339-3e52-4970-943d-2d20643e9b7b_2024-07-12_14-30-44_jpeg_2024-07-12_14-30-45.webp.webp?fit=1200%2C1200&ssl=1&resize=525%2C300 1.5x, https:\/\/i0.wp.com\/noticiasribeiraopreto.com.br\/wp-content\/uploads\/2024\/07\/e592a339-3e52-4970-943d-2d20643e9b7b_2024-07-12_14-30-44_jpeg_2024-07-12_14-30-45.webp.webp?fit=1200%2C1200&ssl=1&resize=700%2C400 2x, https:\/\/i0.wp.com\/noticiasribeiraopreto.com.br\/wp-content\/uploads\/2024\/07\/e592a339-3e52-4970-943d-2d20643e9b7b_2024-07-12_14-30-44_jpeg_2024-07-12_14-30-45.webp.webp?fit=1200%2C1200&ssl=1&resize=1050%2C600 3x"},"classes":[]},{"id":74348,"url":"https:\/\/noticiasribeiraopreto.com.br\/index.php\/2025\/07\/21\/prefeitura-abre-396-vagas-em-22-cursos\/","url_meta":{"origin":73561,"position":5},"title":"Prefeitura abre 396 vagas em 22 cursos","author":"noticiasribeiraopreto.com.br","date":"21 de July de 2025","format":false,"excerpt":"21 de julho de 2025 09:0020 de julho de 2025 18:5610 Compartilhar0 A prefeitura de Ribeir\u00e3o Preto, por meio da Secretaria Municipal de Assist\u00eancia Social, abrir\u00e1 nesta segunda-feira, 21 de julho, as inscri\u00e7\u00f5es para 396 vagas em 22 cursos profissionalizantes totalmente gratuitos, oferecidos pelo Centro de Qualifica\u00e7\u00e3o Social e Profissional.\u2026","rel":"","context":"In &quot;Not\u00edcias de Ribeir\u00e3o Preto-SP e Regi\u00e3o&quot;","block_context":{"text":"Not\u00edcias de Ribeir\u00e3o Preto-SP e Regi\u00e3o","link":"https:\/\/noticiasribeiraopreto.com.br\/index.php\/category\/noticias-de-ribeirao-preto-sp-e-regiao-ismael-colosi\/"},"img":{"alt_text":"","src":"https:\/\/i0.wp.com\/noticiasribeiraopreto.com.br\/wp-content\/uploads\/2025\/07\/QualiRP-Fernando-Gonzaga-ok-.jpg?fit=1000%2C667&ssl=1&resize=350%2C200","width":350,"height":200,"srcset":"https:\/\/i0.wp.com\/noticiasribeiraopreto.com.br\/wp-content\/uploads\/2025\/07\/QualiRP-Fernando-Gonzaga-ok-.jpg?fit=1000%2C667&ssl=1&resize=350%2C200 1x, https:\/\/i0.wp.com\/noticiasribeiraopreto.com.br\/wp-content\/uploads\/2025\/07\/QualiRP-Fernando-Gonzaga-ok-.jpg?fit=1000%2C667&ssl=1&resize=525%2C300 1.5x, https:\/\/i0.wp.com\/noticiasribeiraopreto.com.br\/wp-content\/uploads\/2025\/07\/QualiRP-Fernando-Gonzaga-ok-.jpg?fit=1000%2C667&ssl=1&resize=700%2C400 2x"},"classes":[]}],"jetpack_sharing_enabled":true,"jetpack_shortlink":"https:\/\/wp.me\/peQAOb-j8t","_links":{"self":[{"href":"https:\/\/noticiasribeiraopreto.com.br\/index.php\/wp-json\/wp\/v2\/posts\/73561","targetHints":{"allow":["GET"]}}],"collection":[{"href":"https:\/\/noticiasribeiraopreto.com.br\/index.php\/wp-json\/wp\/v2\/posts"}],"about":[{"href":"https:\/\/noticiasribeiraopreto.com.br\/index.php\/wp-json\/wp\/v2\/types\/post"}],"author":[{"embeddable":true,"href":"https:\/\/noticiasribeiraopreto.com.br\/index.php\/wp-json\/wp\/v2\/users\/1"}],"replies":[{"embeddable":true,"href":"https:\/\/noticiasribeiraopreto.com.br\/index.php\/wp-json\/wp\/v2\/comments?post=73561"}],"version-history":[{"count":0,"href":"https:\/\/noticiasribeiraopreto.com.br\/index.php\/wp-json\/wp\/v2\/posts\/73561\/revisions"}],"wp:featuredmedia":[{"embeddable":true,"href":"https:\/\/noticiasribeiraopreto.com.br\/index.php\/wp-json\/wp\/v2\/media\/73562"}],"wp:attachment":[{"href":"https:\/\/noticiasribeiraopreto.com.br\/index.php\/wp-json\/wp\/v2\/media?parent=73561"}],"wp:term":[{"taxonomy":"category","embeddable":true,"href":"https:\/\/noticiasribeiraopreto.com.br\/index.php\/wp-json\/wp\/v2\/categories?post=73561"},{"taxonomy":"post_tag","embeddable":true,"href":"https:\/\/noticiasribeiraopreto.com.br\/index.php\/wp-json\/wp\/v2\/tags?post=73561"}],"curies":[{"name":"wp","href":"https:\/\/api.w.org\/{rel}","templated":true}]}}