{"id":73564,"date":"2025-07-04T18:51:29","date_gmt":"2025-07-04T21:51:29","guid":{"rendered":"https:\/\/noticiasribeiraopreto.com.br\/index.php\/2025\/07\/04\/fluminense-bate-al-hilal-e-vai-a-semi-da-copa-do-mundo-de-clubes\/"},"modified":"2025-07-04T18:51:29","modified_gmt":"2025-07-04T21:51:29","slug":"fluminense-bate-al-hilal-e-vai-a-semi-da-copa-do-mundo-de-clubes","status":"publish","type":"post","link":"https:\/\/noticiasribeiraopreto.com.br\/index.php\/2025\/07\/04\/fluminense-bate-al-hilal-e-vai-a-semi-da-copa-do-mundo-de-clubes\/","title":{"rendered":"Fluminense bate Al-Hilal e vai \u00e0 semi da Copa do Mundo de Clubes"},"content":{"rendered":"<div class='code-block code-block-1' style='margin: 8px 0 8px auto; text-align: right; display: block; clear: both;'>\n<p><a href=\"https:\/\/wa.link\/vpicfd\"><img data-recalc-dims=\"1\" class=\"wp-image-4922\" style=\"aspect-ratio: 2.0253164556962027; width: 561px; height: auto;\" src=\"https:\/\/i0.wp.com\/ismaelcolosi.com.br\/wp-content\/uploads\/2023\/11\/grupo-de-empregos-whatsapp-e-facebook-ismael-colosi-vagas.jpg?ssl=1\" alt=\"\" \/><\/a><\/p>\n<!-- \/wp:image -->\n<\/div>\n<p> <br \/>\n<\/p>\n<div id=\"post-430588\">\n<header class=\"entry-header penci-entry-header penci-title-center\">\n<h2 class=\"penci-post-subtitle\">Tricolor Carioca \u00e9 superior e est\u00e1 entre os quatro melhores times do mundo<\/h2>\n<p>\n\t\t\t\t\t\t\t\t\t<span class=\"entry-meta-item penci-posted-on\"><i class=\"fa fa-clock-o\"\/><time class=\"entry-date published updated\" datetime=\"2025-07-04T18:46:10-03:00\">4 de julho de 2025 18:46<\/time><\/span><span class=\"entry-meta-item penci-post-countview\"><span class=\"entry-meta-item penci-post-countview penci_post-meta_item\"><i class=\"fa fa-eye\"\/><span class=\"penci-post-countview-number penci-post-countview-p430588\">2<\/span><\/span><\/span>\t\t\t\t\t\t\t\t<\/p>\n<p><!-- .entry-meta --><br \/>\n\t\t\t\t\t\t\t\t<span class=\"penci-social-buttons penci-social-share-footer\"><span class=\"penci-social-share-text\">Compartilhar<\/span><a href=\"#\" class=\"penci-post-like penci_post-meta_item  single-like-button penci-social-item like\" data-post_id=\"430588\" title=\"Like\" data-like=\"Like\" data-unlike=\"Unlike\"><i class=\"fa fa-thumbs-o-up\"\/><span class=\"penci-share-number\">1<\/span><\/a><i class=\"fa fa-facebook\"\/><a class=\"penci-social-item twitter\" target=\"_blank\" rel=\"noopener\" title=\"\" href=\"https:\/\/twitter.com\/intent\/tweet?text=Fluminense%20bate%20Al-Hilal%20e%20vai%20\u00e0%20semi%20da%20Copa%20do%20Mundo%20de%20Clubes%20-%20https:\/\/www.tribunaribeirao.com.br\/fluminense-bate-al-hilal-e-vai-a-semi-da-copa-do-mundo-de-clubes\/\"><i class=\"fa fa-twitter\"\/><\/a><i class=\"fa fa-linkedin\"\/><i class=\"fa fa-whatsapp\"\/><i class=\"fa fa-telegram\"\/><i class=\"fa fa-envelope\"\/><\/span>\t\t\t\t\t\t\t<\/header>\n<p><!-- .entry-header --><\/p>\n<div class=\"penci-entry-content entry-content\">\n<p><em><strong>Por Hugo Luque<\/strong><\/em><\/p>\n<p>O Fluminense derrotou o Al-Hilal, da Ar\u00e1bia Saudita, nesta sexta-feira (4), no Camping World Stadium, em Orlando, na Fl\u00f3rida, e avan\u00e7ou \u00e0 semifinal da Copa do Mundo de Clubes, nos Estados Unidos.<\/p>\n<p>Martinelli abriu o placar para os brasileiros no primeiro tempo com um lindo chute no \u00e2ngulo. Na volta do intervalo, Marcos Leonardo diminuiu para os sauditas. Por\u00e9m, a estrela de H\u00e9rcules brilhou novamente e o jogador desempatou e classificou o Tricolor Carioca.<\/p>\n<p>Agora, o Flu espera o vencedor de Palmeiras e Chelsea, da Inglaterra, que se enfrentam \u00e0s 22h (de Bras\u00edlia) no Lincoln Financial Field, na Filad\u00e9lfia, Pensilv\u00e2nia.<\/p>\n<\/div>\n<p><!-- .entry-content --><\/p>\n<footer class=\"penci-entry-footer\">\n\t\t\t\t\t\t\t\t<span class=\"penci-social-buttons penci-social-share-footer\"><span class=\"penci-social-share-text\">Compartilhar<\/span><a href=\"#\" class=\"penci-post-like penci_post-meta_item  single-like-button penci-social-item like\" data-post_id=\"430588\" title=\"Like\" data-like=\"Like\" data-unlike=\"Unlike\"><i class=\"fa fa-thumbs-o-up\"\/><span class=\"penci-share-number\">1<\/span><\/a><i class=\"fa fa-facebook\"\/><a class=\"penci-social-item twitter\" target=\"_blank\" rel=\"noopener\" title=\"\" href=\"https:\/\/twitter.com\/intent\/tweet?text=Fluminense%20bate%20Al-Hilal%20e%20vai%20\u00e0%20semi%20da%20Copa%20do%20Mundo%20de%20Clubes%20-%20https:\/\/www.tribunaribeirao.com.br\/fluminense-bate-al-hilal-e-vai-a-semi-da-copa-do-mundo-de-clubes\/\"><i class=\"fa fa-twitter\"\/><\/a><i class=\"fa fa-linkedin\"\/><i class=\"fa fa-whatsapp\"\/><i class=\"fa fa-telegram\"\/><i class=\"fa fa-envelope\"\/><\/span>\t\t\t\t\t\t\t<\/footer>\n<p><!-- .entry-footer -->\n\t\t\t\t\t\t<\/div>\n<p><script async src=\"\/\/platform.twitter.com\/widgets.js\" charset=\"utf-8\"><\/script><br \/>\n<br \/><br \/>\n<br \/><a href=\"https:\/\/www.tribunaribeirao.com.br\/fluminense-bate-al-hilal-e-vai-a-semi-da-copa-do-mundo-de-clubes\/\">Source link <\/a><\/p>\n<!-- CONTENT END 1 -->\n","protected":false},"excerpt":{"rendered":"<p>Tricolor Carioca \u00e9 superior e est\u00e1 entre os quatro melhores times do mundo 4 de julho de 2025 18:462 Compartilhar1 Por Hugo Luque O Fluminense&#8230;<\/p>\n","protected":false},"author":1,"featured_media":73565,"comment_status":"open","ping_status":"open","sticky":false,"template":"","format":"standard","meta":{"advanced_seo_description":"","jetpack_seo_html_title":"","jetpack_seo_noindex":false,"jetpack_post_was_ever_published":false,"_jetpack_newsletter_access":"","_jetpack_dont_email_post_to_subs":false,"_jetpack_newsletter_tier_id":0,"_jetpack_memberships_contains_paywalled_content":false,"_jetpack_memberships_contains_paid_content":false,"footnotes":"","jetpack_publicize_message":"","jetpack_publicize_feature_enabled":true,"jetpack_social_post_already_shared":true,"jetpack_social_options":{"image_generator_settings":{"template":"highway","default_image_id":0,"font":"","enabled":false},"version":2}},"categories":[11],"tags":[],"class_list":["post-73564","post","type-post","status-publish","format-standard","has-post-thumbnail","hentry","category-noticias-de-ribeirao-preto-sp-e-regiao-ismael-colosi"],"jetpack_publicize_connections":[],"jetpack_featured_media_url":"https:\/\/i0.wp.com\/noticiasribeiraopreto.com.br\/wp-content\/uploads\/2025\/07\/54633471855_a8191c7fdb_c.jpg?fit=800%2C534&ssl=1","jetpack-related-posts":[{"id":45037,"url":"https:\/\/noticiasribeiraopreto.com.br\/index.php\/2024\/04\/01\/filme-original-o-inicio-do-mundo-de-greg-estreia-no-brasil-em-abril\/","url_meta":{"origin":73564,"position":0},"title":"Filme original &#8216;O In\u00edcio do Mundo de Greg&#8217; estreia no Brasil em abril","author":"noticiasribeiraopreto.com.br","date":"1 de April de 2024","format":false,"excerpt":"Filme original \u2018O In\u00edcio do Mundo de Greg\u2019 estreia no Brasil em abrilEm abril, o\u00a0Cartoon Network\u00a0vai embarcar em uma nova aventura com Greg e seus amigos! O filme\u00a0\u2018O IN\u00cdCIO DO MUNDO DE GREG\u2019, filme prel\u00fadio de\u00a0\u2018O MUNDO DE GREG\u2019,\u00a0estreia\u00a0dia 12 de abril na plataforma Max e \u00e0s 21h no canal,\u2026","rel":"","context":"In &quot;Not\u00edcias de Ribeir\u00e3o Preto-SP e Regi\u00e3o&quot;","block_context":{"text":"Not\u00edcias de Ribeir\u00e3o Preto-SP e Regi\u00e3o","link":"https:\/\/noticiasribeiraopreto.com.br\/index.php\/category\/noticias-de-ribeirao-preto-sp-e-regiao-ismael-colosi\/"},"img":{"alt_text":"","src":"https:\/\/i0.wp.com\/noticiasribeiraopreto.com.br\/wp-content\/uploads\/2024\/04\/Still-Craig-Before-Creek_-12.jpg?fit=1200%2C675&ssl=1&resize=350%2C200","width":350,"height":200,"srcset":"https:\/\/i0.wp.com\/noticiasribeiraopreto.com.br\/wp-content\/uploads\/2024\/04\/Still-Craig-Before-Creek_-12.jpg?fit=1200%2C675&ssl=1&resize=350%2C200 1x, https:\/\/i0.wp.com\/noticiasribeiraopreto.com.br\/wp-content\/uploads\/2024\/04\/Still-Craig-Before-Creek_-12.jpg?fit=1200%2C675&ssl=1&resize=525%2C300 1.5x, https:\/\/i0.wp.com\/noticiasribeiraopreto.com.br\/wp-content\/uploads\/2024\/04\/Still-Craig-Before-Creek_-12.jpg?fit=1200%2C675&ssl=1&resize=700%2C400 2x, https:\/\/i0.wp.com\/noticiasribeiraopreto.com.br\/wp-content\/uploads\/2024\/04\/Still-Craig-Before-Creek_-12.jpg?fit=1200%2C675&ssl=1&resize=1050%2C600 3x"},"classes":[]},{"id":31283,"url":"https:\/\/noticiasribeiraopreto.com.br\/index.php\/2024\/01\/21\/top-10-paises-mais-populosos-do-mundo-em-2024\/","url_meta":{"origin":73564,"position":1},"title":"Top 10 pa\u00edses mais populosos do mundo em 2024","author":"noticiasribeiraopreto.com.br","date":"21 de January de 2024","format":false,"excerpt":"Voc\u00ea sabe quais os pa\u00edses com maior popula\u00e7\u00e3o? Confira os 10 pa\u00edses mais populosos do mundo! Veja em qual posi\u00e7\u00e3o est\u00e1 o Brasil. Listas e rankings sobre pa\u00edses e geografia no Top 10 AZ Brasil.TrendingTop 10 melhores DJs do mundo Os 10 pa\u00edses mais populosos do mundo s\u00e3o: \u00cdndia China\u2026","rel":"","context":"In &quot;Blog&quot;","block_context":{"text":"Blog","link":"https:\/\/noticiasribeiraopreto.com.br\/index.php\/category\/blog\/"},"img":{"alt_text":"","src":"https:\/\/i0.wp.com\/noticiasribeiraopreto.com.br\/wp-content\/uploads\/2024\/01\/top-10-paises-mais-populosos-do-mundo.png?fit=1200%2C630&ssl=1&resize=350%2C200","width":350,"height":200,"srcset":"https:\/\/i0.wp.com\/noticiasribeiraopreto.com.br\/wp-content\/uploads\/2024\/01\/top-10-paises-mais-populosos-do-mundo.png?fit=1200%2C630&ssl=1&resize=350%2C200 1x, https:\/\/i0.wp.com\/noticiasribeiraopreto.com.br\/wp-content\/uploads\/2024\/01\/top-10-paises-mais-populosos-do-mundo.png?fit=1200%2C630&ssl=1&resize=525%2C300 1.5x, https:\/\/i0.wp.com\/noticiasribeiraopreto.com.br\/wp-content\/uploads\/2024\/01\/top-10-paises-mais-populosos-do-mundo.png?fit=1200%2C630&ssl=1&resize=700%2C400 2x, https:\/\/i0.wp.com\/noticiasribeiraopreto.com.br\/wp-content\/uploads\/2024\/01\/top-10-paises-mais-populosos-do-mundo.png?fit=1200%2C630&ssl=1&resize=1050%2C600 3x"},"classes":[]},{"id":21564,"url":"https:\/\/noticiasribeiraopreto.com.br\/index.php\/2023\/12\/28\/em-outro-mundo-com-meu-smartphone-e-considerado-o-pior-anime-de-2023-meu-valor-digital\/","url_meta":{"origin":73564,"position":2},"title":"Em outro mundo com meu smartphone \u00e9 considerado o pior anime de 2023 &#8211; Meu Valor Digital","author":"noticiasribeiraopreto.com.br","date":"28 de December de 2023","format":false,"excerpt":"Em outro mundo com meu smartphone \u00e9 considerado o pior anime de 2023 - Meu Valor Digital - Not\u00edcias atualizadas In\u00edcioChamadasEm outro mundo com meu smartphone \u00e9 considerado o pior anime de 2023 Source link","rel":"","context":"In &quot;Vagas de Emprego em Ribeir\u00e3o Preto-SP&quot;","block_context":{"text":"Vagas de Emprego em Ribeir\u00e3o Preto-SP","link":"https:\/\/noticiasribeiraopreto.com.br\/index.php\/category\/empregos-classificados-vagas-trabalho\/vagas-de-empregos-em-ribeirao-preto-regiao-brasil\/"},"img":{"alt_text":"","src":"https:\/\/i0.wp.com\/noticiasribeiraopreto.com.br\/wp-content\/uploads\/2023\/12\/In-Another-World-With-My-Smartphone.jpg?fit=1200%2C800&ssl=1&resize=350%2C200","width":350,"height":200,"srcset":"https:\/\/i0.wp.com\/noticiasribeiraopreto.com.br\/wp-content\/uploads\/2023\/12\/In-Another-World-With-My-Smartphone.jpg?fit=1200%2C800&ssl=1&resize=350%2C200 1x, https:\/\/i0.wp.com\/noticiasribeiraopreto.com.br\/wp-content\/uploads\/2023\/12\/In-Another-World-With-My-Smartphone.jpg?fit=1200%2C800&ssl=1&resize=525%2C300 1.5x, https:\/\/i0.wp.com\/noticiasribeiraopreto.com.br\/wp-content\/uploads\/2023\/12\/In-Another-World-With-My-Smartphone.jpg?fit=1200%2C800&ssl=1&resize=700%2C400 2x, https:\/\/i0.wp.com\/noticiasribeiraopreto.com.br\/wp-content\/uploads\/2023\/12\/In-Another-World-With-My-Smartphone.jpg?fit=1200%2C800&ssl=1&resize=1050%2C600 3x"},"classes":[]},{"id":14362,"url":"https:\/\/noticiasribeiraopreto.com.br\/index.php\/2023\/12\/12\/sobremesa-brasileira-e-eleita-uma-das-melhores-do-mundo-veja-o-top-10\/","url_meta":{"origin":73564,"position":3},"title":"Sobremesa brasileira \u00e9 eleita uma das melhores do mundo; veja o top 10","author":"noticiasribeiraopreto.com.br","date":"12 de December de 2023","format":false,"excerpt":"O Brasil emplacou sete guloseimas na lista das 100 melhores sobremesas do mundo, segundo o o site gastron\u00f4mico TasteAtlas. A melhor classifica\u00e7\u00e3o entre os doces nacionais \u00e9 o bombocado, que conquistou 4\u00b0 lugar na classifica\u00e7\u00e3o geral, ficando \u00e0 frente do italiano tiramissu (6\u00b0 lugar) e do franc\u00eas cr\u00e8me br\u00fbl\u00e9e. Cr\u00e9ditos:\u2026","rel":"","context":"In &quot;Variedades&quot;","block_context":{"text":"Variedades","link":"https:\/\/noticiasribeiraopreto.com.br\/index.php\/category\/variedades\/"},"img":{"alt_text":"","src":"https:\/\/i0.wp.com\/noticiasribeiraopreto.com.br\/wp-content\/uploads\/2023\/12\/istock-1534860314.jpg?fit=1200%2C638&ssl=1&resize=350%2C200","width":350,"height":200,"srcset":"https:\/\/i0.wp.com\/noticiasribeiraopreto.com.br\/wp-content\/uploads\/2023\/12\/istock-1534860314.jpg?fit=1200%2C638&ssl=1&resize=350%2C200 1x, https:\/\/i0.wp.com\/noticiasribeiraopreto.com.br\/wp-content\/uploads\/2023\/12\/istock-1534860314.jpg?fit=1200%2C638&ssl=1&resize=525%2C300 1.5x, https:\/\/i0.wp.com\/noticiasribeiraopreto.com.br\/wp-content\/uploads\/2023\/12\/istock-1534860314.jpg?fit=1200%2C638&ssl=1&resize=700%2C400 2x, https:\/\/i0.wp.com\/noticiasribeiraopreto.com.br\/wp-content\/uploads\/2023\/12\/istock-1534860314.jpg?fit=1200%2C638&ssl=1&resize=1050%2C600 3x"},"classes":[]},{"id":31309,"url":"https:\/\/noticiasribeiraopreto.com.br\/index.php\/2024\/01\/21\/top-10-maiores-paises-do-mundo-em-territorio\/","url_meta":{"origin":73564,"position":4},"title":"Top 10 maiores pa\u00edses do mundo em territ\u00f3rio","author":"noticiasribeiraopreto.com.br","date":"21 de January de 2024","format":false,"excerpt":"Voc\u00ea sabia que o tamanho de um pa\u00eds pode influenciar em v\u00e1rios aspectos, como cultura, economia e at\u00e9 mesmo na geopol\u00edtica mundial? Neste artigo, vamos explorar os 10 maiores pa\u00edses do mundo por territ\u00f3rio, e eu prometo, vai ser uma viagem interessante! Ent\u00e3o, prepara-se para embarcar nessa jornada incr\u00edvel e\u2026","rel":"","context":"In &quot;Blog&quot;","block_context":{"text":"Blog","link":"https:\/\/noticiasribeiraopreto.com.br\/index.php\/category\/blog\/"},"img":{"alt_text":"","src":"https:\/\/i0.wp.com\/noticiasribeiraopreto.com.br\/wp-content\/uploads\/2024\/01\/Maiores-paises-do-mundo.jpg?fit=1200%2C601&ssl=1&resize=350%2C200","width":350,"height":200,"srcset":"https:\/\/i0.wp.com\/noticiasribeiraopreto.com.br\/wp-content\/uploads\/2024\/01\/Maiores-paises-do-mundo.jpg?fit=1200%2C601&ssl=1&resize=350%2C200 1x, https:\/\/i0.wp.com\/noticiasribeiraopreto.com.br\/wp-content\/uploads\/2024\/01\/Maiores-paises-do-mundo.jpg?fit=1200%2C601&ssl=1&resize=525%2C300 1.5x, https:\/\/i0.wp.com\/noticiasribeiraopreto.com.br\/wp-content\/uploads\/2024\/01\/Maiores-paises-do-mundo.jpg?fit=1200%2C601&ssl=1&resize=700%2C400 2x, https:\/\/i0.wp.com\/noticiasribeiraopreto.com.br\/wp-content\/uploads\/2024\/01\/Maiores-paises-do-mundo.jpg?fit=1200%2C601&ssl=1&resize=1050%2C600 3x"},"classes":[]},{"id":15419,"url":"https:\/\/noticiasribeiraopreto.com.br\/index.php\/2023\/12\/13\/iguaria-brasileira-e-eleita-o-melhor-prato-do-mundo-veja-lista\/","url_meta":{"origin":73564,"position":5},"title":"Iguaria brasileira \u00e9 eleita o melhor prato do mundo; veja lista","author":"noticiasribeiraopreto.com.br","date":"13 de December de 2023","format":false,"excerpt":"O sabor e sucul\u00eancia inigual\u00e1veis da picanha brasileira conquistou o 1\u00ba lugar da lista de 100 melhores pratos do mundo. O ranking foi divulgado nesta ter\u00e7a-feira, 12, pelo guia TasteAtlas. O tradicional corte de carne brasileiro recebeu a nota 4,75 de 5 poss\u00edveis em avalia\u00e7\u00f5es de usu\u00e1rios do site e\u2026","rel":"","context":"In &quot;Variedades&quot;","block_context":{"text":"Variedades","link":"https:\/\/noticiasribeiraopreto.com.br\/index.php\/category\/variedades\/"},"img":{"alt_text":"","src":"https:\/\/i0.wp.com\/noticiasribeiraopreto.com.br\/wp-content\/uploads\/2023\/12\/picanha-brasileira.jpg?fit=1200%2C638&ssl=1&resize=350%2C200","width":350,"height":200,"srcset":"https:\/\/i0.wp.com\/noticiasribeiraopreto.com.br\/wp-content\/uploads\/2023\/12\/picanha-brasileira.jpg?fit=1200%2C638&ssl=1&resize=350%2C200 1x, https:\/\/i0.wp.com\/noticiasribeiraopreto.com.br\/wp-content\/uploads\/2023\/12\/picanha-brasileira.jpg?fit=1200%2C638&ssl=1&resize=525%2C300 1.5x, https:\/\/i0.wp.com\/noticiasribeiraopreto.com.br\/wp-content\/uploads\/2023\/12\/picanha-brasileira.jpg?fit=1200%2C638&ssl=1&resize=700%2C400 2x, https:\/\/i0.wp.com\/noticiasribeiraopreto.com.br\/wp-content\/uploads\/2023\/12\/picanha-brasileira.jpg?fit=1200%2C638&ssl=1&resize=1050%2C600 3x"},"classes":[]}],"jetpack_sharing_enabled":true,"jetpack_shortlink":"https:\/\/wp.me\/peQAOb-j8w","_links":{"self":[{"href":"https:\/\/noticiasribeiraopreto.com.br\/index.php\/wp-json\/wp\/v2\/posts\/73564","targetHints":{"allow":["GET"]}}],"collection":[{"href":"https:\/\/noticiasribeiraopreto.com.br\/index.php\/wp-json\/wp\/v2\/posts"}],"about":[{"href":"https:\/\/noticiasribeiraopreto.com.br\/index.php\/wp-json\/wp\/v2\/types\/post"}],"author":[{"embeddable":true,"href":"https:\/\/noticiasribeiraopreto.com.br\/index.php\/wp-json\/wp\/v2\/users\/1"}],"replies":[{"embeddable":true,"href":"https:\/\/noticiasribeiraopreto.com.br\/index.php\/wp-json\/wp\/v2\/comments?post=73564"}],"version-history":[{"count":0,"href":"https:\/\/noticiasribeiraopreto.com.br\/index.php\/wp-json\/wp\/v2\/posts\/73564\/revisions"}],"wp:featuredmedia":[{"embeddable":true,"href":"https:\/\/noticiasribeiraopreto.com.br\/index.php\/wp-json\/wp\/v2\/media\/73565"}],"wp:attachment":[{"href":"https:\/\/noticiasribeiraopreto.com.br\/index.php\/wp-json\/wp\/v2\/media?parent=73564"}],"wp:term":[{"taxonomy":"category","embeddable":true,"href":"https:\/\/noticiasribeiraopreto.com.br\/index.php\/wp-json\/wp\/v2\/categories?post=73564"},{"taxonomy":"post_tag","embeddable":true,"href":"https:\/\/noticiasribeiraopreto.com.br\/index.php\/wp-json\/wp\/v2\/tags?post=73564"}],"curies":[{"name":"wp","href":"https:\/\/api.w.org\/{rel}","templated":true}]}}