{"id":73566,"date":"2025-07-04T19:45:16","date_gmt":"2025-07-04T22:45:16","guid":{"rendered":"https:\/\/noticiasribeiraopreto.com.br\/index.php\/2025\/07\/04\/desconto-na-conta-de-luz-saiba-como-vai-funcionar-a-nova-tarifa-social\/"},"modified":"2025-07-04T19:45:16","modified_gmt":"2025-07-04T22:45:16","slug":"desconto-na-conta-de-luz-saiba-como-vai-funcionar-a-nova-tarifa-social","status":"publish","type":"post","link":"https:\/\/noticiasribeiraopreto.com.br\/index.php\/2025\/07\/04\/desconto-na-conta-de-luz-saiba-como-vai-funcionar-a-nova-tarifa-social\/","title":{"rendered":"Desconto na conta de luz? Saiba como vai funcionar a nova tarifa social"},"content":{"rendered":"<div class='code-block code-block-1' style='margin: 8px 0 8px auto; text-align: right; display: block; clear: both;'>\n<p><a href=\"https:\/\/wa.link\/vpicfd\"><img data-recalc-dims=\"1\" class=\"wp-image-4922\" style=\"aspect-ratio: 2.0253164556962027; width: 561px; height: auto;\" src=\"https:\/\/i0.wp.com\/ismaelcolosi.com.br\/wp-content\/uploads\/2023\/11\/grupo-de-empregos-whatsapp-e-facebook-ismael-colosi-vagas.jpg?ssl=1\" alt=\"\" \/><\/a><\/p>\n<!-- \/wp:image -->\n<\/div>\n<p> <br \/>\n<\/p>\n<div>\n<p>A partir deste s\u00e1bado (5), <strong>entra em vigor a nova tarifa social de energia el\u00e9trica<\/strong>. Ela prev\u00ea gratuidade na conta para <strong>fam\u00edlias benefici\u00e1rias do Cadastro \u00danico (Cad\u00danico) que consumirem at\u00e9 80 kWh<\/strong> por m\u00eas. A medida faz parte de uma Medida Provis\u00f3ria (MP) publicada em maio no Di\u00e1rio Oficial da Uni\u00e3o (DOU).<\/p>\n<p>No entanto, C\u00e2mara e Senado t\u00eam at\u00e9 120 dias para aprovar a MP. Caso isso n\u00e3o aconte\u00e7a, <strong>as mudan\u00e7as perdem a validade.<\/strong> Segundo o governo, cerca de 55 milh\u00f5es de brasileiros ter\u00e3o desconto na conta de luz, e 60 milh\u00f5es poder\u00e3o receber a isen\u00e7\u00e3o total do valor.<\/p>\n<h3 class=\"wp-block-heading\"><strong>Quem tem direito \u00e0 tarifa social?<\/strong><\/h3>\n<ul class=\"wp-block-list\">\n<li>Fam\u00edlias inscritas no Cad\u00danico com renda mensal at\u00e9 meio sal\u00e1rio m\u00ednimo por pessoa<\/li>\n<li>Pessoas com defici\u00eancia ou idosos acima de 65 anos que recebem o Benef\u00edcio de Presta\u00e7\u00e3o Continuada (BPC) e tamb\u00e9m est\u00e3o no Cad\u00danico<\/li>\n<li>Fam\u00edlias ind\u00edgenas e quilombolas cadastradas no Cad\u00danico<\/li>\n<li>Fam\u00edlias do Cad\u00danico que vivem em \u00e1reas isoladas, atendidas por m\u00f3dulos de gera\u00e7\u00e3o pr\u00f3prios (offgrid), ou seja, que n\u00e3o est\u00e3o ligadas \u00e0 rede p\u00fablica de energia<\/li>\n<\/ul>\n<h3 class=\"wp-block-heading\"><strong>Como funciona a tarifa social atualmente?<\/strong><\/h3>\n<p>Hoje, <strong>apenas ind\u00edgenas e quilombolas t\u00eam a conta de luz gratuita<\/strong>. As fam\u00edlias de baixa renda cadastradas no Cad\u00danico t\u00eam direito a um desconto que pode chegar a 65% no valor total da conta.<\/p>\n<p>Com as novas regras, o <strong>benef\u00edcio vai aumentar<\/strong>, contemplando mais pessoas com isen\u00e7\u00e3o total e ampliando os descontos.<\/p>\n<h3 class=\"wp-block-heading\"><strong>Qual a diferen\u00e7a entre isen\u00e7\u00e3o e desconto?<\/strong><\/h3>\n<p>A isen\u00e7\u00e3o total, <strong>que \u00e9 a nova tarifa social<\/strong>, oferece gratuidade para fam\u00edlias do Cad\u00danico que consomem at\u00e9 80 kWh por m\u00eas.<\/p>\n<p>J\u00e1 o desconto vale para fam\u00edlias com renda entre meio e um sal\u00e1rio m\u00ednimo, que consumirem at\u00e9 120 kWh mensais. Esse abatimento \u00e9 aplicado na Conta de Desenvolvimento Energ\u00e9tico (CDE), que financia os subs\u00eddios do setor el\u00e9trico.<\/p>\n<p>A CDE representa cerca de 12% do valor total da conta de luz. Portanto, o <strong>desconto ser\u00e1 nessa propor\u00e7\u00e3o para as fam\u00edlias beneficiadas.<\/strong><\/p>\n<h3 class=\"wp-block-heading\"><strong>O que fazer para garantir o benef\u00edcio?<\/strong><\/h3>\n<p>Quem se enquadra nos crit\u00e9rios deve manter o cadastro atualizado no Cad\u00danico. Al\u00e9m disso, \u00e9 importante acompanhar as orienta\u00e7\u00f5es da distribuidora local de energia para solicitar o benef\u00edcio.<\/p>\n<hr class=\"wp-block-separator has-alpha-channel-opacity\"\/>\n<p>SAIBA MAIS<\/p>\n<p>Ribeir\u00e3o Preto recebe 52\u00aa edi\u00e7\u00e3o da Feira do Livro Esp\u00edrita; Veja programa\u00e7\u00e3o<\/p>\n<h4 class=\"wp-block-heading\"><strong>FIQUE ON<\/strong><\/h4>\n<p>Quer ficar por dentro de tudo que acontece em Ribeir\u00e3o Preto e regi\u00e3o? Ent\u00e3o siga os perfis do\u202facidade on\u202fno\u202f<a href=\"https:\/\/www.instagram.com\/acidadeonribeirao\" target=\"_blank\" rel=\"noreferrer noopener\">Instagram<\/a>\u202fe no\u202f<a href=\"https:\/\/www.facebook.com\/acidadeonribeirao\/\" target=\"_blank\" rel=\"noreferrer noopener\">Facebook<\/a>.<\/p>\n<p>Al\u00e9m disso, voc\u00ea pode receber as principais not\u00edcias diretamente no WhatsApp. Para isso, basta\u00a0<a href=\"https:\/\/chat.whatsapp.com\/BjKQZ9oJwlz8VVT50NuePq\" target=\"_blank\" rel=\"noreferrer noopener\">entrar no grupo clicando aqui<\/a>.<\/p>\n<p>Por fim, se quiser fazer uma den\u00fancia ou sugerir uma reportagem sobre Ribeir\u00e3o Preto e regi\u00e3o, envie uma mensagem pelo WhatsApp: (16) 99117-7802.<\/p>\n<p>VEJA TAMB\u00c9M<\/p>\n<p>Key Alves est\u00e1 gr\u00e1vida de quantos meses?<\/p>\n<p><!-- AI CONTENT END 1 -->\n<\/div>\n<p><script async src=\"\/\/www.instagram.com\/embed.js\"><\/script><br \/>\n<br \/><br \/>\n<br \/><a href=\"https:\/\/www.acidadeon.com\/ribeiraopreto\/economia\/desconto-na-conta-de-luz-saiba-como-vai-funcionar-a-nova-tarifa-social\/\">Source link <\/a><\/p>\n<!-- CONTENT END 1 -->\n","protected":false},"excerpt":{"rendered":"<p>A partir deste s\u00e1bado (5), entra em vigor a nova tarifa social de energia el\u00e9trica. Ela prev\u00ea gratuidade na conta para fam\u00edlias benefici\u00e1rias do Cadastro&#8230;<\/p>\n","protected":false},"author":1,"featured_media":73567,"comment_status":"open","ping_status":"open","sticky":false,"template":"","format":"standard","meta":{"advanced_seo_description":"","jetpack_seo_html_title":"","jetpack_seo_noindex":false,"jetpack_post_was_ever_published":false,"_jetpack_newsletter_access":"","_jetpack_dont_email_post_to_subs":false,"_jetpack_newsletter_tier_id":0,"_jetpack_memberships_contains_paywalled_content":false,"_jetpack_memberships_contains_paid_content":false,"footnotes":"","jetpack_publicize_message":"","jetpack_publicize_feature_enabled":true,"jetpack_social_post_already_shared":true,"jetpack_social_options":{"image_generator_settings":{"template":"highway","default_image_id":0,"font":"","enabled":false},"version":2}},"categories":[11],"tags":[],"class_list":["post-73566","post","type-post","status-publish","format-standard","has-post-thumbnail","hentry","category-noticias-de-ribeirao-preto-sp-e-regiao-ismael-colosi"],"jetpack_publicize_connections":[],"jetpack_featured_media_url":"https:\/\/i0.wp.com\/noticiasribeiraopreto.com.br\/wp-content\/uploads\/2025\/07\/Copia-de-Copia-de-Copia-de-TAMANHO-EXATO-PARA-FOTOS-NO-SISTEMA-NOVO-2025-07-04T183433.247_2025-07-04_21-35-42.webp.webp?fit=1200%2C675&ssl=1","jetpack-related-posts":[{"id":16826,"url":"https:\/\/noticiasribeiraopreto.com.br\/index.php\/2023\/12\/16\/beneficio-concede-ate-65-de-desconto-na-conta-de-luz\/","url_meta":{"origin":73566,"position":0},"title":"Benef\u00edcio concede at\u00e9 65% de DESCONTO NA CONTA DE LUZ","author":"noticiasribeiraopreto.com.br","date":"16 de December de 2023","format":false,"excerpt":"Muitos brasileiros gostariam de diminuir o valor da conta de luz, mas isso n\u00e3o tem sido f\u00e1cil, principalmente nos \u00faltimos tempos. As ondas de calor que v\u00eam atingindo o Brasil est\u00e3o obrigando muitas pessoas a recorrerem a ar-condicionado ou ventilador para se manterem refrescadas. O problema \u00e9 que o valor\u2026","rel":"","context":"In &quot;Vagas de Emprego em Ribeir\u00e3o Preto-SP&quot;","block_context":{"text":"Vagas de Emprego em Ribeir\u00e3o Preto-SP","link":"https:\/\/noticiasribeiraopreto.com.br\/index.php\/category\/empregos-classificados-vagas-trabalho\/vagas-de-empregos-em-ribeirao-preto-regiao-brasil\/"},"img":{"alt_text":"","src":"https:\/\/i0.wp.com\/noticiasribeiraopreto.com.br\/wp-content\/uploads\/2023\/12\/noticiasconcursos.com_.br-beneficio-concede-ate-65-de-desconto-na-conta-de-luz-conheca-a-tarifa-social-conta-de-luz-agencia-brasil-750x430.jpg?fit=750%2C430&ssl=1&resize=350%2C200","width":350,"height":200,"srcset":"https:\/\/i0.wp.com\/noticiasribeiraopreto.com.br\/wp-content\/uploads\/2023\/12\/noticiasconcursos.com_.br-beneficio-concede-ate-65-de-desconto-na-conta-de-luz-conheca-a-tarifa-social-conta-de-luz-agencia-brasil-750x430.jpg?fit=750%2C430&ssl=1&resize=350%2C200 1x, https:\/\/i0.wp.com\/noticiasribeiraopreto.com.br\/wp-content\/uploads\/2023\/12\/noticiasconcursos.com_.br-beneficio-concede-ate-65-de-desconto-na-conta-de-luz-conheca-a-tarifa-social-conta-de-luz-agencia-brasil-750x430.jpg?fit=750%2C430&ssl=1&resize=525%2C300 1.5x, https:\/\/i0.wp.com\/noticiasribeiraopreto.com.br\/wp-content\/uploads\/2023\/12\/noticiasconcursos.com_.br-beneficio-concede-ate-65-de-desconto-na-conta-de-luz-conheca-a-tarifa-social-conta-de-luz-agencia-brasil-750x430.jpg?fit=750%2C430&ssl=1&resize=700%2C400 2x"},"classes":[]},{"id":23025,"url":"https:\/\/noticiasribeiraopreto.com.br\/index.php\/2023\/12\/31\/governo-confirma-inovacao-idosos-terao-isencao-total-na-conta-de-luz-nesse-estado-confira\/","url_meta":{"origin":73566,"position":1},"title":"Governo confirma inova\u00e7\u00e3o: Idosos ter\u00e3o isen\u00e7\u00e3o total na conta de luz nesse estado; confira","author":"noticiasribeiraopreto.com.br","date":"31 de December de 2023","format":false,"excerpt":"No cen\u00e1rio atual, existem benef\u00edcios espec\u00edficos dedicados a assegurar os direitos fundamentais dos idosos. Um deles \u00e9 a oportunidade de obter a isen\u00e7\u00e3o da conta de luz.\u00a0 Por\u00e9m, este privil\u00e9gio est\u00e1 dispon\u00edvel inicialmente apenas no estado de Minas Gerais. Isso se deve gra\u00e7as a uma colabora\u00e7\u00e3o entre o governo estadual\u2026","rel":"","context":"In &quot;Vagas de Emprego em Ribeir\u00e3o Preto-SP&quot;","block_context":{"text":"Vagas de Emprego em Ribeir\u00e3o Preto-SP","link":"https:\/\/noticiasribeiraopreto.com.br\/index.php\/category\/empregos-classificados-vagas-trabalho\/vagas-de-empregos-em-ribeirao-preto-regiao-brasil\/"},"img":{"alt_text":"","src":"https:\/\/i0.wp.com\/noticiasribeiraopreto.com.br\/wp-content\/uploads\/2023\/12\/noticiasconcursos.com_.br-governo-confirma-inovacao-idosos-terao-isencao-total-na-conta-de-luz-nesse-estado-confira-conta-de-luz.jpg?fit=922%2C476&ssl=1&resize=350%2C200","width":350,"height":200,"srcset":"https:\/\/i0.wp.com\/noticiasribeiraopreto.com.br\/wp-content\/uploads\/2023\/12\/noticiasconcursos.com_.br-governo-confirma-inovacao-idosos-terao-isencao-total-na-conta-de-luz-nesse-estado-confira-conta-de-luz.jpg?fit=922%2C476&ssl=1&resize=350%2C200 1x, https:\/\/i0.wp.com\/noticiasribeiraopreto.com.br\/wp-content\/uploads\/2023\/12\/noticiasconcursos.com_.br-governo-confirma-inovacao-idosos-terao-isencao-total-na-conta-de-luz-nesse-estado-confira-conta-de-luz.jpg?fit=922%2C476&ssl=1&resize=525%2C300 1.5x, https:\/\/i0.wp.com\/noticiasribeiraopreto.com.br\/wp-content\/uploads\/2023\/12\/noticiasconcursos.com_.br-governo-confirma-inovacao-idosos-terao-isencao-total-na-conta-de-luz-nesse-estado-confira-conta-de-luz.jpg?fit=922%2C476&ssl=1&resize=700%2C400 2x"},"classes":[]},{"id":62761,"url":"https:\/\/noticiasribeiraopreto.com.br\/index.php\/2025\/01\/23\/saiba-como-conseguir-desconto-de-50-na-tarifa-de-agua-e-esgoto-em-ribeirao-preto\/","url_meta":{"origin":73566,"position":2},"title":"Saiba como conseguir desconto de 50% na tarifa de \u00e1gua e esgoto em Ribeir\u00e3o Preto","author":"noticiasribeiraopreto.com.br","date":"23 de January de 2025","format":false,"excerpt":"Mais de 40 mil fam\u00edlias em vulnerabilidade social ser\u00e3o beneficiadas com o desconto de 50% no valor da conta de \u00e1gua e esgoto em Ribeir\u00e3o Preto, a partir deste m\u00eas de janeiro. A redu\u00e7\u00e3o do valor da tarifa, de acordo com a Prefeitura, se deve \u00e0 implanta\u00e7\u00e3o da Tarifa Social\u2026","rel":"","context":"In &quot;Not\u00edcias de Ribeir\u00e3o Preto-SP e Regi\u00e3o&quot;","block_context":{"text":"Not\u00edcias de Ribeir\u00e3o Preto-SP e Regi\u00e3o","link":"https:\/\/noticiasribeiraopreto.com.br\/index.php\/category\/noticias-de-ribeirao-preto-sp-e-regiao-ismael-colosi\/"},"img":{"alt_text":"","src":"https:\/\/i0.wp.com\/noticiasribeiraopreto.com.br\/wp-content\/uploads\/2025\/01\/alerta_saerp_1-1024x683.png?fit=1024%2C683&ssl=1&resize=350%2C200","width":350,"height":200,"srcset":"https:\/\/i0.wp.com\/noticiasribeiraopreto.com.br\/wp-content\/uploads\/2025\/01\/alerta_saerp_1-1024x683.png?fit=1024%2C683&ssl=1&resize=350%2C200 1x, https:\/\/i0.wp.com\/noticiasribeiraopreto.com.br\/wp-content\/uploads\/2025\/01\/alerta_saerp_1-1024x683.png?fit=1024%2C683&ssl=1&resize=525%2C300 1.5x, https:\/\/i0.wp.com\/noticiasribeiraopreto.com.br\/wp-content\/uploads\/2025\/01\/alerta_saerp_1-1024x683.png?fit=1024%2C683&ssl=1&resize=700%2C400 2x"},"classes":[]},{"id":50058,"url":"https:\/\/noticiasribeiraopreto.com.br\/index.php\/2024\/05\/14\/bolsa-familia-oferece-auxilio-agua-com-desconto-de-ate-50-para-beneficiarios-saiba-mais\/","url_meta":{"origin":73566,"position":3},"title":"Bolsa Fam\u00edlia oferece Aux\u00edlio-\u00e1gua com desconto de at\u00e9 50% para benefici\u00e1rios; Saiba mais","author":"noticiasribeiraopreto.com.br","date":"14 de May de 2024","format":false,"excerpt":"Em uma situa\u00e7\u00e3o econ\u00f4mica dif\u00edcil, a tarifa social do Bolsa Fam\u00edlia surge como uma medida de grande influ\u00eancia para muitas fam\u00edlias brasileiras. O programa ajuda a aliviar os or\u00e7amentos das fam\u00edlias, garantindo \u00e0s fam\u00edlias de baixa renda acesso essencial a servi\u00e7os de saneamento b\u00e1sico e \u00e1gua pot\u00e1vel, proporcionando descontos significativos\u2026","rel":"","context":"In &quot;Dinheiro e Investimento&quot;","block_context":{"text":"Dinheiro e Investimento","link":"https:\/\/noticiasribeiraopreto.com.br\/index.php\/category\/dinheiro-e-investimento-como-fazer-como-ganhar\/"},"img":{"alt_text":"","src":"https:\/\/i0.wp.com\/noticiasribeiraopreto.com.br\/wp-content\/uploads\/2024\/05\/limited-time.webp.webp?fit=1200%2C630&ssl=1&resize=350%2C200","width":350,"height":200,"srcset":"https:\/\/i0.wp.com\/noticiasribeiraopreto.com.br\/wp-content\/uploads\/2024\/05\/limited-time.webp.webp?fit=1200%2C630&ssl=1&resize=350%2C200 1x, https:\/\/i0.wp.com\/noticiasribeiraopreto.com.br\/wp-content\/uploads\/2024\/05\/limited-time.webp.webp?fit=1200%2C630&ssl=1&resize=525%2C300 1.5x, https:\/\/i0.wp.com\/noticiasribeiraopreto.com.br\/wp-content\/uploads\/2024\/05\/limited-time.webp.webp?fit=1200%2C630&ssl=1&resize=700%2C400 2x, https:\/\/i0.wp.com\/noticiasribeiraopreto.com.br\/wp-content\/uploads\/2024\/05\/limited-time.webp.webp?fit=1200%2C630&ssl=1&resize=1050%2C600 3x"},"classes":[]},{"id":37913,"url":"https:\/\/noticiasribeiraopreto.com.br\/index.php\/2024\/02\/19\/bolsa-familia-beneficiarios-do-programa-ganham-isencao-em-mais-um-pagamento-mensal-confira\/","url_meta":{"origin":73566,"position":4},"title":"Bolsa fam\u00edlia: Benefici\u00e1rios do Programa ganham ISEN\u00c7\u00c3O em mais um pagamento mensal; Confira!","author":"noticiasribeiraopreto.com.br","date":"19 de February de 2024","format":false,"excerpt":"Os chefes de fam\u00edlia que fazem parte do Bolsa Fam\u00edlia podem receber o aux\u00edlio emergencial no bolso ap\u00f3s participarem de determinados programas. Voc\u00ea pode reduzir sua conta de luz mensal em at\u00e9 65%. Para isso, \u00e9 importante estar em um \u00fanico cadastro e utilizar os dados mais atualizados. Quem est\u00e1\u2026","rel":"","context":"In &quot;Dinheiro e Investimento&quot;","block_context":{"text":"Dinheiro e Investimento","link":"https:\/\/noticiasribeiraopreto.com.br\/index.php\/category\/dinheiro-e-investimento-como-fazer-como-ganhar\/"},"img":{"alt_text":"","src":"https:\/\/i0.wp.com\/noticiasribeiraopreto.com.br\/wp-content\/uploads\/2024\/02\/reuniao-semanal-equipe-borcelle.webp.png?fit=1200%2C630&ssl=1&resize=350%2C200","width":350,"height":200,"srcset":"https:\/\/i0.wp.com\/noticiasribeiraopreto.com.br\/wp-content\/uploads\/2024\/02\/reuniao-semanal-equipe-borcelle.webp.png?fit=1200%2C630&ssl=1&resize=350%2C200 1x, https:\/\/i0.wp.com\/noticiasribeiraopreto.com.br\/wp-content\/uploads\/2024\/02\/reuniao-semanal-equipe-borcelle.webp.png?fit=1200%2C630&ssl=1&resize=525%2C300 1.5x, https:\/\/i0.wp.com\/noticiasribeiraopreto.com.br\/wp-content\/uploads\/2024\/02\/reuniao-semanal-equipe-borcelle.webp.png?fit=1200%2C630&ssl=1&resize=700%2C400 2x, https:\/\/i0.wp.com\/noticiasribeiraopreto.com.br\/wp-content\/uploads\/2024\/02\/reuniao-semanal-equipe-borcelle.webp.png?fit=1200%2C630&ssl=1&resize=1050%2C600 3x"},"classes":[]},{"id":54509,"url":"https:\/\/noticiasribeiraopreto.com.br\/index.php\/2024\/07\/11\/bolsa-familia-oferece-auxilio-agua-com-desconto-de-ate-50-para-beneficiarios-saiba-mais-2\/","url_meta":{"origin":73566,"position":5},"title":"Bolsa Fam\u00edlia oferece Aux\u00edlio-\u00e1gua com desconto de at\u00e9 50% para benefici\u00e1rios; Saiba mais","author":"noticiasribeiraopreto.com.br","date":"11 de July de 2024","format":false,"excerpt":"Em uma situa\u00e7\u00e3o econ\u00f4mica dif\u00edcil, a tarifa social do Bolsa Fam\u00edlia surge como uma medida de grande influ\u00eancia para muitas fam\u00edlias brasileiras. O programa ajuda a aliviar os or\u00e7amentos das fam\u00edlias, garantindo \u00e0s fam\u00edlias de baixa renda acesso essencial a servi\u00e7os de saneamento b\u00e1sico e \u00e1gua pot\u00e1vel, proporcionando descontos significativos\u2026","rel":"","context":"In &quot;Dinheiro e Investimento&quot;","block_context":{"text":"Dinheiro e Investimento","link":"https:\/\/noticiasribeiraopreto.com.br\/index.php\/category\/dinheiro-e-investimento-como-fazer-como-ganhar\/"},"img":{"alt_text":"","src":"https:\/\/i0.wp.com\/noticiasribeiraopreto.com.br\/wp-content\/uploads\/2024\/05\/limited-time.webp.webp?fit=1200%2C630&ssl=1&resize=350%2C200","width":350,"height":200,"srcset":"https:\/\/i0.wp.com\/noticiasribeiraopreto.com.br\/wp-content\/uploads\/2024\/05\/limited-time.webp.webp?fit=1200%2C630&ssl=1&resize=350%2C200 1x, https:\/\/i0.wp.com\/noticiasribeiraopreto.com.br\/wp-content\/uploads\/2024\/05\/limited-time.webp.webp?fit=1200%2C630&ssl=1&resize=525%2C300 1.5x, https:\/\/i0.wp.com\/noticiasribeiraopreto.com.br\/wp-content\/uploads\/2024\/05\/limited-time.webp.webp?fit=1200%2C630&ssl=1&resize=700%2C400 2x, https:\/\/i0.wp.com\/noticiasribeiraopreto.com.br\/wp-content\/uploads\/2024\/05\/limited-time.webp.webp?fit=1200%2C630&ssl=1&resize=1050%2C600 3x"},"classes":[]}],"jetpack_sharing_enabled":true,"jetpack_shortlink":"https:\/\/wp.me\/peQAOb-j8y","_links":{"self":[{"href":"https:\/\/noticiasribeiraopreto.com.br\/index.php\/wp-json\/wp\/v2\/posts\/73566","targetHints":{"allow":["GET"]}}],"collection":[{"href":"https:\/\/noticiasribeiraopreto.com.br\/index.php\/wp-json\/wp\/v2\/posts"}],"about":[{"href":"https:\/\/noticiasribeiraopreto.com.br\/index.php\/wp-json\/wp\/v2\/types\/post"}],"author":[{"embeddable":true,"href":"https:\/\/noticiasribeiraopreto.com.br\/index.php\/wp-json\/wp\/v2\/users\/1"}],"replies":[{"embeddable":true,"href":"https:\/\/noticiasribeiraopreto.com.br\/index.php\/wp-json\/wp\/v2\/comments?post=73566"}],"version-history":[{"count":0,"href":"https:\/\/noticiasribeiraopreto.com.br\/index.php\/wp-json\/wp\/v2\/posts\/73566\/revisions"}],"wp:featuredmedia":[{"embeddable":true,"href":"https:\/\/noticiasribeiraopreto.com.br\/index.php\/wp-json\/wp\/v2\/media\/73567"}],"wp:attachment":[{"href":"https:\/\/noticiasribeiraopreto.com.br\/index.php\/wp-json\/wp\/v2\/media?parent=73566"}],"wp:term":[{"taxonomy":"category","embeddable":true,"href":"https:\/\/noticiasribeiraopreto.com.br\/index.php\/wp-json\/wp\/v2\/categories?post=73566"},{"taxonomy":"post_tag","embeddable":true,"href":"https:\/\/noticiasribeiraopreto.com.br\/index.php\/wp-json\/wp\/v2\/tags?post=73566"}],"curies":[{"name":"wp","href":"https:\/\/api.w.org\/{rel}","templated":true}]}}