{"id":73580,"date":"2025-07-05T08:31:53","date_gmt":"2025-07-05T11:31:53","guid":{"rendered":"https:\/\/noticiasribeiraopreto.com.br\/index.php\/2025\/07\/05\/tres-osc-passam-no-edital-do-saica\/"},"modified":"2025-07-05T08:31:53","modified_gmt":"2025-07-05T11:31:53","slug":"tres-osc-passam-no-edital-do-saica","status":"publish","type":"post","link":"https:\/\/noticiasribeiraopreto.com.br\/index.php\/2025\/07\/05\/tres-osc-passam-no-edital-do-saica\/","title":{"rendered":"Tr\u00eas OSC \u2018passam\u2019 no edital do Saica"},"content":{"rendered":"<div class='code-block code-block-1' style='margin: 8px 0 8px auto; text-align: right; display: block; clear: both;'>\n<p><a href=\"https:\/\/wa.link\/vpicfd\"><img data-recalc-dims=\"1\" class=\"wp-image-4922\" style=\"aspect-ratio: 2.0253164556962027; width: 561px; height: auto;\" src=\"https:\/\/i0.wp.com\/ismaelcolosi.com.br\/wp-content\/uploads\/2023\/11\/grupo-de-empregos-whatsapp-e-facebook-ismael-colosi-vagas.jpg?ssl=1\" alt=\"\" \/><\/a><\/p>\n<!-- \/wp:image -->\n<\/div>\n<p> <br \/>\n<\/p>\n<div>\n<p>A prefeitura de Ribeir\u00e3o Preto, por meio da Secretaria Municipal de Assist\u00eancia Social (Semas), divulgou o resultado do edital de chamamento para sele\u00e7\u00e3o de tr\u00eas Organiza\u00e7\u00f5es da Sociedade Civil (OSC) interessadas em administrar o Servi\u00e7o de Acolhimento Institucional para Crian\u00e7as e Adolescentes (Saica). O resultado foi publicado no Di\u00e1rio Oficial do Munic\u00edpio (DOM) de quinta-feira, 3 de julho.<\/p>\n<p>As tr\u00eas propostas classificadas s\u00e3o do Instituto Acolher Assist\u00eancia social com 72,5 pontos; Instituto Evolu\u00e7\u00e3o de Educa\u00e7\u00e3o, Assist\u00eancia Social, Inova\u00e7\u00e3o e Pesquisa, com 60,0; e do Instituto de Desenvolvimento Social e da Cidadania, com 55. Ser\u00e1 aberto prazo para a interposi\u00e7\u00e3o de recursos.<\/p>\n<p>Em 28 de maio, a prefeitura anunciou a transfer\u00eancia da gest\u00e3o do Saica para o terceiro setor. Em junho, a Secretaria Municipal de Assist\u00eancia Social (enviou ao Minist\u00e9rio P\u00fablico de S\u00e3o Paulo (MPSP) um plano de trabalho e de reestrutura\u00e7\u00e3o em cumprimento \u00e0 decis\u00e3o judicial.<\/p>\n<p>O juiz Paulo C\u00e9sar Gentile, da Vara da Inf\u00e2ncia e Juventude de Ribeir\u00e3o Preto, suspendeu por 15 dias, via liminar, novos acolhimentos no Saica, com exce\u00e7\u00e3o a situa\u00e7\u00f5es de \u201cextrema necessidade e urg\u00eancia\u201d, mediante determina\u00e7\u00e3o do Conselho Tutelar.<\/p>\n<p>O Saica fica no bairro Planalto Verde, na Zona Oeste de Ribeir\u00e3o Preto, e tem capacidade para acolher 48 adolescentes e crian\u00e7as com idade de 29 dias a 17 anos, em situa\u00e7\u00e3o de risco social. Al\u00e9m da suspens\u00e3o, a Justi\u00e7a tamb\u00e9m determinou a contrata\u00e7\u00e3o emergencial de educadores e regulariza\u00e7\u00e3o de condi\u00e7\u00f5es estruturais e operacionais no local.<\/p>\n<p>A decis\u00e3o tamb\u00e9m obrigava, em prazo de at\u00e9 dez dias, a regulariza\u00e7\u00e3o dos deslocamentos das crian\u00e7as e adolescentes para a escola, ado\u00e7\u00e3o de servi\u00e7os de sa\u00fade e atividades de contraturno. Tamb\u00e9m foi determinado que, em cinco dias, fosse elaborado um plano de trabalho para que chegue ao fim a atua\u00e7\u00e3o de servidores de outras secretarias no Saica, al\u00e9m de definir uma assistente social para o local nos per\u00edodos matutino e vespertino.<\/p>\n<p>O munic\u00edpio dever\u00e1 contratar cinco educadores at\u00e9 30 de julho de 2025, mais cinco at\u00e9 30 de setembro e outros cinco at\u00e9 30 de novembro de 2025. A decis\u00e3o judicial foi expedida ap\u00f3s a Defensoria P\u00fablica e o Minist\u00e9rio P\u00fablico impetrarem, em 26 de maio, a\u00e7\u00e3o civil p\u00fablica contra a prefeitura de Ribeir\u00e3o Preto.<\/p>\n<p>A prefeitura diz que. desde o in\u00edcio da gest\u00e3o Ricardo Silva (PSD), vem promovendo uma reestrutura\u00e7\u00e3o na institui\u00e7\u00e3o. A administra\u00e7\u00e3o reconhece que, ao longo dos anos e sob gest\u00f5es anteriores, o servi\u00e7o acumulou demandas urgentes. O plano apresentado ao MP \u00e9 in\u00edcio de um projeto de transforma\u00e7\u00e3o e compromisso com a prote\u00e7\u00e3o integral da inf\u00e2ncia e juventude.<\/p>\n<p>O documento contempla a\u00e7\u00f5es emergenciais e estruturantes, com foco na qualifica\u00e7\u00e3o do atendimento, no fortalecimento da equipe t\u00e9cnica e na reorganiza\u00e7\u00e3o da estrutura f\u00edsica e administrativa do servi\u00e7o. As medidas seguem as diretrizes das Orienta\u00e7\u00f5es T\u00e9cnicas para Servi\u00e7os de Acolhimento para Crian\u00e7as e Adolescentes, promovendo a intersetorialidade e a reconstru\u00e7\u00e3o de v\u00ednculos familiares.<\/p>\n<p>Entre os principais pontos, destaca-se a amplia\u00e7\u00e3o da rede de acolhimento, com a implanta\u00e7\u00e3o de tr\u00eas novas unidades do Saica por meio de parcerias com Organiza\u00e7\u00f5es da Sociedade Civil (OSCs). Cada unidade ter\u00e1 capacidade para at\u00e9 20 acolhidos, totalizando 60 vagas.<\/p>\n<p>Para refor\u00e7ar a equipe t\u00e9cnica, duas novas assistentes sociais iniciaram suas atividades e, em 9 de junho, 14 profissionais de enfermagem, divididas em turnos, foram realocadas para a institui\u00e7\u00e3o, em parceria com a Secretaria Municipal da Sa\u00fade. O plano tamb\u00e9m prev\u00ea a contrata\u00e7\u00e3o escalonada de educadores sociais, 15 no total.<\/p>\n<p>Na a\u00e7\u00e3o, Defensoria e MP pedem a interdi\u00e7\u00e3o parcial do Saica. Os dois \u00f3rg\u00e3os detectaram epis\u00f3dios recorrentes de viol\u00eancia f\u00edsica, casos de abuso sexual envolvendo os acolhidos e irregularidades, como falta de profissionais qualificados no atendimento, superlota\u00e7\u00e3o e precariedade das instala\u00e7\u00f5es.<\/p>\n<p>Segundo a den\u00fancia, entre as irregularidades est\u00e3o falta de profissionais qualificados e em n\u00famero suficiente, epis\u00f3dios recorrentes de viol\u00eancia f\u00edsica e sexual entre acolhidos, descumprimento de determina\u00e7\u00f5es judiciais, superlota\u00e7\u00e3o e inadequa\u00e7\u00e3o dos espa\u00e7os f\u00edsicos.<\/p>\n<p>Dizem que h\u00e1 quartos e banheiros em desacordo com as normas t\u00e9cnicas, omiss\u00e3o do poder p\u00fablico na manuten\u00e7\u00e3o do im\u00f3vel, falta de atividades educativas, de lazer e acompanhamento m\u00e9dico regular e exist\u00eancia de rem\u00e9dios vencidos, aus\u00eancia de separa\u00e7\u00e3o de itens pessoais e crian\u00e7as dormindo no ch\u00e3o por falta de camas.<\/p>\n<\/div>\n<p><br \/>\n<br \/><a href=\"https:\/\/www.tribunaribeirao.com.br\/tres-osc-passam-no-edital-do-saica\/\">Source link <\/a><\/p>\n<!-- CONTENT END 1 -->\n","protected":false},"excerpt":{"rendered":"<p>A prefeitura de Ribeir\u00e3o Preto, por meio da Secretaria Municipal de Assist\u00eancia Social (Semas), divulgou o resultado do edital de chamamento para sele\u00e7\u00e3o de tr\u00eas&#8230;<\/p>\n","protected":false},"author":1,"featured_media":73581,"comment_status":"open","ping_status":"open","sticky":false,"template":"","format":"standard","meta":{"advanced_seo_description":"","jetpack_seo_html_title":"","jetpack_seo_noindex":false,"jetpack_post_was_ever_published":false,"_jetpack_newsletter_access":"","_jetpack_dont_email_post_to_subs":false,"_jetpack_newsletter_tier_id":0,"_jetpack_memberships_contains_paywalled_content":false,"_jetpack_memberships_contains_paid_content":false,"footnotes":"","jetpack_publicize_message":"","jetpack_publicize_feature_enabled":true,"jetpack_social_post_already_shared":true,"jetpack_social_options":{"image_generator_settings":{"template":"highway","default_image_id":0,"font":"","enabled":false},"version":2}},"categories":[11],"tags":[],"class_list":["post-73580","post","type-post","status-publish","format-standard","has-post-thumbnail","hentry","category-noticias-de-ribeirao-preto-sp-e-regiao-ismael-colosi"],"jetpack_publicize_connections":[],"jetpack_featured_media_url":"https:\/\/i0.wp.com\/noticiasribeiraopreto.com.br\/wp-content\/uploads\/2025\/07\/Saica-Alfredo-Risk.jpg?fit=1440%2C750&ssl=1","jetpack-related-posts":[{"id":73917,"url":"https:\/\/noticiasribeiraopreto.com.br\/index.php\/2025\/07\/12\/saica-tera-triplice-gestao-tribuna-ribeirao\/","url_meta":{"origin":73580,"position":0},"title":"Saica ter\u00e1 tr\u00edplice gest\u00e3o &#8211; Tribuna Ribeir\u00e3o","author":"noticiasribeiraopreto.com.br","date":"12 de July de 2025","format":false,"excerpt":"A prefeitura de Ribeir\u00e3o Preto, por meio da Secretaria Municipal de Assist\u00eancia Social (Semas), divulgou o resultado final do chamamento para sele\u00e7\u00e3o de tr\u00eas Organiza\u00e7\u00f5es da Sociedade Civil (OSC) interessadas em administrar o Servi\u00e7o de Acolhimento Institucional para Crian\u00e7as e Adolescentes (Saica). O resultado foi publicado no Di\u00e1rio Oficial do\u2026","rel":"","context":"In &quot;Not\u00edcias de Ribeir\u00e3o Preto-SP e Regi\u00e3o&quot;","block_context":{"text":"Not\u00edcias de Ribeir\u00e3o Preto-SP e Regi\u00e3o","link":"https:\/\/noticiasribeiraopreto.com.br\/index.php\/category\/noticias-de-ribeirao-preto-sp-e-regiao-ismael-colosi\/"},"img":{"alt_text":"","src":"https:\/\/i0.wp.com\/noticiasribeiraopreto.com.br\/wp-content\/uploads\/2025\/07\/Saica-Alfredo-Risk-1-scaled.jpg?fit=800%2C417&ssl=1&resize=350%2C200","width":350,"height":200,"srcset":"https:\/\/i0.wp.com\/noticiasribeiraopreto.com.br\/wp-content\/uploads\/2025\/07\/Saica-Alfredo-Risk-1-scaled.jpg?fit=800%2C417&ssl=1&resize=350%2C200 1x, https:\/\/i0.wp.com\/noticiasribeiraopreto.com.br\/wp-content\/uploads\/2025\/07\/Saica-Alfredo-Risk-1-scaled.jpg?fit=800%2C417&ssl=1&resize=525%2C300 1.5x, https:\/\/i0.wp.com\/noticiasribeiraopreto.com.br\/wp-content\/uploads\/2025\/07\/Saica-Alfredo-Risk-1-scaled.jpg?fit=800%2C417&ssl=1&resize=700%2C400 2x"},"classes":[]},{"id":70615,"url":"https:\/\/noticiasribeiraopreto.com.br\/index.php\/2025\/05\/28\/depois-de-acao-do-mp-e-da-defensoria-publica-ribeirao-anuncia-reestruturacao-no-saica\/","url_meta":{"origin":73580,"position":1},"title":"Depois de a\u00e7\u00e3o do MP e da Defensoria P\u00fablica, Ribeir\u00e3o anuncia reestrutura\u00e7\u00e3o no Saica","author":"noticiasribeiraopreto.com.br","date":"28 de May de 2025","format":false,"excerpt":"Ap\u00f3s a\u00e7\u00e3o da Defensoria P\u00fablica e do MP-SP (Minist\u00e9rio P\u00fablico de S\u00e3o Paulo), a Prefeitura de Ribeir\u00e3o Preto anunciou a reestrutura\u00e7\u00e3o do Saica (Servi\u00e7o de Acolhimento Institucional). O \u00f3rg\u00e3o \u00e9 voltado para atendimento de crian\u00e7as e adolescentes e tem passado por den\u00fancias de irregularidades. Segundo a Administra\u00e7\u00e3o Municipal, ser\u00e1 publicado\u2026","rel":"","context":"In &quot;Not\u00edcias de Ribeir\u00e3o Preto-SP e Regi\u00e3o&quot;","block_context":{"text":"Not\u00edcias de Ribeir\u00e3o Preto-SP e Regi\u00e3o","link":"https:\/\/noticiasribeiraopreto.com.br\/index.php\/category\/noticias-de-ribeirao-preto-sp-e-regiao-ismael-colosi\/"},"img":{"alt_text":"","src":"https:\/\/i0.wp.com\/noticiasribeiraopreto.com.br\/wp-content\/uploads\/2025\/05\/WhatsApp-Image-2025-05-26-at-18.31.47_2025-05-26_21-32-45.webp.webp?fit=1200%2C847&ssl=1&resize=350%2C200","width":350,"height":200,"srcset":"https:\/\/i0.wp.com\/noticiasribeiraopreto.com.br\/wp-content\/uploads\/2025\/05\/WhatsApp-Image-2025-05-26-at-18.31.47_2025-05-26_21-32-45.webp.webp?fit=1200%2C847&ssl=1&resize=350%2C200 1x, https:\/\/i0.wp.com\/noticiasribeiraopreto.com.br\/wp-content\/uploads\/2025\/05\/WhatsApp-Image-2025-05-26-at-18.31.47_2025-05-26_21-32-45.webp.webp?fit=1200%2C847&ssl=1&resize=525%2C300 1.5x, https:\/\/i0.wp.com\/noticiasribeiraopreto.com.br\/wp-content\/uploads\/2025\/05\/WhatsApp-Image-2025-05-26-at-18.31.47_2025-05-26_21-32-45.webp.webp?fit=1200%2C847&ssl=1&resize=700%2C400 2x, https:\/\/i0.wp.com\/noticiasribeiraopreto.com.br\/wp-content\/uploads\/2025\/05\/WhatsApp-Image-2025-05-26-at-18.31.47_2025-05-26_21-32-45.webp.webp?fit=1200%2C847&ssl=1&resize=1050%2C600 3x"},"classes":[]},{"id":83354,"url":"https:\/\/noticiasribeiraopreto.com.br\/index.php\/2026\/03\/17\/legislativo-quer-destinar-r-500-mil-para-o-saica\/","url_meta":{"origin":73580,"position":2},"title":"Legislativo quer destinar \u2028R$ 500 mil para o Saica","author":"noticiasribeiraopreto.com.br","date":"17 de March de 2026","format":false,"excerpt":"Servi\u00e7o de Acolhimento Institucional para Crian\u00e7as e Adolescentes, do bairro Planalto Verde, que foi interditado por determina\u00e7\u00e3o da Justi\u00e7a por problemas estruturais A C\u00e2mara de Vereadores pretende destinar R$ 500 mil para a prefeitura de Ribeir\u00e3o Preto promover obras de reforma e readequa\u00e7\u00e3o no pr\u00e9dio do Servi\u00e7o de Acolhimento Institucional\u2026","rel":"","context":"In &quot;Not\u00edcias de Ribeir\u00e3o Preto-SP e Regi\u00e3o&quot;","block_context":{"text":"Not\u00edcias de Ribeir\u00e3o Preto-SP e Regi\u00e3o","link":"https:\/\/noticiasribeiraopreto.com.br\/index.php\/category\/noticias-de-ribeirao-preto-sp-e-regiao-ismael-colosi\/"},"img":{"alt_text":"","src":"https:\/\/i0.wp.com\/noticiasribeiraopreto.com.br\/wp-content\/uploads\/2026\/03\/Saica-Sai-Alfredo-Risk-scaled.jpg?fit=1200%2C625&ssl=1&resize=350%2C200","width":350,"height":200,"srcset":"https:\/\/i0.wp.com\/noticiasribeiraopreto.com.br\/wp-content\/uploads\/2026\/03\/Saica-Sai-Alfredo-Risk-scaled.jpg?fit=1200%2C625&ssl=1&resize=350%2C200 1x, https:\/\/i0.wp.com\/noticiasribeiraopreto.com.br\/wp-content\/uploads\/2026\/03\/Saica-Sai-Alfredo-Risk-scaled.jpg?fit=1200%2C625&ssl=1&resize=525%2C300 1.5x, https:\/\/i0.wp.com\/noticiasribeiraopreto.com.br\/wp-content\/uploads\/2026\/03\/Saica-Sai-Alfredo-Risk-scaled.jpg?fit=1200%2C625&ssl=1&resize=700%2C400 2x, https:\/\/i0.wp.com\/noticiasribeiraopreto.com.br\/wp-content\/uploads\/2026\/03\/Saica-Sai-Alfredo-Risk-scaled.jpg?fit=1200%2C625&ssl=1&resize=1050%2C600 3x"},"classes":[]},{"id":71099,"url":"https:\/\/noticiasribeiraopreto.com.br\/index.php\/2025\/06\/02\/justica-suspende-acolhimentos-no-saica-em-ribeirao-preto-por-irregularidades\/","url_meta":{"origin":73580,"position":3},"title":"Justi\u00e7a suspende acolhimentos no Saica em Ribeir\u00e3o Preto por irregularidades","author":"noticiasribeiraopreto.com.br","date":"2 de June de 2025","format":false,"excerpt":"A Vara da Inf\u00e2ncia e Juventude de Ribeir\u00e3o Preto determinou, por meio de liminar concedida na \u00faltima sexta-feira (30), a suspens\u00e3o de novos acolhimentos por parte do Saica (Servi\u00e7o de Acolhimento Institucional de Crian\u00e7as e Adolescentes). A decis\u00e3o ocorre ap\u00f3s uma a\u00e7\u00e3o civil p\u00fablica movida pela Defensoria P\u00fablica e pelo\u2026","rel":"","context":"In &quot;Not\u00edcias de Ribeir\u00e3o Preto-SP e Regi\u00e3o&quot;","block_context":{"text":"Not\u00edcias de Ribeir\u00e3o Preto-SP e Regi\u00e3o","link":"https:\/\/noticiasribeiraopreto.com.br\/index.php\/category\/noticias-de-ribeirao-preto-sp-e-regiao-ismael-colosi\/"},"img":{"alt_text":"","src":"https:\/\/i0.wp.com\/noticiasribeiraopreto.com.br\/wp-content\/uploads\/2025\/05\/WhatsApp-Image-2025-05-26-at-18.31.47_2025-05-26_21-32-45.webp.webp?fit=1200%2C847&ssl=1&resize=350%2C200","width":350,"height":200,"srcset":"https:\/\/i0.wp.com\/noticiasribeiraopreto.com.br\/wp-content\/uploads\/2025\/05\/WhatsApp-Image-2025-05-26-at-18.31.47_2025-05-26_21-32-45.webp.webp?fit=1200%2C847&ssl=1&resize=350%2C200 1x, https:\/\/i0.wp.com\/noticiasribeiraopreto.com.br\/wp-content\/uploads\/2025\/05\/WhatsApp-Image-2025-05-26-at-18.31.47_2025-05-26_21-32-45.webp.webp?fit=1200%2C847&ssl=1&resize=525%2C300 1.5x, https:\/\/i0.wp.com\/noticiasribeiraopreto.com.br\/wp-content\/uploads\/2025\/05\/WhatsApp-Image-2025-05-26-at-18.31.47_2025-05-26_21-32-45.webp.webp?fit=1200%2C847&ssl=1&resize=700%2C400 2x, https:\/\/i0.wp.com\/noticiasribeiraopreto.com.br\/wp-content\/uploads\/2025\/05\/WhatsApp-Image-2025-05-26-at-18.31.47_2025-05-26_21-32-45.webp.webp?fit=1200%2C847&ssl=1&resize=1050%2C600 3x"},"classes":[]},{"id":71453,"url":"https:\/\/noticiasribeiraopreto.com.br\/index.php\/2025\/06\/06\/prefeitura-entrega-plano-do-saica-ao-mp\/","url_meta":{"origin":73580,"position":4},"title":"Prefeitura entrega plano do Saica ao MP","author":"noticiasribeiraopreto.com.br","date":"6 de June de 2025","format":false,"excerpt":"A prefeitura de Ribeir\u00e3o Preto, por meio da Secretaria Municipal de Assist\u00eancia Social (Semas), enviou ao Minist\u00e9rio P\u00fablico de S\u00e3o Paulo (MPSP) um plano de trabalho e de reestrutura\u00e7\u00e3o em cumprimento \u00e0 decis\u00e3o judicial referente ao Servi\u00e7o de Acolhimento Institucional para Crian\u00e7as e Adolescentes (Saica). Nesta semana, o juiz Paulo\u2026","rel":"","context":"In &quot;Not\u00edcias de Ribeir\u00e3o Preto-SP e Regi\u00e3o&quot;","block_context":{"text":"Not\u00edcias de Ribeir\u00e3o Preto-SP e Regi\u00e3o","link":"https:\/\/noticiasribeiraopreto.com.br\/index.php\/category\/noticias-de-ribeirao-preto-sp-e-regiao-ismael-colosi\/"},"img":{"alt_text":"","src":"https:\/\/i0.wp.com\/noticiasribeiraopreto.com.br\/wp-content\/uploads\/2025\/06\/Saica-Alfredo-Risk-scaled.jpg?fit=800%2C417&ssl=1&resize=350%2C200","width":350,"height":200,"srcset":"https:\/\/i0.wp.com\/noticiasribeiraopreto.com.br\/wp-content\/uploads\/2025\/06\/Saica-Alfredo-Risk-scaled.jpg?fit=800%2C417&ssl=1&resize=350%2C200 1x, https:\/\/i0.wp.com\/noticiasribeiraopreto.com.br\/wp-content\/uploads\/2025\/06\/Saica-Alfredo-Risk-scaled.jpg?fit=800%2C417&ssl=1&resize=525%2C300 1.5x, https:\/\/i0.wp.com\/noticiasribeiraopreto.com.br\/wp-content\/uploads\/2025\/06\/Saica-Alfredo-Risk-scaled.jpg?fit=800%2C417&ssl=1&resize=700%2C400 2x"},"classes":[]},{"id":71145,"url":"https:\/\/noticiasribeiraopreto.com.br\/index.php\/2025\/06\/03\/justica-suspende-novos-acolhimentos-no-saica\/","url_meta":{"origin":73580,"position":5},"title":"Justi\u00e7a suspende novos acolhimentos no Saica\u00a0","author":"noticiasribeiraopreto.com.br","date":"3 de June de 2025","format":false,"excerpt":"3 de junho de 2025 08:302 de junho de 2025 19:422 Compartilhar0 O juiz Paulo C\u00e9sar Gentile, da Vara da Inf\u00e2ncia e Juventude de Ribeir\u00e3o Preto, suspendeu por meio de liminar novos acolhimentos no Servi\u00e7o de Acolhimento Institucional de Crian\u00e7as e Adolescentes (Saica). A proibi\u00e7\u00e3o valer\u00e1 pelos pr\u00f3ximos 15 dias,\u2026","rel":"","context":"In &quot;Not\u00edcias de Ribeir\u00e3o Preto-SP e Regi\u00e3o&quot;","block_context":{"text":"Not\u00edcias de Ribeir\u00e3o Preto-SP e Regi\u00e3o","link":"https:\/\/noticiasribeiraopreto.com.br\/index.php\/category\/noticias-de-ribeirao-preto-sp-e-regiao-ismael-colosi\/"},"img":{"alt_text":"","src":"https:\/\/i0.wp.com\/noticiasribeiraopreto.com.br\/wp-content\/uploads\/2025\/06\/Saica-Alfredo-Risk-1.jpg?fit=1200%2C625&ssl=1&resize=350%2C200","width":350,"height":200,"srcset":"https:\/\/i0.wp.com\/noticiasribeiraopreto.com.br\/wp-content\/uploads\/2025\/06\/Saica-Alfredo-Risk-1.jpg?fit=1200%2C625&ssl=1&resize=350%2C200 1x, https:\/\/i0.wp.com\/noticiasribeiraopreto.com.br\/wp-content\/uploads\/2025\/06\/Saica-Alfredo-Risk-1.jpg?fit=1200%2C625&ssl=1&resize=525%2C300 1.5x, https:\/\/i0.wp.com\/noticiasribeiraopreto.com.br\/wp-content\/uploads\/2025\/06\/Saica-Alfredo-Risk-1.jpg?fit=1200%2C625&ssl=1&resize=700%2C400 2x, https:\/\/i0.wp.com\/noticiasribeiraopreto.com.br\/wp-content\/uploads\/2025\/06\/Saica-Alfredo-Risk-1.jpg?fit=1200%2C625&ssl=1&resize=1050%2C600 3x"},"classes":[]}],"jetpack_sharing_enabled":true,"jetpack_shortlink":"https:\/\/wp.me\/peQAOb-j8M","_links":{"self":[{"href":"https:\/\/noticiasribeiraopreto.com.br\/index.php\/wp-json\/wp\/v2\/posts\/73580","targetHints":{"allow":["GET"]}}],"collection":[{"href":"https:\/\/noticiasribeiraopreto.com.br\/index.php\/wp-json\/wp\/v2\/posts"}],"about":[{"href":"https:\/\/noticiasribeiraopreto.com.br\/index.php\/wp-json\/wp\/v2\/types\/post"}],"author":[{"embeddable":true,"href":"https:\/\/noticiasribeiraopreto.com.br\/index.php\/wp-json\/wp\/v2\/users\/1"}],"replies":[{"embeddable":true,"href":"https:\/\/noticiasribeiraopreto.com.br\/index.php\/wp-json\/wp\/v2\/comments?post=73580"}],"version-history":[{"count":0,"href":"https:\/\/noticiasribeiraopreto.com.br\/index.php\/wp-json\/wp\/v2\/posts\/73580\/revisions"}],"wp:featuredmedia":[{"embeddable":true,"href":"https:\/\/noticiasribeiraopreto.com.br\/index.php\/wp-json\/wp\/v2\/media\/73581"}],"wp:attachment":[{"href":"https:\/\/noticiasribeiraopreto.com.br\/index.php\/wp-json\/wp\/v2\/media?parent=73580"}],"wp:term":[{"taxonomy":"category","embeddable":true,"href":"https:\/\/noticiasribeiraopreto.com.br\/index.php\/wp-json\/wp\/v2\/categories?post=73580"},{"taxonomy":"post_tag","embeddable":true,"href":"https:\/\/noticiasribeiraopreto.com.br\/index.php\/wp-json\/wp\/v2\/tags?post=73580"}],"curies":[{"name":"wp","href":"https:\/\/api.w.org\/{rel}","templated":true}]}}